{"id":37286,"date":"2025-11-28T10:00:00","date_gmt":"2025-11-28T10:00:00","guid":{"rendered":"https:\/\/www.rafanadalacademy.com\/unkategorisiert\/martin-landaluce-wird-an-den-next-gen-atp-finals-teilnehmen-und-tritt-damit-in-die-fussstapfen-von-munar-ruud-und-shelbayh\/"},"modified":"2025-12-02T09:39:30","modified_gmt":"2025-12-02T09:39:30","slug":"martin-landaluce-wird-an-den-next-gen-atp-finals-teilnehmen-und-tritt-damit-in-die-fussstapfen-von-munar-ruud-und-shelbayh","status":"publish","type":"post","link":"https:\/\/www.rafanadalacademy.com\/de\/rafa-nadal-academy-von-movistar\/martin-landaluce-wird-an-den-next-gen-atp-finals-teilnehmen-und-tritt-damit-in-die-fussstapfen-von-munar-ruud-und-shelbayh\/","title":{"rendered":"Martin Landaluce wird an den Next Gen ATP Finals teilnehmen und tritt damit in die Fu\u00dfstapfen von Munar, Ruud und Shelbayh"},"content":{"rendered":"\n<p>Nachdem er in der Ausgabe von 2024 Ersatzspieler war, wird <strong>Martin Landaluce<\/strong> sein offizielles Deb\u00fct bei den <strong>Next Gen ATP Finals 2025<\/strong> geben, dem Turnier, das die acht besten Tennisspieler unter 21 Jahren der Saison zusammenbringt.<\/p>\n\n<figure class=\"wp-block-image size-large\"><img decoding=\"async\" src=\"https:\/\/www.rafanadalacademy.com\/wp-content\/uploads\/2025\/11\/Martin-Landuce-en-la-pista-central-de-la-Rafa-Nadal-Academy-1024x665.png\" alt=\"\" class=\"wp-image-37262\"\/><figcaption class=\"wp-element-caption\">Mart\u00edn Landaluce auf dem Hauptplatz der Rafa Nadal Academy<\/figcaption><\/figure>\n\n<div style=\"height:30px\" aria-hidden=\"true\" class=\"wp-block-spacer\"><\/div>\n\n<p>Der Madrilene wird damit zum <strong>vierten Spieler, der in der<\/strong> <strong>Rafa Nadal Academy<\/strong> ausgebildet wurde, der an diesem prestigetr\u00e4chtigen Event teilnimmt, und tritt damit in die Fu\u00dfstapfen von <strong>Abdullah Shelbayh (2023)<\/strong>, <strong>Casper Ruud<\/strong> <strong>(2019)<\/strong> und <strong>Jaume Munar<\/strong>, der 2017 in der ersten Ausgabe in Mailand das Halbfinale erreichte.<\/p>\n\n<p>Mit 19 Jahren erreicht Landaluce den Termin nach einer Saison des Wachstums und sehr soliden Ergebnissen: Er gewann das <strong>Challenger-Turnier von Orleans (Frankreich)<\/strong>, war <strong>Halbfinalist in Olbia<\/strong>, <strong>\u00fcberstand die Qualifikationsrunde der Australian Open<\/strong> und erreichte die <strong>zweite Runde des Masters 1.000 von Cincinnati<\/strong>. Im letzten Teil des Jahres wiederholte er seine Teilnahme am <strong>Halbfinale<\/strong> sowohl beim <strong>Challenger von Canberra<\/strong> \u2013 dem ersten von 2025 \u2013 als auch beim <strong>Villena<\/strong>, dem letzten, das ausgetragen wurde.  <\/p>\n\n<p>\u201eSich f\u00fcr die Next Gen zu qualifizieren, bedeutet, zu den besten Spielern unter 20 Jahren zu geh\u00f6ren. Es best\u00e4tigt, dass wir seit Jahren sehr gute Arbeit leisten, vor allem in diesem Jahr, in dem wir uns sehr angestrengt haben. Es wird ein ganz besonderes Turnier. Ich kenne die meisten und wir werden eine tolle Zeit haben. Ich hoffe, es wird ein sehr sch\u00f6nes Turnier, bei dem ich viel k\u00e4mpfen und versuchen kann, mein Bestes zu geben. Wir sind alle in sehr guter Form, in einer sehr guten Linie und ich hoffe, dass es Spiele dieser Gr\u00f6\u00dfenordnung geben wird\u201c, sagte Landaluce gegen\u00fcber den Medien der Rafa Nadal Academy.<\/p>\n\n<div style=\"height:30px\" aria-hidden=\"true\" class=\"wp-block-spacer\"><\/div>\n\n<figure class=\"wp-block-image size-large\"><img loading=\"lazy\" decoding=\"async\" width=\"1024\" height=\"682\" src=\"https:\/\/www.rafanadalacademy.com\/wp-content\/uploads\/2025\/09\/Imagen-de-WhatsApp-2025-09-29-a-las-11.54.03_4452a2c8-1024x682.jpg\" alt=\"\" class=\"wp-image-33453\" srcset=\"https:\/\/www.rafanadalacademy.com\/wp-content\/uploads\/2025\/09\/Imagen-de-WhatsApp-2025-09-29-a-las-11.54.03_4452a2c8-1024x682.jpg 1024w, https:\/\/www.rafanadalacademy.com\/wp-content\/uploads\/2025\/09\/Imagen-de-WhatsApp-2025-09-29-a-las-11.54.03_4452a2c8-300x200.jpg 300w, https:\/\/www.rafanadalacademy.com\/wp-content\/uploads\/2025\/09\/Imagen-de-WhatsApp-2025-09-29-a-las-11.54.03_4452a2c8-768x512.jpg 768w, https:\/\/www.rafanadalacademy.com\/wp-content\/uploads\/2025\/09\/Imagen-de-WhatsApp-2025-09-29-a-las-11.54.03_4452a2c8-1536x1023.jpg 1536w, https:\/\/www.rafanadalacademy.com\/wp-content\/uploads\/2025\/09\/Imagen-de-WhatsApp-2025-09-29-a-las-11.54.03_4452a2c8.jpg 1600w\" sizes=\"auto, (max-width: 1024px) 100vw, 1024px\" \/><figcaption class=\"wp-element-caption\">Mart\u00edn Landaluce mit der Troph\u00e4e des ATP Challenger-Champions von Orleans (Foto: Philippe Montigny)<\/figcaption><\/figure>\n\n<div style=\"height:30px\" aria-hidden=\"true\" class=\"wp-block-spacer\"><\/div>\n\n<p><strong>Mart\u00edn Landaluce<\/strong> hat sich als einer der gro\u00dfen Namen etabliert, die es im spanischen Tennis zu verfolgen gilt. Sein Durchbruch auf der internationalen B\u00fchne erfolgte <g id=\"gid_1\">2022<\/g>, als er <g id=\"gid_2\">Junioren-Champion der US Open<\/g> wurde, eines der 13 von Spielern der Akademie gewonnenen <g id=\"gid_3\">Majors<\/g>. Nur ein Jahr sp\u00e4ter erreichte er die <strong>Nummer eins der ITF-Junioren-Rangliste<\/strong> und best\u00e4tigte damit seinen Platz unter den vielversprechendsten Talenten der Welttour.  <\/p>\n\n<p>Unter der Leitung von <strong>Esteban Carril und \u00d3scar Burrieza<\/strong> feilt Landaluce weiterhin an einem kompletten und vielseitigen Stil mit einer f\u00fcr sein Alter ungew\u00f6hnlichen Reife. Seine Trainer und Rivalen heben seine <g id=\"gid_1\">taktische Intelligenz<\/g> und <g id=\"gid_2\">mentale St\u00e4rke<\/g> hervor. Als bekennender Bewunderer von <strong>Rafa Nadal<\/strong> m\u00f6chte er seinem Beispiel nicht nur in den Ergebnissen folgen, sondern auch in der <strong>Professionalit\u00e4t, dem Fokus und den Werten<\/strong>, die Champions auszeichnen.  <\/p>\n\n<p>Die <strong>Next Gen ATP Finals<\/strong>, die in <strong>Dschidda (Saudi-Arabien)<\/strong> stattfinden, behalten ihr innovatives Format mit Spielen im Best-of-Five-Satz-Format, <em>No-Ad-Scoring<\/em>, elektronischer \u00dcberpr\u00fcfung <em>Hawk-Eye Live<\/em> und Bewegungsfreiheit f\u00fcr das Publikum bei, in einem Engagement der ATP, neue Generationen von Fans anzuziehen.<\/p>\n\n<p>In seiner Erfolgsliste stehen Namen, die heute in der Szene gl\u00e4nzen, wie <strong>Carlos Alcaraz<\/strong> (Champion im Jahr 2021), <strong>Jannik Sinner<\/strong>, <strong>Stefanos Tsitsipas<\/strong> oder <strong>Brandon Nakashima<\/strong>, die alle in fr\u00fcheren Ausgaben Champions waren.<\/p>\n\n<div style=\"height:30px\" aria-hidden=\"true\" class=\"wp-block-spacer\"><\/div>\n\n<figure class=\"wp-block-embed is-type-video is-provider-youtube wp-block-embed-youtube wp-embed-aspect-16-9 wp-has-aspect-ratio\"><div class=\"wp-block-embed__wrapper\">\n<iframe loading=\"lazy\" title=\"Rafa Nadal Academy: Tennis &amp; Values\" width=\"500\" height=\"281\" src=\"https:\/\/www.youtube.com\/embed\/F71onMy-MeU?feature=oembed\" frameborder=\"0\" allow=\"accelerometer; autoplay; clipboard-write; encrypted-media; gyroscope; picture-in-picture; web-share\" referrerpolicy=\"strict-origin-when-cross-origin\" allowfullscreen><\/iframe>\n<\/div><\/figure>\n\n<div style=\"height:30px\" aria-hidden=\"true\" class=\"wp-block-spacer\"><\/div>\n\n<p><\/p>\n","protected":false},"excerpt":{"rendered":"<p>Nachdem er in der Ausgabe von 2024 Ersatzspieler war, wird Martin Landaluce sein offizielles Deb\u00fct bei den Next Gen ATP Finals 2025 geben, dem Turnier, das die acht besten Tennisspieler unter 21 Jahren der Saison zusammenbringt. Der Madrilene wird damit zum vierten Spieler, der in der Rafa Nadal Academy ausgebildet wurde, der an diesem prestigetr\u00e4chtigen<a href=\"https:\/\/www.rafanadalacademy.com\/de\/rafa-nadal-academy-von-movistar\/martin-landaluce-wird-an-den-next-gen-atp-finals-teilnehmen-und-tritt-damit-in-die-fussstapfen-von-munar-ruud-und-shelbayh\/\">Continue reading <span class=\"sr-only\">&#8220;Martin Landaluce wird an den Next Gen ATP Finals teilnehmen und tritt damit in die Fu\u00dfstapfen von Munar, Ruud und Shelbayh&#8221;<\/span><\/a><\/p>\n","protected":false},"author":23,"featured_media":37266,"comment_status":"closed","ping_status":"closed","sticky":false,"template":"","format":"standard","meta":{"_acf_changed":false,"footnotes":""},"categories":[159,203],"tags":[204],"class_list":["post-37286","post","type-post","status-publish","format-standard","has-post-thumbnail","hentry","category-nachricht","category-rafa-nadal-academy-von-movistar","tag-rafa-nadal-academy-von-movistar"],"acf":[],"yoast_head":"<!-- This site is optimized with the Yoast SEO Premium plugin v26.8 (Yoast SEO v26.9) - https:\/\/yoast.com\/product\/yoast-seo-premium-wordpress\/ -->\n<title>Martin Landaluce wird an den Next Gen ATP Finals teilnehmen und tritt damit in die Fu\u00dfstapfen von Munar, Ruud und Shelbayh - Rafa Nadal Academy<\/title>\n<meta name=\"description\" content=\"Martin Landaluce wird sein Deb\u00fct bei den Next Gen ATP Finals 2025 geben, dem Turnier, das die acht besten Tennisspieler unter 21 Jahren der Saison zusammenbringt.\" \/>\n<meta name=\"robots\" content=\"index, follow, max-snippet:-1, max-image-preview:large, max-video-preview:-1\" \/>\n<link rel=\"canonical\" href=\"https:\/\/www.rafanadalacademy.com\/de\/rafa-nadal-academy-von-movistar\/martin-landaluce-wird-an-den-next-gen-atp-finals-teilnehmen-und-tritt-damit-in-die-fussstapfen-von-munar-ruud-und-shelbayh\/\" \/>\n<meta property=\"og:locale\" content=\"de_DE\" \/>\n<meta property=\"og:type\" content=\"article\" \/>\n<meta property=\"og:title\" content=\"Martin Landaluce wird an den Next Gen ATP Finals teilnehmen und tritt damit in die Fu\u00dfstapfen von Munar, Ruud und Shelbayh\" \/>\n<meta property=\"og:description\" content=\"Martin Landaluce wird sein Deb\u00fct bei den Next Gen ATP Finals 2025 geben, dem Turnier, das die acht besten Tennisspieler unter 21 Jahren der Saison zusammenbringt.\" \/>\n<meta property=\"og:url\" content=\"https:\/\/www.rafanadalacademy.com\/de\/rafa-nadal-academy-von-movistar\/martin-landaluce-wird-an-den-next-gen-atp-finals-teilnehmen-und-tritt-damit-in-die-fussstapfen-von-munar-ruud-und-shelbayh\/\" \/>\n<meta property=\"og:site_name\" content=\"Rafa Nadal Academy\" \/>\n<meta property=\"article:published_time\" content=\"2025-11-28T10:00:00+00:00\" \/>\n<meta property=\"article:modified_time\" content=\"2025-12-02T09:39:30+00:00\" \/>\n<meta property=\"og:image\" content=\"https:\/\/www.rafanadalacademy.com\/wp-content\/uploads\/2025\/11\/Martin-Landuce-en-la-pista-central-de-la-Rafa-Nadal-Academy-e1764336831659.png\" \/>\n\t<meta property=\"og:image:width\" content=\"1332\" \/>\n\t<meta property=\"og:image:height\" content=\"865\" \/>\n\t<meta property=\"og:image:type\" content=\"image\/png\" \/>\n<meta name=\"author\" content=\"joseluisprados\" \/>\n<meta name=\"twitter:card\" content=\"summary_large_image\" \/>\n<meta name=\"twitter:label1\" content=\"Written by\" \/>\n\t<meta name=\"twitter:data1\" content=\"joseluisprados\" \/>\n\t<meta name=\"twitter:label2\" content=\"Est. reading time\" \/>\n\t<meta name=\"twitter:data2\" content=\"3 minutes\" \/>\n<script type=\"application\/ld+json\" class=\"yoast-schema-graph\">{\"@context\":\"https:\/\/schema.org\",\"@graph\":[{\"@type\":\"Article\",\"@id\":\"https:\/\/www.rafanadalacademy.com\/de\/rafa-nadal-academy-von-movistar\/martin-landaluce-wird-an-den-next-gen-atp-finals-teilnehmen-und-tritt-damit-in-die-fussstapfen-von-munar-ruud-und-shelbayh\/#article\",\"isPartOf\":{\"@id\":\"https:\/\/www.rafanadalacademy.com\/de\/rafa-nadal-academy-von-movistar\/martin-landaluce-wird-an-den-next-gen-atp-finals-teilnehmen-und-tritt-damit-in-die-fussstapfen-von-munar-ruud-und-shelbayh\/\"},\"author\":{\"name\":\"joseluisprados\",\"@id\":\"https:\/\/www.rafanadalacademy.com\/de\/#\/schema\/person\/744897d6ee269641fff954376180ef01\"},\"headline\":\"Martin Landaluce wird an den Next Gen ATP Finals teilnehmen und tritt damit in die Fu\u00dfstapfen von Munar, Ruud und Shelbayh\",\"datePublished\":\"2025-11-28T10:00:00+00:00\",\"dateModified\":\"2025-12-02T09:39:30+00:00\",\"mainEntityOfPage\":{\"@id\":\"https:\/\/www.rafanadalacademy.com\/de\/rafa-nadal-academy-von-movistar\/martin-landaluce-wird-an-den-next-gen-atp-finals-teilnehmen-und-tritt-damit-in-die-fussstapfen-von-munar-ruud-und-shelbayh\/\"},\"wordCount\":530,\"image\":{\"@id\":\"https:\/\/www.rafanadalacademy.com\/de\/rafa-nadal-academy-von-movistar\/martin-landaluce-wird-an-den-next-gen-atp-finals-teilnehmen-und-tritt-damit-in-die-fussstapfen-von-munar-ruud-und-shelbayh\/#primaryimage\"},\"thumbnailUrl\":\"https:\/\/www.rafanadalacademy.com\/wp-content\/uploads\/2025\/11\/Martin-Landuce-en-la-pista-central-de-la-Rafa-Nadal-Academy-e1764336831659.png\",\"keywords\":[\"RAFA NADAL ACADEMY VON MOVISTAR\"],\"articleSection\":[\"Nachricht\",\"RAFA NADAL ACADEMY VON MOVISTAR\"],\"inLanguage\":\"de-DE\",\"copyrightYear\":\"2025\",\"copyrightHolder\":{\"@id\":\"https:\/\/www.rafanadalacademy.com\/#organization\"}},{\"@type\":\"WebPage\",\"@id\":\"https:\/\/www.rafanadalacademy.com\/de\/rafa-nadal-academy-von-movistar\/martin-landaluce-wird-an-den-next-gen-atp-finals-teilnehmen-und-tritt-damit-in-die-fussstapfen-von-munar-ruud-und-shelbayh\/\",\"url\":\"https:\/\/www.rafanadalacademy.com\/de\/rafa-nadal-academy-von-movistar\/martin-landaluce-wird-an-den-next-gen-atp-finals-teilnehmen-und-tritt-damit-in-die-fussstapfen-von-munar-ruud-und-shelbayh\/\",\"name\":\"Martin Landaluce wird an den Next Gen ATP Finals teilnehmen und tritt damit in die Fu\u00dfstapfen von Munar, Ruud und Shelbayh - Rafa Nadal Academy\",\"isPartOf\":{\"@id\":\"https:\/\/www.rafanadalacademy.com\/de\/#website\"},\"primaryImageOfPage\":{\"@id\":\"https:\/\/www.rafanadalacademy.com\/de\/rafa-nadal-academy-von-movistar\/martin-landaluce-wird-an-den-next-gen-atp-finals-teilnehmen-und-tritt-damit-in-die-fussstapfen-von-munar-ruud-und-shelbayh\/#primaryimage\"},\"image\":{\"@id\":\"https:\/\/www.rafanadalacademy.com\/de\/rafa-nadal-academy-von-movistar\/martin-landaluce-wird-an-den-next-gen-atp-finals-teilnehmen-und-tritt-damit-in-die-fussstapfen-von-munar-ruud-und-shelbayh\/#primaryimage\"},\"thumbnailUrl\":\"https:\/\/www.rafanadalacademy.com\/wp-content\/uploads\/2025\/11\/Martin-Landuce-en-la-pista-central-de-la-Rafa-Nadal-Academy-e1764336831659.png\",\"datePublished\":\"2025-11-28T10:00:00+00:00\",\"dateModified\":\"2025-12-02T09:39:30+00:00\",\"author\":{\"@id\":\"https:\/\/www.rafanadalacademy.com\/de\/#\/schema\/person\/744897d6ee269641fff954376180ef01\"},\"description\":\"Martin Landaluce wird sein Deb\u00fct bei den Next Gen ATP Finals 2025 geben, dem Turnier, das die acht besten Tennisspieler unter 21 Jahren der Saison zusammenbringt.\",\"breadcrumb\":{\"@id\":\"https:\/\/www.rafanadalacademy.com\/de\/rafa-nadal-academy-von-movistar\/martin-landaluce-wird-an-den-next-gen-atp-finals-teilnehmen-und-tritt-damit-in-die-fussstapfen-von-munar-ruud-und-shelbayh\/#breadcrumb\"},\"inLanguage\":\"de-DE\",\"potentialAction\":[{\"@type\":\"ReadAction\",\"target\":[\"https:\/\/www.rafanadalacademy.com\/de\/rafa-nadal-academy-von-movistar\/martin-landaluce-wird-an-den-next-gen-atp-finals-teilnehmen-und-tritt-damit-in-die-fussstapfen-von-munar-ruud-und-shelbayh\/\"]}]},{\"@type\":\"ImageObject\",\"inLanguage\":\"de-DE\",\"@id\":\"https:\/\/www.rafanadalacademy.com\/de\/rafa-nadal-academy-von-movistar\/martin-landaluce-wird-an-den-next-gen-atp-finals-teilnehmen-und-tritt-damit-in-die-fussstapfen-von-munar-ruud-und-shelbayh\/#primaryimage\",\"url\":\"https:\/\/www.rafanadalacademy.com\/wp-content\/uploads\/2025\/11\/Martin-Landuce-en-la-pista-central-de-la-Rafa-Nadal-Academy-e1764336831659.png\",\"contentUrl\":\"https:\/\/www.rafanadalacademy.com\/wp-content\/uploads\/2025\/11\/Martin-Landuce-en-la-pista-central-de-la-Rafa-Nadal-Academy-e1764336831659.png\",\"width\":1332,\"height\":865},{\"@type\":\"BreadcrumbList\",\"@id\":\"https:\/\/www.rafanadalacademy.com\/de\/rafa-nadal-academy-von-movistar\/martin-landaluce-wird-an-den-next-gen-atp-finals-teilnehmen-und-tritt-damit-in-die-fussstapfen-von-munar-ruud-und-shelbayh\/#breadcrumb\",\"itemListElement\":[{\"@type\":\"ListItem\",\"position\":1,\"name\":\"Home\",\"item\":\"https:\/\/www.rafanadalacademy.com\/de\/\"},{\"@type\":\"ListItem\",\"position\":2,\"name\":\"Martin Landaluce wird an den Next Gen ATP Finals teilnehmen und tritt damit in die Fu\u00dfstapfen von Munar, Ruud und Shelbayh\"}]},{\"@type\":\"WebSite\",\"@id\":\"https:\/\/www.rafanadalacademy.com\/de\/#website\",\"url\":\"https:\/\/www.rafanadalacademy.com\/de\/\",\"name\":\"Rafa Nadal Academy\",\"description\":\"Otro sitio realizado con WordPress\",\"potentialAction\":[{\"@type\":\"SearchAction\",\"target\":{\"@type\":\"EntryPoint\",\"urlTemplate\":\"https:\/\/www.rafanadalacademy.com\/de\/?s={search_term_string}\"},\"query-input\":{\"@type\":\"PropertyValueSpecification\",\"valueRequired\":true,\"valueName\":\"search_term_string\"}}],\"inLanguage\":\"de-DE\"},{\"@type\":\"Person\",\"@id\":\"https:\/\/www.rafanadalacademy.com\/de\/#\/schema\/person\/744897d6ee269641fff954376180ef01\",\"name\":\"joseluisprados\",\"image\":{\"@type\":\"ImageObject\",\"inLanguage\":\"de-DE\",\"@id\":\"https:\/\/www.rafanadalacademy.com\/de\/#\/schema\/person\/image\/\",\"url\":\"https:\/\/secure.gravatar.com\/avatar\/8aa823a6e5501864ffab4785d9e2a994b59c2d45c9f9751c5a532abfec081e5f?s=96&d=mm&r=g\",\"contentUrl\":\"https:\/\/secure.gravatar.com\/avatar\/8aa823a6e5501864ffab4785d9e2a994b59c2d45c9f9751c5a532abfec081e5f?s=96&d=mm&r=g\",\"caption\":\"joseluisprados\"},\"url\":\"https:\/\/www.rafanadalacademy.com\/de\/author\/joseluisprados\/\"},{\"@type\":\"ImageObject\",\"inLanguage\":\"de-DE\",\"@id\":\"https:\/\/www.rafanadalacademy.com\/de\/rafa-nadal-academy-von-movistar\/martin-landaluce-wird-an-den-next-gen-atp-finals-teilnehmen-und-tritt-damit-in-die-fussstapfen-von-munar-ruud-und-shelbayh\/#local-main-organization-logo\",\"url\":\"\",\"contentUrl\":\"\",\"caption\":\"Rafa Nadal Academy\"}]}<\/script>\n<!-- \/ Yoast SEO Premium plugin. -->","yoast_head_json":{"title":"Martin Landaluce wird an den Next Gen ATP Finals teilnehmen und tritt damit in die Fu\u00dfstapfen von Munar, Ruud und Shelbayh - Rafa Nadal Academy","description":"Martin Landaluce wird sein Deb\u00fct bei den Next Gen ATP Finals 2025 geben, dem Turnier, das die acht besten Tennisspieler unter 21 Jahren der Saison zusammenbringt.","robots":{"index":"index","follow":"follow","max-snippet":"max-snippet:-1","max-image-preview":"max-image-preview:large","max-video-preview":"max-video-preview:-1"},"canonical":"https:\/\/www.rafanadalacademy.com\/de\/rafa-nadal-academy-von-movistar\/martin-landaluce-wird-an-den-next-gen-atp-finals-teilnehmen-und-tritt-damit-in-die-fussstapfen-von-munar-ruud-und-shelbayh\/","og_locale":"de_DE","og_type":"article","og_title":"Martin Landaluce wird an den Next Gen ATP Finals teilnehmen und tritt damit in die Fu\u00dfstapfen von Munar, Ruud und Shelbayh","og_description":"Martin Landaluce wird sein Deb\u00fct bei den Next Gen ATP Finals 2025 geben, dem Turnier, das die acht besten Tennisspieler unter 21 Jahren der Saison zusammenbringt.","og_url":"https:\/\/www.rafanadalacademy.com\/de\/rafa-nadal-academy-von-movistar\/martin-landaluce-wird-an-den-next-gen-atp-finals-teilnehmen-und-tritt-damit-in-die-fussstapfen-von-munar-ruud-und-shelbayh\/","og_site_name":"Rafa Nadal Academy","article_published_time":"2025-11-28T10:00:00+00:00","article_modified_time":"2025-12-02T09:39:30+00:00","og_image":[{"width":1332,"height":865,"url":"https:\/\/www.rafanadalacademy.com\/wp-content\/uploads\/2025\/11\/Martin-Landuce-en-la-pista-central-de-la-Rafa-Nadal-Academy-e1764336831659.png","type":"image\/png"}],"author":"joseluisprados","twitter_card":"summary_large_image","twitter_misc":{"Written by":"joseluisprados","Est. reading time":"3 minutes"},"schema":{"@context":"https:\/\/schema.org","@graph":[{"@type":"Article","@id":"https:\/\/www.rafanadalacademy.com\/de\/rafa-nadal-academy-von-movistar\/martin-landaluce-wird-an-den-next-gen-atp-finals-teilnehmen-und-tritt-damit-in-die-fussstapfen-von-munar-ruud-und-shelbayh\/#article","isPartOf":{"@id":"https:\/\/www.rafanadalacademy.com\/de\/rafa-nadal-academy-von-movistar\/martin-landaluce-wird-an-den-next-gen-atp-finals-teilnehmen-und-tritt-damit-in-die-fussstapfen-von-munar-ruud-und-shelbayh\/"},"author":{"name":"joseluisprados","@id":"https:\/\/www.rafanadalacademy.com\/de\/#\/schema\/person\/744897d6ee269641fff954376180ef01"},"headline":"Martin Landaluce wird an den Next Gen ATP Finals teilnehmen und tritt damit in die Fu\u00dfstapfen von Munar, Ruud und Shelbayh","datePublished":"2025-11-28T10:00:00+00:00","dateModified":"2025-12-02T09:39:30+00:00","mainEntityOfPage":{"@id":"https:\/\/www.rafanadalacademy.com\/de\/rafa-nadal-academy-von-movistar\/martin-landaluce-wird-an-den-next-gen-atp-finals-teilnehmen-und-tritt-damit-in-die-fussstapfen-von-munar-ruud-und-shelbayh\/"},"wordCount":530,"image":{"@id":"https:\/\/www.rafanadalacademy.com\/de\/rafa-nadal-academy-von-movistar\/martin-landaluce-wird-an-den-next-gen-atp-finals-teilnehmen-und-tritt-damit-in-die-fussstapfen-von-munar-ruud-und-shelbayh\/#primaryimage"},"thumbnailUrl":"https:\/\/www.rafanadalacademy.com\/wp-content\/uploads\/2025\/11\/Martin-Landuce-en-la-pista-central-de-la-Rafa-Nadal-Academy-e1764336831659.png","keywords":["RAFA NADAL ACADEMY VON MOVISTAR"],"articleSection":["Nachricht","RAFA NADAL ACADEMY VON MOVISTAR"],"inLanguage":"de-DE","copyrightYear":"2025","copyrightHolder":{"@id":"https:\/\/www.rafanadalacademy.com\/#organization"}},{"@type":"WebPage","@id":"https:\/\/www.rafanadalacademy.com\/de\/rafa-nadal-academy-von-movistar\/martin-landaluce-wird-an-den-next-gen-atp-finals-teilnehmen-und-tritt-damit-in-die-fussstapfen-von-munar-ruud-und-shelbayh\/","url":"https:\/\/www.rafanadalacademy.com\/de\/rafa-nadal-academy-von-movistar\/martin-landaluce-wird-an-den-next-gen-atp-finals-teilnehmen-und-tritt-damit-in-die-fussstapfen-von-munar-ruud-und-shelbayh\/","name":"Martin Landaluce wird an den Next Gen ATP Finals teilnehmen und tritt damit in die Fu\u00dfstapfen von Munar, Ruud und Shelbayh - Rafa Nadal Academy","isPartOf":{"@id":"https:\/\/www.rafanadalacademy.com\/de\/#website"},"primaryImageOfPage":{"@id":"https:\/\/www.rafanadalacademy.com\/de\/rafa-nadal-academy-von-movistar\/martin-landaluce-wird-an-den-next-gen-atp-finals-teilnehmen-und-tritt-damit-in-die-fussstapfen-von-munar-ruud-und-shelbayh\/#primaryimage"},"image":{"@id":"https:\/\/www.rafanadalacademy.com\/de\/rafa-nadal-academy-von-movistar\/martin-landaluce-wird-an-den-next-gen-atp-finals-teilnehmen-und-tritt-damit-in-die-fussstapfen-von-munar-ruud-und-shelbayh\/#primaryimage"},"thumbnailUrl":"https:\/\/www.rafanadalacademy.com\/wp-content\/uploads\/2025\/11\/Martin-Landuce-en-la-pista-central-de-la-Rafa-Nadal-Academy-e1764336831659.png","datePublished":"2025-11-28T10:00:00+00:00","dateModified":"2025-12-02T09:39:30+00:00","author":{"@id":"https:\/\/www.rafanadalacademy.com\/de\/#\/schema\/person\/744897d6ee269641fff954376180ef01"},"description":"Martin Landaluce wird sein Deb\u00fct bei den Next Gen ATP Finals 2025 geben, dem Turnier, das die acht besten Tennisspieler unter 21 Jahren der Saison zusammenbringt.","breadcrumb":{"@id":"https:\/\/www.rafanadalacademy.com\/de\/rafa-nadal-academy-von-movistar\/martin-landaluce-wird-an-den-next-gen-atp-finals-teilnehmen-und-tritt-damit-in-die-fussstapfen-von-munar-ruud-und-shelbayh\/#breadcrumb"},"inLanguage":"de-DE","potentialAction":[{"@type":"ReadAction","target":["https:\/\/www.rafanadalacademy.com\/de\/rafa-nadal-academy-von-movistar\/martin-landaluce-wird-an-den-next-gen-atp-finals-teilnehmen-und-tritt-damit-in-die-fussstapfen-von-munar-ruud-und-shelbayh\/"]}]},{"@type":"ImageObject","inLanguage":"de-DE","@id":"https:\/\/www.rafanadalacademy.com\/de\/rafa-nadal-academy-von-movistar\/martin-landaluce-wird-an-den-next-gen-atp-finals-teilnehmen-und-tritt-damit-in-die-fussstapfen-von-munar-ruud-und-shelbayh\/#primaryimage","url":"https:\/\/www.rafanadalacademy.com\/wp-content\/uploads\/2025\/11\/Martin-Landuce-en-la-pista-central-de-la-Rafa-Nadal-Academy-e1764336831659.png","contentUrl":"https:\/\/www.rafanadalacademy.com\/wp-content\/uploads\/2025\/11\/Martin-Landuce-en-la-pista-central-de-la-Rafa-Nadal-Academy-e1764336831659.png","width":1332,"height":865},{"@type":"BreadcrumbList","@id":"https:\/\/www.rafanadalacademy.com\/de\/rafa-nadal-academy-von-movistar\/martin-landaluce-wird-an-den-next-gen-atp-finals-teilnehmen-und-tritt-damit-in-die-fussstapfen-von-munar-ruud-und-shelbayh\/#breadcrumb","itemListElement":[{"@type":"ListItem","position":1,"name":"Home","item":"https:\/\/www.rafanadalacademy.com\/de\/"},{"@type":"ListItem","position":2,"name":"Martin Landaluce wird an den Next Gen ATP Finals teilnehmen und tritt damit in die Fu\u00dfstapfen von Munar, Ruud und Shelbayh"}]},{"@type":"WebSite","@id":"https:\/\/www.rafanadalacademy.com\/de\/#website","url":"https:\/\/www.rafanadalacademy.com\/de\/","name":"Rafa Nadal Academy","description":"Otro sitio realizado con WordPress","potentialAction":[{"@type":"SearchAction","target":{"@type":"EntryPoint","urlTemplate":"https:\/\/www.rafanadalacademy.com\/de\/?s={search_term_string}"},"query-input":{"@type":"PropertyValueSpecification","valueRequired":true,"valueName":"search_term_string"}}],"inLanguage":"de-DE"},{"@type":"Person","@id":"https:\/\/www.rafanadalacademy.com\/de\/#\/schema\/person\/744897d6ee269641fff954376180ef01","name":"joseluisprados","image":{"@type":"ImageObject","inLanguage":"de-DE","@id":"https:\/\/www.rafanadalacademy.com\/de\/#\/schema\/person\/image\/","url":"https:\/\/secure.gravatar.com\/avatar\/8aa823a6e5501864ffab4785d9e2a994b59c2d45c9f9751c5a532abfec081e5f?s=96&d=mm&r=g","contentUrl":"https:\/\/secure.gravatar.com\/avatar\/8aa823a6e5501864ffab4785d9e2a994b59c2d45c9f9751c5a532abfec081e5f?s=96&d=mm&r=g","caption":"joseluisprados"},"url":"https:\/\/www.rafanadalacademy.com\/de\/author\/joseluisprados\/"},{"@type":"ImageObject","inLanguage":"de-DE","@id":"https:\/\/www.rafanadalacademy.com\/de\/rafa-nadal-academy-von-movistar\/martin-landaluce-wird-an-den-next-gen-atp-finals-teilnehmen-und-tritt-damit-in-die-fussstapfen-von-munar-ruud-und-shelbayh\/#local-main-organization-logo","url":"","contentUrl":"","caption":"Rafa Nadal Academy"}]}},"_links":{"self":[{"href":"https:\/\/www.rafanadalacademy.com\/de\/wp-json\/wp\/v2\/posts\/37286","targetHints":{"allow":["GET"]}}],"collection":[{"href":"https:\/\/www.rafanadalacademy.com\/de\/wp-json\/wp\/v2\/posts"}],"about":[{"href":"https:\/\/www.rafanadalacademy.com\/de\/wp-json\/wp\/v2\/types\/post"}],"author":[{"embeddable":true,"href":"https:\/\/www.rafanadalacademy.com\/de\/wp-json\/wp\/v2\/users\/23"}],"replies":[{"embeddable":true,"href":"https:\/\/www.rafanadalacademy.com\/de\/wp-json\/wp\/v2\/comments?post=37286"}],"version-history":[{"count":1,"href":"https:\/\/www.rafanadalacademy.com\/de\/wp-json\/wp\/v2\/posts\/37286\/revisions"}],"predecessor-version":[{"id":37287,"href":"https:\/\/www.rafanadalacademy.com\/de\/wp-json\/wp\/v2\/posts\/37286\/revisions\/37287"}],"wp:featuredmedia":[{"embeddable":true,"href":"https:\/\/www.rafanadalacademy.com\/de\/wp-json\/wp\/v2\/media\/37266"}],"wp:attachment":[{"href":"https:\/\/www.rafanadalacademy.com\/de\/wp-json\/wp\/v2\/media?parent=37286"}],"wp:term":[{"taxonomy":"category","embeddable":true,"href":"https:\/\/www.rafanadalacademy.com\/de\/wp-json\/wp\/v2\/categories?post=37286"},{"taxonomy":"post_tag","embeddable":true,"href":"https:\/\/www.rafanadalacademy.com\/de\/wp-json\/wp\/v2\/tags?post=37286"}],"curies":[{"name":"wp","href":"https:\/\/api.w.org\/{rel}","templated":true}]}}