{"id":37200,"date":"2025-11-13T10:10:00","date_gmt":"2025-11-13T10:10:00","guid":{"rendered":"https:\/\/www.rafanadalacademy.com\/unkategorisiert\/die-rafa-nadal-academy-verbindet-mallorca-und-kairo-mit-einem-innovativen-bildungs-und-sportprojekt\/"},"modified":"2025-11-25T12:46:41","modified_gmt":"2025-11-25T12:46:41","slug":"die-rafa-nadal-academy-verbindet-mallorca-und-kairo-mit-einem-innovativen-bildungs-und-sportprojekt","status":"publish","type":"post","link":"https:\/\/www.rafanadalacademy.com\/de\/rafa-nadal-academy-von-movistar\/die-rafa-nadal-academy-verbindet-mallorca-und-kairo-mit-einem-innovativen-bildungs-und-sportprojekt\/","title":{"rendered":"Die Rafa Nadal Academy verbindet Mallorca und Kairo mit einem innovativen Bildungs- und Sportprojekt"},"content":{"rendered":"\n<p>Die Rafa Nadal Academy baut ihre globale Pr\u00e4senz weiter aus und festigt ihr internationales Netzwerk von Hochleistungszentren. Im Oktober leitete das Team der Akademie unter der Leitung von Maribel Nadal, stellvertretende Generaldirektorin, die Expedition, die das Rafa Nadal Tennisprogramm in Uppingham Cairo besuchte, eines der j\u00fcngsten Projekte im Rahmen der internationalen Expansion der Institution. Ebenfalls anwesend waren Amalia Riera, Director of Operations f\u00fcr internationale Projekte, und Antonio Arenas, Director of Communication.  <\/p>\n\n<figure class=\"wp-block-image size-full\"><img loading=\"lazy\" decoding=\"async\" width=\"1024\" height=\"683\" src=\"https:\/\/www.rafanadalacademy.com\/wp-content\/uploads\/2025\/11\/Edge-209.jpg\" alt=\"Die Rafa Nadal Academy verbindet Mallorca und Kairo mit einem innovativen Bildungs- und Sportprojekt \" class=\"wp-image-37140\" srcset=\"https:\/\/www.rafanadalacademy.com\/wp-content\/uploads\/2025\/11\/Edge-209.jpg 1024w, https:\/\/www.rafanadalacademy.com\/wp-content\/uploads\/2025\/11\/Edge-209-300x200.jpg 300w, https:\/\/www.rafanadalacademy.com\/wp-content\/uploads\/2025\/11\/Edge-209-768x512.jpg 768w\" sizes=\"auto, (max-width: 1024px) 100vw, 1024px\" \/><\/figure>\n\n<div style=\"height:30px\" aria-hidden=\"true\" class=\"wp-block-spacer\"><\/div>\n\n<p>W\u00e4hrend des Besuchs hatte das Team die M\u00f6glichkeit, die Arbeit von Tom\u00e1s Prieto, Head Coach des Zentrums, aus erster Hand kennenzulernen und die Einrichtungen zu besichtigen, die sich durch ihre Qualit\u00e4t und ihren Hochleistungsansatz auszeichnen. Die Professionalit\u00e4t des Trainerteams und die bemerkenswerten Fortschritte der jungen Spieler hinterlie\u00dfen einen gro\u00dfen Eindruck bei der Delegation aus Mallorca. <\/p>\n\n<p><em>\u201eEs war ein ganz besonderer Besuch. Wir freuen uns immer, wenn in den internationalen Zentren die gleichen Werte gelebt werden, die wir in der Rafa Nadal Academy f\u00f6rdern. Die Einrichtungen sind spektakul\u00e4r und Tom\u00e1s und das gesamte Team leisten gro\u00dfartige Arbeit\u201c<\/em>, sagte Maribel Nadal.<\/p>\n\n<p>Dieses Treffen, dessen Hauptgastgeber Dr. Tamer Tammam, Vorstandsmitglied des Colleges, und Noha Saad, Executive Board Member von New Era Education, waren, diente auch dazu, die Zusammenarbeit zwischen der Rafa Nadal Academy und dem Programm in Kairo zu verst\u00e4rken und sicherzustellen, dass alle Sch\u00fcler weiterhin die gleiche Trainingsmethodik und umfassende Ausbildung erhalten, die die Akademie auf Mallorca auszeichnet.<\/p>\n\n<div style=\"height:30px\" aria-hidden=\"true\" class=\"wp-block-spacer\"><\/div>\n\n<figure class=\"wp-block-image size-full\"><img loading=\"lazy\" decoding=\"async\" width=\"1024\" height=\"683\" src=\"https:\/\/www.rafanadalacademy.com\/wp-content\/uploads\/2025\/11\/Edge-271.jpg\" alt=\"Rafa Nadal Tennisprogramm in Uppingham Kairo\" class=\"wp-image-37148\" srcset=\"https:\/\/www.rafanadalacademy.com\/wp-content\/uploads\/2025\/11\/Edge-271.jpg 1024w, https:\/\/www.rafanadalacademy.com\/wp-content\/uploads\/2025\/11\/Edge-271-300x200.jpg 300w, https:\/\/www.rafanadalacademy.com\/wp-content\/uploads\/2025\/11\/Edge-271-768x512.jpg 768w\" sizes=\"auto, (max-width: 1024px) 100vw, 1024px\" \/><\/figure>\n\n<div style=\"height:30px\" aria-hidden=\"true\" class=\"wp-block-spacer\"><\/div>\n\n<p>Das Rafa Nadal Tennisprogramm von Uppingham Cairo ist Teil des internationalen Netzwerks von Zentren, die mit der Rafa Nadal Academy verbunden sind und deren Expansion in den letzten Jahren stetig gewachsen ist.<\/p>\n\n<p>Sowohl dieses Programm als auch die Rafa Nadal Tennis Center wurden als erg\u00e4nzende Linie zur Rafa Nadal Academy auf Mallorca ins Leben gerufen. Neben \u00c4gypten verf\u00fcgt das internationale Netzwerk der Rafa Nadal Academy bereits \u00fcber Zentren in Kuwait, Costa Mujeres (Mexiko), Sani (Griechenland), Hongkong, Marbella und Punta Cana. <\/p>\n","protected":false},"excerpt":{"rendered":"<p>Die Rafa Nadal Academy baut ihre globale Pr\u00e4senz weiter aus und festigt ihr internationales Netzwerk von Hochleistungszentren. Im Oktober leitete das Team der Akademie unter der Leitung von Maribel Nadal, stellvertretende Generaldirektorin, die Expedition, die das Rafa Nadal Tennisprogramm in Uppingham Cairo besuchte, eines der j\u00fcngsten Projekte im Rahmen der internationalen Expansion der Institution. Ebenfalls<a href=\"https:\/\/www.rafanadalacademy.com\/de\/rafa-nadal-academy-von-movistar\/die-rafa-nadal-academy-verbindet-mallorca-und-kairo-mit-einem-innovativen-bildungs-und-sportprojekt\/\">Continue reading <span class=\"sr-only\">&#8220;Die Rafa Nadal Academy verbindet Mallorca und Kairo mit einem innovativen Bildungs- und Sportprojekt&#8221;<\/span><\/a><\/p>\n","protected":false},"author":23,"featured_media":37135,"comment_status":"closed","ping_status":"closed","sticky":false,"template":"","format":"standard","meta":{"_acf_changed":false,"footnotes":""},"categories":[159,203],"tags":[204],"class_list":["post-37200","post","type-post","status-publish","format-standard","has-post-thumbnail","hentry","category-nachricht","category-rafa-nadal-academy-von-movistar","tag-rafa-nadal-academy-von-movistar"],"acf":[],"yoast_head":"<!-- This site is optimized with the Yoast SEO Premium plugin v26.8 (Yoast SEO v26.9) - https:\/\/yoast.com\/product\/yoast-seo-premium-wordpress\/ -->\n<title>Die Rafa Nadal Academy verbindet Mallorca und Kairo mit einem innovativen Bildungs- und Sportprojekt - Rafa Nadal Academy<\/title>\n<meta name=\"description\" content=\"Die Rafa Nadal Academy baut ihre globale Pr\u00e4senz weiter aus und festigt ihr internationales Netzwerk von Hochleistungszentren. Im Oktober leitete das Team der Akademie unter der Leitung von Maribel Nadal, stellvertretende Generaldirektorin, die Expedition, die das Rafa Nadal Tennisprogramm in Uppingham Cairo besuchte, eines der j\u00fcngsten Projekte im Rahmen der internationalen Expansion.\" \/>\n<meta name=\"robots\" content=\"index, follow, max-snippet:-1, max-image-preview:large, max-video-preview:-1\" \/>\n<link rel=\"canonical\" href=\"https:\/\/www.rafanadalacademy.com\/de\/rafa-nadal-academy-von-movistar\/die-rafa-nadal-academy-verbindet-mallorca-und-kairo-mit-einem-innovativen-bildungs-und-sportprojekt\/\" \/>\n<meta property=\"og:locale\" content=\"de_DE\" \/>\n<meta property=\"og:type\" content=\"article\" \/>\n<meta property=\"og:title\" content=\"Die Rafa Nadal Academy verbindet Mallorca und Kairo mit einem innovativen Bildungs- und Sportprojekt\" \/>\n<meta property=\"og:description\" content=\"Die Rafa Nadal Academy baut ihre globale Pr\u00e4senz weiter aus und festigt ihr internationales Netzwerk von Hochleistungszentren. Im Oktober leitete das Team der Akademie unter der Leitung von Maribel Nadal, stellvertretende Generaldirektorin, die Expedition, die das Rafa Nadal Tennisprogramm in Uppingham Cairo besuchte, eines der j\u00fcngsten Projekte im Rahmen der internationalen Expansion.\" \/>\n<meta property=\"og:url\" content=\"https:\/\/www.rafanadalacademy.com\/de\/rafa-nadal-academy-von-movistar\/die-rafa-nadal-academy-verbindet-mallorca-und-kairo-mit-einem-innovativen-bildungs-und-sportprojekt\/\" \/>\n<meta property=\"og:site_name\" content=\"Rafa Nadal Academy\" \/>\n<meta property=\"article:published_time\" content=\"2025-11-13T10:10:00+00:00\" \/>\n<meta property=\"article:modified_time\" content=\"2025-11-25T12:46:41+00:00\" \/>\n<meta property=\"og:image\" content=\"https:\/\/www.rafanadalacademy.com\/wp-content\/uploads\/2025\/11\/Edge-179-e1764065022477.jpg\" \/>\n\t<meta property=\"og:image:width\" content=\"1024\" \/>\n\t<meta property=\"og:image:height\" content=\"683\" \/>\n\t<meta property=\"og:image:type\" content=\"image\/jpeg\" \/>\n<meta name=\"author\" content=\"joseluisprados\" \/>\n<meta name=\"twitter:card\" content=\"summary_large_image\" \/>\n<meta name=\"twitter:label1\" content=\"Written by\" \/>\n\t<meta name=\"twitter:data1\" content=\"joseluisprados\" \/>\n\t<meta name=\"twitter:label2\" content=\"Est. reading time\" \/>\n\t<meta name=\"twitter:data2\" content=\"2 minutes\" \/>\n<script type=\"application\/ld+json\" class=\"yoast-schema-graph\">{\"@context\":\"https:\/\/schema.org\",\"@graph\":[{\"@type\":\"Article\",\"@id\":\"https:\/\/www.rafanadalacademy.com\/de\/rafa-nadal-academy-von-movistar\/die-rafa-nadal-academy-verbindet-mallorca-und-kairo-mit-einem-innovativen-bildungs-und-sportprojekt\/#article\",\"isPartOf\":{\"@id\":\"https:\/\/www.rafanadalacademy.com\/de\/rafa-nadal-academy-von-movistar\/die-rafa-nadal-academy-verbindet-mallorca-und-kairo-mit-einem-innovativen-bildungs-und-sportprojekt\/\"},\"author\":{\"name\":\"joseluisprados\",\"@id\":\"https:\/\/www.rafanadalacademy.com\/de\/#\/schema\/person\/744897d6ee269641fff954376180ef01\"},\"headline\":\"Die Rafa Nadal Academy verbindet Mallorca und Kairo mit einem innovativen Bildungs- und Sportprojekt\",\"datePublished\":\"2025-11-13T10:10:00+00:00\",\"dateModified\":\"2025-11-25T12:46:41+00:00\",\"mainEntityOfPage\":{\"@id\":\"https:\/\/www.rafanadalacademy.com\/de\/rafa-nadal-academy-von-movistar\/die-rafa-nadal-academy-verbindet-mallorca-und-kairo-mit-einem-innovativen-bildungs-und-sportprojekt\/\"},\"wordCount\":339,\"image\":{\"@id\":\"https:\/\/www.rafanadalacademy.com\/de\/rafa-nadal-academy-von-movistar\/die-rafa-nadal-academy-verbindet-mallorca-und-kairo-mit-einem-innovativen-bildungs-und-sportprojekt\/#primaryimage\"},\"thumbnailUrl\":\"https:\/\/www.rafanadalacademy.com\/wp-content\/uploads\/2025\/11\/Edge-179-e1764065022477.jpg\",\"keywords\":[\"RAFA NADAL ACADEMY VON MOVISTAR\"],\"articleSection\":[\"Nachricht\",\"RAFA NADAL ACADEMY VON MOVISTAR\"],\"inLanguage\":\"de-DE\",\"copyrightYear\":\"2025\",\"copyrightHolder\":{\"@id\":\"https:\/\/www.rafanadalacademy.com\/#organization\"}},{\"@type\":\"WebPage\",\"@id\":\"https:\/\/www.rafanadalacademy.com\/de\/rafa-nadal-academy-von-movistar\/die-rafa-nadal-academy-verbindet-mallorca-und-kairo-mit-einem-innovativen-bildungs-und-sportprojekt\/\",\"url\":\"https:\/\/www.rafanadalacademy.com\/de\/rafa-nadal-academy-von-movistar\/die-rafa-nadal-academy-verbindet-mallorca-und-kairo-mit-einem-innovativen-bildungs-und-sportprojekt\/\",\"name\":\"Die Rafa Nadal Academy verbindet Mallorca und Kairo mit einem innovativen Bildungs- und Sportprojekt - Rafa Nadal Academy\",\"isPartOf\":{\"@id\":\"https:\/\/www.rafanadalacademy.com\/de\/#website\"},\"primaryImageOfPage\":{\"@id\":\"https:\/\/www.rafanadalacademy.com\/de\/rafa-nadal-academy-von-movistar\/die-rafa-nadal-academy-verbindet-mallorca-und-kairo-mit-einem-innovativen-bildungs-und-sportprojekt\/#primaryimage\"},\"image\":{\"@id\":\"https:\/\/www.rafanadalacademy.com\/de\/rafa-nadal-academy-von-movistar\/die-rafa-nadal-academy-verbindet-mallorca-und-kairo-mit-einem-innovativen-bildungs-und-sportprojekt\/#primaryimage\"},\"thumbnailUrl\":\"https:\/\/www.rafanadalacademy.com\/wp-content\/uploads\/2025\/11\/Edge-179-e1764065022477.jpg\",\"datePublished\":\"2025-11-13T10:10:00+00:00\",\"dateModified\":\"2025-11-25T12:46:41+00:00\",\"author\":{\"@id\":\"https:\/\/www.rafanadalacademy.com\/de\/#\/schema\/person\/744897d6ee269641fff954376180ef01\"},\"description\":\"Die Rafa Nadal Academy baut ihre globale Pr\u00e4senz weiter aus und festigt ihr internationales Netzwerk von Hochleistungszentren. Im Oktober leitete das Team der Akademie unter der Leitung von Maribel Nadal, stellvertretende Generaldirektorin, die Expedition, die das Rafa Nadal Tennisprogramm in Uppingham Cairo besuchte, eines der j\u00fcngsten Projekte im Rahmen der internationalen Expansion.\",\"breadcrumb\":{\"@id\":\"https:\/\/www.rafanadalacademy.com\/de\/rafa-nadal-academy-von-movistar\/die-rafa-nadal-academy-verbindet-mallorca-und-kairo-mit-einem-innovativen-bildungs-und-sportprojekt\/#breadcrumb\"},\"inLanguage\":\"de-DE\",\"potentialAction\":[{\"@type\":\"ReadAction\",\"target\":[\"https:\/\/www.rafanadalacademy.com\/de\/rafa-nadal-academy-von-movistar\/die-rafa-nadal-academy-verbindet-mallorca-und-kairo-mit-einem-innovativen-bildungs-und-sportprojekt\/\"]}]},{\"@type\":\"ImageObject\",\"inLanguage\":\"de-DE\",\"@id\":\"https:\/\/www.rafanadalacademy.com\/de\/rafa-nadal-academy-von-movistar\/die-rafa-nadal-academy-verbindet-mallorca-und-kairo-mit-einem-innovativen-bildungs-und-sportprojekt\/#primaryimage\",\"url\":\"https:\/\/www.rafanadalacademy.com\/wp-content\/uploads\/2025\/11\/Edge-179-e1764065022477.jpg\",\"contentUrl\":\"https:\/\/www.rafanadalacademy.com\/wp-content\/uploads\/2025\/11\/Edge-179-e1764065022477.jpg\",\"width\":1024,\"height\":683,\"caption\":\"Maribel Nadal, durante su visita al Rafa Nadal Tennis Programme en Uppingham Cairo\"},{\"@type\":\"BreadcrumbList\",\"@id\":\"https:\/\/www.rafanadalacademy.com\/de\/rafa-nadal-academy-von-movistar\/die-rafa-nadal-academy-verbindet-mallorca-und-kairo-mit-einem-innovativen-bildungs-und-sportprojekt\/#breadcrumb\",\"itemListElement\":[{\"@type\":\"ListItem\",\"position\":1,\"name\":\"Home\",\"item\":\"https:\/\/www.rafanadalacademy.com\/de\/\"},{\"@type\":\"ListItem\",\"position\":2,\"name\":\"Die Rafa Nadal Academy verbindet Mallorca und Kairo mit einem innovativen Bildungs- und Sportprojekt\"}]},{\"@type\":\"WebSite\",\"@id\":\"https:\/\/www.rafanadalacademy.com\/de\/#website\",\"url\":\"https:\/\/www.rafanadalacademy.com\/de\/\",\"name\":\"Rafa Nadal Academy\",\"description\":\"Otro sitio realizado con WordPress\",\"potentialAction\":[{\"@type\":\"SearchAction\",\"target\":{\"@type\":\"EntryPoint\",\"urlTemplate\":\"https:\/\/www.rafanadalacademy.com\/de\/?s={search_term_string}\"},\"query-input\":{\"@type\":\"PropertyValueSpecification\",\"valueRequired\":true,\"valueName\":\"search_term_string\"}}],\"inLanguage\":\"de-DE\"},{\"@type\":\"Person\",\"@id\":\"https:\/\/www.rafanadalacademy.com\/de\/#\/schema\/person\/744897d6ee269641fff954376180ef01\",\"name\":\"joseluisprados\",\"image\":{\"@type\":\"ImageObject\",\"inLanguage\":\"de-DE\",\"@id\":\"https:\/\/www.rafanadalacademy.com\/de\/#\/schema\/person\/image\/\",\"url\":\"https:\/\/secure.gravatar.com\/avatar\/8aa823a6e5501864ffab4785d9e2a994b59c2d45c9f9751c5a532abfec081e5f?s=96&d=mm&r=g\",\"contentUrl\":\"https:\/\/secure.gravatar.com\/avatar\/8aa823a6e5501864ffab4785d9e2a994b59c2d45c9f9751c5a532abfec081e5f?s=96&d=mm&r=g\",\"caption\":\"joseluisprados\"},\"url\":\"https:\/\/www.rafanadalacademy.com\/de\/author\/joseluisprados\/\"},{\"@type\":\"ImageObject\",\"inLanguage\":\"de-DE\",\"@id\":\"https:\/\/www.rafanadalacademy.com\/de\/rafa-nadal-academy-von-movistar\/die-rafa-nadal-academy-verbindet-mallorca-und-kairo-mit-einem-innovativen-bildungs-und-sportprojekt\/#local-main-organization-logo\",\"url\":\"\",\"contentUrl\":\"\",\"caption\":\"Rafa Nadal Academy\"}]}<\/script>\n<!-- \/ Yoast SEO Premium plugin. -->","yoast_head_json":{"title":"Die Rafa Nadal Academy verbindet Mallorca und Kairo mit einem innovativen Bildungs- und Sportprojekt - Rafa Nadal Academy","description":"Die Rafa Nadal Academy baut ihre globale Pr\u00e4senz weiter aus und festigt ihr internationales Netzwerk von Hochleistungszentren. Im Oktober leitete das Team der Akademie unter der Leitung von Maribel Nadal, stellvertretende Generaldirektorin, die Expedition, die das Rafa Nadal Tennisprogramm in Uppingham Cairo besuchte, eines der j\u00fcngsten Projekte im Rahmen der internationalen Expansion.","robots":{"index":"index","follow":"follow","max-snippet":"max-snippet:-1","max-image-preview":"max-image-preview:large","max-video-preview":"max-video-preview:-1"},"canonical":"https:\/\/www.rafanadalacademy.com\/de\/rafa-nadal-academy-von-movistar\/die-rafa-nadal-academy-verbindet-mallorca-und-kairo-mit-einem-innovativen-bildungs-und-sportprojekt\/","og_locale":"de_DE","og_type":"article","og_title":"Die Rafa Nadal Academy verbindet Mallorca und Kairo mit einem innovativen Bildungs- und Sportprojekt","og_description":"Die Rafa Nadal Academy baut ihre globale Pr\u00e4senz weiter aus und festigt ihr internationales Netzwerk von Hochleistungszentren. Im Oktober leitete das Team der Akademie unter der Leitung von Maribel Nadal, stellvertretende Generaldirektorin, die Expedition, die das Rafa Nadal Tennisprogramm in Uppingham Cairo besuchte, eines der j\u00fcngsten Projekte im Rahmen der internationalen Expansion.","og_url":"https:\/\/www.rafanadalacademy.com\/de\/rafa-nadal-academy-von-movistar\/die-rafa-nadal-academy-verbindet-mallorca-und-kairo-mit-einem-innovativen-bildungs-und-sportprojekt\/","og_site_name":"Rafa Nadal Academy","article_published_time":"2025-11-13T10:10:00+00:00","article_modified_time":"2025-11-25T12:46:41+00:00","og_image":[{"width":1024,"height":683,"url":"https:\/\/www.rafanadalacademy.com\/wp-content\/uploads\/2025\/11\/Edge-179-e1764065022477.jpg","type":"image\/jpeg"}],"author":"joseluisprados","twitter_card":"summary_large_image","twitter_misc":{"Written by":"joseluisprados","Est. reading time":"2 minutes"},"schema":{"@context":"https:\/\/schema.org","@graph":[{"@type":"Article","@id":"https:\/\/www.rafanadalacademy.com\/de\/rafa-nadal-academy-von-movistar\/die-rafa-nadal-academy-verbindet-mallorca-und-kairo-mit-einem-innovativen-bildungs-und-sportprojekt\/#article","isPartOf":{"@id":"https:\/\/www.rafanadalacademy.com\/de\/rafa-nadal-academy-von-movistar\/die-rafa-nadal-academy-verbindet-mallorca-und-kairo-mit-einem-innovativen-bildungs-und-sportprojekt\/"},"author":{"name":"joseluisprados","@id":"https:\/\/www.rafanadalacademy.com\/de\/#\/schema\/person\/744897d6ee269641fff954376180ef01"},"headline":"Die Rafa Nadal Academy verbindet Mallorca und Kairo mit einem innovativen Bildungs- und Sportprojekt","datePublished":"2025-11-13T10:10:00+00:00","dateModified":"2025-11-25T12:46:41+00:00","mainEntityOfPage":{"@id":"https:\/\/www.rafanadalacademy.com\/de\/rafa-nadal-academy-von-movistar\/die-rafa-nadal-academy-verbindet-mallorca-und-kairo-mit-einem-innovativen-bildungs-und-sportprojekt\/"},"wordCount":339,"image":{"@id":"https:\/\/www.rafanadalacademy.com\/de\/rafa-nadal-academy-von-movistar\/die-rafa-nadal-academy-verbindet-mallorca-und-kairo-mit-einem-innovativen-bildungs-und-sportprojekt\/#primaryimage"},"thumbnailUrl":"https:\/\/www.rafanadalacademy.com\/wp-content\/uploads\/2025\/11\/Edge-179-e1764065022477.jpg","keywords":["RAFA NADAL ACADEMY VON MOVISTAR"],"articleSection":["Nachricht","RAFA NADAL ACADEMY VON MOVISTAR"],"inLanguage":"de-DE","copyrightYear":"2025","copyrightHolder":{"@id":"https:\/\/www.rafanadalacademy.com\/#organization"}},{"@type":"WebPage","@id":"https:\/\/www.rafanadalacademy.com\/de\/rafa-nadal-academy-von-movistar\/die-rafa-nadal-academy-verbindet-mallorca-und-kairo-mit-einem-innovativen-bildungs-und-sportprojekt\/","url":"https:\/\/www.rafanadalacademy.com\/de\/rafa-nadal-academy-von-movistar\/die-rafa-nadal-academy-verbindet-mallorca-und-kairo-mit-einem-innovativen-bildungs-und-sportprojekt\/","name":"Die Rafa Nadal Academy verbindet Mallorca und Kairo mit einem innovativen Bildungs- und Sportprojekt - Rafa Nadal Academy","isPartOf":{"@id":"https:\/\/www.rafanadalacademy.com\/de\/#website"},"primaryImageOfPage":{"@id":"https:\/\/www.rafanadalacademy.com\/de\/rafa-nadal-academy-von-movistar\/die-rafa-nadal-academy-verbindet-mallorca-und-kairo-mit-einem-innovativen-bildungs-und-sportprojekt\/#primaryimage"},"image":{"@id":"https:\/\/www.rafanadalacademy.com\/de\/rafa-nadal-academy-von-movistar\/die-rafa-nadal-academy-verbindet-mallorca-und-kairo-mit-einem-innovativen-bildungs-und-sportprojekt\/#primaryimage"},"thumbnailUrl":"https:\/\/www.rafanadalacademy.com\/wp-content\/uploads\/2025\/11\/Edge-179-e1764065022477.jpg","datePublished":"2025-11-13T10:10:00+00:00","dateModified":"2025-11-25T12:46:41+00:00","author":{"@id":"https:\/\/www.rafanadalacademy.com\/de\/#\/schema\/person\/744897d6ee269641fff954376180ef01"},"description":"Die Rafa Nadal Academy baut ihre globale Pr\u00e4senz weiter aus und festigt ihr internationales Netzwerk von Hochleistungszentren. Im Oktober leitete das Team der Akademie unter der Leitung von Maribel Nadal, stellvertretende Generaldirektorin, die Expedition, die das Rafa Nadal Tennisprogramm in Uppingham Cairo besuchte, eines der j\u00fcngsten Projekte im Rahmen der internationalen Expansion.","breadcrumb":{"@id":"https:\/\/www.rafanadalacademy.com\/de\/rafa-nadal-academy-von-movistar\/die-rafa-nadal-academy-verbindet-mallorca-und-kairo-mit-einem-innovativen-bildungs-und-sportprojekt\/#breadcrumb"},"inLanguage":"de-DE","potentialAction":[{"@type":"ReadAction","target":["https:\/\/www.rafanadalacademy.com\/de\/rafa-nadal-academy-von-movistar\/die-rafa-nadal-academy-verbindet-mallorca-und-kairo-mit-einem-innovativen-bildungs-und-sportprojekt\/"]}]},{"@type":"ImageObject","inLanguage":"de-DE","@id":"https:\/\/www.rafanadalacademy.com\/de\/rafa-nadal-academy-von-movistar\/die-rafa-nadal-academy-verbindet-mallorca-und-kairo-mit-einem-innovativen-bildungs-und-sportprojekt\/#primaryimage","url":"https:\/\/www.rafanadalacademy.com\/wp-content\/uploads\/2025\/11\/Edge-179-e1764065022477.jpg","contentUrl":"https:\/\/www.rafanadalacademy.com\/wp-content\/uploads\/2025\/11\/Edge-179-e1764065022477.jpg","width":1024,"height":683,"caption":"Maribel Nadal, durante su visita al Rafa Nadal Tennis Programme en Uppingham Cairo"},{"@type":"BreadcrumbList","@id":"https:\/\/www.rafanadalacademy.com\/de\/rafa-nadal-academy-von-movistar\/die-rafa-nadal-academy-verbindet-mallorca-und-kairo-mit-einem-innovativen-bildungs-und-sportprojekt\/#breadcrumb","itemListElement":[{"@type":"ListItem","position":1,"name":"Home","item":"https:\/\/www.rafanadalacademy.com\/de\/"},{"@type":"ListItem","position":2,"name":"Die Rafa Nadal Academy verbindet Mallorca und Kairo mit einem innovativen Bildungs- und Sportprojekt"}]},{"@type":"WebSite","@id":"https:\/\/www.rafanadalacademy.com\/de\/#website","url":"https:\/\/www.rafanadalacademy.com\/de\/","name":"Rafa Nadal Academy","description":"Otro sitio realizado con WordPress","potentialAction":[{"@type":"SearchAction","target":{"@type":"EntryPoint","urlTemplate":"https:\/\/www.rafanadalacademy.com\/de\/?s={search_term_string}"},"query-input":{"@type":"PropertyValueSpecification","valueRequired":true,"valueName":"search_term_string"}}],"inLanguage":"de-DE"},{"@type":"Person","@id":"https:\/\/www.rafanadalacademy.com\/de\/#\/schema\/person\/744897d6ee269641fff954376180ef01","name":"joseluisprados","image":{"@type":"ImageObject","inLanguage":"de-DE","@id":"https:\/\/www.rafanadalacademy.com\/de\/#\/schema\/person\/image\/","url":"https:\/\/secure.gravatar.com\/avatar\/8aa823a6e5501864ffab4785d9e2a994b59c2d45c9f9751c5a532abfec081e5f?s=96&d=mm&r=g","contentUrl":"https:\/\/secure.gravatar.com\/avatar\/8aa823a6e5501864ffab4785d9e2a994b59c2d45c9f9751c5a532abfec081e5f?s=96&d=mm&r=g","caption":"joseluisprados"},"url":"https:\/\/www.rafanadalacademy.com\/de\/author\/joseluisprados\/"},{"@type":"ImageObject","inLanguage":"de-DE","@id":"https:\/\/www.rafanadalacademy.com\/de\/rafa-nadal-academy-von-movistar\/die-rafa-nadal-academy-verbindet-mallorca-und-kairo-mit-einem-innovativen-bildungs-und-sportprojekt\/#local-main-organization-logo","url":"","contentUrl":"","caption":"Rafa Nadal Academy"}]}},"_links":{"self":[{"href":"https:\/\/www.rafanadalacademy.com\/de\/wp-json\/wp\/v2\/posts\/37200","targetHints":{"allow":["GET"]}}],"collection":[{"href":"https:\/\/www.rafanadalacademy.com\/de\/wp-json\/wp\/v2\/posts"}],"about":[{"href":"https:\/\/www.rafanadalacademy.com\/de\/wp-json\/wp\/v2\/types\/post"}],"author":[{"embeddable":true,"href":"https:\/\/www.rafanadalacademy.com\/de\/wp-json\/wp\/v2\/users\/23"}],"replies":[{"embeddable":true,"href":"https:\/\/www.rafanadalacademy.com\/de\/wp-json\/wp\/v2\/comments?post=37200"}],"version-history":[{"count":1,"href":"https:\/\/www.rafanadalacademy.com\/de\/wp-json\/wp\/v2\/posts\/37200\/revisions"}],"predecessor-version":[{"id":37201,"href":"https:\/\/www.rafanadalacademy.com\/de\/wp-json\/wp\/v2\/posts\/37200\/revisions\/37201"}],"wp:featuredmedia":[{"embeddable":true,"href":"https:\/\/www.rafanadalacademy.com\/de\/wp-json\/wp\/v2\/media\/37135"}],"wp:attachment":[{"href":"https:\/\/www.rafanadalacademy.com\/de\/wp-json\/wp\/v2\/media?parent=37200"}],"wp:term":[{"taxonomy":"category","embeddable":true,"href":"https:\/\/www.rafanadalacademy.com\/de\/wp-json\/wp\/v2\/categories?post=37200"},{"taxonomy":"post_tag","embeddable":true,"href":"https:\/\/www.rafanadalacademy.com\/de\/wp-json\/wp\/v2\/tags?post=37200"}],"curies":[{"name":"wp","href":"https:\/\/api.w.org\/{rel}","templated":true}]}}