{"id":37164,"date":"2025-11-25T09:05:07","date_gmt":"2025-11-25T09:05:07","guid":{"rendered":"https:\/\/www.rafanadalacademy.com\/unkategorisiert\/jaume-munar-beendet-das-beste-jahr-seiner-karriere\/"},"modified":"2025-11-25T11:02:07","modified_gmt":"2025-11-25T11:02:07","slug":"jaume-munar-beendet-das-beste-jahr-seiner-karriere","status":"publish","type":"post","link":"https:\/\/www.rafanadalacademy.com\/de\/rafa-nadal-academy-von-movistar\/jaume-munar-beendet-das-beste-jahr-seiner-karriere\/","title":{"rendered":"Jaume Munar beendet das beste Jahr seiner Karriere"},"content":{"rendered":"\n<p>Jaume Munar beendete die Saison 2025, zweifellos die erfolgreichste seiner Karriere auf der ATP-Tour, mit der Teilnahme am gro\u00dfen Davis-Cup-Finale mit Spanien in Bologna gegen Italien, das zum dritten Mal in Folge zum Champion gek\u00fcrt wurde.<\/p>\n\n<figure class=\"wp-block-image size-large\"><img loading=\"lazy\" decoding=\"async\" width=\"1024\" height=\"630\" src=\"https:\/\/www.rafanadalacademy.com\/wp-content\/uploads\/2025\/11\/MUNAR-COPA-DAVIS-II-scaled-e1764061251166-1024x630.jpg\" alt=\"Jaume Munar im Finale des Davis Cups 2025\" class=\"wp-image-37092\" srcset=\"https:\/\/www.rafanadalacademy.com\/wp-content\/uploads\/2025\/11\/MUNAR-COPA-DAVIS-II-scaled-e1764061251166-1024x630.jpg 1024w, https:\/\/www.rafanadalacademy.com\/wp-content\/uploads\/2025\/11\/MUNAR-COPA-DAVIS-II-scaled-e1764061251166-300x184.jpg 300w, https:\/\/www.rafanadalacademy.com\/wp-content\/uploads\/2025\/11\/MUNAR-COPA-DAVIS-II-scaled-e1764061251166-768x472.jpg 768w, https:\/\/www.rafanadalacademy.com\/wp-content\/uploads\/2025\/11\/MUNAR-COPA-DAVIS-II-scaled-e1764061251166-1536x944.jpg 1536w, https:\/\/www.rafanadalacademy.com\/wp-content\/uploads\/2025\/11\/MUNAR-COPA-DAVIS-II-scaled-e1764061251166-2048x1259.jpg 2048w\" sizes=\"auto, (max-width: 1024px) 100vw, 1024px\" \/><figcaption class=\"wp-element-caption\">Jaume Munar im Finale des Davis Cups 2025<\/figcaption><\/figure>\n\n<div style=\"height:30px\" aria-hidden=\"true\" class=\"wp-block-spacer\"><\/div>\n\n<p>Die Anwesenheit des Mallorquiners im spanischen Aufgebot best\u00e4tigt den Status, den er in diesem Jahr erreicht hat, und festigt ihn als einen der zuverl\u00e4ssigsten Spieler auf der Tour und als wichtigen Bestandteil der Nationalmannschaft.<\/p>\n\n<p>Seit dem 25. Oktober belegt Munar den 36. Platz in der ATP-Rangliste, die beste Platzierung seiner Karriere. Sein Aufstieg basiert auf einer Saison voller H\u00f6hepunkte, beginnend mit seiner herausragenden Leistung bei den US Open, wo er zum ersten Mal das Achtelfinale eines Grand Slams erreichte. Im Wesentlichen ein Wendepunkt in seiner Karriere.  <\/p>\n\n<p>Dar\u00fcber hinaus gl\u00e4nzte der in der Rafa Nadal Academy ausgebildete Tennisspieler bei mehreren Turnieren des Kalenders und erreichte das Halbfinale in Basel und Dallas \u2013 beides ATP 500 \u2013 und in Hongkong (ATP 250). Auf Masters-1000-Niveau erreichte er ein verdienstvolles Achtelfinale in Rom. <\/p>\n\n<div style=\"height:30px\" aria-hidden=\"true\" class=\"wp-block-spacer\"><\/div>\n\n<figure class=\"wp-block-image size-large\"><img loading=\"lazy\" decoding=\"async\" width=\"1024\" height=\"683\" src=\"https:\/\/www.rafanadalacademy.com\/wp-content\/uploads\/2025\/11\/ESPANA-COPA-DAVIS-2025-1024x683.jpg\" alt=\"Das spanische Davis-Cup-Team 2025 im Finale gegen Italien\" class=\"wp-image-37108\" srcset=\"https:\/\/www.rafanadalacademy.com\/wp-content\/uploads\/2025\/11\/ESPANA-COPA-DAVIS-2025-1024x683.jpg 1024w, https:\/\/www.rafanadalacademy.com\/wp-content\/uploads\/2025\/11\/ESPANA-COPA-DAVIS-2025-300x200.jpg 300w, https:\/\/www.rafanadalacademy.com\/wp-content\/uploads\/2025\/11\/ESPANA-COPA-DAVIS-2025-768x512.jpg 768w, https:\/\/www.rafanadalacademy.com\/wp-content\/uploads\/2025\/11\/ESPANA-COPA-DAVIS-2025-1536x1024.jpg 1536w, https:\/\/www.rafanadalacademy.com\/wp-content\/uploads\/2025\/11\/ESPANA-COPA-DAVIS-2025-2048x1365.jpg 2048w\" sizes=\"auto, (max-width: 1024px) 100vw, 1024px\" \/><\/figure>\n\n<div style=\"height:30px\" aria-hidden=\"true\" class=\"wp-block-spacer\"><\/div>\n\n<p>Einer der herausragendsten Aspekte seiner Saison war seine Leistung auf Hallenpl\u00e4tzen, wo er ein au\u00dfergew\u00f6hnliches, konstantes und konkurrenzf\u00e4higes Niveau gegen hochkar\u00e4tige Rivalen zeigte. Ein Beweis daf\u00fcr sind seine Siege gegen Top-10-Spieler wie Ben Shelton in Basel und Daniil Medvedev in Miami, zwei Triumphe, die seinen Qualit\u00e4tssprung festigten. <\/p>\n\n<p>Munar r\u00e4umt ein, dass er einen ganz besonderen Moment seiner Karriere erlebt:<br\/>\u201eEs war ein sehr positives Jahr. Auf der Tennisebene habe ich mich in vielen Aspekten verbessert und die Reife hilft mir, besser zu konkurrieren. Ich habe das Gef\u00fchl, dass ich ein immer kompletterer Spieler werde. Ich bin sehr zufrieden mit dem, was ich erreicht habe, aber ich bin mir im Klaren dar\u00fcber, dass ich mehr will\u201c, erkl\u00e4rte er nach dem Ende der Saison.<\/p>\n\n<p>Das Davis-Cup-Finale setzte zudem den perfekten Schlusspunkt unter ein unvergessliches Jahr 2025 f\u00fcr den Mallorquiner, der den Kurs als einer der gro\u00dfen Namen des spanischen Tennis auf internationaler Ebene abschlie\u00dft.<\/p>\n\n<p>Von der Rafa Nadal Academy danken wir Ihnen, Jaume, f\u00fcr Ihren Kampfgeist, Ihre Leidenschaft und daf\u00fcr, dass Sie auf dem Platz alles gegeben haben. Herzlichen Gl\u00fcckwunsch an Spanien, David Ferrer und den K\u00f6niglich Spanischen Tennisverband zu ihrem Ergebnis im Davis Cup. <\/p>\n","protected":false},"excerpt":{"rendered":"<p>Jaume Munar beendete die Saison 2025, zweifellos die erfolgreichste seiner Karriere auf der ATP-Tour, mit der Teilnahme am gro\u00dfen Davis-Cup-Finale mit Spanien in Bologna gegen Italien, das zum dritten Mal in Folge zum Champion gek\u00fcrt wurde. Die Anwesenheit des Mallorquiners im spanischen Aufgebot best\u00e4tigt den Status, den er in diesem Jahr erreicht hat, und festigt<a href=\"https:\/\/www.rafanadalacademy.com\/de\/rafa-nadal-academy-von-movistar\/jaume-munar-beendet-das-beste-jahr-seiner-karriere\/\">Continue reading <span class=\"sr-only\">&#8220;Jaume Munar beendet das beste Jahr seiner Karriere&#8221;<\/span><\/a><\/p>\n","protected":false},"author":23,"featured_media":37104,"comment_status":"closed","ping_status":"closed","sticky":false,"template":"","format":"standard","meta":{"_acf_changed":false,"footnotes":""},"categories":[159,203],"tags":[204],"class_list":["post-37164","post","type-post","status-publish","format-standard","has-post-thumbnail","hentry","category-nachricht","category-rafa-nadal-academy-von-movistar","tag-rafa-nadal-academy-von-movistar"],"acf":[],"yoast_head":"<!-- This site is optimized with the Yoast SEO Premium plugin v26.8 (Yoast SEO v26.9) - https:\/\/yoast.com\/product\/yoast-seo-premium-wordpress\/ -->\n<title>Jaume Munar beendet das beste Jahr seiner Karriere - Rafa Nadal Academy<\/title>\n<meta name=\"description\" content=\"Jaume Munar beendete die Saison 2025, zweifellos die erfolgreichste seiner Karriere auf der ATP-Tour, mit der Teilnahme am gro\u00dfen Davis-Cup-Finale mit Spanien in Bologna gegen Italien, das zum dritten Mal in Folge zum Champion gek\u00fcrt wurde.\" \/>\n<meta name=\"robots\" content=\"index, follow, max-snippet:-1, max-image-preview:large, max-video-preview:-1\" \/>\n<link rel=\"canonical\" href=\"https:\/\/www.rafanadalacademy.com\/de\/rafa-nadal-academy-von-movistar\/jaume-munar-beendet-das-beste-jahr-seiner-karriere\/\" \/>\n<meta property=\"og:locale\" content=\"de_DE\" \/>\n<meta property=\"og:type\" content=\"article\" \/>\n<meta property=\"og:title\" content=\"Jaume Munar beendet das beste Jahr seiner Karriere\" \/>\n<meta property=\"og:description\" content=\"Jaume Munar beendete die Saison 2025, zweifellos die erfolgreichste seiner Karriere auf der ATP-Tour, mit der Teilnahme am gro\u00dfen Davis-Cup-Finale mit Spanien in Bologna gegen Italien, das zum dritten Mal in Folge zum Champion gek\u00fcrt wurde.\" \/>\n<meta property=\"og:url\" content=\"https:\/\/www.rafanadalacademy.com\/de\/rafa-nadal-academy-von-movistar\/jaume-munar-beendet-das-beste-jahr-seiner-karriere\/\" \/>\n<meta property=\"og:site_name\" content=\"Rafa Nadal Academy\" \/>\n<meta property=\"article:published_time\" content=\"2025-11-25T09:05:07+00:00\" \/>\n<meta property=\"article:modified_time\" content=\"2025-11-25T11:02:07+00:00\" \/>\n<meta property=\"og:image\" content=\"https:\/\/www.rafanadalacademy.com\/wp-content\/uploads\/2025\/11\/MUNAR-COPA-DAVIS-scaled-e1764061641642.jpg\" \/>\n\t<meta property=\"og:image:width\" content=\"2560\" \/>\n\t<meta property=\"og:image:height\" content=\"1707\" \/>\n\t<meta property=\"og:image:type\" content=\"image\/jpeg\" \/>\n<meta name=\"author\" content=\"joseluisprados\" \/>\n<meta name=\"twitter:card\" content=\"summary_large_image\" \/>\n<meta name=\"twitter:label1\" content=\"Written by\" \/>\n\t<meta name=\"twitter:data1\" content=\"joseluisprados\" \/>\n\t<meta name=\"twitter:label2\" content=\"Est. reading time\" \/>\n\t<meta name=\"twitter:data2\" content=\"2 minutes\" \/>\n<script type=\"application\/ld+json\" class=\"yoast-schema-graph\">{\"@context\":\"https:\/\/schema.org\",\"@graph\":[{\"@type\":\"Article\",\"@id\":\"https:\/\/www.rafanadalacademy.com\/de\/rafa-nadal-academy-von-movistar\/jaume-munar-beendet-das-beste-jahr-seiner-karriere\/#article\",\"isPartOf\":{\"@id\":\"https:\/\/www.rafanadalacademy.com\/de\/rafa-nadal-academy-von-movistar\/jaume-munar-beendet-das-beste-jahr-seiner-karriere\/\"},\"author\":{\"name\":\"joseluisprados\",\"@id\":\"https:\/\/www.rafanadalacademy.com\/de\/#\/schema\/person\/744897d6ee269641fff954376180ef01\"},\"headline\":\"Jaume Munar beendet das beste Jahr seiner Karriere\",\"datePublished\":\"2025-11-25T09:05:07+00:00\",\"dateModified\":\"2025-11-25T11:02:07+00:00\",\"mainEntityOfPage\":{\"@id\":\"https:\/\/www.rafanadalacademy.com\/de\/rafa-nadal-academy-von-movistar\/jaume-munar-beendet-das-beste-jahr-seiner-karriere\/\"},\"wordCount\":392,\"image\":{\"@id\":\"https:\/\/www.rafanadalacademy.com\/de\/rafa-nadal-academy-von-movistar\/jaume-munar-beendet-das-beste-jahr-seiner-karriere\/#primaryimage\"},\"thumbnailUrl\":\"https:\/\/www.rafanadalacademy.com\/wp-content\/uploads\/2025\/11\/MUNAR-COPA-DAVIS-scaled-e1764061641642.jpg\",\"keywords\":[\"RAFA NADAL ACADEMY VON MOVISTAR\"],\"articleSection\":[\"Nachricht\",\"RAFA NADAL ACADEMY VON MOVISTAR\"],\"inLanguage\":\"de-DE\",\"copyrightYear\":\"2025\",\"copyrightHolder\":{\"@id\":\"https:\/\/www.rafanadalacademy.com\/#organization\"}},{\"@type\":\"WebPage\",\"@id\":\"https:\/\/www.rafanadalacademy.com\/de\/rafa-nadal-academy-von-movistar\/jaume-munar-beendet-das-beste-jahr-seiner-karriere\/\",\"url\":\"https:\/\/www.rafanadalacademy.com\/de\/rafa-nadal-academy-von-movistar\/jaume-munar-beendet-das-beste-jahr-seiner-karriere\/\",\"name\":\"Jaume Munar beendet das beste Jahr seiner Karriere - Rafa Nadal Academy\",\"isPartOf\":{\"@id\":\"https:\/\/www.rafanadalacademy.com\/de\/#website\"},\"primaryImageOfPage\":{\"@id\":\"https:\/\/www.rafanadalacademy.com\/de\/rafa-nadal-academy-von-movistar\/jaume-munar-beendet-das-beste-jahr-seiner-karriere\/#primaryimage\"},\"image\":{\"@id\":\"https:\/\/www.rafanadalacademy.com\/de\/rafa-nadal-academy-von-movistar\/jaume-munar-beendet-das-beste-jahr-seiner-karriere\/#primaryimage\"},\"thumbnailUrl\":\"https:\/\/www.rafanadalacademy.com\/wp-content\/uploads\/2025\/11\/MUNAR-COPA-DAVIS-scaled-e1764061641642.jpg\",\"datePublished\":\"2025-11-25T09:05:07+00:00\",\"dateModified\":\"2025-11-25T11:02:07+00:00\",\"author\":{\"@id\":\"https:\/\/www.rafanadalacademy.com\/de\/#\/schema\/person\/744897d6ee269641fff954376180ef01\"},\"description\":\"Jaume Munar beendete die Saison 2025, zweifellos die erfolgreichste seiner Karriere auf der ATP-Tour, mit der Teilnahme am gro\u00dfen Davis-Cup-Finale mit Spanien in Bologna gegen Italien, das zum dritten Mal in Folge zum Champion gek\u00fcrt wurde.\",\"breadcrumb\":{\"@id\":\"https:\/\/www.rafanadalacademy.com\/de\/rafa-nadal-academy-von-movistar\/jaume-munar-beendet-das-beste-jahr-seiner-karriere\/#breadcrumb\"},\"inLanguage\":\"de-DE\",\"potentialAction\":[{\"@type\":\"ReadAction\",\"target\":[\"https:\/\/www.rafanadalacademy.com\/de\/rafa-nadal-academy-von-movistar\/jaume-munar-beendet-das-beste-jahr-seiner-karriere\/\"]}]},{\"@type\":\"ImageObject\",\"inLanguage\":\"de-DE\",\"@id\":\"https:\/\/www.rafanadalacademy.com\/de\/rafa-nadal-academy-von-movistar\/jaume-munar-beendet-das-beste-jahr-seiner-karriere\/#primaryimage\",\"url\":\"https:\/\/www.rafanadalacademy.com\/wp-content\/uploads\/2025\/11\/MUNAR-COPA-DAVIS-scaled-e1764061641642.jpg\",\"contentUrl\":\"https:\/\/www.rafanadalacademy.com\/wp-content\/uploads\/2025\/11\/MUNAR-COPA-DAVIS-scaled-e1764061641642.jpg\",\"width\":2560,\"height\":1707,\"caption\":\"Jaume Munar, en la final de la Copa Davis 2025\"},{\"@type\":\"BreadcrumbList\",\"@id\":\"https:\/\/www.rafanadalacademy.com\/de\/rafa-nadal-academy-von-movistar\/jaume-munar-beendet-das-beste-jahr-seiner-karriere\/#breadcrumb\",\"itemListElement\":[{\"@type\":\"ListItem\",\"position\":1,\"name\":\"Home\",\"item\":\"https:\/\/www.rafanadalacademy.com\/de\/\"},{\"@type\":\"ListItem\",\"position\":2,\"name\":\"Jaume Munar beendet das beste Jahr seiner Karriere\"}]},{\"@type\":\"WebSite\",\"@id\":\"https:\/\/www.rafanadalacademy.com\/de\/#website\",\"url\":\"https:\/\/www.rafanadalacademy.com\/de\/\",\"name\":\"Rafa Nadal Academy\",\"description\":\"Otro sitio realizado con WordPress\",\"potentialAction\":[{\"@type\":\"SearchAction\",\"target\":{\"@type\":\"EntryPoint\",\"urlTemplate\":\"https:\/\/www.rafanadalacademy.com\/de\/?s={search_term_string}\"},\"query-input\":{\"@type\":\"PropertyValueSpecification\",\"valueRequired\":true,\"valueName\":\"search_term_string\"}}],\"inLanguage\":\"de-DE\"},{\"@type\":\"Person\",\"@id\":\"https:\/\/www.rafanadalacademy.com\/de\/#\/schema\/person\/744897d6ee269641fff954376180ef01\",\"name\":\"joseluisprados\",\"image\":{\"@type\":\"ImageObject\",\"inLanguage\":\"de-DE\",\"@id\":\"https:\/\/www.rafanadalacademy.com\/de\/#\/schema\/person\/image\/\",\"url\":\"https:\/\/secure.gravatar.com\/avatar\/8aa823a6e5501864ffab4785d9e2a994b59c2d45c9f9751c5a532abfec081e5f?s=96&d=mm&r=g\",\"contentUrl\":\"https:\/\/secure.gravatar.com\/avatar\/8aa823a6e5501864ffab4785d9e2a994b59c2d45c9f9751c5a532abfec081e5f?s=96&d=mm&r=g\",\"caption\":\"joseluisprados\"},\"url\":\"https:\/\/www.rafanadalacademy.com\/de\/author\/joseluisprados\/\"},{\"@type\":\"ImageObject\",\"inLanguage\":\"de-DE\",\"@id\":\"https:\/\/www.rafanadalacademy.com\/de\/rafa-nadal-academy-von-movistar\/jaume-munar-beendet-das-beste-jahr-seiner-karriere\/#local-main-organization-logo\",\"url\":\"\",\"contentUrl\":\"\",\"caption\":\"Rafa Nadal Academy\"}]}<\/script>\n<!-- \/ Yoast SEO Premium plugin. -->","yoast_head_json":{"title":"Jaume Munar beendet das beste Jahr seiner Karriere - Rafa Nadal Academy","description":"Jaume Munar beendete die Saison 2025, zweifellos die erfolgreichste seiner Karriere auf der ATP-Tour, mit der Teilnahme am gro\u00dfen Davis-Cup-Finale mit Spanien in Bologna gegen Italien, das zum dritten Mal in Folge zum Champion gek\u00fcrt wurde.","robots":{"index":"index","follow":"follow","max-snippet":"max-snippet:-1","max-image-preview":"max-image-preview:large","max-video-preview":"max-video-preview:-1"},"canonical":"https:\/\/www.rafanadalacademy.com\/de\/rafa-nadal-academy-von-movistar\/jaume-munar-beendet-das-beste-jahr-seiner-karriere\/","og_locale":"de_DE","og_type":"article","og_title":"Jaume Munar beendet das beste Jahr seiner Karriere","og_description":"Jaume Munar beendete die Saison 2025, zweifellos die erfolgreichste seiner Karriere auf der ATP-Tour, mit der Teilnahme am gro\u00dfen Davis-Cup-Finale mit Spanien in Bologna gegen Italien, das zum dritten Mal in Folge zum Champion gek\u00fcrt wurde.","og_url":"https:\/\/www.rafanadalacademy.com\/de\/rafa-nadal-academy-von-movistar\/jaume-munar-beendet-das-beste-jahr-seiner-karriere\/","og_site_name":"Rafa Nadal Academy","article_published_time":"2025-11-25T09:05:07+00:00","article_modified_time":"2025-11-25T11:02:07+00:00","og_image":[{"width":2560,"height":1707,"url":"https:\/\/www.rafanadalacademy.com\/wp-content\/uploads\/2025\/11\/MUNAR-COPA-DAVIS-scaled-e1764061641642.jpg","type":"image\/jpeg"}],"author":"joseluisprados","twitter_card":"summary_large_image","twitter_misc":{"Written by":"joseluisprados","Est. reading time":"2 minutes"},"schema":{"@context":"https:\/\/schema.org","@graph":[{"@type":"Article","@id":"https:\/\/www.rafanadalacademy.com\/de\/rafa-nadal-academy-von-movistar\/jaume-munar-beendet-das-beste-jahr-seiner-karriere\/#article","isPartOf":{"@id":"https:\/\/www.rafanadalacademy.com\/de\/rafa-nadal-academy-von-movistar\/jaume-munar-beendet-das-beste-jahr-seiner-karriere\/"},"author":{"name":"joseluisprados","@id":"https:\/\/www.rafanadalacademy.com\/de\/#\/schema\/person\/744897d6ee269641fff954376180ef01"},"headline":"Jaume Munar beendet das beste Jahr seiner Karriere","datePublished":"2025-11-25T09:05:07+00:00","dateModified":"2025-11-25T11:02:07+00:00","mainEntityOfPage":{"@id":"https:\/\/www.rafanadalacademy.com\/de\/rafa-nadal-academy-von-movistar\/jaume-munar-beendet-das-beste-jahr-seiner-karriere\/"},"wordCount":392,"image":{"@id":"https:\/\/www.rafanadalacademy.com\/de\/rafa-nadal-academy-von-movistar\/jaume-munar-beendet-das-beste-jahr-seiner-karriere\/#primaryimage"},"thumbnailUrl":"https:\/\/www.rafanadalacademy.com\/wp-content\/uploads\/2025\/11\/MUNAR-COPA-DAVIS-scaled-e1764061641642.jpg","keywords":["RAFA NADAL ACADEMY VON MOVISTAR"],"articleSection":["Nachricht","RAFA NADAL ACADEMY VON MOVISTAR"],"inLanguage":"de-DE","copyrightYear":"2025","copyrightHolder":{"@id":"https:\/\/www.rafanadalacademy.com\/#organization"}},{"@type":"WebPage","@id":"https:\/\/www.rafanadalacademy.com\/de\/rafa-nadal-academy-von-movistar\/jaume-munar-beendet-das-beste-jahr-seiner-karriere\/","url":"https:\/\/www.rafanadalacademy.com\/de\/rafa-nadal-academy-von-movistar\/jaume-munar-beendet-das-beste-jahr-seiner-karriere\/","name":"Jaume Munar beendet das beste Jahr seiner Karriere - Rafa Nadal Academy","isPartOf":{"@id":"https:\/\/www.rafanadalacademy.com\/de\/#website"},"primaryImageOfPage":{"@id":"https:\/\/www.rafanadalacademy.com\/de\/rafa-nadal-academy-von-movistar\/jaume-munar-beendet-das-beste-jahr-seiner-karriere\/#primaryimage"},"image":{"@id":"https:\/\/www.rafanadalacademy.com\/de\/rafa-nadal-academy-von-movistar\/jaume-munar-beendet-das-beste-jahr-seiner-karriere\/#primaryimage"},"thumbnailUrl":"https:\/\/www.rafanadalacademy.com\/wp-content\/uploads\/2025\/11\/MUNAR-COPA-DAVIS-scaled-e1764061641642.jpg","datePublished":"2025-11-25T09:05:07+00:00","dateModified":"2025-11-25T11:02:07+00:00","author":{"@id":"https:\/\/www.rafanadalacademy.com\/de\/#\/schema\/person\/744897d6ee269641fff954376180ef01"},"description":"Jaume Munar beendete die Saison 2025, zweifellos die erfolgreichste seiner Karriere auf der ATP-Tour, mit der Teilnahme am gro\u00dfen Davis-Cup-Finale mit Spanien in Bologna gegen Italien, das zum dritten Mal in Folge zum Champion gek\u00fcrt wurde.","breadcrumb":{"@id":"https:\/\/www.rafanadalacademy.com\/de\/rafa-nadal-academy-von-movistar\/jaume-munar-beendet-das-beste-jahr-seiner-karriere\/#breadcrumb"},"inLanguage":"de-DE","potentialAction":[{"@type":"ReadAction","target":["https:\/\/www.rafanadalacademy.com\/de\/rafa-nadal-academy-von-movistar\/jaume-munar-beendet-das-beste-jahr-seiner-karriere\/"]}]},{"@type":"ImageObject","inLanguage":"de-DE","@id":"https:\/\/www.rafanadalacademy.com\/de\/rafa-nadal-academy-von-movistar\/jaume-munar-beendet-das-beste-jahr-seiner-karriere\/#primaryimage","url":"https:\/\/www.rafanadalacademy.com\/wp-content\/uploads\/2025\/11\/MUNAR-COPA-DAVIS-scaled-e1764061641642.jpg","contentUrl":"https:\/\/www.rafanadalacademy.com\/wp-content\/uploads\/2025\/11\/MUNAR-COPA-DAVIS-scaled-e1764061641642.jpg","width":2560,"height":1707,"caption":"Jaume Munar, en la final de la Copa Davis 2025"},{"@type":"BreadcrumbList","@id":"https:\/\/www.rafanadalacademy.com\/de\/rafa-nadal-academy-von-movistar\/jaume-munar-beendet-das-beste-jahr-seiner-karriere\/#breadcrumb","itemListElement":[{"@type":"ListItem","position":1,"name":"Home","item":"https:\/\/www.rafanadalacademy.com\/de\/"},{"@type":"ListItem","position":2,"name":"Jaume Munar beendet das beste Jahr seiner Karriere"}]},{"@type":"WebSite","@id":"https:\/\/www.rafanadalacademy.com\/de\/#website","url":"https:\/\/www.rafanadalacademy.com\/de\/","name":"Rafa Nadal Academy","description":"Otro sitio realizado con WordPress","potentialAction":[{"@type":"SearchAction","target":{"@type":"EntryPoint","urlTemplate":"https:\/\/www.rafanadalacademy.com\/de\/?s={search_term_string}"},"query-input":{"@type":"PropertyValueSpecification","valueRequired":true,"valueName":"search_term_string"}}],"inLanguage":"de-DE"},{"@type":"Person","@id":"https:\/\/www.rafanadalacademy.com\/de\/#\/schema\/person\/744897d6ee269641fff954376180ef01","name":"joseluisprados","image":{"@type":"ImageObject","inLanguage":"de-DE","@id":"https:\/\/www.rafanadalacademy.com\/de\/#\/schema\/person\/image\/","url":"https:\/\/secure.gravatar.com\/avatar\/8aa823a6e5501864ffab4785d9e2a994b59c2d45c9f9751c5a532abfec081e5f?s=96&d=mm&r=g","contentUrl":"https:\/\/secure.gravatar.com\/avatar\/8aa823a6e5501864ffab4785d9e2a994b59c2d45c9f9751c5a532abfec081e5f?s=96&d=mm&r=g","caption":"joseluisprados"},"url":"https:\/\/www.rafanadalacademy.com\/de\/author\/joseluisprados\/"},{"@type":"ImageObject","inLanguage":"de-DE","@id":"https:\/\/www.rafanadalacademy.com\/de\/rafa-nadal-academy-von-movistar\/jaume-munar-beendet-das-beste-jahr-seiner-karriere\/#local-main-organization-logo","url":"","contentUrl":"","caption":"Rafa Nadal Academy"}]}},"_links":{"self":[{"href":"https:\/\/www.rafanadalacademy.com\/de\/wp-json\/wp\/v2\/posts\/37164","targetHints":{"allow":["GET"]}}],"collection":[{"href":"https:\/\/www.rafanadalacademy.com\/de\/wp-json\/wp\/v2\/posts"}],"about":[{"href":"https:\/\/www.rafanadalacademy.com\/de\/wp-json\/wp\/v2\/types\/post"}],"author":[{"embeddable":true,"href":"https:\/\/www.rafanadalacademy.com\/de\/wp-json\/wp\/v2\/users\/23"}],"replies":[{"embeddable":true,"href":"https:\/\/www.rafanadalacademy.com\/de\/wp-json\/wp\/v2\/comments?post=37164"}],"version-history":[{"count":1,"href":"https:\/\/www.rafanadalacademy.com\/de\/wp-json\/wp\/v2\/posts\/37164\/revisions"}],"predecessor-version":[{"id":37165,"href":"https:\/\/www.rafanadalacademy.com\/de\/wp-json\/wp\/v2\/posts\/37164\/revisions\/37165"}],"wp:featuredmedia":[{"embeddable":true,"href":"https:\/\/www.rafanadalacademy.com\/de\/wp-json\/wp\/v2\/media\/37104"}],"wp:attachment":[{"href":"https:\/\/www.rafanadalacademy.com\/de\/wp-json\/wp\/v2\/media?parent=37164"}],"wp:term":[{"taxonomy":"category","embeddable":true,"href":"https:\/\/www.rafanadalacademy.com\/de\/wp-json\/wp\/v2\/categories?post=37164"},{"taxonomy":"post_tag","embeddable":true,"href":"https:\/\/www.rafanadalacademy.com\/de\/wp-json\/wp\/v2\/tags?post=37164"}],"curies":[{"name":"wp","href":"https:\/\/api.w.org\/{rel}","templated":true}]}}