{"id":35591,"date":"2025-10-20T09:07:55","date_gmt":"2025-10-20T09:07:55","guid":{"rendered":"https:\/\/www.rafanadalacademy.com\/unkategorisiert\/casper-ruud-wird-am-neunten-jahrestag-der-rafa-nadal-academy-in-stockholm-gekroent\/"},"modified":"2025-10-20T09:17:19","modified_gmt":"2025-10-20T09:17:19","slug":"casper-ruud-wird-am-neunten-jahrestag-der-rafa-nadal-academy-in-stockholm-gekroent","status":"publish","type":"post","link":"https:\/\/www.rafanadalacademy.com\/de\/rafa-nadal-academy-von-movistar\/casper-ruud-wird-am-neunten-jahrestag-der-rafa-nadal-academy-in-stockholm-gekroent\/","title":{"rendered":"Casper Ruud wird am neunten Jahrestag der Rafa Nadal Academy in Stockholm gekr\u00f6nt"},"content":{"rendered":"\n<p>Der Norweger Casper Ruud gewann den Titel bei den Nordic Open Stockholm, nachdem er den Franzosen Ugo Humbert im Finale mit 6:2, 6:3 besiegt hatte. Der Spieler der Rafa Nadal Academy, der die Nummer 2 der Welt war und 2022 im Finale von Roland Garros gegen Rafa Nadal spielte, hat seinen zweiten Titel in dieser Saison gewonnen, nachdem er zuvor die Mutua Madrid Open gewonnen hatte. <\/p>\n\n<figure class=\"wp-block-image size-full\"><img loading=\"lazy\" decoding=\"async\" width=\"1920\" height=\"1080\" src=\"https:\/\/www.rafanadalacademy.com\/wp-content\/uploads\/2025\/10\/estocolmo-2025-domingo-ruud-campeon.jpg\" alt=\"\" class=\"wp-image-35573\" srcset=\"https:\/\/www.rafanadalacademy.com\/wp-content\/uploads\/2025\/10\/estocolmo-2025-domingo-ruud-campeon.jpg 1920w, https:\/\/www.rafanadalacademy.com\/wp-content\/uploads\/2025\/10\/estocolmo-2025-domingo-ruud-campeon-300x169.jpg 300w, https:\/\/www.rafanadalacademy.com\/wp-content\/uploads\/2025\/10\/estocolmo-2025-domingo-ruud-campeon-1024x576.jpg 1024w, https:\/\/www.rafanadalacademy.com\/wp-content\/uploads\/2025\/10\/estocolmo-2025-domingo-ruud-campeon-768x432.jpg 768w, https:\/\/www.rafanadalacademy.com\/wp-content\/uploads\/2025\/10\/estocolmo-2025-domingo-ruud-campeon-1536x864.jpg 1536w\" sizes=\"auto, (max-width: 1920px) 100vw, 1920px\" \/><figcaption class=\"wp-element-caption\">Casper Rudd, Sieger der Nordic Open Stockholm 2025 &#8211; Linnea Rheborg\/Getty Images<\/figcaption><\/figure>\n\n<div style=\"height:50px\" aria-hidden=\"true\" class=\"wp-block-spacer\"><\/div>\n\n<p>Ruud, der von der Rafa Nadal Academy von Movistar-Trainer Pedro Clar begleitet wurde, zeigte eine makellose Leistung, gewann 36 von 39 Punkten bei eigenem Aufschlag und kassierte kein einziges Break, obwohl Humbert sechs Breakb\u00e4lle hatte. In nur 68 Minuten besiegte der Norweger den Franzosen und holte sich den vierzehnten Titel seiner Karriere. <\/p>\n\n<p>Der Tennisspieler verbarg seine Freude nicht, nachdem er ein Turnier gewonnen hatte, das auf der Liste der wahren Tennislegenden steht. &#8220;Ich bin sehr gl\u00fccklich, hier in Stockholm zu gewinnen. Es ist ein wahr gewordener Kindheitstraum, weil es in der N\u00e4he von Norwegen liegt und weil hier in der Vergangenheit gro\u00dfe Legenden gespielt haben: Federer, Nadal, Borg, McEnroe&#8230; Es ist eine Ehre, den Titel in diesem Turnier zu gewinnen&#8221;, sagte Ruud. <\/p>\n\n<div style=\"height:50px\" aria-hidden=\"true\" class=\"wp-block-spacer\"><\/div>\n\n<figure class=\"wp-block-embed is-type-rich is-provider-twitter wp-block-embed-twitter\"><div class=\"wp-block-embed__wrapper\">\n<blockquote class=\"twitter-tweet\" data-width=\"500\" data-dnt=\"true\"><p lang=\"en\" dir=\"ltr\">Out of this world performance \ud83c\udf0e<br><br>A simply flawless <a href=\"https:\/\/twitter.com\/CasperRuud98?ref_src=twsrc%5Etfw\">@CasperRuud98<\/a> takes the crown with a 6-2 6-3 scoreline<a href=\"https:\/\/twitter.com\/bnppnordicopen?ref_src=twsrc%5Etfw\">@bnppnordicopen<\/a> | <a href=\"https:\/\/twitter.com\/hashtag\/bnppnordicopen?src=hash&amp;ref_src=twsrc%5Etfw\">#bnppnordicopen<\/a> <a href=\"https:\/\/t.co\/g0fu0WD4Hi\">pic.twitter.com\/g0fu0WD4Hi<\/a><\/p>&mdash; ATP Tour (@atptour) <a href=\"https:\/\/twitter.com\/atptour\/status\/1979917720867975445?ref_src=twsrc%5Etfw\">October 19, 2025<\/a><\/blockquote><script async src=\"https:\/\/platform.twitter.com\/widgets.js\" charset=\"utf-8\"><\/script>\n<\/div><\/figure>\n\n<div style=\"height:50px\" aria-hidden=\"true\" class=\"wp-block-spacer\"><\/div>\n\n<p>Der Sieg in Stockholm erm\u00f6glicht es ihm auch, der Spieler mit den meisten Hallensiegen (11) im Jahr 2025 zu werden und seine Chancen auf eine Qualifikation f\u00fcr die ATP Finals am Leben zu erhalten. Ruud liegt derzeit auf Platz 11 im Race, 745 Punkte hinter dem Italiener Lorenzo Musetti, der derzeit den achten und letzten Platz f\u00fcr das Turnier in Turin innehat, wo der Norweger im letzten Jahr Finalist war. <\/p>\n\n<div style=\"height:51px\" aria-hidden=\"true\" class=\"wp-block-spacer\"><\/div>\n\n<figure class=\"wp-block-embed is-type-rich is-provider-twitter wp-block-embed-twitter\"><div class=\"wp-block-embed__wrapper\">\n<blockquote class=\"twitter-tweet\" data-width=\"500\" data-dnt=\"true\"><p lang=\"en\" dir=\"ltr\">Easy does it \ud83d\ude05\ud83d\udcaa<br><br>The 8th Scandinavian champion in tournament history <a href=\"https:\/\/twitter.com\/CasperRuud98?ref_src=twsrc%5Etfw\">@CasperRuud98<\/a> with the heavy lifting<br><br> <a href=\"https:\/\/twitter.com\/bnppnordicopen?ref_src=twsrc%5Etfw\">@bnppnordicopen<\/a> | <a href=\"https:\/\/twitter.com\/hashtag\/bnppnordicopen?src=hash&amp;ref_src=twsrc%5Etfw\">#bnppnordicopen<\/a> <a href=\"https:\/\/t.co\/7qN5DVzI8T\">pic.twitter.com\/7qN5DVzI8T<\/a><\/p>&mdash; ATP Tour (@atptour) <a href=\"https:\/\/twitter.com\/atptour\/status\/1979919707378467233?ref_src=twsrc%5Etfw\">October 19, 2025<\/a><\/blockquote><script async src=\"https:\/\/platform.twitter.com\/widgets.js\" charset=\"utf-8\"><\/script>\n<\/div><\/figure>\n","protected":false},"excerpt":{"rendered":"<p>Der Norweger Casper Ruud gewann den Titel bei den Nordic Open Stockholm, nachdem er den Franzosen Ugo Humbert im Finale mit 6:2, 6:3 besiegt hatte. Der Spieler der Rafa Nadal Academy, der die Nummer 2 der Welt war und 2022 im Finale von Roland Garros gegen Rafa Nadal spielte, hat seinen zweiten Titel in dieser<a href=\"https:\/\/www.rafanadalacademy.com\/de\/rafa-nadal-academy-von-movistar\/casper-ruud-wird-am-neunten-jahrestag-der-rafa-nadal-academy-in-stockholm-gekroent\/\">Continue reading <span class=\"sr-only\">&#8220;Casper Ruud wird am neunten Jahrestag der Rafa Nadal Academy in Stockholm gekr\u00f6nt&#8221;<\/span><\/a><\/p>\n","protected":false},"author":23,"featured_media":35577,"comment_status":"closed","ping_status":"closed","sticky":false,"template":"","format":"standard","meta":{"_acf_changed":false,"footnotes":""},"categories":[159,203],"tags":[204],"class_list":["post-35591","post","type-post","status-publish","format-standard","has-post-thumbnail","hentry","category-nachricht","category-rafa-nadal-academy-von-movistar","tag-rafa-nadal-academy-von-movistar"],"acf":[],"yoast_head":"<!-- This site is optimized with the Yoast SEO Premium plugin v26.8 (Yoast SEO v26.9) - https:\/\/yoast.com\/product\/yoast-seo-premium-wordpress\/ -->\n<title>Casper Ruud wird am neunten Jahrestag der Rafa Nadal Academy in Stockholm gekr\u00f6nt - Rafa Nadal Academy<\/title>\n<meta name=\"description\" content=\"Casper Ruud gewann den Titel der Nordic Open Stockholm, nachdem er den Franzosen Ugo Humbert im Finale mit 6-2, 6-3 besiegt hatte. Der Spieler der Rafa Nadal Academy hat damit nach den Mutua Madrid Open seinen zweiten Titel in diesem Jahr gewonnen.\" \/>\n<meta name=\"robots\" content=\"index, follow, max-snippet:-1, max-image-preview:large, max-video-preview:-1\" \/>\n<link rel=\"canonical\" href=\"https:\/\/www.rafanadalacademy.com\/de\/rafa-nadal-academy-von-movistar\/casper-ruud-wird-am-neunten-jahrestag-der-rafa-nadal-academy-in-stockholm-gekroent\/\" \/>\n<meta property=\"og:locale\" content=\"de_DE\" \/>\n<meta property=\"og:type\" content=\"article\" \/>\n<meta property=\"og:title\" content=\"Casper Ruud wird am neunten Jahrestag der Rafa Nadal Academy in Stockholm gekr\u00f6nt\" \/>\n<meta property=\"og:description\" content=\"Casper Ruud gewann den Titel der Nordic Open Stockholm, nachdem er den Franzosen Ugo Humbert im Finale mit 6-2, 6-3 besiegt hatte. Der Spieler der Rafa Nadal Academy hat damit nach den Mutua Madrid Open seinen zweiten Titel in diesem Jahr gewonnen.\" \/>\n<meta property=\"og:url\" content=\"https:\/\/www.rafanadalacademy.com\/de\/rafa-nadal-academy-von-movistar\/casper-ruud-wird-am-neunten-jahrestag-der-rafa-nadal-academy-in-stockholm-gekroent\/\" \/>\n<meta property=\"og:site_name\" content=\"Rafa Nadal Academy\" \/>\n<meta property=\"article:published_time\" content=\"2025-10-20T09:07:55+00:00\" \/>\n<meta property=\"article:modified_time\" content=\"2025-10-20T09:17:19+00:00\" \/>\n<meta property=\"og:image\" content=\"https:\/\/www.rafanadalacademy.com\/wp-content\/uploads\/2025\/10\/estocolmo-2025-domingo-ruud-campeon.jpg\" \/>\n\t<meta property=\"og:image:width\" content=\"1920\" \/>\n\t<meta property=\"og:image:height\" content=\"1080\" \/>\n\t<meta property=\"og:image:type\" content=\"image\/jpeg\" \/>\n<meta name=\"author\" content=\"joseluisprados\" \/>\n<meta name=\"twitter:card\" content=\"summary_large_image\" \/>\n<meta name=\"twitter:label1\" content=\"Written by\" \/>\n\t<meta name=\"twitter:data1\" content=\"joseluisprados\" \/>\n\t<meta name=\"twitter:label2\" content=\"Est. reading time\" \/>\n\t<meta name=\"twitter:data2\" content=\"1 minute\" \/>\n<script type=\"application\/ld+json\" class=\"yoast-schema-graph\">{\"@context\":\"https:\/\/schema.org\",\"@graph\":[{\"@type\":\"Article\",\"@id\":\"https:\/\/www.rafanadalacademy.com\/de\/rafa-nadal-academy-von-movistar\/casper-ruud-wird-am-neunten-jahrestag-der-rafa-nadal-academy-in-stockholm-gekroent\/#article\",\"isPartOf\":{\"@id\":\"https:\/\/www.rafanadalacademy.com\/de\/rafa-nadal-academy-von-movistar\/casper-ruud-wird-am-neunten-jahrestag-der-rafa-nadal-academy-in-stockholm-gekroent\/\"},\"author\":{\"name\":\"joseluisprados\",\"@id\":\"https:\/\/www.rafanadalacademy.com\/de\/#\/schema\/person\/744897d6ee269641fff954376180ef01\"},\"headline\":\"Casper Ruud wird am neunten Jahrestag der Rafa Nadal Academy in Stockholm gekr\u00f6nt\",\"datePublished\":\"2025-10-20T09:07:55+00:00\",\"dateModified\":\"2025-10-20T09:17:19+00:00\",\"mainEntityOfPage\":{\"@id\":\"https:\/\/www.rafanadalacademy.com\/de\/rafa-nadal-academy-von-movistar\/casper-ruud-wird-am-neunten-jahrestag-der-rafa-nadal-academy-in-stockholm-gekroent\/\"},\"wordCount\":290,\"image\":{\"@id\":\"https:\/\/www.rafanadalacademy.com\/de\/rafa-nadal-academy-von-movistar\/casper-ruud-wird-am-neunten-jahrestag-der-rafa-nadal-academy-in-stockholm-gekroent\/#primaryimage\"},\"thumbnailUrl\":\"https:\/\/www.rafanadalacademy.com\/wp-content\/uploads\/2025\/10\/estocolmo-2025-domingo-ruud-campeon.jpg\",\"keywords\":[\"RAFA NADAL ACADEMY VON MOVISTAR\"],\"articleSection\":[\"Nachricht\",\"RAFA NADAL ACADEMY VON MOVISTAR\"],\"inLanguage\":\"de-DE\",\"copyrightYear\":\"2025\",\"copyrightHolder\":{\"@id\":\"https:\/\/www.rafanadalacademy.com\/#organization\"}},{\"@type\":\"WebPage\",\"@id\":\"https:\/\/www.rafanadalacademy.com\/de\/rafa-nadal-academy-von-movistar\/casper-ruud-wird-am-neunten-jahrestag-der-rafa-nadal-academy-in-stockholm-gekroent\/\",\"url\":\"https:\/\/www.rafanadalacademy.com\/de\/rafa-nadal-academy-von-movistar\/casper-ruud-wird-am-neunten-jahrestag-der-rafa-nadal-academy-in-stockholm-gekroent\/\",\"name\":\"Casper Ruud wird am neunten Jahrestag der Rafa Nadal Academy in Stockholm gekr\u00f6nt - Rafa Nadal Academy\",\"isPartOf\":{\"@id\":\"https:\/\/www.rafanadalacademy.com\/de\/#website\"},\"primaryImageOfPage\":{\"@id\":\"https:\/\/www.rafanadalacademy.com\/de\/rafa-nadal-academy-von-movistar\/casper-ruud-wird-am-neunten-jahrestag-der-rafa-nadal-academy-in-stockholm-gekroent\/#primaryimage\"},\"image\":{\"@id\":\"https:\/\/www.rafanadalacademy.com\/de\/rafa-nadal-academy-von-movistar\/casper-ruud-wird-am-neunten-jahrestag-der-rafa-nadal-academy-in-stockholm-gekroent\/#primaryimage\"},\"thumbnailUrl\":\"https:\/\/www.rafanadalacademy.com\/wp-content\/uploads\/2025\/10\/estocolmo-2025-domingo-ruud-campeon.jpg\",\"datePublished\":\"2025-10-20T09:07:55+00:00\",\"dateModified\":\"2025-10-20T09:17:19+00:00\",\"author\":{\"@id\":\"https:\/\/www.rafanadalacademy.com\/de\/#\/schema\/person\/744897d6ee269641fff954376180ef01\"},\"description\":\"Casper Ruud gewann den Titel der Nordic Open Stockholm, nachdem er den Franzosen Ugo Humbert im Finale mit 6-2, 6-3 besiegt hatte. Der Spieler der Rafa Nadal Academy hat damit nach den Mutua Madrid Open seinen zweiten Titel in diesem Jahr gewonnen.\",\"breadcrumb\":{\"@id\":\"https:\/\/www.rafanadalacademy.com\/de\/rafa-nadal-academy-von-movistar\/casper-ruud-wird-am-neunten-jahrestag-der-rafa-nadal-academy-in-stockholm-gekroent\/#breadcrumb\"},\"inLanguage\":\"de-DE\",\"potentialAction\":[{\"@type\":\"ReadAction\",\"target\":[\"https:\/\/www.rafanadalacademy.com\/de\/rafa-nadal-academy-von-movistar\/casper-ruud-wird-am-neunten-jahrestag-der-rafa-nadal-academy-in-stockholm-gekroent\/\"]}]},{\"@type\":\"ImageObject\",\"inLanguage\":\"de-DE\",\"@id\":\"https:\/\/www.rafanadalacademy.com\/de\/rafa-nadal-academy-von-movistar\/casper-ruud-wird-am-neunten-jahrestag-der-rafa-nadal-academy-in-stockholm-gekroent\/#primaryimage\",\"url\":\"https:\/\/www.rafanadalacademy.com\/wp-content\/uploads\/2025\/10\/estocolmo-2025-domingo-ruud-campeon.jpg\",\"contentUrl\":\"https:\/\/www.rafanadalacademy.com\/wp-content\/uploads\/2025\/10\/estocolmo-2025-domingo-ruud-campeon.jpg\",\"width\":1920,\"height\":1080,\"caption\":\"Casper Rudd, campe\u00f3n del\"},{\"@type\":\"BreadcrumbList\",\"@id\":\"https:\/\/www.rafanadalacademy.com\/de\/rafa-nadal-academy-von-movistar\/casper-ruud-wird-am-neunten-jahrestag-der-rafa-nadal-academy-in-stockholm-gekroent\/#breadcrumb\",\"itemListElement\":[{\"@type\":\"ListItem\",\"position\":1,\"name\":\"Home\",\"item\":\"https:\/\/www.rafanadalacademy.com\/de\/\"},{\"@type\":\"ListItem\",\"position\":2,\"name\":\"Casper Ruud wird am neunten Jahrestag der Rafa Nadal Academy in Stockholm gekr\u00f6nt\"}]},{\"@type\":\"WebSite\",\"@id\":\"https:\/\/www.rafanadalacademy.com\/de\/#website\",\"url\":\"https:\/\/www.rafanadalacademy.com\/de\/\",\"name\":\"Rafa Nadal Academy\",\"description\":\"Otro sitio realizado con WordPress\",\"potentialAction\":[{\"@type\":\"SearchAction\",\"target\":{\"@type\":\"EntryPoint\",\"urlTemplate\":\"https:\/\/www.rafanadalacademy.com\/de\/?s={search_term_string}\"},\"query-input\":{\"@type\":\"PropertyValueSpecification\",\"valueRequired\":true,\"valueName\":\"search_term_string\"}}],\"inLanguage\":\"de-DE\"},{\"@type\":\"Person\",\"@id\":\"https:\/\/www.rafanadalacademy.com\/de\/#\/schema\/person\/744897d6ee269641fff954376180ef01\",\"name\":\"joseluisprados\",\"image\":{\"@type\":\"ImageObject\",\"inLanguage\":\"de-DE\",\"@id\":\"https:\/\/www.rafanadalacademy.com\/de\/#\/schema\/person\/image\/\",\"url\":\"https:\/\/secure.gravatar.com\/avatar\/8aa823a6e5501864ffab4785d9e2a994b59c2d45c9f9751c5a532abfec081e5f?s=96&d=mm&r=g\",\"contentUrl\":\"https:\/\/secure.gravatar.com\/avatar\/8aa823a6e5501864ffab4785d9e2a994b59c2d45c9f9751c5a532abfec081e5f?s=96&d=mm&r=g\",\"caption\":\"joseluisprados\"},\"url\":\"https:\/\/www.rafanadalacademy.com\/de\/author\/joseluisprados\/\"},{\"@type\":\"ImageObject\",\"inLanguage\":\"de-DE\",\"@id\":\"https:\/\/www.rafanadalacademy.com\/de\/rafa-nadal-academy-von-movistar\/casper-ruud-wird-am-neunten-jahrestag-der-rafa-nadal-academy-in-stockholm-gekroent\/#local-main-organization-logo\",\"url\":\"\",\"contentUrl\":\"\",\"caption\":\"Rafa Nadal Academy\"}]}<\/script>\n<!-- \/ Yoast SEO Premium plugin. -->","yoast_head_json":{"title":"Casper Ruud wird am neunten Jahrestag der Rafa Nadal Academy in Stockholm gekr\u00f6nt - Rafa Nadal Academy","description":"Casper Ruud gewann den Titel der Nordic Open Stockholm, nachdem er den Franzosen Ugo Humbert im Finale mit 6-2, 6-3 besiegt hatte. Der Spieler der Rafa Nadal Academy hat damit nach den Mutua Madrid Open seinen zweiten Titel in diesem Jahr gewonnen.","robots":{"index":"index","follow":"follow","max-snippet":"max-snippet:-1","max-image-preview":"max-image-preview:large","max-video-preview":"max-video-preview:-1"},"canonical":"https:\/\/www.rafanadalacademy.com\/de\/rafa-nadal-academy-von-movistar\/casper-ruud-wird-am-neunten-jahrestag-der-rafa-nadal-academy-in-stockholm-gekroent\/","og_locale":"de_DE","og_type":"article","og_title":"Casper Ruud wird am neunten Jahrestag der Rafa Nadal Academy in Stockholm gekr\u00f6nt","og_description":"Casper Ruud gewann den Titel der Nordic Open Stockholm, nachdem er den Franzosen Ugo Humbert im Finale mit 6-2, 6-3 besiegt hatte. Der Spieler der Rafa Nadal Academy hat damit nach den Mutua Madrid Open seinen zweiten Titel in diesem Jahr gewonnen.","og_url":"https:\/\/www.rafanadalacademy.com\/de\/rafa-nadal-academy-von-movistar\/casper-ruud-wird-am-neunten-jahrestag-der-rafa-nadal-academy-in-stockholm-gekroent\/","og_site_name":"Rafa Nadal Academy","article_published_time":"2025-10-20T09:07:55+00:00","article_modified_time":"2025-10-20T09:17:19+00:00","og_image":[{"width":1920,"height":1080,"url":"https:\/\/www.rafanadalacademy.com\/wp-content\/uploads\/2025\/10\/estocolmo-2025-domingo-ruud-campeon.jpg","type":"image\/jpeg"}],"author":"joseluisprados","twitter_card":"summary_large_image","twitter_misc":{"Written by":"joseluisprados","Est. reading time":"1 minute"},"schema":{"@context":"https:\/\/schema.org","@graph":[{"@type":"Article","@id":"https:\/\/www.rafanadalacademy.com\/de\/rafa-nadal-academy-von-movistar\/casper-ruud-wird-am-neunten-jahrestag-der-rafa-nadal-academy-in-stockholm-gekroent\/#article","isPartOf":{"@id":"https:\/\/www.rafanadalacademy.com\/de\/rafa-nadal-academy-von-movistar\/casper-ruud-wird-am-neunten-jahrestag-der-rafa-nadal-academy-in-stockholm-gekroent\/"},"author":{"name":"joseluisprados","@id":"https:\/\/www.rafanadalacademy.com\/de\/#\/schema\/person\/744897d6ee269641fff954376180ef01"},"headline":"Casper Ruud wird am neunten Jahrestag der Rafa Nadal Academy in Stockholm gekr\u00f6nt","datePublished":"2025-10-20T09:07:55+00:00","dateModified":"2025-10-20T09:17:19+00:00","mainEntityOfPage":{"@id":"https:\/\/www.rafanadalacademy.com\/de\/rafa-nadal-academy-von-movistar\/casper-ruud-wird-am-neunten-jahrestag-der-rafa-nadal-academy-in-stockholm-gekroent\/"},"wordCount":290,"image":{"@id":"https:\/\/www.rafanadalacademy.com\/de\/rafa-nadal-academy-von-movistar\/casper-ruud-wird-am-neunten-jahrestag-der-rafa-nadal-academy-in-stockholm-gekroent\/#primaryimage"},"thumbnailUrl":"https:\/\/www.rafanadalacademy.com\/wp-content\/uploads\/2025\/10\/estocolmo-2025-domingo-ruud-campeon.jpg","keywords":["RAFA NADAL ACADEMY VON MOVISTAR"],"articleSection":["Nachricht","RAFA NADAL ACADEMY VON MOVISTAR"],"inLanguage":"de-DE","copyrightYear":"2025","copyrightHolder":{"@id":"https:\/\/www.rafanadalacademy.com\/#organization"}},{"@type":"WebPage","@id":"https:\/\/www.rafanadalacademy.com\/de\/rafa-nadal-academy-von-movistar\/casper-ruud-wird-am-neunten-jahrestag-der-rafa-nadal-academy-in-stockholm-gekroent\/","url":"https:\/\/www.rafanadalacademy.com\/de\/rafa-nadal-academy-von-movistar\/casper-ruud-wird-am-neunten-jahrestag-der-rafa-nadal-academy-in-stockholm-gekroent\/","name":"Casper Ruud wird am neunten Jahrestag der Rafa Nadal Academy in Stockholm gekr\u00f6nt - Rafa Nadal Academy","isPartOf":{"@id":"https:\/\/www.rafanadalacademy.com\/de\/#website"},"primaryImageOfPage":{"@id":"https:\/\/www.rafanadalacademy.com\/de\/rafa-nadal-academy-von-movistar\/casper-ruud-wird-am-neunten-jahrestag-der-rafa-nadal-academy-in-stockholm-gekroent\/#primaryimage"},"image":{"@id":"https:\/\/www.rafanadalacademy.com\/de\/rafa-nadal-academy-von-movistar\/casper-ruud-wird-am-neunten-jahrestag-der-rafa-nadal-academy-in-stockholm-gekroent\/#primaryimage"},"thumbnailUrl":"https:\/\/www.rafanadalacademy.com\/wp-content\/uploads\/2025\/10\/estocolmo-2025-domingo-ruud-campeon.jpg","datePublished":"2025-10-20T09:07:55+00:00","dateModified":"2025-10-20T09:17:19+00:00","author":{"@id":"https:\/\/www.rafanadalacademy.com\/de\/#\/schema\/person\/744897d6ee269641fff954376180ef01"},"description":"Casper Ruud gewann den Titel der Nordic Open Stockholm, nachdem er den Franzosen Ugo Humbert im Finale mit 6-2, 6-3 besiegt hatte. Der Spieler der Rafa Nadal Academy hat damit nach den Mutua Madrid Open seinen zweiten Titel in diesem Jahr gewonnen.","breadcrumb":{"@id":"https:\/\/www.rafanadalacademy.com\/de\/rafa-nadal-academy-von-movistar\/casper-ruud-wird-am-neunten-jahrestag-der-rafa-nadal-academy-in-stockholm-gekroent\/#breadcrumb"},"inLanguage":"de-DE","potentialAction":[{"@type":"ReadAction","target":["https:\/\/www.rafanadalacademy.com\/de\/rafa-nadal-academy-von-movistar\/casper-ruud-wird-am-neunten-jahrestag-der-rafa-nadal-academy-in-stockholm-gekroent\/"]}]},{"@type":"ImageObject","inLanguage":"de-DE","@id":"https:\/\/www.rafanadalacademy.com\/de\/rafa-nadal-academy-von-movistar\/casper-ruud-wird-am-neunten-jahrestag-der-rafa-nadal-academy-in-stockholm-gekroent\/#primaryimage","url":"https:\/\/www.rafanadalacademy.com\/wp-content\/uploads\/2025\/10\/estocolmo-2025-domingo-ruud-campeon.jpg","contentUrl":"https:\/\/www.rafanadalacademy.com\/wp-content\/uploads\/2025\/10\/estocolmo-2025-domingo-ruud-campeon.jpg","width":1920,"height":1080,"caption":"Casper Rudd, campe\u00f3n del"},{"@type":"BreadcrumbList","@id":"https:\/\/www.rafanadalacademy.com\/de\/rafa-nadal-academy-von-movistar\/casper-ruud-wird-am-neunten-jahrestag-der-rafa-nadal-academy-in-stockholm-gekroent\/#breadcrumb","itemListElement":[{"@type":"ListItem","position":1,"name":"Home","item":"https:\/\/www.rafanadalacademy.com\/de\/"},{"@type":"ListItem","position":2,"name":"Casper Ruud wird am neunten Jahrestag der Rafa Nadal Academy in Stockholm gekr\u00f6nt"}]},{"@type":"WebSite","@id":"https:\/\/www.rafanadalacademy.com\/de\/#website","url":"https:\/\/www.rafanadalacademy.com\/de\/","name":"Rafa Nadal Academy","description":"Otro sitio realizado con WordPress","potentialAction":[{"@type":"SearchAction","target":{"@type":"EntryPoint","urlTemplate":"https:\/\/www.rafanadalacademy.com\/de\/?s={search_term_string}"},"query-input":{"@type":"PropertyValueSpecification","valueRequired":true,"valueName":"search_term_string"}}],"inLanguage":"de-DE"},{"@type":"Person","@id":"https:\/\/www.rafanadalacademy.com\/de\/#\/schema\/person\/744897d6ee269641fff954376180ef01","name":"joseluisprados","image":{"@type":"ImageObject","inLanguage":"de-DE","@id":"https:\/\/www.rafanadalacademy.com\/de\/#\/schema\/person\/image\/","url":"https:\/\/secure.gravatar.com\/avatar\/8aa823a6e5501864ffab4785d9e2a994b59c2d45c9f9751c5a532abfec081e5f?s=96&d=mm&r=g","contentUrl":"https:\/\/secure.gravatar.com\/avatar\/8aa823a6e5501864ffab4785d9e2a994b59c2d45c9f9751c5a532abfec081e5f?s=96&d=mm&r=g","caption":"joseluisprados"},"url":"https:\/\/www.rafanadalacademy.com\/de\/author\/joseluisprados\/"},{"@type":"ImageObject","inLanguage":"de-DE","@id":"https:\/\/www.rafanadalacademy.com\/de\/rafa-nadal-academy-von-movistar\/casper-ruud-wird-am-neunten-jahrestag-der-rafa-nadal-academy-in-stockholm-gekroent\/#local-main-organization-logo","url":"","contentUrl":"","caption":"Rafa Nadal Academy"}]}},"_links":{"self":[{"href":"https:\/\/www.rafanadalacademy.com\/de\/wp-json\/wp\/v2\/posts\/35591","targetHints":{"allow":["GET"]}}],"collection":[{"href":"https:\/\/www.rafanadalacademy.com\/de\/wp-json\/wp\/v2\/posts"}],"about":[{"href":"https:\/\/www.rafanadalacademy.com\/de\/wp-json\/wp\/v2\/types\/post"}],"author":[{"embeddable":true,"href":"https:\/\/www.rafanadalacademy.com\/de\/wp-json\/wp\/v2\/users\/23"}],"replies":[{"embeddable":true,"href":"https:\/\/www.rafanadalacademy.com\/de\/wp-json\/wp\/v2\/comments?post=35591"}],"version-history":[{"count":1,"href":"https:\/\/www.rafanadalacademy.com\/de\/wp-json\/wp\/v2\/posts\/35591\/revisions"}],"predecessor-version":[{"id":35592,"href":"https:\/\/www.rafanadalacademy.com\/de\/wp-json\/wp\/v2\/posts\/35591\/revisions\/35592"}],"wp:featuredmedia":[{"embeddable":true,"href":"https:\/\/www.rafanadalacademy.com\/de\/wp-json\/wp\/v2\/media\/35577"}],"wp:attachment":[{"href":"https:\/\/www.rafanadalacademy.com\/de\/wp-json\/wp\/v2\/media?parent=35591"}],"wp:term":[{"taxonomy":"category","embeddable":true,"href":"https:\/\/www.rafanadalacademy.com\/de\/wp-json\/wp\/v2\/categories?post=35591"},{"taxonomy":"post_tag","embeddable":true,"href":"https:\/\/www.rafanadalacademy.com\/de\/wp-json\/wp\/v2\/tags?post=35591"}],"curies":[{"name":"wp","href":"https:\/\/api.w.org\/{rel}","templated":true}]}}