{"id":35560,"date":"2025-10-17T07:44:28","date_gmt":"2025-10-17T07:44:28","guid":{"rendered":"https:\/\/www.rafanadalacademy.com\/unkategorisiert\/die-rafa-nadal-academy-by-movistar-feiert-ihr-neunjaehriges-bestehen-und-hat-sich-zu-einem-weltweiten-massstab-entwickelt\/"},"modified":"2025-10-20T08:44:26","modified_gmt":"2025-10-20T08:44:26","slug":"die-rafa-nadal-academy-by-movistar-feiert-ihr-neunjaehriges-bestehen-und-hat-sich-zu-einem-weltweiten-massstab-entwickelt","status":"publish","type":"post","link":"https:\/\/www.rafanadalacademy.com\/de\/rafa-nadal-academy-von-movistar\/die-rafa-nadal-academy-by-movistar-feiert-ihr-neunjaehriges-bestehen-und-hat-sich-zu-einem-weltweiten-massstab-entwickelt\/","title":{"rendered":"Die Rafa Nadal Academy feiert ihr neunj\u00e4hriges Bestehen und hat sich zu einem weltweiten Ma\u00dfstab entwickelt"},"content":{"rendered":"\n<p>Der 19. Oktober 2016 wird f\u00fcr immer als ein sehr wichtiger Tag in Rafa Nadals Karriere und Verm\u00e4chtnis in Erinnerung bleiben. An diesem Tag weihte Rafa selbst die Rafa Nadal Academy in seiner Heimatstadt Manacor offiziell ein, begleitet von Roger Federer und zahlreichen Pers\u00f6nlichkeiten, Beh\u00f6rden und Freunden.  Neun Jahre sp\u00e4ter hat sich die Akademie als eines der weltweit f\u00fchrenden Zentren f\u00fcr sportliche, akademische und menschliche Ausbildung etabliert.<\/p>\n\n<figure class=\"wp-block-embed is-type-video is-provider-youtube wp-block-embed-youtube wp-embed-aspect-16-9 wp-has-aspect-ratio\"><div class=\"wp-block-embed__wrapper\">\n<iframe loading=\"lazy\" title=\"Amazing views of Rafa Nadal Academy\" width=\"500\" height=\"281\" src=\"https:\/\/www.youtube.com\/embed\/SUQxlVVx8rc?start=55&#038;feature=oembed\" frameborder=\"0\" allow=\"accelerometer; autoplay; clipboard-write; encrypted-media; gyroscope; picture-in-picture; web-share\" referrerpolicy=\"strict-origin-when-cross-origin\" allowfullscreen><\/iframe>\n<\/div><\/figure>\n\n<div style=\"height:50px\" aria-hidden=\"true\" class=\"wp-block-spacer\"><\/div>\n\n<p>Seit ihrer Er\u00f6ffnung ist die Rafa Nadal Academy stetig gewachsen, getreu ihrer Mission: <strong>Jugendliche und Erwachsene durch Exzellenz und die Werte auszubilden <\/strong>, die Rafa Nadals Karriere bestimmt haben: Anstrengung, Bescheidenheit, Respekt, Disziplin, Widerstandsf\u00e4higkeit und den Geist der Selbstverbesserung. Sein Bildungsmodell, das sportliches Hochleistungstraining mit erstklassiger akademischer Ausbildung kombiniert, erm\u00f6glicht es den Sch\u00fclern, Jahr f\u00fcr Jahr ihr maximales Potenzial zu entwickeln, sowohl auf als auch neben dem Platz. <\/p>\n\n<div style=\"height:50px\" aria-hidden=\"true\" class=\"wp-block-spacer\"><\/div>\n\n<figure class=\"wp-block-embed is-type-video is-provider-youtube wp-block-embed-youtube wp-embed-aspect-16-9 wp-has-aspect-ratio\"><div class=\"wp-block-embed__wrapper\">\n<iframe loading=\"lazy\" title=\"La Rafa Nadal Academy explicada por el propio Rafa\" width=\"500\" height=\"281\" src=\"https:\/\/www.youtube.com\/embed\/6m7eA6Tw_Kk?start=5&#038;feature=oembed\" frameborder=\"0\" allow=\"accelerometer; autoplay; clipboard-write; encrypted-media; gyroscope; picture-in-picture; web-share\" referrerpolicy=\"strict-origin-when-cross-origin\" allowfullscreen><\/iframe>\n<\/div><\/figure>\n\n<div style=\"height:50px\" aria-hidden=\"true\" class=\"wp-block-spacer\"><\/div>\n\n<p><strong>Ein international erfolgreiches Modell<\/strong><\/p>\n\n<p>In diesen neun Jahren hat die Akademie an Einrichtungen, Programmen und Anerkennung gewonnen. Der urspr\u00fcngliche Komplex verf\u00fcgte \u00fcber 33 Tennispl\u00e4tze im Freien, sieben halb \u00fcberdachte und vier \u00fcberdachte, aber heute verf\u00fcgt er \u00fcber <strong>45 Tennispl\u00e4tze, 19 Paddle-Tennispl\u00e4tze, eines der wichtigsten Engagements der Akademie, ein komplettes sportmedizinisches Zentrum von Quir\u00f3nSalud, ein Fitnessstudio, ein Spa, eine Residenz f\u00fcr Sportler, eine <\/strong>internationale Schule &#8211; die Rafa Nadal School -, die Sch\u00fclern aus aller Welt eine <strong>umfassende <\/strong>Ausbildung bietet <strong>, <\/strong>ein Museum, das die erste und einzige Ausstellung dieser Art auf der Welt beherbergt <strong>, und <\/strong>ein Museum, das die einzige Ausstellung dieser Art auf der Welt ist <strong>, <\/strong> <strong>eine internationale Schule &#8211; die Rafa Nadal School &#8211; <\/strong>, die Sch\u00fclern aus der ganzen Welt eine umfassende Ausbildung bietet, ein <strong>Museum<\/strong>, das die erste und einzige Ausstellung \u00fcber Rafas Karriere beherbergt, sowie ein <strong>breites gastronomisches Angebot<\/strong> mit Restaurants, die sich mit Roland Garros, Wimbledon oder den US Open besch\u00e4ftigen<strong>.<\/strong> <\/p>\n\n<div style=\"height:50px\" aria-hidden=\"true\" class=\"wp-block-spacer\"><\/div>\n\n<figure class=\"wp-block-embed is-type-video is-provider-youtube wp-block-embed-youtube wp-embed-aspect-16-9 wp-has-aspect-ratio\"><div class=\"wp-block-embed__wrapper\">\n<iframe loading=\"lazy\" title=\"Rafa Nadal Academy: Tennis &amp; Values\" width=\"500\" height=\"281\" src=\"https:\/\/www.youtube.com\/embed\/F71onMy-MeU?feature=oembed\" frameborder=\"0\" allow=\"accelerometer; autoplay; clipboard-write; encrypted-media; gyroscope; picture-in-picture; web-share\" referrerpolicy=\"strict-origin-when-cross-origin\" allowfullscreen><\/iframe>\n<\/div><\/figure>\n\n<div style=\"height:50px\" aria-hidden=\"true\" class=\"wp-block-spacer\"><\/div>\n\n<p>Das Modell der Rafa Nadal Academy hat Grenzen \u00fcberschritten. Seit 2020 bringt die <strong>Rafa Nadal Academy Kuwait<\/strong> die Manacor-Methode in das Herz des Nahen Ostens und festigt damit ein globales Netzwerk, das das Trainingsmodell und die Werte von Rafa Nadal zu Tausenden von Spielern auf der ganzen Welt exportiert. <\/p>\n\n<p>Neben diesen beiden Akademien gibt es auch <strong>Rafa Nadal Tennis Centers<\/strong> in Mexiko, Griechenland, Hongkong und die k\u00fcrzlich er\u00f6ffneten Akademien in Marbella (im Hotel Don Carlos) und in der Dominikanischen Republik (im Zel Punta Cana). Seit 2024 wird das <strong>Rafa Nadal-Tennisprogramm<\/strong> dank einer Vereinbarung mit der Uppingham School in Kairo auch in \u00c4gypten entwickelt. <\/p>\n\n<p>Als Ergebnis dieser Wachstumsarbeit erhielt die Akademie den &#8220;Capital Award&#8221; f\u00fcr ihre internationale Ausstrahlung und f\u00fcr ihren Beitrag zum Wohlergehen der lokalen Gemeinden und zur Pflege der Umwelt. Die Zusammenarbeit mit internationalen Bildungs- und Sporteinrichtungen hat ihren Einfluss vergr\u00f6\u00dfert und einen kulturellen und sportlichen Austausch erm\u00f6glicht, der sowohl den Studenten als auch der Akademie zugute kommt. <\/p>\n\n<p><strong>Sportliche Erfolge, die ein Projekt unterst\u00fctzen<\/strong><\/p>\n\n<p>In diesem Jahrzehnt hat die Rafa Nadal Academy einige der vielversprechendsten Spieler des Welttennis ausgebildet. Namen wie <g id=\"gid_0\">Casper Ruud<\/g>, <g id=\"gid_1\">Jaume Munar<\/g>, <g id=\"gid_2\">Alex Eala<\/g>, <g id=\"gid_3\">Martin Landaluce<\/g>, <g id=\"gid_4\">Abdullah Shelbayh, Alina Korneeva<\/g> und <g id=\"gid_5\">Dani Rinc\u00f3n<\/g> wurden in Manacor geschmiedet, bevor sie den Sprung in den Profibereich schafften. Die Grand-Slam-Titel der Junioren, bei denen die Spieler der Rafa Nadal Academy <strong>13 Titel <\/strong> gewonnen haben (sieben im Einzel und sechs im Doppel), die Erfolge auf dem ATP- und WTA-Zirkel und die zahlreichen Erfolge bei internationalen Turnieren best\u00e4tigen die Wirkung ihrer Methodik.  <\/p>\n\n<figure class=\"wp-block-image size-large\"><img loading=\"lazy\" decoding=\"async\" width=\"819\" height=\"1024\" src=\"https:\/\/www.rafanadalacademy.com\/wp-content\/uploads\/2025\/09\/Imagen-de-WhatsApp-2025-09-09-a-las-10.57.49_009e8b5b-819x1024.jpg\" alt=\"Alle Grand-Slam-Junior-Champions, die in der Rafa Nadal Academy von Movistar trainiert wurden\" class=\"wp-image-31963\" srcset=\"https:\/\/www.rafanadalacademy.com\/wp-content\/uploads\/2025\/09\/Imagen-de-WhatsApp-2025-09-09-a-las-10.57.49_009e8b5b-819x1024.jpg 819w, https:\/\/www.rafanadalacademy.com\/wp-content\/uploads\/2025\/09\/Imagen-de-WhatsApp-2025-09-09-a-las-10.57.49_009e8b5b-240x300.jpg 240w, https:\/\/www.rafanadalacademy.com\/wp-content\/uploads\/2025\/09\/Imagen-de-WhatsApp-2025-09-09-a-las-10.57.49_009e8b5b-768x960.jpg 768w, https:\/\/www.rafanadalacademy.com\/wp-content\/uploads\/2025\/09\/Imagen-de-WhatsApp-2025-09-09-a-las-10.57.49_009e8b5b-1229x1536.jpg 1229w, https:\/\/www.rafanadalacademy.com\/wp-content\/uploads\/2025\/09\/Imagen-de-WhatsApp-2025-09-09-a-las-10.57.49_009e8b5b.jpg 1280w\" sizes=\"auto, (max-width: 819px) 100vw, 819px\" \/><\/figure>\n\n<p>Im Jahr 2022 erhielt die Akademie bei den Nationalen Sportpreisen den <strong>Joaquim-Blume-Preis<\/strong> und war damit die erste Tennisakademie in der Geschichte, die diese Anerkennung f\u00fcr ihre Arbeit zur F\u00f6rderung und Pflege des Sports erhielt. Die Akademie hat sich zu einem der wichtigsten Austragungsorte f\u00fcr gro\u00dfe Tennisveranstaltungen in Spanien entwickelt und richtet jedes Jahr Dutzende von Turnieren auf allen Ebenen aus, darunter die Rafa Nadal Open by Movistar der Kategorie ATP Challenger Tour, die bereits sieben Mal stattgefunden haben. <\/p>\n\n<p><strong>Neun Jahre Wachstum mit Mallorca und Sport<\/strong><\/p>\n\n<p>Die Akademie befindet sich in Manacor, nur 35 Minuten vom Flughafen Palma entfernt. Sie hat nicht nur dazu beigetragen, Mallorca als internationale Sport-Benchmark zu positionieren, sondern auch Arbeitspl\u00e4tze zu schaffen, den Tourismus zu entsaisonalisieren und das Wirtschaftswachstum in der Region zu f\u00f6rdern. Und das alles bei einem festen Bekenntnis zur Nachhaltigkeit und zum Respekt f\u00fcr die Umwelt. <\/p>\n\n<p>Neun Jahre nach ihrer Er\u00f6ffnung entwickelt sich die Rafa Nadal Academy weiter, ohne ihr Wesen zu verlieren: <strong>ein Ort zu sein, an dem Sport und Bildung Hand in Hand gehen und an dem Werte genauso wichtig sind wie sportliche Ergebnisse.<\/strong><\/p>\n\n<div style=\"height:51px\" aria-hidden=\"true\" class=\"wp-block-spacer\"><\/div>\n\n<figure class=\"wp-block-embed is-type-video is-provider-youtube wp-block-embed-youtube wp-embed-aspect-16-9 wp-has-aspect-ratio\"><div class=\"wp-block-embed__wrapper\">\n<iframe loading=\"lazy\" title=\"Roger Federer vuelve a la Rafa Nadal\u00a0Academy\" width=\"500\" height=\"281\" src=\"https:\/\/www.youtube.com\/embed\/dFCZUrXLcEQ?feature=oembed\" frameborder=\"0\" allow=\"accelerometer; autoplay; clipboard-write; encrypted-media; gyroscope; picture-in-picture; web-share\" referrerpolicy=\"strict-origin-when-cross-origin\" allowfullscreen><\/iframe>\n<\/div><\/figure>\n","protected":false},"excerpt":{"rendered":"<p>Der 19. Oktober 2016 wird f\u00fcr immer als ein sehr wichtiger Tag in Rafa Nadals Karriere und Verm\u00e4chtnis in Erinnerung bleiben. An diesem Tag weihte Rafa selbst die Rafa Nadal Academy in seiner Heimatstadt Manacor offiziell ein, begleitet von Roger Federer und zahlreichen Pers\u00f6nlichkeiten, Beh\u00f6rden und Freunden. Neun Jahre sp\u00e4ter hat sich die Akademie als<a href=\"https:\/\/www.rafanadalacademy.com\/de\/rafa-nadal-academy-von-movistar\/die-rafa-nadal-academy-by-movistar-feiert-ihr-neunjaehriges-bestehen-und-hat-sich-zu-einem-weltweiten-massstab-entwickelt\/\">Continue reading <span class=\"sr-only\">&#8220;Die Rafa Nadal Academy feiert ihr neunj\u00e4hriges Bestehen und hat sich zu einem weltweiten Ma\u00dfstab entwickelt&#8221;<\/span><\/a><\/p>\n","protected":false},"author":23,"featured_media":25487,"comment_status":"closed","ping_status":"closed","sticky":false,"template":"","format":"standard","meta":{"_acf_changed":false,"footnotes":""},"categories":[159,203],"tags":[204],"class_list":["post-35560","post","type-post","status-publish","format-standard","has-post-thumbnail","hentry","category-nachricht","category-rafa-nadal-academy-von-movistar","tag-rafa-nadal-academy-von-movistar"],"acf":[],"yoast_head":"<!-- This site is optimized with the Yoast SEO Premium plugin v26.8 (Yoast SEO v26.9) - https:\/\/yoast.com\/product\/yoast-seo-premium-wordpress\/ -->\n<title>Die Rafa Nadal Academy feiert ihr neunj\u00e4hriges Bestehen und hat sich zu einem weltweiten Ma\u00dfstab entwickelt - Rafa Nadal Academy<\/title>\n<meta name=\"description\" content=\"Der 19. Oktober 2016 wird f\u00fcr immer als ein sehr wichtiger Tag in Rafa Nadals Karriere und Verm\u00e4chtnis in Erinnerung bleiben. An diesem Tag weihte Rafa selbst die Rafa Nadal Academy in seiner Heimatstadt Manacor offiziell ein, begleitet von Roger Federer und zahlreichen Pers\u00f6nlichkeiten, Beh\u00f6rden und Freunden.\" \/>\n<meta name=\"robots\" content=\"index, follow, max-snippet:-1, max-image-preview:large, max-video-preview:-1\" \/>\n<link rel=\"canonical\" href=\"https:\/\/www.rafanadalacademy.com\/de\/rafa-nadal-academy-von-movistar\/die-rafa-nadal-academy-by-movistar-feiert-ihr-neunjaehriges-bestehen-und-hat-sich-zu-einem-weltweiten-massstab-entwickelt\/\" \/>\n<meta property=\"og:locale\" content=\"de_DE\" \/>\n<meta property=\"og:type\" content=\"article\" \/>\n<meta property=\"og:title\" content=\"Die Rafa Nadal Academy feiert ihr neunj\u00e4hriges Bestehen und hat sich zu einem weltweiten Ma\u00dfstab entwickelt\" \/>\n<meta property=\"og:description\" content=\"Der 19. Oktober 2016 wird f\u00fcr immer als ein sehr wichtiger Tag in Rafa Nadals Karriere und Verm\u00e4chtnis in Erinnerung bleiben. An diesem Tag weihte Rafa selbst die Rafa Nadal Academy in seiner Heimatstadt Manacor offiziell ein, begleitet von Roger Federer und zahlreichen Pers\u00f6nlichkeiten, Beh\u00f6rden und Freunden.\" \/>\n<meta property=\"og:url\" content=\"https:\/\/www.rafanadalacademy.com\/de\/rafa-nadal-academy-von-movistar\/die-rafa-nadal-academy-by-movistar-feiert-ihr-neunjaehriges-bestehen-und-hat-sich-zu-einem-weltweiten-massstab-entwickelt\/\" \/>\n<meta property=\"og:site_name\" content=\"Rafa Nadal Academy\" \/>\n<meta property=\"article:published_time\" content=\"2025-10-17T07:44:28+00:00\" \/>\n<meta property=\"article:modified_time\" content=\"2025-10-20T08:44:26+00:00\" \/>\n<meta property=\"og:image\" content=\"https:\/\/www.rafanadalacademy.com\/wp-content\/uploads\/2025\/03\/RNA_2024marzo_5464-x-3070-6-scaled-e1742989201511.jpg\" \/>\n\t<meta property=\"og:image:width\" content=\"2560\" \/>\n\t<meta property=\"og:image:height\" content=\"1438\" \/>\n\t<meta property=\"og:image:type\" content=\"image\/jpeg\" \/>\n<meta name=\"author\" content=\"joseluisprados\" \/>\n<meta name=\"twitter:card\" content=\"summary_large_image\" \/>\n<meta name=\"twitter:label1\" content=\"Written by\" \/>\n\t<meta name=\"twitter:data1\" content=\"joseluisprados\" \/>\n\t<meta name=\"twitter:label2\" content=\"Est. reading time\" \/>\n\t<meta name=\"twitter:data2\" content=\"4 minutes\" \/>\n<script type=\"application\/ld+json\" class=\"yoast-schema-graph\">{\"@context\":\"https:\/\/schema.org\",\"@graph\":[{\"@type\":\"Article\",\"@id\":\"https:\/\/www.rafanadalacademy.com\/de\/rafa-nadal-academy-von-movistar\/die-rafa-nadal-academy-by-movistar-feiert-ihr-neunjaehriges-bestehen-und-hat-sich-zu-einem-weltweiten-massstab-entwickelt\/#article\",\"isPartOf\":{\"@id\":\"https:\/\/www.rafanadalacademy.com\/de\/rafa-nadal-academy-von-movistar\/die-rafa-nadal-academy-by-movistar-feiert-ihr-neunjaehriges-bestehen-und-hat-sich-zu-einem-weltweiten-massstab-entwickelt\/\"},\"author\":{\"name\":\"joseluisprados\",\"@id\":\"https:\/\/www.rafanadalacademy.com\/de\/#\/schema\/person\/744897d6ee269641fff954376180ef01\"},\"headline\":\"Die Rafa Nadal Academy feiert ihr neunj\u00e4hriges Bestehen und hat sich zu einem weltweiten Ma\u00dfstab entwickelt\",\"datePublished\":\"2025-10-17T07:44:28+00:00\",\"dateModified\":\"2025-10-20T08:44:26+00:00\",\"mainEntityOfPage\":{\"@id\":\"https:\/\/www.rafanadalacademy.com\/de\/rafa-nadal-academy-von-movistar\/die-rafa-nadal-academy-by-movistar-feiert-ihr-neunjaehriges-bestehen-und-hat-sich-zu-einem-weltweiten-massstab-entwickelt\/\"},\"wordCount\":809,\"image\":{\"@id\":\"https:\/\/www.rafanadalacademy.com\/de\/rafa-nadal-academy-von-movistar\/die-rafa-nadal-academy-by-movistar-feiert-ihr-neunjaehriges-bestehen-und-hat-sich-zu-einem-weltweiten-massstab-entwickelt\/#primaryimage\"},\"thumbnailUrl\":\"https:\/\/www.rafanadalacademy.com\/wp-content\/uploads\/2025\/03\/RNA_2024marzo_5464-x-3070-6-scaled-e1742989201511.jpg\",\"keywords\":[\"RAFA NADAL ACADEMY VON MOVISTAR\"],\"articleSection\":[\"Nachricht\",\"RAFA NADAL ACADEMY VON MOVISTAR\"],\"inLanguage\":\"de-DE\",\"copyrightYear\":\"2025\",\"copyrightHolder\":{\"@id\":\"https:\/\/www.rafanadalacademy.com\/#organization\"}},{\"@type\":\"WebPage\",\"@id\":\"https:\/\/www.rafanadalacademy.com\/de\/rafa-nadal-academy-von-movistar\/die-rafa-nadal-academy-by-movistar-feiert-ihr-neunjaehriges-bestehen-und-hat-sich-zu-einem-weltweiten-massstab-entwickelt\/\",\"url\":\"https:\/\/www.rafanadalacademy.com\/de\/rafa-nadal-academy-von-movistar\/die-rafa-nadal-academy-by-movistar-feiert-ihr-neunjaehriges-bestehen-und-hat-sich-zu-einem-weltweiten-massstab-entwickelt\/\",\"name\":\"Die Rafa Nadal Academy feiert ihr neunj\u00e4hriges Bestehen und hat sich zu einem weltweiten Ma\u00dfstab entwickelt - Rafa Nadal Academy\",\"isPartOf\":{\"@id\":\"https:\/\/www.rafanadalacademy.com\/de\/#website\"},\"primaryImageOfPage\":{\"@id\":\"https:\/\/www.rafanadalacademy.com\/de\/rafa-nadal-academy-von-movistar\/die-rafa-nadal-academy-by-movistar-feiert-ihr-neunjaehriges-bestehen-und-hat-sich-zu-einem-weltweiten-massstab-entwickelt\/#primaryimage\"},\"image\":{\"@id\":\"https:\/\/www.rafanadalacademy.com\/de\/rafa-nadal-academy-von-movistar\/die-rafa-nadal-academy-by-movistar-feiert-ihr-neunjaehriges-bestehen-und-hat-sich-zu-einem-weltweiten-massstab-entwickelt\/#primaryimage\"},\"thumbnailUrl\":\"https:\/\/www.rafanadalacademy.com\/wp-content\/uploads\/2025\/03\/RNA_2024marzo_5464-x-3070-6-scaled-e1742989201511.jpg\",\"datePublished\":\"2025-10-17T07:44:28+00:00\",\"dateModified\":\"2025-10-20T08:44:26+00:00\",\"author\":{\"@id\":\"https:\/\/www.rafanadalacademy.com\/de\/#\/schema\/person\/744897d6ee269641fff954376180ef01\"},\"description\":\"Der 19. Oktober 2016 wird f\u00fcr immer als ein sehr wichtiger Tag in Rafa Nadals Karriere und Verm\u00e4chtnis in Erinnerung bleiben. An diesem Tag weihte Rafa selbst die Rafa Nadal Academy in seiner Heimatstadt Manacor offiziell ein, begleitet von Roger Federer und zahlreichen Pers\u00f6nlichkeiten, Beh\u00f6rden und Freunden.\",\"breadcrumb\":{\"@id\":\"https:\/\/www.rafanadalacademy.com\/de\/rafa-nadal-academy-von-movistar\/die-rafa-nadal-academy-by-movistar-feiert-ihr-neunjaehriges-bestehen-und-hat-sich-zu-einem-weltweiten-massstab-entwickelt\/#breadcrumb\"},\"inLanguage\":\"de-DE\",\"potentialAction\":[{\"@type\":\"ReadAction\",\"target\":[\"https:\/\/www.rafanadalacademy.com\/de\/rafa-nadal-academy-von-movistar\/die-rafa-nadal-academy-by-movistar-feiert-ihr-neunjaehriges-bestehen-und-hat-sich-zu-einem-weltweiten-massstab-entwickelt\/\"]}]},{\"@type\":\"ImageObject\",\"inLanguage\":\"de-DE\",\"@id\":\"https:\/\/www.rafanadalacademy.com\/de\/rafa-nadal-academy-von-movistar\/die-rafa-nadal-academy-by-movistar-feiert-ihr-neunjaehriges-bestehen-und-hat-sich-zu-einem-weltweiten-massstab-entwickelt\/#primaryimage\",\"url\":\"https:\/\/www.rafanadalacademy.com\/wp-content\/uploads\/2025\/03\/RNA_2024marzo_5464-x-3070-6-scaled-e1742989201511.jpg\",\"contentUrl\":\"https:\/\/www.rafanadalacademy.com\/wp-content\/uploads\/2025\/03\/RNA_2024marzo_5464-x-3070-6-scaled-e1742989201511.jpg\",\"width\":2560,\"height\":1438},{\"@type\":\"BreadcrumbList\",\"@id\":\"https:\/\/www.rafanadalacademy.com\/de\/rafa-nadal-academy-von-movistar\/die-rafa-nadal-academy-by-movistar-feiert-ihr-neunjaehriges-bestehen-und-hat-sich-zu-einem-weltweiten-massstab-entwickelt\/#breadcrumb\",\"itemListElement\":[{\"@type\":\"ListItem\",\"position\":1,\"name\":\"Home\",\"item\":\"https:\/\/www.rafanadalacademy.com\/de\/\"},{\"@type\":\"ListItem\",\"position\":2,\"name\":\"Die Rafa Nadal Academy feiert ihr neunj\u00e4hriges Bestehen und hat sich zu einem weltweiten Ma\u00dfstab entwickelt\"}]},{\"@type\":\"WebSite\",\"@id\":\"https:\/\/www.rafanadalacademy.com\/de\/#website\",\"url\":\"https:\/\/www.rafanadalacademy.com\/de\/\",\"name\":\"Rafa Nadal Academy\",\"description\":\"Otro sitio realizado con WordPress\",\"potentialAction\":[{\"@type\":\"SearchAction\",\"target\":{\"@type\":\"EntryPoint\",\"urlTemplate\":\"https:\/\/www.rafanadalacademy.com\/de\/?s={search_term_string}\"},\"query-input\":{\"@type\":\"PropertyValueSpecification\",\"valueRequired\":true,\"valueName\":\"search_term_string\"}}],\"inLanguage\":\"de-DE\"},{\"@type\":\"Person\",\"@id\":\"https:\/\/www.rafanadalacademy.com\/de\/#\/schema\/person\/744897d6ee269641fff954376180ef01\",\"name\":\"joseluisprados\",\"image\":{\"@type\":\"ImageObject\",\"inLanguage\":\"de-DE\",\"@id\":\"https:\/\/www.rafanadalacademy.com\/de\/#\/schema\/person\/image\/\",\"url\":\"https:\/\/secure.gravatar.com\/avatar\/8aa823a6e5501864ffab4785d9e2a994b59c2d45c9f9751c5a532abfec081e5f?s=96&d=mm&r=g\",\"contentUrl\":\"https:\/\/secure.gravatar.com\/avatar\/8aa823a6e5501864ffab4785d9e2a994b59c2d45c9f9751c5a532abfec081e5f?s=96&d=mm&r=g\",\"caption\":\"joseluisprados\"},\"url\":\"https:\/\/www.rafanadalacademy.com\/de\/author\/joseluisprados\/\"},{\"@type\":\"ImageObject\",\"inLanguage\":\"de-DE\",\"@id\":\"https:\/\/www.rafanadalacademy.com\/de\/rafa-nadal-academy-von-movistar\/die-rafa-nadal-academy-by-movistar-feiert-ihr-neunjaehriges-bestehen-und-hat-sich-zu-einem-weltweiten-massstab-entwickelt\/#local-main-organization-logo\",\"url\":\"\",\"contentUrl\":\"\",\"caption\":\"Rafa Nadal Academy\"}]}<\/script>\n<!-- \/ Yoast SEO Premium plugin. -->","yoast_head_json":{"title":"Die Rafa Nadal Academy feiert ihr neunj\u00e4hriges Bestehen und hat sich zu einem weltweiten Ma\u00dfstab entwickelt - Rafa Nadal Academy","description":"Der 19. Oktober 2016 wird f\u00fcr immer als ein sehr wichtiger Tag in Rafa Nadals Karriere und Verm\u00e4chtnis in Erinnerung bleiben. An diesem Tag weihte Rafa selbst die Rafa Nadal Academy in seiner Heimatstadt Manacor offiziell ein, begleitet von Roger Federer und zahlreichen Pers\u00f6nlichkeiten, Beh\u00f6rden und Freunden.","robots":{"index":"index","follow":"follow","max-snippet":"max-snippet:-1","max-image-preview":"max-image-preview:large","max-video-preview":"max-video-preview:-1"},"canonical":"https:\/\/www.rafanadalacademy.com\/de\/rafa-nadal-academy-von-movistar\/die-rafa-nadal-academy-by-movistar-feiert-ihr-neunjaehriges-bestehen-und-hat-sich-zu-einem-weltweiten-massstab-entwickelt\/","og_locale":"de_DE","og_type":"article","og_title":"Die Rafa Nadal Academy feiert ihr neunj\u00e4hriges Bestehen und hat sich zu einem weltweiten Ma\u00dfstab entwickelt","og_description":"Der 19. Oktober 2016 wird f\u00fcr immer als ein sehr wichtiger Tag in Rafa Nadals Karriere und Verm\u00e4chtnis in Erinnerung bleiben. An diesem Tag weihte Rafa selbst die Rafa Nadal Academy in seiner Heimatstadt Manacor offiziell ein, begleitet von Roger Federer und zahlreichen Pers\u00f6nlichkeiten, Beh\u00f6rden und Freunden.","og_url":"https:\/\/www.rafanadalacademy.com\/de\/rafa-nadal-academy-von-movistar\/die-rafa-nadal-academy-by-movistar-feiert-ihr-neunjaehriges-bestehen-und-hat-sich-zu-einem-weltweiten-massstab-entwickelt\/","og_site_name":"Rafa Nadal Academy","article_published_time":"2025-10-17T07:44:28+00:00","article_modified_time":"2025-10-20T08:44:26+00:00","og_image":[{"width":2560,"height":1438,"url":"https:\/\/www.rafanadalacademy.com\/wp-content\/uploads\/2025\/03\/RNA_2024marzo_5464-x-3070-6-scaled-e1742989201511.jpg","type":"image\/jpeg"}],"author":"joseluisprados","twitter_card":"summary_large_image","twitter_misc":{"Written by":"joseluisprados","Est. reading time":"4 minutes"},"schema":{"@context":"https:\/\/schema.org","@graph":[{"@type":"Article","@id":"https:\/\/www.rafanadalacademy.com\/de\/rafa-nadal-academy-von-movistar\/die-rafa-nadal-academy-by-movistar-feiert-ihr-neunjaehriges-bestehen-und-hat-sich-zu-einem-weltweiten-massstab-entwickelt\/#article","isPartOf":{"@id":"https:\/\/www.rafanadalacademy.com\/de\/rafa-nadal-academy-von-movistar\/die-rafa-nadal-academy-by-movistar-feiert-ihr-neunjaehriges-bestehen-und-hat-sich-zu-einem-weltweiten-massstab-entwickelt\/"},"author":{"name":"joseluisprados","@id":"https:\/\/www.rafanadalacademy.com\/de\/#\/schema\/person\/744897d6ee269641fff954376180ef01"},"headline":"Die Rafa Nadal Academy feiert ihr neunj\u00e4hriges Bestehen und hat sich zu einem weltweiten Ma\u00dfstab entwickelt","datePublished":"2025-10-17T07:44:28+00:00","dateModified":"2025-10-20T08:44:26+00:00","mainEntityOfPage":{"@id":"https:\/\/www.rafanadalacademy.com\/de\/rafa-nadal-academy-von-movistar\/die-rafa-nadal-academy-by-movistar-feiert-ihr-neunjaehriges-bestehen-und-hat-sich-zu-einem-weltweiten-massstab-entwickelt\/"},"wordCount":809,"image":{"@id":"https:\/\/www.rafanadalacademy.com\/de\/rafa-nadal-academy-von-movistar\/die-rafa-nadal-academy-by-movistar-feiert-ihr-neunjaehriges-bestehen-und-hat-sich-zu-einem-weltweiten-massstab-entwickelt\/#primaryimage"},"thumbnailUrl":"https:\/\/www.rafanadalacademy.com\/wp-content\/uploads\/2025\/03\/RNA_2024marzo_5464-x-3070-6-scaled-e1742989201511.jpg","keywords":["RAFA NADAL ACADEMY VON MOVISTAR"],"articleSection":["Nachricht","RAFA NADAL ACADEMY VON MOVISTAR"],"inLanguage":"de-DE","copyrightYear":"2025","copyrightHolder":{"@id":"https:\/\/www.rafanadalacademy.com\/#organization"}},{"@type":"WebPage","@id":"https:\/\/www.rafanadalacademy.com\/de\/rafa-nadal-academy-von-movistar\/die-rafa-nadal-academy-by-movistar-feiert-ihr-neunjaehriges-bestehen-und-hat-sich-zu-einem-weltweiten-massstab-entwickelt\/","url":"https:\/\/www.rafanadalacademy.com\/de\/rafa-nadal-academy-von-movistar\/die-rafa-nadal-academy-by-movistar-feiert-ihr-neunjaehriges-bestehen-und-hat-sich-zu-einem-weltweiten-massstab-entwickelt\/","name":"Die Rafa Nadal Academy feiert ihr neunj\u00e4hriges Bestehen und hat sich zu einem weltweiten Ma\u00dfstab entwickelt - Rafa Nadal Academy","isPartOf":{"@id":"https:\/\/www.rafanadalacademy.com\/de\/#website"},"primaryImageOfPage":{"@id":"https:\/\/www.rafanadalacademy.com\/de\/rafa-nadal-academy-von-movistar\/die-rafa-nadal-academy-by-movistar-feiert-ihr-neunjaehriges-bestehen-und-hat-sich-zu-einem-weltweiten-massstab-entwickelt\/#primaryimage"},"image":{"@id":"https:\/\/www.rafanadalacademy.com\/de\/rafa-nadal-academy-von-movistar\/die-rafa-nadal-academy-by-movistar-feiert-ihr-neunjaehriges-bestehen-und-hat-sich-zu-einem-weltweiten-massstab-entwickelt\/#primaryimage"},"thumbnailUrl":"https:\/\/www.rafanadalacademy.com\/wp-content\/uploads\/2025\/03\/RNA_2024marzo_5464-x-3070-6-scaled-e1742989201511.jpg","datePublished":"2025-10-17T07:44:28+00:00","dateModified":"2025-10-20T08:44:26+00:00","author":{"@id":"https:\/\/www.rafanadalacademy.com\/de\/#\/schema\/person\/744897d6ee269641fff954376180ef01"},"description":"Der 19. Oktober 2016 wird f\u00fcr immer als ein sehr wichtiger Tag in Rafa Nadals Karriere und Verm\u00e4chtnis in Erinnerung bleiben. An diesem Tag weihte Rafa selbst die Rafa Nadal Academy in seiner Heimatstadt Manacor offiziell ein, begleitet von Roger Federer und zahlreichen Pers\u00f6nlichkeiten, Beh\u00f6rden und Freunden.","breadcrumb":{"@id":"https:\/\/www.rafanadalacademy.com\/de\/rafa-nadal-academy-von-movistar\/die-rafa-nadal-academy-by-movistar-feiert-ihr-neunjaehriges-bestehen-und-hat-sich-zu-einem-weltweiten-massstab-entwickelt\/#breadcrumb"},"inLanguage":"de-DE","potentialAction":[{"@type":"ReadAction","target":["https:\/\/www.rafanadalacademy.com\/de\/rafa-nadal-academy-von-movistar\/die-rafa-nadal-academy-by-movistar-feiert-ihr-neunjaehriges-bestehen-und-hat-sich-zu-einem-weltweiten-massstab-entwickelt\/"]}]},{"@type":"ImageObject","inLanguage":"de-DE","@id":"https:\/\/www.rafanadalacademy.com\/de\/rafa-nadal-academy-von-movistar\/die-rafa-nadal-academy-by-movistar-feiert-ihr-neunjaehriges-bestehen-und-hat-sich-zu-einem-weltweiten-massstab-entwickelt\/#primaryimage","url":"https:\/\/www.rafanadalacademy.com\/wp-content\/uploads\/2025\/03\/RNA_2024marzo_5464-x-3070-6-scaled-e1742989201511.jpg","contentUrl":"https:\/\/www.rafanadalacademy.com\/wp-content\/uploads\/2025\/03\/RNA_2024marzo_5464-x-3070-6-scaled-e1742989201511.jpg","width":2560,"height":1438},{"@type":"BreadcrumbList","@id":"https:\/\/www.rafanadalacademy.com\/de\/rafa-nadal-academy-von-movistar\/die-rafa-nadal-academy-by-movistar-feiert-ihr-neunjaehriges-bestehen-und-hat-sich-zu-einem-weltweiten-massstab-entwickelt\/#breadcrumb","itemListElement":[{"@type":"ListItem","position":1,"name":"Home","item":"https:\/\/www.rafanadalacademy.com\/de\/"},{"@type":"ListItem","position":2,"name":"Die Rafa Nadal Academy feiert ihr neunj\u00e4hriges Bestehen und hat sich zu einem weltweiten Ma\u00dfstab entwickelt"}]},{"@type":"WebSite","@id":"https:\/\/www.rafanadalacademy.com\/de\/#website","url":"https:\/\/www.rafanadalacademy.com\/de\/","name":"Rafa Nadal Academy","description":"Otro sitio realizado con WordPress","potentialAction":[{"@type":"SearchAction","target":{"@type":"EntryPoint","urlTemplate":"https:\/\/www.rafanadalacademy.com\/de\/?s={search_term_string}"},"query-input":{"@type":"PropertyValueSpecification","valueRequired":true,"valueName":"search_term_string"}}],"inLanguage":"de-DE"},{"@type":"Person","@id":"https:\/\/www.rafanadalacademy.com\/de\/#\/schema\/person\/744897d6ee269641fff954376180ef01","name":"joseluisprados","image":{"@type":"ImageObject","inLanguage":"de-DE","@id":"https:\/\/www.rafanadalacademy.com\/de\/#\/schema\/person\/image\/","url":"https:\/\/secure.gravatar.com\/avatar\/8aa823a6e5501864ffab4785d9e2a994b59c2d45c9f9751c5a532abfec081e5f?s=96&d=mm&r=g","contentUrl":"https:\/\/secure.gravatar.com\/avatar\/8aa823a6e5501864ffab4785d9e2a994b59c2d45c9f9751c5a532abfec081e5f?s=96&d=mm&r=g","caption":"joseluisprados"},"url":"https:\/\/www.rafanadalacademy.com\/de\/author\/joseluisprados\/"},{"@type":"ImageObject","inLanguage":"de-DE","@id":"https:\/\/www.rafanadalacademy.com\/de\/rafa-nadal-academy-von-movistar\/die-rafa-nadal-academy-by-movistar-feiert-ihr-neunjaehriges-bestehen-und-hat-sich-zu-einem-weltweiten-massstab-entwickelt\/#local-main-organization-logo","url":"","contentUrl":"","caption":"Rafa Nadal Academy"}]}},"_links":{"self":[{"href":"https:\/\/www.rafanadalacademy.com\/de\/wp-json\/wp\/v2\/posts\/35560","targetHints":{"allow":["GET"]}}],"collection":[{"href":"https:\/\/www.rafanadalacademy.com\/de\/wp-json\/wp\/v2\/posts"}],"about":[{"href":"https:\/\/www.rafanadalacademy.com\/de\/wp-json\/wp\/v2\/types\/post"}],"author":[{"embeddable":true,"href":"https:\/\/www.rafanadalacademy.com\/de\/wp-json\/wp\/v2\/users\/23"}],"replies":[{"embeddable":true,"href":"https:\/\/www.rafanadalacademy.com\/de\/wp-json\/wp\/v2\/comments?post=35560"}],"version-history":[{"count":1,"href":"https:\/\/www.rafanadalacademy.com\/de\/wp-json\/wp\/v2\/posts\/35560\/revisions"}],"predecessor-version":[{"id":35561,"href":"https:\/\/www.rafanadalacademy.com\/de\/wp-json\/wp\/v2\/posts\/35560\/revisions\/35561"}],"wp:featuredmedia":[{"embeddable":true,"href":"https:\/\/www.rafanadalacademy.com\/de\/wp-json\/wp\/v2\/media\/25487"}],"wp:attachment":[{"href":"https:\/\/www.rafanadalacademy.com\/de\/wp-json\/wp\/v2\/media?parent=35560"}],"wp:term":[{"taxonomy":"category","embeddable":true,"href":"https:\/\/www.rafanadalacademy.com\/de\/wp-json\/wp\/v2\/categories?post=35560"},{"taxonomy":"post_tag","embeddable":true,"href":"https:\/\/www.rafanadalacademy.com\/de\/wp-json\/wp\/v2\/tags?post=35560"}],"curies":[{"name":"wp","href":"https:\/\/api.w.org\/{rel}","templated":true}]}}