{"id":34494,"date":"2025-10-07T10:38:01","date_gmt":"2025-10-07T10:38:01","guid":{"rendered":"https:\/\/www.rafanadalacademy.com\/unkategorisiert\/korneeva-gewinnt-auch-in-bratislava-ihren-dritten-titel-in-diesem-jahr\/"},"modified":"2025-10-09T11:46:56","modified_gmt":"2025-10-09T11:46:56","slug":"korneeva-gewinnt-auch-in-bratislava-ihren-dritten-titel-in-diesem-jahr","status":"publish","type":"post","link":"https:\/\/www.rafanadalacademy.com\/de\/rafa-nadal-academy-von-movistar\/korneeva-gewinnt-auch-in-bratislava-ihren-dritten-titel-in-diesem-jahr\/","title":{"rendered":"Korneeva gewinnt auch in Bratislava ihren dritten Titel in diesem Jahr"},"content":{"rendered":"\n<p>Alina Korneeva ist zum Ende der Saison weiterhin nicht zu stoppen. Die junge russische Tennisspielerin, eine <strong>Grand-Slam-Juniorenmeisterin<\/strong>, gewann das <strong>ITF W75-Turnier in Bratislava<\/strong>, nachdem sie die Tschechin <strong>Lucie Havlickova<\/strong> im Finale <strong>mit 7:6, 7:5<\/strong> in einem intensiven Match besiegt hatte, das ihre hervorragende Form best\u00e4tigt. <\/p>\n\n<figure class=\"wp-block-image size-full\"><img decoding=\"async\" src=\"https:\/\/www.rafanadalacademy.com\/wp-content\/uploads\/2025\/10\/&#x1F3C6;-Third-ITF-title-of-the-yearHuge-congrats-@aliakorneeva2007-on-winning-the-@itfworldtennisto-e1759833260386.jpg\" alt=\"Alina Korneeva, Meisterin in Bratislava\" class=\"wp-image-34253\"\/><\/figure>\n\n<div style=\"height:50px\" aria-hidden=\"true\" class=\"wp-block-spacer\"><\/div>\n\n<p>Mit diesem Sieg sammelt <strong>Korneeva<\/strong>, die in der <strong>Rafa Nadal Academy von Movistar<\/strong> trainiert und von <strong>Anabel Medina<\/strong> und <strong>Joan Carles Alcal\u00e1<\/strong> betreut wird, <strong>15 Siege in ihren letzten 16 Matches<\/strong>, eine beeindruckende Serie, die sie als eine der am besten in Form befindlichen Spielerinnen auf dem ITF-Zirkus festigt. Au\u00dferdem ist der Titel in der slowakischen Hauptstadt ihre <strong>dritte Troph\u00e4e in dieser Saison<\/strong>, nachdem sie auch die Turniere in <strong>\u00c9vora<\/strong> und <strong>Leiria<\/strong>, beide in Portugal, gewonnen hat. <\/p>\n\n<p>Der neue Erfolg des Gewinners zweier Junioren-Grand-Slams (Australian Open 2023 und Roland Garros 2023) f\u00fcgt sich in die brillanten Leistungen des Herrenteams der <strong>Rafa Nadal Academy<\/strong> ein, das k\u00fcrzlich ebenfalls <strong>drei ATP Challenger-Titel<\/strong> feiern konnte: <strong>Dani Rinc\u00f3n<\/strong>, Sieger der <strong>Rafa Nadal Open by Movistar<\/strong>, <strong>Mart\u00edn Landaluce<\/strong>, Sieger in <strong>Orleans, und Abdulah Shelbayah<\/strong>, Sieger in <strong>Las Vegas<\/strong>.<\/p>\n\n<div style=\"height:51px\" aria-hidden=\"true\" class=\"wp-block-spacer\"><\/div>\n\n<figure class=\"wp-block-embed is-type-rich is-provider-twitter wp-block-embed-twitter\"><div class=\"wp-block-embed__wrapper\">\n<blockquote class=\"twitter-tweet\" data-width=\"500\" data-dnt=\"true\"><p lang=\"en\" dir=\"ltr\">\ud83c\udfc6 Third ITF title of the year!<br>Huge congrats Alina Korneeva on winning the <a href=\"https:\/\/twitter.com\/ITFTennis?ref_src=twsrc%5Etfw\">@ITFTennis<\/a> tournament in Bratislava! \ud83c\uddf8\ud83c\uddf0<br><br>What an amazing couple of months \u2014 full of hard work, passion, and great results. VAMOS\ud83d\udd25 <a href=\"https:\/\/t.co\/UcCRXDsCty\">pic.twitter.com\/UcCRXDsCty<\/a><\/p>&mdash; Rafa Nadal Academy (@rnadalacademy) <a href=\"https:\/\/twitter.com\/rnadalacademy\/status\/1975101411747836130?ref_src=twsrc%5Etfw\">October 6, 2025<\/a><\/blockquote><script async src=\"https:\/\/platform.twitter.com\/widgets.js\" charset=\"utf-8\"><\/script>\n<\/div><\/figure>\n\n<div style=\"height:51px\" aria-hidden=\"true\" class=\"wp-block-spacer\"><\/div>\n\n<p>Ein gemeinsamer Erfolg, der die <strong>harte Arbeit, die Hingabe und die Leidenschaft<\/strong> widerspiegelt, die die t\u00e4gliche Arbeit der Akademie pr\u00e4gen und die sowohl bei den M\u00e4nnern als auch bei den Frauen Fr\u00fcchte tragen.<\/p>\n\n<p><strong>Herzlichen Gl\u00fcckwunsch an Alina Korneeva zu ihrem neuen ITF-Titel.<\/strong><\/p>\n\n<div style=\"height:51px\" aria-hidden=\"true\" class=\"wp-block-spacer\"><\/div>\n","protected":false},"excerpt":{"rendered":"<p>Alina Korneeva ist zum Ende der Saison weiterhin nicht zu stoppen. Die junge russische Tennisspielerin, eine Grand-Slam-Juniorenmeisterin, gewann das ITF W75-Turnier in Bratislava, nachdem sie die Tschechin Lucie Havlickova im Finale mit 7:6, 7:5 in einem intensiven Match besiegt hatte, das ihre hervorragende Form best\u00e4tigt. Mit diesem Sieg sammelt Korneeva, die in der Rafa Nadal<a href=\"https:\/\/www.rafanadalacademy.com\/de\/rafa-nadal-academy-von-movistar\/korneeva-gewinnt-auch-in-bratislava-ihren-dritten-titel-in-diesem-jahr\/\">Continue reading <span class=\"sr-only\">&#8220;Korneeva gewinnt auch in Bratislava ihren dritten Titel in diesem Jahr&#8221;<\/span><\/a><\/p>\n","protected":false},"author":23,"featured_media":34257,"comment_status":"closed","ping_status":"closed","sticky":false,"template":"","format":"standard","meta":{"_acf_changed":false,"footnotes":""},"categories":[159,203],"tags":[204],"class_list":["post-34494","post","type-post","status-publish","format-standard","has-post-thumbnail","hentry","category-nachricht","category-rafa-nadal-academy-von-movistar","tag-rafa-nadal-academy-von-movistar"],"acf":[],"yoast_head":"<!-- This site is optimized with the Yoast SEO Premium plugin v26.8 (Yoast SEO v26.9) - https:\/\/yoast.com\/product\/yoast-seo-premium-wordpress\/ -->\n<title>Korneeva gewinnt auch in Bratislava ihren dritten Titel in diesem Jahr - Rafa Nadal Academy<\/title>\n<meta name=\"description\" content=\"Alina Korneeva ist auch am Ende der Saison nicht zu stoppen. Die junge russische Tennisspielerin gewann das ITF W75 Turnier in Bratislava.\" \/>\n<meta name=\"robots\" content=\"index, follow, max-snippet:-1, max-image-preview:large, max-video-preview:-1\" \/>\n<link rel=\"canonical\" href=\"https:\/\/www.rafanadalacademy.com\/de\/rafa-nadal-academy-von-movistar\/korneeva-gewinnt-auch-in-bratislava-ihren-dritten-titel-in-diesem-jahr\/\" \/>\n<meta property=\"og:locale\" content=\"de_DE\" \/>\n<meta property=\"og:type\" content=\"article\" \/>\n<meta property=\"og:title\" content=\"Korneeva gewinnt auch in Bratislava ihren dritten Titel in diesem Jahr\" \/>\n<meta property=\"og:description\" content=\"Alina Korneeva ist auch am Ende der Saison nicht zu stoppen. Die junge russische Tennisspielerin gewann das ITF W75 Turnier in Bratislava.\" \/>\n<meta property=\"og:url\" content=\"https:\/\/www.rafanadalacademy.com\/de\/rafa-nadal-academy-von-movistar\/korneeva-gewinnt-auch-in-bratislava-ihren-dritten-titel-in-diesem-jahr\/\" \/>\n<meta property=\"og:site_name\" content=\"Rafa Nadal Academy\" \/>\n<meta property=\"article:published_time\" content=\"2025-10-07T10:38:01+00:00\" \/>\n<meta property=\"article:modified_time\" content=\"2025-10-09T11:46:56+00:00\" \/>\n<meta property=\"og:image\" content=\"https:\/\/www.rafanadalacademy.com\/wp-content\/uploads\/2025\/10\/\ud83c\udfc6-Third-ITF-title-of-the-yearHuge-congrats-@aliakorneeva2007-on-winning-the-@itfworldtennisto-e1759833411251.jpg\" \/>\n\t<meta property=\"og:image:width\" content=\"1080\" \/>\n\t<meta property=\"og:image:height\" content=\"1350\" \/>\n\t<meta property=\"og:image:type\" content=\"image\/jpeg\" \/>\n<meta name=\"author\" content=\"joseluisprados\" \/>\n<meta name=\"twitter:card\" content=\"summary_large_image\" \/>\n<meta name=\"twitter:label1\" content=\"Written by\" \/>\n\t<meta name=\"twitter:data1\" content=\"joseluisprados\" \/>\n\t<meta name=\"twitter:label2\" content=\"Est. reading time\" \/>\n\t<meta name=\"twitter:data2\" content=\"1 minute\" \/>\n<script type=\"application\/ld+json\" class=\"yoast-schema-graph\">{\"@context\":\"https:\/\/schema.org\",\"@graph\":[{\"@type\":\"Article\",\"@id\":\"https:\/\/www.rafanadalacademy.com\/de\/rafa-nadal-academy-von-movistar\/korneeva-gewinnt-auch-in-bratislava-ihren-dritten-titel-in-diesem-jahr\/#article\",\"isPartOf\":{\"@id\":\"https:\/\/www.rafanadalacademy.com\/de\/rafa-nadal-academy-von-movistar\/korneeva-gewinnt-auch-in-bratislava-ihren-dritten-titel-in-diesem-jahr\/\"},\"author\":{\"name\":\"joseluisprados\",\"@id\":\"https:\/\/www.rafanadalacademy.com\/de\/#\/schema\/person\/744897d6ee269641fff954376180ef01\"},\"headline\":\"Korneeva gewinnt auch in Bratislava ihren dritten Titel in diesem Jahr\",\"datePublished\":\"2025-10-07T10:38:01+00:00\",\"dateModified\":\"2025-10-09T11:46:56+00:00\",\"mainEntityOfPage\":{\"@id\":\"https:\/\/www.rafanadalacademy.com\/de\/rafa-nadal-academy-von-movistar\/korneeva-gewinnt-auch-in-bratislava-ihren-dritten-titel-in-diesem-jahr\/\"},\"wordCount\":243,\"image\":{\"@id\":\"https:\/\/www.rafanadalacademy.com\/de\/rafa-nadal-academy-von-movistar\/korneeva-gewinnt-auch-in-bratislava-ihren-dritten-titel-in-diesem-jahr\/#primaryimage\"},\"thumbnailUrl\":\"https:\/\/www.rafanadalacademy.com\/wp-content\/uploads\/2025\/10\/\ud83c\udfc6-Third-ITF-title-of-the-yearHuge-congrats-@aliakorneeva2007-on-winning-the-@itfworldtennisto-e1759833411251.jpg\",\"keywords\":[\"RAFA NADAL ACADEMY VON MOVISTAR\"],\"articleSection\":[\"Nachricht\",\"RAFA NADAL ACADEMY VON MOVISTAR\"],\"inLanguage\":\"de-DE\",\"copyrightYear\":\"2025\",\"copyrightHolder\":{\"@id\":\"https:\/\/www.rafanadalacademy.com\/#organization\"}},{\"@type\":\"WebPage\",\"@id\":\"https:\/\/www.rafanadalacademy.com\/de\/rafa-nadal-academy-von-movistar\/korneeva-gewinnt-auch-in-bratislava-ihren-dritten-titel-in-diesem-jahr\/\",\"url\":\"https:\/\/www.rafanadalacademy.com\/de\/rafa-nadal-academy-von-movistar\/korneeva-gewinnt-auch-in-bratislava-ihren-dritten-titel-in-diesem-jahr\/\",\"name\":\"Korneeva gewinnt auch in Bratislava ihren dritten Titel in diesem Jahr - Rafa Nadal Academy\",\"isPartOf\":{\"@id\":\"https:\/\/www.rafanadalacademy.com\/de\/#website\"},\"primaryImageOfPage\":{\"@id\":\"https:\/\/www.rafanadalacademy.com\/de\/rafa-nadal-academy-von-movistar\/korneeva-gewinnt-auch-in-bratislava-ihren-dritten-titel-in-diesem-jahr\/#primaryimage\"},\"image\":{\"@id\":\"https:\/\/www.rafanadalacademy.com\/de\/rafa-nadal-academy-von-movistar\/korneeva-gewinnt-auch-in-bratislava-ihren-dritten-titel-in-diesem-jahr\/#primaryimage\"},\"thumbnailUrl\":\"https:\/\/www.rafanadalacademy.com\/wp-content\/uploads\/2025\/10\/\ud83c\udfc6-Third-ITF-title-of-the-yearHuge-congrats-@aliakorneeva2007-on-winning-the-@itfworldtennisto-e1759833411251.jpg\",\"datePublished\":\"2025-10-07T10:38:01+00:00\",\"dateModified\":\"2025-10-09T11:46:56+00:00\",\"author\":{\"@id\":\"https:\/\/www.rafanadalacademy.com\/de\/#\/schema\/person\/744897d6ee269641fff954376180ef01\"},\"description\":\"Alina Korneeva ist auch am Ende der Saison nicht zu stoppen. Die junge russische Tennisspielerin gewann das ITF W75 Turnier in Bratislava.\",\"breadcrumb\":{\"@id\":\"https:\/\/www.rafanadalacademy.com\/de\/rafa-nadal-academy-von-movistar\/korneeva-gewinnt-auch-in-bratislava-ihren-dritten-titel-in-diesem-jahr\/#breadcrumb\"},\"inLanguage\":\"de-DE\",\"potentialAction\":[{\"@type\":\"ReadAction\",\"target\":[\"https:\/\/www.rafanadalacademy.com\/de\/rafa-nadal-academy-von-movistar\/korneeva-gewinnt-auch-in-bratislava-ihren-dritten-titel-in-diesem-jahr\/\"]}]},{\"@type\":\"ImageObject\",\"inLanguage\":\"de-DE\",\"@id\":\"https:\/\/www.rafanadalacademy.com\/de\/rafa-nadal-academy-von-movistar\/korneeva-gewinnt-auch-in-bratislava-ihren-dritten-titel-in-diesem-jahr\/#primaryimage\",\"url\":\"https:\/\/www.rafanadalacademy.com\/wp-content\/uploads\/2025\/10\/\ud83c\udfc6-Third-ITF-title-of-the-yearHuge-congrats-@aliakorneeva2007-on-winning-the-@itfworldtennisto-e1759833411251.jpg\",\"contentUrl\":\"https:\/\/www.rafanadalacademy.com\/wp-content\/uploads\/2025\/10\/\ud83c\udfc6-Third-ITF-title-of-the-yearHuge-congrats-@aliakorneeva2007-on-winning-the-@itfworldtennisto-e1759833411251.jpg\",\"width\":1080,\"height\":1350,\"caption\":\"https:\/\/www.instagram.com\/p\/DPdZ5EQiBi8\/?img_index=1&igsh=MTBzYWYwbGk1c3V6NQ%3D%3D\"},{\"@type\":\"BreadcrumbList\",\"@id\":\"https:\/\/www.rafanadalacademy.com\/de\/rafa-nadal-academy-von-movistar\/korneeva-gewinnt-auch-in-bratislava-ihren-dritten-titel-in-diesem-jahr\/#breadcrumb\",\"itemListElement\":[{\"@type\":\"ListItem\",\"position\":1,\"name\":\"Home\",\"item\":\"https:\/\/www.rafanadalacademy.com\/de\/\"},{\"@type\":\"ListItem\",\"position\":2,\"name\":\"Korneeva gewinnt auch in Bratislava ihren dritten Titel in diesem Jahr\"}]},{\"@type\":\"WebSite\",\"@id\":\"https:\/\/www.rafanadalacademy.com\/de\/#website\",\"url\":\"https:\/\/www.rafanadalacademy.com\/de\/\",\"name\":\"Rafa Nadal Academy\",\"description\":\"Otro sitio realizado con WordPress\",\"potentialAction\":[{\"@type\":\"SearchAction\",\"target\":{\"@type\":\"EntryPoint\",\"urlTemplate\":\"https:\/\/www.rafanadalacademy.com\/de\/?s={search_term_string}\"},\"query-input\":{\"@type\":\"PropertyValueSpecification\",\"valueRequired\":true,\"valueName\":\"search_term_string\"}}],\"inLanguage\":\"de-DE\"},{\"@type\":\"Person\",\"@id\":\"https:\/\/www.rafanadalacademy.com\/de\/#\/schema\/person\/744897d6ee269641fff954376180ef01\",\"name\":\"joseluisprados\",\"image\":{\"@type\":\"ImageObject\",\"inLanguage\":\"de-DE\",\"@id\":\"https:\/\/www.rafanadalacademy.com\/de\/#\/schema\/person\/image\/\",\"url\":\"https:\/\/secure.gravatar.com\/avatar\/8aa823a6e5501864ffab4785d9e2a994b59c2d45c9f9751c5a532abfec081e5f?s=96&d=mm&r=g\",\"contentUrl\":\"https:\/\/secure.gravatar.com\/avatar\/8aa823a6e5501864ffab4785d9e2a994b59c2d45c9f9751c5a532abfec081e5f?s=96&d=mm&r=g\",\"caption\":\"joseluisprados\"},\"url\":\"https:\/\/www.rafanadalacademy.com\/de\/author\/joseluisprados\/\"},{\"@type\":\"ImageObject\",\"inLanguage\":\"de-DE\",\"@id\":\"https:\/\/www.rafanadalacademy.com\/de\/rafa-nadal-academy-von-movistar\/korneeva-gewinnt-auch-in-bratislava-ihren-dritten-titel-in-diesem-jahr\/#local-main-organization-logo\",\"url\":\"\",\"contentUrl\":\"\",\"caption\":\"Rafa Nadal Academy\"}]}<\/script>\n<!-- \/ Yoast SEO Premium plugin. -->","yoast_head_json":{"title":"Korneeva gewinnt auch in Bratislava ihren dritten Titel in diesem Jahr - Rafa Nadal Academy","description":"Alina Korneeva ist auch am Ende der Saison nicht zu stoppen. Die junge russische Tennisspielerin gewann das ITF W75 Turnier in Bratislava.","robots":{"index":"index","follow":"follow","max-snippet":"max-snippet:-1","max-image-preview":"max-image-preview:large","max-video-preview":"max-video-preview:-1"},"canonical":"https:\/\/www.rafanadalacademy.com\/de\/rafa-nadal-academy-von-movistar\/korneeva-gewinnt-auch-in-bratislava-ihren-dritten-titel-in-diesem-jahr\/","og_locale":"de_DE","og_type":"article","og_title":"Korneeva gewinnt auch in Bratislava ihren dritten Titel in diesem Jahr","og_description":"Alina Korneeva ist auch am Ende der Saison nicht zu stoppen. Die junge russische Tennisspielerin gewann das ITF W75 Turnier in Bratislava.","og_url":"https:\/\/www.rafanadalacademy.com\/de\/rafa-nadal-academy-von-movistar\/korneeva-gewinnt-auch-in-bratislava-ihren-dritten-titel-in-diesem-jahr\/","og_site_name":"Rafa Nadal Academy","article_published_time":"2025-10-07T10:38:01+00:00","article_modified_time":"2025-10-09T11:46:56+00:00","og_image":[{"width":1080,"height":1350,"url":"https:\/\/www.rafanadalacademy.com\/wp-content\/uploads\/2025\/10\/\ud83c\udfc6-Third-ITF-title-of-the-yearHuge-congrats-@aliakorneeva2007-on-winning-the-@itfworldtennisto-e1759833411251.jpg","type":"image\/jpeg"}],"author":"joseluisprados","twitter_card":"summary_large_image","twitter_misc":{"Written by":"joseluisprados","Est. reading time":"1 minute"},"schema":{"@context":"https:\/\/schema.org","@graph":[{"@type":"Article","@id":"https:\/\/www.rafanadalacademy.com\/de\/rafa-nadal-academy-von-movistar\/korneeva-gewinnt-auch-in-bratislava-ihren-dritten-titel-in-diesem-jahr\/#article","isPartOf":{"@id":"https:\/\/www.rafanadalacademy.com\/de\/rafa-nadal-academy-von-movistar\/korneeva-gewinnt-auch-in-bratislava-ihren-dritten-titel-in-diesem-jahr\/"},"author":{"name":"joseluisprados","@id":"https:\/\/www.rafanadalacademy.com\/de\/#\/schema\/person\/744897d6ee269641fff954376180ef01"},"headline":"Korneeva gewinnt auch in Bratislava ihren dritten Titel in diesem Jahr","datePublished":"2025-10-07T10:38:01+00:00","dateModified":"2025-10-09T11:46:56+00:00","mainEntityOfPage":{"@id":"https:\/\/www.rafanadalacademy.com\/de\/rafa-nadal-academy-von-movistar\/korneeva-gewinnt-auch-in-bratislava-ihren-dritten-titel-in-diesem-jahr\/"},"wordCount":243,"image":{"@id":"https:\/\/www.rafanadalacademy.com\/de\/rafa-nadal-academy-von-movistar\/korneeva-gewinnt-auch-in-bratislava-ihren-dritten-titel-in-diesem-jahr\/#primaryimage"},"thumbnailUrl":"https:\/\/www.rafanadalacademy.com\/wp-content\/uploads\/2025\/10\/\ud83c\udfc6-Third-ITF-title-of-the-yearHuge-congrats-@aliakorneeva2007-on-winning-the-@itfworldtennisto-e1759833411251.jpg","keywords":["RAFA NADAL ACADEMY VON MOVISTAR"],"articleSection":["Nachricht","RAFA NADAL ACADEMY VON MOVISTAR"],"inLanguage":"de-DE","copyrightYear":"2025","copyrightHolder":{"@id":"https:\/\/www.rafanadalacademy.com\/#organization"}},{"@type":"WebPage","@id":"https:\/\/www.rafanadalacademy.com\/de\/rafa-nadal-academy-von-movistar\/korneeva-gewinnt-auch-in-bratislava-ihren-dritten-titel-in-diesem-jahr\/","url":"https:\/\/www.rafanadalacademy.com\/de\/rafa-nadal-academy-von-movistar\/korneeva-gewinnt-auch-in-bratislava-ihren-dritten-titel-in-diesem-jahr\/","name":"Korneeva gewinnt auch in Bratislava ihren dritten Titel in diesem Jahr - Rafa Nadal Academy","isPartOf":{"@id":"https:\/\/www.rafanadalacademy.com\/de\/#website"},"primaryImageOfPage":{"@id":"https:\/\/www.rafanadalacademy.com\/de\/rafa-nadal-academy-von-movistar\/korneeva-gewinnt-auch-in-bratislava-ihren-dritten-titel-in-diesem-jahr\/#primaryimage"},"image":{"@id":"https:\/\/www.rafanadalacademy.com\/de\/rafa-nadal-academy-von-movistar\/korneeva-gewinnt-auch-in-bratislava-ihren-dritten-titel-in-diesem-jahr\/#primaryimage"},"thumbnailUrl":"https:\/\/www.rafanadalacademy.com\/wp-content\/uploads\/2025\/10\/\ud83c\udfc6-Third-ITF-title-of-the-yearHuge-congrats-@aliakorneeva2007-on-winning-the-@itfworldtennisto-e1759833411251.jpg","datePublished":"2025-10-07T10:38:01+00:00","dateModified":"2025-10-09T11:46:56+00:00","author":{"@id":"https:\/\/www.rafanadalacademy.com\/de\/#\/schema\/person\/744897d6ee269641fff954376180ef01"},"description":"Alina Korneeva ist auch am Ende der Saison nicht zu stoppen. Die junge russische Tennisspielerin gewann das ITF W75 Turnier in Bratislava.","breadcrumb":{"@id":"https:\/\/www.rafanadalacademy.com\/de\/rafa-nadal-academy-von-movistar\/korneeva-gewinnt-auch-in-bratislava-ihren-dritten-titel-in-diesem-jahr\/#breadcrumb"},"inLanguage":"de-DE","potentialAction":[{"@type":"ReadAction","target":["https:\/\/www.rafanadalacademy.com\/de\/rafa-nadal-academy-von-movistar\/korneeva-gewinnt-auch-in-bratislava-ihren-dritten-titel-in-diesem-jahr\/"]}]},{"@type":"ImageObject","inLanguage":"de-DE","@id":"https:\/\/www.rafanadalacademy.com\/de\/rafa-nadal-academy-von-movistar\/korneeva-gewinnt-auch-in-bratislava-ihren-dritten-titel-in-diesem-jahr\/#primaryimage","url":"https:\/\/www.rafanadalacademy.com\/wp-content\/uploads\/2025\/10\/\ud83c\udfc6-Third-ITF-title-of-the-yearHuge-congrats-@aliakorneeva2007-on-winning-the-@itfworldtennisto-e1759833411251.jpg","contentUrl":"https:\/\/www.rafanadalacademy.com\/wp-content\/uploads\/2025\/10\/\ud83c\udfc6-Third-ITF-title-of-the-yearHuge-congrats-@aliakorneeva2007-on-winning-the-@itfworldtennisto-e1759833411251.jpg","width":1080,"height":1350,"caption":"https:\/\/www.instagram.com\/p\/DPdZ5EQiBi8\/?img_index=1&igsh=MTBzYWYwbGk1c3V6NQ%3D%3D"},{"@type":"BreadcrumbList","@id":"https:\/\/www.rafanadalacademy.com\/de\/rafa-nadal-academy-von-movistar\/korneeva-gewinnt-auch-in-bratislava-ihren-dritten-titel-in-diesem-jahr\/#breadcrumb","itemListElement":[{"@type":"ListItem","position":1,"name":"Home","item":"https:\/\/www.rafanadalacademy.com\/de\/"},{"@type":"ListItem","position":2,"name":"Korneeva gewinnt auch in Bratislava ihren dritten Titel in diesem Jahr"}]},{"@type":"WebSite","@id":"https:\/\/www.rafanadalacademy.com\/de\/#website","url":"https:\/\/www.rafanadalacademy.com\/de\/","name":"Rafa Nadal Academy","description":"Otro sitio realizado con WordPress","potentialAction":[{"@type":"SearchAction","target":{"@type":"EntryPoint","urlTemplate":"https:\/\/www.rafanadalacademy.com\/de\/?s={search_term_string}"},"query-input":{"@type":"PropertyValueSpecification","valueRequired":true,"valueName":"search_term_string"}}],"inLanguage":"de-DE"},{"@type":"Person","@id":"https:\/\/www.rafanadalacademy.com\/de\/#\/schema\/person\/744897d6ee269641fff954376180ef01","name":"joseluisprados","image":{"@type":"ImageObject","inLanguage":"de-DE","@id":"https:\/\/www.rafanadalacademy.com\/de\/#\/schema\/person\/image\/","url":"https:\/\/secure.gravatar.com\/avatar\/8aa823a6e5501864ffab4785d9e2a994b59c2d45c9f9751c5a532abfec081e5f?s=96&d=mm&r=g","contentUrl":"https:\/\/secure.gravatar.com\/avatar\/8aa823a6e5501864ffab4785d9e2a994b59c2d45c9f9751c5a532abfec081e5f?s=96&d=mm&r=g","caption":"joseluisprados"},"url":"https:\/\/www.rafanadalacademy.com\/de\/author\/joseluisprados\/"},{"@type":"ImageObject","inLanguage":"de-DE","@id":"https:\/\/www.rafanadalacademy.com\/de\/rafa-nadal-academy-von-movistar\/korneeva-gewinnt-auch-in-bratislava-ihren-dritten-titel-in-diesem-jahr\/#local-main-organization-logo","url":"","contentUrl":"","caption":"Rafa Nadal Academy"}]}},"_links":{"self":[{"href":"https:\/\/www.rafanadalacademy.com\/de\/wp-json\/wp\/v2\/posts\/34494","targetHints":{"allow":["GET"]}}],"collection":[{"href":"https:\/\/www.rafanadalacademy.com\/de\/wp-json\/wp\/v2\/posts"}],"about":[{"href":"https:\/\/www.rafanadalacademy.com\/de\/wp-json\/wp\/v2\/types\/post"}],"author":[{"embeddable":true,"href":"https:\/\/www.rafanadalacademy.com\/de\/wp-json\/wp\/v2\/users\/23"}],"replies":[{"embeddable":true,"href":"https:\/\/www.rafanadalacademy.com\/de\/wp-json\/wp\/v2\/comments?post=34494"}],"version-history":[{"count":1,"href":"https:\/\/www.rafanadalacademy.com\/de\/wp-json\/wp\/v2\/posts\/34494\/revisions"}],"predecessor-version":[{"id":34495,"href":"https:\/\/www.rafanadalacademy.com\/de\/wp-json\/wp\/v2\/posts\/34494\/revisions\/34495"}],"wp:featuredmedia":[{"embeddable":true,"href":"https:\/\/www.rafanadalacademy.com\/de\/wp-json\/wp\/v2\/media\/34257"}],"wp:attachment":[{"href":"https:\/\/www.rafanadalacademy.com\/de\/wp-json\/wp\/v2\/media?parent=34494"}],"wp:term":[{"taxonomy":"category","embeddable":true,"href":"https:\/\/www.rafanadalacademy.com\/de\/wp-json\/wp\/v2\/categories?post=34494"},{"taxonomy":"post_tag","embeddable":true,"href":"https:\/\/www.rafanadalacademy.com\/de\/wp-json\/wp\/v2\/tags?post=34494"}],"curies":[{"name":"wp","href":"https:\/\/api.w.org\/{rel}","templated":true}]}}