{"id":34469,"date":"2025-10-09T11:13:57","date_gmt":"2025-10-09T11:13:57","guid":{"rendered":"https:\/\/www.rafanadalacademy.com\/unkategorisiert\/favoriten-fuer-den-kampf-um-den-titel-bei-den-enrique-esteire-open-in-der-rafa-nadal-academy\/"},"modified":"2025-10-09T11:38:08","modified_gmt":"2025-10-09T11:38:08","slug":"favoriten-fuer-den-kampf-um-den-titel-bei-den-enrique-esteire-open-in-der-rafa-nadal-academy","status":"publish","type":"post","link":"https:\/\/www.rafanadalacademy.com\/de\/nachricht\/favoriten-fuer-den-kampf-um-den-titel-bei-den-enrique-esteire-open-in-der-rafa-nadal-academy\/","title":{"rendered":"Favoriten f\u00fcr den Kampf um den Titel bei den Enrique Esteire Open in der Rafa Nadal Academy"},"content":{"rendered":"\n<p>Sechs der 10 besten Rollstuhltennisspieler der Welt haben sich auf Mallorca versammelt, um um den Titel der Enrique Esteire Open zu k\u00e4mpfen, deren dritte Auflage in der Rafa Nadal Academy stattfindet.<\/p>\n\n<figure class=\"wp-block-image size-full\"><img decoding=\"async\" src=\"https:\/\/www.rafanadalacademy.com\/wp-content\/uploads\/2025\/10\/&#xA1;Seguimos-disfrutando-MUCHO-del-@enriqueesteireopen-&#xA1;No-os-perdais-las-jornadas-decisivas-en-la-e1760008159638.jpg\" alt=\"\" class=\"wp-image-34452\"\/><figcaption class=\"wp-element-caption\">Enrique Esteire \u00f6ffnen 2025<\/figcaption><\/figure>\n\n<div style=\"height:57px\" aria-hidden=\"true\" class=\"wp-block-spacer\"><\/div>\n\n<p>Sechs Spieler, die derzeit zu den ITF Top 10 geh\u00f6ren, sind unter den Teilnehmern: Gustavo Fern\u00e1ndez (Argentinien) und Gordon Reid (Gro\u00dfbritannien) f\u00fchren das Herrenfeld an, begleitet von Ji Zhengxu und Daniel Caverzaschi, Spaniens Topspieler und Medaillengewinner von Paris 2024.<\/p>\n\n<p>In der Damenkategorie f\u00fchren die Japanerin Yui Kamiji und die Niederl\u00e4nderin Aniek Van Koot das Feld zusammen mit anderen internationalen Top-Spielern an.<\/p>\n\n<p>Alle haben die Finalrunden erreicht und werden in den n\u00e4chsten 48 Stunden den Gewinner der Troph\u00e4e ermitteln, wobei sie sowohl Einzel- als auch Doppelspiele bestreiten werden.<\/p>\n\n<p>Der dritte Tag wird mit dem Duell zwischen Fernandez und Caverzaschi er\u00f6ffnet, gefolgt von Zhengxu und Reid auf der anderen Seite der Auslosung.<\/p>\n\n<p>Der Spanier und die Chinesin werden auch das entscheidende Spiel im Doppel bestreiten, wo sie auf Frederic Cattaneo und Alwande Shikosana treffen.<br\/><br\/>Im Finale der Damen treffen Yui Kamiji und Aniek Van Koot aufeinander, die im Halbfinale Zhu Zhenzhen und Guo Luoyao ausgeschaltet haben.<br\/><br\/><\/p>\n\n<p><\/p>\n","protected":false},"excerpt":{"rendered":"<p>Sechs der 10 besten Rollstuhltennisspieler der Welt haben sich auf Mallorca versammelt, um um den Titel der Enrique Esteire Open zu k\u00e4mpfen, deren dritte Auflage in der Rafa Nadal Academy stattfindet. Sechs Spieler, die derzeit zu den ITF Top 10 geh\u00f6ren, sind unter den Teilnehmern: Gustavo Fern\u00e1ndez (Argentinien) und Gordon Reid (Gro\u00dfbritannien) f\u00fchren das Herrenfeld<a href=\"https:\/\/www.rafanadalacademy.com\/de\/nachricht\/favoriten-fuer-den-kampf-um-den-titel-bei-den-enrique-esteire-open-in-der-rafa-nadal-academy\/\">Continue reading <span class=\"sr-only\">&#8220;Favoriten f\u00fcr den Kampf um den Titel bei den Enrique Esteire Open in der Rafa Nadal Academy&#8221;<\/span><\/a><\/p>\n","protected":false},"author":23,"featured_media":34456,"comment_status":"closed","ping_status":"closed","sticky":false,"template":"","format":"standard","meta":{"_acf_changed":false,"footnotes":""},"categories":[159,203],"tags":[204],"class_list":["post-34469","post","type-post","status-publish","format-standard","has-post-thumbnail","hentry","category-nachricht","category-rafa-nadal-academy-von-movistar","tag-rafa-nadal-academy-von-movistar"],"acf":[],"yoast_head":"<!-- This site is optimized with the Yoast SEO Premium plugin v26.8 (Yoast SEO v26.9) - https:\/\/yoast.com\/product\/yoast-seo-premium-wordpress\/ -->\n<title>Favoriten f\u00fcr den Kampf um den Titel bei den Enrique Esteire Open in der Rafa Nadal Academy - Rafa Nadal Academy<\/title>\n<meta name=\"description\" content=\"Sechs der 10 besten Rollstuhltennisspieler der Welt haben sich auf Mallorca versammelt, um um den Titel der Enrique Esteire Open zu k\u00e4mpfen, die zum dritten Mal in der Rafa Nadal Academy ausgetragen werden.\" \/>\n<meta name=\"robots\" content=\"index, follow, max-snippet:-1, max-image-preview:large, max-video-preview:-1\" \/>\n<link rel=\"canonical\" href=\"https:\/\/www.rafanadalacademy.com\/de\/nachricht\/favoriten-fuer-den-kampf-um-den-titel-bei-den-enrique-esteire-open-in-der-rafa-nadal-academy\/\" \/>\n<meta property=\"og:locale\" content=\"de_DE\" \/>\n<meta property=\"og:type\" content=\"article\" \/>\n<meta property=\"og:title\" content=\"Favoriten f\u00fcr den Kampf um den Titel bei den Enrique Esteire Open in der Rafa Nadal Academy\" \/>\n<meta property=\"og:description\" content=\"Sechs der 10 besten Rollstuhltennisspieler der Welt haben sich auf Mallorca versammelt, um um den Titel der Enrique Esteire Open zu k\u00e4mpfen, die zum dritten Mal in der Rafa Nadal Academy ausgetragen werden.\" \/>\n<meta property=\"og:url\" content=\"https:\/\/www.rafanadalacademy.com\/de\/nachricht\/favoriten-fuer-den-kampf-um-den-titel-bei-den-enrique-esteire-open-in-der-rafa-nadal-academy\/\" \/>\n<meta property=\"og:site_name\" content=\"Rafa Nadal Academy\" \/>\n<meta property=\"article:published_time\" content=\"2025-10-09T11:13:57+00:00\" \/>\n<meta property=\"article:modified_time\" content=\"2025-10-09T11:38:08+00:00\" \/>\n<meta property=\"og:image\" content=\"https:\/\/www.rafanadalacademy.com\/wp-content\/uploads\/2025\/10\/\u00a1Seguimos-disfrutando-MUCHO-del-@enriqueesteireopen-\u00a1No-os-perdais-las-jornadas-decisivas-en-la-e1760008159638.jpg\" \/>\n\t<meta property=\"og:image:width\" content=\"1080\" \/>\n\t<meta property=\"og:image:height\" content=\"1433\" \/>\n\t<meta property=\"og:image:type\" content=\"image\/jpeg\" \/>\n<meta name=\"author\" content=\"joseluisprados\" \/>\n<meta name=\"twitter:card\" content=\"summary_large_image\" \/>\n<meta name=\"twitter:label1\" content=\"Written by\" \/>\n\t<meta name=\"twitter:data1\" content=\"joseluisprados\" \/>\n\t<meta name=\"twitter:label2\" content=\"Est. reading time\" \/>\n\t<meta name=\"twitter:data2\" content=\"1 minute\" \/>\n<script type=\"application\/ld+json\" class=\"yoast-schema-graph\">{\"@context\":\"https:\/\/schema.org\",\"@graph\":[{\"@type\":\"Article\",\"@id\":\"https:\/\/www.rafanadalacademy.com\/de\/nachricht\/favoriten-fuer-den-kampf-um-den-titel-bei-den-enrique-esteire-open-in-der-rafa-nadal-academy\/#article\",\"isPartOf\":{\"@id\":\"https:\/\/www.rafanadalacademy.com\/de\/nachricht\/favoriten-fuer-den-kampf-um-den-titel-bei-den-enrique-esteire-open-in-der-rafa-nadal-academy\/\"},\"author\":{\"name\":\"joseluisprados\",\"@id\":\"https:\/\/www.rafanadalacademy.com\/de\/#\/schema\/person\/744897d6ee269641fff954376180ef01\"},\"headline\":\"Favoriten f\u00fcr den Kampf um den Titel bei den Enrique Esteire Open in der Rafa Nadal Academy\",\"datePublished\":\"2025-10-09T11:13:57+00:00\",\"dateModified\":\"2025-10-09T11:38:08+00:00\",\"mainEntityOfPage\":{\"@id\":\"https:\/\/www.rafanadalacademy.com\/de\/nachricht\/favoriten-fuer-den-kampf-um-den-titel-bei-den-enrique-esteire-open-in-der-rafa-nadal-academy\/\"},\"wordCount\":212,\"image\":{\"@id\":\"https:\/\/www.rafanadalacademy.com\/de\/nachricht\/favoriten-fuer-den-kampf-um-den-titel-bei-den-enrique-esteire-open-in-der-rafa-nadal-academy\/#primaryimage\"},\"thumbnailUrl\":\"https:\/\/www.rafanadalacademy.com\/wp-content\/uploads\/2025\/10\/\u00a1Seguimos-disfrutando-MUCHO-del-@enriqueesteireopen-\u00a1No-os-perdais-las-jornadas-decisivas-en-la-e1760008159638.jpg\",\"keywords\":[\"RAFA NADAL ACADEMY VON MOVISTAR\"],\"articleSection\":[\"Nachricht\",\"RAFA NADAL ACADEMY VON MOVISTAR\"],\"inLanguage\":\"de-DE\",\"copyrightYear\":\"2025\",\"copyrightHolder\":{\"@id\":\"https:\/\/www.rafanadalacademy.com\/#organization\"}},{\"@type\":\"WebPage\",\"@id\":\"https:\/\/www.rafanadalacademy.com\/de\/nachricht\/favoriten-fuer-den-kampf-um-den-titel-bei-den-enrique-esteire-open-in-der-rafa-nadal-academy\/\",\"url\":\"https:\/\/www.rafanadalacademy.com\/de\/nachricht\/favoriten-fuer-den-kampf-um-den-titel-bei-den-enrique-esteire-open-in-der-rafa-nadal-academy\/\",\"name\":\"Favoriten f\u00fcr den Kampf um den Titel bei den Enrique Esteire Open in der Rafa Nadal Academy - Rafa Nadal Academy\",\"isPartOf\":{\"@id\":\"https:\/\/www.rafanadalacademy.com\/de\/#website\"},\"primaryImageOfPage\":{\"@id\":\"https:\/\/www.rafanadalacademy.com\/de\/nachricht\/favoriten-fuer-den-kampf-um-den-titel-bei-den-enrique-esteire-open-in-der-rafa-nadal-academy\/#primaryimage\"},\"image\":{\"@id\":\"https:\/\/www.rafanadalacademy.com\/de\/nachricht\/favoriten-fuer-den-kampf-um-den-titel-bei-den-enrique-esteire-open-in-der-rafa-nadal-academy\/#primaryimage\"},\"thumbnailUrl\":\"https:\/\/www.rafanadalacademy.com\/wp-content\/uploads\/2025\/10\/\u00a1Seguimos-disfrutando-MUCHO-del-@enriqueesteireopen-\u00a1No-os-perdais-las-jornadas-decisivas-en-la-e1760008159638.jpg\",\"datePublished\":\"2025-10-09T11:13:57+00:00\",\"dateModified\":\"2025-10-09T11:38:08+00:00\",\"author\":{\"@id\":\"https:\/\/www.rafanadalacademy.com\/de\/#\/schema\/person\/744897d6ee269641fff954376180ef01\"},\"description\":\"Sechs der 10 besten Rollstuhltennisspieler der Welt haben sich auf Mallorca versammelt, um um den Titel der Enrique Esteire Open zu k\u00e4mpfen, die zum dritten Mal in der Rafa Nadal Academy ausgetragen werden.\",\"breadcrumb\":{\"@id\":\"https:\/\/www.rafanadalacademy.com\/de\/nachricht\/favoriten-fuer-den-kampf-um-den-titel-bei-den-enrique-esteire-open-in-der-rafa-nadal-academy\/#breadcrumb\"},\"inLanguage\":\"de-DE\",\"potentialAction\":[{\"@type\":\"ReadAction\",\"target\":[\"https:\/\/www.rafanadalacademy.com\/de\/nachricht\/favoriten-fuer-den-kampf-um-den-titel-bei-den-enrique-esteire-open-in-der-rafa-nadal-academy\/\"]}]},{\"@type\":\"ImageObject\",\"inLanguage\":\"de-DE\",\"@id\":\"https:\/\/www.rafanadalacademy.com\/de\/nachricht\/favoriten-fuer-den-kampf-um-den-titel-bei-den-enrique-esteire-open-in-der-rafa-nadal-academy\/#primaryimage\",\"url\":\"https:\/\/www.rafanadalacademy.com\/wp-content\/uploads\/2025\/10\/\u00a1Seguimos-disfrutando-MUCHO-del-@enriqueesteireopen-\u00a1No-os-perdais-las-jornadas-decisivas-en-la-e1760008159638.jpg\",\"contentUrl\":\"https:\/\/www.rafanadalacademy.com\/wp-content\/uploads\/2025\/10\/\u00a1Seguimos-disfrutando-MUCHO-del-@enriqueesteireopen-\u00a1No-os-perdais-las-jornadas-decisivas-en-la-e1760008159638.jpg\",\"width\":1080,\"height\":1433,\"caption\":\"Enrique Esteire Open\"},{\"@type\":\"BreadcrumbList\",\"@id\":\"https:\/\/www.rafanadalacademy.com\/de\/nachricht\/favoriten-fuer-den-kampf-um-den-titel-bei-den-enrique-esteire-open-in-der-rafa-nadal-academy\/#breadcrumb\",\"itemListElement\":[{\"@type\":\"ListItem\",\"position\":1,\"name\":\"Home\",\"item\":\"https:\/\/www.rafanadalacademy.com\/de\/\"},{\"@type\":\"ListItem\",\"position\":2,\"name\":\"Favoriten f\u00fcr den Kampf um den Titel bei den Enrique Esteire Open in der Rafa Nadal Academy\"}]},{\"@type\":\"WebSite\",\"@id\":\"https:\/\/www.rafanadalacademy.com\/de\/#website\",\"url\":\"https:\/\/www.rafanadalacademy.com\/de\/\",\"name\":\"Rafa Nadal Academy\",\"description\":\"Otro sitio realizado con WordPress\",\"potentialAction\":[{\"@type\":\"SearchAction\",\"target\":{\"@type\":\"EntryPoint\",\"urlTemplate\":\"https:\/\/www.rafanadalacademy.com\/de\/?s={search_term_string}\"},\"query-input\":{\"@type\":\"PropertyValueSpecification\",\"valueRequired\":true,\"valueName\":\"search_term_string\"}}],\"inLanguage\":\"de-DE\"},{\"@type\":\"Person\",\"@id\":\"https:\/\/www.rafanadalacademy.com\/de\/#\/schema\/person\/744897d6ee269641fff954376180ef01\",\"name\":\"joseluisprados\",\"image\":{\"@type\":\"ImageObject\",\"inLanguage\":\"de-DE\",\"@id\":\"https:\/\/www.rafanadalacademy.com\/de\/#\/schema\/person\/image\/\",\"url\":\"https:\/\/secure.gravatar.com\/avatar\/8aa823a6e5501864ffab4785d9e2a994b59c2d45c9f9751c5a532abfec081e5f?s=96&d=mm&r=g\",\"contentUrl\":\"https:\/\/secure.gravatar.com\/avatar\/8aa823a6e5501864ffab4785d9e2a994b59c2d45c9f9751c5a532abfec081e5f?s=96&d=mm&r=g\",\"caption\":\"joseluisprados\"},\"url\":\"https:\/\/www.rafanadalacademy.com\/de\/author\/joseluisprados\/\"},{\"@type\":\"ImageObject\",\"inLanguage\":\"de-DE\",\"@id\":\"https:\/\/www.rafanadalacademy.com\/de\/nachricht\/favoriten-fuer-den-kampf-um-den-titel-bei-den-enrique-esteire-open-in-der-rafa-nadal-academy\/#local-main-organization-logo\",\"url\":\"\",\"contentUrl\":\"\",\"caption\":\"Rafa Nadal Academy\"}]}<\/script>\n<!-- \/ Yoast SEO Premium plugin. -->","yoast_head_json":{"title":"Favoriten f\u00fcr den Kampf um den Titel bei den Enrique Esteire Open in der Rafa Nadal Academy - Rafa Nadal Academy","description":"Sechs der 10 besten Rollstuhltennisspieler der Welt haben sich auf Mallorca versammelt, um um den Titel der Enrique Esteire Open zu k\u00e4mpfen, die zum dritten Mal in der Rafa Nadal Academy ausgetragen werden.","robots":{"index":"index","follow":"follow","max-snippet":"max-snippet:-1","max-image-preview":"max-image-preview:large","max-video-preview":"max-video-preview:-1"},"canonical":"https:\/\/www.rafanadalacademy.com\/de\/nachricht\/favoriten-fuer-den-kampf-um-den-titel-bei-den-enrique-esteire-open-in-der-rafa-nadal-academy\/","og_locale":"de_DE","og_type":"article","og_title":"Favoriten f\u00fcr den Kampf um den Titel bei den Enrique Esteire Open in der Rafa Nadal Academy","og_description":"Sechs der 10 besten Rollstuhltennisspieler der Welt haben sich auf Mallorca versammelt, um um den Titel der Enrique Esteire Open zu k\u00e4mpfen, die zum dritten Mal in der Rafa Nadal Academy ausgetragen werden.","og_url":"https:\/\/www.rafanadalacademy.com\/de\/nachricht\/favoriten-fuer-den-kampf-um-den-titel-bei-den-enrique-esteire-open-in-der-rafa-nadal-academy\/","og_site_name":"Rafa Nadal Academy","article_published_time":"2025-10-09T11:13:57+00:00","article_modified_time":"2025-10-09T11:38:08+00:00","og_image":[{"width":1080,"height":1433,"url":"https:\/\/www.rafanadalacademy.com\/wp-content\/uploads\/2025\/10\/\u00a1Seguimos-disfrutando-MUCHO-del-@enriqueesteireopen-\u00a1No-os-perdais-las-jornadas-decisivas-en-la-e1760008159638.jpg","type":"image\/jpeg"}],"author":"joseluisprados","twitter_card":"summary_large_image","twitter_misc":{"Written by":"joseluisprados","Est. reading time":"1 minute"},"schema":{"@context":"https:\/\/schema.org","@graph":[{"@type":"Article","@id":"https:\/\/www.rafanadalacademy.com\/de\/nachricht\/favoriten-fuer-den-kampf-um-den-titel-bei-den-enrique-esteire-open-in-der-rafa-nadal-academy\/#article","isPartOf":{"@id":"https:\/\/www.rafanadalacademy.com\/de\/nachricht\/favoriten-fuer-den-kampf-um-den-titel-bei-den-enrique-esteire-open-in-der-rafa-nadal-academy\/"},"author":{"name":"joseluisprados","@id":"https:\/\/www.rafanadalacademy.com\/de\/#\/schema\/person\/744897d6ee269641fff954376180ef01"},"headline":"Favoriten f\u00fcr den Kampf um den Titel bei den Enrique Esteire Open in der Rafa Nadal Academy","datePublished":"2025-10-09T11:13:57+00:00","dateModified":"2025-10-09T11:38:08+00:00","mainEntityOfPage":{"@id":"https:\/\/www.rafanadalacademy.com\/de\/nachricht\/favoriten-fuer-den-kampf-um-den-titel-bei-den-enrique-esteire-open-in-der-rafa-nadal-academy\/"},"wordCount":212,"image":{"@id":"https:\/\/www.rafanadalacademy.com\/de\/nachricht\/favoriten-fuer-den-kampf-um-den-titel-bei-den-enrique-esteire-open-in-der-rafa-nadal-academy\/#primaryimage"},"thumbnailUrl":"https:\/\/www.rafanadalacademy.com\/wp-content\/uploads\/2025\/10\/\u00a1Seguimos-disfrutando-MUCHO-del-@enriqueesteireopen-\u00a1No-os-perdais-las-jornadas-decisivas-en-la-e1760008159638.jpg","keywords":["RAFA NADAL ACADEMY VON MOVISTAR"],"articleSection":["Nachricht","RAFA NADAL ACADEMY VON MOVISTAR"],"inLanguage":"de-DE","copyrightYear":"2025","copyrightHolder":{"@id":"https:\/\/www.rafanadalacademy.com\/#organization"}},{"@type":"WebPage","@id":"https:\/\/www.rafanadalacademy.com\/de\/nachricht\/favoriten-fuer-den-kampf-um-den-titel-bei-den-enrique-esteire-open-in-der-rafa-nadal-academy\/","url":"https:\/\/www.rafanadalacademy.com\/de\/nachricht\/favoriten-fuer-den-kampf-um-den-titel-bei-den-enrique-esteire-open-in-der-rafa-nadal-academy\/","name":"Favoriten f\u00fcr den Kampf um den Titel bei den Enrique Esteire Open in der Rafa Nadal Academy - Rafa Nadal Academy","isPartOf":{"@id":"https:\/\/www.rafanadalacademy.com\/de\/#website"},"primaryImageOfPage":{"@id":"https:\/\/www.rafanadalacademy.com\/de\/nachricht\/favoriten-fuer-den-kampf-um-den-titel-bei-den-enrique-esteire-open-in-der-rafa-nadal-academy\/#primaryimage"},"image":{"@id":"https:\/\/www.rafanadalacademy.com\/de\/nachricht\/favoriten-fuer-den-kampf-um-den-titel-bei-den-enrique-esteire-open-in-der-rafa-nadal-academy\/#primaryimage"},"thumbnailUrl":"https:\/\/www.rafanadalacademy.com\/wp-content\/uploads\/2025\/10\/\u00a1Seguimos-disfrutando-MUCHO-del-@enriqueesteireopen-\u00a1No-os-perdais-las-jornadas-decisivas-en-la-e1760008159638.jpg","datePublished":"2025-10-09T11:13:57+00:00","dateModified":"2025-10-09T11:38:08+00:00","author":{"@id":"https:\/\/www.rafanadalacademy.com\/de\/#\/schema\/person\/744897d6ee269641fff954376180ef01"},"description":"Sechs der 10 besten Rollstuhltennisspieler der Welt haben sich auf Mallorca versammelt, um um den Titel der Enrique Esteire Open zu k\u00e4mpfen, die zum dritten Mal in der Rafa Nadal Academy ausgetragen werden.","breadcrumb":{"@id":"https:\/\/www.rafanadalacademy.com\/de\/nachricht\/favoriten-fuer-den-kampf-um-den-titel-bei-den-enrique-esteire-open-in-der-rafa-nadal-academy\/#breadcrumb"},"inLanguage":"de-DE","potentialAction":[{"@type":"ReadAction","target":["https:\/\/www.rafanadalacademy.com\/de\/nachricht\/favoriten-fuer-den-kampf-um-den-titel-bei-den-enrique-esteire-open-in-der-rafa-nadal-academy\/"]}]},{"@type":"ImageObject","inLanguage":"de-DE","@id":"https:\/\/www.rafanadalacademy.com\/de\/nachricht\/favoriten-fuer-den-kampf-um-den-titel-bei-den-enrique-esteire-open-in-der-rafa-nadal-academy\/#primaryimage","url":"https:\/\/www.rafanadalacademy.com\/wp-content\/uploads\/2025\/10\/\u00a1Seguimos-disfrutando-MUCHO-del-@enriqueesteireopen-\u00a1No-os-perdais-las-jornadas-decisivas-en-la-e1760008159638.jpg","contentUrl":"https:\/\/www.rafanadalacademy.com\/wp-content\/uploads\/2025\/10\/\u00a1Seguimos-disfrutando-MUCHO-del-@enriqueesteireopen-\u00a1No-os-perdais-las-jornadas-decisivas-en-la-e1760008159638.jpg","width":1080,"height":1433,"caption":"Enrique Esteire Open"},{"@type":"BreadcrumbList","@id":"https:\/\/www.rafanadalacademy.com\/de\/nachricht\/favoriten-fuer-den-kampf-um-den-titel-bei-den-enrique-esteire-open-in-der-rafa-nadal-academy\/#breadcrumb","itemListElement":[{"@type":"ListItem","position":1,"name":"Home","item":"https:\/\/www.rafanadalacademy.com\/de\/"},{"@type":"ListItem","position":2,"name":"Favoriten f\u00fcr den Kampf um den Titel bei den Enrique Esteire Open in der Rafa Nadal Academy"}]},{"@type":"WebSite","@id":"https:\/\/www.rafanadalacademy.com\/de\/#website","url":"https:\/\/www.rafanadalacademy.com\/de\/","name":"Rafa Nadal Academy","description":"Otro sitio realizado con WordPress","potentialAction":[{"@type":"SearchAction","target":{"@type":"EntryPoint","urlTemplate":"https:\/\/www.rafanadalacademy.com\/de\/?s={search_term_string}"},"query-input":{"@type":"PropertyValueSpecification","valueRequired":true,"valueName":"search_term_string"}}],"inLanguage":"de-DE"},{"@type":"Person","@id":"https:\/\/www.rafanadalacademy.com\/de\/#\/schema\/person\/744897d6ee269641fff954376180ef01","name":"joseluisprados","image":{"@type":"ImageObject","inLanguage":"de-DE","@id":"https:\/\/www.rafanadalacademy.com\/de\/#\/schema\/person\/image\/","url":"https:\/\/secure.gravatar.com\/avatar\/8aa823a6e5501864ffab4785d9e2a994b59c2d45c9f9751c5a532abfec081e5f?s=96&d=mm&r=g","contentUrl":"https:\/\/secure.gravatar.com\/avatar\/8aa823a6e5501864ffab4785d9e2a994b59c2d45c9f9751c5a532abfec081e5f?s=96&d=mm&r=g","caption":"joseluisprados"},"url":"https:\/\/www.rafanadalacademy.com\/de\/author\/joseluisprados\/"},{"@type":"ImageObject","inLanguage":"de-DE","@id":"https:\/\/www.rafanadalacademy.com\/de\/nachricht\/favoriten-fuer-den-kampf-um-den-titel-bei-den-enrique-esteire-open-in-der-rafa-nadal-academy\/#local-main-organization-logo","url":"","contentUrl":"","caption":"Rafa Nadal Academy"}]}},"_links":{"self":[{"href":"https:\/\/www.rafanadalacademy.com\/de\/wp-json\/wp\/v2\/posts\/34469","targetHints":{"allow":["GET"]}}],"collection":[{"href":"https:\/\/www.rafanadalacademy.com\/de\/wp-json\/wp\/v2\/posts"}],"about":[{"href":"https:\/\/www.rafanadalacademy.com\/de\/wp-json\/wp\/v2\/types\/post"}],"author":[{"embeddable":true,"href":"https:\/\/www.rafanadalacademy.com\/de\/wp-json\/wp\/v2\/users\/23"}],"replies":[{"embeddable":true,"href":"https:\/\/www.rafanadalacademy.com\/de\/wp-json\/wp\/v2\/comments?post=34469"}],"version-history":[{"count":1,"href":"https:\/\/www.rafanadalacademy.com\/de\/wp-json\/wp\/v2\/posts\/34469\/revisions"}],"predecessor-version":[{"id":34470,"href":"https:\/\/www.rafanadalacademy.com\/de\/wp-json\/wp\/v2\/posts\/34469\/revisions\/34470"}],"wp:featuredmedia":[{"embeddable":true,"href":"https:\/\/www.rafanadalacademy.com\/de\/wp-json\/wp\/v2\/media\/34456"}],"wp:attachment":[{"href":"https:\/\/www.rafanadalacademy.com\/de\/wp-json\/wp\/v2\/media?parent=34469"}],"wp:term":[{"taxonomy":"category","embeddable":true,"href":"https:\/\/www.rafanadalacademy.com\/de\/wp-json\/wp\/v2\/categories?post=34469"},{"taxonomy":"post_tag","embeddable":true,"href":"https:\/\/www.rafanadalacademy.com\/de\/wp-json\/wp\/v2\/tags?post=34469"}],"curies":[{"name":"wp","href":"https:\/\/api.w.org\/{rel}","templated":true}]}}