{"id":34216,"date":"2025-10-03T11:43:44","date_gmt":"2025-10-03T11:43:44","guid":{"rendered":"https:\/\/www.rafanadalacademy.com\/unkategorisiert\/gustavo-marcaccio-neuer-tennisdirektor-der-rafa-nadal-academy-rafas-leidenschaft-zu-folgen-wird-unsere-groesste-herausforderung-sein\/"},"modified":"2025-10-06T06:39:38","modified_gmt":"2025-10-06T06:39:38","slug":"gustavo-marcaccio-neuer-tennisdirektor-der-rafa-nadal-academy-rafas-leidenschaft-zu-folgen-wird-unsere-groesste-herausforderung-sein","status":"publish","type":"post","link":"https:\/\/www.rafanadalacademy.com\/de\/rafa-nadal-academy-von-movistar\/gustavo-marcaccio-neuer-tennisdirektor-der-rafa-nadal-academy-rafas-leidenschaft-zu-folgen-wird-unsere-groesste-herausforderung-sein\/","title":{"rendered":"Gustavo Marcaccio, neuer Tennisdirektor der Rafa Nadal Academy: \u201eRafas Leidenschaft zu folgen wird unsere gr\u00f6\u00dfte Herausforderung sein\u201c"},"content":{"rendered":"\n<p>Die Rafa Nadal Academy beginnt eine neue Phase im Tennisbereich mit der Ernennung von Gustavo Marcaccio zum neuen Direktor. Mit dieser Ernennung \u2013 kurz bevor die Akademie ihr neunj\u00e4hriges Bestehen feiert \u2013 bekr\u00e4ftigt sie ihr Engagement, Rafa Nadals Verm\u00e4chtnis sowohl in Manacor als auch in den internationalen Zentren lebendig zu halten. <\/p>\n\n<p>&#8220;Direktor der Rafa Nadal Academy zu sein bedeutet eine gro\u00dfe Verantwortung, denn es hei\u00dft, Rafas Vision und Erbe in der Tennisgemeinschaft zu repr\u00e4sentieren. Seiner Leidenschaft zu folgen, wird unsere gr\u00f6\u00dfte Herausforderung sein. Unser Ziel ist es, bei jedem Kind, jedem Erwachsenen und jedem Profispieler, der hierherkommt, einen bleibenden Eindruck zu hinterlassen \u2013 indem wir auf jedes Detail achten, auf und neben dem Platz\u201c, erkl\u00e4rte Marcaccio<\/p>\n\n<p>Der argentinische Trainer betonte au\u00dferdem, dass die Philosophie der Akademie weit \u00fcber die sportliche Leistung hinausgehe: &#8220;Wir m\u00fcssen jeden Tag auf jedes Detail achten \u2013 durch unseren Service auf dem Platz und durch die menschliche Interaktion au\u00dferhalb davon. Mit unseren Studenten-Athleten m\u00fcssen wir Rafas Antrieb vermitteln, Sport und Studium zu verbinden. Er ist das perfekte Beispiel: Als junger Spieler war es f\u00fcr ihn Pflicht, zur Schule zu gehen, sie abzuschlie\u00dfen und sein Diplom zu erhalten. Das ist etwas, das nicht nur die Sch\u00fcler, sondern auch die Eltern verstehen m\u00fcssen. F\u00fcr uns ist diese Kombination grundlegend&#8221;.<br\/><\/p>\n\n<figure class=\"wp-block-embed is-type-video is-provider-youtube wp-block-embed-youtube wp-embed-aspect-16-9 wp-has-aspect-ratio\"><div class=\"wp-block-embed__wrapper\">\n<iframe loading=\"lazy\" title=\"Meet Gustavo Marcaccio, Rafa Nadal Academy\u2019s New Tennis Director\" width=\"500\" height=\"281\" src=\"https:\/\/www.youtube.com\/embed\/rCPpHilZ4hk?feature=oembed\" frameborder=\"0\" allow=\"accelerometer; autoplay; clipboard-write; encrypted-media; gyroscope; picture-in-picture; web-share\" referrerpolicy=\"strict-origin-when-cross-origin\" allowfullscreen><\/iframe>\n<\/div><\/figure>\n\n<p><\/p>\n\n<p>Marcaccio kam 2021 an die Akademie und arbeitete mit Spielern wie Jaume Munar und Mart\u00edn Landaluce, au\u00dferdem begleitete er Rafa Nadal in den letzten beiden Jahren seiner Profikarriere. &#8220;Meine Beziehung zu Rafa begann, als ich noch auf der Tour war: Er war ein Neuling, den man im Auge behalten musste, und wurde schnell zu einem Star. Sp\u00e4ter trainierte ich einige seiner Rivalen und Freunde, und so begann unsere Beziehung. Danach lud er mich ein, Teil der Akademie zu werden, und schlie\u00dflich half ich ihm in seinen letzten beiden Karrierejahren&#8221;, berichtete er.<br\/> <\/p>\n\n<p>Aus seiner Erfahrung mit Rafa zieht der Argentinier eine klare Lehre: &#8220;Nach 22 Grand-Slam-Titeln war er immer noch offen, zuzuh\u00f6ren, Neues auszuprobieren und nach Verbesserungen zu suchen \u2013 auch wenn sie nur klein waren. Ich glaube, ich habe von ihm viel mehr gelernt, als ich ihm auf dem Platz geben konnte. Das ist es, was ihn zu einem Superathleten macht&#8221;.<br\/><\/p>\n\n<p>In der neuen Struktur wird Marcaccio von Tomeu Salv\u00e0 als technischer Co-Direktor unterst\u00fctzt, sowie von Pers\u00f6nlichkeiten wie Toni Nadal (Botschafter der Akademie), Marc Gorriz (technischer Berater) und Joel Figueras (Leiter der Ausbildung). Das Team wird durch Trainer wie Anabel Medina, Pedro <br\/> <\/p>\n\n<p>Clar und Joan Bosch erg\u00e4nzt, die mit Spitzenspielern wie Casper Ruud, Alex Eala, Alina Korneeva und Coleman Wong arbeiten.<\/p>\n\n<p>Insgesamt unterst\u00fctzen mehr als 60 Trainer sowie ein starkes Team aus Fitnesstrainern, Physiotherapeuten, Sportpsychologen und Ern\u00e4hrungsberatern, gemeinsam mit dem medizinischen Team von Quir\u00f3n Salud \u2013 zu dem Pers\u00f6nlichkeiten wie Rafael Maym\u00f3 und Dr. \u00c1ngel Ruiz-Cotorro geh\u00f6ren \u2013 ein Projekt, dessen Ziel unver\u00e4ndert bleibt: Rafas Leidenschaft und Verm\u00e4chtnis lebendig zu halten.<\/p>\n\n<p><\/p>\n","protected":false},"excerpt":{"rendered":"<p>Die Rafa Nadal Academy beginnt eine neue Phase im Tennisbereich mit der Ernennung von Gustavo Marcaccio zum neuen Direktor. Mit dieser Ernennung \u2013 kurz bevor die Akademie ihr neunj\u00e4hriges Bestehen feiert \u2013 bekr\u00e4ftigt sie ihr Engagement, Rafa Nadals Verm\u00e4chtnis sowohl in Manacor als auch in den internationalen Zentren lebendig zu halten. &#8220;Direktor der Rafa Nadal<a href=\"https:\/\/www.rafanadalacademy.com\/de\/rafa-nadal-academy-von-movistar\/gustavo-marcaccio-neuer-tennisdirektor-der-rafa-nadal-academy-rafas-leidenschaft-zu-folgen-wird-unsere-groesste-herausforderung-sein\/\">Continue reading <span class=\"sr-only\">&#8220;Gustavo Marcaccio, neuer Tennisdirektor der Rafa Nadal Academy: \u201eRafas Leidenschaft zu folgen wird unsere gr\u00f6\u00dfte Herausforderung sein\u201c&#8221;<\/span><\/a><\/p>\n","protected":false},"author":21,"featured_media":34194,"comment_status":"closed","ping_status":"closed","sticky":false,"template":"","format":"standard","meta":{"_acf_changed":false,"footnotes":""},"categories":[159,203],"tags":[204],"class_list":["post-34216","post","type-post","status-publish","format-standard","has-post-thumbnail","hentry","category-nachricht","category-rafa-nadal-academy-von-movistar","tag-rafa-nadal-academy-von-movistar"],"acf":[],"yoast_head":"<!-- This site is optimized with the Yoast SEO Premium plugin v26.8 (Yoast SEO v26.9) - https:\/\/yoast.com\/product\/yoast-seo-premium-wordpress\/ -->\n<title>Gustavo Marcaccio, neuer Tennisdirektor der Rafa Nadal Academy: \u201eRafas Leidenschaft zu folgen wird unsere gr\u00f6\u00dfte Herausforderung sein\u201c - Rafa Nadal Academy<\/title>\n<meta name=\"description\" content=\"Die Rafa Nadal Academy beginnt eine neue Phase im Tennisbereich mit der Ernennung von Gustavo Marcaccio zum neuen Direktor.\" \/>\n<meta name=\"robots\" content=\"index, follow, max-snippet:-1, max-image-preview:large, max-video-preview:-1\" \/>\n<link rel=\"canonical\" href=\"https:\/\/www.rafanadalacademy.com\/de\/rafa-nadal-academy-von-movistar\/gustavo-marcaccio-neuer-tennisdirektor-der-rafa-nadal-academy-rafas-leidenschaft-zu-folgen-wird-unsere-groesste-herausforderung-sein\/\" \/>\n<meta property=\"og:locale\" content=\"de_DE\" \/>\n<meta property=\"og:type\" content=\"article\" \/>\n<meta property=\"og:title\" content=\"Gustavo Marcaccio, neuer Tennisdirektor der Rafa Nadal Academy: \u201eRafas Leidenschaft zu folgen wird unsere gr\u00f6\u00dfte Herausforderung sein\u201c\" \/>\n<meta property=\"og:description\" content=\"Die Rafa Nadal Academy beginnt eine neue Phase im Tennisbereich mit der Ernennung von Gustavo Marcaccio zum neuen Direktor.\" \/>\n<meta property=\"og:url\" content=\"https:\/\/www.rafanadalacademy.com\/de\/rafa-nadal-academy-von-movistar\/gustavo-marcaccio-neuer-tennisdirektor-der-rafa-nadal-academy-rafas-leidenschaft-zu-folgen-wird-unsere-groesste-herausforderung-sein\/\" \/>\n<meta property=\"og:site_name\" content=\"Rafa Nadal Academy\" \/>\n<meta property=\"article:published_time\" content=\"2025-10-03T11:43:44+00:00\" \/>\n<meta property=\"article:modified_time\" content=\"2025-10-06T06:39:38+00:00\" \/>\n<meta property=\"og:image\" content=\"https:\/\/www.rafanadalacademy.com\/wp-content\/uploads\/2025\/10\/RNA_180225_Visita-entrenos-Rafa_147-scaled.jpg\" \/>\n\t<meta property=\"og:image:width\" content=\"2560\" \/>\n\t<meta property=\"og:image:height\" content=\"1707\" \/>\n\t<meta property=\"og:image:type\" content=\"image\/jpeg\" \/>\n<meta name=\"author\" content=\"Maria Llovera\" \/>\n<meta name=\"twitter:card\" content=\"summary_large_image\" \/>\n<meta name=\"twitter:label1\" content=\"Written by\" \/>\n\t<meta name=\"twitter:data1\" content=\"Maria Llovera\" \/>\n\t<meta name=\"twitter:label2\" content=\"Est. reading time\" \/>\n\t<meta name=\"twitter:data2\" content=\"3 minutes\" \/>\n<script type=\"application\/ld+json\" class=\"yoast-schema-graph\">{\"@context\":\"https:\/\/schema.org\",\"@graph\":[{\"@type\":\"Article\",\"@id\":\"https:\/\/www.rafanadalacademy.com\/de\/rafa-nadal-academy-von-movistar\/gustavo-marcaccio-neuer-tennisdirektor-der-rafa-nadal-academy-rafas-leidenschaft-zu-folgen-wird-unsere-groesste-herausforderung-sein\/#article\",\"isPartOf\":{\"@id\":\"https:\/\/www.rafanadalacademy.com\/de\/rafa-nadal-academy-von-movistar\/gustavo-marcaccio-neuer-tennisdirektor-der-rafa-nadal-academy-rafas-leidenschaft-zu-folgen-wird-unsere-groesste-herausforderung-sein\/\"},\"author\":{\"name\":\"Maria Llovera\",\"@id\":\"https:\/\/www.rafanadalacademy.com\/de\/#\/schema\/person\/9cb8f210ce3fe781ebc21d5ba4c69109\"},\"headline\":\"Gustavo Marcaccio, neuer Tennisdirektor der Rafa Nadal Academy: \u201eRafas Leidenschaft zu folgen wird unsere gr\u00f6\u00dfte Herausforderung sein\u201c\",\"datePublished\":\"2025-10-03T11:43:44+00:00\",\"dateModified\":\"2025-10-06T06:39:38+00:00\",\"mainEntityOfPage\":{\"@id\":\"https:\/\/www.rafanadalacademy.com\/de\/rafa-nadal-academy-von-movistar\/gustavo-marcaccio-neuer-tennisdirektor-der-rafa-nadal-academy-rafas-leidenschaft-zu-folgen-wird-unsere-groesste-herausforderung-sein\/\"},\"wordCount\":520,\"image\":{\"@id\":\"https:\/\/www.rafanadalacademy.com\/de\/rafa-nadal-academy-von-movistar\/gustavo-marcaccio-neuer-tennisdirektor-der-rafa-nadal-academy-rafas-leidenschaft-zu-folgen-wird-unsere-groesste-herausforderung-sein\/#primaryimage\"},\"thumbnailUrl\":\"https:\/\/www.rafanadalacademy.com\/wp-content\/uploads\/2025\/10\/RNA_180225_Visita-entrenos-Rafa_147-scaled.jpg\",\"keywords\":[\"RAFA NADAL ACADEMY VON MOVISTAR\"],\"articleSection\":[\"Nachricht\",\"RAFA NADAL ACADEMY VON MOVISTAR\"],\"inLanguage\":\"de-DE\",\"copyrightYear\":\"2025\",\"copyrightHolder\":{\"@id\":\"https:\/\/www.rafanadalacademy.com\/#organization\"}},{\"@type\":\"WebPage\",\"@id\":\"https:\/\/www.rafanadalacademy.com\/de\/rafa-nadal-academy-von-movistar\/gustavo-marcaccio-neuer-tennisdirektor-der-rafa-nadal-academy-rafas-leidenschaft-zu-folgen-wird-unsere-groesste-herausforderung-sein\/\",\"url\":\"https:\/\/www.rafanadalacademy.com\/de\/rafa-nadal-academy-von-movistar\/gustavo-marcaccio-neuer-tennisdirektor-der-rafa-nadal-academy-rafas-leidenschaft-zu-folgen-wird-unsere-groesste-herausforderung-sein\/\",\"name\":\"Gustavo Marcaccio, neuer Tennisdirektor der Rafa Nadal Academy: \u201eRafas Leidenschaft zu folgen wird unsere gr\u00f6\u00dfte Herausforderung sein\u201c - Rafa Nadal Academy\",\"isPartOf\":{\"@id\":\"https:\/\/www.rafanadalacademy.com\/de\/#website\"},\"primaryImageOfPage\":{\"@id\":\"https:\/\/www.rafanadalacademy.com\/de\/rafa-nadal-academy-von-movistar\/gustavo-marcaccio-neuer-tennisdirektor-der-rafa-nadal-academy-rafas-leidenschaft-zu-folgen-wird-unsere-groesste-herausforderung-sein\/#primaryimage\"},\"image\":{\"@id\":\"https:\/\/www.rafanadalacademy.com\/de\/rafa-nadal-academy-von-movistar\/gustavo-marcaccio-neuer-tennisdirektor-der-rafa-nadal-academy-rafas-leidenschaft-zu-folgen-wird-unsere-groesste-herausforderung-sein\/#primaryimage\"},\"thumbnailUrl\":\"https:\/\/www.rafanadalacademy.com\/wp-content\/uploads\/2025\/10\/RNA_180225_Visita-entrenos-Rafa_147-scaled.jpg\",\"datePublished\":\"2025-10-03T11:43:44+00:00\",\"dateModified\":\"2025-10-06T06:39:38+00:00\",\"author\":{\"@id\":\"https:\/\/www.rafanadalacademy.com\/de\/#\/schema\/person\/9cb8f210ce3fe781ebc21d5ba4c69109\"},\"description\":\"Die Rafa Nadal Academy beginnt eine neue Phase im Tennisbereich mit der Ernennung von Gustavo Marcaccio zum neuen Direktor.\",\"breadcrumb\":{\"@id\":\"https:\/\/www.rafanadalacademy.com\/de\/rafa-nadal-academy-von-movistar\/gustavo-marcaccio-neuer-tennisdirektor-der-rafa-nadal-academy-rafas-leidenschaft-zu-folgen-wird-unsere-groesste-herausforderung-sein\/#breadcrumb\"},\"inLanguage\":\"de-DE\",\"potentialAction\":[{\"@type\":\"ReadAction\",\"target\":[\"https:\/\/www.rafanadalacademy.com\/de\/rafa-nadal-academy-von-movistar\/gustavo-marcaccio-neuer-tennisdirektor-der-rafa-nadal-academy-rafas-leidenschaft-zu-folgen-wird-unsere-groesste-herausforderung-sein\/\"]}]},{\"@type\":\"ImageObject\",\"inLanguage\":\"de-DE\",\"@id\":\"https:\/\/www.rafanadalacademy.com\/de\/rafa-nadal-academy-von-movistar\/gustavo-marcaccio-neuer-tennisdirektor-der-rafa-nadal-academy-rafas-leidenschaft-zu-folgen-wird-unsere-groesste-herausforderung-sein\/#primaryimage\",\"url\":\"https:\/\/www.rafanadalacademy.com\/wp-content\/uploads\/2025\/10\/RNA_180225_Visita-entrenos-Rafa_147-scaled.jpg\",\"contentUrl\":\"https:\/\/www.rafanadalacademy.com\/wp-content\/uploads\/2025\/10\/RNA_180225_Visita-entrenos-Rafa_147-scaled.jpg\",\"width\":2560,\"height\":1707},{\"@type\":\"BreadcrumbList\",\"@id\":\"https:\/\/www.rafanadalacademy.com\/de\/rafa-nadal-academy-von-movistar\/gustavo-marcaccio-neuer-tennisdirektor-der-rafa-nadal-academy-rafas-leidenschaft-zu-folgen-wird-unsere-groesste-herausforderung-sein\/#breadcrumb\",\"itemListElement\":[{\"@type\":\"ListItem\",\"position\":1,\"name\":\"Home\",\"item\":\"https:\/\/www.rafanadalacademy.com\/de\/\"},{\"@type\":\"ListItem\",\"position\":2,\"name\":\"Gustavo Marcaccio, neuer Tennisdirektor der Rafa Nadal Academy: \u201eRafas Leidenschaft zu folgen wird unsere gr\u00f6\u00dfte Herausforderung sein\u201c\"}]},{\"@type\":\"WebSite\",\"@id\":\"https:\/\/www.rafanadalacademy.com\/de\/#website\",\"url\":\"https:\/\/www.rafanadalacademy.com\/de\/\",\"name\":\"Rafa Nadal Academy\",\"description\":\"Otro sitio realizado con WordPress\",\"potentialAction\":[{\"@type\":\"SearchAction\",\"target\":{\"@type\":\"EntryPoint\",\"urlTemplate\":\"https:\/\/www.rafanadalacademy.com\/de\/?s={search_term_string}\"},\"query-input\":{\"@type\":\"PropertyValueSpecification\",\"valueRequired\":true,\"valueName\":\"search_term_string\"}}],\"inLanguage\":\"de-DE\"},{\"@type\":\"Person\",\"@id\":\"https:\/\/www.rafanadalacademy.com\/de\/#\/schema\/person\/9cb8f210ce3fe781ebc21d5ba4c69109\",\"name\":\"Maria Llovera\",\"image\":{\"@type\":\"ImageObject\",\"inLanguage\":\"de-DE\",\"@id\":\"https:\/\/www.rafanadalacademy.com\/de\/#\/schema\/person\/image\/\",\"url\":\"https:\/\/secure.gravatar.com\/avatar\/4949e8272b74bc4e47ce4e2990eb1ad94fcf26a1aba4416cd4b9780dc0e433a3?s=96&d=mm&r=g\",\"contentUrl\":\"https:\/\/secure.gravatar.com\/avatar\/4949e8272b74bc4e47ce4e2990eb1ad94fcf26a1aba4416cd4b9780dc0e433a3?s=96&d=mm&r=g\",\"caption\":\"Maria Llovera\"},\"url\":\"https:\/\/www.rafanadalacademy.com\/de\/author\/maria-llovera\/\"},{\"@type\":\"ImageObject\",\"inLanguage\":\"de-DE\",\"@id\":\"https:\/\/www.rafanadalacademy.com\/de\/rafa-nadal-academy-von-movistar\/gustavo-marcaccio-neuer-tennisdirektor-der-rafa-nadal-academy-rafas-leidenschaft-zu-folgen-wird-unsere-groesste-herausforderung-sein\/#local-main-organization-logo\",\"url\":\"\",\"contentUrl\":\"\",\"caption\":\"Rafa Nadal Academy\"}]}<\/script>\n<!-- \/ Yoast SEO Premium plugin. -->","yoast_head_json":{"title":"Gustavo Marcaccio, neuer Tennisdirektor der Rafa Nadal Academy: \u201eRafas Leidenschaft zu folgen wird unsere gr\u00f6\u00dfte Herausforderung sein\u201c - Rafa Nadal Academy","description":"Die Rafa Nadal Academy beginnt eine neue Phase im Tennisbereich mit der Ernennung von Gustavo Marcaccio zum neuen Direktor.","robots":{"index":"index","follow":"follow","max-snippet":"max-snippet:-1","max-image-preview":"max-image-preview:large","max-video-preview":"max-video-preview:-1"},"canonical":"https:\/\/www.rafanadalacademy.com\/de\/rafa-nadal-academy-von-movistar\/gustavo-marcaccio-neuer-tennisdirektor-der-rafa-nadal-academy-rafas-leidenschaft-zu-folgen-wird-unsere-groesste-herausforderung-sein\/","og_locale":"de_DE","og_type":"article","og_title":"Gustavo Marcaccio, neuer Tennisdirektor der Rafa Nadal Academy: \u201eRafas Leidenschaft zu folgen wird unsere gr\u00f6\u00dfte Herausforderung sein\u201c","og_description":"Die Rafa Nadal Academy beginnt eine neue Phase im Tennisbereich mit der Ernennung von Gustavo Marcaccio zum neuen Direktor.","og_url":"https:\/\/www.rafanadalacademy.com\/de\/rafa-nadal-academy-von-movistar\/gustavo-marcaccio-neuer-tennisdirektor-der-rafa-nadal-academy-rafas-leidenschaft-zu-folgen-wird-unsere-groesste-herausforderung-sein\/","og_site_name":"Rafa Nadal Academy","article_published_time":"2025-10-03T11:43:44+00:00","article_modified_time":"2025-10-06T06:39:38+00:00","og_image":[{"width":2560,"height":1707,"url":"https:\/\/www.rafanadalacademy.com\/wp-content\/uploads\/2025\/10\/RNA_180225_Visita-entrenos-Rafa_147-scaled.jpg","type":"image\/jpeg"}],"author":"Maria Llovera","twitter_card":"summary_large_image","twitter_misc":{"Written by":"Maria Llovera","Est. reading time":"3 minutes"},"schema":{"@context":"https:\/\/schema.org","@graph":[{"@type":"Article","@id":"https:\/\/www.rafanadalacademy.com\/de\/rafa-nadal-academy-von-movistar\/gustavo-marcaccio-neuer-tennisdirektor-der-rafa-nadal-academy-rafas-leidenschaft-zu-folgen-wird-unsere-groesste-herausforderung-sein\/#article","isPartOf":{"@id":"https:\/\/www.rafanadalacademy.com\/de\/rafa-nadal-academy-von-movistar\/gustavo-marcaccio-neuer-tennisdirektor-der-rafa-nadal-academy-rafas-leidenschaft-zu-folgen-wird-unsere-groesste-herausforderung-sein\/"},"author":{"name":"Maria Llovera","@id":"https:\/\/www.rafanadalacademy.com\/de\/#\/schema\/person\/9cb8f210ce3fe781ebc21d5ba4c69109"},"headline":"Gustavo Marcaccio, neuer Tennisdirektor der Rafa Nadal Academy: \u201eRafas Leidenschaft zu folgen wird unsere gr\u00f6\u00dfte Herausforderung sein\u201c","datePublished":"2025-10-03T11:43:44+00:00","dateModified":"2025-10-06T06:39:38+00:00","mainEntityOfPage":{"@id":"https:\/\/www.rafanadalacademy.com\/de\/rafa-nadal-academy-von-movistar\/gustavo-marcaccio-neuer-tennisdirektor-der-rafa-nadal-academy-rafas-leidenschaft-zu-folgen-wird-unsere-groesste-herausforderung-sein\/"},"wordCount":520,"image":{"@id":"https:\/\/www.rafanadalacademy.com\/de\/rafa-nadal-academy-von-movistar\/gustavo-marcaccio-neuer-tennisdirektor-der-rafa-nadal-academy-rafas-leidenschaft-zu-folgen-wird-unsere-groesste-herausforderung-sein\/#primaryimage"},"thumbnailUrl":"https:\/\/www.rafanadalacademy.com\/wp-content\/uploads\/2025\/10\/RNA_180225_Visita-entrenos-Rafa_147-scaled.jpg","keywords":["RAFA NADAL ACADEMY VON MOVISTAR"],"articleSection":["Nachricht","RAFA NADAL ACADEMY VON MOVISTAR"],"inLanguage":"de-DE","copyrightYear":"2025","copyrightHolder":{"@id":"https:\/\/www.rafanadalacademy.com\/#organization"}},{"@type":"WebPage","@id":"https:\/\/www.rafanadalacademy.com\/de\/rafa-nadal-academy-von-movistar\/gustavo-marcaccio-neuer-tennisdirektor-der-rafa-nadal-academy-rafas-leidenschaft-zu-folgen-wird-unsere-groesste-herausforderung-sein\/","url":"https:\/\/www.rafanadalacademy.com\/de\/rafa-nadal-academy-von-movistar\/gustavo-marcaccio-neuer-tennisdirektor-der-rafa-nadal-academy-rafas-leidenschaft-zu-folgen-wird-unsere-groesste-herausforderung-sein\/","name":"Gustavo Marcaccio, neuer Tennisdirektor der Rafa Nadal Academy: \u201eRafas Leidenschaft zu folgen wird unsere gr\u00f6\u00dfte Herausforderung sein\u201c - Rafa Nadal Academy","isPartOf":{"@id":"https:\/\/www.rafanadalacademy.com\/de\/#website"},"primaryImageOfPage":{"@id":"https:\/\/www.rafanadalacademy.com\/de\/rafa-nadal-academy-von-movistar\/gustavo-marcaccio-neuer-tennisdirektor-der-rafa-nadal-academy-rafas-leidenschaft-zu-folgen-wird-unsere-groesste-herausforderung-sein\/#primaryimage"},"image":{"@id":"https:\/\/www.rafanadalacademy.com\/de\/rafa-nadal-academy-von-movistar\/gustavo-marcaccio-neuer-tennisdirektor-der-rafa-nadal-academy-rafas-leidenschaft-zu-folgen-wird-unsere-groesste-herausforderung-sein\/#primaryimage"},"thumbnailUrl":"https:\/\/www.rafanadalacademy.com\/wp-content\/uploads\/2025\/10\/RNA_180225_Visita-entrenos-Rafa_147-scaled.jpg","datePublished":"2025-10-03T11:43:44+00:00","dateModified":"2025-10-06T06:39:38+00:00","author":{"@id":"https:\/\/www.rafanadalacademy.com\/de\/#\/schema\/person\/9cb8f210ce3fe781ebc21d5ba4c69109"},"description":"Die Rafa Nadal Academy beginnt eine neue Phase im Tennisbereich mit der Ernennung von Gustavo Marcaccio zum neuen Direktor.","breadcrumb":{"@id":"https:\/\/www.rafanadalacademy.com\/de\/rafa-nadal-academy-von-movistar\/gustavo-marcaccio-neuer-tennisdirektor-der-rafa-nadal-academy-rafas-leidenschaft-zu-folgen-wird-unsere-groesste-herausforderung-sein\/#breadcrumb"},"inLanguage":"de-DE","potentialAction":[{"@type":"ReadAction","target":["https:\/\/www.rafanadalacademy.com\/de\/rafa-nadal-academy-von-movistar\/gustavo-marcaccio-neuer-tennisdirektor-der-rafa-nadal-academy-rafas-leidenschaft-zu-folgen-wird-unsere-groesste-herausforderung-sein\/"]}]},{"@type":"ImageObject","inLanguage":"de-DE","@id":"https:\/\/www.rafanadalacademy.com\/de\/rafa-nadal-academy-von-movistar\/gustavo-marcaccio-neuer-tennisdirektor-der-rafa-nadal-academy-rafas-leidenschaft-zu-folgen-wird-unsere-groesste-herausforderung-sein\/#primaryimage","url":"https:\/\/www.rafanadalacademy.com\/wp-content\/uploads\/2025\/10\/RNA_180225_Visita-entrenos-Rafa_147-scaled.jpg","contentUrl":"https:\/\/www.rafanadalacademy.com\/wp-content\/uploads\/2025\/10\/RNA_180225_Visita-entrenos-Rafa_147-scaled.jpg","width":2560,"height":1707},{"@type":"BreadcrumbList","@id":"https:\/\/www.rafanadalacademy.com\/de\/rafa-nadal-academy-von-movistar\/gustavo-marcaccio-neuer-tennisdirektor-der-rafa-nadal-academy-rafas-leidenschaft-zu-folgen-wird-unsere-groesste-herausforderung-sein\/#breadcrumb","itemListElement":[{"@type":"ListItem","position":1,"name":"Home","item":"https:\/\/www.rafanadalacademy.com\/de\/"},{"@type":"ListItem","position":2,"name":"Gustavo Marcaccio, neuer Tennisdirektor der Rafa Nadal Academy: \u201eRafas Leidenschaft zu folgen wird unsere gr\u00f6\u00dfte Herausforderung sein\u201c"}]},{"@type":"WebSite","@id":"https:\/\/www.rafanadalacademy.com\/de\/#website","url":"https:\/\/www.rafanadalacademy.com\/de\/","name":"Rafa Nadal Academy","description":"Otro sitio realizado con WordPress","potentialAction":[{"@type":"SearchAction","target":{"@type":"EntryPoint","urlTemplate":"https:\/\/www.rafanadalacademy.com\/de\/?s={search_term_string}"},"query-input":{"@type":"PropertyValueSpecification","valueRequired":true,"valueName":"search_term_string"}}],"inLanguage":"de-DE"},{"@type":"Person","@id":"https:\/\/www.rafanadalacademy.com\/de\/#\/schema\/person\/9cb8f210ce3fe781ebc21d5ba4c69109","name":"Maria Llovera","image":{"@type":"ImageObject","inLanguage":"de-DE","@id":"https:\/\/www.rafanadalacademy.com\/de\/#\/schema\/person\/image\/","url":"https:\/\/secure.gravatar.com\/avatar\/4949e8272b74bc4e47ce4e2990eb1ad94fcf26a1aba4416cd4b9780dc0e433a3?s=96&d=mm&r=g","contentUrl":"https:\/\/secure.gravatar.com\/avatar\/4949e8272b74bc4e47ce4e2990eb1ad94fcf26a1aba4416cd4b9780dc0e433a3?s=96&d=mm&r=g","caption":"Maria Llovera"},"url":"https:\/\/www.rafanadalacademy.com\/de\/author\/maria-llovera\/"},{"@type":"ImageObject","inLanguage":"de-DE","@id":"https:\/\/www.rafanadalacademy.com\/de\/rafa-nadal-academy-von-movistar\/gustavo-marcaccio-neuer-tennisdirektor-der-rafa-nadal-academy-rafas-leidenschaft-zu-folgen-wird-unsere-groesste-herausforderung-sein\/#local-main-organization-logo","url":"","contentUrl":"","caption":"Rafa Nadal Academy"}]}},"_links":{"self":[{"href":"https:\/\/www.rafanadalacademy.com\/de\/wp-json\/wp\/v2\/posts\/34216","targetHints":{"allow":["GET"]}}],"collection":[{"href":"https:\/\/www.rafanadalacademy.com\/de\/wp-json\/wp\/v2\/posts"}],"about":[{"href":"https:\/\/www.rafanadalacademy.com\/de\/wp-json\/wp\/v2\/types\/post"}],"author":[{"embeddable":true,"href":"https:\/\/www.rafanadalacademy.com\/de\/wp-json\/wp\/v2\/users\/21"}],"replies":[{"embeddable":true,"href":"https:\/\/www.rafanadalacademy.com\/de\/wp-json\/wp\/v2\/comments?post=34216"}],"version-history":[{"count":1,"href":"https:\/\/www.rafanadalacademy.com\/de\/wp-json\/wp\/v2\/posts\/34216\/revisions"}],"predecessor-version":[{"id":34217,"href":"https:\/\/www.rafanadalacademy.com\/de\/wp-json\/wp\/v2\/posts\/34216\/revisions\/34217"}],"wp:featuredmedia":[{"embeddable":true,"href":"https:\/\/www.rafanadalacademy.com\/de\/wp-json\/wp\/v2\/media\/34194"}],"wp:attachment":[{"href":"https:\/\/www.rafanadalacademy.com\/de\/wp-json\/wp\/v2\/media?parent=34216"}],"wp:term":[{"taxonomy":"category","embeddable":true,"href":"https:\/\/www.rafanadalacademy.com\/de\/wp-json\/wp\/v2\/categories?post=34216"},{"taxonomy":"post_tag","embeddable":true,"href":"https:\/\/www.rafanadalacademy.com\/de\/wp-json\/wp\/v2\/tags?post=34216"}],"curies":[{"name":"wp","href":"https:\/\/api.w.org\/{rel}","templated":true}]}}