{"id":31919,"date":"2025-09-09T08:49:54","date_gmt":"2025-09-09T08:49:54","guid":{"rendered":"https:\/\/www.rafanadalacademy.com\/unkategorisiert\/xavi-hernandez-geniesst-padel-in-der-rafa-nadal-academy-von-movistar\/"},"modified":"2025-09-09T08:52:48","modified_gmt":"2025-09-09T08:52:48","slug":"xavi-hernandez-geniesst-padel-in-der-rafa-nadal-academy-von-movistar","status":"publish","type":"post","link":"https:\/\/www.rafanadalacademy.com\/de\/nachricht\/xavi-hernandez-geniesst-padel-in-der-rafa-nadal-academy-von-movistar\/","title":{"rendered":"Xavi Hern\u00e1ndez genie\u00dft Padel in der Rafa Nadal Academy von Movistar"},"content":{"rendered":"\n<p>Xavi Hern\u00e1ndez besuchte die Einrichtungen der Rafa Nadal Academy von Movistar und hatte die Gelegenheit, auf den <strong>neuen Hallenpl\u00e4tzen<\/strong> , die letzten August er\u00f6ffnet wurden, Padel zu spielen.<\/p>\n\n<figure class=\"wp-block-image size-full\"><img decoding=\"async\" src=\"https:\/\/www.rafanadalacademy.com\/wp-content\/uploads\/2025\/09\/Xavi-Rafa-Nadal-scaled-e1757407408470.jpg\" alt=\"\" class=\"wp-image-31893\"\/><figcaption class=\"wp-element-caption\">Xavi Hern\u00e1ndez und Rafa Nadal in den Einrichtungen der Rafa Nadal Academy von Movistar.<\/figcaption><\/figure>\n\n<div style=\"height:50px\" aria-hidden=\"true\" class=\"wp-block-spacer\"><\/div>\n\n<p>W\u00e4hrend seines Aufenthalts war <strong>Rafa Nadal<\/strong> Gastgeber des ehemaligen Fu\u00dfballers und heutigen Trainers, der zugab: <strong>\u201ePadel h\u00e4lt mich fit. Ich versuche, Sport immer in meinen Alltag zu integrieren. Ich habe Tennis schon immer geliebt, und wir haben Rafa oft verfolgt.\u201c<\/strong><\/p>\n\n<p>Dies war Xavi Hern\u00e1ndez\u2018 erster Besuch der <a href=\"https:\/\/www.rafanadalacademy.com\/de\/einrichtungen\/\"><strong>Einrichtungen der Rafa Nadal Academy<\/strong><\/a> , wo er die Qualit\u00e4t der Einrichtungen lobte: <em>\u201eEhrlich gesagt, alles ist fantastisch. Wir waren auch vom freundlichen Personal \u00fcberrascht, das sehr einladend war, und die Einrichtungen sind auf einem wunderbaren Niveau.\u201c<\/em><\/p>\n\n<div style=\"height:50px\" aria-hidden=\"true\" class=\"wp-block-spacer\"><\/div>\n\n<figure class=\"wp-block-image size-large\"><img loading=\"lazy\" decoding=\"async\" width=\"768\" height=\"1024\" src=\"https:\/\/www.rafanadalacademy.com\/wp-content\/uploads\/2025\/09\/Imagen-de-WhatsApp-2025-09-09-a-las-10.38.57_905c6416-768x1024.jpg\" alt=\"\" class=\"wp-image-31902\" srcset=\"https:\/\/www.rafanadalacademy.com\/wp-content\/uploads\/2025\/09\/Imagen-de-WhatsApp-2025-09-09-a-las-10.38.57_905c6416-768x1024.jpg 768w, https:\/\/www.rafanadalacademy.com\/wp-content\/uploads\/2025\/09\/Imagen-de-WhatsApp-2025-09-09-a-las-10.38.57_905c6416-225x300.jpg 225w, https:\/\/www.rafanadalacademy.com\/wp-content\/uploads\/2025\/09\/Imagen-de-WhatsApp-2025-09-09-a-las-10.38.57_905c6416-1152x1536.jpg 1152w, https:\/\/www.rafanadalacademy.com\/wp-content\/uploads\/2025\/09\/Imagen-de-WhatsApp-2025-09-09-a-las-10.38.57_905c6416-1536x2048.jpg 1536w, https:\/\/www.rafanadalacademy.com\/wp-content\/uploads\/2025\/09\/Imagen-de-WhatsApp-2025-09-09-a-las-10.38.57_905c6416-scaled.jpg 1920w\" sizes=\"auto, (max-width: 768px) 100vw, 768px\" \/><\/figure>\n\n<div style=\"height:50px\" aria-hidden=\"true\" class=\"wp-block-spacer\"><\/div>\n\n<p>Die Rafa Nadal Academy ist seit ihrer Er\u00f6ffnung im Jahr 2016 f\u00fcr ihr internationales Prestige bei der Ausbildung junger Tennisspieler bekannt und <strong><a href=\"https:\/\/www.rafanadalacademy.com\/de\/adult-camps\/padel-camps-fuer-erwachsene\/padel-in-der-rna\/\">engagiert sich auch stark im Padel-Tennis<\/a> ,<\/strong> was durch die Erweiterung ihrer Einrichtungen gefestigt wurde. Seit August verf\u00fcgt die Rafa Nadal Academy \u00fcber <strong><a href=\"https:\/\/www.rafanadalacademy.com\/de\/einrichtungen\/sportanlagen\/\">drei neue Hallenpl\u00e4tze<\/a><\/strong> in einem Pavillon im Epizentrum des Hochleistungscampus in Manacor. <\/p>\n\n<div style=\"height:50px\" aria-hidden=\"true\" class=\"wp-block-spacer\"><\/div>\n\n<figure class=\"wp-block-embed is-type-video is-provider-youtube wp-block-embed-youtube wp-embed-aspect-16-9 wp-has-aspect-ratio\"><div class=\"wp-block-embed__wrapper\">\n<iframe loading=\"lazy\" title=\"La Rafa Nadal Academy inaugura 3 nuevas pistas de p\u00e1del indoor\" width=\"500\" height=\"281\" src=\"https:\/\/www.youtube.com\/embed\/kRnXNBSOqRw?feature=oembed\" frameborder=\"0\" allow=\"accelerometer; autoplay; clipboard-write; encrypted-media; gyroscope; picture-in-picture; web-share\" referrerpolicy=\"strict-origin-when-cross-origin\" allowfullscreen><\/iframe>\n<\/div><\/figure>\n","protected":false},"excerpt":{"rendered":"<p>Xavi Hern\u00e1ndez besuchte die Einrichtungen der Rafa Nadal Academy von Movistar und hatte die Gelegenheit, auf den neuen Hallenpl\u00e4tzen , die letzten August er\u00f6ffnet wurden, Padel zu spielen. W\u00e4hrend seines Aufenthalts war Rafa Nadal Gastgeber des ehemaligen Fu\u00dfballers und heutigen Trainers, der zugab: \u201ePadel h\u00e4lt mich fit. Ich versuche, Sport immer in meinen Alltag zu<a href=\"https:\/\/www.rafanadalacademy.com\/de\/nachricht\/xavi-hernandez-geniesst-padel-in-der-rafa-nadal-academy-von-movistar\/\">Continue reading <span class=\"sr-only\">&#8220;Xavi Hern\u00e1ndez genie\u00dft Padel in der Rafa Nadal Academy von Movistar&#8221;<\/span><\/a><\/p>\n","protected":false},"author":23,"featured_media":31897,"comment_status":"closed","ping_status":"closed","sticky":false,"template":"","format":"standard","meta":{"_acf_changed":false,"footnotes":""},"categories":[159,167,203],"tags":[169,204],"class_list":["post-31919","post","type-post","status-publish","format-standard","has-post-thumbnail","hentry","category-nachricht","category-padel-de","category-rafa-nadal-academy-von-movistar","tag-padel-tour-der-rafa-nadal-academy","tag-rafa-nadal-academy-von-movistar"],"acf":[],"yoast_head":"<!-- This site is optimized with the Yoast SEO Premium plugin v26.8 (Yoast SEO v26.9) - https:\/\/yoast.com\/product\/yoast-seo-premium-wordpress\/ -->\n<title>Xavi Hern\u00e1ndez genie\u00dft Padel in der Rafa Nadal Academy von Movistar - Rafa Nadal Academy<\/title>\n<meta name=\"description\" content=\"Xavi Hern\u00e1ndez besuchte die Rafa Nadal Academy und hatte die Gelegenheit, auf den neuen Hallenpl\u00e4tzen, die im vergangenen August er\u00f6ffnet wurden, Padel zu spielen. W\u00e4hrend seines Besuchs empfing Rafa Nadal den ehemaligen Spieler und aktuellen Trainer.\" \/>\n<meta name=\"robots\" content=\"index, follow, max-snippet:-1, max-image-preview:large, max-video-preview:-1\" \/>\n<link rel=\"canonical\" href=\"https:\/\/www.rafanadalacademy.com\/de\/nachricht\/xavi-hernandez-geniesst-padel-in-der-rafa-nadal-academy-von-movistar\/\" \/>\n<meta property=\"og:locale\" content=\"de_DE\" \/>\n<meta property=\"og:type\" content=\"article\" \/>\n<meta property=\"og:title\" content=\"Xavi Hern\u00e1ndez genie\u00dft Padel in der Rafa Nadal Academy von Movistar\" \/>\n<meta property=\"og:description\" content=\"Xavi Hern\u00e1ndez besuchte die Rafa Nadal Academy und hatte die Gelegenheit, auf den neuen Hallenpl\u00e4tzen, die im vergangenen August er\u00f6ffnet wurden, Padel zu spielen. W\u00e4hrend seines Besuchs empfing Rafa Nadal den ehemaligen Spieler und aktuellen Trainer.\" \/>\n<meta property=\"og:url\" content=\"https:\/\/www.rafanadalacademy.com\/de\/nachricht\/xavi-hernandez-geniesst-padel-in-der-rafa-nadal-academy-von-movistar\/\" \/>\n<meta property=\"og:site_name\" content=\"Rafa Nadal Academy\" \/>\n<meta property=\"article:published_time\" content=\"2025-09-09T08:49:54+00:00\" \/>\n<meta property=\"article:modified_time\" content=\"2025-09-09T08:52:48+00:00\" \/>\n<meta property=\"og:image\" content=\"https:\/\/www.rafanadalacademy.com\/wp-content\/uploads\/2025\/09\/Xavi-Rafa-Nadal-scaled-e1757407465496.jpg\" \/>\n\t<meta property=\"og:image:width\" content=\"1920\" \/>\n\t<meta property=\"og:image:height\" content=\"2560\" \/>\n\t<meta property=\"og:image:type\" content=\"image\/jpeg\" \/>\n<meta name=\"author\" content=\"joseluisprados\" \/>\n<meta name=\"twitter:card\" content=\"summary_large_image\" \/>\n<meta name=\"twitter:label1\" content=\"Written by\" \/>\n\t<meta name=\"twitter:data1\" content=\"joseluisprados\" \/>\n\t<meta name=\"twitter:label2\" content=\"Est. reading time\" \/>\n\t<meta name=\"twitter:data2\" content=\"1 minute\" \/>\n<script type=\"application\/ld+json\" class=\"yoast-schema-graph\">{\"@context\":\"https:\/\/schema.org\",\"@graph\":[{\"@type\":\"Article\",\"@id\":\"https:\/\/www.rafanadalacademy.com\/de\/nachricht\/xavi-hernandez-geniesst-padel-in-der-rafa-nadal-academy-von-movistar\/#article\",\"isPartOf\":{\"@id\":\"https:\/\/www.rafanadalacademy.com\/de\/nachricht\/xavi-hernandez-geniesst-padel-in-der-rafa-nadal-academy-von-movistar\/\"},\"author\":{\"name\":\"joseluisprados\",\"@id\":\"https:\/\/www.rafanadalacademy.com\/de\/#\/schema\/person\/744897d6ee269641fff954376180ef01\"},\"headline\":\"Xavi Hern\u00e1ndez genie\u00dft Padel in der Rafa Nadal Academy von Movistar\",\"datePublished\":\"2025-09-09T08:49:54+00:00\",\"dateModified\":\"2025-09-09T08:52:48+00:00\",\"mainEntityOfPage\":{\"@id\":\"https:\/\/www.rafanadalacademy.com\/de\/nachricht\/xavi-hernandez-geniesst-padel-in-der-rafa-nadal-academy-von-movistar\/\"},\"wordCount\":212,\"image\":{\"@id\":\"https:\/\/www.rafanadalacademy.com\/de\/nachricht\/xavi-hernandez-geniesst-padel-in-der-rafa-nadal-academy-von-movistar\/#primaryimage\"},\"thumbnailUrl\":\"https:\/\/www.rafanadalacademy.com\/wp-content\/uploads\/2025\/09\/Xavi-Rafa-Nadal-scaled-e1757407465496.jpg\",\"keywords\":[\"PADEL-TOUR DER RAFA NADAL ACADEMY\",\"RAFA NADAL ACADEMY VON MOVISTAR\"],\"articleSection\":[\"Nachricht\",\"PADEL\",\"RAFA NADAL ACADEMY VON MOVISTAR\"],\"inLanguage\":\"de-DE\",\"copyrightYear\":\"2025\",\"copyrightHolder\":{\"@id\":\"https:\/\/www.rafanadalacademy.com\/#organization\"}},{\"@type\":\"WebPage\",\"@id\":\"https:\/\/www.rafanadalacademy.com\/de\/nachricht\/xavi-hernandez-geniesst-padel-in-der-rafa-nadal-academy-von-movistar\/\",\"url\":\"https:\/\/www.rafanadalacademy.com\/de\/nachricht\/xavi-hernandez-geniesst-padel-in-der-rafa-nadal-academy-von-movistar\/\",\"name\":\"Xavi Hern\u00e1ndez genie\u00dft Padel in der Rafa Nadal Academy von Movistar - Rafa Nadal Academy\",\"isPartOf\":{\"@id\":\"https:\/\/www.rafanadalacademy.com\/de\/#website\"},\"primaryImageOfPage\":{\"@id\":\"https:\/\/www.rafanadalacademy.com\/de\/nachricht\/xavi-hernandez-geniesst-padel-in-der-rafa-nadal-academy-von-movistar\/#primaryimage\"},\"image\":{\"@id\":\"https:\/\/www.rafanadalacademy.com\/de\/nachricht\/xavi-hernandez-geniesst-padel-in-der-rafa-nadal-academy-von-movistar\/#primaryimage\"},\"thumbnailUrl\":\"https:\/\/www.rafanadalacademy.com\/wp-content\/uploads\/2025\/09\/Xavi-Rafa-Nadal-scaled-e1757407465496.jpg\",\"datePublished\":\"2025-09-09T08:49:54+00:00\",\"dateModified\":\"2025-09-09T08:52:48+00:00\",\"author\":{\"@id\":\"https:\/\/www.rafanadalacademy.com\/de\/#\/schema\/person\/744897d6ee269641fff954376180ef01\"},\"description\":\"Xavi Hern\u00e1ndez besuchte die Rafa Nadal Academy und hatte die Gelegenheit, auf den neuen Hallenpl\u00e4tzen, die im vergangenen August er\u00f6ffnet wurden, Padel zu spielen. W\u00e4hrend seines Besuchs empfing Rafa Nadal den ehemaligen Spieler und aktuellen Trainer.\",\"breadcrumb\":{\"@id\":\"https:\/\/www.rafanadalacademy.com\/de\/nachricht\/xavi-hernandez-geniesst-padel-in-der-rafa-nadal-academy-von-movistar\/#breadcrumb\"},\"inLanguage\":\"de-DE\",\"potentialAction\":[{\"@type\":\"ReadAction\",\"target\":[\"https:\/\/www.rafanadalacademy.com\/de\/nachricht\/xavi-hernandez-geniesst-padel-in-der-rafa-nadal-academy-von-movistar\/\"]}]},{\"@type\":\"ImageObject\",\"inLanguage\":\"de-DE\",\"@id\":\"https:\/\/www.rafanadalacademy.com\/de\/nachricht\/xavi-hernandez-geniesst-padel-in-der-rafa-nadal-academy-von-movistar\/#primaryimage\",\"url\":\"https:\/\/www.rafanadalacademy.com\/wp-content\/uploads\/2025\/09\/Xavi-Rafa-Nadal-scaled-e1757407465496.jpg\",\"contentUrl\":\"https:\/\/www.rafanadalacademy.com\/wp-content\/uploads\/2025\/09\/Xavi-Rafa-Nadal-scaled-e1757407465496.jpg\",\"width\":1920,\"height\":2560,\"caption\":\"Xavi Hern\u00e1ndez y Rafa Nadal, en las instalaciones de la Rafa Nadal Academy\"},{\"@type\":\"BreadcrumbList\",\"@id\":\"https:\/\/www.rafanadalacademy.com\/de\/nachricht\/xavi-hernandez-geniesst-padel-in-der-rafa-nadal-academy-von-movistar\/#breadcrumb\",\"itemListElement\":[{\"@type\":\"ListItem\",\"position\":1,\"name\":\"Home\",\"item\":\"https:\/\/www.rafanadalacademy.com\/de\/\"},{\"@type\":\"ListItem\",\"position\":2,\"name\":\"Xavi Hern\u00e1ndez genie\u00dft Padel in der Rafa Nadal Academy von Movistar\"}]},{\"@type\":\"WebSite\",\"@id\":\"https:\/\/www.rafanadalacademy.com\/de\/#website\",\"url\":\"https:\/\/www.rafanadalacademy.com\/de\/\",\"name\":\"Rafa Nadal Academy\",\"description\":\"Otro sitio realizado con WordPress\",\"potentialAction\":[{\"@type\":\"SearchAction\",\"target\":{\"@type\":\"EntryPoint\",\"urlTemplate\":\"https:\/\/www.rafanadalacademy.com\/de\/?s={search_term_string}\"},\"query-input\":{\"@type\":\"PropertyValueSpecification\",\"valueRequired\":true,\"valueName\":\"search_term_string\"}}],\"inLanguage\":\"de-DE\"},{\"@type\":\"Person\",\"@id\":\"https:\/\/www.rafanadalacademy.com\/de\/#\/schema\/person\/744897d6ee269641fff954376180ef01\",\"name\":\"joseluisprados\",\"image\":{\"@type\":\"ImageObject\",\"inLanguage\":\"de-DE\",\"@id\":\"https:\/\/www.rafanadalacademy.com\/de\/#\/schema\/person\/image\/\",\"url\":\"https:\/\/secure.gravatar.com\/avatar\/8aa823a6e5501864ffab4785d9e2a994b59c2d45c9f9751c5a532abfec081e5f?s=96&d=mm&r=g\",\"contentUrl\":\"https:\/\/secure.gravatar.com\/avatar\/8aa823a6e5501864ffab4785d9e2a994b59c2d45c9f9751c5a532abfec081e5f?s=96&d=mm&r=g\",\"caption\":\"joseluisprados\"},\"url\":\"https:\/\/www.rafanadalacademy.com\/de\/author\/joseluisprados\/\"},{\"@type\":\"ImageObject\",\"inLanguage\":\"de-DE\",\"@id\":\"https:\/\/www.rafanadalacademy.com\/de\/nachricht\/xavi-hernandez-geniesst-padel-in-der-rafa-nadal-academy-von-movistar\/#local-main-organization-logo\",\"url\":\"\",\"contentUrl\":\"\",\"caption\":\"Rafa Nadal Academy\"}]}<\/script>\n<!-- \/ Yoast SEO Premium plugin. -->","yoast_head_json":{"title":"Xavi Hern\u00e1ndez genie\u00dft Padel in der Rafa Nadal Academy von Movistar - Rafa Nadal Academy","description":"Xavi Hern\u00e1ndez besuchte die Rafa Nadal Academy und hatte die Gelegenheit, auf den neuen Hallenpl\u00e4tzen, die im vergangenen August er\u00f6ffnet wurden, Padel zu spielen. W\u00e4hrend seines Besuchs empfing Rafa Nadal den ehemaligen Spieler und aktuellen Trainer.","robots":{"index":"index","follow":"follow","max-snippet":"max-snippet:-1","max-image-preview":"max-image-preview:large","max-video-preview":"max-video-preview:-1"},"canonical":"https:\/\/www.rafanadalacademy.com\/de\/nachricht\/xavi-hernandez-geniesst-padel-in-der-rafa-nadal-academy-von-movistar\/","og_locale":"de_DE","og_type":"article","og_title":"Xavi Hern\u00e1ndez genie\u00dft Padel in der Rafa Nadal Academy von Movistar","og_description":"Xavi Hern\u00e1ndez besuchte die Rafa Nadal Academy und hatte die Gelegenheit, auf den neuen Hallenpl\u00e4tzen, die im vergangenen August er\u00f6ffnet wurden, Padel zu spielen. W\u00e4hrend seines Besuchs empfing Rafa Nadal den ehemaligen Spieler und aktuellen Trainer.","og_url":"https:\/\/www.rafanadalacademy.com\/de\/nachricht\/xavi-hernandez-geniesst-padel-in-der-rafa-nadal-academy-von-movistar\/","og_site_name":"Rafa Nadal Academy","article_published_time":"2025-09-09T08:49:54+00:00","article_modified_time":"2025-09-09T08:52:48+00:00","og_image":[{"width":1920,"height":2560,"url":"https:\/\/www.rafanadalacademy.com\/wp-content\/uploads\/2025\/09\/Xavi-Rafa-Nadal-scaled-e1757407465496.jpg","type":"image\/jpeg"}],"author":"joseluisprados","twitter_card":"summary_large_image","twitter_misc":{"Written by":"joseluisprados","Est. reading time":"1 minute"},"schema":{"@context":"https:\/\/schema.org","@graph":[{"@type":"Article","@id":"https:\/\/www.rafanadalacademy.com\/de\/nachricht\/xavi-hernandez-geniesst-padel-in-der-rafa-nadal-academy-von-movistar\/#article","isPartOf":{"@id":"https:\/\/www.rafanadalacademy.com\/de\/nachricht\/xavi-hernandez-geniesst-padel-in-der-rafa-nadal-academy-von-movistar\/"},"author":{"name":"joseluisprados","@id":"https:\/\/www.rafanadalacademy.com\/de\/#\/schema\/person\/744897d6ee269641fff954376180ef01"},"headline":"Xavi Hern\u00e1ndez genie\u00dft Padel in der Rafa Nadal Academy von Movistar","datePublished":"2025-09-09T08:49:54+00:00","dateModified":"2025-09-09T08:52:48+00:00","mainEntityOfPage":{"@id":"https:\/\/www.rafanadalacademy.com\/de\/nachricht\/xavi-hernandez-geniesst-padel-in-der-rafa-nadal-academy-von-movistar\/"},"wordCount":212,"image":{"@id":"https:\/\/www.rafanadalacademy.com\/de\/nachricht\/xavi-hernandez-geniesst-padel-in-der-rafa-nadal-academy-von-movistar\/#primaryimage"},"thumbnailUrl":"https:\/\/www.rafanadalacademy.com\/wp-content\/uploads\/2025\/09\/Xavi-Rafa-Nadal-scaled-e1757407465496.jpg","keywords":["PADEL-TOUR DER RAFA NADAL ACADEMY","RAFA NADAL ACADEMY VON MOVISTAR"],"articleSection":["Nachricht","PADEL","RAFA NADAL ACADEMY VON MOVISTAR"],"inLanguage":"de-DE","copyrightYear":"2025","copyrightHolder":{"@id":"https:\/\/www.rafanadalacademy.com\/#organization"}},{"@type":"WebPage","@id":"https:\/\/www.rafanadalacademy.com\/de\/nachricht\/xavi-hernandez-geniesst-padel-in-der-rafa-nadal-academy-von-movistar\/","url":"https:\/\/www.rafanadalacademy.com\/de\/nachricht\/xavi-hernandez-geniesst-padel-in-der-rafa-nadal-academy-von-movistar\/","name":"Xavi Hern\u00e1ndez genie\u00dft Padel in der Rafa Nadal Academy von Movistar - Rafa Nadal Academy","isPartOf":{"@id":"https:\/\/www.rafanadalacademy.com\/de\/#website"},"primaryImageOfPage":{"@id":"https:\/\/www.rafanadalacademy.com\/de\/nachricht\/xavi-hernandez-geniesst-padel-in-der-rafa-nadal-academy-von-movistar\/#primaryimage"},"image":{"@id":"https:\/\/www.rafanadalacademy.com\/de\/nachricht\/xavi-hernandez-geniesst-padel-in-der-rafa-nadal-academy-von-movistar\/#primaryimage"},"thumbnailUrl":"https:\/\/www.rafanadalacademy.com\/wp-content\/uploads\/2025\/09\/Xavi-Rafa-Nadal-scaled-e1757407465496.jpg","datePublished":"2025-09-09T08:49:54+00:00","dateModified":"2025-09-09T08:52:48+00:00","author":{"@id":"https:\/\/www.rafanadalacademy.com\/de\/#\/schema\/person\/744897d6ee269641fff954376180ef01"},"description":"Xavi Hern\u00e1ndez besuchte die Rafa Nadal Academy und hatte die Gelegenheit, auf den neuen Hallenpl\u00e4tzen, die im vergangenen August er\u00f6ffnet wurden, Padel zu spielen. W\u00e4hrend seines Besuchs empfing Rafa Nadal den ehemaligen Spieler und aktuellen Trainer.","breadcrumb":{"@id":"https:\/\/www.rafanadalacademy.com\/de\/nachricht\/xavi-hernandez-geniesst-padel-in-der-rafa-nadal-academy-von-movistar\/#breadcrumb"},"inLanguage":"de-DE","potentialAction":[{"@type":"ReadAction","target":["https:\/\/www.rafanadalacademy.com\/de\/nachricht\/xavi-hernandez-geniesst-padel-in-der-rafa-nadal-academy-von-movistar\/"]}]},{"@type":"ImageObject","inLanguage":"de-DE","@id":"https:\/\/www.rafanadalacademy.com\/de\/nachricht\/xavi-hernandez-geniesst-padel-in-der-rafa-nadal-academy-von-movistar\/#primaryimage","url":"https:\/\/www.rafanadalacademy.com\/wp-content\/uploads\/2025\/09\/Xavi-Rafa-Nadal-scaled-e1757407465496.jpg","contentUrl":"https:\/\/www.rafanadalacademy.com\/wp-content\/uploads\/2025\/09\/Xavi-Rafa-Nadal-scaled-e1757407465496.jpg","width":1920,"height":2560,"caption":"Xavi Hern\u00e1ndez y Rafa Nadal, en las instalaciones de la Rafa Nadal Academy"},{"@type":"BreadcrumbList","@id":"https:\/\/www.rafanadalacademy.com\/de\/nachricht\/xavi-hernandez-geniesst-padel-in-der-rafa-nadal-academy-von-movistar\/#breadcrumb","itemListElement":[{"@type":"ListItem","position":1,"name":"Home","item":"https:\/\/www.rafanadalacademy.com\/de\/"},{"@type":"ListItem","position":2,"name":"Xavi Hern\u00e1ndez genie\u00dft Padel in der Rafa Nadal Academy von Movistar"}]},{"@type":"WebSite","@id":"https:\/\/www.rafanadalacademy.com\/de\/#website","url":"https:\/\/www.rafanadalacademy.com\/de\/","name":"Rafa Nadal Academy","description":"Otro sitio realizado con WordPress","potentialAction":[{"@type":"SearchAction","target":{"@type":"EntryPoint","urlTemplate":"https:\/\/www.rafanadalacademy.com\/de\/?s={search_term_string}"},"query-input":{"@type":"PropertyValueSpecification","valueRequired":true,"valueName":"search_term_string"}}],"inLanguage":"de-DE"},{"@type":"Person","@id":"https:\/\/www.rafanadalacademy.com\/de\/#\/schema\/person\/744897d6ee269641fff954376180ef01","name":"joseluisprados","image":{"@type":"ImageObject","inLanguage":"de-DE","@id":"https:\/\/www.rafanadalacademy.com\/de\/#\/schema\/person\/image\/","url":"https:\/\/secure.gravatar.com\/avatar\/8aa823a6e5501864ffab4785d9e2a994b59c2d45c9f9751c5a532abfec081e5f?s=96&d=mm&r=g","contentUrl":"https:\/\/secure.gravatar.com\/avatar\/8aa823a6e5501864ffab4785d9e2a994b59c2d45c9f9751c5a532abfec081e5f?s=96&d=mm&r=g","caption":"joseluisprados"},"url":"https:\/\/www.rafanadalacademy.com\/de\/author\/joseluisprados\/"},{"@type":"ImageObject","inLanguage":"de-DE","@id":"https:\/\/www.rafanadalacademy.com\/de\/nachricht\/xavi-hernandez-geniesst-padel-in-der-rafa-nadal-academy-von-movistar\/#local-main-organization-logo","url":"","contentUrl":"","caption":"Rafa Nadal Academy"}]}},"_links":{"self":[{"href":"https:\/\/www.rafanadalacademy.com\/de\/wp-json\/wp\/v2\/posts\/31919","targetHints":{"allow":["GET"]}}],"collection":[{"href":"https:\/\/www.rafanadalacademy.com\/de\/wp-json\/wp\/v2\/posts"}],"about":[{"href":"https:\/\/www.rafanadalacademy.com\/de\/wp-json\/wp\/v2\/types\/post"}],"author":[{"embeddable":true,"href":"https:\/\/www.rafanadalacademy.com\/de\/wp-json\/wp\/v2\/users\/23"}],"replies":[{"embeddable":true,"href":"https:\/\/www.rafanadalacademy.com\/de\/wp-json\/wp\/v2\/comments?post=31919"}],"version-history":[{"count":1,"href":"https:\/\/www.rafanadalacademy.com\/de\/wp-json\/wp\/v2\/posts\/31919\/revisions"}],"predecessor-version":[{"id":31920,"href":"https:\/\/www.rafanadalacademy.com\/de\/wp-json\/wp\/v2\/posts\/31919\/revisions\/31920"}],"wp:featuredmedia":[{"embeddable":true,"href":"https:\/\/www.rafanadalacademy.com\/de\/wp-json\/wp\/v2\/media\/31897"}],"wp:attachment":[{"href":"https:\/\/www.rafanadalacademy.com\/de\/wp-json\/wp\/v2\/media?parent=31919"}],"wp:term":[{"taxonomy":"category","embeddable":true,"href":"https:\/\/www.rafanadalacademy.com\/de\/wp-json\/wp\/v2\/categories?post=31919"},{"taxonomy":"post_tag","embeddable":true,"href":"https:\/\/www.rafanadalacademy.com\/de\/wp-json\/wp\/v2\/tags?post=31919"}],"curies":[{"name":"wp","href":"https:\/\/api.w.org\/{rel}","templated":true}]}}