{"id":31851,"date":"2025-09-08T11:14:45","date_gmt":"2025-09-08T11:14:45","guid":{"rendered":"https:\/\/www.rafanadalacademy.com\/unkategorisiert\/die-us-open-2025-ein-historischer-grand-slam-fuer-die-rafa-nadal-academy-von-movistar\/"},"modified":"2025-09-08T11:20:14","modified_gmt":"2025-09-08T11:20:14","slug":"die-us-open-2025-ein-historischer-grand-slam-fuer-die-rafa-nadal-academy-von-movistar","status":"publish","type":"post","link":"https:\/\/www.rafanadalacademy.com\/de\/rafa-nadal-academy-von-movistar\/die-us-open-2025-ein-historischer-grand-slam-fuer-die-rafa-nadal-academy-von-movistar\/","title":{"rendered":"Die US Open 2025, ein historischer Grand Slam f\u00fcr die Rafa Nadal Academy von Movistar"},"content":{"rendered":"\n<p>Die US Open 2025 sind nun Teil der Rafa <strong>Nadal Academy by Movistar-<\/strong> Geschichte. F\u00fcnf unserer Spieler gl\u00e4nzten beim Grand Slam, der den Abschluss der Majors der Saison markierte. <\/p>\n\n<figure class=\"wp-block-image size-large\"><img loading=\"lazy\" decoding=\"async\" width=\"1024\" height=\"683\" src=\"https:\/\/www.rafanadalacademy.com\/wp-content\/uploads\/2025\/09\/2233578364-1024x683.jpg\" alt=\"\" class=\"wp-image-31836\" srcset=\"https:\/\/www.rafanadalacademy.com\/wp-content\/uploads\/2025\/09\/2233578364-1024x683.jpg 1024w, https:\/\/www.rafanadalacademy.com\/wp-content\/uploads\/2025\/09\/2233578364-300x200.jpg 300w, https:\/\/www.rafanadalacademy.com\/wp-content\/uploads\/2025\/09\/2233578364-768x512.jpg 768w, https:\/\/www.rafanadalacademy.com\/wp-content\/uploads\/2025\/09\/2233578364-1536x1024.jpg 1536w, https:\/\/www.rafanadalacademy.com\/wp-content\/uploads\/2025\/09\/2233578364-2048x1366.jpg 2048w\" sizes=\"auto, (max-width: 1024px) 100vw, 1024px\" \/><figcaption class=\"wp-element-caption\">Jaume Munar, bei den US Open 2025 (Foto von Matthew Stockman\/Getty Images)<\/figcaption><\/figure>\n\n<div style=\"height:50px\" aria-hidden=\"true\" class=\"wp-block-spacer\"><\/div>\n\n<p>Der erste ist <strong>Jaume Munar<\/strong> , der Flushing Meadows verl\u00e4sst, nachdem <strong>er zum ersten Mal das Achtelfinale eines Grand Slam<\/strong> erreicht hat. Damit \u00fcbertrifft er sein bestes Ergebnis bei einem Major, das er dieses Jahr in Wimbledon (dritte Runde) erzielt hat. Munar, der seit 2017 an der Rafa Nadal Academy trainiert, erreicht mit diesem Ergebnis auch das beste ATP-Ranking seines Lebens und steigt auf Platz 37 der Rangliste auf. <\/p>\n\n<p>Munar besiegte in der ersten Runde den Portugiesen Jaime Faria (6:0, 6:3, 5:7, 6:2), in der zweiten Runde den Kanadier Gabriel Diallo (31) mit 7:6, 6:3, 7:5 und den Belgier Zizou Bergs ebenfalls in drei S\u00e4tzen (6:1, 6:4, 6:4). Der balearische Spieler unterlag dem an Nummer 10 gesetzten Italiener Lorenzo Musetti (6:3, 6:0, 6:1). <\/p>\n\n<p>Auch bei den Herren reichte <strong>Coleman Wong<\/strong> sein <strong>erster Auftritt im Hauptfeld eines Grand Slams,<\/strong> um seine <strong>ersten Siege zu sichern.<\/strong> Wong besiegte den Amerikaner Aleksandar Kovacevic mit 6:4, 7:5, 7:6(4) und den Australier Adam Walton (7:6, 6:2, 4:6, 6:4) und bescherte Hongkong damit seinen ersten Grand-Slam-Sieg.<\/p>\n\n<figure class=\"wp-block-embed is-type-rich is-provider-twitter wp-block-embed-twitter\"><div class=\"wp-block-embed__wrapper\">\n<blockquote class=\"twitter-tweet\" data-width=\"500\" data-dnt=\"true\"><p lang=\"en\" dir=\"ltr\">(\ud835\ude3f\ud835\ude64\ud835\ude6a\ud835\ude57\ud835\ude61\ud835\ude5a) history for Hong Kong! \ud83c\udded\ud83c\uddf0<br><br>\ud835\ude43\ud835\ude5a\u2019\ud835\ude68 \ud835\ude59\ud835\ude64\ud835\ude63\ud835\ude5a \ud835\ude5e\ud835\ude69 \ud835\ude56\ud835\ude5c\ud835\ude56\ud835\ude5e\ud835\ude63\ud83d\udca5<br><br>Coleman Wong defeats Adam Walton to reach the <a href=\"https:\/\/twitter.com\/hashtag\/USOpen?src=hash&amp;ref_src=twsrc%5Etfw\">#USOpen<\/a> 3rd\u00a0round.\u00a0VAMOS! <a href=\"https:\/\/t.co\/LBlevC2QEV\">https:\/\/t.co\/LBlevC2QEV<\/a><\/p>&mdash; Rafa Nadal Academy (@rnadalacademy) <a href=\"https:\/\/twitter.com\/rnadalacademy\/status\/1961137601953296460?ref_src=twsrc%5Etfw\">August 28, 2025<\/a><\/blockquote><script async src=\"https:\/\/platform.twitter.com\/widgets.js\" charset=\"utf-8\"><\/script>\n<\/div><\/figure>\n\n<p>Auch die Filipina <strong>Alex Eala<\/strong> er\u00f6ffnete ihre Grand-Slam-Siegesliste f\u00fcr ihr Land. Die 20-j\u00e4hrige Eala besiegte die D\u00e4nin Clara Tauson mit 6:3, 2:6, 7:6. Die US Open Junior-Siegerin 2022 und seit 2018 Mitglied der Rafa Nadal Academy von Movistar konnte ihren ersten Sieg in einem Grand-Slam-Hauptfeldspiel feiern, nachdem sie dies dieses Jahr bereits zweimal in Wimbledon und Roland Garros versucht hatte.  <\/p>\n\n<figure class=\"wp-block-embed is-type-rich is-provider-twitter wp-block-embed-twitter\"><div class=\"wp-block-embed__wrapper\">\n<blockquote class=\"twitter-tweet\" data-width=\"500\" data-dnt=\"true\"><p lang=\"en\" dir=\"ltr\">Memories to last a lifetime! <br><br>\ud83d\udcf8 Historic moments from Alex Eala \ud83c\uddf5\ud83c\udded at the <a href=\"https:\/\/twitter.com\/hashtag\/USOpen2025?src=hash&amp;ref_src=twsrc%5Etfw\">#USOpen2025<\/a><br><br>We\u2019ll never forget! \ud835\ude51\ud835\ude3c\ud835\ude48\ud835\ude4a\ud835\ude4e\u203c\ufe0f<\/p>&mdash; Rafa Nadal Academy (@rnadalacademy) <a href=\"https:\/\/twitter.com\/rnadalacademy\/status\/1960969511948931539?ref_src=twsrc%5Etfw\">August 28, 2025<\/a><\/blockquote><script async src=\"https:\/\/platform.twitter.com\/widgets.js\" charset=\"utf-8\"><\/script>\n<\/div><\/figure>\n\n<p>Doch damit enden die Erfolge der Rafa Nadal Academy bei den US Open nicht. Auch im Doppel gelang <strong>Max Exsted<\/strong> kurz vor dem Juniorenturnier ein spektakul\u00e4rer Sieg im Hauptfeld an der Seite von Cooper Woestendick. <\/p>\n\n<p>Schlie\u00dflich gelang Ivan Ivanov mit dem Sieg bei den <strong>US Open Junior<\/strong> , nur wenige Wochen nach seinem Wimbledon-Titelgewinn, sein zweiter Grand Slam.<\/p>\n\n<figure class=\"wp-block-image aligncenter size-large is-resized\"><img loading=\"lazy\" decoding=\"async\" width=\"683\" height=\"1024\" src=\"https:\/\/www.rafanadalacademy.com\/wp-content\/uploads\/2025\/09\/IMG_2151-683x1024.jpg\" alt=\"\" class=\"wp-image-31818\" style=\"width:380px;height:auto\" srcset=\"https:\/\/www.rafanadalacademy.com\/wp-content\/uploads\/2025\/09\/IMG_2151-683x1024.jpg 683w, https:\/\/www.rafanadalacademy.com\/wp-content\/uploads\/2025\/09\/IMG_2151-200x300.jpg 200w, https:\/\/www.rafanadalacademy.com\/wp-content\/uploads\/2025\/09\/IMG_2151-768x1152.jpg 768w, https:\/\/www.rafanadalacademy.com\/wp-content\/uploads\/2025\/09\/IMG_2151-1024x1536.jpg 1024w, https:\/\/www.rafanadalacademy.com\/wp-content\/uploads\/2025\/09\/IMG_2151.jpg 1365w\" sizes=\"auto, (max-width: 683px) 100vw, 683px\" \/><\/figure>\n\n<div style=\"height:50px\" aria-hidden=\"true\" class=\"wp-block-spacer\"><\/div>\n\n<p>Der 16-j\u00e4hrige bulgarische Tennisspieler besiegte seinen Landsmann Alexander Vasilev im Finale mit 7:5, 6:3 und festigte damit seine Position als <strong>Nummer 1 der Weltrangliste<\/strong> . Ivanov ist nach Grigor Dimitrov und Filip Peliwo zudem der dritte Spieler in diesem Jahrhundert, der in derselben Saison sowohl Wimbledon als auch die US Open gewann. <\/p>\n\n<p>Mit Ivanovs Sieg kann die <strong>Rafa Nadal Academy<\/strong> ihre Junior Grand Slam-Titelbilanz ausbauen. <strong>Die Gesamtzahl der Siege betr\u00e4gt nun 13<\/strong> . <\/p>\n\n<p><\/p>\n","protected":false},"excerpt":{"rendered":"<p>Die US Open 2025 sind nun Teil der Rafa Nadal Academy by Movistar- Geschichte. F\u00fcnf unserer Spieler gl\u00e4nzten beim Grand Slam, der den Abschluss der Majors der Saison markierte. Der erste ist Jaume Munar , der Flushing Meadows verl\u00e4sst, nachdem er zum ersten Mal das Achtelfinale eines Grand Slam erreicht hat. Damit \u00fcbertrifft er sein<a href=\"https:\/\/www.rafanadalacademy.com\/de\/rafa-nadal-academy-von-movistar\/die-us-open-2025-ein-historischer-grand-slam-fuer-die-rafa-nadal-academy-von-movistar\/\">Continue reading <span class=\"sr-only\">&#8220;Die US Open 2025, ein historischer Grand Slam f\u00fcr die Rafa Nadal Academy von Movistar&#8221;<\/span><\/a><\/p>\n","protected":false},"author":23,"featured_media":31831,"comment_status":"closed","ping_status":"closed","sticky":false,"template":"","format":"standard","meta":{"_acf_changed":false,"footnotes":""},"categories":[159,203],"tags":[204],"class_list":["post-31851","post","type-post","status-publish","format-standard","has-post-thumbnail","hentry","category-nachricht","category-rafa-nadal-academy-von-movistar","tag-rafa-nadal-academy-von-movistar"],"acf":[],"yoast_head":"<!-- This site is optimized with the Yoast SEO Premium plugin v26.8 (Yoast SEO v26.9) - https:\/\/yoast.com\/product\/yoast-seo-premium-wordpress\/ -->\n<title>Die US Open 2025, ein historischer Grand Slam f\u00fcr die Rafa Nadal Academy von Movistar - Rafa Nadal Academy<\/title>\n<meta name=\"description\" content=\"Die US Open 2025 sind nun Teil der Geschichtsb\u00fccher der Rafa Nadal Academy. F\u00fcnf unserer Spieler haben beim Grand Slam, dem Abschluss der Majors dieser Saison, gegl\u00e4nzt: Jaume Munar, Coleman Wong, Alex Eala, Max Exsted und Ivan Ivanov.\" \/>\n<meta name=\"robots\" content=\"index, follow, max-snippet:-1, max-image-preview:large, max-video-preview:-1\" \/>\n<link rel=\"canonical\" href=\"https:\/\/www.rafanadalacademy.com\/de\/rafa-nadal-academy-von-movistar\/die-us-open-2025-ein-historischer-grand-slam-fuer-die-rafa-nadal-academy-von-movistar\/\" \/>\n<meta property=\"og:locale\" content=\"de_DE\" \/>\n<meta property=\"og:type\" content=\"article\" \/>\n<meta property=\"og:title\" content=\"Die US Open 2025, ein historischer Grand Slam f\u00fcr die Rafa Nadal Academy von Movistar\" \/>\n<meta property=\"og:description\" content=\"Die US Open 2025 sind nun Teil der Geschichtsb\u00fccher der Rafa Nadal Academy. F\u00fcnf unserer Spieler haben beim Grand Slam, dem Abschluss der Majors dieser Saison, gegl\u00e4nzt: Jaume Munar, Coleman Wong, Alex Eala, Max Exsted und Ivan Ivanov.\" \/>\n<meta property=\"og:url\" content=\"https:\/\/www.rafanadalacademy.com\/de\/rafa-nadal-academy-von-movistar\/die-us-open-2025-ein-historischer-grand-slam-fuer-die-rafa-nadal-academy-von-movistar\/\" \/>\n<meta property=\"og:site_name\" content=\"Rafa Nadal Academy\" \/>\n<meta property=\"article:published_time\" content=\"2025-09-08T11:14:45+00:00\" \/>\n<meta property=\"article:modified_time\" content=\"2025-09-08T11:20:14+00:00\" \/>\n<meta property=\"og:image\" content=\"https:\/\/www.rafanadalacademy.com\/wp-content\/uploads\/2025\/09\/2232600973-scaled-e1757330129155.jpg\" \/>\n\t<meta property=\"og:image:width\" content=\"2560\" \/>\n\t<meta property=\"og:image:height\" content=\"1707\" \/>\n\t<meta property=\"og:image:type\" content=\"image\/jpeg\" \/>\n<meta name=\"author\" content=\"joseluisprados\" \/>\n<meta name=\"twitter:card\" content=\"summary_large_image\" \/>\n<meta name=\"twitter:label1\" content=\"Written by\" \/>\n\t<meta name=\"twitter:data1\" content=\"joseluisprados\" \/>\n\t<meta name=\"twitter:label2\" content=\"Est. reading time\" \/>\n\t<meta name=\"twitter:data2\" content=\"2 minutes\" \/>\n<script type=\"application\/ld+json\" class=\"yoast-schema-graph\">{\"@context\":\"https:\/\/schema.org\",\"@graph\":[{\"@type\":\"Article\",\"@id\":\"https:\/\/www.rafanadalacademy.com\/de\/rafa-nadal-academy-von-movistar\/die-us-open-2025-ein-historischer-grand-slam-fuer-die-rafa-nadal-academy-von-movistar\/#article\",\"isPartOf\":{\"@id\":\"https:\/\/www.rafanadalacademy.com\/de\/rafa-nadal-academy-von-movistar\/die-us-open-2025-ein-historischer-grand-slam-fuer-die-rafa-nadal-academy-von-movistar\/\"},\"author\":{\"name\":\"joseluisprados\",\"@id\":\"https:\/\/www.rafanadalacademy.com\/de\/#\/schema\/person\/744897d6ee269641fff954376180ef01\"},\"headline\":\"Die US Open 2025, ein historischer Grand Slam f\u00fcr die Rafa Nadal Academy von Movistar\",\"datePublished\":\"2025-09-08T11:14:45+00:00\",\"dateModified\":\"2025-09-08T11:20:14+00:00\",\"mainEntityOfPage\":{\"@id\":\"https:\/\/www.rafanadalacademy.com\/de\/rafa-nadal-academy-von-movistar\/die-us-open-2025-ein-historischer-grand-slam-fuer-die-rafa-nadal-academy-von-movistar\/\"},\"wordCount\":401,\"image\":{\"@id\":\"https:\/\/www.rafanadalacademy.com\/de\/rafa-nadal-academy-von-movistar\/die-us-open-2025-ein-historischer-grand-slam-fuer-die-rafa-nadal-academy-von-movistar\/#primaryimage\"},\"thumbnailUrl\":\"https:\/\/www.rafanadalacademy.com\/wp-content\/uploads\/2025\/09\/2232600973-scaled-e1757419363433.jpg\",\"keywords\":[\"RAFA NADAL ACADEMY VON MOVISTAR\"],\"articleSection\":[\"Nachricht\",\"RAFA NADAL ACADEMY VON MOVISTAR\"],\"inLanguage\":\"de-DE\",\"copyrightYear\":\"2025\",\"copyrightHolder\":{\"@id\":\"https:\/\/www.rafanadalacademy.com\/#organization\"}},{\"@type\":\"WebPage\",\"@id\":\"https:\/\/www.rafanadalacademy.com\/de\/rafa-nadal-academy-von-movistar\/die-us-open-2025-ein-historischer-grand-slam-fuer-die-rafa-nadal-academy-von-movistar\/\",\"url\":\"https:\/\/www.rafanadalacademy.com\/de\/rafa-nadal-academy-von-movistar\/die-us-open-2025-ein-historischer-grand-slam-fuer-die-rafa-nadal-academy-von-movistar\/\",\"name\":\"Die US Open 2025, ein historischer Grand Slam f\u00fcr die Rafa Nadal Academy von Movistar - Rafa Nadal Academy\",\"isPartOf\":{\"@id\":\"https:\/\/www.rafanadalacademy.com\/de\/#website\"},\"primaryImageOfPage\":{\"@id\":\"https:\/\/www.rafanadalacademy.com\/de\/rafa-nadal-academy-von-movistar\/die-us-open-2025-ein-historischer-grand-slam-fuer-die-rafa-nadal-academy-von-movistar\/#primaryimage\"},\"image\":{\"@id\":\"https:\/\/www.rafanadalacademy.com\/de\/rafa-nadal-academy-von-movistar\/die-us-open-2025-ein-historischer-grand-slam-fuer-die-rafa-nadal-academy-von-movistar\/#primaryimage\"},\"thumbnailUrl\":\"https:\/\/www.rafanadalacademy.com\/wp-content\/uploads\/2025\/09\/2232600973-scaled-e1757419363433.jpg\",\"datePublished\":\"2025-09-08T11:14:45+00:00\",\"dateModified\":\"2025-09-08T11:20:14+00:00\",\"author\":{\"@id\":\"https:\/\/www.rafanadalacademy.com\/de\/#\/schema\/person\/744897d6ee269641fff954376180ef01\"},\"description\":\"Die US Open 2025 sind nun Teil der Geschichtsb\u00fccher der Rafa Nadal Academy. F\u00fcnf unserer Spieler haben beim Grand Slam, dem Abschluss der Majors dieser Saison, gegl\u00e4nzt: Jaume Munar, Coleman Wong, Alex Eala, Max Exsted und Ivan Ivanov.\",\"breadcrumb\":{\"@id\":\"https:\/\/www.rafanadalacademy.com\/de\/rafa-nadal-academy-von-movistar\/die-us-open-2025-ein-historischer-grand-slam-fuer-die-rafa-nadal-academy-von-movistar\/#breadcrumb\"},\"inLanguage\":\"de-DE\",\"potentialAction\":[{\"@type\":\"ReadAction\",\"target\":[\"https:\/\/www.rafanadalacademy.com\/de\/rafa-nadal-academy-von-movistar\/die-us-open-2025-ein-historischer-grand-slam-fuer-die-rafa-nadal-academy-von-movistar\/\"]}]},{\"@type\":\"ImageObject\",\"inLanguage\":\"de-DE\",\"@id\":\"https:\/\/www.rafanadalacademy.com\/de\/rafa-nadal-academy-von-movistar\/die-us-open-2025-ein-historischer-grand-slam-fuer-die-rafa-nadal-academy-von-movistar\/#primaryimage\",\"url\":\"https:\/\/www.rafanadalacademy.com\/wp-content\/uploads\/2025\/09\/2232600973-scaled-e1757419363433.jpg\",\"contentUrl\":\"https:\/\/www.rafanadalacademy.com\/wp-content\/uploads\/2025\/09\/2232600973-scaled-e1757419363433.jpg\",\"width\":2560,\"height\":1707,\"caption\":\"NEW YORK, NEW YORK - AUGUST 28: Jaume Munar of Spain reacts against Gabriel Diallo of Canada during their Men's Singles Second Round match on Day Five of the 2025 US Open at USTA Billie Jean King National Tennis Center on August 28, 2025 in the Flushing neighborhood of the Queens borough of New York City. (Photo by Ishika Samant\/Getty Images)\"},{\"@type\":\"BreadcrumbList\",\"@id\":\"https:\/\/www.rafanadalacademy.com\/de\/rafa-nadal-academy-von-movistar\/die-us-open-2025-ein-historischer-grand-slam-fuer-die-rafa-nadal-academy-von-movistar\/#breadcrumb\",\"itemListElement\":[{\"@type\":\"ListItem\",\"position\":1,\"name\":\"Home\",\"item\":\"https:\/\/www.rafanadalacademy.com\/de\/\"},{\"@type\":\"ListItem\",\"position\":2,\"name\":\"Die US Open 2025, ein historischer Grand Slam f\u00fcr die Rafa Nadal Academy von Movistar\"}]},{\"@type\":\"WebSite\",\"@id\":\"https:\/\/www.rafanadalacademy.com\/de\/#website\",\"url\":\"https:\/\/www.rafanadalacademy.com\/de\/\",\"name\":\"Rafa Nadal Academy\",\"description\":\"Otro sitio realizado con WordPress\",\"potentialAction\":[{\"@type\":\"SearchAction\",\"target\":{\"@type\":\"EntryPoint\",\"urlTemplate\":\"https:\/\/www.rafanadalacademy.com\/de\/?s={search_term_string}\"},\"query-input\":{\"@type\":\"PropertyValueSpecification\",\"valueRequired\":true,\"valueName\":\"search_term_string\"}}],\"inLanguage\":\"de-DE\"},{\"@type\":\"Person\",\"@id\":\"https:\/\/www.rafanadalacademy.com\/de\/#\/schema\/person\/744897d6ee269641fff954376180ef01\",\"name\":\"joseluisprados\",\"image\":{\"@type\":\"ImageObject\",\"inLanguage\":\"de-DE\",\"@id\":\"https:\/\/www.rafanadalacademy.com\/de\/#\/schema\/person\/image\/\",\"url\":\"https:\/\/secure.gravatar.com\/avatar\/8aa823a6e5501864ffab4785d9e2a994b59c2d45c9f9751c5a532abfec081e5f?s=96&d=mm&r=g\",\"contentUrl\":\"https:\/\/secure.gravatar.com\/avatar\/8aa823a6e5501864ffab4785d9e2a994b59c2d45c9f9751c5a532abfec081e5f?s=96&d=mm&r=g\",\"caption\":\"joseluisprados\"},\"url\":\"https:\/\/www.rafanadalacademy.com\/de\/author\/joseluisprados\/\"},{\"@type\":\"ImageObject\",\"inLanguage\":\"de-DE\",\"@id\":\"https:\/\/www.rafanadalacademy.com\/de\/rafa-nadal-academy-von-movistar\/die-us-open-2025-ein-historischer-grand-slam-fuer-die-rafa-nadal-academy-von-movistar\/#local-main-organization-logo\",\"url\":\"\",\"contentUrl\":\"\",\"caption\":\"Rafa Nadal Academy\"}]}<\/script>\n<!-- \/ Yoast SEO Premium plugin. -->","yoast_head_json":{"title":"Die US Open 2025, ein historischer Grand Slam f\u00fcr die Rafa Nadal Academy von Movistar - Rafa Nadal Academy","description":"Die US Open 2025 sind nun Teil der Geschichtsb\u00fccher der Rafa Nadal Academy. F\u00fcnf unserer Spieler haben beim Grand Slam, dem Abschluss der Majors dieser Saison, gegl\u00e4nzt: Jaume Munar, Coleman Wong, Alex Eala, Max Exsted und Ivan Ivanov.","robots":{"index":"index","follow":"follow","max-snippet":"max-snippet:-1","max-image-preview":"max-image-preview:large","max-video-preview":"max-video-preview:-1"},"canonical":"https:\/\/www.rafanadalacademy.com\/de\/rafa-nadal-academy-von-movistar\/die-us-open-2025-ein-historischer-grand-slam-fuer-die-rafa-nadal-academy-von-movistar\/","og_locale":"de_DE","og_type":"article","og_title":"Die US Open 2025, ein historischer Grand Slam f\u00fcr die Rafa Nadal Academy von Movistar","og_description":"Die US Open 2025 sind nun Teil der Geschichtsb\u00fccher der Rafa Nadal Academy. F\u00fcnf unserer Spieler haben beim Grand Slam, dem Abschluss der Majors dieser Saison, gegl\u00e4nzt: Jaume Munar, Coleman Wong, Alex Eala, Max Exsted und Ivan Ivanov.","og_url":"https:\/\/www.rafanadalacademy.com\/de\/rafa-nadal-academy-von-movistar\/die-us-open-2025-ein-historischer-grand-slam-fuer-die-rafa-nadal-academy-von-movistar\/","og_site_name":"Rafa Nadal Academy","article_published_time":"2025-09-08T11:14:45+00:00","article_modified_time":"2025-09-08T11:20:14+00:00","og_image":[{"width":2560,"height":1707,"url":"https:\/\/www.rafanadalacademy.com\/wp-content\/uploads\/2025\/09\/2232600973-scaled-e1757330129155.jpg","type":"image\/jpeg"}],"author":"joseluisprados","twitter_card":"summary_large_image","twitter_misc":{"Written by":"joseluisprados","Est. reading time":"2 minutes"},"schema":{"@context":"https:\/\/schema.org","@graph":[{"@type":"Article","@id":"https:\/\/www.rafanadalacademy.com\/de\/rafa-nadal-academy-von-movistar\/die-us-open-2025-ein-historischer-grand-slam-fuer-die-rafa-nadal-academy-von-movistar\/#article","isPartOf":{"@id":"https:\/\/www.rafanadalacademy.com\/de\/rafa-nadal-academy-von-movistar\/die-us-open-2025-ein-historischer-grand-slam-fuer-die-rafa-nadal-academy-von-movistar\/"},"author":{"name":"joseluisprados","@id":"https:\/\/www.rafanadalacademy.com\/de\/#\/schema\/person\/744897d6ee269641fff954376180ef01"},"headline":"Die US Open 2025, ein historischer Grand Slam f\u00fcr die Rafa Nadal Academy von Movistar","datePublished":"2025-09-08T11:14:45+00:00","dateModified":"2025-09-08T11:20:14+00:00","mainEntityOfPage":{"@id":"https:\/\/www.rafanadalacademy.com\/de\/rafa-nadal-academy-von-movistar\/die-us-open-2025-ein-historischer-grand-slam-fuer-die-rafa-nadal-academy-von-movistar\/"},"wordCount":401,"image":{"@id":"https:\/\/www.rafanadalacademy.com\/de\/rafa-nadal-academy-von-movistar\/die-us-open-2025-ein-historischer-grand-slam-fuer-die-rafa-nadal-academy-von-movistar\/#primaryimage"},"thumbnailUrl":"https:\/\/www.rafanadalacademy.com\/wp-content\/uploads\/2025\/09\/2232600973-scaled-e1757419363433.jpg","keywords":["RAFA NADAL ACADEMY VON MOVISTAR"],"articleSection":["Nachricht","RAFA NADAL ACADEMY VON MOVISTAR"],"inLanguage":"de-DE","copyrightYear":"2025","copyrightHolder":{"@id":"https:\/\/www.rafanadalacademy.com\/#organization"}},{"@type":"WebPage","@id":"https:\/\/www.rafanadalacademy.com\/de\/rafa-nadal-academy-von-movistar\/die-us-open-2025-ein-historischer-grand-slam-fuer-die-rafa-nadal-academy-von-movistar\/","url":"https:\/\/www.rafanadalacademy.com\/de\/rafa-nadal-academy-von-movistar\/die-us-open-2025-ein-historischer-grand-slam-fuer-die-rafa-nadal-academy-von-movistar\/","name":"Die US Open 2025, ein historischer Grand Slam f\u00fcr die Rafa Nadal Academy von Movistar - Rafa Nadal Academy","isPartOf":{"@id":"https:\/\/www.rafanadalacademy.com\/de\/#website"},"primaryImageOfPage":{"@id":"https:\/\/www.rafanadalacademy.com\/de\/rafa-nadal-academy-von-movistar\/die-us-open-2025-ein-historischer-grand-slam-fuer-die-rafa-nadal-academy-von-movistar\/#primaryimage"},"image":{"@id":"https:\/\/www.rafanadalacademy.com\/de\/rafa-nadal-academy-von-movistar\/die-us-open-2025-ein-historischer-grand-slam-fuer-die-rafa-nadal-academy-von-movistar\/#primaryimage"},"thumbnailUrl":"https:\/\/www.rafanadalacademy.com\/wp-content\/uploads\/2025\/09\/2232600973-scaled-e1757419363433.jpg","datePublished":"2025-09-08T11:14:45+00:00","dateModified":"2025-09-08T11:20:14+00:00","author":{"@id":"https:\/\/www.rafanadalacademy.com\/de\/#\/schema\/person\/744897d6ee269641fff954376180ef01"},"description":"Die US Open 2025 sind nun Teil der Geschichtsb\u00fccher der Rafa Nadal Academy. F\u00fcnf unserer Spieler haben beim Grand Slam, dem Abschluss der Majors dieser Saison, gegl\u00e4nzt: Jaume Munar, Coleman Wong, Alex Eala, Max Exsted und Ivan Ivanov.","breadcrumb":{"@id":"https:\/\/www.rafanadalacademy.com\/de\/rafa-nadal-academy-von-movistar\/die-us-open-2025-ein-historischer-grand-slam-fuer-die-rafa-nadal-academy-von-movistar\/#breadcrumb"},"inLanguage":"de-DE","potentialAction":[{"@type":"ReadAction","target":["https:\/\/www.rafanadalacademy.com\/de\/rafa-nadal-academy-von-movistar\/die-us-open-2025-ein-historischer-grand-slam-fuer-die-rafa-nadal-academy-von-movistar\/"]}]},{"@type":"ImageObject","inLanguage":"de-DE","@id":"https:\/\/www.rafanadalacademy.com\/de\/rafa-nadal-academy-von-movistar\/die-us-open-2025-ein-historischer-grand-slam-fuer-die-rafa-nadal-academy-von-movistar\/#primaryimage","url":"https:\/\/www.rafanadalacademy.com\/wp-content\/uploads\/2025\/09\/2232600973-scaled-e1757419363433.jpg","contentUrl":"https:\/\/www.rafanadalacademy.com\/wp-content\/uploads\/2025\/09\/2232600973-scaled-e1757419363433.jpg","width":2560,"height":1707,"caption":"NEW YORK, NEW YORK - AUGUST 28: Jaume Munar of Spain reacts against Gabriel Diallo of Canada during their Men's Singles Second Round match on Day Five of the 2025 US Open at USTA Billie Jean King National Tennis Center on August 28, 2025 in the Flushing neighborhood of the Queens borough of New York City. (Photo by Ishika Samant\/Getty Images)"},{"@type":"BreadcrumbList","@id":"https:\/\/www.rafanadalacademy.com\/de\/rafa-nadal-academy-von-movistar\/die-us-open-2025-ein-historischer-grand-slam-fuer-die-rafa-nadal-academy-von-movistar\/#breadcrumb","itemListElement":[{"@type":"ListItem","position":1,"name":"Home","item":"https:\/\/www.rafanadalacademy.com\/de\/"},{"@type":"ListItem","position":2,"name":"Die US Open 2025, ein historischer Grand Slam f\u00fcr die Rafa Nadal Academy von Movistar"}]},{"@type":"WebSite","@id":"https:\/\/www.rafanadalacademy.com\/de\/#website","url":"https:\/\/www.rafanadalacademy.com\/de\/","name":"Rafa Nadal Academy","description":"Otro sitio realizado con WordPress","potentialAction":[{"@type":"SearchAction","target":{"@type":"EntryPoint","urlTemplate":"https:\/\/www.rafanadalacademy.com\/de\/?s={search_term_string}"},"query-input":{"@type":"PropertyValueSpecification","valueRequired":true,"valueName":"search_term_string"}}],"inLanguage":"de-DE"},{"@type":"Person","@id":"https:\/\/www.rafanadalacademy.com\/de\/#\/schema\/person\/744897d6ee269641fff954376180ef01","name":"joseluisprados","image":{"@type":"ImageObject","inLanguage":"de-DE","@id":"https:\/\/www.rafanadalacademy.com\/de\/#\/schema\/person\/image\/","url":"https:\/\/secure.gravatar.com\/avatar\/8aa823a6e5501864ffab4785d9e2a994b59c2d45c9f9751c5a532abfec081e5f?s=96&d=mm&r=g","contentUrl":"https:\/\/secure.gravatar.com\/avatar\/8aa823a6e5501864ffab4785d9e2a994b59c2d45c9f9751c5a532abfec081e5f?s=96&d=mm&r=g","caption":"joseluisprados"},"url":"https:\/\/www.rafanadalacademy.com\/de\/author\/joseluisprados\/"},{"@type":"ImageObject","inLanguage":"de-DE","@id":"https:\/\/www.rafanadalacademy.com\/de\/rafa-nadal-academy-von-movistar\/die-us-open-2025-ein-historischer-grand-slam-fuer-die-rafa-nadal-academy-von-movistar\/#local-main-organization-logo","url":"","contentUrl":"","caption":"Rafa Nadal Academy"}]}},"_links":{"self":[{"href":"https:\/\/www.rafanadalacademy.com\/de\/wp-json\/wp\/v2\/posts\/31851","targetHints":{"allow":["GET"]}}],"collection":[{"href":"https:\/\/www.rafanadalacademy.com\/de\/wp-json\/wp\/v2\/posts"}],"about":[{"href":"https:\/\/www.rafanadalacademy.com\/de\/wp-json\/wp\/v2\/types\/post"}],"author":[{"embeddable":true,"href":"https:\/\/www.rafanadalacademy.com\/de\/wp-json\/wp\/v2\/users\/23"}],"replies":[{"embeddable":true,"href":"https:\/\/www.rafanadalacademy.com\/de\/wp-json\/wp\/v2\/comments?post=31851"}],"version-history":[{"count":1,"href":"https:\/\/www.rafanadalacademy.com\/de\/wp-json\/wp\/v2\/posts\/31851\/revisions"}],"predecessor-version":[{"id":31852,"href":"https:\/\/www.rafanadalacademy.com\/de\/wp-json\/wp\/v2\/posts\/31851\/revisions\/31852"}],"wp:featuredmedia":[{"embeddable":true,"href":"https:\/\/www.rafanadalacademy.com\/de\/wp-json\/wp\/v2\/media\/31831"}],"wp:attachment":[{"href":"https:\/\/www.rafanadalacademy.com\/de\/wp-json\/wp\/v2\/media?parent=31851"}],"wp:term":[{"taxonomy":"category","embeddable":true,"href":"https:\/\/www.rafanadalacademy.com\/de\/wp-json\/wp\/v2\/categories?post=31851"},{"taxonomy":"post_tag","embeddable":true,"href":"https:\/\/www.rafanadalacademy.com\/de\/wp-json\/wp\/v2\/tags?post=31851"}],"curies":[{"name":"wp","href":"https:\/\/api.w.org\/{rel}","templated":true}]}}