{"id":31713,"date":"2025-09-04T09:46:09","date_gmt":"2025-09-04T09:46:09","guid":{"rendered":"https:\/\/www.rafanadalacademy.com\/unkategorisiert\/dani-rincons-emotionale-rede-nach-dem-gewinn-der-rafa-nadal-open-von-movistar\/"},"modified":"2025-09-04T09:56:34","modified_gmt":"2025-09-04T09:56:34","slug":"dani-rincons-emotionale-rede-nach-dem-gewinn-der-rafa-nadal-open-von-movistar","status":"publish","type":"post","link":"https:\/\/www.rafanadalacademy.com\/de\/rafa-nadal-academy-von-movistar\/dani-rincons-emotionale-rede-nach-dem-gewinn-der-rafa-nadal-open-von-movistar\/","title":{"rendered":"Dani Rinc\u00f3ns emotionale Rede nach dem Gewinn der Rafa Nadal Open von Movistar"},"content":{"rendered":"\n<p>Der an der <strong>Rafa Nadal Academy<\/strong> ausgebildete Spieler erlebte einen der emotionalsten Abende seiner Karriere, als er zum Champion der <a href=\"https:\/\/rafanadalopen.com\/\">Rafa Nadal Open by Movistar 2025<\/a> gekr\u00f6nt wurde und als erster spanischer Tennisspieler den Titel <strong>des ATP-Challenger-<\/strong> Turniers gewann.<\/p>\n\n<figure class=\"wp-block-image size-large\"><img loading=\"lazy\" decoding=\"async\" width=\"1024\" height=\"683\" src=\"https:\/\/www.rafanadalacademy.com\/wp-content\/uploads\/2025\/09\/Rafa-Nadal_RNO-2025_2272-1024x683.jpg\" alt=\"\" class=\"wp-image-31690\" srcset=\"https:\/\/www.rafanadalacademy.com\/wp-content\/uploads\/2025\/09\/Rafa-Nadal_RNO-2025_2272-1024x683.jpg 1024w, https:\/\/www.rafanadalacademy.com\/wp-content\/uploads\/2025\/09\/Rafa-Nadal_RNO-2025_2272-300x200.jpg 300w, https:\/\/www.rafanadalacademy.com\/wp-content\/uploads\/2025\/09\/Rafa-Nadal_RNO-2025_2272-768x512.jpg 768w, https:\/\/www.rafanadalacademy.com\/wp-content\/uploads\/2025\/09\/Rafa-Nadal_RNO-2025_2272-1536x1024.jpg 1536w, https:\/\/www.rafanadalacademy.com\/wp-content\/uploads\/2025\/09\/Rafa-Nadal_RNO-2025_2272-2048x1365.jpg 2048w\" sizes=\"auto, (max-width: 1024px) 100vw, 1024px\" \/><\/figure>\n\n<div style=\"height:57px\" aria-hidden=\"true\" class=\"wp-block-spacer\"><\/div>\n\n<p>Um den zweiten Challenger seiner Karriere zu erreichen, musste Rinc\u00f3n im gro\u00dfen Finale den \u00d6sterreicher <strong>Jurij Rodionov<\/strong> (7-5 \u200b\u200b\u200b\u200bund 6-2) besiegen, der 2019 in der ersten Runde kurioserweise einen jungen Carlos Alcaraz besiegte.<\/p>\n\n<p>Nachdem er die Meistertroph\u00e4e in den Himmel Mallorcas gehoben hatte, hielt Rinc\u00f3n eine herzliche Rede voller Dankbarkeit, Emotionen und pers\u00f6nlicher Erfahrungen. Dani begann damit, der <strong>Rafa Nadal Academy von Movistar<\/strong> f\u00fcr ihr Vertrauen zu danken: \u201eSie haben mich vor sechs Jahren hierher gebracht, sie haben mir vertraut, als ich ein Kind war, und sie haben mir so sehr geholfen\u201c, erkl\u00e4rte er. <\/p>\n\n<figure class=\"wp-block-embed is-type-video is-provider-youtube wp-block-embed-youtube wp-embed-aspect-16-9 wp-has-aspect-ratio\"><div class=\"wp-block-embed__wrapper\">\n<iframe loading=\"lazy\" title=\"Dani Rinc\u00f3n se emociona al ganar el Rafa Nadal Open by Movistar\" width=\"500\" height=\"281\" src=\"https:\/\/www.youtube.com\/embed\/fsNePJmxMk8?feature=oembed\" frameborder=\"0\" allow=\"accelerometer; autoplay; clipboard-write; encrypted-media; gyroscope; picture-in-picture; web-share\" referrerpolicy=\"strict-origin-when-cross-origin\" allowfullscreen><\/iframe>\n<\/div><\/figure>\n\n<div style=\"height:29px\" aria-hidden=\"true\" class=\"wp-block-spacer\"><\/div>\n\n<p>Er erinnerte auch daran, wie wichtig es ist, Freundschaften zu haben, die \u00fcber lange Zeit Bestand haben: \u201eViele Freunde sind bereits hier, um mich zu besuchen, und ich freue mich sehr, dass sie eine so sch\u00f6ne Woche wie diese erleben und genie\u00dfen k\u00f6nnen. Ihre Gesellschaft genie\u00dfen zu k\u00f6nnen und zu sehen, dass unsere Freundschaft weiterhin besteht, ist sehr sch\u00f6n\u201c, schloss er.<\/p>\n\n<p><strong>Ihr Team, der Schl\u00fcssel zum Erfolg<\/strong><\/p>\n\n<p>Besonders hervorzuheben sind auch seine Trainer, die ihn w\u00e4hrend seiner gesamten Entwicklung begleitet haben: \u201eDavid, Jorge, Gustavo und JC, ich freue mich, meinen Alltag mit euch zu teilen. Eure Arbeit ist unglaublich. Wir werden uns Tag f\u00fcr Tag weiter verbessern.\u201c<\/p>\n\n<figure class=\"wp-block-embed is-type-video is-provider-youtube wp-block-embed-youtube wp-embed-aspect-16-9 wp-has-aspect-ratio\"><div class=\"wp-block-embed__wrapper\">\n<iframe loading=\"lazy\" title=\"Rafa Nadal presencia la final del Rafa Nadal Open by Movistar\" width=\"500\" height=\"281\" src=\"https:\/\/www.youtube.com\/embed\/yEA1qkXZKJI?feature=oembed\" frameborder=\"0\" allow=\"accelerometer; autoplay; clipboard-write; encrypted-media; gyroscope; picture-in-picture; web-share\" referrerpolicy=\"strict-origin-when-cross-origin\" allowfullscreen><\/iframe>\n<\/div><\/figure>\n\n<div style=\"height:30px\" aria-hidden=\"true\" class=\"wp-block-spacer\"><\/div>\n\n<p><br\/>Josep Riera, den er in seiner Karriere als \u201eVater\u201c bezeichnete, verdient eine besondere Erw\u00e4hnung: \u201eAnfang der Woche schien es, als w\u00fcrde nichts klappen, aber Sie sagten, wir k\u00f6nnten Meister werden, und hier sind wir. Also vielen Dank an Sie und Ihre Familie, dass Sie mich wie einen der Ihren behandelt haben\u201c, schloss er sichtlich ger\u00fchrt.<\/p>\n\n<p><br\/>Auf einem so schwierigen Weg zum Aufstieg in der Welt des Tennis gibt es Siege, die von Menschen mit Geschichten gro\u00dfer \u00dcberwindung, Anstrengung und Widerstandsf\u00e4higkeit inspiriert sind, und Josep Salv\u00e0s Geschichte war eine davon: \u201eDu gibst niemals auf. Du hast einige sehr harte Jahre hinter dir und ich bin so froh, dass du diese Woche hier bist. Dieser Titel geh\u00f6rt dir\u201c, erkl\u00e4rte er unter Tr\u00e4nen.<br\/>Er dankte auch In\u00e9s, seiner Partnerin und wichtigsten Unterst\u00fctzerin au\u00dferhalb des Platzes: \u201eSie ist diejenige, die mich jeden Tag unterst\u00fctzt, diejenige, die in den schlimmsten Momenten f\u00fcr mich da ist. Ohne sie w\u00e4re ich nicht hier.\u201c<\/p>\n\n<p><br\/><strong>Der Motor des Turniers<\/strong><\/p>\n\n<p>Abschlie\u00dfend lobte Dani die Unterst\u00fctzung der <strong>Rafa Nadal Open durch die Movistar-Fans<\/strong> , die erneut die Trib\u00fcnen auf dem Center Court f\u00fcllten, um den Heimspieler auf ihren Schultern zu tragen: \u201eMir fehlen die Worte, um zu beschreiben, was ich diese Woche hier gef\u00fchlt habe. Es gab einige sehr schwierige Spiele und ohne eure Hilfe w\u00e4re es unm\u00f6glich gewesen, diese Troph\u00e4e in die H\u00f6he zu heben. Ich danke euch von ganzem Herzen.\u201c<\/p>\n\n<div style=\"height:57px\" aria-hidden=\"true\" class=\"wp-block-spacer\"><\/div>\n\n<p><\/p>\n","protected":false},"excerpt":{"rendered":"<p>Der an der Rafa Nadal Academy ausgebildete Spieler erlebte einen der emotionalsten Abende seiner Karriere, als er zum Champion der Rafa Nadal Open by Movistar 2025 gekr\u00f6nt wurde und als erster spanischer Tennisspieler den Titel des ATP-Challenger- Turniers gewann. Um den zweiten Challenger seiner Karriere zu erreichen, musste Rinc\u00f3n im gro\u00dfen Finale den \u00d6sterreicher Jurij<a href=\"https:\/\/www.rafanadalacademy.com\/de\/rafa-nadal-academy-von-movistar\/dani-rincons-emotionale-rede-nach-dem-gewinn-der-rafa-nadal-open-von-movistar\/\">Continue reading <span class=\"sr-only\">&#8220;Dani Rinc\u00f3ns emotionale Rede nach dem Gewinn der Rafa Nadal Open von Movistar&#8221;<\/span><\/a><\/p>\n","protected":false},"author":23,"featured_media":31686,"comment_status":"closed","ping_status":"closed","sticky":false,"template":"","format":"standard","meta":{"_acf_changed":false,"footnotes":""},"categories":[159,203,151],"tags":[204,152],"class_list":["post-31713","post","type-post","status-publish","format-standard","has-post-thumbnail","hentry","category-nachricht","category-rafa-nadal-academy-von-movistar","category-rafa-nadal-open-de","tag-rafa-nadal-academy-von-movistar","tag-rafa-nadal-open-de"],"acf":[],"yoast_head":"<!-- This site is optimized with the Yoast SEO Premium plugin v26.8 (Yoast SEO v26.9) - https:\/\/yoast.com\/product\/yoast-seo-premium-wordpress\/ -->\n<title>Dani Rinc\u00f3ns emotionale Rede nach dem Gewinn der Rafa Nadal Open von Movistar - Rafa Nadal Academy<\/title>\n<meta name=\"description\" content=\"Dani Rinc\u00f3n, ein an der Rafa Nadal Academy von Movistar ausgebildeter Spieler, erlebte einen der emotionalsten Abende seiner Karriere, als er von Movistar zum Champion der Rafa Nadal Open 2025 gekr\u00f6nt wurde und damit der erste spanische Tennisspieler war, der den Titel des ATP-Challenger-Turniers gewann.\" \/>\n<meta name=\"robots\" content=\"index, follow, max-snippet:-1, max-image-preview:large, max-video-preview:-1\" \/>\n<link rel=\"canonical\" href=\"https:\/\/www.rafanadalacademy.com\/de\/rafa-nadal-academy-von-movistar\/dani-rincons-emotionale-rede-nach-dem-gewinn-der-rafa-nadal-open-von-movistar\/\" \/>\n<meta property=\"og:locale\" content=\"de_DE\" \/>\n<meta property=\"og:type\" content=\"article\" \/>\n<meta property=\"og:title\" content=\"Dani Rinc\u00f3ns emotionale Rede nach dem Gewinn der Rafa Nadal Open von Movistar\" \/>\n<meta property=\"og:description\" content=\"Dani Rinc\u00f3n, ein an der Rafa Nadal Academy von Movistar ausgebildeter Spieler, erlebte einen der emotionalsten Abende seiner Karriere, als er von Movistar zum Champion der Rafa Nadal Open 2025 gekr\u00f6nt wurde und damit der erste spanische Tennisspieler war, der den Titel des ATP-Challenger-Turniers gewann.\" \/>\n<meta property=\"og:url\" content=\"https:\/\/www.rafanadalacademy.com\/de\/rafa-nadal-academy-von-movistar\/dani-rincons-emotionale-rede-nach-dem-gewinn-der-rafa-nadal-open-von-movistar\/\" \/>\n<meta property=\"og:site_name\" content=\"Rafa Nadal Academy\" \/>\n<meta property=\"article:published_time\" content=\"2025-09-04T09:46:09+00:00\" \/>\n<meta property=\"article:modified_time\" content=\"2025-09-04T09:56:34+00:00\" \/>\n<meta property=\"og:image\" content=\"https:\/\/www.rafanadalacademy.com\/wp-content\/uploads\/2025\/09\/Entrega-de-Premios_RNO-2025_2166-scaled-e1756979033936.jpg\" \/>\n\t<meta property=\"og:image:width\" content=\"2560\" \/>\n\t<meta property=\"og:image:height\" content=\"1707\" \/>\n\t<meta property=\"og:image:type\" content=\"image\/jpeg\" \/>\n<meta name=\"author\" content=\"joseluisprados\" \/>\n<meta name=\"twitter:card\" content=\"summary_large_image\" \/>\n<meta name=\"twitter:label1\" content=\"Written by\" \/>\n\t<meta name=\"twitter:data1\" content=\"joseluisprados\" \/>\n\t<meta name=\"twitter:label2\" content=\"Est. reading time\" \/>\n\t<meta name=\"twitter:data2\" content=\"3 minutes\" \/>\n<script type=\"application\/ld+json\" class=\"yoast-schema-graph\">{\"@context\":\"https:\/\/schema.org\",\"@graph\":[{\"@type\":\"Article\",\"@id\":\"https:\/\/www.rafanadalacademy.com\/de\/rafa-nadal-academy-von-movistar\/dani-rincons-emotionale-rede-nach-dem-gewinn-der-rafa-nadal-open-von-movistar\/#article\",\"isPartOf\":{\"@id\":\"https:\/\/www.rafanadalacademy.com\/de\/rafa-nadal-academy-von-movistar\/dani-rincons-emotionale-rede-nach-dem-gewinn-der-rafa-nadal-open-von-movistar\/\"},\"author\":{\"name\":\"joseluisprados\",\"@id\":\"https:\/\/www.rafanadalacademy.com\/de\/#\/schema\/person\/744897d6ee269641fff954376180ef01\"},\"headline\":\"Dani Rinc\u00f3ns emotionale Rede nach dem Gewinn der Rafa Nadal Open von Movistar\",\"datePublished\":\"2025-09-04T09:46:09+00:00\",\"dateModified\":\"2025-09-04T09:56:34+00:00\",\"mainEntityOfPage\":{\"@id\":\"https:\/\/www.rafanadalacademy.com\/de\/rafa-nadal-academy-von-movistar\/dani-rincons-emotionale-rede-nach-dem-gewinn-der-rafa-nadal-open-von-movistar\/\"},\"wordCount\":539,\"image\":{\"@id\":\"https:\/\/www.rafanadalacademy.com\/de\/rafa-nadal-academy-von-movistar\/dani-rincons-emotionale-rede-nach-dem-gewinn-der-rafa-nadal-open-von-movistar\/#primaryimage\"},\"thumbnailUrl\":\"https:\/\/www.rafanadalacademy.com\/wp-content\/uploads\/2025\/09\/Entrega-de-Premios_RNO-2025_2166-scaled-e1756979033936.jpg\",\"keywords\":[\"RAFA NADAL ACADEMY VON MOVISTAR\",\"RAFA NADAL OPEN\"],\"articleSection\":[\"Nachricht\",\"RAFA NADAL ACADEMY VON MOVISTAR\",\"RAFA NADAL OPEN\"],\"inLanguage\":\"de-DE\",\"copyrightYear\":\"2025\",\"copyrightHolder\":{\"@id\":\"https:\/\/www.rafanadalacademy.com\/#organization\"}},{\"@type\":\"WebPage\",\"@id\":\"https:\/\/www.rafanadalacademy.com\/de\/rafa-nadal-academy-von-movistar\/dani-rincons-emotionale-rede-nach-dem-gewinn-der-rafa-nadal-open-von-movistar\/\",\"url\":\"https:\/\/www.rafanadalacademy.com\/de\/rafa-nadal-academy-von-movistar\/dani-rincons-emotionale-rede-nach-dem-gewinn-der-rafa-nadal-open-von-movistar\/\",\"name\":\"Dani Rinc\u00f3ns emotionale Rede nach dem Gewinn der Rafa Nadal Open von Movistar - Rafa Nadal Academy\",\"isPartOf\":{\"@id\":\"https:\/\/www.rafanadalacademy.com\/de\/#website\"},\"primaryImageOfPage\":{\"@id\":\"https:\/\/www.rafanadalacademy.com\/de\/rafa-nadal-academy-von-movistar\/dani-rincons-emotionale-rede-nach-dem-gewinn-der-rafa-nadal-open-von-movistar\/#primaryimage\"},\"image\":{\"@id\":\"https:\/\/www.rafanadalacademy.com\/de\/rafa-nadal-academy-von-movistar\/dani-rincons-emotionale-rede-nach-dem-gewinn-der-rafa-nadal-open-von-movistar\/#primaryimage\"},\"thumbnailUrl\":\"https:\/\/www.rafanadalacademy.com\/wp-content\/uploads\/2025\/09\/Entrega-de-Premios_RNO-2025_2166-scaled-e1756979033936.jpg\",\"datePublished\":\"2025-09-04T09:46:09+00:00\",\"dateModified\":\"2025-09-04T09:56:34+00:00\",\"author\":{\"@id\":\"https:\/\/www.rafanadalacademy.com\/de\/#\/schema\/person\/744897d6ee269641fff954376180ef01\"},\"description\":\"Dani Rinc\u00f3n, ein an der Rafa Nadal Academy von Movistar ausgebildeter Spieler, erlebte einen der emotionalsten Abende seiner Karriere, als er von Movistar zum Champion der Rafa Nadal Open 2025 gekr\u00f6nt wurde und damit der erste spanische Tennisspieler war, der den Titel des ATP-Challenger-Turniers gewann.\",\"breadcrumb\":{\"@id\":\"https:\/\/www.rafanadalacademy.com\/de\/rafa-nadal-academy-von-movistar\/dani-rincons-emotionale-rede-nach-dem-gewinn-der-rafa-nadal-open-von-movistar\/#breadcrumb\"},\"inLanguage\":\"de-DE\",\"potentialAction\":[{\"@type\":\"ReadAction\",\"target\":[\"https:\/\/www.rafanadalacademy.com\/de\/rafa-nadal-academy-von-movistar\/dani-rincons-emotionale-rede-nach-dem-gewinn-der-rafa-nadal-open-von-movistar\/\"]}]},{\"@type\":\"ImageObject\",\"inLanguage\":\"de-DE\",\"@id\":\"https:\/\/www.rafanadalacademy.com\/de\/rafa-nadal-academy-von-movistar\/dani-rincons-emotionale-rede-nach-dem-gewinn-der-rafa-nadal-open-von-movistar\/#primaryimage\",\"url\":\"https:\/\/www.rafanadalacademy.com\/wp-content\/uploads\/2025\/09\/Entrega-de-Premios_RNO-2025_2166-scaled-e1756979033936.jpg\",\"contentUrl\":\"https:\/\/www.rafanadalacademy.com\/wp-content\/uploads\/2025\/09\/Entrega-de-Premios_RNO-2025_2166-scaled-e1756979033936.jpg\",\"width\":2560,\"height\":1707,\"caption\":\"Dani Rinc\u00f3n posa con el trofeo de campe\u00f3n del Rafa Nadal Open by Movsitar 2025\"},{\"@type\":\"BreadcrumbList\",\"@id\":\"https:\/\/www.rafanadalacademy.com\/de\/rafa-nadal-academy-von-movistar\/dani-rincons-emotionale-rede-nach-dem-gewinn-der-rafa-nadal-open-von-movistar\/#breadcrumb\",\"itemListElement\":[{\"@type\":\"ListItem\",\"position\":1,\"name\":\"Home\",\"item\":\"https:\/\/www.rafanadalacademy.com\/de\/\"},{\"@type\":\"ListItem\",\"position\":2,\"name\":\"Dani Rinc\u00f3ns emotionale Rede nach dem Gewinn der Rafa Nadal Open von Movistar\"}]},{\"@type\":\"WebSite\",\"@id\":\"https:\/\/www.rafanadalacademy.com\/de\/#website\",\"url\":\"https:\/\/www.rafanadalacademy.com\/de\/\",\"name\":\"Rafa Nadal Academy\",\"description\":\"Otro sitio realizado con WordPress\",\"potentialAction\":[{\"@type\":\"SearchAction\",\"target\":{\"@type\":\"EntryPoint\",\"urlTemplate\":\"https:\/\/www.rafanadalacademy.com\/de\/?s={search_term_string}\"},\"query-input\":{\"@type\":\"PropertyValueSpecification\",\"valueRequired\":true,\"valueName\":\"search_term_string\"}}],\"inLanguage\":\"de-DE\"},{\"@type\":\"Person\",\"@id\":\"https:\/\/www.rafanadalacademy.com\/de\/#\/schema\/person\/744897d6ee269641fff954376180ef01\",\"name\":\"joseluisprados\",\"image\":{\"@type\":\"ImageObject\",\"inLanguage\":\"de-DE\",\"@id\":\"https:\/\/www.rafanadalacademy.com\/de\/#\/schema\/person\/image\/\",\"url\":\"https:\/\/secure.gravatar.com\/avatar\/8aa823a6e5501864ffab4785d9e2a994b59c2d45c9f9751c5a532abfec081e5f?s=96&d=mm&r=g\",\"contentUrl\":\"https:\/\/secure.gravatar.com\/avatar\/8aa823a6e5501864ffab4785d9e2a994b59c2d45c9f9751c5a532abfec081e5f?s=96&d=mm&r=g\",\"caption\":\"joseluisprados\"},\"url\":\"https:\/\/www.rafanadalacademy.com\/de\/author\/joseluisprados\/\"},{\"@type\":\"ImageObject\",\"inLanguage\":\"de-DE\",\"@id\":\"https:\/\/www.rafanadalacademy.com\/de\/rafa-nadal-academy-von-movistar\/dani-rincons-emotionale-rede-nach-dem-gewinn-der-rafa-nadal-open-von-movistar\/#local-main-organization-logo\",\"url\":\"\",\"contentUrl\":\"\",\"caption\":\"Rafa Nadal Academy\"}]}<\/script>\n<!-- \/ Yoast SEO Premium plugin. -->","yoast_head_json":{"title":"Dani Rinc\u00f3ns emotionale Rede nach dem Gewinn der Rafa Nadal Open von Movistar - Rafa Nadal Academy","description":"Dani Rinc\u00f3n, ein an der Rafa Nadal Academy von Movistar ausgebildeter Spieler, erlebte einen der emotionalsten Abende seiner Karriere, als er von Movistar zum Champion der Rafa Nadal Open 2025 gekr\u00f6nt wurde und damit der erste spanische Tennisspieler war, der den Titel des ATP-Challenger-Turniers gewann.","robots":{"index":"index","follow":"follow","max-snippet":"max-snippet:-1","max-image-preview":"max-image-preview:large","max-video-preview":"max-video-preview:-1"},"canonical":"https:\/\/www.rafanadalacademy.com\/de\/rafa-nadal-academy-von-movistar\/dani-rincons-emotionale-rede-nach-dem-gewinn-der-rafa-nadal-open-von-movistar\/","og_locale":"de_DE","og_type":"article","og_title":"Dani Rinc\u00f3ns emotionale Rede nach dem Gewinn der Rafa Nadal Open von Movistar","og_description":"Dani Rinc\u00f3n, ein an der Rafa Nadal Academy von Movistar ausgebildeter Spieler, erlebte einen der emotionalsten Abende seiner Karriere, als er von Movistar zum Champion der Rafa Nadal Open 2025 gekr\u00f6nt wurde und damit der erste spanische Tennisspieler war, der den Titel des ATP-Challenger-Turniers gewann.","og_url":"https:\/\/www.rafanadalacademy.com\/de\/rafa-nadal-academy-von-movistar\/dani-rincons-emotionale-rede-nach-dem-gewinn-der-rafa-nadal-open-von-movistar\/","og_site_name":"Rafa Nadal Academy","article_published_time":"2025-09-04T09:46:09+00:00","article_modified_time":"2025-09-04T09:56:34+00:00","og_image":[{"width":2560,"height":1707,"url":"https:\/\/www.rafanadalacademy.com\/wp-content\/uploads\/2025\/09\/Entrega-de-Premios_RNO-2025_2166-scaled-e1756979033936.jpg","type":"image\/jpeg"}],"author":"joseluisprados","twitter_card":"summary_large_image","twitter_misc":{"Written by":"joseluisprados","Est. reading time":"3 minutes"},"schema":{"@context":"https:\/\/schema.org","@graph":[{"@type":"Article","@id":"https:\/\/www.rafanadalacademy.com\/de\/rafa-nadal-academy-von-movistar\/dani-rincons-emotionale-rede-nach-dem-gewinn-der-rafa-nadal-open-von-movistar\/#article","isPartOf":{"@id":"https:\/\/www.rafanadalacademy.com\/de\/rafa-nadal-academy-von-movistar\/dani-rincons-emotionale-rede-nach-dem-gewinn-der-rafa-nadal-open-von-movistar\/"},"author":{"name":"joseluisprados","@id":"https:\/\/www.rafanadalacademy.com\/de\/#\/schema\/person\/744897d6ee269641fff954376180ef01"},"headline":"Dani Rinc\u00f3ns emotionale Rede nach dem Gewinn der Rafa Nadal Open von Movistar","datePublished":"2025-09-04T09:46:09+00:00","dateModified":"2025-09-04T09:56:34+00:00","mainEntityOfPage":{"@id":"https:\/\/www.rafanadalacademy.com\/de\/rafa-nadal-academy-von-movistar\/dani-rincons-emotionale-rede-nach-dem-gewinn-der-rafa-nadal-open-von-movistar\/"},"wordCount":539,"image":{"@id":"https:\/\/www.rafanadalacademy.com\/de\/rafa-nadal-academy-von-movistar\/dani-rincons-emotionale-rede-nach-dem-gewinn-der-rafa-nadal-open-von-movistar\/#primaryimage"},"thumbnailUrl":"https:\/\/www.rafanadalacademy.com\/wp-content\/uploads\/2025\/09\/Entrega-de-Premios_RNO-2025_2166-scaled-e1756979033936.jpg","keywords":["RAFA NADAL ACADEMY VON MOVISTAR","RAFA NADAL OPEN"],"articleSection":["Nachricht","RAFA NADAL ACADEMY VON MOVISTAR","RAFA NADAL OPEN"],"inLanguage":"de-DE","copyrightYear":"2025","copyrightHolder":{"@id":"https:\/\/www.rafanadalacademy.com\/#organization"}},{"@type":"WebPage","@id":"https:\/\/www.rafanadalacademy.com\/de\/rafa-nadal-academy-von-movistar\/dani-rincons-emotionale-rede-nach-dem-gewinn-der-rafa-nadal-open-von-movistar\/","url":"https:\/\/www.rafanadalacademy.com\/de\/rafa-nadal-academy-von-movistar\/dani-rincons-emotionale-rede-nach-dem-gewinn-der-rafa-nadal-open-von-movistar\/","name":"Dani Rinc\u00f3ns emotionale Rede nach dem Gewinn der Rafa Nadal Open von Movistar - Rafa Nadal Academy","isPartOf":{"@id":"https:\/\/www.rafanadalacademy.com\/de\/#website"},"primaryImageOfPage":{"@id":"https:\/\/www.rafanadalacademy.com\/de\/rafa-nadal-academy-von-movistar\/dani-rincons-emotionale-rede-nach-dem-gewinn-der-rafa-nadal-open-von-movistar\/#primaryimage"},"image":{"@id":"https:\/\/www.rafanadalacademy.com\/de\/rafa-nadal-academy-von-movistar\/dani-rincons-emotionale-rede-nach-dem-gewinn-der-rafa-nadal-open-von-movistar\/#primaryimage"},"thumbnailUrl":"https:\/\/www.rafanadalacademy.com\/wp-content\/uploads\/2025\/09\/Entrega-de-Premios_RNO-2025_2166-scaled-e1756979033936.jpg","datePublished":"2025-09-04T09:46:09+00:00","dateModified":"2025-09-04T09:56:34+00:00","author":{"@id":"https:\/\/www.rafanadalacademy.com\/de\/#\/schema\/person\/744897d6ee269641fff954376180ef01"},"description":"Dani Rinc\u00f3n, ein an der Rafa Nadal Academy von Movistar ausgebildeter Spieler, erlebte einen der emotionalsten Abende seiner Karriere, als er von Movistar zum Champion der Rafa Nadal Open 2025 gekr\u00f6nt wurde und damit der erste spanische Tennisspieler war, der den Titel des ATP-Challenger-Turniers gewann.","breadcrumb":{"@id":"https:\/\/www.rafanadalacademy.com\/de\/rafa-nadal-academy-von-movistar\/dani-rincons-emotionale-rede-nach-dem-gewinn-der-rafa-nadal-open-von-movistar\/#breadcrumb"},"inLanguage":"de-DE","potentialAction":[{"@type":"ReadAction","target":["https:\/\/www.rafanadalacademy.com\/de\/rafa-nadal-academy-von-movistar\/dani-rincons-emotionale-rede-nach-dem-gewinn-der-rafa-nadal-open-von-movistar\/"]}]},{"@type":"ImageObject","inLanguage":"de-DE","@id":"https:\/\/www.rafanadalacademy.com\/de\/rafa-nadal-academy-von-movistar\/dani-rincons-emotionale-rede-nach-dem-gewinn-der-rafa-nadal-open-von-movistar\/#primaryimage","url":"https:\/\/www.rafanadalacademy.com\/wp-content\/uploads\/2025\/09\/Entrega-de-Premios_RNO-2025_2166-scaled-e1756979033936.jpg","contentUrl":"https:\/\/www.rafanadalacademy.com\/wp-content\/uploads\/2025\/09\/Entrega-de-Premios_RNO-2025_2166-scaled-e1756979033936.jpg","width":2560,"height":1707,"caption":"Dani Rinc\u00f3n posa con el trofeo de campe\u00f3n del Rafa Nadal Open by Movsitar 2025"},{"@type":"BreadcrumbList","@id":"https:\/\/www.rafanadalacademy.com\/de\/rafa-nadal-academy-von-movistar\/dani-rincons-emotionale-rede-nach-dem-gewinn-der-rafa-nadal-open-von-movistar\/#breadcrumb","itemListElement":[{"@type":"ListItem","position":1,"name":"Home","item":"https:\/\/www.rafanadalacademy.com\/de\/"},{"@type":"ListItem","position":2,"name":"Dani Rinc\u00f3ns emotionale Rede nach dem Gewinn der Rafa Nadal Open von Movistar"}]},{"@type":"WebSite","@id":"https:\/\/www.rafanadalacademy.com\/de\/#website","url":"https:\/\/www.rafanadalacademy.com\/de\/","name":"Rafa Nadal Academy","description":"Otro sitio realizado con WordPress","potentialAction":[{"@type":"SearchAction","target":{"@type":"EntryPoint","urlTemplate":"https:\/\/www.rafanadalacademy.com\/de\/?s={search_term_string}"},"query-input":{"@type":"PropertyValueSpecification","valueRequired":true,"valueName":"search_term_string"}}],"inLanguage":"de-DE"},{"@type":"Person","@id":"https:\/\/www.rafanadalacademy.com\/de\/#\/schema\/person\/744897d6ee269641fff954376180ef01","name":"joseluisprados","image":{"@type":"ImageObject","inLanguage":"de-DE","@id":"https:\/\/www.rafanadalacademy.com\/de\/#\/schema\/person\/image\/","url":"https:\/\/secure.gravatar.com\/avatar\/8aa823a6e5501864ffab4785d9e2a994b59c2d45c9f9751c5a532abfec081e5f?s=96&d=mm&r=g","contentUrl":"https:\/\/secure.gravatar.com\/avatar\/8aa823a6e5501864ffab4785d9e2a994b59c2d45c9f9751c5a532abfec081e5f?s=96&d=mm&r=g","caption":"joseluisprados"},"url":"https:\/\/www.rafanadalacademy.com\/de\/author\/joseluisprados\/"},{"@type":"ImageObject","inLanguage":"de-DE","@id":"https:\/\/www.rafanadalacademy.com\/de\/rafa-nadal-academy-von-movistar\/dani-rincons-emotionale-rede-nach-dem-gewinn-der-rafa-nadal-open-von-movistar\/#local-main-organization-logo","url":"","contentUrl":"","caption":"Rafa Nadal Academy"}]}},"_links":{"self":[{"href":"https:\/\/www.rafanadalacademy.com\/de\/wp-json\/wp\/v2\/posts\/31713","targetHints":{"allow":["GET"]}}],"collection":[{"href":"https:\/\/www.rafanadalacademy.com\/de\/wp-json\/wp\/v2\/posts"}],"about":[{"href":"https:\/\/www.rafanadalacademy.com\/de\/wp-json\/wp\/v2\/types\/post"}],"author":[{"embeddable":true,"href":"https:\/\/www.rafanadalacademy.com\/de\/wp-json\/wp\/v2\/users\/23"}],"replies":[{"embeddable":true,"href":"https:\/\/www.rafanadalacademy.com\/de\/wp-json\/wp\/v2\/comments?post=31713"}],"version-history":[{"count":3,"href":"https:\/\/www.rafanadalacademy.com\/de\/wp-json\/wp\/v2\/posts\/31713\/revisions"}],"predecessor-version":[{"id":31716,"href":"https:\/\/www.rafanadalacademy.com\/de\/wp-json\/wp\/v2\/posts\/31713\/revisions\/31716"}],"wp:featuredmedia":[{"embeddable":true,"href":"https:\/\/www.rafanadalacademy.com\/de\/wp-json\/wp\/v2\/media\/31686"}],"wp:attachment":[{"href":"https:\/\/www.rafanadalacademy.com\/de\/wp-json\/wp\/v2\/media?parent=31713"}],"wp:term":[{"taxonomy":"category","embeddable":true,"href":"https:\/\/www.rafanadalacademy.com\/de\/wp-json\/wp\/v2\/categories?post=31713"},{"taxonomy":"post_tag","embeddable":true,"href":"https:\/\/www.rafanadalacademy.com\/de\/wp-json\/wp\/v2\/tags?post=31713"}],"curies":[{"name":"wp","href":"https:\/\/api.w.org\/{rel}","templated":true}]}}