{"id":17141,"date":"2024-07-03T10:56:22","date_gmt":"2024-07-03T10:56:22","guid":{"rendered":"https:\/\/www.rafanadalacademy.com\/unkategorisiert\/marbella-bereitet-sich-auf-die-ankunft-der-rafa-nadal-academy-padel-tour-der-adecco-gruppe-vor\/"},"modified":"2024-07-23T08:53:58","modified_gmt":"2024-07-23T08:53:58","slug":"marbella-bereitet-sich-auf-die-ankunft-der-rafa-nadal-academy-padel-tour-der-adecco-gruppe-vor","status":"publish","type":"post","link":"https:\/\/www.rafanadalacademy.com\/de\/padel-de\/marbella-bereitet-sich-auf-die-ankunft-der-rafa-nadal-academy-padel-tour-der-adecco-gruppe-vor\/","title":{"rendered":"MARBELLA BEREITET SICH AUF DIE ANKUNFT DER RAFA NADAL ACADEMY PADEL TOUR DER ADECCO-GRUPPE VOR"},"content":{"rendered":"\n<p><\/p>\n\n<figure class=\"wp-block-image size-large\"><img loading=\"lazy\" decoding=\"async\" width=\"1024\" height=\"684\" src=\"https:\/\/dxr52e0jfi242.cloudfront.net\/uploads\/2024\/07\/retosbabolat-34-1024x684.jpg\" alt=\"\" class=\"wp-image-16657\" srcset=\"https:\/\/www.rafanadalacademy.com\/wp-content\/uploads\/2024\/07\/retosbabolat-34-1024x684.jpg 1024w, https:\/\/www.rafanadalacademy.com\/wp-content\/uploads\/2024\/07\/retosbabolat-34-300x200.jpg 300w, https:\/\/www.rafanadalacademy.com\/wp-content\/uploads\/2024\/07\/retosbabolat-34-768x513.jpg 768w, https:\/\/www.rafanadalacademy.com\/wp-content\/uploads\/2024\/07\/retosbabolat-34-1536x1026.jpg 1536w, https:\/\/www.rafanadalacademy.com\/wp-content\/uploads\/2024\/07\/retosbabolat-34-2048x1368.jpg 2048w\" sizes=\"auto, (max-width: 1024px) 100vw, 1024px\" \/><\/figure>\n\n<p><\/p>\n\n<p>Am 13. und 14. Juli wird Marbella die Stadt sein, die die vierte Runde der Rafa Nadal Padel Tour der Adecco Group ausrichtet, einer neuen Amateur-Paddel-Tennis-Rennstrecke, die Sport, Freizeit, Spa\u00df und Werte vereint.<\/p>\n\n<p><\/p>\n\n<p>Das Turnier wird im Nueva Alc\u00e1ntara Club (NAC) ausgetragen, einer der Referenzanlagen in der Provinz M\u00e1laga. Insgesamt 32 Teams mit jeweils 6 Spielern, aufgeteilt in 4 Kategorien (zwei M\u00e4nner und zwei Frauen), k\u00e4mpfen um den Sieg in einem Turnier, das bereits Santander und Madrid durchlaufen hat und bald auch Valladolid, Alicante und Barcelona besuchen wird.   <strong>Die Gewinner in Malaga haben Anspruch auf ein Ticket f\u00fcr die Abschlussveranstaltung, die im Dezember in den R\u00e4umlichkeiten der Rafa Nadal Academy auf Mallorca stattfinden wird.<\/strong><\/p>\n\n<p><\/p>\n\n<p>W\u00e4hrend der Veranstaltung in Marbella wird jedes Team in mindestens zwei Vorl\u00e4ufen gegeneinander antreten und alle Teilnehmer k\u00f6nnen die zahlreichen Aktivit\u00e4ten genie\u00dfen, die im Laufe der Veranstaltung geplant sind. Das Epizentrum des Wochenendes wird am Samstagnachmittag mit dem Mahou-Musikabend und den <strong>zahlreichen von Babolat organisierten Aktivierungen<\/strong> auf den Pl\u00e4tzen des Nueva Alc\u00e1ntara Club (NAC) stattfinden. <\/p>\n\n<p><\/p>\n\n<p><strong>Maribel Nadal, stellvertretende Generaldirektorin der Rafa Nadal Academy<\/strong> , zeigt sich sehr begeistert: \u201eWir sind sehr zufrieden mit dem Verlauf der ersten Tests auf der Rennstrecke. Wir \u00fcbertreffen alle Erwartungen, die wir hatten, und jetzt versp\u00fcren wir den gro\u00dfen Wunsch, nach Marbella zu kommen. Wir glauben fest an dieses Format, das Sport und Freizeit verbindet und durch das Teamwettbewerbssystem eine spektakul\u00e4re Atmosph\u00e4re erzeugt. \u201eIch m\u00f6chte das NAC unbedingt kennenlernen und das Turnier aus erster Hand erleben.\u201c<\/p>\n\n<p><\/p>\n\n<p>Allein f\u00fcr die Anmeldung zum Test erhalten die 192 Spieler zus\u00e4tzlich zu den BABOLAT-Schl\u00e4gern ein Willkommenspaket mit einem Nike-T-Shirt, einem Produkt von NDL Pro-Health, Babolat-Armb\u00e4ndern, Prince Cookies und einem Fotoschutz Die Champions werden gewinnen. Au\u00dferdem wird es Tombola und Geschenke geben, die von Quir\u00f3nSalud, ZEL und Bezoya, den Partnern der Rennstrecke, angeboten werden. Die Champions in Marbella gewinnen au\u00dferdem Eintrittskarten, um das Team der Rafa Nadal Academy beim Hexagon Cup anzufeuern.  <\/p>\n\n<p><\/p>\n\n<p>Die Rafa Nadal Academy ist seit ihrer Er\u00f6ffnung im Jahr 2016 f\u00fcr ihr Prestige bei der Ausbildung junger Tennisspieler bekannt und hat sich dank der Entwicklung von Trainingsprogrammen f\u00fcr Jugendliche und Erwachsene in hochmodernen Einrichtungen auch f\u00fcr Paddle-Tennis entschieden 10 Au\u00dfenpl\u00e4tze und 7 \u00fcberdachte Pl\u00e4tze. Ihr Fitnesscenter, ihre bahnbrechenden Gesundheits- und Wellnessbereiche, ihre gro\u00dfe Auswahl an Restaurants und ihre moderne Residenz machen die Rafa Nadal Academy zu einem der idealen Orte, um Paddle-Tennis zu \u00fcben. <\/p>\n\n<p><\/p>\n\n<p>Mit der Organisation der Rafa Nadal Academy Padel Tour durch die Adecco Group besteht das Ziel nun darin, die Werte, die Methodik und die DNA der Akademie im Amateur-Padel-Umfeld bekannt zu machen, und zwar dank einer neuen Rennstrecke, die Bestand haben wird.<\/p>\n\n<p><\/p>\n","protected":false},"excerpt":{"rendered":"<p>Marbella bereitet sich auf die Ankunft der Rafa Nadal Academy Padel Tour der Adecco Group vor<\/p>\n","protected":false},"author":16,"featured_media":16675,"comment_status":"closed","ping_status":"closed","sticky":false,"template":"","format":"standard","meta":{"_acf_changed":false,"footnotes":""},"categories":[159,167],"tags":[168,169],"class_list":["post-17141","post","type-post","status-publish","format-standard","has-post-thumbnail","hentry","category-nachricht","category-padel-de","tag-padel-de","tag-padel-tour-der-rafa-nadal-academy"],"acf":[],"yoast_head":"<!-- This site is optimized with the Yoast SEO Premium plugin v26.8 (Yoast SEO v26.9) - https:\/\/yoast.com\/product\/yoast-seo-premium-wordpress\/ -->\n<title>MARBELLA BEREITET SICH AUF DIE ANKUNFT DER RAFA NADAL ACADEMY PADEL TOUR DER ADECCO-GRUPPE VOR - Rafa Nadal Academy<\/title>\n<meta name=\"robots\" content=\"index, follow, max-snippet:-1, max-image-preview:large, max-video-preview:-1\" \/>\n<link rel=\"canonical\" href=\"https:\/\/www.rafanadalacademy.com\/de\/padel-de\/marbella-bereitet-sich-auf-die-ankunft-der-rafa-nadal-academy-padel-tour-der-adecco-gruppe-vor\/\" \/>\n<meta property=\"og:locale\" content=\"de_DE\" \/>\n<meta property=\"og:type\" content=\"article\" \/>\n<meta property=\"og:title\" content=\"MARBELLA BEREITET SICH AUF DIE ANKUNFT DER RAFA NADAL ACADEMY PADEL TOUR DER ADECCO-GRUPPE VOR\" \/>\n<meta property=\"og:description\" content=\"Marbella bereitet sich auf die Ankunft der Rafa Nadal Academy Padel Tour der Adecco Group vor\" \/>\n<meta property=\"og:url\" content=\"https:\/\/www.rafanadalacademy.com\/de\/padel-de\/marbella-bereitet-sich-auf-die-ankunft-der-rafa-nadal-academy-padel-tour-der-adecco-gruppe-vor\/\" \/>\n<meta property=\"og:site_name\" content=\"Rafa Nadal Academy\" \/>\n<meta property=\"article:published_time\" content=\"2024-07-03T10:56:22+00:00\" \/>\n<meta property=\"article:modified_time\" content=\"2024-07-23T08:53:58+00:00\" \/>\n<meta property=\"og:image\" content=\"https:\/\/www.rafanadalacademy.com\/wp-content\/uploads\/2024\/07\/rafanadalacademy-finales-36-2-scaled.jpg\" \/>\n\t<meta property=\"og:image:width\" content=\"2560\" \/>\n\t<meta property=\"og:image:height\" content=\"1710\" \/>\n\t<meta property=\"og:image:type\" content=\"image\/jpeg\" \/>\n<meta name=\"author\" content=\"Israel Qu\u00edlez\" \/>\n<meta name=\"twitter:card\" content=\"summary_large_image\" \/>\n<meta name=\"twitter:label1\" content=\"Written by\" \/>\n\t<meta name=\"twitter:data1\" content=\"Israel Qu\u00edlez\" \/>\n\t<meta name=\"twitter:label2\" content=\"Est. reading time\" \/>\n\t<meta name=\"twitter:data2\" content=\"2 minutes\" \/>\n<script type=\"application\/ld+json\" class=\"yoast-schema-graph\">{\"@context\":\"https:\/\/schema.org\",\"@graph\":[{\"@type\":\"Article\",\"@id\":\"https:\/\/www.rafanadalacademy.com\/de\/padel-de\/marbella-bereitet-sich-auf-die-ankunft-der-rafa-nadal-academy-padel-tour-der-adecco-gruppe-vor\/#article\",\"isPartOf\":{\"@id\":\"https:\/\/www.rafanadalacademy.com\/de\/padel-de\/marbella-bereitet-sich-auf-die-ankunft-der-rafa-nadal-academy-padel-tour-der-adecco-gruppe-vor\/\"},\"author\":{\"name\":\"Israel Qu\u00edlez\",\"@id\":\"https:\/\/www.rafanadalacademy.com\/de\/#\/schema\/person\/6c564552da694b40f47417226d9eaa49\"},\"headline\":\"MARBELLA BEREITET SICH AUF DIE ANKUNFT DER RAFA NADAL ACADEMY PADEL TOUR DER ADECCO-GRUPPE VOR\",\"datePublished\":\"2024-07-03T10:56:22+00:00\",\"dateModified\":\"2024-07-23T08:53:58+00:00\",\"mainEntityOfPage\":{\"@id\":\"https:\/\/www.rafanadalacademy.com\/de\/padel-de\/marbella-bereitet-sich-auf-die-ankunft-der-rafa-nadal-academy-padel-tour-der-adecco-gruppe-vor\/\"},\"wordCount\":471,\"image\":{\"@id\":\"https:\/\/www.rafanadalacademy.com\/de\/padel-de\/marbella-bereitet-sich-auf-die-ankunft-der-rafa-nadal-academy-padel-tour-der-adecco-gruppe-vor\/#primaryimage\"},\"thumbnailUrl\":\"https:\/\/www.rafanadalacademy.com\/wp-content\/uploads\/2024\/07\/rafanadalacademy-finales-36-2-scaled.jpg\",\"keywords\":[\"PADEL\",\"PADEL-TOUR DER RAFA NADAL ACADEMY\"],\"articleSection\":[\"Nachricht\",\"PADEL\"],\"inLanguage\":\"de-DE\",\"copyrightYear\":\"2024\",\"copyrightHolder\":{\"@id\":\"https:\/\/www.rafanadalacademy.com\/#organization\"}},{\"@type\":\"WebPage\",\"@id\":\"https:\/\/www.rafanadalacademy.com\/de\/padel-de\/marbella-bereitet-sich-auf-die-ankunft-der-rafa-nadal-academy-padel-tour-der-adecco-gruppe-vor\/\",\"url\":\"https:\/\/www.rafanadalacademy.com\/de\/padel-de\/marbella-bereitet-sich-auf-die-ankunft-der-rafa-nadal-academy-padel-tour-der-adecco-gruppe-vor\/\",\"name\":\"MARBELLA BEREITET SICH AUF DIE ANKUNFT DER RAFA NADAL ACADEMY PADEL TOUR DER ADECCO-GRUPPE VOR - Rafa Nadal Academy\",\"isPartOf\":{\"@id\":\"https:\/\/www.rafanadalacademy.com\/de\/#website\"},\"primaryImageOfPage\":{\"@id\":\"https:\/\/www.rafanadalacademy.com\/de\/padel-de\/marbella-bereitet-sich-auf-die-ankunft-der-rafa-nadal-academy-padel-tour-der-adecco-gruppe-vor\/#primaryimage\"},\"image\":{\"@id\":\"https:\/\/www.rafanadalacademy.com\/de\/padel-de\/marbella-bereitet-sich-auf-die-ankunft-der-rafa-nadal-academy-padel-tour-der-adecco-gruppe-vor\/#primaryimage\"},\"thumbnailUrl\":\"https:\/\/www.rafanadalacademy.com\/wp-content\/uploads\/2024\/07\/rafanadalacademy-finales-36-2-scaled.jpg\",\"datePublished\":\"2024-07-03T10:56:22+00:00\",\"dateModified\":\"2024-07-23T08:53:58+00:00\",\"author\":{\"@id\":\"https:\/\/www.rafanadalacademy.com\/de\/#\/schema\/person\/6c564552da694b40f47417226d9eaa49\"},\"breadcrumb\":{\"@id\":\"https:\/\/www.rafanadalacademy.com\/de\/padel-de\/marbella-bereitet-sich-auf-die-ankunft-der-rafa-nadal-academy-padel-tour-der-adecco-gruppe-vor\/#breadcrumb\"},\"inLanguage\":\"de-DE\",\"potentialAction\":[{\"@type\":\"ReadAction\",\"target\":[\"https:\/\/www.rafanadalacademy.com\/de\/padel-de\/marbella-bereitet-sich-auf-die-ankunft-der-rafa-nadal-academy-padel-tour-der-adecco-gruppe-vor\/\"]}]},{\"@type\":\"ImageObject\",\"inLanguage\":\"de-DE\",\"@id\":\"https:\/\/www.rafanadalacademy.com\/de\/padel-de\/marbella-bereitet-sich-auf-die-ankunft-der-rafa-nadal-academy-padel-tour-der-adecco-gruppe-vor\/#primaryimage\",\"url\":\"https:\/\/www.rafanadalacademy.com\/wp-content\/uploads\/2024\/07\/rafanadalacademy-finales-36-2-scaled.jpg\",\"contentUrl\":\"https:\/\/www.rafanadalacademy.com\/wp-content\/uploads\/2024\/07\/rafanadalacademy-finales-36-2-scaled.jpg\",\"width\":2560,\"height\":1710},{\"@type\":\"BreadcrumbList\",\"@id\":\"https:\/\/www.rafanadalacademy.com\/de\/padel-de\/marbella-bereitet-sich-auf-die-ankunft-der-rafa-nadal-academy-padel-tour-der-adecco-gruppe-vor\/#breadcrumb\",\"itemListElement\":[{\"@type\":\"ListItem\",\"position\":1,\"name\":\"Home\",\"item\":\"https:\/\/www.rafanadalacademy.com\/de\/\"},{\"@type\":\"ListItem\",\"position\":2,\"name\":\"MARBELLA BEREITET SICH AUF DIE ANKUNFT DER RAFA NADAL ACADEMY PADEL TOUR DER ADECCO-GRUPPE VOR\"}]},{\"@type\":\"WebSite\",\"@id\":\"https:\/\/www.rafanadalacademy.com\/de\/#website\",\"url\":\"https:\/\/www.rafanadalacademy.com\/de\/\",\"name\":\"Rafa Nadal Academy\",\"description\":\"Otro sitio realizado con WordPress\",\"potentialAction\":[{\"@type\":\"SearchAction\",\"target\":{\"@type\":\"EntryPoint\",\"urlTemplate\":\"https:\/\/www.rafanadalacademy.com\/de\/?s={search_term_string}\"},\"query-input\":{\"@type\":\"PropertyValueSpecification\",\"valueRequired\":true,\"valueName\":\"search_term_string\"}}],\"inLanguage\":\"de-DE\"},{\"@type\":\"Person\",\"@id\":\"https:\/\/www.rafanadalacademy.com\/de\/#\/schema\/person\/6c564552da694b40f47417226d9eaa49\",\"name\":\"Israel Qu\u00edlez\",\"image\":{\"@type\":\"ImageObject\",\"inLanguage\":\"de-DE\",\"@id\":\"https:\/\/www.rafanadalacademy.com\/de\/#\/schema\/person\/image\/\",\"url\":\"https:\/\/secure.gravatar.com\/avatar\/c5bf9fac74c4144cfb6da68b87be83ee928f960f7054a862746ab29036031a9d?s=96&d=mm&r=g\",\"contentUrl\":\"https:\/\/secure.gravatar.com\/avatar\/c5bf9fac74c4144cfb6da68b87be83ee928f960f7054a862746ab29036031a9d?s=96&d=mm&r=g\",\"caption\":\"Israel Qu\u00edlez\"},\"url\":\"https:\/\/www.rafanadalacademy.com\/de\/author\/isr3l\/\"},{\"@type\":\"ImageObject\",\"inLanguage\":\"de-DE\",\"@id\":\"https:\/\/www.rafanadalacademy.com\/de\/padel-de\/marbella-bereitet-sich-auf-die-ankunft-der-rafa-nadal-academy-padel-tour-der-adecco-gruppe-vor\/#local-main-organization-logo\",\"url\":\"\",\"contentUrl\":\"\",\"caption\":\"Rafa Nadal Academy\"}]}<\/script>\n<!-- \/ Yoast SEO Premium plugin. -->","yoast_head_json":{"title":"MARBELLA BEREITET SICH AUF DIE ANKUNFT DER RAFA NADAL ACADEMY PADEL TOUR DER ADECCO-GRUPPE VOR - Rafa Nadal Academy","robots":{"index":"index","follow":"follow","max-snippet":"max-snippet:-1","max-image-preview":"max-image-preview:large","max-video-preview":"max-video-preview:-1"},"canonical":"https:\/\/www.rafanadalacademy.com\/de\/padel-de\/marbella-bereitet-sich-auf-die-ankunft-der-rafa-nadal-academy-padel-tour-der-adecco-gruppe-vor\/","og_locale":"de_DE","og_type":"article","og_title":"MARBELLA BEREITET SICH AUF DIE ANKUNFT DER RAFA NADAL ACADEMY PADEL TOUR DER ADECCO-GRUPPE VOR","og_description":"Marbella bereitet sich auf die Ankunft der Rafa Nadal Academy Padel Tour der Adecco Group vor","og_url":"https:\/\/www.rafanadalacademy.com\/de\/padel-de\/marbella-bereitet-sich-auf-die-ankunft-der-rafa-nadal-academy-padel-tour-der-adecco-gruppe-vor\/","og_site_name":"Rafa Nadal Academy","article_published_time":"2024-07-03T10:56:22+00:00","article_modified_time":"2024-07-23T08:53:58+00:00","og_image":[{"width":2560,"height":1710,"url":"https:\/\/www.rafanadalacademy.com\/wp-content\/uploads\/2024\/07\/rafanadalacademy-finales-36-2-scaled.jpg","type":"image\/jpeg"}],"author":"Israel Qu\u00edlez","twitter_card":"summary_large_image","twitter_misc":{"Written by":"Israel Qu\u00edlez","Est. reading time":"2 minutes"},"schema":{"@context":"https:\/\/schema.org","@graph":[{"@type":"Article","@id":"https:\/\/www.rafanadalacademy.com\/de\/padel-de\/marbella-bereitet-sich-auf-die-ankunft-der-rafa-nadal-academy-padel-tour-der-adecco-gruppe-vor\/#article","isPartOf":{"@id":"https:\/\/www.rafanadalacademy.com\/de\/padel-de\/marbella-bereitet-sich-auf-die-ankunft-der-rafa-nadal-academy-padel-tour-der-adecco-gruppe-vor\/"},"author":{"name":"Israel Qu\u00edlez","@id":"https:\/\/www.rafanadalacademy.com\/de\/#\/schema\/person\/6c564552da694b40f47417226d9eaa49"},"headline":"MARBELLA BEREITET SICH AUF DIE ANKUNFT DER RAFA NADAL ACADEMY PADEL TOUR DER ADECCO-GRUPPE VOR","datePublished":"2024-07-03T10:56:22+00:00","dateModified":"2024-07-23T08:53:58+00:00","mainEntityOfPage":{"@id":"https:\/\/www.rafanadalacademy.com\/de\/padel-de\/marbella-bereitet-sich-auf-die-ankunft-der-rafa-nadal-academy-padel-tour-der-adecco-gruppe-vor\/"},"wordCount":471,"image":{"@id":"https:\/\/www.rafanadalacademy.com\/de\/padel-de\/marbella-bereitet-sich-auf-die-ankunft-der-rafa-nadal-academy-padel-tour-der-adecco-gruppe-vor\/#primaryimage"},"thumbnailUrl":"https:\/\/www.rafanadalacademy.com\/wp-content\/uploads\/2024\/07\/rafanadalacademy-finales-36-2-scaled.jpg","keywords":["PADEL","PADEL-TOUR DER RAFA NADAL ACADEMY"],"articleSection":["Nachricht","PADEL"],"inLanguage":"de-DE","copyrightYear":"2024","copyrightHolder":{"@id":"https:\/\/www.rafanadalacademy.com\/#organization"}},{"@type":"WebPage","@id":"https:\/\/www.rafanadalacademy.com\/de\/padel-de\/marbella-bereitet-sich-auf-die-ankunft-der-rafa-nadal-academy-padel-tour-der-adecco-gruppe-vor\/","url":"https:\/\/www.rafanadalacademy.com\/de\/padel-de\/marbella-bereitet-sich-auf-die-ankunft-der-rafa-nadal-academy-padel-tour-der-adecco-gruppe-vor\/","name":"MARBELLA BEREITET SICH AUF DIE ANKUNFT DER RAFA NADAL ACADEMY PADEL TOUR DER ADECCO-GRUPPE VOR - Rafa Nadal Academy","isPartOf":{"@id":"https:\/\/www.rafanadalacademy.com\/de\/#website"},"primaryImageOfPage":{"@id":"https:\/\/www.rafanadalacademy.com\/de\/padel-de\/marbella-bereitet-sich-auf-die-ankunft-der-rafa-nadal-academy-padel-tour-der-adecco-gruppe-vor\/#primaryimage"},"image":{"@id":"https:\/\/www.rafanadalacademy.com\/de\/padel-de\/marbella-bereitet-sich-auf-die-ankunft-der-rafa-nadal-academy-padel-tour-der-adecco-gruppe-vor\/#primaryimage"},"thumbnailUrl":"https:\/\/www.rafanadalacademy.com\/wp-content\/uploads\/2024\/07\/rafanadalacademy-finales-36-2-scaled.jpg","datePublished":"2024-07-03T10:56:22+00:00","dateModified":"2024-07-23T08:53:58+00:00","author":{"@id":"https:\/\/www.rafanadalacademy.com\/de\/#\/schema\/person\/6c564552da694b40f47417226d9eaa49"},"breadcrumb":{"@id":"https:\/\/www.rafanadalacademy.com\/de\/padel-de\/marbella-bereitet-sich-auf-die-ankunft-der-rafa-nadal-academy-padel-tour-der-adecco-gruppe-vor\/#breadcrumb"},"inLanguage":"de-DE","potentialAction":[{"@type":"ReadAction","target":["https:\/\/www.rafanadalacademy.com\/de\/padel-de\/marbella-bereitet-sich-auf-die-ankunft-der-rafa-nadal-academy-padel-tour-der-adecco-gruppe-vor\/"]}]},{"@type":"ImageObject","inLanguage":"de-DE","@id":"https:\/\/www.rafanadalacademy.com\/de\/padel-de\/marbella-bereitet-sich-auf-die-ankunft-der-rafa-nadal-academy-padel-tour-der-adecco-gruppe-vor\/#primaryimage","url":"https:\/\/www.rafanadalacademy.com\/wp-content\/uploads\/2024\/07\/rafanadalacademy-finales-36-2-scaled.jpg","contentUrl":"https:\/\/www.rafanadalacademy.com\/wp-content\/uploads\/2024\/07\/rafanadalacademy-finales-36-2-scaled.jpg","width":2560,"height":1710},{"@type":"BreadcrumbList","@id":"https:\/\/www.rafanadalacademy.com\/de\/padel-de\/marbella-bereitet-sich-auf-die-ankunft-der-rafa-nadal-academy-padel-tour-der-adecco-gruppe-vor\/#breadcrumb","itemListElement":[{"@type":"ListItem","position":1,"name":"Home","item":"https:\/\/www.rafanadalacademy.com\/de\/"},{"@type":"ListItem","position":2,"name":"MARBELLA BEREITET SICH AUF DIE ANKUNFT DER RAFA NADAL ACADEMY PADEL TOUR DER ADECCO-GRUPPE VOR"}]},{"@type":"WebSite","@id":"https:\/\/www.rafanadalacademy.com\/de\/#website","url":"https:\/\/www.rafanadalacademy.com\/de\/","name":"Rafa Nadal Academy","description":"Otro sitio realizado con WordPress","potentialAction":[{"@type":"SearchAction","target":{"@type":"EntryPoint","urlTemplate":"https:\/\/www.rafanadalacademy.com\/de\/?s={search_term_string}"},"query-input":{"@type":"PropertyValueSpecification","valueRequired":true,"valueName":"search_term_string"}}],"inLanguage":"de-DE"},{"@type":"Person","@id":"https:\/\/www.rafanadalacademy.com\/de\/#\/schema\/person\/6c564552da694b40f47417226d9eaa49","name":"Israel Qu\u00edlez","image":{"@type":"ImageObject","inLanguage":"de-DE","@id":"https:\/\/www.rafanadalacademy.com\/de\/#\/schema\/person\/image\/","url":"https:\/\/secure.gravatar.com\/avatar\/c5bf9fac74c4144cfb6da68b87be83ee928f960f7054a862746ab29036031a9d?s=96&d=mm&r=g","contentUrl":"https:\/\/secure.gravatar.com\/avatar\/c5bf9fac74c4144cfb6da68b87be83ee928f960f7054a862746ab29036031a9d?s=96&d=mm&r=g","caption":"Israel Qu\u00edlez"},"url":"https:\/\/www.rafanadalacademy.com\/de\/author\/isr3l\/"},{"@type":"ImageObject","inLanguage":"de-DE","@id":"https:\/\/www.rafanadalacademy.com\/de\/padel-de\/marbella-bereitet-sich-auf-die-ankunft-der-rafa-nadal-academy-padel-tour-der-adecco-gruppe-vor\/#local-main-organization-logo","url":"","contentUrl":"","caption":"Rafa Nadal Academy"}]}},"_links":{"self":[{"href":"https:\/\/www.rafanadalacademy.com\/de\/wp-json\/wp\/v2\/posts\/17141","targetHints":{"allow":["GET"]}}],"collection":[{"href":"https:\/\/www.rafanadalacademy.com\/de\/wp-json\/wp\/v2\/posts"}],"about":[{"href":"https:\/\/www.rafanadalacademy.com\/de\/wp-json\/wp\/v2\/types\/post"}],"author":[{"embeddable":true,"href":"https:\/\/www.rafanadalacademy.com\/de\/wp-json\/wp\/v2\/users\/16"}],"replies":[{"embeddable":true,"href":"https:\/\/www.rafanadalacademy.com\/de\/wp-json\/wp\/v2\/comments?post=17141"}],"version-history":[{"count":1,"href":"https:\/\/www.rafanadalacademy.com\/de\/wp-json\/wp\/v2\/posts\/17141\/revisions"}],"predecessor-version":[{"id":17142,"href":"https:\/\/www.rafanadalacademy.com\/de\/wp-json\/wp\/v2\/posts\/17141\/revisions\/17142"}],"wp:featuredmedia":[{"embeddable":true,"href":"https:\/\/www.rafanadalacademy.com\/de\/wp-json\/wp\/v2\/media\/16675"}],"wp:attachment":[{"href":"https:\/\/www.rafanadalacademy.com\/de\/wp-json\/wp\/v2\/media?parent=17141"}],"wp:term":[{"taxonomy":"category","embeddable":true,"href":"https:\/\/www.rafanadalacademy.com\/de\/wp-json\/wp\/v2\/categories?post=17141"},{"taxonomy":"post_tag","embeddable":true,"href":"https:\/\/www.rafanadalacademy.com\/de\/wp-json\/wp\/v2\/tags?post=17141"}],"curies":[{"name":"wp","href":"https:\/\/api.w.org\/{rel}","templated":true}]}}