{"id":17100,"date":"2024-07-16T08:24:14","date_gmt":"2024-07-16T08:24:14","guid":{"rendered":"https:\/\/www.rafanadalacademy.com\/unkategorisiert\/das-beste-tennis-kommt-mit-rafa-nadal-open-by-movistar-nach-manacor-zurueck\/"},"modified":"2024-07-22T15:09:38","modified_gmt":"2024-07-22T15:09:38","slug":"das-beste-tennis-kommt-mit-rafa-nadal-open-by-movistar-nach-manacor-zurueck","status":"publish","type":"post","link":"https:\/\/www.rafanadalacademy.com\/de\/nachricht\/das-beste-tennis-kommt-mit-rafa-nadal-open-by-movistar-nach-manacor-zurueck\/","title":{"rendered":"DAS BESTE TENNIS KOMMT MIT RAFA NADAL OPEN BY MOVISTAR NACH MANACOR ZUR\u00dcCK"},"content":{"rendered":"\n<p><\/p>\n\n<figure class=\"wp-block-image size-full\"><a href=\"https:\/\/rafanadalopen.com\/\"><img loading=\"lazy\" decoding=\"async\" width=\"819\" height=\"546\" src=\"https:\/\/dxr52e0jfi242.cloudfront.net\/uploads\/2024\/07\/Pista-Central-Rafa-Nadal-Open-by-Movistar-2.jpg\" alt=\"\" class=\"wp-image-16952\" srcset=\"https:\/\/www.rafanadalacademy.com\/wp-content\/uploads\/2024\/07\/Pista-Central-Rafa-Nadal-Open-by-Movistar-2.jpg 819w, https:\/\/www.rafanadalacademy.com\/wp-content\/uploads\/2024\/07\/Pista-Central-Rafa-Nadal-Open-by-Movistar-2-300x200.jpg 300w, https:\/\/www.rafanadalacademy.com\/wp-content\/uploads\/2024\/07\/Pista-Central-Rafa-Nadal-Open-by-Movistar-2-768x512.jpg 768w\" sizes=\"auto, (max-width: 819px) 100vw, 819px\" \/><\/a><\/figure>\n\n<p><\/p>\n\n<p>Nachdem sich die <strong>Rafa Nadal Open by Movistar in f\u00fcnf Ausgaben als \u00e4u\u00dferst prestigetr\u00e4chtiges Event im Rahmen der ATP Challenger Tour etabliert haben, feiern sie vom 26. August bis 1. September ihre sechste Ausgabe<\/strong> . Die Tausenden von Fans, die sich auf den Trib\u00fcnen der Rafa Nadal Academy versammeln, werden die Gelegenheit haben, in Manacor gro\u00dfartige Spieler aus der Profiszene und vielversprechende Spieler, die dazu bestimmt sind, Teil der Elite des Welttennis zu werden, live zu sehen. <\/p>\n\n<p><\/p>\n\n<p>Gro\u00dfe Stars wie der Gewinner von vier Grand-Slam-Titeln Carlos Alcaraz, der fr\u00fchere Nummer 1 der Welt, Andy Murray, oder spanische Tennis-Referenzen wie Fernando Verdasco oder Pablo And\u00fajar wissen bereits, was es hei\u00dft, bei den <a href=\"https:\/\/rafanadalopen.com\/\">Rafa Nadal Open by Movistar<\/a> anzutreten, einem Event Von den Spielern als einer der besten auf der ATP Challenger Tour-Strecke bewertet.<\/p>\n\n<p><\/p>\n\n<p>In der sechsten Ausgabe werden die Tennisspieler versuchen, Teil einer Ehrenliste zu werden, zu der bereits der Australier Bernard Tomic (2018), der Finne Emil Ruusuvuori (2019), der Slowake Luckas Lacko (2021), der Italiener Luca Nardi ( 2022) und der Serbe Hamad Medjedovic (2023).<\/p>\n\n<p><\/p>\n\n<p>Wie in den vergangenen Jahren hat Rafa selbst alle Fans dazu ermutigt, das Turnier zu genie\u00dfen: \u201e<em>F\u00fcr uns an der Akademie ist es eine der ganz besonderen Wochen. Wir haben bereits gro\u00dfe Erfahrung bei der Organisation von Turnieren auf h\u00f6chstem Niveau und freuen uns \u00fcber die positive Resonanz des Publikums, die mit jeder Ausgabe zunimmt. Einerseits f\u00fchlen sich die Spieler wie zu Hause, genie\u00dfen erstklassige Einrichtungen und verbringen einige sch\u00f6ne Tage auf einer so unglaublichen Insel wie Mallorca. Und andererseits ist es uns dank all der Freizeitveranstaltungen, die rund um den Challenger organisiert werden, gelungen, etwas mehr als nur ein Tennisturnier zu schaffen. Ich denke, dass es ein Erfolg wird und ich ermutige alle, zu uns zu kommen und es mit uns zu erleben    <\/em>\u201c.<\/p>\n\n<p><\/p>\n\n<p>Das <strong>Rafa Nadal Open by Movistar<\/strong> hat sich bereits als eines der Sommerevents auf Mallorca etabliert und versammelt bei jeder Ausgabe 10.000 Zuschauer. Zus\u00e4tzlich zu den Spielen k\u00f6nnen die Fans ein breites Freizeit-, Musik- und Gastronomieangebot f\u00fcr alle Zuschauer und Altersgruppen genie\u00dfen. <\/p>\n\n<p><\/p>\n\n<p><strong>MOVISTAR<\/strong> , Hauptsponsor des Turniers, wird die Veranstaltung auch im Fernsehen \u00fcber die Sportkan\u00e4le Movistar Plus \u00fcbertragen. Diese Synergie verst\u00e4rkt und festigt das Sponsoring, das Movistar seit 2016 mit der Rafa Nadal Academy hat, einem f\u00fchrenden Sportzentrum, in dem junge Spieler aus der ganzen Welt im Tennis und akademisch ausgebildet werden und in dem Weltklasse-Wettk\u00e4mpfe stattfinden. . <\/p>\n\n<p><\/p>\n\n<p>Wie bei den f\u00fcnf vorherigen Ausgaben sind die Turniertickets kostenlos und Fans k\u00f6nnen sie \u00fcber die Website <a href=\"https:\/\/rafanadalopen.com\/\">www.rafanadalopen.com<\/a> herunterladen. Ebenso k\u00f6nnen alle Fans, die ihre Tickets herunterladen, das Rafa Nadal Museum f\u00fcr nur 10 Euro besuchen. <\/p>\n\n<p><\/p>\n","protected":false},"excerpt":{"rendered":"<p>Marbella bereitet sich auf die Ankunft der Rafa Nadal Academy Padel Tour der Adecco Group vor<\/p>\n","protected":false},"author":17,"featured_media":16956,"comment_status":"closed","ping_status":"closed","sticky":false,"template":"","format":"standard","meta":{"_acf_changed":false,"footnotes":""},"categories":[159,151],"tags":[152],"class_list":["post-17100","post","type-post","status-publish","format-standard","has-post-thumbnail","hentry","category-nachricht","category-rafa-nadal-open-de","tag-rafa-nadal-open-de"],"acf":[],"yoast_head":"<!-- This site is optimized with the Yoast SEO Premium plugin v26.8 (Yoast SEO v26.9) - https:\/\/yoast.com\/product\/yoast-seo-premium-wordpress\/ -->\n<title>DAS BESTE TENNIS KOMMT MIT RAFA NADAL OPEN BY MOVISTAR NACH MANACOR ZUR\u00dcCK - Rafa Nadal Academy<\/title>\n<meta name=\"description\" content=\"Nachdem sich die Rafa Nadal Open by Movistar in f\u00fcnf Ausgaben als \u00e4u\u00dferst prestigetr\u00e4chtiges Event im Rahmen der ATP Challenger Tour etabliert haben, feiern sie vom 26. August bis 1. September ihre sechste Ausgabe\" \/>\n<meta name=\"robots\" content=\"index, follow, max-snippet:-1, max-image-preview:large, max-video-preview:-1\" \/>\n<link rel=\"canonical\" href=\"https:\/\/www.rafanadalacademy.com\/de\/nachricht\/das-beste-tennis-kommt-mit-rafa-nadal-open-by-movistar-nach-manacor-zurueck\/\" \/>\n<meta property=\"og:locale\" content=\"de_DE\" \/>\n<meta property=\"og:type\" content=\"article\" \/>\n<meta property=\"og:title\" content=\"DAS BESTE TENNIS KOMMT MIT RAFA NADAL OPEN BY MOVISTAR NACH MANACOR ZUR\u00dcCK\" \/>\n<meta property=\"og:description\" content=\"Nachdem sich die Rafa Nadal Open by Movistar in f\u00fcnf Ausgaben als \u00e4u\u00dferst prestigetr\u00e4chtiges Event im Rahmen der ATP Challenger Tour etabliert haben, feiern sie vom 26. August bis 1. September ihre sechste Ausgabe\" \/>\n<meta property=\"og:url\" content=\"https:\/\/www.rafanadalacademy.com\/de\/nachricht\/das-beste-tennis-kommt-mit-rafa-nadal-open-by-movistar-nach-manacor-zurueck\/\" \/>\n<meta property=\"og:site_name\" content=\"Rafa Nadal Academy\" \/>\n<meta property=\"article:published_time\" content=\"2024-07-16T08:24:14+00:00\" \/>\n<meta property=\"article:modified_time\" content=\"2024-07-22T15:09:38+00:00\" \/>\n<meta property=\"og:image\" content=\"https:\/\/www.rafanadalacademy.com\/wp-content\/uploads\/2024\/07\/Pista-Central-Rafa-Nadal-Open-by-Movistar-2.jpg\" \/>\n\t<meta property=\"og:image:width\" content=\"819\" \/>\n\t<meta property=\"og:image:height\" content=\"546\" \/>\n\t<meta property=\"og:image:type\" content=\"image\/jpeg\" \/>\n<meta name=\"author\" content=\"Alberto M\u00e9ndez\" \/>\n<meta name=\"twitter:card\" content=\"summary_large_image\" \/>\n<meta name=\"twitter:label1\" content=\"Written by\" \/>\n\t<meta name=\"twitter:data1\" content=\"Alberto M\u00e9ndez\" \/>\n\t<meta name=\"twitter:label2\" content=\"Est. reading time\" \/>\n\t<meta name=\"twitter:data2\" content=\"2 minutes\" \/>\n<script type=\"application\/ld+json\" class=\"yoast-schema-graph\">{\"@context\":\"https:\/\/schema.org\",\"@graph\":[{\"@type\":\"Article\",\"@id\":\"https:\/\/www.rafanadalacademy.com\/de\/nachricht\/das-beste-tennis-kommt-mit-rafa-nadal-open-by-movistar-nach-manacor-zurueck\/#article\",\"isPartOf\":{\"@id\":\"https:\/\/www.rafanadalacademy.com\/de\/nachricht\/das-beste-tennis-kommt-mit-rafa-nadal-open-by-movistar-nach-manacor-zurueck\/\"},\"author\":{\"name\":\"Alberto M\u00e9ndez\",\"@id\":\"https:\/\/www.rafanadalacademy.com\/de\/#\/schema\/person\/4fd6798695b3d7eedd250df120168ac7\"},\"headline\":\"DAS BESTE TENNIS KOMMT MIT RAFA NADAL OPEN BY MOVISTAR NACH MANACOR ZUR\u00dcCK\",\"datePublished\":\"2024-07-16T08:24:14+00:00\",\"dateModified\":\"2024-07-22T15:09:38+00:00\",\"mainEntityOfPage\":{\"@id\":\"https:\/\/www.rafanadalacademy.com\/de\/nachricht\/das-beste-tennis-kommt-mit-rafa-nadal-open-by-movistar-nach-manacor-zurueck\/\"},\"wordCount\":463,\"image\":{\"@id\":\"https:\/\/www.rafanadalacademy.com\/de\/nachricht\/das-beste-tennis-kommt-mit-rafa-nadal-open-by-movistar-nach-manacor-zurueck\/#primaryimage\"},\"thumbnailUrl\":\"https:\/\/www.rafanadalacademy.com\/wp-content\/uploads\/2024\/07\/Pista-Central-Rafa-Nadal-Open-by-Movistar-2.jpg\",\"keywords\":[\"RAFA NADAL OPEN\"],\"articleSection\":[\"Nachricht\",\"RAFA NADAL OPEN\"],\"inLanguage\":\"de-DE\",\"copyrightYear\":\"2024\",\"copyrightHolder\":{\"@id\":\"https:\/\/www.rafanadalacademy.com\/#organization\"}},{\"@type\":\"WebPage\",\"@id\":\"https:\/\/www.rafanadalacademy.com\/de\/nachricht\/das-beste-tennis-kommt-mit-rafa-nadal-open-by-movistar-nach-manacor-zurueck\/\",\"url\":\"https:\/\/www.rafanadalacademy.com\/de\/nachricht\/das-beste-tennis-kommt-mit-rafa-nadal-open-by-movistar-nach-manacor-zurueck\/\",\"name\":\"DAS BESTE TENNIS KOMMT MIT RAFA NADAL OPEN BY MOVISTAR NACH MANACOR ZUR\u00dcCK - Rafa Nadal Academy\",\"isPartOf\":{\"@id\":\"https:\/\/www.rafanadalacademy.com\/de\/#website\"},\"primaryImageOfPage\":{\"@id\":\"https:\/\/www.rafanadalacademy.com\/de\/nachricht\/das-beste-tennis-kommt-mit-rafa-nadal-open-by-movistar-nach-manacor-zurueck\/#primaryimage\"},\"image\":{\"@id\":\"https:\/\/www.rafanadalacademy.com\/de\/nachricht\/das-beste-tennis-kommt-mit-rafa-nadal-open-by-movistar-nach-manacor-zurueck\/#primaryimage\"},\"thumbnailUrl\":\"https:\/\/www.rafanadalacademy.com\/wp-content\/uploads\/2024\/07\/Pista-Central-Rafa-Nadal-Open-by-Movistar-2.jpg\",\"datePublished\":\"2024-07-16T08:24:14+00:00\",\"dateModified\":\"2024-07-22T15:09:38+00:00\",\"author\":{\"@id\":\"https:\/\/www.rafanadalacademy.com\/de\/#\/schema\/person\/4fd6798695b3d7eedd250df120168ac7\"},\"description\":\"Nachdem sich die Rafa Nadal Open by Movistar in f\u00fcnf Ausgaben als \u00e4u\u00dferst prestigetr\u00e4chtiges Event im Rahmen der ATP Challenger Tour etabliert haben, feiern sie vom 26. August bis 1. September ihre sechste Ausgabe\",\"breadcrumb\":{\"@id\":\"https:\/\/www.rafanadalacademy.com\/de\/nachricht\/das-beste-tennis-kommt-mit-rafa-nadal-open-by-movistar-nach-manacor-zurueck\/#breadcrumb\"},\"inLanguage\":\"de-DE\",\"potentialAction\":[{\"@type\":\"ReadAction\",\"target\":[\"https:\/\/www.rafanadalacademy.com\/de\/nachricht\/das-beste-tennis-kommt-mit-rafa-nadal-open-by-movistar-nach-manacor-zurueck\/\"]}]},{\"@type\":\"ImageObject\",\"inLanguage\":\"de-DE\",\"@id\":\"https:\/\/www.rafanadalacademy.com\/de\/nachricht\/das-beste-tennis-kommt-mit-rafa-nadal-open-by-movistar-nach-manacor-zurueck\/#primaryimage\",\"url\":\"https:\/\/www.rafanadalacademy.com\/wp-content\/uploads\/2024\/07\/Pista-Central-Rafa-Nadal-Open-by-Movistar-2.jpg\",\"contentUrl\":\"https:\/\/www.rafanadalacademy.com\/wp-content\/uploads\/2024\/07\/Pista-Central-Rafa-Nadal-Open-by-Movistar-2.jpg\",\"width\":819,\"height\":546},{\"@type\":\"BreadcrumbList\",\"@id\":\"https:\/\/www.rafanadalacademy.com\/de\/nachricht\/das-beste-tennis-kommt-mit-rafa-nadal-open-by-movistar-nach-manacor-zurueck\/#breadcrumb\",\"itemListElement\":[{\"@type\":\"ListItem\",\"position\":1,\"name\":\"Home\",\"item\":\"https:\/\/www.rafanadalacademy.com\/de\/\"},{\"@type\":\"ListItem\",\"position\":2,\"name\":\"DAS BESTE TENNIS KOMMT MIT RAFA NADAL OPEN BY MOVISTAR NACH MANACOR ZUR\u00dcCK\"}]},{\"@type\":\"WebSite\",\"@id\":\"https:\/\/www.rafanadalacademy.com\/de\/#website\",\"url\":\"https:\/\/www.rafanadalacademy.com\/de\/\",\"name\":\"Rafa Nadal Academy\",\"description\":\"Otro sitio realizado con WordPress\",\"potentialAction\":[{\"@type\":\"SearchAction\",\"target\":{\"@type\":\"EntryPoint\",\"urlTemplate\":\"https:\/\/www.rafanadalacademy.com\/de\/?s={search_term_string}\"},\"query-input\":{\"@type\":\"PropertyValueSpecification\",\"valueRequired\":true,\"valueName\":\"search_term_string\"}}],\"inLanguage\":\"de-DE\"},{\"@type\":\"Person\",\"@id\":\"https:\/\/www.rafanadalacademy.com\/de\/#\/schema\/person\/4fd6798695b3d7eedd250df120168ac7\",\"name\":\"Alberto M\u00e9ndez\",\"image\":{\"@type\":\"ImageObject\",\"inLanguage\":\"de-DE\",\"@id\":\"https:\/\/www.rafanadalacademy.com\/de\/#\/schema\/person\/image\/\",\"url\":\"https:\/\/secure.gravatar.com\/avatar\/815774a3d5e41d01003156e312572085b399e24affa4759d8c24f38993ec7045?s=96&d=mm&r=g\",\"contentUrl\":\"https:\/\/secure.gravatar.com\/avatar\/815774a3d5e41d01003156e312572085b399e24affa4759d8c24f38993ec7045?s=96&d=mm&r=g\",\"caption\":\"Alberto M\u00e9ndez\"},\"url\":\"https:\/\/www.rafanadalacademy.com\/de\/author\/albert0\/\"},{\"@type\":\"ImageObject\",\"inLanguage\":\"de-DE\",\"@id\":\"https:\/\/www.rafanadalacademy.com\/de\/nachricht\/das-beste-tennis-kommt-mit-rafa-nadal-open-by-movistar-nach-manacor-zurueck\/#local-main-organization-logo\",\"url\":\"\",\"contentUrl\":\"\",\"caption\":\"Rafa Nadal Academy\"}]}<\/script>\n<!-- \/ Yoast SEO Premium plugin. -->","yoast_head_json":{"title":"DAS BESTE TENNIS KOMMT MIT RAFA NADAL OPEN BY MOVISTAR NACH MANACOR ZUR\u00dcCK - Rafa Nadal Academy","description":"Nachdem sich die Rafa Nadal Open by Movistar in f\u00fcnf Ausgaben als \u00e4u\u00dferst prestigetr\u00e4chtiges Event im Rahmen der ATP Challenger Tour etabliert haben, feiern sie vom 26. August bis 1. September ihre sechste Ausgabe","robots":{"index":"index","follow":"follow","max-snippet":"max-snippet:-1","max-image-preview":"max-image-preview:large","max-video-preview":"max-video-preview:-1"},"canonical":"https:\/\/www.rafanadalacademy.com\/de\/nachricht\/das-beste-tennis-kommt-mit-rafa-nadal-open-by-movistar-nach-manacor-zurueck\/","og_locale":"de_DE","og_type":"article","og_title":"DAS BESTE TENNIS KOMMT MIT RAFA NADAL OPEN BY MOVISTAR NACH MANACOR ZUR\u00dcCK","og_description":"Nachdem sich die Rafa Nadal Open by Movistar in f\u00fcnf Ausgaben als \u00e4u\u00dferst prestigetr\u00e4chtiges Event im Rahmen der ATP Challenger Tour etabliert haben, feiern sie vom 26. August bis 1. September ihre sechste Ausgabe","og_url":"https:\/\/www.rafanadalacademy.com\/de\/nachricht\/das-beste-tennis-kommt-mit-rafa-nadal-open-by-movistar-nach-manacor-zurueck\/","og_site_name":"Rafa Nadal Academy","article_published_time":"2024-07-16T08:24:14+00:00","article_modified_time":"2024-07-22T15:09:38+00:00","og_image":[{"width":819,"height":546,"url":"https:\/\/www.rafanadalacademy.com\/wp-content\/uploads\/2024\/07\/Pista-Central-Rafa-Nadal-Open-by-Movistar-2.jpg","type":"image\/jpeg"}],"author":"Alberto M\u00e9ndez","twitter_card":"summary_large_image","twitter_misc":{"Written by":"Alberto M\u00e9ndez","Est. reading time":"2 minutes"},"schema":{"@context":"https:\/\/schema.org","@graph":[{"@type":"Article","@id":"https:\/\/www.rafanadalacademy.com\/de\/nachricht\/das-beste-tennis-kommt-mit-rafa-nadal-open-by-movistar-nach-manacor-zurueck\/#article","isPartOf":{"@id":"https:\/\/www.rafanadalacademy.com\/de\/nachricht\/das-beste-tennis-kommt-mit-rafa-nadal-open-by-movistar-nach-manacor-zurueck\/"},"author":{"name":"Alberto M\u00e9ndez","@id":"https:\/\/www.rafanadalacademy.com\/de\/#\/schema\/person\/4fd6798695b3d7eedd250df120168ac7"},"headline":"DAS BESTE TENNIS KOMMT MIT RAFA NADAL OPEN BY MOVISTAR NACH MANACOR ZUR\u00dcCK","datePublished":"2024-07-16T08:24:14+00:00","dateModified":"2024-07-22T15:09:38+00:00","mainEntityOfPage":{"@id":"https:\/\/www.rafanadalacademy.com\/de\/nachricht\/das-beste-tennis-kommt-mit-rafa-nadal-open-by-movistar-nach-manacor-zurueck\/"},"wordCount":463,"image":{"@id":"https:\/\/www.rafanadalacademy.com\/de\/nachricht\/das-beste-tennis-kommt-mit-rafa-nadal-open-by-movistar-nach-manacor-zurueck\/#primaryimage"},"thumbnailUrl":"https:\/\/www.rafanadalacademy.com\/wp-content\/uploads\/2024\/07\/Pista-Central-Rafa-Nadal-Open-by-Movistar-2.jpg","keywords":["RAFA NADAL OPEN"],"articleSection":["Nachricht","RAFA NADAL OPEN"],"inLanguage":"de-DE","copyrightYear":"2024","copyrightHolder":{"@id":"https:\/\/www.rafanadalacademy.com\/#organization"}},{"@type":"WebPage","@id":"https:\/\/www.rafanadalacademy.com\/de\/nachricht\/das-beste-tennis-kommt-mit-rafa-nadal-open-by-movistar-nach-manacor-zurueck\/","url":"https:\/\/www.rafanadalacademy.com\/de\/nachricht\/das-beste-tennis-kommt-mit-rafa-nadal-open-by-movistar-nach-manacor-zurueck\/","name":"DAS BESTE TENNIS KOMMT MIT RAFA NADAL OPEN BY MOVISTAR NACH MANACOR ZUR\u00dcCK - Rafa Nadal Academy","isPartOf":{"@id":"https:\/\/www.rafanadalacademy.com\/de\/#website"},"primaryImageOfPage":{"@id":"https:\/\/www.rafanadalacademy.com\/de\/nachricht\/das-beste-tennis-kommt-mit-rafa-nadal-open-by-movistar-nach-manacor-zurueck\/#primaryimage"},"image":{"@id":"https:\/\/www.rafanadalacademy.com\/de\/nachricht\/das-beste-tennis-kommt-mit-rafa-nadal-open-by-movistar-nach-manacor-zurueck\/#primaryimage"},"thumbnailUrl":"https:\/\/www.rafanadalacademy.com\/wp-content\/uploads\/2024\/07\/Pista-Central-Rafa-Nadal-Open-by-Movistar-2.jpg","datePublished":"2024-07-16T08:24:14+00:00","dateModified":"2024-07-22T15:09:38+00:00","author":{"@id":"https:\/\/www.rafanadalacademy.com\/de\/#\/schema\/person\/4fd6798695b3d7eedd250df120168ac7"},"description":"Nachdem sich die Rafa Nadal Open by Movistar in f\u00fcnf Ausgaben als \u00e4u\u00dferst prestigetr\u00e4chtiges Event im Rahmen der ATP Challenger Tour etabliert haben, feiern sie vom 26. August bis 1. September ihre sechste Ausgabe","breadcrumb":{"@id":"https:\/\/www.rafanadalacademy.com\/de\/nachricht\/das-beste-tennis-kommt-mit-rafa-nadal-open-by-movistar-nach-manacor-zurueck\/#breadcrumb"},"inLanguage":"de-DE","potentialAction":[{"@type":"ReadAction","target":["https:\/\/www.rafanadalacademy.com\/de\/nachricht\/das-beste-tennis-kommt-mit-rafa-nadal-open-by-movistar-nach-manacor-zurueck\/"]}]},{"@type":"ImageObject","inLanguage":"de-DE","@id":"https:\/\/www.rafanadalacademy.com\/de\/nachricht\/das-beste-tennis-kommt-mit-rafa-nadal-open-by-movistar-nach-manacor-zurueck\/#primaryimage","url":"https:\/\/www.rafanadalacademy.com\/wp-content\/uploads\/2024\/07\/Pista-Central-Rafa-Nadal-Open-by-Movistar-2.jpg","contentUrl":"https:\/\/www.rafanadalacademy.com\/wp-content\/uploads\/2024\/07\/Pista-Central-Rafa-Nadal-Open-by-Movistar-2.jpg","width":819,"height":546},{"@type":"BreadcrumbList","@id":"https:\/\/www.rafanadalacademy.com\/de\/nachricht\/das-beste-tennis-kommt-mit-rafa-nadal-open-by-movistar-nach-manacor-zurueck\/#breadcrumb","itemListElement":[{"@type":"ListItem","position":1,"name":"Home","item":"https:\/\/www.rafanadalacademy.com\/de\/"},{"@type":"ListItem","position":2,"name":"DAS BESTE TENNIS KOMMT MIT RAFA NADAL OPEN BY MOVISTAR NACH MANACOR ZUR\u00dcCK"}]},{"@type":"WebSite","@id":"https:\/\/www.rafanadalacademy.com\/de\/#website","url":"https:\/\/www.rafanadalacademy.com\/de\/","name":"Rafa Nadal Academy","description":"Otro sitio realizado con WordPress","potentialAction":[{"@type":"SearchAction","target":{"@type":"EntryPoint","urlTemplate":"https:\/\/www.rafanadalacademy.com\/de\/?s={search_term_string}"},"query-input":{"@type":"PropertyValueSpecification","valueRequired":true,"valueName":"search_term_string"}}],"inLanguage":"de-DE"},{"@type":"Person","@id":"https:\/\/www.rafanadalacademy.com\/de\/#\/schema\/person\/4fd6798695b3d7eedd250df120168ac7","name":"Alberto M\u00e9ndez","image":{"@type":"ImageObject","inLanguage":"de-DE","@id":"https:\/\/www.rafanadalacademy.com\/de\/#\/schema\/person\/image\/","url":"https:\/\/secure.gravatar.com\/avatar\/815774a3d5e41d01003156e312572085b399e24affa4759d8c24f38993ec7045?s=96&d=mm&r=g","contentUrl":"https:\/\/secure.gravatar.com\/avatar\/815774a3d5e41d01003156e312572085b399e24affa4759d8c24f38993ec7045?s=96&d=mm&r=g","caption":"Alberto M\u00e9ndez"},"url":"https:\/\/www.rafanadalacademy.com\/de\/author\/albert0\/"},{"@type":"ImageObject","inLanguage":"de-DE","@id":"https:\/\/www.rafanadalacademy.com\/de\/nachricht\/das-beste-tennis-kommt-mit-rafa-nadal-open-by-movistar-nach-manacor-zurueck\/#local-main-organization-logo","url":"","contentUrl":"","caption":"Rafa Nadal Academy"}]}},"_links":{"self":[{"href":"https:\/\/www.rafanadalacademy.com\/de\/wp-json\/wp\/v2\/posts\/17100","targetHints":{"allow":["GET"]}}],"collection":[{"href":"https:\/\/www.rafanadalacademy.com\/de\/wp-json\/wp\/v2\/posts"}],"about":[{"href":"https:\/\/www.rafanadalacademy.com\/de\/wp-json\/wp\/v2\/types\/post"}],"author":[{"embeddable":true,"href":"https:\/\/www.rafanadalacademy.com\/de\/wp-json\/wp\/v2\/users\/17"}],"replies":[{"embeddable":true,"href":"https:\/\/www.rafanadalacademy.com\/de\/wp-json\/wp\/v2\/comments?post=17100"}],"version-history":[{"count":1,"href":"https:\/\/www.rafanadalacademy.com\/de\/wp-json\/wp\/v2\/posts\/17100\/revisions"}],"predecessor-version":[{"id":17101,"href":"https:\/\/www.rafanadalacademy.com\/de\/wp-json\/wp\/v2\/posts\/17100\/revisions\/17101"}],"wp:featuredmedia":[{"embeddable":true,"href":"https:\/\/www.rafanadalacademy.com\/de\/wp-json\/wp\/v2\/media\/16956"}],"wp:attachment":[{"href":"https:\/\/www.rafanadalacademy.com\/de\/wp-json\/wp\/v2\/media?parent=17100"}],"wp:term":[{"taxonomy":"category","embeddable":true,"href":"https:\/\/www.rafanadalacademy.com\/de\/wp-json\/wp\/v2\/categories?post=17100"},{"taxonomy":"post_tag","embeddable":true,"href":"https:\/\/www.rafanadalacademy.com\/de\/wp-json\/wp\/v2\/tags?post=17100"}],"curies":[{"name":"wp","href":"https:\/\/api.w.org\/{rel}","templated":true}]}}