{"id":17066,"date":"2024-07-22T14:20:35","date_gmt":"2024-07-22T14:20:35","guid":{"rendered":"https:\/\/www.rafanadalacademy.com\/unkategorisiert\/fernando-verdasco-und-gilles-simon-fuehren-das-rafa-nadal-open-2023-poster-an\/"},"modified":"2024-07-22T14:32:29","modified_gmt":"2024-07-22T14:32:29","slug":"fernando-verdasco-und-gilles-simon-fuehren-das-rafa-nadal-open-2023-poster-an","status":"publish","type":"post","link":"https:\/\/www.rafanadalacademy.com\/de\/rafa-nadal-open-de\/fernando-verdasco-und-gilles-simon-fuehren-das-rafa-nadal-open-2023-poster-an\/","title":{"rendered":"FERNANDO VERDASCO UND GILLES SIMON F\u00dcHREN DAS RAFA NADAL OPEN 2023-POSTER AN"},"content":{"rendered":"\n<p>Die vierte Ausgabe der Rafa Nadal Open von Sotheby&#8217;s International Realty kennt bereits die Liste der Spieler, die sich f\u00fcr das Turnier angemeldet haben, das vom 29. August bis 4. September in der Rafa Nadal Academy stattfinden wird.<\/p>\n\n<p><\/p>\n\n<p>Wie die ATP Challenger Tour bekannt gab, wird Fernando Verdasco der Hauptvertreter der spanischen Armee im Turnier sein. Der ehemalige Nummer 7 der Welt und Davis-Cup-Sieger wird in einem Turnier, das er aus dem letzten Jahr gut kennt und bei dem er das Viertelfinale erreichte und gegen den Deutschen Tobias Kamke verlor, um den Pokalsieg k\u00e4mpfen. Dieses Jahr wird der geb\u00fcrtige Madrider nach Mallorca kommen, nachdem er im vergangenen M\u00e4rz den Monterrey Challenger gewonnen hat.<\/p>\n\n<p><\/p>\n\n<figure class=\"wp-block-embed is-type-video is-provider-youtube wp-block-embed-youtube wp-embed-aspect-16-9 wp-has-aspect-ratio\"><div class=\"wp-block-embed__wrapper\"> \n<iframe loading=\"lazy\" title=\"Fernando Verdasco avanza a cuartos de final del Rafa Nadal Open by Sotheby\u2019s\" width=\"500\" height=\"281\" src=\"https:\/\/www.youtube.com\/embed\/5jCMd4XVgEI?feature=oembed\" frameborder=\"0\" allow=\"accelerometer; autoplay; clipboard-write; encrypted-media; gyroscope; picture-in-picture; web-share\" referrerpolicy=\"strict-origin-when-cross-origin\" allowfullscreen><\/iframe>\n <\/div><\/figure>\n\n<p><\/p>\n\n<p><strong>Dani Rinc\u00f3n wird versuchen, zu Hause zu gl\u00e4nzen<\/strong><\/p>\n\n<p>Eine weitere gro\u00dfe Publikumsattraktion wird der Franzose Gilles Simon sein. Der Champion von 14 ATP-Titeln wird zum ersten Mal in Manacor spielen und versuchen, die Fans zu begeistern, die die Trib\u00fcnen der Rafa Nadal Academy bev\u00f6lkern werden. Ein weiterer Top-Favorit auf den Gewinn der Troph\u00e4e am 4. September wird der Schweizer Henri Laaksonen sein, der sechs Titel auf der Challenger Tour hat. und die auf der Rennstrecke gegen relevante Namen wie Hugo Grenier (j\u00fcngster Meister in El Espinar), Jurij Rodionov, Borna Gojo (Zweitplatzierter im Davis Cup) oder Dominick Stricker antreten m\u00fcssen, der in dieser Saison bereits zwei Titel gewonnen hat.<\/p>\n\n<p><\/p>\n\n<p>Fernando Verdasco wird nicht der einzige spanische Vertreter der Armada sein, da Dani Rinc\u00f3n, der neue Champion der US Open Junior 2021, von der Organisation eine Einladung zur Teilnahme am Turnier erhalten hat. Der von Movistar an der Rafa Nadal Academy ausgebildete Spieler, der letztes Jahr gleichzeitig in Flushing Meadows gewann, wird versuchen, sich im Jahr 2022 weiter auf der Rennstrecke zu festigen. In dieser Saison hat Dani seine ersten beiden ITF-Titel gewonnen und 14 Siege in Folge errungen, was die beste Saison seiner Karriere darstellt.<\/p>\n\n<p><\/p>\n\n<p>Ein weiterer gro\u00dfer Versprecher des Welttennis, der in Manacor anwesend sein wird, ist der Italiener Luca Nardi, derzeit Nummer 13 im Next Gen ATP-Rennen, das Ende des Jahres in Mailand die besten jungen Leute der Welt zusammenbringt. Der Italiener, Meister des prestigetr\u00e4chtigen Le Petit As im Jahr 2017, holte sich bereits mit 14 Jahren seinen ersten ATP-Punkt und gilt als einer der gro\u00dfen Hoffnungstr\u00e4ger der Welt.<\/p>\n\n<p><\/p>\n\n<p>Das Rafa Nadal Open by Sotheby&#8217;s International Realty, das am Montag, 29. August, beginnt, bietet ein breites Freizeit-, Musik- und Gastronomieangebot, das alles, was auf dem Tennisplatz passiert, erg\u00e4nzt.<\/p>\n\n<p><\/p>\n\n<p>Wie bei den drei vorherigen Ausgaben sind die Turniertickets kostenlos und Fans k\u00f6nnen sie jetzt \u00fcber die Website www.rafanadalopen.com herunterladen. Ebenso k\u00f6nnen alle Fans, die ihre Tickets herunterladen, das Rafa Nadal Museum zu einem sehr erm\u00e4\u00dfigten Preis besuchen.<\/p>\n\n<figure class=\"wp-block-embed is-type-video is-provider-youtube wp-block-embed-youtube wp-embed-aspect-16-9 wp-has-aspect-ratio\"><div class=\"wp-block-embed__wrapper\"> \n<iframe loading=\"lazy\" title=\"Fernando Verdasco visita el Rafa Nadal Museum\" width=\"500\" height=\"281\" src=\"https:\/\/www.youtube.com\/embed\/Ebb2WInW8Is?feature=oembed\" frameborder=\"0\" allow=\"accelerometer; autoplay; clipboard-write; encrypted-media; gyroscope; picture-in-picture; web-share\" referrerpolicy=\"strict-origin-when-cross-origin\" allowfullscreen><\/iframe>\n <\/div><\/figure>\n","protected":false},"excerpt":{"rendered":"<p>Fernando Verdasco wird der Hauptvertreter der spanischen Marine im Turnier sein<\/p>\n","protected":false},"author":16,"featured_media":17053,"comment_status":"closed","ping_status":"closed","sticky":false,"template":"","format":"standard","meta":{"_acf_changed":false,"footnotes":""},"categories":[151],"tags":[152],"class_list":["post-17066","post","type-post","status-publish","format-standard","has-post-thumbnail","hentry","category-rafa-nadal-open-de","tag-rafa-nadal-open-de"],"acf":[],"yoast_head":"<!-- This site is optimized with the Yoast SEO Premium plugin v26.8 (Yoast SEO v26.9) - https:\/\/yoast.com\/product\/yoast-seo-premium-wordpress\/ -->\n<title>FERNANDO VERDASCO UND GILLES SIMON F\u00dcHREN DAS RAFA NADAL OPEN 2023-POSTER AN - Rafa Nadal Academy<\/title>\n<meta name=\"description\" content=\"Die vierte Ausgabe der Rafa Nadal Open von Sotheby&#039;s International Realty kennt bereits die Liste der Spieler, die sich f\u00fcr das Turnier angemeldet haben, das vom 29. August bis 4. September in der Rafa Nadal Academy stattfinden wird.\" \/>\n<meta name=\"robots\" content=\"index, follow, max-snippet:-1, max-image-preview:large, max-video-preview:-1\" \/>\n<link rel=\"canonical\" href=\"https:\/\/www.rafanadalacademy.com\/de\/rafa-nadal-open-de\/fernando-verdasco-und-gilles-simon-fuehren-das-rafa-nadal-open-2023-poster-an\/\" \/>\n<meta property=\"og:locale\" content=\"de_DE\" \/>\n<meta property=\"og:type\" content=\"article\" \/>\n<meta property=\"og:title\" content=\"FERNANDO VERDASCO UND GILLES SIMON F\u00dcHREN DAS RAFA NADAL OPEN 2023-POSTER AN\" \/>\n<meta property=\"og:description\" content=\"Die vierte Ausgabe der Rafa Nadal Open von Sotheby&#039;s International Realty kennt bereits die Liste der Spieler, die sich f\u00fcr das Turnier angemeldet haben, das vom 29. August bis 4. September in der Rafa Nadal Academy stattfinden wird.\" \/>\n<meta property=\"og:url\" content=\"https:\/\/www.rafanadalacademy.com\/de\/rafa-nadal-open-de\/fernando-verdasco-und-gilles-simon-fuehren-das-rafa-nadal-open-2023-poster-an\/\" \/>\n<meta property=\"og:site_name\" content=\"Rafa Nadal Academy\" \/>\n<meta property=\"article:published_time\" content=\"2024-07-22T14:20:35+00:00\" \/>\n<meta property=\"article:modified_time\" content=\"2024-07-22T14:32:29+00:00\" \/>\n<meta property=\"og:image\" content=\"https:\/\/www.rafanadalacademy.com\/wp-content\/uploads\/2024\/07\/Fernando-Verdasco-RNO2021-Alvaro-Diaz_294-scaled-e1721658539481.jpg\" \/>\n\t<meta property=\"og:image:width\" content=\"2560\" \/>\n\t<meta property=\"og:image:height\" content=\"1805\" \/>\n\t<meta property=\"og:image:type\" content=\"image\/jpeg\" \/>\n<meta name=\"author\" content=\"Israel Qu\u00edlez\" \/>\n<meta name=\"twitter:card\" content=\"summary_large_image\" \/>\n<meta name=\"twitter:label1\" content=\"Written by\" \/>\n\t<meta name=\"twitter:data1\" content=\"Israel Qu\u00edlez\" \/>\n\t<meta name=\"twitter:label2\" content=\"Est. reading time\" \/>\n\t<meta name=\"twitter:data2\" content=\"2 minutes\" \/>\n<script type=\"application\/ld+json\" class=\"yoast-schema-graph\">{\"@context\":\"https:\/\/schema.org\",\"@graph\":[{\"@type\":\"Article\",\"@id\":\"https:\/\/www.rafanadalacademy.com\/de\/rafa-nadal-open-de\/fernando-verdasco-und-gilles-simon-fuehren-das-rafa-nadal-open-2023-poster-an\/#article\",\"isPartOf\":{\"@id\":\"https:\/\/www.rafanadalacademy.com\/de\/rafa-nadal-open-de\/fernando-verdasco-und-gilles-simon-fuehren-das-rafa-nadal-open-2023-poster-an\/\"},\"author\":{\"name\":\"Israel Qu\u00edlez\",\"@id\":\"https:\/\/www.rafanadalacademy.com\/de\/#\/schema\/person\/6c564552da694b40f47417226d9eaa49\"},\"headline\":\"FERNANDO VERDASCO UND GILLES SIMON F\u00dcHREN DAS RAFA NADAL OPEN 2023-POSTER AN\",\"datePublished\":\"2024-07-22T14:20:35+00:00\",\"dateModified\":\"2024-07-22T14:32:29+00:00\",\"mainEntityOfPage\":{\"@id\":\"https:\/\/www.rafanadalacademy.com\/de\/rafa-nadal-open-de\/fernando-verdasco-und-gilles-simon-fuehren-das-rafa-nadal-open-2023-poster-an\/\"},\"wordCount\":483,\"image\":{\"@id\":\"https:\/\/www.rafanadalacademy.com\/de\/rafa-nadal-open-de\/fernando-verdasco-und-gilles-simon-fuehren-das-rafa-nadal-open-2023-poster-an\/#primaryimage\"},\"thumbnailUrl\":\"https:\/\/www.rafanadalacademy.com\/wp-content\/uploads\/2024\/07\/Fernando-Verdasco-RNO2021-Alvaro-Diaz_294-scaled-e1721658539481.jpg\",\"keywords\":[\"RAFA NADAL OPEN\"],\"articleSection\":[\"RAFA NADAL OPEN\"],\"inLanguage\":\"de-DE\",\"copyrightYear\":\"2024\",\"copyrightHolder\":{\"@id\":\"https:\/\/www.rafanadalacademy.com\/#organization\"}},{\"@type\":\"WebPage\",\"@id\":\"https:\/\/www.rafanadalacademy.com\/de\/rafa-nadal-open-de\/fernando-verdasco-und-gilles-simon-fuehren-das-rafa-nadal-open-2023-poster-an\/\",\"url\":\"https:\/\/www.rafanadalacademy.com\/de\/rafa-nadal-open-de\/fernando-verdasco-und-gilles-simon-fuehren-das-rafa-nadal-open-2023-poster-an\/\",\"name\":\"FERNANDO VERDASCO UND GILLES SIMON F\u00dcHREN DAS RAFA NADAL OPEN 2023-POSTER AN - Rafa Nadal Academy\",\"isPartOf\":{\"@id\":\"https:\/\/www.rafanadalacademy.com\/de\/#website\"},\"primaryImageOfPage\":{\"@id\":\"https:\/\/www.rafanadalacademy.com\/de\/rafa-nadal-open-de\/fernando-verdasco-und-gilles-simon-fuehren-das-rafa-nadal-open-2023-poster-an\/#primaryimage\"},\"image\":{\"@id\":\"https:\/\/www.rafanadalacademy.com\/de\/rafa-nadal-open-de\/fernando-verdasco-und-gilles-simon-fuehren-das-rafa-nadal-open-2023-poster-an\/#primaryimage\"},\"thumbnailUrl\":\"https:\/\/www.rafanadalacademy.com\/wp-content\/uploads\/2024\/07\/Fernando-Verdasco-RNO2021-Alvaro-Diaz_294-scaled-e1721658539481.jpg\",\"datePublished\":\"2024-07-22T14:20:35+00:00\",\"dateModified\":\"2024-07-22T14:32:29+00:00\",\"author\":{\"@id\":\"https:\/\/www.rafanadalacademy.com\/de\/#\/schema\/person\/6c564552da694b40f47417226d9eaa49\"},\"description\":\"Die vierte Ausgabe der Rafa Nadal Open von Sotheby's International Realty kennt bereits die Liste der Spieler, die sich f\u00fcr das Turnier angemeldet haben, das vom 29. August bis 4. September in der Rafa Nadal Academy stattfinden wird.\",\"breadcrumb\":{\"@id\":\"https:\/\/www.rafanadalacademy.com\/de\/rafa-nadal-open-de\/fernando-verdasco-und-gilles-simon-fuehren-das-rafa-nadal-open-2023-poster-an\/#breadcrumb\"},\"inLanguage\":\"de-DE\",\"potentialAction\":[{\"@type\":\"ReadAction\",\"target\":[\"https:\/\/www.rafanadalacademy.com\/de\/rafa-nadal-open-de\/fernando-verdasco-und-gilles-simon-fuehren-das-rafa-nadal-open-2023-poster-an\/\"]}]},{\"@type\":\"ImageObject\",\"inLanguage\":\"de-DE\",\"@id\":\"https:\/\/www.rafanadalacademy.com\/de\/rafa-nadal-open-de\/fernando-verdasco-und-gilles-simon-fuehren-das-rafa-nadal-open-2023-poster-an\/#primaryimage\",\"url\":\"https:\/\/www.rafanadalacademy.com\/wp-content\/uploads\/2024\/07\/Fernando-Verdasco-RNO2021-Alvaro-Diaz_294-scaled-e1721658539481.jpg\",\"contentUrl\":\"https:\/\/www.rafanadalacademy.com\/wp-content\/uploads\/2024\/07\/Fernando-Verdasco-RNO2021-Alvaro-Diaz_294-scaled-e1721658539481.jpg\",\"width\":2560,\"height\":1805,\"caption\":\"Rafa Nadal Open by Sotheby's International Realty 2021 (Photo by Alvaro Diaz)\"},{\"@type\":\"BreadcrumbList\",\"@id\":\"https:\/\/www.rafanadalacademy.com\/de\/rafa-nadal-open-de\/fernando-verdasco-und-gilles-simon-fuehren-das-rafa-nadal-open-2023-poster-an\/#breadcrumb\",\"itemListElement\":[{\"@type\":\"ListItem\",\"position\":1,\"name\":\"Home\",\"item\":\"https:\/\/www.rafanadalacademy.com\/de\/\"},{\"@type\":\"ListItem\",\"position\":2,\"name\":\"FERNANDO VERDASCO UND GILLES SIMON F\u00dcHREN DAS RAFA NADAL OPEN 2023-POSTER AN\"}]},{\"@type\":\"WebSite\",\"@id\":\"https:\/\/www.rafanadalacademy.com\/de\/#website\",\"url\":\"https:\/\/www.rafanadalacademy.com\/de\/\",\"name\":\"Rafa Nadal Academy\",\"description\":\"Otro sitio realizado con WordPress\",\"potentialAction\":[{\"@type\":\"SearchAction\",\"target\":{\"@type\":\"EntryPoint\",\"urlTemplate\":\"https:\/\/www.rafanadalacademy.com\/de\/?s={search_term_string}\"},\"query-input\":{\"@type\":\"PropertyValueSpecification\",\"valueRequired\":true,\"valueName\":\"search_term_string\"}}],\"inLanguage\":\"de-DE\"},{\"@type\":\"Person\",\"@id\":\"https:\/\/www.rafanadalacademy.com\/de\/#\/schema\/person\/6c564552da694b40f47417226d9eaa49\",\"name\":\"Israel Qu\u00edlez\",\"image\":{\"@type\":\"ImageObject\",\"inLanguage\":\"de-DE\",\"@id\":\"https:\/\/www.rafanadalacademy.com\/de\/#\/schema\/person\/image\/\",\"url\":\"https:\/\/secure.gravatar.com\/avatar\/c5bf9fac74c4144cfb6da68b87be83ee928f960f7054a862746ab29036031a9d?s=96&d=mm&r=g\",\"contentUrl\":\"https:\/\/secure.gravatar.com\/avatar\/c5bf9fac74c4144cfb6da68b87be83ee928f960f7054a862746ab29036031a9d?s=96&d=mm&r=g\",\"caption\":\"Israel Qu\u00edlez\"},\"url\":\"https:\/\/www.rafanadalacademy.com\/de\/author\/isr3l\/\"},{\"@type\":\"ImageObject\",\"inLanguage\":\"de-DE\",\"@id\":\"https:\/\/www.rafanadalacademy.com\/de\/rafa-nadal-open-de\/fernando-verdasco-und-gilles-simon-fuehren-das-rafa-nadal-open-2023-poster-an\/#local-main-organization-logo\",\"url\":\"\",\"contentUrl\":\"\",\"caption\":\"Rafa Nadal Academy\"}]}<\/script>\n<!-- \/ Yoast SEO Premium plugin. -->","yoast_head_json":{"title":"FERNANDO VERDASCO UND GILLES SIMON F\u00dcHREN DAS RAFA NADAL OPEN 2023-POSTER AN - Rafa Nadal Academy","description":"Die vierte Ausgabe der Rafa Nadal Open von Sotheby's International Realty kennt bereits die Liste der Spieler, die sich f\u00fcr das Turnier angemeldet haben, das vom 29. August bis 4. September in der Rafa Nadal Academy stattfinden wird.","robots":{"index":"index","follow":"follow","max-snippet":"max-snippet:-1","max-image-preview":"max-image-preview:large","max-video-preview":"max-video-preview:-1"},"canonical":"https:\/\/www.rafanadalacademy.com\/de\/rafa-nadal-open-de\/fernando-verdasco-und-gilles-simon-fuehren-das-rafa-nadal-open-2023-poster-an\/","og_locale":"de_DE","og_type":"article","og_title":"FERNANDO VERDASCO UND GILLES SIMON F\u00dcHREN DAS RAFA NADAL OPEN 2023-POSTER AN","og_description":"Die vierte Ausgabe der Rafa Nadal Open von Sotheby's International Realty kennt bereits die Liste der Spieler, die sich f\u00fcr das Turnier angemeldet haben, das vom 29. August bis 4. September in der Rafa Nadal Academy stattfinden wird.","og_url":"https:\/\/www.rafanadalacademy.com\/de\/rafa-nadal-open-de\/fernando-verdasco-und-gilles-simon-fuehren-das-rafa-nadal-open-2023-poster-an\/","og_site_name":"Rafa Nadal Academy","article_published_time":"2024-07-22T14:20:35+00:00","article_modified_time":"2024-07-22T14:32:29+00:00","og_image":[{"width":2560,"height":1805,"url":"https:\/\/www.rafanadalacademy.com\/wp-content\/uploads\/2024\/07\/Fernando-Verdasco-RNO2021-Alvaro-Diaz_294-scaled-e1721658539481.jpg","type":"image\/jpeg"}],"author":"Israel Qu\u00edlez","twitter_card":"summary_large_image","twitter_misc":{"Written by":"Israel Qu\u00edlez","Est. reading time":"2 minutes"},"schema":{"@context":"https:\/\/schema.org","@graph":[{"@type":"Article","@id":"https:\/\/www.rafanadalacademy.com\/de\/rafa-nadal-open-de\/fernando-verdasco-und-gilles-simon-fuehren-das-rafa-nadal-open-2023-poster-an\/#article","isPartOf":{"@id":"https:\/\/www.rafanadalacademy.com\/de\/rafa-nadal-open-de\/fernando-verdasco-und-gilles-simon-fuehren-das-rafa-nadal-open-2023-poster-an\/"},"author":{"name":"Israel Qu\u00edlez","@id":"https:\/\/www.rafanadalacademy.com\/de\/#\/schema\/person\/6c564552da694b40f47417226d9eaa49"},"headline":"FERNANDO VERDASCO UND GILLES SIMON F\u00dcHREN DAS RAFA NADAL OPEN 2023-POSTER AN","datePublished":"2024-07-22T14:20:35+00:00","dateModified":"2024-07-22T14:32:29+00:00","mainEntityOfPage":{"@id":"https:\/\/www.rafanadalacademy.com\/de\/rafa-nadal-open-de\/fernando-verdasco-und-gilles-simon-fuehren-das-rafa-nadal-open-2023-poster-an\/"},"wordCount":483,"image":{"@id":"https:\/\/www.rafanadalacademy.com\/de\/rafa-nadal-open-de\/fernando-verdasco-und-gilles-simon-fuehren-das-rafa-nadal-open-2023-poster-an\/#primaryimage"},"thumbnailUrl":"https:\/\/www.rafanadalacademy.com\/wp-content\/uploads\/2024\/07\/Fernando-Verdasco-RNO2021-Alvaro-Diaz_294-scaled-e1721658539481.jpg","keywords":["RAFA NADAL OPEN"],"articleSection":["RAFA NADAL OPEN"],"inLanguage":"de-DE","copyrightYear":"2024","copyrightHolder":{"@id":"https:\/\/www.rafanadalacademy.com\/#organization"}},{"@type":"WebPage","@id":"https:\/\/www.rafanadalacademy.com\/de\/rafa-nadal-open-de\/fernando-verdasco-und-gilles-simon-fuehren-das-rafa-nadal-open-2023-poster-an\/","url":"https:\/\/www.rafanadalacademy.com\/de\/rafa-nadal-open-de\/fernando-verdasco-und-gilles-simon-fuehren-das-rafa-nadal-open-2023-poster-an\/","name":"FERNANDO VERDASCO UND GILLES SIMON F\u00dcHREN DAS RAFA NADAL OPEN 2023-POSTER AN - Rafa Nadal Academy","isPartOf":{"@id":"https:\/\/www.rafanadalacademy.com\/de\/#website"},"primaryImageOfPage":{"@id":"https:\/\/www.rafanadalacademy.com\/de\/rafa-nadal-open-de\/fernando-verdasco-und-gilles-simon-fuehren-das-rafa-nadal-open-2023-poster-an\/#primaryimage"},"image":{"@id":"https:\/\/www.rafanadalacademy.com\/de\/rafa-nadal-open-de\/fernando-verdasco-und-gilles-simon-fuehren-das-rafa-nadal-open-2023-poster-an\/#primaryimage"},"thumbnailUrl":"https:\/\/www.rafanadalacademy.com\/wp-content\/uploads\/2024\/07\/Fernando-Verdasco-RNO2021-Alvaro-Diaz_294-scaled-e1721658539481.jpg","datePublished":"2024-07-22T14:20:35+00:00","dateModified":"2024-07-22T14:32:29+00:00","author":{"@id":"https:\/\/www.rafanadalacademy.com\/de\/#\/schema\/person\/6c564552da694b40f47417226d9eaa49"},"description":"Die vierte Ausgabe der Rafa Nadal Open von Sotheby's International Realty kennt bereits die Liste der Spieler, die sich f\u00fcr das Turnier angemeldet haben, das vom 29. August bis 4. September in der Rafa Nadal Academy stattfinden wird.","breadcrumb":{"@id":"https:\/\/www.rafanadalacademy.com\/de\/rafa-nadal-open-de\/fernando-verdasco-und-gilles-simon-fuehren-das-rafa-nadal-open-2023-poster-an\/#breadcrumb"},"inLanguage":"de-DE","potentialAction":[{"@type":"ReadAction","target":["https:\/\/www.rafanadalacademy.com\/de\/rafa-nadal-open-de\/fernando-verdasco-und-gilles-simon-fuehren-das-rafa-nadal-open-2023-poster-an\/"]}]},{"@type":"ImageObject","inLanguage":"de-DE","@id":"https:\/\/www.rafanadalacademy.com\/de\/rafa-nadal-open-de\/fernando-verdasco-und-gilles-simon-fuehren-das-rafa-nadal-open-2023-poster-an\/#primaryimage","url":"https:\/\/www.rafanadalacademy.com\/wp-content\/uploads\/2024\/07\/Fernando-Verdasco-RNO2021-Alvaro-Diaz_294-scaled-e1721658539481.jpg","contentUrl":"https:\/\/www.rafanadalacademy.com\/wp-content\/uploads\/2024\/07\/Fernando-Verdasco-RNO2021-Alvaro-Diaz_294-scaled-e1721658539481.jpg","width":2560,"height":1805,"caption":"Rafa Nadal Open by Sotheby's International Realty 2021 (Photo by Alvaro Diaz)"},{"@type":"BreadcrumbList","@id":"https:\/\/www.rafanadalacademy.com\/de\/rafa-nadal-open-de\/fernando-verdasco-und-gilles-simon-fuehren-das-rafa-nadal-open-2023-poster-an\/#breadcrumb","itemListElement":[{"@type":"ListItem","position":1,"name":"Home","item":"https:\/\/www.rafanadalacademy.com\/de\/"},{"@type":"ListItem","position":2,"name":"FERNANDO VERDASCO UND GILLES SIMON F\u00dcHREN DAS RAFA NADAL OPEN 2023-POSTER AN"}]},{"@type":"WebSite","@id":"https:\/\/www.rafanadalacademy.com\/de\/#website","url":"https:\/\/www.rafanadalacademy.com\/de\/","name":"Rafa Nadal Academy","description":"Otro sitio realizado con WordPress","potentialAction":[{"@type":"SearchAction","target":{"@type":"EntryPoint","urlTemplate":"https:\/\/www.rafanadalacademy.com\/de\/?s={search_term_string}"},"query-input":{"@type":"PropertyValueSpecification","valueRequired":true,"valueName":"search_term_string"}}],"inLanguage":"de-DE"},{"@type":"Person","@id":"https:\/\/www.rafanadalacademy.com\/de\/#\/schema\/person\/6c564552da694b40f47417226d9eaa49","name":"Israel Qu\u00edlez","image":{"@type":"ImageObject","inLanguage":"de-DE","@id":"https:\/\/www.rafanadalacademy.com\/de\/#\/schema\/person\/image\/","url":"https:\/\/secure.gravatar.com\/avatar\/c5bf9fac74c4144cfb6da68b87be83ee928f960f7054a862746ab29036031a9d?s=96&d=mm&r=g","contentUrl":"https:\/\/secure.gravatar.com\/avatar\/c5bf9fac74c4144cfb6da68b87be83ee928f960f7054a862746ab29036031a9d?s=96&d=mm&r=g","caption":"Israel Qu\u00edlez"},"url":"https:\/\/www.rafanadalacademy.com\/de\/author\/isr3l\/"},{"@type":"ImageObject","inLanguage":"de-DE","@id":"https:\/\/www.rafanadalacademy.com\/de\/rafa-nadal-open-de\/fernando-verdasco-und-gilles-simon-fuehren-das-rafa-nadal-open-2023-poster-an\/#local-main-organization-logo","url":"","contentUrl":"","caption":"Rafa Nadal Academy"}]}},"_links":{"self":[{"href":"https:\/\/www.rafanadalacademy.com\/de\/wp-json\/wp\/v2\/posts\/17066","targetHints":{"allow":["GET"]}}],"collection":[{"href":"https:\/\/www.rafanadalacademy.com\/de\/wp-json\/wp\/v2\/posts"}],"about":[{"href":"https:\/\/www.rafanadalacademy.com\/de\/wp-json\/wp\/v2\/types\/post"}],"author":[{"embeddable":true,"href":"https:\/\/www.rafanadalacademy.com\/de\/wp-json\/wp\/v2\/users\/16"}],"replies":[{"embeddable":true,"href":"https:\/\/www.rafanadalacademy.com\/de\/wp-json\/wp\/v2\/comments?post=17066"}],"version-history":[{"count":1,"href":"https:\/\/www.rafanadalacademy.com\/de\/wp-json\/wp\/v2\/posts\/17066\/revisions"}],"predecessor-version":[{"id":17067,"href":"https:\/\/www.rafanadalacademy.com\/de\/wp-json\/wp\/v2\/posts\/17066\/revisions\/17067"}],"wp:featuredmedia":[{"embeddable":true,"href":"https:\/\/www.rafanadalacademy.com\/de\/wp-json\/wp\/v2\/media\/17053"}],"wp:attachment":[{"href":"https:\/\/www.rafanadalacademy.com\/de\/wp-json\/wp\/v2\/media?parent=17066"}],"wp:term":[{"taxonomy":"category","embeddable":true,"href":"https:\/\/www.rafanadalacademy.com\/de\/wp-json\/wp\/v2\/categories?post=17066"},{"taxonomy":"post_tag","embeddable":true,"href":"https:\/\/www.rafanadalacademy.com\/de\/wp-json\/wp\/v2\/tags?post=17066"}],"curies":[{"name":"wp","href":"https:\/\/api.w.org\/{rel}","templated":true}]}}