{"id":51347,"date":"2026-09-03T17:13:17","date_gmt":"2026-09-03T17:13:17","guid":{"rendered":"https:\/\/www.rafanadalacademy.com\/sin-categorizar\/rafa-nadal-presencia-la-jornada-de-vuitens-de-final-del-rafa-nadal-open-by-movistar\/"},"modified":"2026-09-04T15:53:45","modified_gmt":"2026-09-04T15:53:45","slug":"rafa-nadal-presencia-la-jornada-de-vuitens-de-final-del-rafa-nadal-open-by-movistar","status":"publish","type":"post","link":"https:\/\/www.rafanadalacademy.com\/ca\/noticies\/rafa-nadal-presencia-la-jornada-de-vuitens-de-final-del-rafa-nadal-open-by-movistar\/","title":{"rendered":"Rafa Nadal presencia la jornada de vuitens de final del Rafa Nadal Open by Movistar"},"content":{"rendered":"\n<p class=\"wp-block-paragraph\">El <strong>Rafa Nadal Open by Movistar<\/strong> ha viscut aquest dijous una jornada molt especial amb la pres\u00e8ncia de <strong>Rafa Nadal<\/strong> a les grades de la pista central de l&#8217;Acad\u00e8mia. El guanyador de <strong>22 t\u00edtols de Grand Slam<\/strong> no s&#8217;ha volgut perdre la jornada de vuitens de final del torneig pertanyent a l&#8217;ATP Challenger Tour que es disputa aquesta setmana a Manacor. <\/p>\n\n<figure class=\"wp-block-image size-large\"><img decoding=\"async\" src=\"https:\/\/www.rafanadalacademy.com\/wp-content\/uploads\/2026\/09\/Rafa-Nadal-presencia-el-Rafa-Nadal-Open-by-Movistar-1024x683.jpg\" alt=\"\" class=\"wp-image-51319\"\/><\/figure>\n\n<div style=\"height:30px\" aria-hidden=\"true\" class=\"wp-block-spacer\"><\/div>\n\n<p class=\"wp-block-paragraph\">Rafa ha presenciat, en companyia de Javier Soler, director esportiu de la Reial Federaci\u00f3 Espanyola de Tennis, i Carlos Costa, exjugador i m\u00e0nager de Nadal, el partit entre <strong>Dani Rinc\u00f3n<\/strong>, vigent campi\u00f3 del torneig i jugador de la Rafa Nadal Academy, i <strong>I\u00f1aki Montes-De La Torre<\/strong>, un dels partits destacats de la jornada.<\/p>\n\n<p class=\"wp-block-paragraph\">La pres\u00e8ncia de Rafa Nadal a les grades t\u00e9 a m\u00e9s un significat especial per la seva estreta vinculaci\u00f3 amb l&#8217;<strong>ATP Challenger Tour<\/strong>, circuit en el qual va conquerir dos dels seus primers t\u00edtols com a professional. El 2003, encara amb 16 anys, es va proclamar campi\u00f3 a <strong>Barletta<\/strong>, convertint-se en un dels jugadors m\u00e9s joves de la hist\u00f2ria en guanyar un torneig d&#8217;aquesta categoria. Setmanes despr\u00e9s, ja amb 17 anys, va tornar a aixecar el trofeu a <strong>El Espinar (Seg\u00f2via)<\/strong>. Dos t\u00edtols que van suposar un trampol\u00ed important en la seva carrera i que actualment ocupen un lloc destacat al renovat <strong>Rafa Nadal Museum<\/strong>.   <\/p>\n\n<p class=\"wp-block-paragraph\">Des del 2018, aquesta vinculaci\u00f3 amb el circuit t\u00e9 continu\u00eftat a Manacor a trav\u00e9s del <strong>Rafa Nadal Open by Movistar<\/strong>, l&#8217;ATP Challenger Tour que cada any reuneix a la Rafa Nadal Academy jugadors consolidats i algunes de les grans promeses del tennis internacional com Andy Murray, Fernando Verdasco o Carlos Alcaraz.<\/p>\n\n<div style=\"height:29px\" aria-hidden=\"true\" class=\"wp-block-spacer\"><\/div>\n\n<figure class=\"wp-block-image size-full\"><a href=\"https:\/\/rafanadalopen.com\/entradas-gratuitas\/\"><img loading=\"lazy\" decoding=\"async\" width=\"942\" height=\"717\" src=\"https:\/\/www.rafanadalacademy.com\/wp-content\/uploads\/2026\/08\/rafa-nadal-open-2026.png\" alt=\"\" class=\"wp-image-49907\" srcset=\"https:\/\/www.rafanadalacademy.com\/wp-content\/uploads\/2026\/08\/rafa-nadal-open-2026.png 942w, https:\/\/www.rafanadalacademy.com\/wp-content\/uploads\/2026\/08\/rafa-nadal-open-2026-300x228.png 300w, https:\/\/www.rafanadalacademy.com\/wp-content\/uploads\/2026\/08\/rafa-nadal-open-2026-768x585.png 768w\" sizes=\"auto, (max-width: 942px) 100vw, 942px\" \/><\/a><\/figure>\n\n<div style=\"height:29px\" aria-hidden=\"true\" class=\"wp-block-spacer\"><\/div>\n\n<p class=\"wp-block-paragraph\">Aquesta vuitena edici\u00f3 del torneig est\u00e0 comptant amb una representaci\u00f3 important de la Rafa Nadal Academy, amb la participaci\u00f3 d&#8217;<strong>Ivan Ivanov i Ziga Sesko<\/strong>, a m\u00e9s de Dani Rinc\u00f3n. Els tres jugadors saben el que \u00e9s conquerir un t\u00edtol de Grand Slam en categoria j\u00fanior. <\/p>\n\n<p class=\"wp-block-paragraph\">El <strong>Rafa Nadal Open by Movistar<\/strong> ja afronta les seves jornades decisives i continuar\u00e0 fins al pr\u00f2xim <strong>diumenge 6 de setembre<\/strong>, quan es disputar\u00e0 la final.<\/p>\n\n<div style=\"height:29px\" aria-hidden=\"true\" class=\"wp-block-spacer\"><\/div>\n\n<figure class=\"wp-block-image size-large\"><a href=\"https:\/\/www.rafanadalacademy.com\/ca\/noticies\/la-gastronomia-i-lenologia-protagonistes-del-tie-break-vins-i-tapes-en-aquesta-edicio-del-rafa-nadal-open-by-movistar\/\"><img loading=\"lazy\" decoding=\"async\" width=\"1024\" height=\"531\" src=\"https:\/\/www.rafanadalacademy.com\/wp-content\/uploads\/2026\/08\/Tardeo_RNO-2025_901-scaled-e1786618031933-1024x531.jpg\" alt=\"\" class=\"wp-image-50062\" srcset=\"https:\/\/www.rafanadalacademy.com\/wp-content\/uploads\/2026\/08\/Tardeo_RNO-2025_901-scaled-e1786618031933-1024x531.jpg 1024w, https:\/\/www.rafanadalacademy.com\/wp-content\/uploads\/2026\/08\/Tardeo_RNO-2025_901-scaled-e1786618031933-300x156.jpg 300w, https:\/\/www.rafanadalacademy.com\/wp-content\/uploads\/2026\/08\/Tardeo_RNO-2025_901-scaled-e1786618031933-768x398.jpg 768w, https:\/\/www.rafanadalacademy.com\/wp-content\/uploads\/2026\/08\/Tardeo_RNO-2025_901-scaled-e1786618031933-1536x796.jpg 1536w, https:\/\/www.rafanadalacademy.com\/wp-content\/uploads\/2026\/08\/Tardeo_RNO-2025_901-scaled-e1786618031933-2048x1062.jpg 2048w\" sizes=\"auto, (max-width: 1024px) 100vw, 1024px\" \/><\/a><\/figure>\n\n<div style=\"height:29px\" aria-hidden=\"true\" class=\"wp-block-spacer\"><\/div>\n\n<p class=\"wp-block-paragraph\">A m\u00e9s de la competici\u00f3, el torneig ofereix durant tota la setmana propostes de gastronomia, m\u00fasica i activitats per a nens i fam\u00edlies. <strong>Aquest dijous tindr\u00e0 lloc un dels esdeveniments que m\u00e9s expectaci\u00f3 ha generat d&#8217;aquesta edici\u00f3, \u2018El Tie-Break: Vinos y Tapas\u2019<\/strong>, un tardeo que reunir\u00e0 propostes gastron\u00f2miques de <strong>Grupo Maca de Castro, Santi Taura, La Loba, \u00dcbeck, Cassai i Roland-Garros<\/strong>, juntament amb vins de <strong>Casa Rojo, Can Axartell, Gallinas i Focas, Ribas, 4 Kilos i Binigrau<\/strong>, a m\u00e9s de m\u00fasica en directe i DJs. Com en edicions anteriors, <strong>l&#8217;acc\u00e9s al Rafa Nadal Open by Movistar \u00e9s gratu\u00eft<\/strong>, pr\u00e8via desc\u00e0rrega de l&#8217;entrada a trav\u00e9s del web oficial de l&#8217;esdeveniment. <\/p>\n\n<p class=\"wp-block-paragraph\"><\/p>\n\n<p class=\"wp-block-paragraph\"><\/p>\n\n<p class=\"wp-block-paragraph\"><\/p>\n\n<p class=\"wp-block-paragraph\"><\/p>\n","protected":false},"excerpt":{"rendered":"<p>El Rafa Nadal Open by Movistar ha viscut aquest dijous una jornada molt especial amb la pres\u00e8ncia de Rafa Nadal a les grades de la pista central de l&#8217;Acad\u00e8mia. El guanyador de 22 t\u00edtols de Grand Slam no s&#8217;ha volgut perdre la jornada de vuitens de final del torneig pertanyent a l&#8217;ATP Challenger Tour que<a href=\"https:\/\/www.rafanadalacademy.com\/ca\/noticies\/rafa-nadal-presencia-la-jornada-de-vuitens-de-final-del-rafa-nadal-open-by-movistar\/\">Continue reading <span class=\"sr-only\">&#8220;Rafa Nadal presencia la jornada de vuitens de final del Rafa Nadal Open by Movistar&#8221;<\/span><\/a><\/p>\n","protected":false},"author":23,"featured_media":51320,"comment_status":"closed","ping_status":"closed","sticky":false,"template":"","format":"standard","meta":{"_acf_changed":false,"footnotes":""},"categories":[157,209,153],"tags":[210],"class_list":["post-51347","post","type-post","status-publish","format-standard","has-post-thumbnail","hentry","category-noticies","category-rafa-nadal-academy-by-movistar-ca","category-rafa-nadal-open-ca","tag-rafa-nadal-academy-by-movistar-ca"],"acf":[],"yoast_head":"<!-- This site is optimized with the Yoast SEO Premium plugin v26.8 (Yoast SEO v28.3) - https:\/\/yoast.com\/product\/yoast-seo-premium-wordpress\/ -->\n<title>Rafa Nadal presencia la jornada de vuitens de final del Rafa Nadal Open by Movistar - Rafa Nadal Academy<\/title>\n<meta name=\"description\" content=\"El Rafa Nadal Open by Movistar ha viscut una jornada molt especial amb la pres\u00e8ncia de Rafa Nadal a les grades de la pista central de l&#039;Acad\u00e8mia. El guanyador de 22 t\u00edtols de Grand Slam no s&#039;ha volgut perdre la jornada de vuitens de final del torneig pertanyent a l&#039;ATP Challenger Tour que es disputa aquesta setmana a Manacor.\" \/>\n<meta name=\"robots\" content=\"index, follow, max-snippet:-1, max-image-preview:large, max-video-preview:-1\" \/>\n<link rel=\"canonical\" href=\"https:\/\/www.rafanadalacademy.com\/ca\/noticies\/rafa-nadal-presencia-la-jornada-de-vuitens-de-final-del-rafa-nadal-open-by-movistar\/\" \/>\n<meta property=\"og:locale\" content=\"ca_ES\" \/>\n<meta property=\"og:type\" content=\"article\" \/>\n<meta property=\"og:title\" content=\"Rafa Nadal presencia la jornada de vuitens de final del Rafa Nadal Open by Movistar\" \/>\n<meta property=\"og:description\" content=\"El Rafa Nadal Open by Movistar ha viscut una jornada molt especial amb la pres\u00e8ncia de Rafa Nadal a les grades de la pista central de l&#039;Acad\u00e8mia. El guanyador de 22 t\u00edtols de Grand Slam no s&#039;ha volgut perdre la jornada de vuitens de final del torneig pertanyent a l&#039;ATP Challenger Tour que es disputa aquesta setmana a Manacor.\" \/>\n<meta property=\"og:url\" content=\"https:\/\/www.rafanadalacademy.com\/ca\/noticies\/rafa-nadal-presencia-la-jornada-de-vuitens-de-final-del-rafa-nadal-open-by-movistar\/\" \/>\n<meta property=\"og:site_name\" content=\"Rafa Nadal Academy\" \/>\n<meta property=\"article:published_time\" content=\"2026-09-03T17:13:17+00:00\" \/>\n<meta property=\"article:modified_time\" content=\"2026-09-04T15:53:45+00:00\" \/>\n<meta property=\"og:image\" content=\"https:\/\/www.rafanadalacademy.com\/wp-content\/uploads\/2026\/09\/Rafa-Nadal-presencia-el-Rafa-Nadal-Open-by-Movistar-e1788455663352.jpg\" \/>\n\t<meta property=\"og:image:width\" content=\"2560\" \/>\n\t<meta property=\"og:image:height\" content=\"1707\" \/>\n\t<meta property=\"og:image:type\" content=\"image\/jpeg\" \/>\n<meta name=\"author\" content=\"joseluisprados\" \/>\n<meta name=\"twitter:card\" content=\"summary_large_image\" \/>\n<meta name=\"twitter:label1\" content=\"Written by\" \/>\n\t<meta name=\"twitter:data1\" content=\"joseluisprados\" \/>\n\t<meta name=\"twitter:label2\" content=\"Est. reading time\" \/>\n\t<meta name=\"twitter:data2\" content=\"2 minutes\" \/>\n<script type=\"application\/ld+json\" class=\"yoast-schema-graph\">{\"@context\":\"https:\\\/\\\/schema.org\",\"@graph\":[{\"@type\":\"Article\",\"@id\":\"https:\\\/\\\/www.rafanadalacademy.com\\\/ca\\\/noticies\\\/rafa-nadal-presencia-la-jornada-de-vuitens-de-final-del-rafa-nadal-open-by-movistar\\\/#article\",\"isPartOf\":{\"@id\":\"https:\\\/\\\/www.rafanadalacademy.com\\\/ca\\\/noticies\\\/rafa-nadal-presencia-la-jornada-de-vuitens-de-final-del-rafa-nadal-open-by-movistar\\\/\"},\"author\":{\"name\":\"joseluisprados\",\"@id\":\"https:\\\/\\\/www.rafanadalacademy.com\\\/ca\\\/#\\\/schema\\\/person\\\/744897d6ee269641fff954376180ef01\"},\"headline\":\"Rafa Nadal presencia la jornada de vuitens de final del Rafa Nadal Open by Movistar\",\"datePublished\":\"2026-09-03T17:13:17+00:00\",\"dateModified\":\"2026-09-04T15:53:45+00:00\",\"mainEntityOfPage\":{\"@id\":\"https:\\\/\\\/www.rafanadalacademy.com\\\/ca\\\/noticies\\\/rafa-nadal-presencia-la-jornada-de-vuitens-de-final-del-rafa-nadal-open-by-movistar\\\/\"},\"wordCount\":502,\"image\":{\"@id\":\"https:\\\/\\\/www.rafanadalacademy.com\\\/ca\\\/noticies\\\/rafa-nadal-presencia-la-jornada-de-vuitens-de-final-del-rafa-nadal-open-by-movistar\\\/#primaryimage\"},\"thumbnailUrl\":\"https:\\\/\\\/www.rafanadalacademy.com\\\/wp-content\\\/uploads\\\/2026\\\/09\\\/Rafa-Nadal-presencia-el-Rafa-Nadal-Open-by-Movistar-e1788455663352.jpg\",\"keywords\":[\"RAFA NADAL ACADEMY BY MOVISTAR\"],\"articleSection\":[\"Not\u00edcies\",\"RAFA NADAL ACADEMY BY MOVISTAR\",\"RAFA NADAL OPEN\"],\"inLanguage\":\"ca\",\"copyrightYear\":\"2026\",\"copyrightHolder\":{\"@id\":\"https:\\\/\\\/www.rafanadalacademy.com\\\/#organization\"}},{\"@type\":\"WebPage\",\"@id\":\"https:\\\/\\\/www.rafanadalacademy.com\\\/ca\\\/noticies\\\/rafa-nadal-presencia-la-jornada-de-vuitens-de-final-del-rafa-nadal-open-by-movistar\\\/\",\"url\":\"https:\\\/\\\/www.rafanadalacademy.com\\\/ca\\\/noticies\\\/rafa-nadal-presencia-la-jornada-de-vuitens-de-final-del-rafa-nadal-open-by-movistar\\\/\",\"name\":\"Rafa Nadal presencia la jornada de vuitens de final del Rafa Nadal Open by Movistar - Rafa Nadal Academy\",\"isPartOf\":{\"@id\":\"https:\\\/\\\/www.rafanadalacademy.com\\\/ca\\\/#website\"},\"primaryImageOfPage\":{\"@id\":\"https:\\\/\\\/www.rafanadalacademy.com\\\/ca\\\/noticies\\\/rafa-nadal-presencia-la-jornada-de-vuitens-de-final-del-rafa-nadal-open-by-movistar\\\/#primaryimage\"},\"image\":{\"@id\":\"https:\\\/\\\/www.rafanadalacademy.com\\\/ca\\\/noticies\\\/rafa-nadal-presencia-la-jornada-de-vuitens-de-final-del-rafa-nadal-open-by-movistar\\\/#primaryimage\"},\"thumbnailUrl\":\"https:\\\/\\\/www.rafanadalacademy.com\\\/wp-content\\\/uploads\\\/2026\\\/09\\\/Rafa-Nadal-presencia-el-Rafa-Nadal-Open-by-Movistar-e1788455663352.jpg\",\"datePublished\":\"2026-09-03T17:13:17+00:00\",\"dateModified\":\"2026-09-04T15:53:45+00:00\",\"author\":{\"@id\":\"https:\\\/\\\/www.rafanadalacademy.com\\\/ca\\\/#\\\/schema\\\/person\\\/744897d6ee269641fff954376180ef01\"},\"description\":\"El Rafa Nadal Open by Movistar ha viscut una jornada molt especial amb la pres\u00e8ncia de Rafa Nadal a les grades de la pista central de l'Acad\u00e8mia. El guanyador de 22 t\u00edtols de Grand Slam no s'ha volgut perdre la jornada de vuitens de final del torneig pertanyent a l'ATP Challenger Tour que es disputa aquesta setmana a Manacor.\",\"breadcrumb\":{\"@id\":\"https:\\\/\\\/www.rafanadalacademy.com\\\/ca\\\/noticies\\\/rafa-nadal-presencia-la-jornada-de-vuitens-de-final-del-rafa-nadal-open-by-movistar\\\/#breadcrumb\"},\"inLanguage\":\"ca\",\"potentialAction\":[{\"@type\":\"ReadAction\",\"target\":[\"https:\\\/\\\/www.rafanadalacademy.com\\\/ca\\\/noticies\\\/rafa-nadal-presencia-la-jornada-de-vuitens-de-final-del-rafa-nadal-open-by-movistar\\\/\"]}]},{\"@type\":\"ImageObject\",\"inLanguage\":\"ca\",\"@id\":\"https:\\\/\\\/www.rafanadalacademy.com\\\/ca\\\/noticies\\\/rafa-nadal-presencia-la-jornada-de-vuitens-de-final-del-rafa-nadal-open-by-movistar\\\/#primaryimage\",\"url\":\"https:\\\/\\\/www.rafanadalacademy.com\\\/wp-content\\\/uploads\\\/2026\\\/09\\\/Rafa-Nadal-presencia-el-Rafa-Nadal-Open-by-Movistar-e1788455663352.jpg\",\"contentUrl\":\"https:\\\/\\\/www.rafanadalacademy.com\\\/wp-content\\\/uploads\\\/2026\\\/09\\\/Rafa-Nadal-presencia-el-Rafa-Nadal-Open-by-Movistar-e1788455663352.jpg\",\"width\":2560,\"height\":1707},{\"@type\":\"BreadcrumbList\",\"@id\":\"https:\\\/\\\/www.rafanadalacademy.com\\\/ca\\\/noticies\\\/rafa-nadal-presencia-la-jornada-de-vuitens-de-final-del-rafa-nadal-open-by-movistar\\\/#breadcrumb\",\"itemListElement\":[{\"@type\":\"ListItem\",\"position\":1,\"name\":\"Home\",\"item\":\"https:\\\/\\\/www.rafanadalacademy.com\\\/ca\\\/\"},{\"@type\":\"ListItem\",\"position\":2,\"name\":\"Rafa Nadal presencia la jornada de vuitens de final del Rafa Nadal Open by Movistar\"}]},{\"@type\":\"WebSite\",\"@id\":\"https:\\\/\\\/www.rafanadalacademy.com\\\/ca\\\/#website\",\"url\":\"https:\\\/\\\/www.rafanadalacademy.com\\\/ca\\\/\",\"name\":\"Rafa Nadal Academy\",\"description\":\"Otro sitio realizado con WordPress\",\"potentialAction\":[{\"@type\":\"SearchAction\",\"target\":{\"@type\":\"EntryPoint\",\"urlTemplate\":\"https:\\\/\\\/www.rafanadalacademy.com\\\/ca\\\/?s={search_term_string}\"},\"query-input\":{\"@type\":\"PropertyValueSpecification\",\"valueRequired\":true,\"valueName\":\"search_term_string\"}}],\"inLanguage\":\"ca\"},{\"@type\":\"Person\",\"@id\":\"https:\\\/\\\/www.rafanadalacademy.com\\\/ca\\\/#\\\/schema\\\/person\\\/744897d6ee269641fff954376180ef01\",\"name\":\"joseluisprados\",\"image\":{\"@type\":\"ImageObject\",\"inLanguage\":\"ca\",\"@id\":\"https:\\\/\\\/secure.gravatar.com\\\/avatar\\\/8aa823a6e5501864ffab4785d9e2a994b59c2d45c9f9751c5a532abfec081e5f?s=96&d=mm&r=g\",\"url\":\"https:\\\/\\\/secure.gravatar.com\\\/avatar\\\/8aa823a6e5501864ffab4785d9e2a994b59c2d45c9f9751c5a532abfec081e5f?s=96&d=mm&r=g\",\"contentUrl\":\"https:\\\/\\\/secure.gravatar.com\\\/avatar\\\/8aa823a6e5501864ffab4785d9e2a994b59c2d45c9f9751c5a532abfec081e5f?s=96&d=mm&r=g\",\"caption\":\"joseluisprados\"},\"url\":\"https:\\\/\\\/www.rafanadalacademy.com\\\/ca\\\/author\\\/joseluisprados\\\/\"},{\"@type\":\"ImageObject\",\"inLanguage\":\"ca\",\"@id\":\"https:\\\/\\\/www.rafanadalacademy.com\\\/ca\\\/noticies\\\/rafa-nadal-presencia-la-jornada-de-vuitens-de-final-del-rafa-nadal-open-by-movistar\\\/#local-main-organization-logo\",\"url\":\"\",\"contentUrl\":\"\",\"caption\":\"Rafa Nadal Academy\"}]}<\/script>\n<!-- \/ Yoast SEO Premium plugin. -->","yoast_head_json":{"title":"Rafa Nadal presencia la jornada de vuitens de final del Rafa Nadal Open by Movistar - Rafa Nadal Academy","description":"El Rafa Nadal Open by Movistar ha viscut una jornada molt especial amb la pres\u00e8ncia de Rafa Nadal a les grades de la pista central de l'Acad\u00e8mia. El guanyador de 22 t\u00edtols de Grand Slam no s'ha volgut perdre la jornada de vuitens de final del torneig pertanyent a l'ATP Challenger Tour que es disputa aquesta setmana a Manacor.","robots":{"index":"index","follow":"follow","max-snippet":"max-snippet:-1","max-image-preview":"max-image-preview:large","max-video-preview":"max-video-preview:-1"},"canonical":"https:\/\/www.rafanadalacademy.com\/ca\/noticies\/rafa-nadal-presencia-la-jornada-de-vuitens-de-final-del-rafa-nadal-open-by-movistar\/","og_locale":"ca_ES","og_type":"article","og_title":"Rafa Nadal presencia la jornada de vuitens de final del Rafa Nadal Open by Movistar","og_description":"El Rafa Nadal Open by Movistar ha viscut una jornada molt especial amb la pres\u00e8ncia de Rafa Nadal a les grades de la pista central de l'Acad\u00e8mia. El guanyador de 22 t\u00edtols de Grand Slam no s'ha volgut perdre la jornada de vuitens de final del torneig pertanyent a l'ATP Challenger Tour que es disputa aquesta setmana a Manacor.","og_url":"https:\/\/www.rafanadalacademy.com\/ca\/noticies\/rafa-nadal-presencia-la-jornada-de-vuitens-de-final-del-rafa-nadal-open-by-movistar\/","og_site_name":"Rafa Nadal Academy","article_published_time":"2026-09-03T17:13:17+00:00","article_modified_time":"2026-09-04T15:53:45+00:00","og_image":[{"width":2560,"height":1707,"url":"https:\/\/www.rafanadalacademy.com\/wp-content\/uploads\/2026\/09\/Rafa-Nadal-presencia-el-Rafa-Nadal-Open-by-Movistar-e1788455663352.jpg","type":"image\/jpeg"}],"author":"joseluisprados","twitter_card":"summary_large_image","twitter_misc":{"Written by":"joseluisprados","Est. reading time":"2 minutes"},"schema":{"@context":"https:\/\/schema.org","@graph":[{"@type":"Article","@id":"https:\/\/www.rafanadalacademy.com\/ca\/noticies\/rafa-nadal-presencia-la-jornada-de-vuitens-de-final-del-rafa-nadal-open-by-movistar\/#article","isPartOf":{"@id":"https:\/\/www.rafanadalacademy.com\/ca\/noticies\/rafa-nadal-presencia-la-jornada-de-vuitens-de-final-del-rafa-nadal-open-by-movistar\/"},"author":{"name":"joseluisprados","@id":"https:\/\/www.rafanadalacademy.com\/ca\/#\/schema\/person\/744897d6ee269641fff954376180ef01"},"headline":"Rafa Nadal presencia la jornada de vuitens de final del Rafa Nadal Open by Movistar","datePublished":"2026-09-03T17:13:17+00:00","dateModified":"2026-09-04T15:53:45+00:00","mainEntityOfPage":{"@id":"https:\/\/www.rafanadalacademy.com\/ca\/noticies\/rafa-nadal-presencia-la-jornada-de-vuitens-de-final-del-rafa-nadal-open-by-movistar\/"},"wordCount":502,"image":{"@id":"https:\/\/www.rafanadalacademy.com\/ca\/noticies\/rafa-nadal-presencia-la-jornada-de-vuitens-de-final-del-rafa-nadal-open-by-movistar\/#primaryimage"},"thumbnailUrl":"https:\/\/www.rafanadalacademy.com\/wp-content\/uploads\/2026\/09\/Rafa-Nadal-presencia-el-Rafa-Nadal-Open-by-Movistar-e1788455663352.jpg","keywords":["RAFA NADAL ACADEMY BY MOVISTAR"],"articleSection":["Not\u00edcies","RAFA NADAL ACADEMY BY MOVISTAR","RAFA NADAL OPEN"],"inLanguage":"ca","copyrightYear":"2026","copyrightHolder":{"@id":"https:\/\/www.rafanadalacademy.com\/#organization"}},{"@type":"WebPage","@id":"https:\/\/www.rafanadalacademy.com\/ca\/noticies\/rafa-nadal-presencia-la-jornada-de-vuitens-de-final-del-rafa-nadal-open-by-movistar\/","url":"https:\/\/www.rafanadalacademy.com\/ca\/noticies\/rafa-nadal-presencia-la-jornada-de-vuitens-de-final-del-rafa-nadal-open-by-movistar\/","name":"Rafa Nadal presencia la jornada de vuitens de final del Rafa Nadal Open by Movistar - Rafa Nadal Academy","isPartOf":{"@id":"https:\/\/www.rafanadalacademy.com\/ca\/#website"},"primaryImageOfPage":{"@id":"https:\/\/www.rafanadalacademy.com\/ca\/noticies\/rafa-nadal-presencia-la-jornada-de-vuitens-de-final-del-rafa-nadal-open-by-movistar\/#primaryimage"},"image":{"@id":"https:\/\/www.rafanadalacademy.com\/ca\/noticies\/rafa-nadal-presencia-la-jornada-de-vuitens-de-final-del-rafa-nadal-open-by-movistar\/#primaryimage"},"thumbnailUrl":"https:\/\/www.rafanadalacademy.com\/wp-content\/uploads\/2026\/09\/Rafa-Nadal-presencia-el-Rafa-Nadal-Open-by-Movistar-e1788455663352.jpg","datePublished":"2026-09-03T17:13:17+00:00","dateModified":"2026-09-04T15:53:45+00:00","author":{"@id":"https:\/\/www.rafanadalacademy.com\/ca\/#\/schema\/person\/744897d6ee269641fff954376180ef01"},"description":"El Rafa Nadal Open by Movistar ha viscut una jornada molt especial amb la pres\u00e8ncia de Rafa Nadal a les grades de la pista central de l'Acad\u00e8mia. El guanyador de 22 t\u00edtols de Grand Slam no s'ha volgut perdre la jornada de vuitens de final del torneig pertanyent a l'ATP Challenger Tour que es disputa aquesta setmana a Manacor.","breadcrumb":{"@id":"https:\/\/www.rafanadalacademy.com\/ca\/noticies\/rafa-nadal-presencia-la-jornada-de-vuitens-de-final-del-rafa-nadal-open-by-movistar\/#breadcrumb"},"inLanguage":"ca","potentialAction":[{"@type":"ReadAction","target":["https:\/\/www.rafanadalacademy.com\/ca\/noticies\/rafa-nadal-presencia-la-jornada-de-vuitens-de-final-del-rafa-nadal-open-by-movistar\/"]}]},{"@type":"ImageObject","inLanguage":"ca","@id":"https:\/\/www.rafanadalacademy.com\/ca\/noticies\/rafa-nadal-presencia-la-jornada-de-vuitens-de-final-del-rafa-nadal-open-by-movistar\/#primaryimage","url":"https:\/\/www.rafanadalacademy.com\/wp-content\/uploads\/2026\/09\/Rafa-Nadal-presencia-el-Rafa-Nadal-Open-by-Movistar-e1788455663352.jpg","contentUrl":"https:\/\/www.rafanadalacademy.com\/wp-content\/uploads\/2026\/09\/Rafa-Nadal-presencia-el-Rafa-Nadal-Open-by-Movistar-e1788455663352.jpg","width":2560,"height":1707},{"@type":"BreadcrumbList","@id":"https:\/\/www.rafanadalacademy.com\/ca\/noticies\/rafa-nadal-presencia-la-jornada-de-vuitens-de-final-del-rafa-nadal-open-by-movistar\/#breadcrumb","itemListElement":[{"@type":"ListItem","position":1,"name":"Home","item":"https:\/\/www.rafanadalacademy.com\/ca\/"},{"@type":"ListItem","position":2,"name":"Rafa Nadal presencia la jornada de vuitens de final del Rafa Nadal Open by Movistar"}]},{"@type":"WebSite","@id":"https:\/\/www.rafanadalacademy.com\/ca\/#website","url":"https:\/\/www.rafanadalacademy.com\/ca\/","name":"Rafa Nadal Academy","description":"Otro sitio realizado con WordPress","potentialAction":[{"@type":"SearchAction","target":{"@type":"EntryPoint","urlTemplate":"https:\/\/www.rafanadalacademy.com\/ca\/?s={search_term_string}"},"query-input":{"@type":"PropertyValueSpecification","valueRequired":true,"valueName":"search_term_string"}}],"inLanguage":"ca"},{"@type":"Person","@id":"https:\/\/www.rafanadalacademy.com\/ca\/#\/schema\/person\/744897d6ee269641fff954376180ef01","name":"joseluisprados","image":{"@type":"ImageObject","inLanguage":"ca","@id":"https:\/\/secure.gravatar.com\/avatar\/8aa823a6e5501864ffab4785d9e2a994b59c2d45c9f9751c5a532abfec081e5f?s=96&d=mm&r=g","url":"https:\/\/secure.gravatar.com\/avatar\/8aa823a6e5501864ffab4785d9e2a994b59c2d45c9f9751c5a532abfec081e5f?s=96&d=mm&r=g","contentUrl":"https:\/\/secure.gravatar.com\/avatar\/8aa823a6e5501864ffab4785d9e2a994b59c2d45c9f9751c5a532abfec081e5f?s=96&d=mm&r=g","caption":"joseluisprados"},"url":"https:\/\/www.rafanadalacademy.com\/ca\/author\/joseluisprados\/"},{"@type":"ImageObject","inLanguage":"ca","@id":"https:\/\/www.rafanadalacademy.com\/ca\/noticies\/rafa-nadal-presencia-la-jornada-de-vuitens-de-final-del-rafa-nadal-open-by-movistar\/#local-main-organization-logo","url":"","contentUrl":"","caption":"Rafa Nadal Academy"}]}},"_links":{"self":[{"href":"https:\/\/www.rafanadalacademy.com\/ca\/wp-json\/wp\/v2\/posts\/51347","targetHints":{"allow":["GET"]}}],"collection":[{"href":"https:\/\/www.rafanadalacademy.com\/ca\/wp-json\/wp\/v2\/posts"}],"about":[{"href":"https:\/\/www.rafanadalacademy.com\/ca\/wp-json\/wp\/v2\/types\/post"}],"author":[{"embeddable":true,"href":"https:\/\/www.rafanadalacademy.com\/ca\/wp-json\/wp\/v2\/users\/23"}],"replies":[{"embeddable":true,"href":"https:\/\/www.rafanadalacademy.com\/ca\/wp-json\/wp\/v2\/comments?post=51347"}],"version-history":[{"count":1,"href":"https:\/\/www.rafanadalacademy.com\/ca\/wp-json\/wp\/v2\/posts\/51347\/revisions"}],"predecessor-version":[{"id":51348,"href":"https:\/\/www.rafanadalacademy.com\/ca\/wp-json\/wp\/v2\/posts\/51347\/revisions\/51348"}],"wp:featuredmedia":[{"embeddable":true,"href":"https:\/\/www.rafanadalacademy.com\/ca\/wp-json\/wp\/v2\/media\/51320"}],"wp:attachment":[{"href":"https:\/\/www.rafanadalacademy.com\/ca\/wp-json\/wp\/v2\/media?parent=51347"}],"wp:term":[{"taxonomy":"category","embeddable":true,"href":"https:\/\/www.rafanadalacademy.com\/ca\/wp-json\/wp\/v2\/categories?post=51347"},{"taxonomy":"post_tag","embeddable":true,"href":"https:\/\/www.rafanadalacademy.com\/ca\/wp-json\/wp\/v2\/tags?post=51347"}],"curies":[{"name":"wp","href":"https:\/\/api.w.org\/{rel}","templated":true}]}}