{"id":50920,"date":"2026-08-31T09:06:57","date_gmt":"2026-08-31T09:06:57","guid":{"rendered":"https:\/\/www.rafanadalacademy.com\/sin-categorizar\/comenca-la-vuitena-edicio-del-rafa-nadal-open-by-movistar\/"},"modified":"2026-08-31T09:10:58","modified_gmt":"2026-08-31T09:10:58","slug":"comenca-la-vuitena-edicio-del-rafa-nadal-open-by-movistar","status":"publish","type":"post","link":"https:\/\/www.rafanadalacademy.com\/ca\/noticies\/comenca-la-vuitena-edicio-del-rafa-nadal-open-by-movistar\/","title":{"rendered":"Comen\u00e7a la vuitena edici\u00f3 del Rafa Nadal Open by Movistar"},"content":{"rendered":"\n<p class=\"wp-block-paragraph\">El<strong> Rafa Nadal Open by Movistar 2026 ja est\u00e0 en marxa<\/strong>. Les pistes de la Rafa Nadal Academy a Manacor acullen els primers partits de la fase pr\u00e8via d&#8217;un torneig que pertany a l&#8217;<strong>ATP Challenger Tour<\/strong> i que es disputar\u00e0 fins al pr\u00f2xim 6 de setembre. <\/p>\n\n<figure class=\"wp-block-image size-large\"><img loading=\"lazy\" decoding=\"async\" width=\"1024\" height=\"683\" src=\"https:\/\/www.rafanadalacademy.com\/wp-content\/uploads\/2025\/08\/FINAL_ATP-Challenger-RNA-2024_-3537-1024x683.jpg\" alt=\"Imatge a&#xE8;ria de la pista central durant la final del Rafa Nadal Open by Movistar\" class=\"wp-image-30429\" srcset=\"https:\/\/www.rafanadalacademy.com\/wp-content\/uploads\/2025\/08\/FINAL_ATP-Challenger-RNA-2024_-3537-1024x683.jpg 1024w, https:\/\/www.rafanadalacademy.com\/wp-content\/uploads\/2025\/08\/FINAL_ATP-Challenger-RNA-2024_-3537-300x200.jpg 300w, https:\/\/www.rafanadalacademy.com\/wp-content\/uploads\/2025\/08\/FINAL_ATP-Challenger-RNA-2024_-3537-768x512.jpg 768w, https:\/\/www.rafanadalacademy.com\/wp-content\/uploads\/2025\/08\/FINAL_ATP-Challenger-RNA-2024_-3537-1536x1024.jpg 1536w, https:\/\/www.rafanadalacademy.com\/wp-content\/uploads\/2025\/08\/FINAL_ATP-Challenger-RNA-2024_-3537-2048x1365.jpg 2048w\" sizes=\"auto, (max-width: 1024px) 100vw, 1024px\" \/><figcaption class=\"wp-element-caption\">Imatge a\u00e8ria de la pista central durant la final del Rafa Nadal Open by Movistar<\/figcaption><\/figure>\n\n<div style=\"height:30px\" aria-hidden=\"true\" class=\"wp-block-spacer\"><\/div>\n\n<p class=\"wp-block-paragraph\">Despr\u00e9s de l&#8217;inici de la fase de classificaci\u00f3, totes les mirades es centren ja en un quadre principal que tornar\u00e0 a reunir jugadors consolidats del circuit professional i algunes de les joves promeses del tennis internacional.<\/p>\n\n<p class=\"wp-block-paragraph\">Entre ells hi haur\u00e0 una important representaci\u00f3 de la <strong>Rafa Nadal Academy<\/strong>, amb la pres\u00e8ncia de <strong>tres campions de Grand Slam j\u00fanior: Dani Rinc\u00f3n, Ivan Ivanov i Ziga Sesko<\/strong>.<\/p>\n\n<p class=\"wp-block-paragraph\">Un dels grans protagonistes ser\u00e0 precisament <strong>Dani Rinc\u00f3n<\/strong>, vigent campi\u00f3 del Rafa Nadal Open by Movistar. El jugador abul\u00e8s, campi\u00f3 de l&#8217;<strong>US Open j\u00fanior el 2021<\/strong>, tornar\u00e0 a les pistes en les quals l&#8217;any passat es va convertir en el primer tennista espanyol i en el primer jugador de l&#8217;Acad\u00e8mia a conquerir el t\u00edtol. Rinc\u00f3n comen\u00e7ar\u00e0 la defensa de la seva corona davant l&#8217;estoni\u00e0 <strong>Daniil Glinka<\/strong>.  <\/p>\n\n<p class=\"wp-block-paragraph\">Tamb\u00e9 formar\u00e0 part del quadre <strong>Ivan Ivanov<\/strong>, que es presenta a Manacor despr\u00e9s d&#8217;una brillant etapa j\u00fanior en qu\u00e8 s&#8217;ha consolidat com un dels grans talents de la seva generaci\u00f3.<\/p>\n\n<div style=\"height:29px\" aria-hidden=\"true\" class=\"wp-block-spacer\"><\/div>\n\n<figure class=\"wp-block-image size-full\"><a href=\"https:\/\/rafanadalopen.com\/entradas-gratuitas\/\"><img loading=\"lazy\" decoding=\"async\" width=\"942\" height=\"717\" src=\"https:\/\/www.rafanadalacademy.com\/wp-content\/uploads\/2026\/08\/rafa-nadal-open-2026.png\" alt=\"\" class=\"wp-image-49907\" srcset=\"https:\/\/www.rafanadalacademy.com\/wp-content\/uploads\/2026\/08\/rafa-nadal-open-2026.png 942w, https:\/\/www.rafanadalacademy.com\/wp-content\/uploads\/2026\/08\/rafa-nadal-open-2026-300x228.png 300w, https:\/\/www.rafanadalacademy.com\/wp-content\/uploads\/2026\/08\/rafa-nadal-open-2026-768x585.png 768w\" sizes=\"auto, (max-width: 942px) 100vw, 942px\" \/><\/a><\/figure>\n\n<div style=\"height:29px\" aria-hidden=\"true\" class=\"wp-block-spacer\"><\/div>\n\n<p class=\"wp-block-paragraph\">El tercer campi\u00f3 de Grand Slam j\u00fanior de l&#8217;Acad\u00e8mia ser\u00e0 <strong>Ziga Sesko<\/strong>, recent guanyador del t\u00edtol de dobles de Wimbledon j\u00fanior. El jugador eslov\u00e8 va ser a m\u00e9s un dels protagonistes del <strong>sorteig del quadre principal del Rafa Nadal Open by Movistar<\/strong>, celebrat a l&#8217;Acad\u00e8mia abans del comen\u00e7ament de la competici\u00f3. Sesko debutar\u00e0 davant el <strong>segon cap de s\u00e8rie del torneig, el franc\u00e8s Alexandre Muller<\/strong>.  <\/p>\n\n<p class=\"wp-block-paragraph\"><strong>Vuit edicions de tennis professional a Manacor<\/strong><\/p>\n\n<p class=\"wp-block-paragraph\">Des de la seva creaci\u00f3 el <strong>2018<\/strong>, el Rafa Nadal Open by Movistar ha comptat amb la participaci\u00f3 de noms com <strong>Carlos Alcaraz, Andy Murray, Marin Cilic, Fernando Verdasco o Pablo And\u00fajar<\/strong>, a m\u00e9s de nombrosos joves que posteriorment han aconseguit consolidar-se en l&#8217;elit del tennis mundial.<\/p>\n\n<p class=\"wp-block-paragraph\">A m\u00e9s, en les seves set edicions anteriors, <strong>cap jugador ha repetit t\u00edtol<\/strong>, amb set campions diferents: <strong>Bernard Tomic (2018), Emil Ruusuvuori (2019), Lukas Lacko (2021), Luca Nardi (2022), Hamad Medjedovic (2023), Duje Ajdukovi\u0107 (2024) i Dani Rinc\u00f3n (2025)<\/strong>.<\/p>\n\n<figure class=\"wp-block-gallery has-nested-images columns-default is-cropped wp-block-gallery-1 is-layout-flex wp-block-gallery-is-layout-flex\">\n<figure class=\"wp-block-image size-large\"><img loading=\"lazy\" decoding=\"async\" width=\"819\" height=\"1024\" data-id=\"50853\" src=\"https:\/\/www.rafanadalacademy.com\/wp-content\/uploads\/2026\/08\/dummy-3-819x1024.png\" alt=\"\" class=\"wp-image-50853\" srcset=\"https:\/\/www.rafanadalacademy.com\/wp-content\/uploads\/2026\/08\/dummy-3-819x1024.png 819w, https:\/\/www.rafanadalacademy.com\/wp-content\/uploads\/2026\/08\/dummy-3-240x300.png 240w, https:\/\/www.rafanadalacademy.com\/wp-content\/uploads\/2026\/08\/dummy-3-768x960.png 768w, https:\/\/www.rafanadalacademy.com\/wp-content\/uploads\/2026\/08\/dummy-3-1229x1536.png 1229w, https:\/\/www.rafanadalacademy.com\/wp-content\/uploads\/2026\/08\/dummy-3.png 1440w\" sizes=\"auto, (max-width: 819px) 100vw, 819px\" \/><\/figure>\n<\/figure>\n\n<div style=\"height:29px\" aria-hidden=\"true\" class=\"wp-block-spacer\"><\/div>\n\n<p class=\"wp-block-paragraph\">M\u00e9s enll\u00e0 de la competici\u00f3, el <strong>Rafa Nadal Open by Movistar<\/strong> tornar\u00e0 a combinar durant tota la setmana tennis i entreteniment amb una programaci\u00f3 de <strong>propostes gastron\u00f2miques, m\u00fasica i activitats d&#8217;oci per a nens i fam\u00edlies<\/strong>. Com en edicions anteriors, <strong>l&#8217;acc\u00e9s al torneig ser\u00e0 gratu\u00eft<\/strong>, pr\u00e8via desc\u00e0rrega de l&#8217;entrada a trav\u00e9s del web oficial de l&#8217;esdeveniment (<a href=\"https:\/\/rafanadalopen.com\">https:\/\/rafanadalopen.com<\/a>). <\/p>\n\n<div style=\"height:29px\" aria-hidden=\"true\" class=\"wp-block-spacer\"><\/div>\n\n<figure class=\"wp-block-embed is-type-video is-provider-youtube wp-block-embed-youtube wp-embed-aspect-16-9 wp-has-aspect-ratio\"><div class=\"wp-block-embed__wrapper\">\n<iframe loading=\"lazy\" title=\"Rafa Nadal Open by Movistar 2025: The Film\" width=\"500\" height=\"281\" src=\"https:\/\/www.youtube.com\/embed\/IpXRqbaM6kg?feature=oembed\" frameborder=\"0\" allow=\"accelerometer; autoplay; clipboard-write; encrypted-media; gyroscope; picture-in-picture; web-share\" referrerpolicy=\"strict-origin-when-cross-origin\" allowfullscreen><\/iframe>\n<\/div><\/figure>\n\n<div style=\"height:30px\" aria-hidden=\"true\" class=\"wp-block-spacer\"><\/div>\n\n<p class=\"wp-block-paragraph\">A m\u00e9s, els aficionats que descarreguin la seva entrada podran accedir al <strong>renovat Rafa Nadal Museum per un preu especial de 14 euros<\/strong>, completant la jornada de tennis amb un recorregut per la traject\u00f2ria de Rafa Nadal i algunes de les grans llegendes de l&#8217;esport.<\/p>\n\n<p class=\"wp-block-paragraph\">La competici\u00f3 es prolongar\u00e0 fins al <strong>diumenge 6 de setembre<\/strong>, quan es coneixer\u00e0 el vuit\u00e8 campi\u00f3 del Rafa Nadal Open by Movistar.<\/p>\n\n<div style=\"height:30px\" aria-hidden=\"true\" class=\"wp-block-spacer\"><\/div>\n\n<figure class=\"wp-block-embed is-type-video is-provider-youtube wp-block-embed-youtube wp-embed-aspect-16-9 wp-has-aspect-ratio\"><div class=\"wp-block-embed__wrapper\">\n<iframe loading=\"lazy\" title=\"Rafa Nadal presencia la final del Rafa Nadal Open by Movistar\" width=\"500\" height=\"281\" src=\"https:\/\/www.youtube.com\/embed\/yEA1qkXZKJI?feature=oembed\" frameborder=\"0\" allow=\"accelerometer; autoplay; clipboard-write; encrypted-media; gyroscope; picture-in-picture; web-share\" referrerpolicy=\"strict-origin-when-cross-origin\" allowfullscreen><\/iframe>\n<\/div><\/figure>\n\n<p class=\"wp-block-paragraph\"><\/p>\n\n<p class=\"wp-block-paragraph\"><\/p>\n\n<p class=\"wp-block-paragraph\"><\/p>\n","protected":false},"excerpt":{"rendered":"<p>El Rafa Nadal Open by Movistar 2026 ja est\u00e0 en marxa. Les pistes de la Rafa Nadal Academy a Manacor acullen els primers partits de la fase pr\u00e8via d&#8217;un torneig que pertany a l&#8217;ATP Challenger Tour i que es disputar\u00e0 fins al pr\u00f2xim 6 de setembre. Despr\u00e9s de l&#8217;inici de la fase de classificaci\u00f3, totes<a href=\"https:\/\/www.rafanadalacademy.com\/ca\/noticies\/comenca-la-vuitena-edicio-del-rafa-nadal-open-by-movistar\/\">Continue reading <span class=\"sr-only\">&#8220;Comen\u00e7a la vuitena edici\u00f3 del Rafa Nadal Open by Movistar&#8221;<\/span><\/a><\/p>\n","protected":false},"author":23,"featured_media":28832,"comment_status":"closed","ping_status":"closed","sticky":false,"template":"","format":"standard","meta":{"_acf_changed":false,"footnotes":""},"categories":[157,209,153],"tags":[210],"class_list":["post-50920","post","type-post","status-publish","format-standard","has-post-thumbnail","hentry","category-noticies","category-rafa-nadal-academy-by-movistar-ca","category-rafa-nadal-open-ca","tag-rafa-nadal-academy-by-movistar-ca"],"acf":[],"yoast_head":"<!-- This site is optimized with the Yoast SEO Premium plugin v26.8 (Yoast SEO v28.3) - https:\/\/yoast.com\/product\/yoast-seo-premium-wordpress\/ -->\n<title>Comen\u00e7a la vuitena edici\u00f3 del Rafa Nadal Open by Movistar - Rafa Nadal Academy<\/title>\n<meta name=\"description\" content=\"La vuitena edici\u00f3 del Rafa Nadal Open by Movistar ja est\u00e0 en marxa. Les pistes de la Rafa Nadal Academy a Manacor acullen els primers partits de la fase pr\u00e8via d&#039;un torneig que pertany a l&#039;ATP Challenger Tour i que es disputar\u00e0 fins al pr\u00f2xim 6 de setembre.\" \/>\n<meta name=\"robots\" content=\"index, follow, max-snippet:-1, max-image-preview:large, max-video-preview:-1\" \/>\n<link rel=\"canonical\" href=\"https:\/\/www.rafanadalacademy.com\/ca\/noticies\/comenca-la-vuitena-edicio-del-rafa-nadal-open-by-movistar\/\" \/>\n<meta property=\"og:locale\" content=\"ca_ES\" \/>\n<meta property=\"og:type\" content=\"article\" \/>\n<meta property=\"og:title\" content=\"Comen\u00e7a la vuitena edici\u00f3 del Rafa Nadal Open by Movistar\" \/>\n<meta property=\"og:description\" content=\"La vuitena edici\u00f3 del Rafa Nadal Open by Movistar ja est\u00e0 en marxa. Les pistes de la Rafa Nadal Academy a Manacor acullen els primers partits de la fase pr\u00e8via d&#039;un torneig que pertany a l&#039;ATP Challenger Tour i que es disputar\u00e0 fins al pr\u00f2xim 6 de setembre.\" \/>\n<meta property=\"og:url\" content=\"https:\/\/www.rafanadalacademy.com\/ca\/noticies\/comenca-la-vuitena-edicio-del-rafa-nadal-open-by-movistar\/\" \/>\n<meta property=\"og:site_name\" content=\"Rafa Nadal Academy\" \/>\n<meta property=\"article:published_time\" content=\"2026-08-31T09:06:57+00:00\" \/>\n<meta property=\"article:modified_time\" content=\"2026-08-31T09:10:58+00:00\" \/>\n<meta property=\"og:image\" content=\"https:\/\/www.rafanadalacademy.com\/wp-content\/uploads\/2025\/07\/quiz-rafa-nadal-open-by-movistar-2023-m1lky8rerz-2.jpg\" \/>\n\t<meta property=\"og:image:width\" content=\"2000\" \/>\n\t<meta property=\"og:image:height\" content=\"1205\" \/>\n\t<meta property=\"og:image:type\" content=\"image\/jpeg\" \/>\n<meta name=\"author\" content=\"joseluisprados\" \/>\n<meta name=\"twitter:card\" content=\"summary_large_image\" \/>\n<meta name=\"twitter:label1\" content=\"Written by\" \/>\n\t<meta name=\"twitter:data1\" content=\"joseluisprados\" \/>\n\t<meta name=\"twitter:label2\" content=\"Est. reading time\" \/>\n\t<meta name=\"twitter:data2\" content=\"3 minutes\" \/>\n<script type=\"application\/ld+json\" class=\"yoast-schema-graph\">{\"@context\":\"https:\\\/\\\/schema.org\",\"@graph\":[{\"@type\":\"Article\",\"@id\":\"https:\\\/\\\/www.rafanadalacademy.com\\\/ca\\\/noticies\\\/comenca-la-vuitena-edicio-del-rafa-nadal-open-by-movistar\\\/#article\",\"isPartOf\":{\"@id\":\"https:\\\/\\\/www.rafanadalacademy.com\\\/ca\\\/noticies\\\/comenca-la-vuitena-edicio-del-rafa-nadal-open-by-movistar\\\/\"},\"author\":{\"name\":\"joseluisprados\",\"@id\":\"https:\\\/\\\/www.rafanadalacademy.com\\\/ca\\\/#\\\/schema\\\/person\\\/744897d6ee269641fff954376180ef01\"},\"headline\":\"Comen\u00e7a la vuitena edici\u00f3 del Rafa Nadal Open by Movistar\",\"datePublished\":\"2026-08-31T09:06:57+00:00\",\"dateModified\":\"2026-08-31T09:10:58+00:00\",\"mainEntityOfPage\":{\"@id\":\"https:\\\/\\\/www.rafanadalacademy.com\\\/ca\\\/noticies\\\/comenca-la-vuitena-edicio-del-rafa-nadal-open-by-movistar\\\/\"},\"wordCount\":578,\"image\":{\"@id\":\"https:\\\/\\\/www.rafanadalacademy.com\\\/ca\\\/noticies\\\/comenca-la-vuitena-edicio-del-rafa-nadal-open-by-movistar\\\/#primaryimage\"},\"thumbnailUrl\":\"https:\\\/\\\/www.rafanadalacademy.com\\\/wp-content\\\/uploads\\\/2025\\\/07\\\/quiz-rafa-nadal-open-by-movistar-2023-m1lky8rerz-2.jpg\",\"keywords\":[\"RAFA NADAL ACADEMY BY MOVISTAR\"],\"articleSection\":[\"Not\u00edcies\",\"RAFA NADAL ACADEMY BY MOVISTAR\",\"RAFA NADAL OPEN\"],\"inLanguage\":\"ca\",\"copyrightYear\":\"2026\",\"copyrightHolder\":{\"@id\":\"https:\\\/\\\/www.rafanadalacademy.com\\\/#organization\"}},{\"@type\":\"WebPage\",\"@id\":\"https:\\\/\\\/www.rafanadalacademy.com\\\/ca\\\/noticies\\\/comenca-la-vuitena-edicio-del-rafa-nadal-open-by-movistar\\\/\",\"url\":\"https:\\\/\\\/www.rafanadalacademy.com\\\/ca\\\/noticies\\\/comenca-la-vuitena-edicio-del-rafa-nadal-open-by-movistar\\\/\",\"name\":\"Comen\u00e7a la vuitena edici\u00f3 del Rafa Nadal Open by Movistar - Rafa Nadal Academy\",\"isPartOf\":{\"@id\":\"https:\\\/\\\/www.rafanadalacademy.com\\\/ca\\\/#website\"},\"primaryImageOfPage\":{\"@id\":\"https:\\\/\\\/www.rafanadalacademy.com\\\/ca\\\/noticies\\\/comenca-la-vuitena-edicio-del-rafa-nadal-open-by-movistar\\\/#primaryimage\"},\"image\":{\"@id\":\"https:\\\/\\\/www.rafanadalacademy.com\\\/ca\\\/noticies\\\/comenca-la-vuitena-edicio-del-rafa-nadal-open-by-movistar\\\/#primaryimage\"},\"thumbnailUrl\":\"https:\\\/\\\/www.rafanadalacademy.com\\\/wp-content\\\/uploads\\\/2025\\\/07\\\/quiz-rafa-nadal-open-by-movistar-2023-m1lky8rerz-2.jpg\",\"datePublished\":\"2026-08-31T09:06:57+00:00\",\"dateModified\":\"2026-08-31T09:10:58+00:00\",\"author\":{\"@id\":\"https:\\\/\\\/www.rafanadalacademy.com\\\/ca\\\/#\\\/schema\\\/person\\\/744897d6ee269641fff954376180ef01\"},\"description\":\"La vuitena edici\u00f3 del Rafa Nadal Open by Movistar ja est\u00e0 en marxa. Les pistes de la Rafa Nadal Academy a Manacor acullen els primers partits de la fase pr\u00e8via d'un torneig que pertany a l'ATP Challenger Tour i que es disputar\u00e0 fins al pr\u00f2xim 6 de setembre.\",\"breadcrumb\":{\"@id\":\"https:\\\/\\\/www.rafanadalacademy.com\\\/ca\\\/noticies\\\/comenca-la-vuitena-edicio-del-rafa-nadal-open-by-movistar\\\/#breadcrumb\"},\"inLanguage\":\"ca\",\"potentialAction\":[{\"@type\":\"ReadAction\",\"target\":[\"https:\\\/\\\/www.rafanadalacademy.com\\\/ca\\\/noticies\\\/comenca-la-vuitena-edicio-del-rafa-nadal-open-by-movistar\\\/\"]}]},{\"@type\":\"ImageObject\",\"inLanguage\":\"ca\",\"@id\":\"https:\\\/\\\/www.rafanadalacademy.com\\\/ca\\\/noticies\\\/comenca-la-vuitena-edicio-del-rafa-nadal-open-by-movistar\\\/#primaryimage\",\"url\":\"https:\\\/\\\/www.rafanadalacademy.com\\\/wp-content\\\/uploads\\\/2025\\\/07\\\/quiz-rafa-nadal-open-by-movistar-2023-m1lky8rerz-2.jpg\",\"contentUrl\":\"https:\\\/\\\/www.rafanadalacademy.com\\\/wp-content\\\/uploads\\\/2025\\\/07\\\/quiz-rafa-nadal-open-by-movistar-2023-m1lky8rerz-2.jpg\",\"width\":2000,\"height\":1205},{\"@type\":\"BreadcrumbList\",\"@id\":\"https:\\\/\\\/www.rafanadalacademy.com\\\/ca\\\/noticies\\\/comenca-la-vuitena-edicio-del-rafa-nadal-open-by-movistar\\\/#breadcrumb\",\"itemListElement\":[{\"@type\":\"ListItem\",\"position\":1,\"name\":\"Home\",\"item\":\"https:\\\/\\\/www.rafanadalacademy.com\\\/ca\\\/\"},{\"@type\":\"ListItem\",\"position\":2,\"name\":\"Comen\u00e7a la vuitena edici\u00f3 del Rafa Nadal Open by Movistar\"}]},{\"@type\":\"WebSite\",\"@id\":\"https:\\\/\\\/www.rafanadalacademy.com\\\/ca\\\/#website\",\"url\":\"https:\\\/\\\/www.rafanadalacademy.com\\\/ca\\\/\",\"name\":\"Rafa Nadal Academy\",\"description\":\"Otro sitio realizado con WordPress\",\"potentialAction\":[{\"@type\":\"SearchAction\",\"target\":{\"@type\":\"EntryPoint\",\"urlTemplate\":\"https:\\\/\\\/www.rafanadalacademy.com\\\/ca\\\/?s={search_term_string}\"},\"query-input\":{\"@type\":\"PropertyValueSpecification\",\"valueRequired\":true,\"valueName\":\"search_term_string\"}}],\"inLanguage\":\"ca\"},{\"@type\":\"Person\",\"@id\":\"https:\\\/\\\/www.rafanadalacademy.com\\\/ca\\\/#\\\/schema\\\/person\\\/744897d6ee269641fff954376180ef01\",\"name\":\"joseluisprados\",\"image\":{\"@type\":\"ImageObject\",\"inLanguage\":\"ca\",\"@id\":\"https:\\\/\\\/secure.gravatar.com\\\/avatar\\\/8aa823a6e5501864ffab4785d9e2a994b59c2d45c9f9751c5a532abfec081e5f?s=96&d=mm&r=g\",\"url\":\"https:\\\/\\\/secure.gravatar.com\\\/avatar\\\/8aa823a6e5501864ffab4785d9e2a994b59c2d45c9f9751c5a532abfec081e5f?s=96&d=mm&r=g\",\"contentUrl\":\"https:\\\/\\\/secure.gravatar.com\\\/avatar\\\/8aa823a6e5501864ffab4785d9e2a994b59c2d45c9f9751c5a532abfec081e5f?s=96&d=mm&r=g\",\"caption\":\"joseluisprados\"},\"url\":\"https:\\\/\\\/www.rafanadalacademy.com\\\/ca\\\/author\\\/joseluisprados\\\/\"},{\"@type\":\"ImageObject\",\"inLanguage\":\"ca\",\"@id\":\"https:\\\/\\\/www.rafanadalacademy.com\\\/ca\\\/noticies\\\/comenca-la-vuitena-edicio-del-rafa-nadal-open-by-movistar\\\/#local-main-organization-logo\",\"url\":\"\",\"contentUrl\":\"\",\"caption\":\"Rafa Nadal Academy\"}]}<\/script>\n<!-- \/ Yoast SEO Premium plugin. -->","yoast_head_json":{"title":"Comen\u00e7a la vuitena edici\u00f3 del Rafa Nadal Open by Movistar - Rafa Nadal Academy","description":"La vuitena edici\u00f3 del Rafa Nadal Open by Movistar ja est\u00e0 en marxa. Les pistes de la Rafa Nadal Academy a Manacor acullen els primers partits de la fase pr\u00e8via d'un torneig que pertany a l'ATP Challenger Tour i que es disputar\u00e0 fins al pr\u00f2xim 6 de setembre.","robots":{"index":"index","follow":"follow","max-snippet":"max-snippet:-1","max-image-preview":"max-image-preview:large","max-video-preview":"max-video-preview:-1"},"canonical":"https:\/\/www.rafanadalacademy.com\/ca\/noticies\/comenca-la-vuitena-edicio-del-rafa-nadal-open-by-movistar\/","og_locale":"ca_ES","og_type":"article","og_title":"Comen\u00e7a la vuitena edici\u00f3 del Rafa Nadal Open by Movistar","og_description":"La vuitena edici\u00f3 del Rafa Nadal Open by Movistar ja est\u00e0 en marxa. Les pistes de la Rafa Nadal Academy a Manacor acullen els primers partits de la fase pr\u00e8via d'un torneig que pertany a l'ATP Challenger Tour i que es disputar\u00e0 fins al pr\u00f2xim 6 de setembre.","og_url":"https:\/\/www.rafanadalacademy.com\/ca\/noticies\/comenca-la-vuitena-edicio-del-rafa-nadal-open-by-movistar\/","og_site_name":"Rafa Nadal Academy","article_published_time":"2026-08-31T09:06:57+00:00","article_modified_time":"2026-08-31T09:10:58+00:00","og_image":[{"width":2000,"height":1205,"url":"https:\/\/www.rafanadalacademy.com\/wp-content\/uploads\/2025\/07\/quiz-rafa-nadal-open-by-movistar-2023-m1lky8rerz-2.jpg","type":"image\/jpeg"}],"author":"joseluisprados","twitter_card":"summary_large_image","twitter_misc":{"Written by":"joseluisprados","Est. reading time":"3 minutes"},"schema":{"@context":"https:\/\/schema.org","@graph":[{"@type":"Article","@id":"https:\/\/www.rafanadalacademy.com\/ca\/noticies\/comenca-la-vuitena-edicio-del-rafa-nadal-open-by-movistar\/#article","isPartOf":{"@id":"https:\/\/www.rafanadalacademy.com\/ca\/noticies\/comenca-la-vuitena-edicio-del-rafa-nadal-open-by-movistar\/"},"author":{"name":"joseluisprados","@id":"https:\/\/www.rafanadalacademy.com\/ca\/#\/schema\/person\/744897d6ee269641fff954376180ef01"},"headline":"Comen\u00e7a la vuitena edici\u00f3 del Rafa Nadal Open by Movistar","datePublished":"2026-08-31T09:06:57+00:00","dateModified":"2026-08-31T09:10:58+00:00","mainEntityOfPage":{"@id":"https:\/\/www.rafanadalacademy.com\/ca\/noticies\/comenca-la-vuitena-edicio-del-rafa-nadal-open-by-movistar\/"},"wordCount":578,"image":{"@id":"https:\/\/www.rafanadalacademy.com\/ca\/noticies\/comenca-la-vuitena-edicio-del-rafa-nadal-open-by-movistar\/#primaryimage"},"thumbnailUrl":"https:\/\/www.rafanadalacademy.com\/wp-content\/uploads\/2025\/07\/quiz-rafa-nadal-open-by-movistar-2023-m1lky8rerz-2.jpg","keywords":["RAFA NADAL ACADEMY BY MOVISTAR"],"articleSection":["Not\u00edcies","RAFA NADAL ACADEMY BY MOVISTAR","RAFA NADAL OPEN"],"inLanguage":"ca","copyrightYear":"2026","copyrightHolder":{"@id":"https:\/\/www.rafanadalacademy.com\/#organization"}},{"@type":"WebPage","@id":"https:\/\/www.rafanadalacademy.com\/ca\/noticies\/comenca-la-vuitena-edicio-del-rafa-nadal-open-by-movistar\/","url":"https:\/\/www.rafanadalacademy.com\/ca\/noticies\/comenca-la-vuitena-edicio-del-rafa-nadal-open-by-movistar\/","name":"Comen\u00e7a la vuitena edici\u00f3 del Rafa Nadal Open by Movistar - Rafa Nadal Academy","isPartOf":{"@id":"https:\/\/www.rafanadalacademy.com\/ca\/#website"},"primaryImageOfPage":{"@id":"https:\/\/www.rafanadalacademy.com\/ca\/noticies\/comenca-la-vuitena-edicio-del-rafa-nadal-open-by-movistar\/#primaryimage"},"image":{"@id":"https:\/\/www.rafanadalacademy.com\/ca\/noticies\/comenca-la-vuitena-edicio-del-rafa-nadal-open-by-movistar\/#primaryimage"},"thumbnailUrl":"https:\/\/www.rafanadalacademy.com\/wp-content\/uploads\/2025\/07\/quiz-rafa-nadal-open-by-movistar-2023-m1lky8rerz-2.jpg","datePublished":"2026-08-31T09:06:57+00:00","dateModified":"2026-08-31T09:10:58+00:00","author":{"@id":"https:\/\/www.rafanadalacademy.com\/ca\/#\/schema\/person\/744897d6ee269641fff954376180ef01"},"description":"La vuitena edici\u00f3 del Rafa Nadal Open by Movistar ja est\u00e0 en marxa. Les pistes de la Rafa Nadal Academy a Manacor acullen els primers partits de la fase pr\u00e8via d'un torneig que pertany a l'ATP Challenger Tour i que es disputar\u00e0 fins al pr\u00f2xim 6 de setembre.","breadcrumb":{"@id":"https:\/\/www.rafanadalacademy.com\/ca\/noticies\/comenca-la-vuitena-edicio-del-rafa-nadal-open-by-movistar\/#breadcrumb"},"inLanguage":"ca","potentialAction":[{"@type":"ReadAction","target":["https:\/\/www.rafanadalacademy.com\/ca\/noticies\/comenca-la-vuitena-edicio-del-rafa-nadal-open-by-movistar\/"]}]},{"@type":"ImageObject","inLanguage":"ca","@id":"https:\/\/www.rafanadalacademy.com\/ca\/noticies\/comenca-la-vuitena-edicio-del-rafa-nadal-open-by-movistar\/#primaryimage","url":"https:\/\/www.rafanadalacademy.com\/wp-content\/uploads\/2025\/07\/quiz-rafa-nadal-open-by-movistar-2023-m1lky8rerz-2.jpg","contentUrl":"https:\/\/www.rafanadalacademy.com\/wp-content\/uploads\/2025\/07\/quiz-rafa-nadal-open-by-movistar-2023-m1lky8rerz-2.jpg","width":2000,"height":1205},{"@type":"BreadcrumbList","@id":"https:\/\/www.rafanadalacademy.com\/ca\/noticies\/comenca-la-vuitena-edicio-del-rafa-nadal-open-by-movistar\/#breadcrumb","itemListElement":[{"@type":"ListItem","position":1,"name":"Home","item":"https:\/\/www.rafanadalacademy.com\/ca\/"},{"@type":"ListItem","position":2,"name":"Comen\u00e7a la vuitena edici\u00f3 del Rafa Nadal Open by Movistar"}]},{"@type":"WebSite","@id":"https:\/\/www.rafanadalacademy.com\/ca\/#website","url":"https:\/\/www.rafanadalacademy.com\/ca\/","name":"Rafa Nadal Academy","description":"Otro sitio realizado con WordPress","potentialAction":[{"@type":"SearchAction","target":{"@type":"EntryPoint","urlTemplate":"https:\/\/www.rafanadalacademy.com\/ca\/?s={search_term_string}"},"query-input":{"@type":"PropertyValueSpecification","valueRequired":true,"valueName":"search_term_string"}}],"inLanguage":"ca"},{"@type":"Person","@id":"https:\/\/www.rafanadalacademy.com\/ca\/#\/schema\/person\/744897d6ee269641fff954376180ef01","name":"joseluisprados","image":{"@type":"ImageObject","inLanguage":"ca","@id":"https:\/\/secure.gravatar.com\/avatar\/8aa823a6e5501864ffab4785d9e2a994b59c2d45c9f9751c5a532abfec081e5f?s=96&d=mm&r=g","url":"https:\/\/secure.gravatar.com\/avatar\/8aa823a6e5501864ffab4785d9e2a994b59c2d45c9f9751c5a532abfec081e5f?s=96&d=mm&r=g","contentUrl":"https:\/\/secure.gravatar.com\/avatar\/8aa823a6e5501864ffab4785d9e2a994b59c2d45c9f9751c5a532abfec081e5f?s=96&d=mm&r=g","caption":"joseluisprados"},"url":"https:\/\/www.rafanadalacademy.com\/ca\/author\/joseluisprados\/"},{"@type":"ImageObject","inLanguage":"ca","@id":"https:\/\/www.rafanadalacademy.com\/ca\/noticies\/comenca-la-vuitena-edicio-del-rafa-nadal-open-by-movistar\/#local-main-organization-logo","url":"","contentUrl":"","caption":"Rafa Nadal Academy"}]}},"_links":{"self":[{"href":"https:\/\/www.rafanadalacademy.com\/ca\/wp-json\/wp\/v2\/posts\/50920","targetHints":{"allow":["GET"]}}],"collection":[{"href":"https:\/\/www.rafanadalacademy.com\/ca\/wp-json\/wp\/v2\/posts"}],"about":[{"href":"https:\/\/www.rafanadalacademy.com\/ca\/wp-json\/wp\/v2\/types\/post"}],"author":[{"embeddable":true,"href":"https:\/\/www.rafanadalacademy.com\/ca\/wp-json\/wp\/v2\/users\/23"}],"replies":[{"embeddable":true,"href":"https:\/\/www.rafanadalacademy.com\/ca\/wp-json\/wp\/v2\/comments?post=50920"}],"version-history":[{"count":1,"href":"https:\/\/www.rafanadalacademy.com\/ca\/wp-json\/wp\/v2\/posts\/50920\/revisions"}],"predecessor-version":[{"id":50921,"href":"https:\/\/www.rafanadalacademy.com\/ca\/wp-json\/wp\/v2\/posts\/50920\/revisions\/50921"}],"wp:featuredmedia":[{"embeddable":true,"href":"https:\/\/www.rafanadalacademy.com\/ca\/wp-json\/wp\/v2\/media\/28832"}],"wp:attachment":[{"href":"https:\/\/www.rafanadalacademy.com\/ca\/wp-json\/wp\/v2\/media?parent=50920"}],"wp:term":[{"taxonomy":"category","embeddable":true,"href":"https:\/\/www.rafanadalacademy.com\/ca\/wp-json\/wp\/v2\/categories?post=50920"},{"taxonomy":"post_tag","embeddable":true,"href":"https:\/\/www.rafanadalacademy.com\/ca\/wp-json\/wp\/v2\/tags?post=50920"}],"curies":[{"name":"wp","href":"https:\/\/api.w.org\/{rel}","templated":true}]}}