{"id":50864,"date":"2026-08-27T07:46:44","date_gmt":"2026-08-27T07:46:44","guid":{"rendered":"https:\/\/www.rafanadalacademy.com\/sin-categorizar\/els-set-magnifics-del-rafa-nadal-open-by-movistar\/"},"modified":"2026-08-27T07:50:48","modified_gmt":"2026-08-27T07:50:48","slug":"els-set-magnifics-del-rafa-nadal-open-by-movistar","status":"publish","type":"post","link":"https:\/\/www.rafanadalacademy.com\/ca\/noticies\/els-set-magnifics-del-rafa-nadal-open-by-movistar\/","title":{"rendered":"Els set magn\u00edfics del Rafa Nadal Open by Movistar"},"content":{"rendered":"\n<p class=\"wp-block-paragraph\">Set edicions, set campions. Des del seu naixement el 2018, el Rafa Nadal Open by Movistar ha constru\u00eft un palmar\u00e8s tan variat com revelador del seu paper dins de l&#8217;ATP Challenger Tour. A la Rafa Nadal Academy by Movistar han aixecat el trofeu joves promeses destinades a fer un salt al circuit, jugadors consolidats a la recerca de confian\u00e7a i noms amb experi\u00e8ncia de sobra per marcar difer\u00e8ncies en una setmana exigent.  <br\/><\/p>\n\n<figure class=\"wp-block-image size-large\"><img loading=\"lazy\" decoding=\"async\" width=\"819\" height=\"1024\" src=\"https:\/\/www.rafanadalacademy.com\/wp-content\/uploads\/2026\/08\/dummy-3-819x1024.png\" alt=\"\" class=\"wp-image-50853\" srcset=\"https:\/\/www.rafanadalacademy.com\/wp-content\/uploads\/2026\/08\/dummy-3-819x1024.png 819w, https:\/\/www.rafanadalacademy.com\/wp-content\/uploads\/2026\/08\/dummy-3-240x300.png 240w, https:\/\/www.rafanadalacademy.com\/wp-content\/uploads\/2026\/08\/dummy-3-768x960.png 768w, https:\/\/www.rafanadalacademy.com\/wp-content\/uploads\/2026\/08\/dummy-3-1229x1536.png 1229w, https:\/\/www.rafanadalacademy.com\/wp-content\/uploads\/2026\/08\/dummy-3.png 1440w\" sizes=\"auto, (max-width: 819px) 100vw, 819px\" \/><\/figure>\n\n<div style=\"height:30px\" aria-hidden=\"true\" class=\"wp-block-spacer\"><\/div>\n\n<p class=\"wp-block-paragraph\">Set edicions despr\u00e9s, el Rafa Nadal Open by Movistar presumeix de set campions diferents. Set noms que ja formen part de la seva hist\u00f2ria. Amb tots vost\u00e8s, els set magn\u00edfics del Rafa Nadal Open by Movistar.  <\/p>\n\n<p class=\"wp-block-paragraph\"><strong>2018 \u2013 Bernard Tomic: el primer campi\u00f3<\/strong><\/p>\n\n<p class=\"wp-block-paragraph\">La primera edici\u00f3 del torneig va coronar l&#8217;australi\u00e0 Bernard Tomic, un jugador de talent contrastat que va saber imposar la seva experi\u00e8ncia en una final molt ajustada davant l&#8217;alemany Matthias Bachinger. Tomic va remuntar per guanyar per 4-6, 6-3 i 7-6, inaugurant aix\u00ed el palmar\u00e8s del Rafa Nadal Open by Movistar. En el seu cam\u00ed cap al t\u00edtol va superar rivals com Mario Vilella, Pedro Cach\u00edn o Norbert Gombos, deixant el llist\u00f3 alt a l&#8217;estrena del torneig.  <\/p>\n\n<p class=\"wp-block-paragraph\"><strong>2019 \u2013 Emil Ruusuvuori: el vendaval finland\u00e8s<\/strong><\/p>\n\n<p class=\"wp-block-paragraph\">Un any despr\u00e9s, el t\u00edtol va viatjar a Finl\u00e0ndia de la m\u00e0 d&#8217;Emil Ruusuvuori. El jove jugador finland\u00e8s va signar una final incontestable davant Matteo Viola, al qual va derrotar per 6-0 i 6-1. Aquella edici\u00f3 tamb\u00e9 va quedar marcada per la pres\u00e8ncia d&#8217;Andy Murray, en ple proc\u00e9s de retorn a la competici\u00f3, i per la participaci\u00f3 d&#8217;un joven\u00edvol Carlos Alcaraz, que comen\u00e7ava a deixar senyals del jugador que estava per venir.  <\/p>\n\n<div style=\"height:29px\" aria-hidden=\"true\" class=\"wp-block-spacer\"><\/div>\n\n<figure class=\"wp-block-image size-full\"><a href=\"https:\/\/rafanadalopen.com\/entradas-gratuitas\/\"><img loading=\"lazy\" decoding=\"async\" width=\"942\" height=\"717\" src=\"https:\/\/www.rafanadalacademy.com\/wp-content\/uploads\/2026\/08\/rafa-nadal-open-2026.png\" alt=\"\" class=\"wp-image-49907\" srcset=\"https:\/\/www.rafanadalacademy.com\/wp-content\/uploads\/2026\/08\/rafa-nadal-open-2026.png 942w, https:\/\/www.rafanadalacademy.com\/wp-content\/uploads\/2026\/08\/rafa-nadal-open-2026-300x228.png 300w, https:\/\/www.rafanadalacademy.com\/wp-content\/uploads\/2026\/08\/rafa-nadal-open-2026-768x585.png 768w\" sizes=\"auto, (max-width: 942px) 100vw, 942px\" \/><\/a><\/figure>\n\n<div style=\"height:29px\" aria-hidden=\"true\" class=\"wp-block-spacer\"><\/div>\n\n<p class=\"wp-block-paragraph\"><strong>2021 \u2013 Lucas Lacko: l&#8217;experi\u00e8ncia tamb\u00e9 guanya<\/strong><\/p>\n\n<p class=\"wp-block-paragraph\">Despr\u00e9s de l&#8217;aturada del 2020 per la pand\u00e8mia, el Rafa Nadal Open by Movistar va tornar el 2021 amb una final carregada d&#8217;emoci\u00f3. L&#8217;eslovac Lucas Lacko, veter\u00e0 del circuit, va fer servir l&#8217;ofici per superar el japon\u00e8s Yasutaka Uchiyama per 5-7, 7-6 i 6-1. El seu triomf a Manacor va tenir un valor especial: va ser l&#8217;\u00faltima conquesta Challenger de la seva carrera, una vict\u00f2ria que va premiar la seva resist\u00e8ncia, el seu recorregut i la seva capacitat per competir fins al final.  <\/p>\n\n<p class=\"wp-block-paragraph\"><strong>2022 \u2013 Luca Nardi: joventut amb temple<\/strong><\/p>\n\n<p class=\"wp-block-paragraph\">L&#8217;itali\u00e0 Luca Nardi va confirmar a Manacor una temporada de creixement i ambici\u00f3. En una final molt igualada davant Zizou Bergs, Nardi va demostrar maduresa competitiva per imposar-se per 7-6, 3-6 i 7-5. Aquell t\u00edtol va ser el seu tercer de l&#8217;any al circuit Challenger i va refor\u00e7ar la seva condici\u00f3 de jugador a seguir. A Mallorca va deixar clar que el seu talent venia acompanyat de car\u00e0cter per resoldre partits de m\u00e0xima exig\u00e8ncia.   <\/p>\n\n<figure class=\"wp-block-gallery has-nested-images columns-default is-cropped wp-block-gallery-1 is-layout-flex wp-block-gallery-is-layout-flex\">\n<figure class=\"wp-block-image size-large\"><img loading=\"lazy\" decoding=\"async\" width=\"953\" height=\"1024\" data-id=\"50798\" src=\"https:\/\/www.rafanadalacademy.com\/wp-content\/uploads\/2026\/08\/Bernard-Tomic-RNOBS-2018_1347-953x1024.jpg\" alt=\"\" class=\"wp-image-50798\" srcset=\"https:\/\/www.rafanadalacademy.com\/wp-content\/uploads\/2026\/08\/Bernard-Tomic-RNOBS-2018_1347-953x1024.jpg 953w, https:\/\/www.rafanadalacademy.com\/wp-content\/uploads\/2026\/08\/Bernard-Tomic-RNOBS-2018_1347-279x300.jpg 279w, https:\/\/www.rafanadalacademy.com\/wp-content\/uploads\/2026\/08\/Bernard-Tomic-RNOBS-2018_1347-768x825.jpg 768w, https:\/\/www.rafanadalacademy.com\/wp-content\/uploads\/2026\/08\/Bernard-Tomic-RNOBS-2018_1347-1430x1536.jpg 1430w, https:\/\/www.rafanadalacademy.com\/wp-content\/uploads\/2026\/08\/Bernard-Tomic-RNOBS-2018_1347-1907x2048.jpg 1907w\" sizes=\"auto, (max-width: 953px) 100vw, 953px\" \/><figcaption class=\"wp-element-caption\">Bernard Tomic, campi\u00f3 del Rafa Nadal Open by Movistar 2018<\/figcaption><\/figure>\n\n\n\n<figure class=\"wp-block-image size-large\"><img loading=\"lazy\" decoding=\"async\" width=\"1024\" height=\"976\" data-id=\"50828\" src=\"https:\/\/www.rafanadalacademy.com\/wp-content\/uploads\/2026\/08\/Emil-Ruusuvuori-2019_ADM_1741-1024x976.jpg\" alt=\"\" class=\"wp-image-50828\" srcset=\"https:\/\/www.rafanadalacademy.com\/wp-content\/uploads\/2026\/08\/Emil-Ruusuvuori-2019_ADM_1741-1024x976.jpg 1024w, https:\/\/www.rafanadalacademy.com\/wp-content\/uploads\/2026\/08\/Emil-Ruusuvuori-2019_ADM_1741-300x286.jpg 300w, https:\/\/www.rafanadalacademy.com\/wp-content\/uploads\/2026\/08\/Emil-Ruusuvuori-2019_ADM_1741-768x732.jpg 768w, https:\/\/www.rafanadalacademy.com\/wp-content\/uploads\/2026\/08\/Emil-Ruusuvuori-2019_ADM_1741-1536x1464.jpg 1536w, https:\/\/www.rafanadalacademy.com\/wp-content\/uploads\/2026\/08\/Emil-Ruusuvuori-2019_ADM_1741-2048x1952.jpg 2048w\" sizes=\"auto, (max-width: 1024px) 100vw, 1024px\" \/><figcaption class=\"wp-element-caption\">Emil Ruusuvuori, campi\u00f3 del Rafa Nadal Open by Movistar 2019<\/figcaption><\/figure>\n\n\n\n<figure class=\"wp-block-image size-large\"><img loading=\"lazy\" decoding=\"async\" width=\"668\" height=\"1024\" data-id=\"50787\" src=\"https:\/\/www.rafanadalacademy.com\/wp-content\/uploads\/2026\/08\/Lukas-lacko-2021-668x1024.jpg\" alt=\"\" class=\"wp-image-50787\" srcset=\"https:\/\/www.rafanadalacademy.com\/wp-content\/uploads\/2026\/08\/Lukas-lacko-2021-668x1024.jpg 668w, https:\/\/www.rafanadalacademy.com\/wp-content\/uploads\/2026\/08\/Lukas-lacko-2021-196x300.jpg 196w, https:\/\/www.rafanadalacademy.com\/wp-content\/uploads\/2026\/08\/Lukas-lacko-2021-768x1177.jpg 768w, https:\/\/www.rafanadalacademy.com\/wp-content\/uploads\/2026\/08\/Lukas-lacko-2021-1002x1536.jpg 1002w, https:\/\/www.rafanadalacademy.com\/wp-content\/uploads\/2026\/08\/Lukas-lacko-2021-1336x2048.jpg 1336w, https:\/\/www.rafanadalacademy.com\/wp-content\/uploads\/2026\/08\/Lukas-lacko-2021-scaled.jpg 1670w\" sizes=\"auto, (max-width: 668px) 100vw, 668px\" \/><figcaption class=\"wp-element-caption\">Lukas Lacko, campi\u00f3 del Rafa Nadal Open by Movistar 2021<\/figcaption><\/figure>\n\n\n\n<figure class=\"wp-block-image size-large\"><img loading=\"lazy\" decoding=\"async\" width=\"1024\" height=\"797\" data-id=\"50844\" src=\"https:\/\/www.rafanadalacademy.com\/wp-content\/uploads\/2026\/08\/Luca-Nardi-IV-RNO-2022-Alvaro-Diaz_2648-1-1024x797.jpg\" alt=\"\" class=\"wp-image-50844\" srcset=\"https:\/\/www.rafanadalacademy.com\/wp-content\/uploads\/2026\/08\/Luca-Nardi-IV-RNO-2022-Alvaro-Diaz_2648-1-1024x797.jpg 1024w, https:\/\/www.rafanadalacademy.com\/wp-content\/uploads\/2026\/08\/Luca-Nardi-IV-RNO-2022-Alvaro-Diaz_2648-1-300x234.jpg 300w, https:\/\/www.rafanadalacademy.com\/wp-content\/uploads\/2026\/08\/Luca-Nardi-IV-RNO-2022-Alvaro-Diaz_2648-1-768x598.jpg 768w, https:\/\/www.rafanadalacademy.com\/wp-content\/uploads\/2026\/08\/Luca-Nardi-IV-RNO-2022-Alvaro-Diaz_2648-1-1536x1196.jpg 1536w, https:\/\/www.rafanadalacademy.com\/wp-content\/uploads\/2026\/08\/Luca-Nardi-IV-RNO-2022-Alvaro-Diaz_2648-1-2048x1594.jpg 2048w\" sizes=\"auto, (max-width: 1024px) 100vw, 1024px\" \/><figcaption class=\"wp-element-caption\">Luca Nardi, campi\u00f3 del Rafa Nadal Open 2022<\/figcaption><\/figure>\n\n\n\n<figure class=\"wp-block-image size-large\"><img loading=\"lazy\" decoding=\"async\" width=\"683\" height=\"1024\" data-id=\"50812\" src=\"https:\/\/www.rafanadalacademy.com\/wp-content\/uploads\/2026\/08\/Hamad-Medjedovic_RNO-2023-Alvaro-Diaz_2042-683x1024.jpg\" alt=\"\" class=\"wp-image-50812\" srcset=\"https:\/\/www.rafanadalacademy.com\/wp-content\/uploads\/2026\/08\/Hamad-Medjedovic_RNO-2023-Alvaro-Diaz_2042-683x1024.jpg 683w, https:\/\/www.rafanadalacademy.com\/wp-content\/uploads\/2026\/08\/Hamad-Medjedovic_RNO-2023-Alvaro-Diaz_2042-200x300.jpg 200w, https:\/\/www.rafanadalacademy.com\/wp-content\/uploads\/2026\/08\/Hamad-Medjedovic_RNO-2023-Alvaro-Diaz_2042-768x1152.jpg 768w, https:\/\/www.rafanadalacademy.com\/wp-content\/uploads\/2026\/08\/Hamad-Medjedovic_RNO-2023-Alvaro-Diaz_2042-1024x1536.jpg 1024w, https:\/\/www.rafanadalacademy.com\/wp-content\/uploads\/2026\/08\/Hamad-Medjedovic_RNO-2023-Alvaro-Diaz_2042-1365x2048.jpg 1365w, https:\/\/www.rafanadalacademy.com\/wp-content\/uploads\/2026\/08\/Hamad-Medjedovic_RNO-2023-Alvaro-Diaz_2042-scaled.jpg 1707w\" sizes=\"auto, (max-width: 683px) 100vw, 683px\" \/><figcaption class=\"wp-element-caption\">Hamad Medjedovic, campi\u00f3 del Rafa Nadal Open by Movistar 2023<\/figcaption><\/figure>\n\n\n\n<figure class=\"wp-block-image size-large\"><img loading=\"lazy\" decoding=\"async\" width=\"1024\" height=\"683\" data-id=\"50820\" src=\"https:\/\/www.rafanadalacademy.com\/wp-content\/uploads\/2026\/08\/duje-2024-1024x683.jpg\" alt=\"\" class=\"wp-image-50820\" srcset=\"https:\/\/www.rafanadalacademy.com\/wp-content\/uploads\/2026\/08\/duje-2024-1024x683.jpg 1024w, https:\/\/www.rafanadalacademy.com\/wp-content\/uploads\/2026\/08\/duje-2024-300x200.jpg 300w, https:\/\/www.rafanadalacademy.com\/wp-content\/uploads\/2026\/08\/duje-2024-768x512.jpg 768w, https:\/\/www.rafanadalacademy.com\/wp-content\/uploads\/2026\/08\/duje-2024-1536x1024.jpg 1536w, https:\/\/www.rafanadalacademy.com\/wp-content\/uploads\/2026\/08\/duje-2024-2048x1365.jpg 2048w\" sizes=\"auto, (max-width: 1024px) 100vw, 1024px\" \/><figcaption class=\"wp-element-caption\">Duje Ajdukovi\u0107, campi\u00f3 del Rafa Nadal Open by Movistar 2024<\/figcaption><\/figure>\n\n\n\n<figure class=\"wp-block-image size-large\"><img loading=\"lazy\" decoding=\"async\" width=\"1024\" height=\"1024\" data-id=\"50796\" src=\"https:\/\/www.rafanadalacademy.com\/wp-content\/uploads\/2026\/08\/dani-2025-1024x1024.jpg\" alt=\"\" class=\"wp-image-50796\" srcset=\"https:\/\/www.rafanadalacademy.com\/wp-content\/uploads\/2026\/08\/dani-2025-1024x1024.jpg 1024w, https:\/\/www.rafanadalacademy.com\/wp-content\/uploads\/2026\/08\/dani-2025-300x300.jpg 300w, https:\/\/www.rafanadalacademy.com\/wp-content\/uploads\/2026\/08\/dani-2025-150x150.jpg 150w, https:\/\/www.rafanadalacademy.com\/wp-content\/uploads\/2026\/08\/dani-2025-768x768.jpg 768w, https:\/\/www.rafanadalacademy.com\/wp-content\/uploads\/2026\/08\/dani-2025-1536x1536.jpg 1536w, https:\/\/www.rafanadalacademy.com\/wp-content\/uploads\/2026\/08\/dani-2025-2048x2048.jpg 2048w\" sizes=\"auto, (max-width: 1024px) 100vw, 1024px\" \/><figcaption class=\"wp-element-caption\">Dani Rinc\u00f3n, campi\u00f3 del Rafa Nadal Open by Movistar 2025<\/figcaption><\/figure>\n<\/figure>\n\n<div style=\"height:29px\" aria-hidden=\"true\" class=\"wp-block-spacer\"><\/div>\n\n<p class=\"wp-block-paragraph\"><strong>2023 \u2013 Hamad Medjedovic: una promesa en ascens<\/strong><\/p>\n\n<p class=\"wp-block-paragraph\">El serbi Hamad Medjedovic es va proclamar campi\u00f3 de la cinquena edici\u00f3 despr\u00e9s de v\u00e8ncer el franc\u00e8s Harold Mayot per 6-2, 4-6 i 6-2. El seu triomf a la Rafa Nadal Academy by Movistar va ser molt m\u00e9s que un t\u00edtol: va anticipar un gran tancament de temporada que culminaria amb la seva vict\u00f2ria a les ATP Next Gen Finals. A Manacor va confirmar que era una de les promeses m\u00e9s fermes del circuit i va afegir el seu nom a la llista de campions amb projecci\u00f3 internacional.  <\/p>\n\n<p class=\"wp-block-paragraph\"><strong>2024 \u2013 Duje Ajdukovi\u0107: una edici\u00f3 amb segell croat<\/strong><\/p>\n\n<p class=\"wp-block-paragraph\">La sisena edici\u00f3 va tenir accent croat. Duje Ajdukovi\u0107 va aixecar el trofeu despr\u00e9s d&#8217;una final vibrant davant l&#8217;itali\u00e0 Matteo Gigante, en la qual va remuntar per guanyar per 4-6, 6-3 i 6-4. La seva setmana va ser especialment significativa perqu\u00e8 en el cam\u00ed cap al t\u00edtol va superar el seu compatriota Marin Cilic, campi\u00f3 de l&#8217;US Open 2014 i un dels grans noms que han passat pel torneig. Ajdukovi\u0107 va trobar a Manacor una vict\u00f2ria de prestigi per seguir consolidant el seu cam\u00ed al circuit.   <\/p>\n\n<p class=\"wp-block-paragraph\"><strong>2025 \u2013 Daniel Rinc\u00f3n: profeta a casa<\/strong><\/p>\n\n<p class=\"wp-block-paragraph\">La setena edici\u00f3 va deixar una hist\u00f2ria molt especial per al torneig. Daniel Rinc\u00f3n, jugador format a la Rafa Nadal Academy by Movistar, es va convertir en campi\u00f3 a Manacor despr\u00e9s d&#8217;una setmana inoblidable. El seu triomf va tenir un significat \u00fanic: no nom\u00e9s va aixecar el trofeu a casa, sin\u00f3 que ho va fer al lloc on va arribar el 2019 sent encara un nen i on ha constru\u00eft bona part del seu cam\u00ed com a jugador.  <\/p>\n\n<div style=\"height:29px\" aria-hidden=\"true\" class=\"wp-block-spacer\"><\/div>\n\n<figure class=\"wp-block-embed is-type-video is-provider-youtube wp-block-embed-youtube wp-embed-aspect-16-9 wp-has-aspect-ratio\"><div class=\"wp-block-embed__wrapper\">\n<iframe loading=\"lazy\" title=\"Rafa Nadal Open by Movistar 2025: The Film\" width=\"500\" height=\"281\" src=\"https:\/\/www.youtube.com\/embed\/IpXRqbaM6kg?feature=oembed\" frameborder=\"0\" allow=\"accelerometer; autoplay; clipboard-write; encrypted-media; gyroscope; picture-in-picture; web-share\" referrerpolicy=\"strict-origin-when-cross-origin\" allowfullscreen><\/iframe>\n<\/div><\/figure>\n\n<div style=\"height:30px\" aria-hidden=\"true\" class=\"wp-block-spacer\"><\/div>\n\n<p class=\"wp-block-paragraph\">Rinc\u00f3n va afegir el seu nom a un palmar\u00e8s que fins aleshores havia coronat campions d&#8217;Austr\u00e0lia, Finl\u00e0ndia, Eslov\u00e0quia, It\u00e0lia, S\u00e8rbia i Cro\u00e0cia. Amb la seva vict\u00f2ria, el Rafa Nadal Open by Movistar va celebrar per primera vegada un campi\u00f3 espanyol i va viure un dels moments m\u00e9s emotius de la seva hist\u00f2ria recent. <\/p>\n\n<p class=\"wp-block-paragraph\">Set edicions, set campions i set hist\u00f2ries diferents. Aquest \u00e9s el valor d&#8217;un torneig que ha sabut reunir talent, experi\u00e8ncia, futur i emoci\u00f3 en un mateix escenari. El Rafa Nadal Open by Movistar segueix creixent any rere any i el seu palmar\u00e8s ja t\u00e9 identitat pr\u00f2pia.  <\/p>\n\n<div style=\"height:30px\" aria-hidden=\"true\" class=\"wp-block-spacer\"><\/div>\n\n<figure class=\"wp-block-embed is-type-video is-provider-youtube wp-block-embed-youtube wp-embed-aspect-16-9 wp-has-aspect-ratio\"><div class=\"wp-block-embed__wrapper\">\n<iframe loading=\"lazy\" title=\"Rafa Nadal presencia la final del Rafa Nadal Open by Movistar\" width=\"500\" height=\"281\" src=\"https:\/\/www.youtube.com\/embed\/yEA1qkXZKJI?feature=oembed\" frameborder=\"0\" allow=\"accelerometer; autoplay; clipboard-write; encrypted-media; gyroscope; picture-in-picture; web-share\" referrerpolicy=\"strict-origin-when-cross-origin\" allowfullscreen><\/iframe>\n<\/div><\/figure>\n\n<p class=\"wp-block-paragraph\"><\/p>\n\n<p class=\"wp-block-paragraph\"><\/p>\n\n<p class=\"wp-block-paragraph\"><\/p>\n","protected":false},"excerpt":{"rendered":"<p>Set edicions, set campions. Des del seu naixement el 2018, el Rafa Nadal Open by Movistar ha constru\u00eft un palmar\u00e8s tan variat com revelador del seu paper dins de l&#8217;ATP Challenger Tour. A la Rafa Nadal Academy by Movistar han aixecat el trofeu joves promeses destinades a fer un salt al circuit, jugadors consolidats a<a href=\"https:\/\/www.rafanadalacademy.com\/ca\/noticies\/els-set-magnifics-del-rafa-nadal-open-by-movistar\/\">Continue reading <span class=\"sr-only\">&#8220;Els set magn\u00edfics del Rafa Nadal Open by Movistar&#8221;<\/span><\/a><\/p>\n","protected":false},"author":23,"featured_media":31423,"comment_status":"closed","ping_status":"closed","sticky":false,"template":"","format":"standard","meta":{"_acf_changed":false,"footnotes":""},"categories":[157,209,153],"tags":[210],"class_list":["post-50864","post","type-post","status-publish","format-standard","has-post-thumbnail","hentry","category-noticies","category-rafa-nadal-academy-by-movistar-ca","category-rafa-nadal-open-ca","tag-rafa-nadal-academy-by-movistar-ca"],"acf":[],"yoast_head":"<!-- This site is optimized with the Yoast SEO Premium plugin v26.8 (Yoast SEO v28.3) - https:\/\/yoast.com\/product\/yoast-seo-premium-wordpress\/ -->\n<title>Els set magn\u00edfics del Rafa Nadal Open by Movistar - Rafa Nadal Academy<\/title>\n<meta name=\"description\" content=\"Palmar\u00e8s amb els campions del Rafa Nadal Open by Movistar, torneig de l&#039;ATP Challenger Tour que es disputa a la Rafa Nadal Academy.\" \/>\n<meta name=\"robots\" content=\"index, follow, max-snippet:-1, max-image-preview:large, max-video-preview:-1\" \/>\n<link rel=\"canonical\" href=\"https:\/\/www.rafanadalacademy.com\/ca\/noticies\/els-set-magnifics-del-rafa-nadal-open-by-movistar\/\" \/>\n<meta property=\"og:locale\" content=\"ca_ES\" \/>\n<meta property=\"og:type\" content=\"article\" \/>\n<meta property=\"og:title\" content=\"Els set magn\u00edfics del Rafa Nadal Open by Movistar\" \/>\n<meta property=\"og:description\" content=\"Palmar\u00e8s amb els campions del Rafa Nadal Open by Movistar, torneig de l&#039;ATP Challenger Tour que es disputa a la Rafa Nadal Academy.\" \/>\n<meta property=\"og:url\" content=\"https:\/\/www.rafanadalacademy.com\/ca\/noticies\/els-set-magnifics-del-rafa-nadal-open-by-movistar\/\" \/>\n<meta property=\"og:site_name\" content=\"Rafa Nadal Academy\" \/>\n<meta property=\"article:published_time\" content=\"2026-08-27T07:46:44+00:00\" \/>\n<meta property=\"article:modified_time\" content=\"2026-08-27T07:50:48+00:00\" \/>\n<meta property=\"og:image\" content=\"https:\/\/www.rafanadalacademy.com\/wp-content\/uploads\/2025\/08\/Imagen-de-WhatsApp-2025-08-31-a-las-21.44.47_7c1ec156-scaled.jpg\" \/>\n\t<meta property=\"og:image:width\" content=\"2560\" \/>\n\t<meta property=\"og:image:height\" content=\"1707\" \/>\n\t<meta property=\"og:image:type\" content=\"image\/jpeg\" \/>\n<meta name=\"author\" content=\"joseluisprados\" \/>\n<meta name=\"twitter:card\" content=\"summary_large_image\" \/>\n<meta name=\"twitter:label1\" content=\"Written by\" \/>\n\t<meta name=\"twitter:data1\" content=\"joseluisprados\" \/>\n\t<meta name=\"twitter:label2\" content=\"Est. reading time\" \/>\n\t<meta name=\"twitter:data2\" content=\"5 minutes\" \/>\n<script type=\"application\/ld+json\" class=\"yoast-schema-graph\">{\"@context\":\"https:\\\/\\\/schema.org\",\"@graph\":[{\"@type\":\"Article\",\"@id\":\"https:\\\/\\\/www.rafanadalacademy.com\\\/ca\\\/noticies\\\/els-set-magnifics-del-rafa-nadal-open-by-movistar\\\/#article\",\"isPartOf\":{\"@id\":\"https:\\\/\\\/www.rafanadalacademy.com\\\/ca\\\/noticies\\\/els-set-magnifics-del-rafa-nadal-open-by-movistar\\\/\"},\"author\":{\"name\":\"joseluisprados\",\"@id\":\"https:\\\/\\\/www.rafanadalacademy.com\\\/ca\\\/#\\\/schema\\\/person\\\/744897d6ee269641fff954376180ef01\"},\"headline\":\"Els set magn\u00edfics del Rafa Nadal Open by Movistar\",\"datePublished\":\"2026-08-27T07:46:44+00:00\",\"dateModified\":\"2026-08-27T07:50:48+00:00\",\"mainEntityOfPage\":{\"@id\":\"https:\\\/\\\/www.rafanadalacademy.com\\\/ca\\\/noticies\\\/els-set-magnifics-del-rafa-nadal-open-by-movistar\\\/\"},\"wordCount\":971,\"image\":{\"@id\":\"https:\\\/\\\/www.rafanadalacademy.com\\\/ca\\\/noticies\\\/els-set-magnifics-del-rafa-nadal-open-by-movistar\\\/#primaryimage\"},\"thumbnailUrl\":\"https:\\\/\\\/www.rafanadalacademy.com\\\/wp-content\\\/uploads\\\/2025\\\/08\\\/Imagen-de-WhatsApp-2025-08-31-a-las-21.44.47_7c1ec156-scaled.jpg\",\"keywords\":[\"RAFA NADAL ACADEMY BY MOVISTAR\"],\"articleSection\":[\"Not\u00edcies\",\"RAFA NADAL ACADEMY BY MOVISTAR\",\"RAFA NADAL OPEN\"],\"inLanguage\":\"ca\",\"copyrightYear\":\"2026\",\"copyrightHolder\":{\"@id\":\"https:\\\/\\\/www.rafanadalacademy.com\\\/#organization\"}},{\"@type\":\"WebPage\",\"@id\":\"https:\\\/\\\/www.rafanadalacademy.com\\\/ca\\\/noticies\\\/els-set-magnifics-del-rafa-nadal-open-by-movistar\\\/\",\"url\":\"https:\\\/\\\/www.rafanadalacademy.com\\\/ca\\\/noticies\\\/els-set-magnifics-del-rafa-nadal-open-by-movistar\\\/\",\"name\":\"Els set magn\u00edfics del Rafa Nadal Open by Movistar - Rafa Nadal Academy\",\"isPartOf\":{\"@id\":\"https:\\\/\\\/www.rafanadalacademy.com\\\/ca\\\/#website\"},\"primaryImageOfPage\":{\"@id\":\"https:\\\/\\\/www.rafanadalacademy.com\\\/ca\\\/noticies\\\/els-set-magnifics-del-rafa-nadal-open-by-movistar\\\/#primaryimage\"},\"image\":{\"@id\":\"https:\\\/\\\/www.rafanadalacademy.com\\\/ca\\\/noticies\\\/els-set-magnifics-del-rafa-nadal-open-by-movistar\\\/#primaryimage\"},\"thumbnailUrl\":\"https:\\\/\\\/www.rafanadalacademy.com\\\/wp-content\\\/uploads\\\/2025\\\/08\\\/Imagen-de-WhatsApp-2025-08-31-a-las-21.44.47_7c1ec156-scaled.jpg\",\"datePublished\":\"2026-08-27T07:46:44+00:00\",\"dateModified\":\"2026-08-27T07:50:48+00:00\",\"author\":{\"@id\":\"https:\\\/\\\/www.rafanadalacademy.com\\\/ca\\\/#\\\/schema\\\/person\\\/744897d6ee269641fff954376180ef01\"},\"description\":\"Palmar\u00e8s amb els campions del Rafa Nadal Open by Movistar, torneig de l'ATP Challenger Tour que es disputa a la Rafa Nadal Academy.\",\"breadcrumb\":{\"@id\":\"https:\\\/\\\/www.rafanadalacademy.com\\\/ca\\\/noticies\\\/els-set-magnifics-del-rafa-nadal-open-by-movistar\\\/#breadcrumb\"},\"inLanguage\":\"ca\",\"potentialAction\":[{\"@type\":\"ReadAction\",\"target\":[\"https:\\\/\\\/www.rafanadalacademy.com\\\/ca\\\/noticies\\\/els-set-magnifics-del-rafa-nadal-open-by-movistar\\\/\"]}]},{\"@type\":\"ImageObject\",\"inLanguage\":\"ca\",\"@id\":\"https:\\\/\\\/www.rafanadalacademy.com\\\/ca\\\/noticies\\\/els-set-magnifics-del-rafa-nadal-open-by-movistar\\\/#primaryimage\",\"url\":\"https:\\\/\\\/www.rafanadalacademy.com\\\/wp-content\\\/uploads\\\/2025\\\/08\\\/Imagen-de-WhatsApp-2025-08-31-a-las-21.44.47_7c1ec156-scaled.jpg\",\"contentUrl\":\"https:\\\/\\\/www.rafanadalacademy.com\\\/wp-content\\\/uploads\\\/2025\\\/08\\\/Imagen-de-WhatsApp-2025-08-31-a-las-21.44.47_7c1ec156-scaled.jpg\",\"width\":2560,\"height\":1707,\"caption\":\"Dani Rinc\u00f3n, campe\u00f3n del Rafa Nadal Open by Movistar 2025\"},{\"@type\":\"BreadcrumbList\",\"@id\":\"https:\\\/\\\/www.rafanadalacademy.com\\\/ca\\\/noticies\\\/els-set-magnifics-del-rafa-nadal-open-by-movistar\\\/#breadcrumb\",\"itemListElement\":[{\"@type\":\"ListItem\",\"position\":1,\"name\":\"Home\",\"item\":\"https:\\\/\\\/www.rafanadalacademy.com\\\/ca\\\/\"},{\"@type\":\"ListItem\",\"position\":2,\"name\":\"Els set magn\u00edfics del Rafa Nadal Open by Movistar\"}]},{\"@type\":\"WebSite\",\"@id\":\"https:\\\/\\\/www.rafanadalacademy.com\\\/ca\\\/#website\",\"url\":\"https:\\\/\\\/www.rafanadalacademy.com\\\/ca\\\/\",\"name\":\"Rafa Nadal Academy\",\"description\":\"Otro sitio realizado con WordPress\",\"potentialAction\":[{\"@type\":\"SearchAction\",\"target\":{\"@type\":\"EntryPoint\",\"urlTemplate\":\"https:\\\/\\\/www.rafanadalacademy.com\\\/ca\\\/?s={search_term_string}\"},\"query-input\":{\"@type\":\"PropertyValueSpecification\",\"valueRequired\":true,\"valueName\":\"search_term_string\"}}],\"inLanguage\":\"ca\"},{\"@type\":\"Person\",\"@id\":\"https:\\\/\\\/www.rafanadalacademy.com\\\/ca\\\/#\\\/schema\\\/person\\\/744897d6ee269641fff954376180ef01\",\"name\":\"joseluisprados\",\"image\":{\"@type\":\"ImageObject\",\"inLanguage\":\"ca\",\"@id\":\"https:\\\/\\\/secure.gravatar.com\\\/avatar\\\/8aa823a6e5501864ffab4785d9e2a994b59c2d45c9f9751c5a532abfec081e5f?s=96&d=mm&r=g\",\"url\":\"https:\\\/\\\/secure.gravatar.com\\\/avatar\\\/8aa823a6e5501864ffab4785d9e2a994b59c2d45c9f9751c5a532abfec081e5f?s=96&d=mm&r=g\",\"contentUrl\":\"https:\\\/\\\/secure.gravatar.com\\\/avatar\\\/8aa823a6e5501864ffab4785d9e2a994b59c2d45c9f9751c5a532abfec081e5f?s=96&d=mm&r=g\",\"caption\":\"joseluisprados\"},\"url\":\"https:\\\/\\\/www.rafanadalacademy.com\\\/ca\\\/author\\\/joseluisprados\\\/\"},{\"@type\":\"ImageObject\",\"inLanguage\":\"ca\",\"@id\":\"https:\\\/\\\/www.rafanadalacademy.com\\\/ca\\\/noticies\\\/els-set-magnifics-del-rafa-nadal-open-by-movistar\\\/#local-main-organization-logo\",\"url\":\"\",\"contentUrl\":\"\",\"caption\":\"Rafa Nadal Academy\"}]}<\/script>\n<!-- \/ Yoast SEO Premium plugin. -->","yoast_head_json":{"title":"Els set magn\u00edfics del Rafa Nadal Open by Movistar - Rafa Nadal Academy","description":"Palmar\u00e8s amb els campions del Rafa Nadal Open by Movistar, torneig de l'ATP Challenger Tour que es disputa a la Rafa Nadal Academy.","robots":{"index":"index","follow":"follow","max-snippet":"max-snippet:-1","max-image-preview":"max-image-preview:large","max-video-preview":"max-video-preview:-1"},"canonical":"https:\/\/www.rafanadalacademy.com\/ca\/noticies\/els-set-magnifics-del-rafa-nadal-open-by-movistar\/","og_locale":"ca_ES","og_type":"article","og_title":"Els set magn\u00edfics del Rafa Nadal Open by Movistar","og_description":"Palmar\u00e8s amb els campions del Rafa Nadal Open by Movistar, torneig de l'ATP Challenger Tour que es disputa a la Rafa Nadal Academy.","og_url":"https:\/\/www.rafanadalacademy.com\/ca\/noticies\/els-set-magnifics-del-rafa-nadal-open-by-movistar\/","og_site_name":"Rafa Nadal Academy","article_published_time":"2026-08-27T07:46:44+00:00","article_modified_time":"2026-08-27T07:50:48+00:00","og_image":[{"width":2560,"height":1707,"url":"https:\/\/www.rafanadalacademy.com\/wp-content\/uploads\/2025\/08\/Imagen-de-WhatsApp-2025-08-31-a-las-21.44.47_7c1ec156-scaled.jpg","type":"image\/jpeg"}],"author":"joseluisprados","twitter_card":"summary_large_image","twitter_misc":{"Written by":"joseluisprados","Est. reading time":"5 minutes"},"schema":{"@context":"https:\/\/schema.org","@graph":[{"@type":"Article","@id":"https:\/\/www.rafanadalacademy.com\/ca\/noticies\/els-set-magnifics-del-rafa-nadal-open-by-movistar\/#article","isPartOf":{"@id":"https:\/\/www.rafanadalacademy.com\/ca\/noticies\/els-set-magnifics-del-rafa-nadal-open-by-movistar\/"},"author":{"name":"joseluisprados","@id":"https:\/\/www.rafanadalacademy.com\/ca\/#\/schema\/person\/744897d6ee269641fff954376180ef01"},"headline":"Els set magn\u00edfics del Rafa Nadal Open by Movistar","datePublished":"2026-08-27T07:46:44+00:00","dateModified":"2026-08-27T07:50:48+00:00","mainEntityOfPage":{"@id":"https:\/\/www.rafanadalacademy.com\/ca\/noticies\/els-set-magnifics-del-rafa-nadal-open-by-movistar\/"},"wordCount":971,"image":{"@id":"https:\/\/www.rafanadalacademy.com\/ca\/noticies\/els-set-magnifics-del-rafa-nadal-open-by-movistar\/#primaryimage"},"thumbnailUrl":"https:\/\/www.rafanadalacademy.com\/wp-content\/uploads\/2025\/08\/Imagen-de-WhatsApp-2025-08-31-a-las-21.44.47_7c1ec156-scaled.jpg","keywords":["RAFA NADAL ACADEMY BY MOVISTAR"],"articleSection":["Not\u00edcies","RAFA NADAL ACADEMY BY MOVISTAR","RAFA NADAL OPEN"],"inLanguage":"ca","copyrightYear":"2026","copyrightHolder":{"@id":"https:\/\/www.rafanadalacademy.com\/#organization"}},{"@type":"WebPage","@id":"https:\/\/www.rafanadalacademy.com\/ca\/noticies\/els-set-magnifics-del-rafa-nadal-open-by-movistar\/","url":"https:\/\/www.rafanadalacademy.com\/ca\/noticies\/els-set-magnifics-del-rafa-nadal-open-by-movistar\/","name":"Els set magn\u00edfics del Rafa Nadal Open by Movistar - Rafa Nadal Academy","isPartOf":{"@id":"https:\/\/www.rafanadalacademy.com\/ca\/#website"},"primaryImageOfPage":{"@id":"https:\/\/www.rafanadalacademy.com\/ca\/noticies\/els-set-magnifics-del-rafa-nadal-open-by-movistar\/#primaryimage"},"image":{"@id":"https:\/\/www.rafanadalacademy.com\/ca\/noticies\/els-set-magnifics-del-rafa-nadal-open-by-movistar\/#primaryimage"},"thumbnailUrl":"https:\/\/www.rafanadalacademy.com\/wp-content\/uploads\/2025\/08\/Imagen-de-WhatsApp-2025-08-31-a-las-21.44.47_7c1ec156-scaled.jpg","datePublished":"2026-08-27T07:46:44+00:00","dateModified":"2026-08-27T07:50:48+00:00","author":{"@id":"https:\/\/www.rafanadalacademy.com\/ca\/#\/schema\/person\/744897d6ee269641fff954376180ef01"},"description":"Palmar\u00e8s amb els campions del Rafa Nadal Open by Movistar, torneig de l'ATP Challenger Tour que es disputa a la Rafa Nadal Academy.","breadcrumb":{"@id":"https:\/\/www.rafanadalacademy.com\/ca\/noticies\/els-set-magnifics-del-rafa-nadal-open-by-movistar\/#breadcrumb"},"inLanguage":"ca","potentialAction":[{"@type":"ReadAction","target":["https:\/\/www.rafanadalacademy.com\/ca\/noticies\/els-set-magnifics-del-rafa-nadal-open-by-movistar\/"]}]},{"@type":"ImageObject","inLanguage":"ca","@id":"https:\/\/www.rafanadalacademy.com\/ca\/noticies\/els-set-magnifics-del-rafa-nadal-open-by-movistar\/#primaryimage","url":"https:\/\/www.rafanadalacademy.com\/wp-content\/uploads\/2025\/08\/Imagen-de-WhatsApp-2025-08-31-a-las-21.44.47_7c1ec156-scaled.jpg","contentUrl":"https:\/\/www.rafanadalacademy.com\/wp-content\/uploads\/2025\/08\/Imagen-de-WhatsApp-2025-08-31-a-las-21.44.47_7c1ec156-scaled.jpg","width":2560,"height":1707,"caption":"Dani Rinc\u00f3n, campe\u00f3n del Rafa Nadal Open by Movistar 2025"},{"@type":"BreadcrumbList","@id":"https:\/\/www.rafanadalacademy.com\/ca\/noticies\/els-set-magnifics-del-rafa-nadal-open-by-movistar\/#breadcrumb","itemListElement":[{"@type":"ListItem","position":1,"name":"Home","item":"https:\/\/www.rafanadalacademy.com\/ca\/"},{"@type":"ListItem","position":2,"name":"Els set magn\u00edfics del Rafa Nadal Open by Movistar"}]},{"@type":"WebSite","@id":"https:\/\/www.rafanadalacademy.com\/ca\/#website","url":"https:\/\/www.rafanadalacademy.com\/ca\/","name":"Rafa Nadal Academy","description":"Otro sitio realizado con WordPress","potentialAction":[{"@type":"SearchAction","target":{"@type":"EntryPoint","urlTemplate":"https:\/\/www.rafanadalacademy.com\/ca\/?s={search_term_string}"},"query-input":{"@type":"PropertyValueSpecification","valueRequired":true,"valueName":"search_term_string"}}],"inLanguage":"ca"},{"@type":"Person","@id":"https:\/\/www.rafanadalacademy.com\/ca\/#\/schema\/person\/744897d6ee269641fff954376180ef01","name":"joseluisprados","image":{"@type":"ImageObject","inLanguage":"ca","@id":"https:\/\/secure.gravatar.com\/avatar\/8aa823a6e5501864ffab4785d9e2a994b59c2d45c9f9751c5a532abfec081e5f?s=96&d=mm&r=g","url":"https:\/\/secure.gravatar.com\/avatar\/8aa823a6e5501864ffab4785d9e2a994b59c2d45c9f9751c5a532abfec081e5f?s=96&d=mm&r=g","contentUrl":"https:\/\/secure.gravatar.com\/avatar\/8aa823a6e5501864ffab4785d9e2a994b59c2d45c9f9751c5a532abfec081e5f?s=96&d=mm&r=g","caption":"joseluisprados"},"url":"https:\/\/www.rafanadalacademy.com\/ca\/author\/joseluisprados\/"},{"@type":"ImageObject","inLanguage":"ca","@id":"https:\/\/www.rafanadalacademy.com\/ca\/noticies\/els-set-magnifics-del-rafa-nadal-open-by-movistar\/#local-main-organization-logo","url":"","contentUrl":"","caption":"Rafa Nadal Academy"}]}},"_links":{"self":[{"href":"https:\/\/www.rafanadalacademy.com\/ca\/wp-json\/wp\/v2\/posts\/50864","targetHints":{"allow":["GET"]}}],"collection":[{"href":"https:\/\/www.rafanadalacademy.com\/ca\/wp-json\/wp\/v2\/posts"}],"about":[{"href":"https:\/\/www.rafanadalacademy.com\/ca\/wp-json\/wp\/v2\/types\/post"}],"author":[{"embeddable":true,"href":"https:\/\/www.rafanadalacademy.com\/ca\/wp-json\/wp\/v2\/users\/23"}],"replies":[{"embeddable":true,"href":"https:\/\/www.rafanadalacademy.com\/ca\/wp-json\/wp\/v2\/comments?post=50864"}],"version-history":[{"count":1,"href":"https:\/\/www.rafanadalacademy.com\/ca\/wp-json\/wp\/v2\/posts\/50864\/revisions"}],"predecessor-version":[{"id":50865,"href":"https:\/\/www.rafanadalacademy.com\/ca\/wp-json\/wp\/v2\/posts\/50864\/revisions\/50865"}],"wp:featuredmedia":[{"embeddable":true,"href":"https:\/\/www.rafanadalacademy.com\/ca\/wp-json\/wp\/v2\/media\/31423"}],"wp:attachment":[{"href":"https:\/\/www.rafanadalacademy.com\/ca\/wp-json\/wp\/v2\/media?parent=50864"}],"wp:term":[{"taxonomy":"category","embeddable":true,"href":"https:\/\/www.rafanadalacademy.com\/ca\/wp-json\/wp\/v2\/categories?post=50864"},{"taxonomy":"post_tag","embeddable":true,"href":"https:\/\/www.rafanadalacademy.com\/ca\/wp-json\/wp\/v2\/tags?post=50864"}],"curies":[{"name":"wp","href":"https:\/\/api.w.org\/{rel}","templated":true}]}}