{"id":43689,"date":"2026-04-30T14:10:07","date_gmt":"2026-04-30T14:10:07","guid":{"rendered":"https:\/\/www.rafanadalacademy.com\/sin-categorizar\/el-nou-museu-de-rafa-nadal-sinaugura-el-proper-15-de-maig\/"},"modified":"2026-04-30T14:23:07","modified_gmt":"2026-04-30T14:23:07","slug":"el-nou-museu-de-rafa-nadal-sinaugura-el-proper-15-de-maig","status":"publish","type":"post","link":"https:\/\/www.rafanadalacademy.com\/ca\/noticies\/el-nou-museu-de-rafa-nadal-sinaugura-el-proper-15-de-maig\/","title":{"rendered":"El nou museu de Rafa Nadal s&#8217;inaugura el proper 15 de maig"},"content":{"rendered":"\n<p>El divendres 15 de maig obrir\u00e0 les seves portes el <a href=\"https:\/\/www.rafanadalmuseum.com\/\">nou museu de Rafael Nadal<\/a> despr\u00e9s d&#8217;una <strong>renovaci\u00f3 integral<\/strong>. El Rafa Nadal Museum, ubicat a les <a href=\"https:\/\/www.rafanadalacademy.com\/ca\/installacions\/\">instal\u00b7lacions de la Rafa Nadal Academy a Mallorca<\/a>, redefineix per complet l&#8217;experi\u00e8ncia i presenta un concepte totalment renovat que permet descobrir la vida del 22 vegades guanyador de Grand Slam dins i fora de la pista a trav\u00e9s d&#8217;un <strong>recorregut innovador i profundament immersiu<\/strong>. <\/p>\n\n<figure class=\"wp-block-image size-full\"><img loading=\"lazy\" decoding=\"async\" width=\"2560\" height=\"1706\" src=\"https:\/\/www.rafanadalacademy.com\/wp-content\/uploads\/2025\/05\/2022-1-scaled.jpg\" alt=\"\" class=\"wp-image-27770\" srcset=\"https:\/\/www.rafanadalacademy.com\/wp-content\/uploads\/2025\/05\/2022-1-scaled.jpg 2560w, https:\/\/www.rafanadalacademy.com\/wp-content\/uploads\/2025\/05\/2022-1-300x200.jpg 300w, https:\/\/www.rafanadalacademy.com\/wp-content\/uploads\/2025\/05\/2022-1-1024x683.jpg 1024w, https:\/\/www.rafanadalacademy.com\/wp-content\/uploads\/2025\/05\/2022-1-768x512.jpg 768w, https:\/\/www.rafanadalacademy.com\/wp-content\/uploads\/2025\/05\/2022-1-1536x1024.jpg 1536w, https:\/\/www.rafanadalacademy.com\/wp-content\/uploads\/2025\/05\/2022-1-2048x1365.jpg 2048w\" sizes=\"auto, (max-width: 2560px) 100vw, 2560px\" \/><\/figure>\n\n<p>El museu proposa un viatge en el qual, a trav\u00e9s d&#8217;una potent narrativa audiovisual, el visitant s&#8217;endinsa en la ment i la <strong>traject\u00f2ria de Rafa<\/strong>, des dels seus primers passos i somnis fins als moments m\u00e9s ic\u00f2nics de la seva carrera, connectant amb la seva mentalitat, els seus valors i la seva manera d&#8217;entendre la competici\u00f3.<\/p>\n\n<p>La proposta es completa amb una ambiciosa zona interactiva, on el visitant pot posar-se a prova mitjan\u00e7ant reptes f\u00edsics i tecnol\u00f2gics que mesuren reflexos, velocitat i precisi\u00f3. Amb aquesta transformaci\u00f3, el museu es consolida com una refer\u00e8ncia internacional, combinant contingut audiovisual d&#8217;\u00faltima generaci\u00f3, experi\u00e8ncies interactives i una visi\u00f3 global de l&#8217;esport \u00fanica al m\u00f3n. <\/p>\n\n<p>Els fans de Rafael Nadal i els amants de l&#8217;esport tenen una cita al nou Rafa Nadal Museum. Que no t&#8217;ho expliquin: el compte enrere per a la inauguraci\u00f3 ja ha comen\u00e7at. <strong>Rafa t&#8217;espera per viure-ho en primera persona<\/strong>. <\/p>\n\n<p><\/p>\n\n<p><\/p>\n\n<p><\/p>\n","protected":false},"excerpt":{"rendered":"<p>El divendres 15 de maig obrir\u00e0 les seves portes el nou museu de Rafael Nadal despr\u00e9s d&#8217;una renovaci\u00f3 integral. El Rafa Nadal Museum, ubicat a les instal\u00b7lacions de la Rafa Nadal Academy a Mallorca, redefineix per complet l&#8217;experi\u00e8ncia i presenta un concepte totalment renovat que permet descobrir la vida del 22 vegades guanyador de Grand<a href=\"https:\/\/www.rafanadalacademy.com\/ca\/noticies\/el-nou-museu-de-rafa-nadal-sinaugura-el-proper-15-de-maig\/\">Continue reading <span class=\"sr-only\">&#8220;El nou museu de Rafa Nadal s&#8217;inaugura el proper 15 de maig&#8221;<\/span><\/a><\/p>\n","protected":false},"author":23,"featured_media":20055,"comment_status":"closed","ping_status":"closed","sticky":false,"template":"","format":"standard","meta":{"_acf_changed":false,"footnotes":""},"categories":[157,208,209],"tags":[210,301,300],"class_list":["post-43689","post","type-post","status-publish","format-standard","has-post-thumbnail","hentry","category-noticies","category-rafa-nadal-ca","category-rafa-nadal-academy-by-movistar-ca","tag-rafa-nadal-academy-by-movistar-ca","tag-rafa-nadal-museum","tag-roland-garros"],"acf":[],"yoast_head":"<!-- This site is optimized with the Yoast SEO Premium plugin v26.8 (Yoast SEO v26.9) - https:\/\/yoast.com\/product\/yoast-seo-premium-wordpress\/ -->\n<title>El nou museu de Rafa Nadal s&#039;inaugura el proper 15 de maig - Rafa Nadal Academy<\/title>\n<meta name=\"description\" content=\"El divendres 15 de maig obre les seves portes el nou museu de Rafael Nadal despr\u00e9s d&#039;una renovaci\u00f3 integral. El Rafa Nadal Museum, ubicat a les instal\u00b7lacions de la Rafa Nadal Academy a Mallorca\" \/>\n<meta name=\"robots\" content=\"index, follow, max-snippet:-1, max-image-preview:large, max-video-preview:-1\" \/>\n<link rel=\"canonical\" href=\"https:\/\/www.rafanadalacademy.com\/ca\/noticies\/el-nou-museu-de-rafa-nadal-sinaugura-el-proper-15-de-maig\/\" \/>\n<meta property=\"og:locale\" content=\"ca_ES\" \/>\n<meta property=\"og:type\" content=\"article\" \/>\n<meta property=\"og:title\" content=\"El nou museu de Rafa Nadal s&#039;inaugura el proper 15 de maig\" \/>\n<meta property=\"og:description\" content=\"El divendres 15 de maig obre les seves portes el nou museu de Rafael Nadal despr\u00e9s d&#039;una renovaci\u00f3 integral. El Rafa Nadal Museum, ubicat a les instal\u00b7lacions de la Rafa Nadal Academy a Mallorca\" \/>\n<meta property=\"og:url\" content=\"https:\/\/www.rafanadalacademy.com\/ca\/noticies\/el-nou-museu-de-rafa-nadal-sinaugura-el-proper-15-de-maig\/\" \/>\n<meta property=\"og:site_name\" content=\"Rafa Nadal Academy\" \/>\n<meta property=\"article:published_time\" content=\"2026-04-30T14:10:07+00:00\" \/>\n<meta property=\"article:modified_time\" content=\"2026-04-30T14:23:07+00:00\" \/>\n<meta property=\"og:image\" content=\"https:\/\/www.rafanadalacademy.com\/wp-content\/uploads\/2024\/10\/P5S_6238_E-copia-scaled.jpg\" \/>\n\t<meta property=\"og:image:width\" content=\"1659\" \/>\n\t<meta property=\"og:image:height\" content=\"2560\" \/>\n\t<meta property=\"og:image:type\" content=\"image\/jpeg\" \/>\n<meta name=\"author\" content=\"joseluisprados\" \/>\n<meta name=\"twitter:card\" content=\"summary_large_image\" \/>\n<meta name=\"twitter:label1\" content=\"Written by\" \/>\n\t<meta name=\"twitter:data1\" content=\"joseluisprados\" \/>\n\t<meta name=\"twitter:label2\" content=\"Est. reading time\" \/>\n\t<meta name=\"twitter:data2\" content=\"1 minute\" \/>\n<script type=\"application\/ld+json\" class=\"yoast-schema-graph\">{\"@context\":\"https:\/\/schema.org\",\"@graph\":[{\"@type\":\"Article\",\"@id\":\"https:\/\/www.rafanadalacademy.com\/ca\/noticies\/el-nou-museu-de-rafa-nadal-sinaugura-el-proper-15-de-maig\/#article\",\"isPartOf\":{\"@id\":\"https:\/\/www.rafanadalacademy.com\/ca\/noticies\/el-nou-museu-de-rafa-nadal-sinaugura-el-proper-15-de-maig\/\"},\"author\":{\"name\":\"joseluisprados\",\"@id\":\"https:\/\/www.rafanadalacademy.com\/ca\/#\/schema\/person\/744897d6ee269641fff954376180ef01\"},\"headline\":\"El nou museu de Rafa Nadal s&#8217;inaugura el proper 15 de maig\",\"datePublished\":\"2026-04-30T14:10:07+00:00\",\"dateModified\":\"2026-04-30T14:23:07+00:00\",\"mainEntityOfPage\":{\"@id\":\"https:\/\/www.rafanadalacademy.com\/ca\/noticies\/el-nou-museu-de-rafa-nadal-sinaugura-el-proper-15-de-maig\/\"},\"wordCount\":255,\"image\":{\"@id\":\"https:\/\/www.rafanadalacademy.com\/ca\/noticies\/el-nou-museu-de-rafa-nadal-sinaugura-el-proper-15-de-maig\/#primaryimage\"},\"thumbnailUrl\":\"https:\/\/www.rafanadalacademy.com\/wp-content\/uploads\/2024\/10\/P5S_6238_E-copia-scaled.jpg\",\"keywords\":[\"RAFA NADAL ACADEMY BY MOVISTAR\",\"RAFA NADAL MUSEUM\",\"ROLAND GARROS\"],\"articleSection\":[\"Not\u00edcies\",\"RAFA NADAL\",\"RAFA NADAL ACADEMY BY MOVISTAR\"],\"inLanguage\":\"ca\",\"copyrightYear\":\"2026\",\"copyrightHolder\":{\"@id\":\"https:\/\/www.rafanadalacademy.com\/#organization\"}},{\"@type\":\"WebPage\",\"@id\":\"https:\/\/www.rafanadalacademy.com\/ca\/noticies\/el-nou-museu-de-rafa-nadal-sinaugura-el-proper-15-de-maig\/\",\"url\":\"https:\/\/www.rafanadalacademy.com\/ca\/noticies\/el-nou-museu-de-rafa-nadal-sinaugura-el-proper-15-de-maig\/\",\"name\":\"El nou museu de Rafa Nadal s'inaugura el proper 15 de maig - Rafa Nadal Academy\",\"isPartOf\":{\"@id\":\"https:\/\/www.rafanadalacademy.com\/ca\/#website\"},\"primaryImageOfPage\":{\"@id\":\"https:\/\/www.rafanadalacademy.com\/ca\/noticies\/el-nou-museu-de-rafa-nadal-sinaugura-el-proper-15-de-maig\/#primaryimage\"},\"image\":{\"@id\":\"https:\/\/www.rafanadalacademy.com\/ca\/noticies\/el-nou-museu-de-rafa-nadal-sinaugura-el-proper-15-de-maig\/#primaryimage\"},\"thumbnailUrl\":\"https:\/\/www.rafanadalacademy.com\/wp-content\/uploads\/2024\/10\/P5S_6238_E-copia-scaled.jpg\",\"datePublished\":\"2026-04-30T14:10:07+00:00\",\"dateModified\":\"2026-04-30T14:23:07+00:00\",\"author\":{\"@id\":\"https:\/\/www.rafanadalacademy.com\/ca\/#\/schema\/person\/744897d6ee269641fff954376180ef01\"},\"description\":\"El divendres 15 de maig obre les seves portes el nou museu de Rafael Nadal despr\u00e9s d'una renovaci\u00f3 integral. El Rafa Nadal Museum, ubicat a les instal\u00b7lacions de la Rafa Nadal Academy a Mallorca\",\"breadcrumb\":{\"@id\":\"https:\/\/www.rafanadalacademy.com\/ca\/noticies\/el-nou-museu-de-rafa-nadal-sinaugura-el-proper-15-de-maig\/#breadcrumb\"},\"inLanguage\":\"ca\",\"potentialAction\":[{\"@type\":\"ReadAction\",\"target\":[\"https:\/\/www.rafanadalacademy.com\/ca\/noticies\/el-nou-museu-de-rafa-nadal-sinaugura-el-proper-15-de-maig\/\"]}]},{\"@type\":\"ImageObject\",\"inLanguage\":\"ca\",\"@id\":\"https:\/\/www.rafanadalacademy.com\/ca\/noticies\/el-nou-museu-de-rafa-nadal-sinaugura-el-proper-15-de-maig\/#primaryimage\",\"url\":\"https:\/\/www.rafanadalacademy.com\/wp-content\/uploads\/2024\/10\/P5S_6238_E-copia-scaled.jpg\",\"contentUrl\":\"https:\/\/www.rafanadalacademy.com\/wp-content\/uploads\/2024\/10\/P5S_6238_E-copia-scaled.jpg\",\"width\":1659,\"height\":2560,\"caption\":\"PARIS, FRANCE - JUNE 10: Rafael Nadal of Spain with the men's singles championship trophy at Roland Garros on day fifteen held at Stade Roland-Garros on June 10, 2018 in Paris, France (Photo by Peter Staples\/ATP World Tour)\"},{\"@type\":\"BreadcrumbList\",\"@id\":\"https:\/\/www.rafanadalacademy.com\/ca\/noticies\/el-nou-museu-de-rafa-nadal-sinaugura-el-proper-15-de-maig\/#breadcrumb\",\"itemListElement\":[{\"@type\":\"ListItem\",\"position\":1,\"name\":\"Home\",\"item\":\"https:\/\/www.rafanadalacademy.com\/ca\/\"},{\"@type\":\"ListItem\",\"position\":2,\"name\":\"El nou museu de Rafa Nadal s&#8217;inaugura el proper 15 de maig\"}]},{\"@type\":\"WebSite\",\"@id\":\"https:\/\/www.rafanadalacademy.com\/ca\/#website\",\"url\":\"https:\/\/www.rafanadalacademy.com\/ca\/\",\"name\":\"Rafa Nadal Academy\",\"description\":\"Otro sitio realizado con WordPress\",\"potentialAction\":[{\"@type\":\"SearchAction\",\"target\":{\"@type\":\"EntryPoint\",\"urlTemplate\":\"https:\/\/www.rafanadalacademy.com\/ca\/?s={search_term_string}\"},\"query-input\":{\"@type\":\"PropertyValueSpecification\",\"valueRequired\":true,\"valueName\":\"search_term_string\"}}],\"inLanguage\":\"ca\"},{\"@type\":\"Person\",\"@id\":\"https:\/\/www.rafanadalacademy.com\/ca\/#\/schema\/person\/744897d6ee269641fff954376180ef01\",\"name\":\"joseluisprados\",\"image\":{\"@type\":\"ImageObject\",\"inLanguage\":\"ca\",\"@id\":\"https:\/\/www.rafanadalacademy.com\/ca\/#\/schema\/person\/image\/\",\"url\":\"https:\/\/secure.gravatar.com\/avatar\/8aa823a6e5501864ffab4785d9e2a994b59c2d45c9f9751c5a532abfec081e5f?s=96&d=mm&r=g\",\"contentUrl\":\"https:\/\/secure.gravatar.com\/avatar\/8aa823a6e5501864ffab4785d9e2a994b59c2d45c9f9751c5a532abfec081e5f?s=96&d=mm&r=g\",\"caption\":\"joseluisprados\"},\"url\":\"https:\/\/www.rafanadalacademy.com\/ca\/author\/joseluisprados\/\"},{\"@type\":\"ImageObject\",\"inLanguage\":\"ca\",\"@id\":\"https:\/\/www.rafanadalacademy.com\/ca\/noticies\/el-nou-museu-de-rafa-nadal-sinaugura-el-proper-15-de-maig\/#local-main-organization-logo\",\"url\":\"\",\"contentUrl\":\"\",\"caption\":\"Rafa Nadal Academy\"}]}<\/script>\n<!-- \/ Yoast SEO Premium plugin. -->","yoast_head_json":{"title":"El nou museu de Rafa Nadal s'inaugura el proper 15 de maig - Rafa Nadal Academy","description":"El divendres 15 de maig obre les seves portes el nou museu de Rafael Nadal despr\u00e9s d'una renovaci\u00f3 integral. El Rafa Nadal Museum, ubicat a les instal\u00b7lacions de la Rafa Nadal Academy a Mallorca","robots":{"index":"index","follow":"follow","max-snippet":"max-snippet:-1","max-image-preview":"max-image-preview:large","max-video-preview":"max-video-preview:-1"},"canonical":"https:\/\/www.rafanadalacademy.com\/ca\/noticies\/el-nou-museu-de-rafa-nadal-sinaugura-el-proper-15-de-maig\/","og_locale":"ca_ES","og_type":"article","og_title":"El nou museu de Rafa Nadal s'inaugura el proper 15 de maig","og_description":"El divendres 15 de maig obre les seves portes el nou museu de Rafael Nadal despr\u00e9s d'una renovaci\u00f3 integral. El Rafa Nadal Museum, ubicat a les instal\u00b7lacions de la Rafa Nadal Academy a Mallorca","og_url":"https:\/\/www.rafanadalacademy.com\/ca\/noticies\/el-nou-museu-de-rafa-nadal-sinaugura-el-proper-15-de-maig\/","og_site_name":"Rafa Nadal Academy","article_published_time":"2026-04-30T14:10:07+00:00","article_modified_time":"2026-04-30T14:23:07+00:00","og_image":[{"width":1659,"height":2560,"url":"https:\/\/www.rafanadalacademy.com\/wp-content\/uploads\/2024\/10\/P5S_6238_E-copia-scaled.jpg","type":"image\/jpeg"}],"author":"joseluisprados","twitter_card":"summary_large_image","twitter_misc":{"Written by":"joseluisprados","Est. reading time":"1 minute"},"schema":{"@context":"https:\/\/schema.org","@graph":[{"@type":"Article","@id":"https:\/\/www.rafanadalacademy.com\/ca\/noticies\/el-nou-museu-de-rafa-nadal-sinaugura-el-proper-15-de-maig\/#article","isPartOf":{"@id":"https:\/\/www.rafanadalacademy.com\/ca\/noticies\/el-nou-museu-de-rafa-nadal-sinaugura-el-proper-15-de-maig\/"},"author":{"name":"joseluisprados","@id":"https:\/\/www.rafanadalacademy.com\/ca\/#\/schema\/person\/744897d6ee269641fff954376180ef01"},"headline":"El nou museu de Rafa Nadal s&#8217;inaugura el proper 15 de maig","datePublished":"2026-04-30T14:10:07+00:00","dateModified":"2026-04-30T14:23:07+00:00","mainEntityOfPage":{"@id":"https:\/\/www.rafanadalacademy.com\/ca\/noticies\/el-nou-museu-de-rafa-nadal-sinaugura-el-proper-15-de-maig\/"},"wordCount":255,"image":{"@id":"https:\/\/www.rafanadalacademy.com\/ca\/noticies\/el-nou-museu-de-rafa-nadal-sinaugura-el-proper-15-de-maig\/#primaryimage"},"thumbnailUrl":"https:\/\/www.rafanadalacademy.com\/wp-content\/uploads\/2024\/10\/P5S_6238_E-copia-scaled.jpg","keywords":["RAFA NADAL ACADEMY BY MOVISTAR","RAFA NADAL MUSEUM","ROLAND GARROS"],"articleSection":["Not\u00edcies","RAFA NADAL","RAFA NADAL ACADEMY BY MOVISTAR"],"inLanguage":"ca","copyrightYear":"2026","copyrightHolder":{"@id":"https:\/\/www.rafanadalacademy.com\/#organization"}},{"@type":"WebPage","@id":"https:\/\/www.rafanadalacademy.com\/ca\/noticies\/el-nou-museu-de-rafa-nadal-sinaugura-el-proper-15-de-maig\/","url":"https:\/\/www.rafanadalacademy.com\/ca\/noticies\/el-nou-museu-de-rafa-nadal-sinaugura-el-proper-15-de-maig\/","name":"El nou museu de Rafa Nadal s'inaugura el proper 15 de maig - Rafa Nadal Academy","isPartOf":{"@id":"https:\/\/www.rafanadalacademy.com\/ca\/#website"},"primaryImageOfPage":{"@id":"https:\/\/www.rafanadalacademy.com\/ca\/noticies\/el-nou-museu-de-rafa-nadal-sinaugura-el-proper-15-de-maig\/#primaryimage"},"image":{"@id":"https:\/\/www.rafanadalacademy.com\/ca\/noticies\/el-nou-museu-de-rafa-nadal-sinaugura-el-proper-15-de-maig\/#primaryimage"},"thumbnailUrl":"https:\/\/www.rafanadalacademy.com\/wp-content\/uploads\/2024\/10\/P5S_6238_E-copia-scaled.jpg","datePublished":"2026-04-30T14:10:07+00:00","dateModified":"2026-04-30T14:23:07+00:00","author":{"@id":"https:\/\/www.rafanadalacademy.com\/ca\/#\/schema\/person\/744897d6ee269641fff954376180ef01"},"description":"El divendres 15 de maig obre les seves portes el nou museu de Rafael Nadal despr\u00e9s d'una renovaci\u00f3 integral. El Rafa Nadal Museum, ubicat a les instal\u00b7lacions de la Rafa Nadal Academy a Mallorca","breadcrumb":{"@id":"https:\/\/www.rafanadalacademy.com\/ca\/noticies\/el-nou-museu-de-rafa-nadal-sinaugura-el-proper-15-de-maig\/#breadcrumb"},"inLanguage":"ca","potentialAction":[{"@type":"ReadAction","target":["https:\/\/www.rafanadalacademy.com\/ca\/noticies\/el-nou-museu-de-rafa-nadal-sinaugura-el-proper-15-de-maig\/"]}]},{"@type":"ImageObject","inLanguage":"ca","@id":"https:\/\/www.rafanadalacademy.com\/ca\/noticies\/el-nou-museu-de-rafa-nadal-sinaugura-el-proper-15-de-maig\/#primaryimage","url":"https:\/\/www.rafanadalacademy.com\/wp-content\/uploads\/2024\/10\/P5S_6238_E-copia-scaled.jpg","contentUrl":"https:\/\/www.rafanadalacademy.com\/wp-content\/uploads\/2024\/10\/P5S_6238_E-copia-scaled.jpg","width":1659,"height":2560,"caption":"PARIS, FRANCE - JUNE 10: Rafael Nadal of Spain with the men's singles championship trophy at Roland Garros on day fifteen held at Stade Roland-Garros on June 10, 2018 in Paris, France (Photo by Peter Staples\/ATP World Tour)"},{"@type":"BreadcrumbList","@id":"https:\/\/www.rafanadalacademy.com\/ca\/noticies\/el-nou-museu-de-rafa-nadal-sinaugura-el-proper-15-de-maig\/#breadcrumb","itemListElement":[{"@type":"ListItem","position":1,"name":"Home","item":"https:\/\/www.rafanadalacademy.com\/ca\/"},{"@type":"ListItem","position":2,"name":"El nou museu de Rafa Nadal s&#8217;inaugura el proper 15 de maig"}]},{"@type":"WebSite","@id":"https:\/\/www.rafanadalacademy.com\/ca\/#website","url":"https:\/\/www.rafanadalacademy.com\/ca\/","name":"Rafa Nadal Academy","description":"Otro sitio realizado con WordPress","potentialAction":[{"@type":"SearchAction","target":{"@type":"EntryPoint","urlTemplate":"https:\/\/www.rafanadalacademy.com\/ca\/?s={search_term_string}"},"query-input":{"@type":"PropertyValueSpecification","valueRequired":true,"valueName":"search_term_string"}}],"inLanguage":"ca"},{"@type":"Person","@id":"https:\/\/www.rafanadalacademy.com\/ca\/#\/schema\/person\/744897d6ee269641fff954376180ef01","name":"joseluisprados","image":{"@type":"ImageObject","inLanguage":"ca","@id":"https:\/\/www.rafanadalacademy.com\/ca\/#\/schema\/person\/image\/","url":"https:\/\/secure.gravatar.com\/avatar\/8aa823a6e5501864ffab4785d9e2a994b59c2d45c9f9751c5a532abfec081e5f?s=96&d=mm&r=g","contentUrl":"https:\/\/secure.gravatar.com\/avatar\/8aa823a6e5501864ffab4785d9e2a994b59c2d45c9f9751c5a532abfec081e5f?s=96&d=mm&r=g","caption":"joseluisprados"},"url":"https:\/\/www.rafanadalacademy.com\/ca\/author\/joseluisprados\/"},{"@type":"ImageObject","inLanguage":"ca","@id":"https:\/\/www.rafanadalacademy.com\/ca\/noticies\/el-nou-museu-de-rafa-nadal-sinaugura-el-proper-15-de-maig\/#local-main-organization-logo","url":"","contentUrl":"","caption":"Rafa Nadal Academy"}]}},"_links":{"self":[{"href":"https:\/\/www.rafanadalacademy.com\/ca\/wp-json\/wp\/v2\/posts\/43689","targetHints":{"allow":["GET"]}}],"collection":[{"href":"https:\/\/www.rafanadalacademy.com\/ca\/wp-json\/wp\/v2\/posts"}],"about":[{"href":"https:\/\/www.rafanadalacademy.com\/ca\/wp-json\/wp\/v2\/types\/post"}],"author":[{"embeddable":true,"href":"https:\/\/www.rafanadalacademy.com\/ca\/wp-json\/wp\/v2\/users\/23"}],"replies":[{"embeddable":true,"href":"https:\/\/www.rafanadalacademy.com\/ca\/wp-json\/wp\/v2\/comments?post=43689"}],"version-history":[{"count":1,"href":"https:\/\/www.rafanadalacademy.com\/ca\/wp-json\/wp\/v2\/posts\/43689\/revisions"}],"predecessor-version":[{"id":43690,"href":"https:\/\/www.rafanadalacademy.com\/ca\/wp-json\/wp\/v2\/posts\/43689\/revisions\/43690"}],"wp:featuredmedia":[{"embeddable":true,"href":"https:\/\/www.rafanadalacademy.com\/ca\/wp-json\/wp\/v2\/media\/20055"}],"wp:attachment":[{"href":"https:\/\/www.rafanadalacademy.com\/ca\/wp-json\/wp\/v2\/media?parent=43689"}],"wp:term":[{"taxonomy":"category","embeddable":true,"href":"https:\/\/www.rafanadalacademy.com\/ca\/wp-json\/wp\/v2\/categories?post=43689"},{"taxonomy":"post_tag","embeddable":true,"href":"https:\/\/www.rafanadalacademy.com\/ca\/wp-json\/wp\/v2\/tags?post=43689"}],"curies":[{"name":"wp","href":"https:\/\/api.w.org\/{rel}","templated":true}]}}