{"id":43653,"date":"2026-04-29T09:22:39","date_gmt":"2026-04-29T09:22:39","guid":{"rendered":"https:\/\/www.rafanadalacademy.com\/?p=43653"},"modified":"2026-04-29T09:22:39","modified_gmt":"2026-04-29T09:22:39","slug":"gijon-torna-a-acollir-una-prova-del-rafa-nadal-academy-padel-tour-by-the-adecco-group","status":"publish","type":"post","link":"https:\/\/www.rafanadalacademy.com\/ca\/noticies\/gijon-torna-a-acollir-una-prova-del-rafa-nadal-academy-padel-tour-by-the-adecco-group\/","title":{"rendered":"Gij\u00f3n torna a acollir una prova del Rafa Nadal Academy P\u00e0del Tour by The Adecco Group"},"content":{"rendered":"\n<p>La ciutat de Gij\u00f3n torna a formar part del calendari del Rafa Nadal Academy P\u00e0del Tour by The Adecco Group amb la celebraci\u00f3 d&#8217;una nova prova del 8 al 10 de maig a les instal\u00b7lacions de VAD4 P\u00e0del.<\/p>\n\n<figure class=\"wp-block-image size-full\"><img loading=\"lazy\" decoding=\"async\" width=\"2560\" height=\"2048\" src=\"https:\/\/www.rafanadalacademy.com\/wp-content\/uploads\/2025\/12\/Rafa-Nadal-Padel-Tour-by-The-Adecco-Groupo-II.jpg\" alt=\"\" class=\"wp-image-37439\" srcset=\"https:\/\/www.rafanadalacademy.com\/wp-content\/uploads\/2025\/12\/Rafa-Nadal-Padel-Tour-by-The-Adecco-Groupo-II.jpg 2560w, https:\/\/www.rafanadalacademy.com\/wp-content\/uploads\/2025\/12\/Rafa-Nadal-Padel-Tour-by-The-Adecco-Groupo-II-300x240.jpg 300w, https:\/\/www.rafanadalacademy.com\/wp-content\/uploads\/2025\/12\/Rafa-Nadal-Padel-Tour-by-The-Adecco-Groupo-II-1024x819.jpg 1024w, https:\/\/www.rafanadalacademy.com\/wp-content\/uploads\/2025\/12\/Rafa-Nadal-Padel-Tour-by-The-Adecco-Groupo-II-768x614.jpg 768w, https:\/\/www.rafanadalacademy.com\/wp-content\/uploads\/2025\/12\/Rafa-Nadal-Padel-Tour-by-The-Adecco-Groupo-II-1536x1229.jpg 1536w, https:\/\/www.rafanadalacademy.com\/wp-content\/uploads\/2025\/12\/Rafa-Nadal-Padel-Tour-by-The-Adecco-Groupo-II-2048x1638.jpg 2048w\" sizes=\"auto, (max-width: 2560px) 100vw, 2560px\" \/><\/figure>\n\n<p><br\/>Despr\u00e9s de l&#8217;\u00e8xit de l&#8217;any passat, Gij\u00f3n repeteix com a seu a la tercera edici\u00f3 del circuit, consolidant-se com una de les places destacades dins d&#8217;un Tour que continua creixent tant en participaci\u00f3 com en implantaci\u00f3 territorial.<\/p>\n\n<p>La prova asturiana ser\u00e0 la segona parada del calendari 2026, despr\u00e9s de l&#8217;arrencada a Santander, dins d&#8217;una temporada que recorrer\u00e0 algunes de les principals ciutats del pa\u00eds com Madrid, Jerez de la Frontera, Valladolid, Estepona, Sevilla i Val\u00e8ncia, abans de la prova final a Manacor.<\/p>\n\n<p>Maribel Nadal, subdirectora general de la Rafa Nadal Academy, ha destacat la import\u00e0ncia de continuar consolidant el circuit en seus estrat\u00e8giques com Gij\u00f3n:<br\/>&#8220;Estem molt satisfets de tornar a Gij\u00f3n, una ciutat que ja va demostrar l&#8217;any passat la seva gran connexi\u00f3 amb el p\u00e0del i amb el nostre circuit. Continuem treballant per oferir una experi\u00e8ncia cada vegada m\u00e9s completa als jugadors, mantenint la nostra ess\u00e8ncia i apostant pel creixement sostingut del Tour tant a Espanya com a nivell internacional&#8221;.<\/p>\n\n<p>El Rafa Nadal Academy P\u00e0del Tour by The Adecco Group afronta el 2026 la seva tercera edici\u00f3 despr\u00e9s de tancar un 2025 hist\u00f2ric, en qu\u00e8 el circuit va reunir gaireb\u00e9 2.000 jugadors i va confirmar la seva consolidaci\u00f3 com una de les competicions amateur de refer\u00e8ncia a Espanya.<\/p>\n\n<p>Despr\u00e9s de duplicar la xifra de participants el 2025, el Tour consolida a Espanya un calendari estructurat en m\u00faltiples cites abans d&#8217;afrontar la prova final que, com \u00e9s tradici\u00f3, es disputar\u00e0 a la Rafa Nadal Academy a Mallorca.<\/p>\n\n<p>El suport de <strong>The Adecco Group<\/strong> com a title sponsor, juntament amb el suport de partners estrat\u00e8gics com <strong>Babolat<\/strong>, <strong>Quir\u00f3nsalud<\/strong>, <strong>Grup<\/strong> <strong>COX<\/strong>, <strong>BIKKOA<\/strong> i <strong>Padel<\/strong> <strong>Point<\/strong>, continua sent determinant en el creixement del Tour, aportant valor afegit a cada prova mitjan\u00e7ant activacions, premis i experi\u00e8ncies exclusives.<\/p>\n\n<p>A m\u00e9s, el circuit continua el seu projecte d&#8217;expansi\u00f3 internacional i aquest 2026 els Estats Units acollir\u00e0 noves proves a ciutats com Miami, Austin i Nova York, confirmant l&#8217;ambici\u00f3 global del projecte. It\u00e0lia tamb\u00e9 tornar\u00e0 a tenir protagonisme amb proves a Roma, Mil\u00e0, N\u00e0pols, Flor\u00e8ncia, Tor\u00ed i Ancona. <\/p>\n\n<p>Fidel a la seva identitat, el circuit mant\u00e9 el seu format per equips inspirat en la Hexagon Cup, un dels seus grans elements diferencials. Cada equip estar\u00e0 compost per un m\u00ednim de sis jugadors distribu\u00efts en tres parelles per eliminat\u00f2ria, garantint almenys dos enfrontaments per prova i fomentant tant la competitivitat com l&#8217;experi\u00e8ncia col\u00b7lectiva. <\/p>\n\n<p><strong>Una experi\u00e8ncia que transcendeix la competici\u00f3<\/strong><\/p>\n\n<p>El Rafa Nadal Academy P\u00e0del Tour by The Adecco Group mant\u00e9 el seu objectiu de traslladar al p\u00e0del amateur els valors, la metodologia i l&#8217;ADN de la Rafa Nadal Academy, combinant competici\u00f3, experi\u00e8ncia i comunitat a cadascuna de les seves seus.<\/p>\n\n<figure class=\"wp-block-embed is-type-video is-provider-youtube wp-block-embed-youtube wp-embed-aspect-16-9 wp-has-aspect-ratio\"><div class=\"wp-block-embed__wrapper\">\n<iframe loading=\"lazy\" title=\"Maribel Nadal: &quot;Nos hace mucha ilusi\u00f3n llegar a EEUU con el RNA Padel Tour&quot;\" width=\"500\" height=\"281\" src=\"https:\/\/www.youtube.com\/embed\/sw7CJg_LkJU?feature=oembed\" frameborder=\"0\" allow=\"accelerometer; autoplay; clipboard-write; encrypted-media; gyroscope; picture-in-picture; web-share\" referrerpolicy=\"strict-origin-when-cross-origin\" allowfullscreen><\/iframe>\n<\/div><\/figure>\n\n<figure class=\"wp-block-embed is-type-video is-provider-youtube wp-block-embed-youtube wp-embed-aspect-16-9 wp-has-aspect-ratio\"><div class=\"wp-block-embed__wrapper\">\n<iframe loading=\"lazy\" title=\"Maribel Nadal: &quot;Nos hace mucha ilusi\u00f3n llegar a EEUU con el RNA Padel Tour&quot;\" width=\"500\" height=\"281\" src=\"https:\/\/www.youtube.com\/embed\/sw7CJg_LkJU?feature=oembed\" frameborder=\"0\" allow=\"accelerometer; autoplay; clipboard-write; encrypted-media; gyroscope; picture-in-picture; web-share\" referrerpolicy=\"strict-origin-when-cross-origin\" allowfullscreen><\/iframe>\n<\/div><\/figure>\n","protected":false},"excerpt":{"rendered":"<p>La ciutat de Gij\u00f3n torna a formar part del calendari del Rafa Nadal Academy P\u00e0del Tour by The Adecco Group amb la celebraci\u00f3 d&#8217;una nova prova del 8 al 10 de maig a les instal\u00b7lacions de VAD4 P\u00e0del. Despr\u00e9s de l&#8217;\u00e8xit de l&#8217;any passat, Gij\u00f3n repeteix com a seu a la tercera edici\u00f3 del circuit,<a href=\"https:\/\/www.rafanadalacademy.com\/ca\/noticies\/gijon-torna-a-acollir-una-prova-del-rafa-nadal-academy-padel-tour-by-the-adecco-group\/\">Continue reading <span class=\"sr-only\">&#8220;Gij\u00f3n torna a acollir una prova del Rafa Nadal Academy P\u00e0del Tour by The Adecco Group&#8221;<\/span><\/a><\/p>\n","protected":false},"author":23,"featured_media":37440,"comment_status":"closed","ping_status":"closed","sticky":false,"template":"","format":"standard","meta":{"_acf_changed":false,"footnotes":""},"categories":[157,161,209],"tags":[210,163],"class_list":["post-43653","post","type-post","status-publish","format-standard","has-post-thumbnail","hentry","category-noticies","category-padel-ca","category-rafa-nadal-academy-by-movistar-ca","tag-rafa-nadal-academy-by-movistar-ca","tag-rafa-nadal-academy-padel-tour-ca"],"acf":[],"yoast_head":"<!-- This site is optimized with the Yoast SEO Premium plugin v26.8 (Yoast SEO v26.9) - https:\/\/yoast.com\/product\/yoast-seo-premium-wordpress\/ -->\n<title>Gij\u00f3n torna a acollir una prova del Rafa Nadal Academy P\u00e0del Tour by The Adecco Group - Rafa Nadal Academy<\/title>\n<meta name=\"description\" content=\"Gij\u00f3n torna a formar part del calendari del Rafa Nadal Academy P\u00e0del Tour by The Adecco Group amb la celebraci\u00f3 d&#039;una nova prova del 8 al 10 de maig a les instal\u00b7lacions de VAD4 P\u00e0del.\" \/>\n<meta name=\"robots\" content=\"index, follow, max-snippet:-1, max-image-preview:large, max-video-preview:-1\" \/>\n<link rel=\"canonical\" href=\"https:\/\/www.rafanadalacademy.com\/ca\/noticies\/gijon-torna-a-acollir-una-prova-del-rafa-nadal-academy-padel-tour-by-the-adecco-group\/\" \/>\n<meta property=\"og:locale\" content=\"ca_ES\" \/>\n<meta property=\"og:type\" content=\"article\" \/>\n<meta property=\"og:title\" content=\"Gij\u00f3n torna a acollir una prova del Rafa Nadal Academy P\u00e0del Tour by The Adecco Group\" \/>\n<meta property=\"og:description\" content=\"Gij\u00f3n torna a formar part del calendari del Rafa Nadal Academy P\u00e0del Tour by The Adecco Group amb la celebraci\u00f3 d&#039;una nova prova del 8 al 10 de maig a les instal\u00b7lacions de VAD4 P\u00e0del.\" \/>\n<meta property=\"og:url\" content=\"https:\/\/www.rafanadalacademy.com\/ca\/noticies\/gijon-torna-a-acollir-una-prova-del-rafa-nadal-academy-padel-tour-by-the-adecco-group\/\" \/>\n<meta property=\"og:site_name\" content=\"Rafa Nadal Academy\" \/>\n<meta property=\"article:published_time\" content=\"2026-04-29T09:22:39+00:00\" \/>\n<meta property=\"og:image\" content=\"https:\/\/www.rafanadalacademy.com\/wp-content\/uploads\/2025\/12\/Rafa-Nadal-Padel-Tour-by-The-Adecco-Groupo-II.jpg\" \/>\n\t<meta property=\"og:image:width\" content=\"2560\" \/>\n\t<meta property=\"og:image:height\" content=\"2048\" \/>\n\t<meta property=\"og:image:type\" content=\"image\/jpeg\" \/>\n<meta name=\"author\" content=\"joseluisprados\" \/>\n<meta name=\"twitter:card\" content=\"summary_large_image\" \/>\n<meta name=\"twitter:label1\" content=\"Written by\" \/>\n\t<meta name=\"twitter:data1\" content=\"joseluisprados\" \/>\n\t<meta name=\"twitter:label2\" content=\"Est. reading time\" \/>\n\t<meta name=\"twitter:data2\" content=\"3 minutes\" \/>\n<script type=\"application\/ld+json\" class=\"yoast-schema-graph\">{\"@context\":\"https:\/\/schema.org\",\"@graph\":[{\"@type\":\"Article\",\"@id\":\"https:\/\/www.rafanadalacademy.com\/ca\/noticies\/gijon-torna-a-acollir-una-prova-del-rafa-nadal-academy-padel-tour-by-the-adecco-group\/#article\",\"isPartOf\":{\"@id\":\"https:\/\/www.rafanadalacademy.com\/ca\/noticies\/gijon-torna-a-acollir-una-prova-del-rafa-nadal-academy-padel-tour-by-the-adecco-group\/\"},\"author\":{\"name\":\"joseluisprados\",\"@id\":\"https:\/\/www.rafanadalacademy.com\/ca\/#\/schema\/person\/744897d6ee269641fff954376180ef01\"},\"headline\":\"Gij\u00f3n torna a acollir una prova del Rafa Nadal Academy P\u00e0del Tour by The Adecco Group\",\"datePublished\":\"2026-04-29T09:22:39+00:00\",\"mainEntityOfPage\":{\"@id\":\"https:\/\/www.rafanadalacademy.com\/ca\/noticies\/gijon-torna-a-acollir-una-prova-del-rafa-nadal-academy-padel-tour-by-the-adecco-group\/\"},\"wordCount\":565,\"image\":{\"@id\":\"https:\/\/www.rafanadalacademy.com\/ca\/noticies\/gijon-torna-a-acollir-una-prova-del-rafa-nadal-academy-padel-tour-by-the-adecco-group\/#primaryimage\"},\"thumbnailUrl\":\"https:\/\/www.rafanadalacademy.com\/wp-content\/uploads\/2025\/12\/Rafa-Nadal-Padel-Tour-by-The-Adecco-Groupo-II.jpg\",\"keywords\":[\"RAFA NADAL ACADEMY BY MOVISTAR\",\"RAFA NADAL ACADEMY P\u00c0DEL TOUR\"],\"articleSection\":[\"Not\u00edcies\",\"P\u00c0DEL\",\"RAFA NADAL ACADEMY BY MOVISTAR\"],\"inLanguage\":\"ca\",\"copyrightYear\":\"2026\",\"copyrightHolder\":{\"@id\":\"https:\/\/www.rafanadalacademy.com\/#organization\"}},{\"@type\":\"WebPage\",\"@id\":\"https:\/\/www.rafanadalacademy.com\/ca\/noticies\/gijon-torna-a-acollir-una-prova-del-rafa-nadal-academy-padel-tour-by-the-adecco-group\/\",\"url\":\"https:\/\/www.rafanadalacademy.com\/ca\/noticies\/gijon-torna-a-acollir-una-prova-del-rafa-nadal-academy-padel-tour-by-the-adecco-group\/\",\"name\":\"Gij\u00f3n torna a acollir una prova del Rafa Nadal Academy P\u00e0del Tour by The Adecco Group - Rafa Nadal Academy\",\"isPartOf\":{\"@id\":\"https:\/\/www.rafanadalacademy.com\/ca\/#website\"},\"primaryImageOfPage\":{\"@id\":\"https:\/\/www.rafanadalacademy.com\/ca\/noticies\/gijon-torna-a-acollir-una-prova-del-rafa-nadal-academy-padel-tour-by-the-adecco-group\/#primaryimage\"},\"image\":{\"@id\":\"https:\/\/www.rafanadalacademy.com\/ca\/noticies\/gijon-torna-a-acollir-una-prova-del-rafa-nadal-academy-padel-tour-by-the-adecco-group\/#primaryimage\"},\"thumbnailUrl\":\"https:\/\/www.rafanadalacademy.com\/wp-content\/uploads\/2025\/12\/Rafa-Nadal-Padel-Tour-by-The-Adecco-Groupo-II.jpg\",\"datePublished\":\"2026-04-29T09:22:39+00:00\",\"author\":{\"@id\":\"https:\/\/www.rafanadalacademy.com\/ca\/#\/schema\/person\/744897d6ee269641fff954376180ef01\"},\"description\":\"Gij\u00f3n torna a formar part del calendari del Rafa Nadal Academy P\u00e0del Tour by The Adecco Group amb la celebraci\u00f3 d'una nova prova del 8 al 10 de maig a les instal\u00b7lacions de VAD4 P\u00e0del.\",\"breadcrumb\":{\"@id\":\"https:\/\/www.rafanadalacademy.com\/ca\/noticies\/gijon-torna-a-acollir-una-prova-del-rafa-nadal-academy-padel-tour-by-the-adecco-group\/#breadcrumb\"},\"inLanguage\":\"ca\",\"potentialAction\":[{\"@type\":\"ReadAction\",\"target\":[\"https:\/\/www.rafanadalacademy.com\/ca\/noticies\/gijon-torna-a-acollir-una-prova-del-rafa-nadal-academy-padel-tour-by-the-adecco-group\/\"]}]},{\"@type\":\"ImageObject\",\"inLanguage\":\"ca\",\"@id\":\"https:\/\/www.rafanadalacademy.com\/ca\/noticies\/gijon-torna-a-acollir-una-prova-del-rafa-nadal-academy-padel-tour-by-the-adecco-group\/#primaryimage\",\"url\":\"https:\/\/www.rafanadalacademy.com\/wp-content\/uploads\/2025\/12\/Rafa-Nadal-Padel-Tour-by-The-Adecco-Groupo-II.jpg\",\"contentUrl\":\"https:\/\/www.rafanadalacademy.com\/wp-content\/uploads\/2025\/12\/Rafa-Nadal-Padel-Tour-by-The-Adecco-Groupo-II.jpg\",\"width\":2560,\"height\":2048},{\"@type\":\"BreadcrumbList\",\"@id\":\"https:\/\/www.rafanadalacademy.com\/ca\/noticies\/gijon-torna-a-acollir-una-prova-del-rafa-nadal-academy-padel-tour-by-the-adecco-group\/#breadcrumb\",\"itemListElement\":[{\"@type\":\"ListItem\",\"position\":1,\"name\":\"Home\",\"item\":\"https:\/\/www.rafanadalacademy.com\/ca\/\"},{\"@type\":\"ListItem\",\"position\":2,\"name\":\"Gij\u00f3n torna a acollir una prova del Rafa Nadal Academy P\u00e0del Tour by The Adecco Group\"}]},{\"@type\":\"WebSite\",\"@id\":\"https:\/\/www.rafanadalacademy.com\/ca\/#website\",\"url\":\"https:\/\/www.rafanadalacademy.com\/ca\/\",\"name\":\"Rafa Nadal Academy\",\"description\":\"Otro sitio realizado con WordPress\",\"potentialAction\":[{\"@type\":\"SearchAction\",\"target\":{\"@type\":\"EntryPoint\",\"urlTemplate\":\"https:\/\/www.rafanadalacademy.com\/ca\/?s={search_term_string}\"},\"query-input\":{\"@type\":\"PropertyValueSpecification\",\"valueRequired\":true,\"valueName\":\"search_term_string\"}}],\"inLanguage\":\"ca\"},{\"@type\":\"Person\",\"@id\":\"https:\/\/www.rafanadalacademy.com\/ca\/#\/schema\/person\/744897d6ee269641fff954376180ef01\",\"name\":\"joseluisprados\",\"image\":{\"@type\":\"ImageObject\",\"inLanguage\":\"ca\",\"@id\":\"https:\/\/www.rafanadalacademy.com\/ca\/#\/schema\/person\/image\/\",\"url\":\"https:\/\/secure.gravatar.com\/avatar\/8aa823a6e5501864ffab4785d9e2a994b59c2d45c9f9751c5a532abfec081e5f?s=96&d=mm&r=g\",\"contentUrl\":\"https:\/\/secure.gravatar.com\/avatar\/8aa823a6e5501864ffab4785d9e2a994b59c2d45c9f9751c5a532abfec081e5f?s=96&d=mm&r=g\",\"caption\":\"joseluisprados\"},\"url\":\"https:\/\/www.rafanadalacademy.com\/ca\/author\/joseluisprados\/\"},{\"@type\":\"ImageObject\",\"inLanguage\":\"ca\",\"@id\":\"https:\/\/www.rafanadalacademy.com\/ca\/noticies\/gijon-torna-a-acollir-una-prova-del-rafa-nadal-academy-padel-tour-by-the-adecco-group\/#local-main-organization-logo\",\"url\":\"\",\"contentUrl\":\"\",\"caption\":\"Rafa Nadal Academy\"}]}<\/script>\n<!-- \/ Yoast SEO Premium plugin. -->","yoast_head_json":{"title":"Gij\u00f3n torna a acollir una prova del Rafa Nadal Academy P\u00e0del Tour by The Adecco Group - Rafa Nadal Academy","description":"Gij\u00f3n torna a formar part del calendari del Rafa Nadal Academy P\u00e0del Tour by The Adecco Group amb la celebraci\u00f3 d'una nova prova del 8 al 10 de maig a les instal\u00b7lacions de VAD4 P\u00e0del.","robots":{"index":"index","follow":"follow","max-snippet":"max-snippet:-1","max-image-preview":"max-image-preview:large","max-video-preview":"max-video-preview:-1"},"canonical":"https:\/\/www.rafanadalacademy.com\/ca\/noticies\/gijon-torna-a-acollir-una-prova-del-rafa-nadal-academy-padel-tour-by-the-adecco-group\/","og_locale":"ca_ES","og_type":"article","og_title":"Gij\u00f3n torna a acollir una prova del Rafa Nadal Academy P\u00e0del Tour by The Adecco Group","og_description":"Gij\u00f3n torna a formar part del calendari del Rafa Nadal Academy P\u00e0del Tour by The Adecco Group amb la celebraci\u00f3 d'una nova prova del 8 al 10 de maig a les instal\u00b7lacions de VAD4 P\u00e0del.","og_url":"https:\/\/www.rafanadalacademy.com\/ca\/noticies\/gijon-torna-a-acollir-una-prova-del-rafa-nadal-academy-padel-tour-by-the-adecco-group\/","og_site_name":"Rafa Nadal Academy","article_published_time":"2026-04-29T09:22:39+00:00","og_image":[{"width":2560,"height":2048,"url":"https:\/\/www.rafanadalacademy.com\/wp-content\/uploads\/2025\/12\/Rafa-Nadal-Padel-Tour-by-The-Adecco-Groupo-II.jpg","type":"image\/jpeg"}],"author":"joseluisprados","twitter_card":"summary_large_image","twitter_misc":{"Written by":"joseluisprados","Est. reading time":"3 minutes"},"schema":{"@context":"https:\/\/schema.org","@graph":[{"@type":"Article","@id":"https:\/\/www.rafanadalacademy.com\/ca\/noticies\/gijon-torna-a-acollir-una-prova-del-rafa-nadal-academy-padel-tour-by-the-adecco-group\/#article","isPartOf":{"@id":"https:\/\/www.rafanadalacademy.com\/ca\/noticies\/gijon-torna-a-acollir-una-prova-del-rafa-nadal-academy-padel-tour-by-the-adecco-group\/"},"author":{"name":"joseluisprados","@id":"https:\/\/www.rafanadalacademy.com\/ca\/#\/schema\/person\/744897d6ee269641fff954376180ef01"},"headline":"Gij\u00f3n torna a acollir una prova del Rafa Nadal Academy P\u00e0del Tour by The Adecco Group","datePublished":"2026-04-29T09:22:39+00:00","mainEntityOfPage":{"@id":"https:\/\/www.rafanadalacademy.com\/ca\/noticies\/gijon-torna-a-acollir-una-prova-del-rafa-nadal-academy-padel-tour-by-the-adecco-group\/"},"wordCount":565,"image":{"@id":"https:\/\/www.rafanadalacademy.com\/ca\/noticies\/gijon-torna-a-acollir-una-prova-del-rafa-nadal-academy-padel-tour-by-the-adecco-group\/#primaryimage"},"thumbnailUrl":"https:\/\/www.rafanadalacademy.com\/wp-content\/uploads\/2025\/12\/Rafa-Nadal-Padel-Tour-by-The-Adecco-Groupo-II.jpg","keywords":["RAFA NADAL ACADEMY BY MOVISTAR","RAFA NADAL ACADEMY P\u00c0DEL TOUR"],"articleSection":["Not\u00edcies","P\u00c0DEL","RAFA NADAL ACADEMY BY MOVISTAR"],"inLanguage":"ca","copyrightYear":"2026","copyrightHolder":{"@id":"https:\/\/www.rafanadalacademy.com\/#organization"}},{"@type":"WebPage","@id":"https:\/\/www.rafanadalacademy.com\/ca\/noticies\/gijon-torna-a-acollir-una-prova-del-rafa-nadal-academy-padel-tour-by-the-adecco-group\/","url":"https:\/\/www.rafanadalacademy.com\/ca\/noticies\/gijon-torna-a-acollir-una-prova-del-rafa-nadal-academy-padel-tour-by-the-adecco-group\/","name":"Gij\u00f3n torna a acollir una prova del Rafa Nadal Academy P\u00e0del Tour by The Adecco Group - Rafa Nadal Academy","isPartOf":{"@id":"https:\/\/www.rafanadalacademy.com\/ca\/#website"},"primaryImageOfPage":{"@id":"https:\/\/www.rafanadalacademy.com\/ca\/noticies\/gijon-torna-a-acollir-una-prova-del-rafa-nadal-academy-padel-tour-by-the-adecco-group\/#primaryimage"},"image":{"@id":"https:\/\/www.rafanadalacademy.com\/ca\/noticies\/gijon-torna-a-acollir-una-prova-del-rafa-nadal-academy-padel-tour-by-the-adecco-group\/#primaryimage"},"thumbnailUrl":"https:\/\/www.rafanadalacademy.com\/wp-content\/uploads\/2025\/12\/Rafa-Nadal-Padel-Tour-by-The-Adecco-Groupo-II.jpg","datePublished":"2026-04-29T09:22:39+00:00","author":{"@id":"https:\/\/www.rafanadalacademy.com\/ca\/#\/schema\/person\/744897d6ee269641fff954376180ef01"},"description":"Gij\u00f3n torna a formar part del calendari del Rafa Nadal Academy P\u00e0del Tour by The Adecco Group amb la celebraci\u00f3 d'una nova prova del 8 al 10 de maig a les instal\u00b7lacions de VAD4 P\u00e0del.","breadcrumb":{"@id":"https:\/\/www.rafanadalacademy.com\/ca\/noticies\/gijon-torna-a-acollir-una-prova-del-rafa-nadal-academy-padel-tour-by-the-adecco-group\/#breadcrumb"},"inLanguage":"ca","potentialAction":[{"@type":"ReadAction","target":["https:\/\/www.rafanadalacademy.com\/ca\/noticies\/gijon-torna-a-acollir-una-prova-del-rafa-nadal-academy-padel-tour-by-the-adecco-group\/"]}]},{"@type":"ImageObject","inLanguage":"ca","@id":"https:\/\/www.rafanadalacademy.com\/ca\/noticies\/gijon-torna-a-acollir-una-prova-del-rafa-nadal-academy-padel-tour-by-the-adecco-group\/#primaryimage","url":"https:\/\/www.rafanadalacademy.com\/wp-content\/uploads\/2025\/12\/Rafa-Nadal-Padel-Tour-by-The-Adecco-Groupo-II.jpg","contentUrl":"https:\/\/www.rafanadalacademy.com\/wp-content\/uploads\/2025\/12\/Rafa-Nadal-Padel-Tour-by-The-Adecco-Groupo-II.jpg","width":2560,"height":2048},{"@type":"BreadcrumbList","@id":"https:\/\/www.rafanadalacademy.com\/ca\/noticies\/gijon-torna-a-acollir-una-prova-del-rafa-nadal-academy-padel-tour-by-the-adecco-group\/#breadcrumb","itemListElement":[{"@type":"ListItem","position":1,"name":"Home","item":"https:\/\/www.rafanadalacademy.com\/ca\/"},{"@type":"ListItem","position":2,"name":"Gij\u00f3n torna a acollir una prova del Rafa Nadal Academy P\u00e0del Tour by The Adecco Group"}]},{"@type":"WebSite","@id":"https:\/\/www.rafanadalacademy.com\/ca\/#website","url":"https:\/\/www.rafanadalacademy.com\/ca\/","name":"Rafa Nadal Academy","description":"Otro sitio realizado con WordPress","potentialAction":[{"@type":"SearchAction","target":{"@type":"EntryPoint","urlTemplate":"https:\/\/www.rafanadalacademy.com\/ca\/?s={search_term_string}"},"query-input":{"@type":"PropertyValueSpecification","valueRequired":true,"valueName":"search_term_string"}}],"inLanguage":"ca"},{"@type":"Person","@id":"https:\/\/www.rafanadalacademy.com\/ca\/#\/schema\/person\/744897d6ee269641fff954376180ef01","name":"joseluisprados","image":{"@type":"ImageObject","inLanguage":"ca","@id":"https:\/\/www.rafanadalacademy.com\/ca\/#\/schema\/person\/image\/","url":"https:\/\/secure.gravatar.com\/avatar\/8aa823a6e5501864ffab4785d9e2a994b59c2d45c9f9751c5a532abfec081e5f?s=96&d=mm&r=g","contentUrl":"https:\/\/secure.gravatar.com\/avatar\/8aa823a6e5501864ffab4785d9e2a994b59c2d45c9f9751c5a532abfec081e5f?s=96&d=mm&r=g","caption":"joseluisprados"},"url":"https:\/\/www.rafanadalacademy.com\/ca\/author\/joseluisprados\/"},{"@type":"ImageObject","inLanguage":"ca","@id":"https:\/\/www.rafanadalacademy.com\/ca\/noticies\/gijon-torna-a-acollir-una-prova-del-rafa-nadal-academy-padel-tour-by-the-adecco-group\/#local-main-organization-logo","url":"","contentUrl":"","caption":"Rafa Nadal Academy"}]}},"_links":{"self":[{"href":"https:\/\/www.rafanadalacademy.com\/ca\/wp-json\/wp\/v2\/posts\/43653","targetHints":{"allow":["GET"]}}],"collection":[{"href":"https:\/\/www.rafanadalacademy.com\/ca\/wp-json\/wp\/v2\/posts"}],"about":[{"href":"https:\/\/www.rafanadalacademy.com\/ca\/wp-json\/wp\/v2\/types\/post"}],"author":[{"embeddable":true,"href":"https:\/\/www.rafanadalacademy.com\/ca\/wp-json\/wp\/v2\/users\/23"}],"replies":[{"embeddable":true,"href":"https:\/\/www.rafanadalacademy.com\/ca\/wp-json\/wp\/v2\/comments?post=43653"}],"version-history":[{"count":1,"href":"https:\/\/www.rafanadalacademy.com\/ca\/wp-json\/wp\/v2\/posts\/43653\/revisions"}],"predecessor-version":[{"id":43654,"href":"https:\/\/www.rafanadalacademy.com\/ca\/wp-json\/wp\/v2\/posts\/43653\/revisions\/43654"}],"wp:featuredmedia":[{"embeddable":true,"href":"https:\/\/www.rafanadalacademy.com\/ca\/wp-json\/wp\/v2\/media\/37440"}],"wp:attachment":[{"href":"https:\/\/www.rafanadalacademy.com\/ca\/wp-json\/wp\/v2\/media?parent=43653"}],"wp:term":[{"taxonomy":"category","embeddable":true,"href":"https:\/\/www.rafanadalacademy.com\/ca\/wp-json\/wp\/v2\/categories?post=43653"},{"taxonomy":"post_tag","embeddable":true,"href":"https:\/\/www.rafanadalacademy.com\/ca\/wp-json\/wp\/v2\/tags?post=43653"}],"curies":[{"name":"wp","href":"https:\/\/api.w.org\/{rel}","templated":true}]}}