{"id":41102,"date":"2026-03-10T11:09:05","date_gmt":"2026-03-10T11:09:05","guid":{"rendered":"https:\/\/www.rafanadalacademy.com\/?p=41102"},"modified":"2026-03-10T14:06:16","modified_gmt":"2026-03-10T14:06:16","slug":"el-rafa-nadal-academy-padel-tour-by-playtomic-comenca-a-miami-la-seva-primera-edicio-als-estats-units","status":"publish","type":"post","link":"https:\/\/www.rafanadalacademy.com\/ca\/noticies\/el-rafa-nadal-academy-padel-tour-by-playtomic-comenca-a-miami-la-seva-primera-edicio-als-estats-units\/","title":{"rendered":"El Rafa Nadal Academy P\u00e1del Tour by Playtomic comen\u00e7a a Miami la seva primera edici\u00f3 als Estats Units"},"content":{"rendered":"\n<p>El Rafa Nadal Academy P\u00e1del Tour by Playtomic far\u00e0 aquest cap de setmana un pas hist\u00f2ric en el seu proc\u00e9s d&#8217;internacionalitzaci\u00f3 amb l&#8217;inici de la seva primera edici\u00f3 als Estats Units. Del 13 al 15 de mar\u00e7 a Miami, el club Padel X ser\u00e0 l&#8217;escenari de la primera parada d&#8217;aquest circuit amateur impulsat per la Rafa Nadal Academy, que combina esport, competici\u00f3 i oci i que ja s&#8217;ha consolidat com una de les experi\u00e8ncies de p\u00e0del amateur m\u00e9s atractives per als jugadors. <\/p>\n\n<figure class=\"wp-block-image size-full\"><img decoding=\"async\" src=\"https:\/\/www.rafanadalacademy.com\/wp-content\/uploads\/2026\/03\/RNPT_Miami-1.jpeg\" alt=\"\" class=\"wp-image-41074\"\/><figcaption class=\"wp-element-caption\">Rafa Nadal Academy P\u00e1del Tour by Playtomic arriba als Estats Units<\/figcaption><\/figure>\n\n<p><br\/>Despr\u00e9s de l&#8217;\u00e8xit de les seves dues primeres edicions a Espanya i el recent llan\u00e7ament del circuit a It\u00e0lia, el Rafa Nadal Academy P\u00e1del Tour continua la seva expansi\u00f3 internacional i aterra ara als Estats Units de la m\u00e0 de Playtomic, l&#8217;aplicaci\u00f3 l\u00edder mundial per a jugadors i clubs d&#8217;esports de raqueta.<\/p>\n\n<p><br\/><strong>Exhibici\u00f3 amb estrelles del p\u00e0del mundial<\/strong><\/p>\n\n<p>A m\u00e9s de gaudir de la competici\u00f3, els jugadors inscrits a la prova inaugural de Miami i aficionats al p\u00e0del podran gaudir d&#8217;un espectacle \u00fanic amb alguns dels grans noms del p\u00e0del professional.<\/p>\n\n<p>El divendres 13 de mar\u00e7, a les 18:00 hora local, tindr\u00e0 lloc una exhibici\u00f3 especial durant la primera jornada de l&#8217;esdeveniment, que comptar\u00e0 amb jugadors de primer nivell del circuit internacional. Ramiro Moyano i \u201cPincho\u201d Fern\u00e1ndez s&#8217;enfrontaran a Guga V\u00e1zquez, actualment n\u00famero 6 del r\u00e0nquing USPA, i Javier Barahona, n\u00famero 21 del r\u00e0nquing mundial. Moyano, que va arribar a situar-se entre els millors jugadors del circuit mundial de p\u00e0del, ser\u00e0 un dels grans atractius d&#8217;una exhibici\u00f3 que permetr\u00e0 als participants i aficionats viure el p\u00e0del professional molt de prop.  <\/p>\n\n<figure class=\"wp-block-image size-large\"><img loading=\"lazy\" decoding=\"async\" width=\"819\" height=\"1024\" src=\"https:\/\/www.rafanadalacademy.com\/wp-content\/uploads\/2026\/03\/PADEL-819x1024.jpeg\" alt=\"\" class=\"wp-image-41082\" srcset=\"https:\/\/www.rafanadalacademy.com\/wp-content\/uploads\/2026\/03\/PADEL-819x1024.jpeg 819w, https:\/\/www.rafanadalacademy.com\/wp-content\/uploads\/2026\/03\/PADEL-240x300.jpeg 240w, https:\/\/www.rafanadalacademy.com\/wp-content\/uploads\/2026\/03\/PADEL-768x960.jpeg 768w, https:\/\/www.rafanadalacademy.com\/wp-content\/uploads\/2026\/03\/PADEL.jpeg 1080w\" sizes=\"auto, (max-width: 819px) 100vw, 819px\" \/><\/figure>\n\n<p><br\/><strong>Un pas clau en l&#8217;expansi\u00f3 internacional<\/strong><\/p>\n\n<p>El calendari del Rafa Nadal Academy P\u00e1del Tour USA by Playtomic comptar\u00e0 amb quatre proves en territori nord-americ\u00e0. Despr\u00e9s de la cita inaugural a Miami, el circuit viatjar\u00e0 a Austin (Padel 39) del 24 al 26 d&#8217;abril, tornar\u00e0 posteriorment a Florida per disputar-se a Ultra Padel Miami del 8 al 10 de maig, i culminar\u00e0 amb una gran prova final a Reserve Nova York, en ple cor de Manhattan.<br\/>L&#8217;arribada del circuit als Estats Units suposa un nou impuls en l&#8217;estrat\u00e8gia d&#8217;internacionalitzaci\u00f3 de la Rafa Nadal Academy P\u00e1del Tour en un moment en qu\u00e8 el p\u00e0del viu un fort creixement a Am\u00e8rica del Nord. <\/p>\n\n<p>Per a aquesta expansi\u00f3, la Rafa Nadal Academy compta amb el suport estrat\u00e8gic de Playtomic, que contribueix a connectar jugadors i clubs de tot el m\u00f3n a trav\u00e9s de la seva tecnologia i a impulsar el creixement global dels esports de raqueta.<\/p>\n\n<figure class=\"wp-block-embed is-type-video is-provider-youtube wp-block-embed-youtube wp-embed-aspect-16-9 wp-has-aspect-ratio\"><div class=\"wp-block-embed__wrapper\">\n<iframe loading=\"lazy\" title=\"Maribel Nadal: &quot;Nos hace mucha ilusi\u00f3n llegar a EEUU con el RNA Padel Tour&quot;\" width=\"500\" height=\"281\" src=\"https:\/\/www.youtube.com\/embed\/sw7CJg_LkJU?feature=oembed\" frameborder=\"0\" allow=\"accelerometer; autoplay; clipboard-write; encrypted-media; gyroscope; picture-in-picture; web-share\" referrerpolicy=\"strict-origin-when-cross-origin\" allowfullscreen><\/iframe>\n<\/div><\/figure>\n\n<p>El circuit compta a m\u00e9s amb el suport de Babolat, partner estrat\u00e8gic del torneig i una de les marques de refer\u00e8ncia del p\u00e0del a nivell internacional. Els participants rebran productes de la marca en els Welcome Packs, mentre que els guanyadors seran premiats amb pales Babolat. <\/p>\n\n<p><strong>Un circuit global en creixement<\/strong><\/p>\n\n<p>L&#8217;arribada als Estats Units amplia encara m\u00e9s l&#8217;abast internacional del Rafa Nadal Academy P\u00e1del Tour, que el 2026 continuar\u00e0 recorrent algunes de les principals ciutats espanyoles com Santander, Madrid, Gij\u00f3n, Jerez, Valladolid, Estepona, Sevilla i Val\u00e8ncia, abans de culminar amb la gran final a la Rafa Nadal Academy a Manacor.<\/p>\n\n<p>Paral\u00b7lelament, el circuit a It\u00e0lia tamb\u00e9 seguir\u00e0 creixent amb proves a Roma, Mil\u00e0, N\u00e0pols, Flor\u00e8ncia, Tor\u00ed i Ancona, la fase final de les quals tamb\u00e9 es disputar\u00e0 a Mallorca.<\/p>\n\n<figure class=\"wp-block-embed is-type-video is-provider-youtube wp-block-embed-youtube wp-embed-aspect-16-9 wp-has-aspect-ratio\"><div class=\"wp-block-embed__wrapper\">\n<iframe loading=\"lazy\" title=\"Vuelve el Rafa Nadal Academy Padel Tour by The Acdecco Group\" width=\"500\" height=\"281\" src=\"https:\/\/www.youtube.com\/embed\/lirhkLmy22Y?feature=oembed\" frameborder=\"0\" allow=\"accelerometer; autoplay; clipboard-write; encrypted-media; gyroscope; picture-in-picture; web-share\" referrerpolicy=\"strict-origin-when-cross-origin\" allowfullscreen><\/iframe>\n<\/div><\/figure>\n","protected":false},"excerpt":{"rendered":"<p>El Rafa Nadal Academy P\u00e1del Tour by Playtomic far\u00e0 aquest cap de setmana un pas hist\u00f2ric en el seu proc\u00e9s d&#8217;internacionalitzaci\u00f3 amb l&#8217;inici de la seva primera edici\u00f3 als Estats Units. Del 13 al 15 de mar\u00e7 a Miami, el club Padel X ser\u00e0 l&#8217;escenari de la primera parada d&#8217;aquest circuit amateur impulsat per la<a href=\"https:\/\/www.rafanadalacademy.com\/ca\/noticies\/el-rafa-nadal-academy-padel-tour-by-playtomic-comenca-a-miami-la-seva-primera-edicio-als-estats-units\/\">Continue reading <span class=\"sr-only\">&#8220;El Rafa Nadal Academy P\u00e1del Tour by Playtomic comen\u00e7a a Miami la seva primera edici\u00f3 als Estats Units&#8221;<\/span><\/a><\/p>\n","protected":false},"author":23,"featured_media":41146,"comment_status":"closed","ping_status":"closed","sticky":false,"template":"","format":"standard","meta":{"_acf_changed":false,"footnotes":""},"categories":[157,161,209],"tags":[210,163],"class_list":["post-41102","post","type-post","status-publish","format-standard","has-post-thumbnail","hentry","category-noticies","category-padel-ca","category-rafa-nadal-academy-by-movistar-ca","tag-rafa-nadal-academy-by-movistar-ca","tag-rafa-nadal-academy-padel-tour-ca"],"acf":[],"yoast_head":"<!-- This site is optimized with the Yoast SEO Premium plugin v26.8 (Yoast SEO v26.9) - https:\/\/yoast.com\/product\/yoast-seo-premium-wordpress\/ -->\n<title>El Rafa Nadal Academy P\u00e1del Tour by Playtomic comen\u00e7a a Miami la seva primera edici\u00f3 als Estats Units - Rafa Nadal Academy<\/title>\n<meta name=\"description\" content=\"El Rafa Nadal Academy P\u00e1del Tour by Playtomic arrenca a Miami la seva primera edici\u00f3 als Estats Units\" \/>\n<meta name=\"robots\" content=\"index, follow, max-snippet:-1, max-image-preview:large, max-video-preview:-1\" \/>\n<link rel=\"canonical\" href=\"https:\/\/www.rafanadalacademy.com\/ca\/noticies\/el-rafa-nadal-academy-padel-tour-by-playtomic-comenca-a-miami-la-seva-primera-edicio-als-estats-units\/\" \/>\n<meta property=\"og:locale\" content=\"ca_ES\" \/>\n<meta property=\"og:type\" content=\"article\" \/>\n<meta property=\"og:title\" content=\"El Rafa Nadal Academy P\u00e1del Tour by Playtomic comen\u00e7a a Miami la seva primera edici\u00f3 als Estats Units\" \/>\n<meta property=\"og:description\" content=\"El Rafa Nadal Academy P\u00e1del Tour by Playtomic arrenca a Miami la seva primera edici\u00f3 als Estats Units\" \/>\n<meta property=\"og:url\" content=\"https:\/\/www.rafanadalacademy.com\/ca\/noticies\/el-rafa-nadal-academy-padel-tour-by-playtomic-comenca-a-miami-la-seva-primera-edicio-als-estats-units\/\" \/>\n<meta property=\"og:site_name\" content=\"Rafa Nadal Academy\" \/>\n<meta property=\"article:published_time\" content=\"2026-03-10T11:09:05+00:00\" \/>\n<meta property=\"article:modified_time\" content=\"2026-03-10T14:06:16+00:00\" \/>\n<meta property=\"og:image\" content=\"https:\/\/www.rafanadalacademy.com\/wp-content\/uploads\/2026\/03\/RNAPADELTOUR_MIAMI_PADELX_1280x480px.jpg\" \/>\n\t<meta property=\"og:image:width\" content=\"1280\" \/>\n\t<meta property=\"og:image:height\" content=\"480\" \/>\n\t<meta property=\"og:image:type\" content=\"image\/jpeg\" \/>\n<meta name=\"author\" content=\"joseluisprados\" \/>\n<meta name=\"twitter:card\" content=\"summary_large_image\" \/>\n<meta name=\"twitter:label1\" content=\"Written by\" \/>\n\t<meta name=\"twitter:data1\" content=\"joseluisprados\" \/>\n\t<meta name=\"twitter:label2\" content=\"Est. reading time\" \/>\n\t<meta name=\"twitter:data2\" content=\"3 minutes\" \/>\n<script type=\"application\/ld+json\" class=\"yoast-schema-graph\">{\"@context\":\"https:\/\/schema.org\",\"@graph\":[{\"@type\":\"Article\",\"@id\":\"https:\/\/www.rafanadalacademy.com\/ca\/noticies\/el-rafa-nadal-academy-padel-tour-by-playtomic-comenca-a-miami-la-seva-primera-edicio-als-estats-units\/#article\",\"isPartOf\":{\"@id\":\"https:\/\/www.rafanadalacademy.com\/ca\/noticies\/el-rafa-nadal-academy-padel-tour-by-playtomic-comenca-a-miami-la-seva-primera-edicio-als-estats-units\/\"},\"author\":{\"name\":\"joseluisprados\",\"@id\":\"https:\/\/www.rafanadalacademy.com\/ca\/#\/schema\/person\/744897d6ee269641fff954376180ef01\"},\"headline\":\"El Rafa Nadal Academy P\u00e1del Tour by Playtomic comen\u00e7a a Miami la seva primera edici\u00f3 als Estats Units\",\"datePublished\":\"2026-03-10T11:09:05+00:00\",\"dateModified\":\"2026-03-10T14:06:16+00:00\",\"mainEntityOfPage\":{\"@id\":\"https:\/\/www.rafanadalacademy.com\/ca\/noticies\/el-rafa-nadal-academy-padel-tour-by-playtomic-comenca-a-miami-la-seva-primera-edicio-als-estats-units\/\"},\"wordCount\":648,\"image\":{\"@id\":\"https:\/\/www.rafanadalacademy.com\/ca\/noticies\/el-rafa-nadal-academy-padel-tour-by-playtomic-comenca-a-miami-la-seva-primera-edicio-als-estats-units\/#primaryimage\"},\"thumbnailUrl\":\"https:\/\/www.rafanadalacademy.com\/wp-content\/uploads\/2026\/03\/RNAPADELTOUR_MIAMI_PADELX_1280x480px.jpg\",\"keywords\":[\"RAFA NADAL ACADEMY BY MOVISTAR\",\"RAFA NADAL ACADEMY P\u00c0DEL TOUR\"],\"articleSection\":[\"Not\u00edcies\",\"P\u00c0DEL\",\"RAFA NADAL ACADEMY BY MOVISTAR\"],\"inLanguage\":\"ca\",\"copyrightYear\":\"2026\",\"copyrightHolder\":{\"@id\":\"https:\/\/www.rafanadalacademy.com\/#organization\"}},{\"@type\":\"WebPage\",\"@id\":\"https:\/\/www.rafanadalacademy.com\/ca\/noticies\/el-rafa-nadal-academy-padel-tour-by-playtomic-comenca-a-miami-la-seva-primera-edicio-als-estats-units\/\",\"url\":\"https:\/\/www.rafanadalacademy.com\/ca\/noticies\/el-rafa-nadal-academy-padel-tour-by-playtomic-comenca-a-miami-la-seva-primera-edicio-als-estats-units\/\",\"name\":\"El Rafa Nadal Academy P\u00e1del Tour by Playtomic comen\u00e7a a Miami la seva primera edici\u00f3 als Estats Units - Rafa Nadal Academy\",\"isPartOf\":{\"@id\":\"https:\/\/www.rafanadalacademy.com\/ca\/#website\"},\"primaryImageOfPage\":{\"@id\":\"https:\/\/www.rafanadalacademy.com\/ca\/noticies\/el-rafa-nadal-academy-padel-tour-by-playtomic-comenca-a-miami-la-seva-primera-edicio-als-estats-units\/#primaryimage\"},\"image\":{\"@id\":\"https:\/\/www.rafanadalacademy.com\/ca\/noticies\/el-rafa-nadal-academy-padel-tour-by-playtomic-comenca-a-miami-la-seva-primera-edicio-als-estats-units\/#primaryimage\"},\"thumbnailUrl\":\"https:\/\/www.rafanadalacademy.com\/wp-content\/uploads\/2026\/03\/RNAPADELTOUR_MIAMI_PADELX_1280x480px.jpg\",\"datePublished\":\"2026-03-10T11:09:05+00:00\",\"dateModified\":\"2026-03-10T14:06:16+00:00\",\"author\":{\"@id\":\"https:\/\/www.rafanadalacademy.com\/ca\/#\/schema\/person\/744897d6ee269641fff954376180ef01\"},\"description\":\"El Rafa Nadal Academy P\u00e1del Tour by Playtomic arrenca a Miami la seva primera edici\u00f3 als Estats Units\",\"breadcrumb\":{\"@id\":\"https:\/\/www.rafanadalacademy.com\/ca\/noticies\/el-rafa-nadal-academy-padel-tour-by-playtomic-comenca-a-miami-la-seva-primera-edicio-als-estats-units\/#breadcrumb\"},\"inLanguage\":\"ca\",\"potentialAction\":[{\"@type\":\"ReadAction\",\"target\":[\"https:\/\/www.rafanadalacademy.com\/ca\/noticies\/el-rafa-nadal-academy-padel-tour-by-playtomic-comenca-a-miami-la-seva-primera-edicio-als-estats-units\/\"]}]},{\"@type\":\"ImageObject\",\"inLanguage\":\"ca\",\"@id\":\"https:\/\/www.rafanadalacademy.com\/ca\/noticies\/el-rafa-nadal-academy-padel-tour-by-playtomic-comenca-a-miami-la-seva-primera-edicio-als-estats-units\/#primaryimage\",\"url\":\"https:\/\/www.rafanadalacademy.com\/wp-content\/uploads\/2026\/03\/RNAPADELTOUR_MIAMI_PADELX_1280x480px.jpg\",\"contentUrl\":\"https:\/\/www.rafanadalacademy.com\/wp-content\/uploads\/2026\/03\/RNAPADELTOUR_MIAMI_PADELX_1280x480px.jpg\",\"width\":1280,\"height\":480,\"caption\":\"Miami, primera prueba del Rafa Nadal Academy Padel Tour\"},{\"@type\":\"BreadcrumbList\",\"@id\":\"https:\/\/www.rafanadalacademy.com\/ca\/noticies\/el-rafa-nadal-academy-padel-tour-by-playtomic-comenca-a-miami-la-seva-primera-edicio-als-estats-units\/#breadcrumb\",\"itemListElement\":[{\"@type\":\"ListItem\",\"position\":1,\"name\":\"Home\",\"item\":\"https:\/\/www.rafanadalacademy.com\/ca\/\"},{\"@type\":\"ListItem\",\"position\":2,\"name\":\"El Rafa Nadal Academy P\u00e1del Tour by Playtomic comen\u00e7a a Miami la seva primera edici\u00f3 als Estats Units\"}]},{\"@type\":\"WebSite\",\"@id\":\"https:\/\/www.rafanadalacademy.com\/ca\/#website\",\"url\":\"https:\/\/www.rafanadalacademy.com\/ca\/\",\"name\":\"Rafa Nadal Academy\",\"description\":\"Otro sitio realizado con WordPress\",\"potentialAction\":[{\"@type\":\"SearchAction\",\"target\":{\"@type\":\"EntryPoint\",\"urlTemplate\":\"https:\/\/www.rafanadalacademy.com\/ca\/?s={search_term_string}\"},\"query-input\":{\"@type\":\"PropertyValueSpecification\",\"valueRequired\":true,\"valueName\":\"search_term_string\"}}],\"inLanguage\":\"ca\"},{\"@type\":\"Person\",\"@id\":\"https:\/\/www.rafanadalacademy.com\/ca\/#\/schema\/person\/744897d6ee269641fff954376180ef01\",\"name\":\"joseluisprados\",\"image\":{\"@type\":\"ImageObject\",\"inLanguage\":\"ca\",\"@id\":\"https:\/\/www.rafanadalacademy.com\/ca\/#\/schema\/person\/image\/\",\"url\":\"https:\/\/secure.gravatar.com\/avatar\/8aa823a6e5501864ffab4785d9e2a994b59c2d45c9f9751c5a532abfec081e5f?s=96&d=mm&r=g\",\"contentUrl\":\"https:\/\/secure.gravatar.com\/avatar\/8aa823a6e5501864ffab4785d9e2a994b59c2d45c9f9751c5a532abfec081e5f?s=96&d=mm&r=g\",\"caption\":\"joseluisprados\"},\"url\":\"https:\/\/www.rafanadalacademy.com\/ca\/author\/joseluisprados\/\"},{\"@type\":\"ImageObject\",\"inLanguage\":\"ca\",\"@id\":\"https:\/\/www.rafanadalacademy.com\/ca\/noticies\/el-rafa-nadal-academy-padel-tour-by-playtomic-comenca-a-miami-la-seva-primera-edicio-als-estats-units\/#local-main-organization-logo\",\"url\":\"\",\"contentUrl\":\"\",\"caption\":\"Rafa Nadal Academy\"}]}<\/script>\n<meta property=\"og:video\" content=\"https:\/\/www.youtube.com\/embed\/sw7CJg_LkJU\" \/>\n<meta property=\"og:video:type\" content=\"text\/html\" \/>\n<meta property=\"og:video:duration\" content=\"33\" \/>\n<meta property=\"og:video:width\" content=\"480\" \/>\n<meta property=\"og:video:height\" content=\"270\" \/>\n<meta property=\"ya:ovs:adult\" content=\"false\" \/>\n<meta property=\"ya:ovs:upload_date\" content=\"2026-03-10T11:09:05+00:00\" \/>\n<meta property=\"ya:ovs:allow_embed\" content=\"true\" \/>\n<!-- \/ Yoast SEO Premium plugin. -->","yoast_head_json":{"title":"El Rafa Nadal Academy P\u00e1del Tour by Playtomic comen\u00e7a a Miami la seva primera edici\u00f3 als Estats Units - Rafa Nadal Academy","description":"El Rafa Nadal Academy P\u00e1del Tour by Playtomic arrenca a Miami la seva primera edici\u00f3 als Estats Units","robots":{"index":"index","follow":"follow","max-snippet":"max-snippet:-1","max-image-preview":"max-image-preview:large","max-video-preview":"max-video-preview:-1"},"canonical":"https:\/\/www.rafanadalacademy.com\/ca\/noticies\/el-rafa-nadal-academy-padel-tour-by-playtomic-comenca-a-miami-la-seva-primera-edicio-als-estats-units\/","og_locale":"ca_ES","og_type":"article","og_title":"El Rafa Nadal Academy P\u00e1del Tour by Playtomic comen\u00e7a a Miami la seva primera edici\u00f3 als Estats Units","og_description":"El Rafa Nadal Academy P\u00e1del Tour by Playtomic arrenca a Miami la seva primera edici\u00f3 als Estats Units","og_url":"https:\/\/www.rafanadalacademy.com\/ca\/noticies\/el-rafa-nadal-academy-padel-tour-by-playtomic-comenca-a-miami-la-seva-primera-edicio-als-estats-units\/","og_site_name":"Rafa Nadal Academy","article_published_time":"2026-03-10T11:09:05+00:00","article_modified_time":"2026-03-10T14:06:16+00:00","og_image":[{"width":1280,"height":480,"url":"https:\/\/www.rafanadalacademy.com\/wp-content\/uploads\/2026\/03\/RNAPADELTOUR_MIAMI_PADELX_1280x480px.jpg","type":"image\/jpeg"}],"author":"joseluisprados","twitter_card":"summary_large_image","twitter_misc":{"Written by":"joseluisprados","Est. reading time":"3 minutes"},"schema":{"@context":"https:\/\/schema.org","@graph":[{"@type":"Article","@id":"https:\/\/www.rafanadalacademy.com\/ca\/noticies\/el-rafa-nadal-academy-padel-tour-by-playtomic-comenca-a-miami-la-seva-primera-edicio-als-estats-units\/#article","isPartOf":{"@id":"https:\/\/www.rafanadalacademy.com\/ca\/noticies\/el-rafa-nadal-academy-padel-tour-by-playtomic-comenca-a-miami-la-seva-primera-edicio-als-estats-units\/"},"author":{"name":"joseluisprados","@id":"https:\/\/www.rafanadalacademy.com\/ca\/#\/schema\/person\/744897d6ee269641fff954376180ef01"},"headline":"El Rafa Nadal Academy P\u00e1del Tour by Playtomic comen\u00e7a a Miami la seva primera edici\u00f3 als Estats Units","datePublished":"2026-03-10T11:09:05+00:00","dateModified":"2026-03-10T14:06:16+00:00","mainEntityOfPage":{"@id":"https:\/\/www.rafanadalacademy.com\/ca\/noticies\/el-rafa-nadal-academy-padel-tour-by-playtomic-comenca-a-miami-la-seva-primera-edicio-als-estats-units\/"},"wordCount":648,"image":{"@id":"https:\/\/www.rafanadalacademy.com\/ca\/noticies\/el-rafa-nadal-academy-padel-tour-by-playtomic-comenca-a-miami-la-seva-primera-edicio-als-estats-units\/#primaryimage"},"thumbnailUrl":"https:\/\/www.rafanadalacademy.com\/wp-content\/uploads\/2026\/03\/RNAPADELTOUR_MIAMI_PADELX_1280x480px.jpg","keywords":["RAFA NADAL ACADEMY BY MOVISTAR","RAFA NADAL ACADEMY P\u00c0DEL TOUR"],"articleSection":["Not\u00edcies","P\u00c0DEL","RAFA NADAL ACADEMY BY MOVISTAR"],"inLanguage":"ca","copyrightYear":"2026","copyrightHolder":{"@id":"https:\/\/www.rafanadalacademy.com\/#organization"}},{"@type":"WebPage","@id":"https:\/\/www.rafanadalacademy.com\/ca\/noticies\/el-rafa-nadal-academy-padel-tour-by-playtomic-comenca-a-miami-la-seva-primera-edicio-als-estats-units\/","url":"https:\/\/www.rafanadalacademy.com\/ca\/noticies\/el-rafa-nadal-academy-padel-tour-by-playtomic-comenca-a-miami-la-seva-primera-edicio-als-estats-units\/","name":"El Rafa Nadal Academy P\u00e1del Tour by Playtomic comen\u00e7a a Miami la seva primera edici\u00f3 als Estats Units - Rafa Nadal Academy","isPartOf":{"@id":"https:\/\/www.rafanadalacademy.com\/ca\/#website"},"primaryImageOfPage":{"@id":"https:\/\/www.rafanadalacademy.com\/ca\/noticies\/el-rafa-nadal-academy-padel-tour-by-playtomic-comenca-a-miami-la-seva-primera-edicio-als-estats-units\/#primaryimage"},"image":{"@id":"https:\/\/www.rafanadalacademy.com\/ca\/noticies\/el-rafa-nadal-academy-padel-tour-by-playtomic-comenca-a-miami-la-seva-primera-edicio-als-estats-units\/#primaryimage"},"thumbnailUrl":"https:\/\/www.rafanadalacademy.com\/wp-content\/uploads\/2026\/03\/RNAPADELTOUR_MIAMI_PADELX_1280x480px.jpg","datePublished":"2026-03-10T11:09:05+00:00","dateModified":"2026-03-10T14:06:16+00:00","author":{"@id":"https:\/\/www.rafanadalacademy.com\/ca\/#\/schema\/person\/744897d6ee269641fff954376180ef01"},"description":"El Rafa Nadal Academy P\u00e1del Tour by Playtomic arrenca a Miami la seva primera edici\u00f3 als Estats Units","breadcrumb":{"@id":"https:\/\/www.rafanadalacademy.com\/ca\/noticies\/el-rafa-nadal-academy-padel-tour-by-playtomic-comenca-a-miami-la-seva-primera-edicio-als-estats-units\/#breadcrumb"},"inLanguage":"ca","potentialAction":[{"@type":"ReadAction","target":["https:\/\/www.rafanadalacademy.com\/ca\/noticies\/el-rafa-nadal-academy-padel-tour-by-playtomic-comenca-a-miami-la-seva-primera-edicio-als-estats-units\/"]}]},{"@type":"ImageObject","inLanguage":"ca","@id":"https:\/\/www.rafanadalacademy.com\/ca\/noticies\/el-rafa-nadal-academy-padel-tour-by-playtomic-comenca-a-miami-la-seva-primera-edicio-als-estats-units\/#primaryimage","url":"https:\/\/www.rafanadalacademy.com\/wp-content\/uploads\/2026\/03\/RNAPADELTOUR_MIAMI_PADELX_1280x480px.jpg","contentUrl":"https:\/\/www.rafanadalacademy.com\/wp-content\/uploads\/2026\/03\/RNAPADELTOUR_MIAMI_PADELX_1280x480px.jpg","width":1280,"height":480,"caption":"Miami, primera prueba del Rafa Nadal Academy Padel Tour"},{"@type":"BreadcrumbList","@id":"https:\/\/www.rafanadalacademy.com\/ca\/noticies\/el-rafa-nadal-academy-padel-tour-by-playtomic-comenca-a-miami-la-seva-primera-edicio-als-estats-units\/#breadcrumb","itemListElement":[{"@type":"ListItem","position":1,"name":"Home","item":"https:\/\/www.rafanadalacademy.com\/ca\/"},{"@type":"ListItem","position":2,"name":"El Rafa Nadal Academy P\u00e1del Tour by Playtomic comen\u00e7a a Miami la seva primera edici\u00f3 als Estats Units"}]},{"@type":"WebSite","@id":"https:\/\/www.rafanadalacademy.com\/ca\/#website","url":"https:\/\/www.rafanadalacademy.com\/ca\/","name":"Rafa Nadal Academy","description":"Otro sitio realizado con WordPress","potentialAction":[{"@type":"SearchAction","target":{"@type":"EntryPoint","urlTemplate":"https:\/\/www.rafanadalacademy.com\/ca\/?s={search_term_string}"},"query-input":{"@type":"PropertyValueSpecification","valueRequired":true,"valueName":"search_term_string"}}],"inLanguage":"ca"},{"@type":"Person","@id":"https:\/\/www.rafanadalacademy.com\/ca\/#\/schema\/person\/744897d6ee269641fff954376180ef01","name":"joseluisprados","image":{"@type":"ImageObject","inLanguage":"ca","@id":"https:\/\/www.rafanadalacademy.com\/ca\/#\/schema\/person\/image\/","url":"https:\/\/secure.gravatar.com\/avatar\/8aa823a6e5501864ffab4785d9e2a994b59c2d45c9f9751c5a532abfec081e5f?s=96&d=mm&r=g","contentUrl":"https:\/\/secure.gravatar.com\/avatar\/8aa823a6e5501864ffab4785d9e2a994b59c2d45c9f9751c5a532abfec081e5f?s=96&d=mm&r=g","caption":"joseluisprados"},"url":"https:\/\/www.rafanadalacademy.com\/ca\/author\/joseluisprados\/"},{"@type":"ImageObject","inLanguage":"ca","@id":"https:\/\/www.rafanadalacademy.com\/ca\/noticies\/el-rafa-nadal-academy-padel-tour-by-playtomic-comenca-a-miami-la-seva-primera-edicio-als-estats-units\/#local-main-organization-logo","url":"","contentUrl":"","caption":"Rafa Nadal Academy"}]},"og_video":"https:\/\/www.youtube.com\/embed\/sw7CJg_LkJU","og_video_type":"text\/html","og_video_duration":"33","og_video_width":"480","og_video_height":"270","ya_ovs_adult":"false","ya_ovs_upload_date":"2026-03-10T11:09:05+00:00","ya_ovs_allow_embed":"true"},"_links":{"self":[{"href":"https:\/\/www.rafanadalacademy.com\/ca\/wp-json\/wp\/v2\/posts\/41102","targetHints":{"allow":["GET"]}}],"collection":[{"href":"https:\/\/www.rafanadalacademy.com\/ca\/wp-json\/wp\/v2\/posts"}],"about":[{"href":"https:\/\/www.rafanadalacademy.com\/ca\/wp-json\/wp\/v2\/types\/post"}],"author":[{"embeddable":true,"href":"https:\/\/www.rafanadalacademy.com\/ca\/wp-json\/wp\/v2\/users\/23"}],"replies":[{"embeddable":true,"href":"https:\/\/www.rafanadalacademy.com\/ca\/wp-json\/wp\/v2\/comments?post=41102"}],"version-history":[{"count":1,"href":"https:\/\/www.rafanadalacademy.com\/ca\/wp-json\/wp\/v2\/posts\/41102\/revisions"}],"predecessor-version":[{"id":41103,"href":"https:\/\/www.rafanadalacademy.com\/ca\/wp-json\/wp\/v2\/posts\/41102\/revisions\/41103"}],"wp:featuredmedia":[{"embeddable":true,"href":"https:\/\/www.rafanadalacademy.com\/ca\/wp-json\/wp\/v2\/media\/41146"}],"wp:attachment":[{"href":"https:\/\/www.rafanadalacademy.com\/ca\/wp-json\/wp\/v2\/media?parent=41102"}],"wp:term":[{"taxonomy":"category","embeddable":true,"href":"https:\/\/www.rafanadalacademy.com\/ca\/wp-json\/wp\/v2\/categories?post=41102"},{"taxonomy":"post_tag","embeddable":true,"href":"https:\/\/www.rafanadalacademy.com\/ca\/wp-json\/wp\/v2\/tags?post=41102"}],"curies":[{"name":"wp","href":"https:\/\/api.w.org\/{rel}","templated":true}]}}