{"id":38706,"date":"2026-01-26T14:16:27","date_gmt":"2026-01-26T14:16:27","guid":{"rendered":"https:\/\/www.rafanadalacademy.com\/?p=38706"},"modified":"2026-01-26T14:16:27","modified_gmt":"2026-01-26T14:16:27","slug":"gran-exit-del-torneig-fip-bronze-mallorca-a-la-rafa-nadal-academy","status":"publish","type":"post","link":"https:\/\/www.rafanadalacademy.com\/ca\/noticies\/gran-exit-del-torneig-fip-bronze-mallorca-a-la-rafa-nadal-academy\/","title":{"rendered":"Gran \u00e8xit del torneig FIP Bronze Mallorca a la Rafa Nadal Academy"},"content":{"rendered":"\n<p>La Rafa Nadal Academy ha acollit a les seves instal\u00b7lacions el primer torneig del p\u00e0del professional del FIP Tour de la seva hist\u00f2ria amb la celebraci\u00f3 del FIP Bronze Mallorca 2026, una cita que durant una setmana va oferir un gran espectacle esportiu i que quedar\u00e0 marcat de manera especial pel comiat de Ramiro Moyano del p\u00e0del professional.<\/p>\n\n<figure class=\"wp-block-image size-large\"><img loading=\"lazy\" decoding=\"async\" width=\"1024\" height=\"819\" src=\"https:\/\/www.rafanadalacademy.com\/wp-content\/uploads\/2026\/01\/RNA_25012026_FIP-Finales_063-1024x819.jpg\" alt=\"\" class=\"wp-image-38671\" srcset=\"https:\/\/www.rafanadalacademy.com\/wp-content\/uploads\/2026\/01\/RNA_25012026_FIP-Finales_063-1024x819.jpg 1024w, https:\/\/www.rafanadalacademy.com\/wp-content\/uploads\/2026\/01\/RNA_25012026_FIP-Finales_063-300x240.jpg 300w, https:\/\/www.rafanadalacademy.com\/wp-content\/uploads\/2026\/01\/RNA_25012026_FIP-Finales_063-768x614.jpg 768w, https:\/\/www.rafanadalacademy.com\/wp-content\/uploads\/2026\/01\/RNA_25012026_FIP-Finales_063-1536x1229.jpg 1536w, https:\/\/www.rafanadalacademy.com\/wp-content\/uploads\/2026\/01\/RNA_25012026_FIP-Finales_063-2048x1638.jpg 2048w\" sizes=\"auto, (max-width: 1024px) 100vw, 1024px\" \/><\/figure>\n\n<div style=\"height:30px\" aria-hidden=\"true\" class=\"wp-block-spacer\"><\/div>\n\n<p>El jugador argent\u00ed va posar el punt final a la seva carrera a l&#8217;elit competint en el seu \u00faltim partit oficial juntament amb el seu fill, Juan Pedro \u2018Juanpe\u2019 Moyano, en un emotiu adeu que va centrar l&#8217;atenci\u00f3 del torneig. Despr\u00e9s de la trobada, Moyano va rebre un homenatge per part de la Rafa Nadal Academy, a la qual s&#8217;incorpora com a entrenador de jugadors professionals de p\u00e0del. Maribel Nadal, subdirectora general de la Rafa Nadal Academy, li va fer entrega d&#8217;una placa en reconeixement a la seva brillant traject\u00f2ria esportiva.  <\/p>\n\n<figure class=\"wp-block-image size-large\"><img loading=\"lazy\" decoding=\"async\" width=\"819\" height=\"1024\" src=\"https:\/\/www.rafanadalacademy.com\/wp-content\/uploads\/2026\/01\/RNA_23012026_Rami-despedida_003-819x1024.jpg\" alt=\"\" class=\"wp-image-38562\" srcset=\"https:\/\/www.rafanadalacademy.com\/wp-content\/uploads\/2026\/01\/RNA_23012026_Rami-despedida_003-819x1024.jpg 819w, https:\/\/www.rafanadalacademy.com\/wp-content\/uploads\/2026\/01\/RNA_23012026_Rami-despedida_003-240x300.jpg 240w, https:\/\/www.rafanadalacademy.com\/wp-content\/uploads\/2026\/01\/RNA_23012026_Rami-despedida_003-768x960.jpg 768w, https:\/\/www.rafanadalacademy.com\/wp-content\/uploads\/2026\/01\/RNA_23012026_Rami-despedida_003-1229x1536.jpg 1229w, https:\/\/www.rafanadalacademy.com\/wp-content\/uploads\/2026\/01\/RNA_23012026_Rami-despedida_003-1638x2048.jpg 1638w, https:\/\/www.rafanadalacademy.com\/wp-content\/uploads\/2026\/01\/RNA_23012026_Rami-despedida_003-scaled.jpg 2048w\" sizes=\"auto, (max-width: 819px) 100vw, 819px\" \/><\/figure>\n\n<div style=\"height:30px\" aria-hidden=\"true\" class=\"wp-block-spacer\"><\/div>\n\n<p>En l&#8217;apartat esportiu, el quadre mascul\u00ed va coronar com a campions els caps de s\u00e8rie n\u00famero u, Antonio \u2018Pincho\u2019 Fern\u00e1ndez, jugador de la Rafa Nadal Academy, i Jos\u00e9 Luis Gonz\u00e1lez, que es van imposar a la gran final a Mario del Castillo i Ignacio Vilari\u00f1o per 7-5 i 6-4. En el quadre femen\u00ed, la jugadora de l&#8217;Acad\u00e8mia Patricia Mart\u00ednez, formant parella amb Marta Arellano, es va quedar a les portes del t\u00edtol despr\u00e9s de caure a la final contra Sof\u00eda Saiz i Eugenia Guimet per 6-4, 3-6 i 3-6. A la cerim\u00f2nia de lliurament de premis hi van ser presents Maribel Nadal i el president de la Federaci\u00f3 Balear de p\u00e0del, Paco Sanz.  <\/p>\n\n<p>El FIP Bronze Mallorca ha suposat a m\u00e9s l&#8217;inici del p\u00e0del professional a Espanya el 2026, ja que es tracta del primer torneig del FIP Tour que es disputa al nostre pa\u00eds aquesta temporada, despr\u00e9s de l&#8217;arrencada del circuit a Austr\u00e0lia. L&#8217;esdeveniment va reunir un destacat elenc de jugadors, amb onze integrants del Top 100 mundial. <\/p>\n\n<figure class=\"wp-block-image size-large\"><img loading=\"lazy\" decoding=\"async\" width=\"1024\" height=\"819\" src=\"https:\/\/www.rafanadalacademy.com\/wp-content\/uploads\/2026\/01\/RNA_25012026_FIP-Finales_067-1024x819.jpg\" alt=\"\" class=\"wp-image-38663\" srcset=\"https:\/\/www.rafanadalacademy.com\/wp-content\/uploads\/2026\/01\/RNA_25012026_FIP-Finales_067-1024x819.jpg 1024w, https:\/\/www.rafanadalacademy.com\/wp-content\/uploads\/2026\/01\/RNA_25012026_FIP-Finales_067-300x240.jpg 300w, https:\/\/www.rafanadalacademy.com\/wp-content\/uploads\/2026\/01\/RNA_25012026_FIP-Finales_067-768x614.jpg 768w, https:\/\/www.rafanadalacademy.com\/wp-content\/uploads\/2026\/01\/RNA_25012026_FIP-Finales_067-1536x1229.jpg 1536w, https:\/\/www.rafanadalacademy.com\/wp-content\/uploads\/2026\/01\/RNA_25012026_FIP-Finales_067-2048x1638.jpg 2048w\" sizes=\"auto, (max-width: 1024px) 100vw, 1024px\" \/><\/figure>\n\n<div style=\"height:30px\" aria-hidden=\"true\" class=\"wp-block-spacer\"><\/div>\n\n<p>La Rafa Nadal Academy se segueix consolidant com un referent internacional en la formaci\u00f3 de tennistes de primer nivell i ha traslladat aquest mateix model d&#8217;excel\u00b7l\u00e8ncia al p\u00e0del. L&#8217;Acad\u00e8mia compta amb programes formatius per a joves i adults, nou pistes exteriors i deu de cobertes, a m\u00e9s d&#8217;un complet centre de fitness, espais de salut i wellness, una \u00e0mplia oferta de restauraci\u00f3 i una moderna resid\u00e8ncia. Un entorn de primer nivell que la converteix en un lloc idoni tant per a la pr\u00e0ctica del p\u00e0del professional com per al desenvolupament de nous talents i l&#8217;experi\u00e8ncia esportiva de jugadors amateurs.  <\/p>\n\n<p><\/p>\n\n<div style=\"height:30px\" aria-hidden=\"true\" class=\"wp-block-spacer\"><\/div>\n\n<figure class=\"wp-block-embed is-type-video is-provider-youtube wp-block-embed-youtube wp-embed-aspect-16-9 wp-has-aspect-ratio\"><div class=\"wp-block-embed__wrapper\">\n<iframe loading=\"lazy\" title=\"Programas de p\u00e1del para jugadores Amateur de la Rafa Nadal Academy\" width=\"500\" height=\"281\" src=\"https:\/\/www.youtube.com\/embed\/4IFtn6TCmvE?feature=oembed\" frameborder=\"0\" allow=\"accelerometer; autoplay; clipboard-write; encrypted-media; gyroscope; picture-in-picture; web-share\" referrerpolicy=\"strict-origin-when-cross-origin\" allowfullscreen><\/iframe>\n<\/div><\/figure>\n\n<div style=\"height:30px\" aria-hidden=\"true\" class=\"wp-block-spacer\"><\/div>\n\n<p><\/p>\n","protected":false},"excerpt":{"rendered":"<p>La Rafa Nadal Academy ha acollit a les seves instal\u00b7lacions el primer torneig del p\u00e0del professional del FIP Tour de la seva hist\u00f2ria amb la celebraci\u00f3 del FIP Bronze Mallorca 2026, una cita que durant una setmana va oferir un gran espectacle esportiu i que quedar\u00e0 marcat de manera especial pel comiat de Ramiro Moyano<a href=\"https:\/\/www.rafanadalacademy.com\/ca\/noticies\/gran-exit-del-torneig-fip-bronze-mallorca-a-la-rafa-nadal-academy\/\">Continue reading <span class=\"sr-only\">&#8220;Gran \u00e8xit del torneig FIP Bronze Mallorca a la Rafa Nadal Academy&#8221;<\/span><\/a><\/p>\n","protected":false},"author":23,"featured_media":38648,"comment_status":"closed","ping_status":"closed","sticky":false,"template":"","format":"standard","meta":{"_acf_changed":false,"footnotes":""},"categories":[157,161,209],"tags":[210,163],"class_list":["post-38706","post","type-post","status-publish","format-standard","has-post-thumbnail","hentry","category-noticies","category-padel-ca","category-rafa-nadal-academy-by-movistar-ca","tag-rafa-nadal-academy-by-movistar-ca","tag-rafa-nadal-academy-padel-tour-ca"],"acf":[],"yoast_head":"<!-- This site is optimized with the Yoast SEO Premium plugin v26.8 (Yoast SEO v26.9) - https:\/\/yoast.com\/product\/yoast-seo-premium-wordpress\/ -->\n<title>Gran \u00e8xit del torneig FIP Bronze Mallorca a la Rafa Nadal Academy - Rafa Nadal Academy<\/title>\n<meta name=\"description\" content=\"La Rafa Nadal Academy ha acollit a les seves instal\u00b7lacions el primer torneig del p\u00e0del professional del FIP Tour de la seva hist\u00f2ria amb la celebraci\u00f3 del FIP Bronze Mallorca 2026\" \/>\n<meta name=\"robots\" content=\"index, follow, max-snippet:-1, max-image-preview:large, max-video-preview:-1\" \/>\n<link rel=\"canonical\" href=\"https:\/\/www.rafanadalacademy.com\/ca\/noticies\/gran-exit-del-torneig-fip-bronze-mallorca-a-la-rafa-nadal-academy\/\" \/>\n<meta property=\"og:locale\" content=\"ca_ES\" \/>\n<meta property=\"og:type\" content=\"article\" \/>\n<meta property=\"og:title\" content=\"Gran \u00e8xit del torneig FIP Bronze Mallorca a la Rafa Nadal Academy\" \/>\n<meta property=\"og:description\" content=\"La Rafa Nadal Academy ha acollit a les seves instal\u00b7lacions el primer torneig del p\u00e0del professional del FIP Tour de la seva hist\u00f2ria amb la celebraci\u00f3 del FIP Bronze Mallorca 2026\" \/>\n<meta property=\"og:url\" content=\"https:\/\/www.rafanadalacademy.com\/ca\/noticies\/gran-exit-del-torneig-fip-bronze-mallorca-a-la-rafa-nadal-academy\/\" \/>\n<meta property=\"og:site_name\" content=\"Rafa Nadal Academy\" \/>\n<meta property=\"article:published_time\" content=\"2026-01-26T14:16:27+00:00\" \/>\n<meta property=\"og:image\" content=\"https:\/\/www.rafanadalacademy.com\/wp-content\/uploads\/2026\/01\/RNA_25012026_FIP-Finales_001-scaled-e1769430935567.jpg\" \/>\n\t<meta property=\"og:image:width\" content=\"2560\" \/>\n\t<meta property=\"og:image:height\" content=\"1707\" \/>\n\t<meta property=\"og:image:type\" content=\"image\/jpeg\" \/>\n<meta name=\"author\" content=\"joseluisprados\" \/>\n<meta name=\"twitter:card\" content=\"summary_large_image\" \/>\n<meta name=\"twitter:label1\" content=\"Written by\" \/>\n\t<meta name=\"twitter:data1\" content=\"joseluisprados\" \/>\n\t<meta name=\"twitter:label2\" content=\"Est. reading time\" \/>\n\t<meta name=\"twitter:data2\" content=\"2 minutes\" \/>\n<script type=\"application\/ld+json\" class=\"yoast-schema-graph\">{\"@context\":\"https:\/\/schema.org\",\"@graph\":[{\"@type\":\"Article\",\"@id\":\"https:\/\/www.rafanadalacademy.com\/ca\/noticies\/gran-exit-del-torneig-fip-bronze-mallorca-a-la-rafa-nadal-academy\/#article\",\"isPartOf\":{\"@id\":\"https:\/\/www.rafanadalacademy.com\/ca\/noticies\/gran-exit-del-torneig-fip-bronze-mallorca-a-la-rafa-nadal-academy\/\"},\"author\":{\"name\":\"joseluisprados\",\"@id\":\"https:\/\/www.rafanadalacademy.com\/ca\/#\/schema\/person\/744897d6ee269641fff954376180ef01\"},\"headline\":\"Gran \u00e8xit del torneig FIP Bronze Mallorca a la Rafa Nadal Academy\",\"datePublished\":\"2026-01-26T14:16:27+00:00\",\"mainEntityOfPage\":{\"@id\":\"https:\/\/www.rafanadalacademy.com\/ca\/noticies\/gran-exit-del-torneig-fip-bronze-mallorca-a-la-rafa-nadal-academy\/\"},\"wordCount\":480,\"image\":{\"@id\":\"https:\/\/www.rafanadalacademy.com\/ca\/noticies\/gran-exit-del-torneig-fip-bronze-mallorca-a-la-rafa-nadal-academy\/#primaryimage\"},\"thumbnailUrl\":\"https:\/\/www.rafanadalacademy.com\/wp-content\/uploads\/2026\/01\/RNA_25012026_FIP-Finales_001-scaled-e1769430935567.jpg\",\"keywords\":[\"RAFA NADAL ACADEMY BY MOVISTAR\",\"RAFA NADAL ACADEMY P\u00c0DEL TOUR\"],\"articleSection\":[\"Not\u00edcies\",\"P\u00c0DEL\",\"RAFA NADAL ACADEMY BY MOVISTAR\"],\"inLanguage\":\"ca\",\"copyrightYear\":\"2026\",\"copyrightHolder\":{\"@id\":\"https:\/\/www.rafanadalacademy.com\/#organization\"}},{\"@type\":\"WebPage\",\"@id\":\"https:\/\/www.rafanadalacademy.com\/ca\/noticies\/gran-exit-del-torneig-fip-bronze-mallorca-a-la-rafa-nadal-academy\/\",\"url\":\"https:\/\/www.rafanadalacademy.com\/ca\/noticies\/gran-exit-del-torneig-fip-bronze-mallorca-a-la-rafa-nadal-academy\/\",\"name\":\"Gran \u00e8xit del torneig FIP Bronze Mallorca a la Rafa Nadal Academy - Rafa Nadal Academy\",\"isPartOf\":{\"@id\":\"https:\/\/www.rafanadalacademy.com\/ca\/#website\"},\"primaryImageOfPage\":{\"@id\":\"https:\/\/www.rafanadalacademy.com\/ca\/noticies\/gran-exit-del-torneig-fip-bronze-mallorca-a-la-rafa-nadal-academy\/#primaryimage\"},\"image\":{\"@id\":\"https:\/\/www.rafanadalacademy.com\/ca\/noticies\/gran-exit-del-torneig-fip-bronze-mallorca-a-la-rafa-nadal-academy\/#primaryimage\"},\"thumbnailUrl\":\"https:\/\/www.rafanadalacademy.com\/wp-content\/uploads\/2026\/01\/RNA_25012026_FIP-Finales_001-scaled-e1769430935567.jpg\",\"datePublished\":\"2026-01-26T14:16:27+00:00\",\"author\":{\"@id\":\"https:\/\/www.rafanadalacademy.com\/ca\/#\/schema\/person\/744897d6ee269641fff954376180ef01\"},\"description\":\"La Rafa Nadal Academy ha acollit a les seves instal\u00b7lacions el primer torneig del p\u00e0del professional del FIP Tour de la seva hist\u00f2ria amb la celebraci\u00f3 del FIP Bronze Mallorca 2026\",\"breadcrumb\":{\"@id\":\"https:\/\/www.rafanadalacademy.com\/ca\/noticies\/gran-exit-del-torneig-fip-bronze-mallorca-a-la-rafa-nadal-academy\/#breadcrumb\"},\"inLanguage\":\"ca\",\"potentialAction\":[{\"@type\":\"ReadAction\",\"target\":[\"https:\/\/www.rafanadalacademy.com\/ca\/noticies\/gran-exit-del-torneig-fip-bronze-mallorca-a-la-rafa-nadal-academy\/\"]}]},{\"@type\":\"ImageObject\",\"inLanguage\":\"ca\",\"@id\":\"https:\/\/www.rafanadalacademy.com\/ca\/noticies\/gran-exit-del-torneig-fip-bronze-mallorca-a-la-rafa-nadal-academy\/#primaryimage\",\"url\":\"https:\/\/www.rafanadalacademy.com\/wp-content\/uploads\/2026\/01\/RNA_25012026_FIP-Finales_001-scaled-e1769430935567.jpg\",\"contentUrl\":\"https:\/\/www.rafanadalacademy.com\/wp-content\/uploads\/2026\/01\/RNA_25012026_FIP-Finales_001-scaled-e1769430935567.jpg\",\"width\":2560,\"height\":1707,\"caption\":\"Gran \u00e9xito del torneo FIP Bronce Mallorca en la Rafa Nadal Academy\"},{\"@type\":\"BreadcrumbList\",\"@id\":\"https:\/\/www.rafanadalacademy.com\/ca\/noticies\/gran-exit-del-torneig-fip-bronze-mallorca-a-la-rafa-nadal-academy\/#breadcrumb\",\"itemListElement\":[{\"@type\":\"ListItem\",\"position\":1,\"name\":\"Home\",\"item\":\"https:\/\/www.rafanadalacademy.com\/ca\/\"},{\"@type\":\"ListItem\",\"position\":2,\"name\":\"Gran \u00e8xit del torneig FIP Bronze Mallorca a la Rafa Nadal Academy\"}]},{\"@type\":\"WebSite\",\"@id\":\"https:\/\/www.rafanadalacademy.com\/ca\/#website\",\"url\":\"https:\/\/www.rafanadalacademy.com\/ca\/\",\"name\":\"Rafa Nadal Academy\",\"description\":\"Otro sitio realizado con WordPress\",\"potentialAction\":[{\"@type\":\"SearchAction\",\"target\":{\"@type\":\"EntryPoint\",\"urlTemplate\":\"https:\/\/www.rafanadalacademy.com\/ca\/?s={search_term_string}\"},\"query-input\":{\"@type\":\"PropertyValueSpecification\",\"valueRequired\":true,\"valueName\":\"search_term_string\"}}],\"inLanguage\":\"ca\"},{\"@type\":\"Person\",\"@id\":\"https:\/\/www.rafanadalacademy.com\/ca\/#\/schema\/person\/744897d6ee269641fff954376180ef01\",\"name\":\"joseluisprados\",\"image\":{\"@type\":\"ImageObject\",\"inLanguage\":\"ca\",\"@id\":\"https:\/\/www.rafanadalacademy.com\/ca\/#\/schema\/person\/image\/\",\"url\":\"https:\/\/secure.gravatar.com\/avatar\/8aa823a6e5501864ffab4785d9e2a994b59c2d45c9f9751c5a532abfec081e5f?s=96&d=mm&r=g\",\"contentUrl\":\"https:\/\/secure.gravatar.com\/avatar\/8aa823a6e5501864ffab4785d9e2a994b59c2d45c9f9751c5a532abfec081e5f?s=96&d=mm&r=g\",\"caption\":\"joseluisprados\"},\"url\":\"https:\/\/www.rafanadalacademy.com\/ca\/author\/joseluisprados\/\"},{\"@type\":\"ImageObject\",\"inLanguage\":\"ca\",\"@id\":\"https:\/\/www.rafanadalacademy.com\/ca\/noticies\/gran-exit-del-torneig-fip-bronze-mallorca-a-la-rafa-nadal-academy\/#local-main-organization-logo\",\"url\":\"\",\"contentUrl\":\"\",\"caption\":\"Rafa Nadal Academy\"}]}<\/script>\n<!-- \/ Yoast SEO Premium plugin. -->","yoast_head_json":{"title":"Gran \u00e8xit del torneig FIP Bronze Mallorca a la Rafa Nadal Academy - Rafa Nadal Academy","description":"La Rafa Nadal Academy ha acollit a les seves instal\u00b7lacions el primer torneig del p\u00e0del professional del FIP Tour de la seva hist\u00f2ria amb la celebraci\u00f3 del FIP Bronze Mallorca 2026","robots":{"index":"index","follow":"follow","max-snippet":"max-snippet:-1","max-image-preview":"max-image-preview:large","max-video-preview":"max-video-preview:-1"},"canonical":"https:\/\/www.rafanadalacademy.com\/ca\/noticies\/gran-exit-del-torneig-fip-bronze-mallorca-a-la-rafa-nadal-academy\/","og_locale":"ca_ES","og_type":"article","og_title":"Gran \u00e8xit del torneig FIP Bronze Mallorca a la Rafa Nadal Academy","og_description":"La Rafa Nadal Academy ha acollit a les seves instal\u00b7lacions el primer torneig del p\u00e0del professional del FIP Tour de la seva hist\u00f2ria amb la celebraci\u00f3 del FIP Bronze Mallorca 2026","og_url":"https:\/\/www.rafanadalacademy.com\/ca\/noticies\/gran-exit-del-torneig-fip-bronze-mallorca-a-la-rafa-nadal-academy\/","og_site_name":"Rafa Nadal Academy","article_published_time":"2026-01-26T14:16:27+00:00","og_image":[{"width":2560,"height":1707,"url":"https:\/\/www.rafanadalacademy.com\/wp-content\/uploads\/2026\/01\/RNA_25012026_FIP-Finales_001-scaled-e1769430935567.jpg","type":"image\/jpeg"}],"author":"joseluisprados","twitter_card":"summary_large_image","twitter_misc":{"Written by":"joseluisprados","Est. reading time":"2 minutes"},"schema":{"@context":"https:\/\/schema.org","@graph":[{"@type":"Article","@id":"https:\/\/www.rafanadalacademy.com\/ca\/noticies\/gran-exit-del-torneig-fip-bronze-mallorca-a-la-rafa-nadal-academy\/#article","isPartOf":{"@id":"https:\/\/www.rafanadalacademy.com\/ca\/noticies\/gran-exit-del-torneig-fip-bronze-mallorca-a-la-rafa-nadal-academy\/"},"author":{"name":"joseluisprados","@id":"https:\/\/www.rafanadalacademy.com\/ca\/#\/schema\/person\/744897d6ee269641fff954376180ef01"},"headline":"Gran \u00e8xit del torneig FIP Bronze Mallorca a la Rafa Nadal Academy","datePublished":"2026-01-26T14:16:27+00:00","mainEntityOfPage":{"@id":"https:\/\/www.rafanadalacademy.com\/ca\/noticies\/gran-exit-del-torneig-fip-bronze-mallorca-a-la-rafa-nadal-academy\/"},"wordCount":480,"image":{"@id":"https:\/\/www.rafanadalacademy.com\/ca\/noticies\/gran-exit-del-torneig-fip-bronze-mallorca-a-la-rafa-nadal-academy\/#primaryimage"},"thumbnailUrl":"https:\/\/www.rafanadalacademy.com\/wp-content\/uploads\/2026\/01\/RNA_25012026_FIP-Finales_001-scaled-e1769430935567.jpg","keywords":["RAFA NADAL ACADEMY BY MOVISTAR","RAFA NADAL ACADEMY P\u00c0DEL TOUR"],"articleSection":["Not\u00edcies","P\u00c0DEL","RAFA NADAL ACADEMY BY MOVISTAR"],"inLanguage":"ca","copyrightYear":"2026","copyrightHolder":{"@id":"https:\/\/www.rafanadalacademy.com\/#organization"}},{"@type":"WebPage","@id":"https:\/\/www.rafanadalacademy.com\/ca\/noticies\/gran-exit-del-torneig-fip-bronze-mallorca-a-la-rafa-nadal-academy\/","url":"https:\/\/www.rafanadalacademy.com\/ca\/noticies\/gran-exit-del-torneig-fip-bronze-mallorca-a-la-rafa-nadal-academy\/","name":"Gran \u00e8xit del torneig FIP Bronze Mallorca a la Rafa Nadal Academy - Rafa Nadal Academy","isPartOf":{"@id":"https:\/\/www.rafanadalacademy.com\/ca\/#website"},"primaryImageOfPage":{"@id":"https:\/\/www.rafanadalacademy.com\/ca\/noticies\/gran-exit-del-torneig-fip-bronze-mallorca-a-la-rafa-nadal-academy\/#primaryimage"},"image":{"@id":"https:\/\/www.rafanadalacademy.com\/ca\/noticies\/gran-exit-del-torneig-fip-bronze-mallorca-a-la-rafa-nadal-academy\/#primaryimage"},"thumbnailUrl":"https:\/\/www.rafanadalacademy.com\/wp-content\/uploads\/2026\/01\/RNA_25012026_FIP-Finales_001-scaled-e1769430935567.jpg","datePublished":"2026-01-26T14:16:27+00:00","author":{"@id":"https:\/\/www.rafanadalacademy.com\/ca\/#\/schema\/person\/744897d6ee269641fff954376180ef01"},"description":"La Rafa Nadal Academy ha acollit a les seves instal\u00b7lacions el primer torneig del p\u00e0del professional del FIP Tour de la seva hist\u00f2ria amb la celebraci\u00f3 del FIP Bronze Mallorca 2026","breadcrumb":{"@id":"https:\/\/www.rafanadalacademy.com\/ca\/noticies\/gran-exit-del-torneig-fip-bronze-mallorca-a-la-rafa-nadal-academy\/#breadcrumb"},"inLanguage":"ca","potentialAction":[{"@type":"ReadAction","target":["https:\/\/www.rafanadalacademy.com\/ca\/noticies\/gran-exit-del-torneig-fip-bronze-mallorca-a-la-rafa-nadal-academy\/"]}]},{"@type":"ImageObject","inLanguage":"ca","@id":"https:\/\/www.rafanadalacademy.com\/ca\/noticies\/gran-exit-del-torneig-fip-bronze-mallorca-a-la-rafa-nadal-academy\/#primaryimage","url":"https:\/\/www.rafanadalacademy.com\/wp-content\/uploads\/2026\/01\/RNA_25012026_FIP-Finales_001-scaled-e1769430935567.jpg","contentUrl":"https:\/\/www.rafanadalacademy.com\/wp-content\/uploads\/2026\/01\/RNA_25012026_FIP-Finales_001-scaled-e1769430935567.jpg","width":2560,"height":1707,"caption":"Gran \u00e9xito del torneo FIP Bronce Mallorca en la Rafa Nadal Academy"},{"@type":"BreadcrumbList","@id":"https:\/\/www.rafanadalacademy.com\/ca\/noticies\/gran-exit-del-torneig-fip-bronze-mallorca-a-la-rafa-nadal-academy\/#breadcrumb","itemListElement":[{"@type":"ListItem","position":1,"name":"Home","item":"https:\/\/www.rafanadalacademy.com\/ca\/"},{"@type":"ListItem","position":2,"name":"Gran \u00e8xit del torneig FIP Bronze Mallorca a la Rafa Nadal Academy"}]},{"@type":"WebSite","@id":"https:\/\/www.rafanadalacademy.com\/ca\/#website","url":"https:\/\/www.rafanadalacademy.com\/ca\/","name":"Rafa Nadal Academy","description":"Otro sitio realizado con WordPress","potentialAction":[{"@type":"SearchAction","target":{"@type":"EntryPoint","urlTemplate":"https:\/\/www.rafanadalacademy.com\/ca\/?s={search_term_string}"},"query-input":{"@type":"PropertyValueSpecification","valueRequired":true,"valueName":"search_term_string"}}],"inLanguage":"ca"},{"@type":"Person","@id":"https:\/\/www.rafanadalacademy.com\/ca\/#\/schema\/person\/744897d6ee269641fff954376180ef01","name":"joseluisprados","image":{"@type":"ImageObject","inLanguage":"ca","@id":"https:\/\/www.rafanadalacademy.com\/ca\/#\/schema\/person\/image\/","url":"https:\/\/secure.gravatar.com\/avatar\/8aa823a6e5501864ffab4785d9e2a994b59c2d45c9f9751c5a532abfec081e5f?s=96&d=mm&r=g","contentUrl":"https:\/\/secure.gravatar.com\/avatar\/8aa823a6e5501864ffab4785d9e2a994b59c2d45c9f9751c5a532abfec081e5f?s=96&d=mm&r=g","caption":"joseluisprados"},"url":"https:\/\/www.rafanadalacademy.com\/ca\/author\/joseluisprados\/"},{"@type":"ImageObject","inLanguage":"ca","@id":"https:\/\/www.rafanadalacademy.com\/ca\/noticies\/gran-exit-del-torneig-fip-bronze-mallorca-a-la-rafa-nadal-academy\/#local-main-organization-logo","url":"","contentUrl":"","caption":"Rafa Nadal Academy"}]}},"_links":{"self":[{"href":"https:\/\/www.rafanadalacademy.com\/ca\/wp-json\/wp\/v2\/posts\/38706","targetHints":{"allow":["GET"]}}],"collection":[{"href":"https:\/\/www.rafanadalacademy.com\/ca\/wp-json\/wp\/v2\/posts"}],"about":[{"href":"https:\/\/www.rafanadalacademy.com\/ca\/wp-json\/wp\/v2\/types\/post"}],"author":[{"embeddable":true,"href":"https:\/\/www.rafanadalacademy.com\/ca\/wp-json\/wp\/v2\/users\/23"}],"replies":[{"embeddable":true,"href":"https:\/\/www.rafanadalacademy.com\/ca\/wp-json\/wp\/v2\/comments?post=38706"}],"version-history":[{"count":1,"href":"https:\/\/www.rafanadalacademy.com\/ca\/wp-json\/wp\/v2\/posts\/38706\/revisions"}],"predecessor-version":[{"id":38707,"href":"https:\/\/www.rafanadalacademy.com\/ca\/wp-json\/wp\/v2\/posts\/38706\/revisions\/38707"}],"wp:featuredmedia":[{"embeddable":true,"href":"https:\/\/www.rafanadalacademy.com\/ca\/wp-json\/wp\/v2\/media\/38648"}],"wp:attachment":[{"href":"https:\/\/www.rafanadalacademy.com\/ca\/wp-json\/wp\/v2\/media?parent=38706"}],"wp:term":[{"taxonomy":"category","embeddable":true,"href":"https:\/\/www.rafanadalacademy.com\/ca\/wp-json\/wp\/v2\/categories?post=38706"},{"taxonomy":"post_tag","embeddable":true,"href":"https:\/\/www.rafanadalacademy.com\/ca\/wp-json\/wp\/v2\/tags?post=38706"}],"curies":[{"name":"wp","href":"https:\/\/api.w.org\/{rel}","templated":true}]}}