{"id":38264,"date":"2026-01-22T11:44:15","date_gmt":"2026-01-22T11:44:15","guid":{"rendered":"https:\/\/www.rafanadalacademy.com\/sin-categorizar\/max-basing-i-el-seu-viatge-danada-i-tornada-de-la-rafa-nadal-academy-a-stanford-per-guanyar-el-seu-sise-titol-itf\/"},"modified":"2026-01-22T11:51:47","modified_gmt":"2026-01-22T11:51:47","slug":"max-basing-i-el-seu-viatge-danada-i-tornada-de-la-rafa-nadal-academy-a-stanford-per-guanyar-el-seu-sise-titol-itf","status":"publish","type":"post","link":"https:\/\/www.rafanadalacademy.com\/ca\/rafa-nadal-academy-by-movistar-ca\/max-basing-i-el-seu-viatge-danada-i-tornada-de-la-rafa-nadal-academy-a-stanford-per-guanyar-el-seu-sise-titol-itf\/","title":{"rendered":"Max Basing i el seu viatge d&#8217;anada i tornada de la Rafa Nadal Academy a Stanford per guanyar el seu sis\u00e8 t\u00edtol ITF"},"content":{"rendered":"\n<p>El cas de Max Basing \u00e9s el millor reflex del cam\u00ed que recorren molts dels joves que arriben a la Rafa Nadal Academy per formar-se i cr\u00e9ixer, dins i fora de la pista. Despr\u00e9s de completar la seva etapa escolar a la Rafa Nadal School i continuar el seu desenvolupament acad\u00e8mic i esportiu a la prestigiosa universitat de Standford als Estats Units, Basing ha tornat al lloc on es va forjar per viure un dels moments m\u00e9s especials de la seva curta, per\u00f2 prometedora carrera: proclamar-se campi\u00f3 de l&#8217;ITF Manacor. <\/p>\n\n<figure class=\"wp-block-image size-large\"><img loading=\"lazy\" decoding=\"async\" width=\"819\" height=\"1024\" src=\"https:\/\/www.rafanadalacademy.com\/wp-content\/uploads\/2026\/01\/RNA_18012026_Final-ITF_020-819x1024.jpg\" alt=\"\" class=\"wp-image-38251\" srcset=\"https:\/\/www.rafanadalacademy.com\/wp-content\/uploads\/2026\/01\/RNA_18012026_Final-ITF_020-819x1024.jpg 819w, https:\/\/www.rafanadalacademy.com\/wp-content\/uploads\/2026\/01\/RNA_18012026_Final-ITF_020-240x300.jpg 240w, https:\/\/www.rafanadalacademy.com\/wp-content\/uploads\/2026\/01\/RNA_18012026_Final-ITF_020-768x960.jpg 768w, https:\/\/www.rafanadalacademy.com\/wp-content\/uploads\/2026\/01\/RNA_18012026_Final-ITF_020-1229x1536.jpg 1229w, https:\/\/www.rafanadalacademy.com\/wp-content\/uploads\/2026\/01\/RNA_18012026_Final-ITF_020-1638x2048.jpg 1638w, https:\/\/www.rafanadalacademy.com\/wp-content\/uploads\/2026\/01\/RNA_18012026_Final-ITF_020-scaled.jpg 2048w\" sizes=\"auto, (max-width: 819px) 100vw, 819px\" \/><\/figure>\n\n<div style=\"height:30px\" aria-hidden=\"true\" class=\"wp-block-spacer\"><\/div>\n\n<p>Mike va arribar a l&#8217;Acad\u00e8mia amb 14 anys i hi va romandre fins als 18, una etapa que defineix com una experi\u00e8ncia total. \u201cViure l&#8217;experi\u00e8ncia completa va significar fer-ho tot el millor possible: estudiar molt dur i jugar a tennis a un alt nivell\u201d, recorda. Per al tennista, la Rafa Nadal Academy va ser \u201cel lloc m\u00e9s professional\u201d on podia desenvolupar ambdues facetes, amb una estructura que considera \u201cla millor del m\u00f3n\u201d i que el va preparar \u201cperfectament per anar als Estats Units, seguir estudiant i continuar amb el somni de jugar a tennis\u201d.  <\/p>\n\n<div style=\"height:30px\" aria-hidden=\"true\" class=\"wp-block-spacer\"><\/div>\n\n<figure class=\"wp-block-embed is-type-video is-provider-youtube wp-block-embed-youtube wp-embed-aspect-16-9 wp-has-aspect-ratio\"><div class=\"wp-block-embed__wrapper\">\n<iframe loading=\"lazy\" title=\"Graduation Class of 2021 | Max Basing\" width=\"500\" height=\"281\" src=\"https:\/\/www.youtube.com\/embed\/bqJOevuNzrs?feature=oembed\" frameborder=\"0\" allow=\"accelerometer; autoplay; clipboard-write; encrypted-media; gyroscope; picture-in-picture; web-share\" referrerpolicy=\"strict-origin-when-cross-origin\" allowfullscreen><\/iframe>\n<\/div><\/figure>\n\n<div style=\"height:30px\" aria-hidden=\"true\" class=\"wp-block-spacer\"><\/div>\n\n<p>El salt al sistema universitari nord-americ\u00e0 va ser exigent. \u201cVa ser un proc\u00e9s molt intens: parlar amb moltes universitats mentre intentava millorar el meu tennis i treure bones notes\u201d, explica. En aquest cam\u00ed, el suport de l&#8217;equip de l&#8217;Acad\u00e8mia va ser decisiu. \u201cEls meus entrenadors, el director, els professors i l&#8217;orientador em van ajudar a equilibrar tot el que tenia entre mans i em van donar les oportunitats per fer-ho possible\u201d.   <\/p>\n\n<p>M\u00e9s enll\u00e0 del rendiment esportiu, Basing destaca el creixement personal viscut a l&#8217;Acad\u00e8mia. \u201cVa ser un gran lloc per aprendre i cr\u00e9ixer com a adult\u201d, afirma. Entre els valors que encara avui mant\u00e9, subratlla especialment la independ\u00e8ncia i la resili\u00e8ncia. \u201cAprens a viure sense els teus pares, a prendre les teves pr\u00f2pies decisions. A vegades et sents perdut o penses que no avances com t&#8217;agradaria, i aqu\u00ed la resili\u00e8ncia \u00e9s clau. \u00c9s un lloc perfecte per aprendre-ho\u201d.   <\/p>\n\n<div style=\"height:30px\" aria-hidden=\"true\" class=\"wp-block-spacer\"><\/div>\n\n<figure class=\"wp-block-embed is-type-video is-provider-youtube wp-block-embed-youtube wp-embed-aspect-16-9 wp-has-aspect-ratio\"><div class=\"wp-block-embed__wrapper\">\n<iframe loading=\"lazy\" title=\"Rafa Nadal Academy Documentary: Max Basing\" width=\"500\" height=\"281\" src=\"https:\/\/www.youtube.com\/embed\/k66ANCnLvf0?feature=oembed\" frameborder=\"0\" allow=\"accelerometer; autoplay; clipboard-write; encrypted-media; gyroscope; picture-in-picture; web-share\" referrerpolicy=\"strict-origin-when-cross-origin\" allowfullscreen><\/iframe>\n<\/div><\/figure>\n\n<div style=\"height:30px\" aria-hidden=\"true\" class=\"wp-block-spacer\"><\/div>\n\n<p>El retorn del brit\u00e0nic a la Rafa Nadal Academy ha tingut, a m\u00e9s, un fort component emocional per al tennista. I \u00e9s que Basing va aconseguir a Manacor el seu primer punt ATP amb nom\u00e9s 17 anys i ara, sis anys despr\u00e9s, aixecar el trofeu de l&#8217;ITF suposa tancar un cercle molt especial. \u201c\u00c9s bonic tornar i no nom\u00e9s guanyar un partit, sin\u00f3 arribar fins al final i guanyar el torneig\u201d, assenyala. Malgrat el pas del temps, destaca la calidesa de l&#8217;entorn: \u201cHi ha persones que ja hi eren quan jo era aqu\u00ed i han estat incre\u00efblement acollidores. Fins i tot els que no em coneixien m&#8217;han fet sentir com a casa\u201d.   <\/p>\n\n<div style=\"height:30px\" aria-hidden=\"true\" class=\"wp-block-spacer\"><\/div>\n\n<figure class=\"wp-block-embed is-type-video is-provider-youtube wp-block-embed-youtube wp-embed-aspect-16-9 wp-has-aspect-ratio\"><div class=\"wp-block-embed__wrapper\">\n<iframe loading=\"lazy\" title=\"Max Basing | Stanford University recruiting experience\" width=\"500\" height=\"281\" src=\"https:\/\/www.youtube.com\/embed\/WpYTSYvTPRs?feature=oembed\" frameborder=\"0\" allow=\"accelerometer; autoplay; clipboard-write; encrypted-media; gyroscope; picture-in-picture; web-share\" referrerpolicy=\"strict-origin-when-cross-origin\" allowfullscreen><\/iframe>\n<\/div><\/figure>\n\n<div style=\"height:30px\" aria-hidden=\"true\" class=\"wp-block-spacer\"><\/div>\n\n<p>Aquest triomf, a m\u00e9s, permet a Mike Basing refor\u00e7ar el missatge que transmet a les noves generacions de jugadors que ara estan fent les seves primeres passes a l&#8217;Acad\u00e8mia: \u201cQue se centrin en el llarg recorregut i en el desenvolupament, no nom\u00e9s en els resultats, perqu\u00e8 els resultats arriben. Que siguin pacients i que ho gaudeixin. L&#8217;Acad\u00e8mia \u00e9s un lloc incre\u00efble per ser-hi i cal aprofitar l&#8217;oportunitat\u201d.<\/p>\n\n<p>Una hist\u00f2ria de retorn, maduresa i \u00e8xit que exemplifica l&#8217;impacte del model formatiu de la Rafa Nadal Academy i confirma que el treball a llarg termini sempre troba la seva recompensa. Enhorabona, Max. <\/p>\n\n<div style=\"height:30px\" aria-hidden=\"true\" class=\"wp-block-spacer\"><\/div>\n\n<figure class=\"wp-block-embed is-type-video is-provider-youtube wp-block-embed-youtube wp-embed-aspect-16-9 wp-has-aspect-ratio\"><div class=\"wp-block-embed__wrapper\">\n<iframe loading=\"lazy\" title=\"Rafa Nadal Academy: Tennis &amp; Values\" width=\"500\" height=\"281\" src=\"https:\/\/www.youtube.com\/embed\/F71onMy-MeU?feature=oembed\" frameborder=\"0\" allow=\"accelerometer; autoplay; clipboard-write; encrypted-media; gyroscope; picture-in-picture; web-share\" referrerpolicy=\"strict-origin-when-cross-origin\" allowfullscreen><\/iframe>\n<\/div><\/figure>\n","protected":false},"excerpt":{"rendered":"<p>El cas de Max Basing \u00e9s el millor reflex del cam\u00ed que recorren molts dels joves que arriben a la Rafa Nadal Academy per formar-se i cr\u00e9ixer, dins i fora de la pista. Despr\u00e9s de completar la seva etapa escolar a la Rafa Nadal School i continuar el seu desenvolupament acad\u00e8mic i esportiu a la<a href=\"https:\/\/www.rafanadalacademy.com\/ca\/rafa-nadal-academy-by-movistar-ca\/max-basing-i-el-seu-viatge-danada-i-tornada-de-la-rafa-nadal-academy-a-stanford-per-guanyar-el-seu-sise-titol-itf\/\">Continue reading <span class=\"sr-only\">&#8220;Max Basing i el seu viatge d&#8217;anada i tornada de la Rafa Nadal Academy a Stanford per guanyar el seu sis\u00e8 t\u00edtol ITF&#8221;<\/span><\/a><\/p>\n","protected":false},"author":23,"featured_media":38244,"comment_status":"closed","ping_status":"closed","sticky":false,"template":"","format":"standard","meta":{"_acf_changed":false,"footnotes":""},"categories":[157,209],"tags":[260,210],"class_list":["post-38264","post","type-post","status-publish","format-standard","has-post-thumbnail","hentry","category-noticies","category-rafa-nadal-academy-by-movistar-ca","tag-rafa-nadal-ca","tag-rafa-nadal-academy-by-movistar-ca"],"acf":[],"yoast_head":"<!-- This site is optimized with the Yoast SEO Premium plugin v26.8 (Yoast SEO v26.9) - https:\/\/yoast.com\/product\/yoast-seo-premium-wordpress\/ -->\n<title>Max Basing i el seu viatge d&#039;anada i tornada de la Rafa Nadal Academy a Stanford per guanyar el seu sis\u00e8 t\u00edtol ITF - Rafa Nadal Academy<\/title>\n<meta name=\"description\" content=\"El cas de Max Basing \u00e9s el millor reflex del cam\u00ed que recorren molts dels joves que arriben a la Rafa Nadal Academy per formar-se i cr\u00e9ixer, dins i fora de la pista, i acaben en universitats dels Estats Units.\" \/>\n<meta name=\"robots\" content=\"index, follow, max-snippet:-1, max-image-preview:large, max-video-preview:-1\" \/>\n<link rel=\"canonical\" href=\"https:\/\/www.rafanadalacademy.com\/ca\/rafa-nadal-academy-by-movistar-ca\/max-basing-i-el-seu-viatge-danada-i-tornada-de-la-rafa-nadal-academy-a-stanford-per-guanyar-el-seu-sise-titol-itf\/\" \/>\n<meta property=\"og:locale\" content=\"ca_ES\" \/>\n<meta property=\"og:type\" content=\"article\" \/>\n<meta property=\"og:title\" content=\"Max Basing i el seu viatge d&#039;anada i tornada de la Rafa Nadal Academy a Stanford per guanyar el seu sis\u00e8 t\u00edtol ITF\" \/>\n<meta property=\"og:description\" content=\"El cas de Max Basing \u00e9s el millor reflex del cam\u00ed que recorren molts dels joves que arriben a la Rafa Nadal Academy per formar-se i cr\u00e9ixer, dins i fora de la pista, i acaben en universitats dels Estats Units.\" \/>\n<meta property=\"og:url\" content=\"https:\/\/www.rafanadalacademy.com\/ca\/rafa-nadal-academy-by-movistar-ca\/max-basing-i-el-seu-viatge-danada-i-tornada-de-la-rafa-nadal-academy-a-stanford-per-guanyar-el-seu-sise-titol-itf\/\" \/>\n<meta property=\"og:site_name\" content=\"Rafa Nadal Academy\" \/>\n<meta property=\"article:published_time\" content=\"2026-01-22T11:44:15+00:00\" \/>\n<meta property=\"article:modified_time\" content=\"2026-01-22T11:51:47+00:00\" \/>\n<meta property=\"og:image\" content=\"https:\/\/www.rafanadalacademy.com\/wp-content\/uploads\/2026\/01\/RNA_18012026_Final-ITF_033-scaled-e1769082087373.jpg\" \/>\n\t<meta property=\"og:image:width\" content=\"2560\" \/>\n\t<meta property=\"og:image:height\" content=\"2048\" \/>\n\t<meta property=\"og:image:type\" content=\"image\/jpeg\" \/>\n<meta name=\"author\" content=\"joseluisprados\" \/>\n<meta name=\"twitter:card\" content=\"summary_large_image\" \/>\n<meta name=\"twitter:label1\" content=\"Written by\" \/>\n\t<meta name=\"twitter:data1\" content=\"joseluisprados\" \/>\n\t<meta name=\"twitter:label2\" content=\"Est. reading time\" \/>\n\t<meta name=\"twitter:data2\" content=\"3 minutes\" \/>\n<script type=\"application\/ld+json\" class=\"yoast-schema-graph\">{\"@context\":\"https:\/\/schema.org\",\"@graph\":[{\"@type\":\"Article\",\"@id\":\"https:\/\/www.rafanadalacademy.com\/ca\/rafa-nadal-academy-by-movistar-ca\/max-basing-i-el-seu-viatge-danada-i-tornada-de-la-rafa-nadal-academy-a-stanford-per-guanyar-el-seu-sise-titol-itf\/#article\",\"isPartOf\":{\"@id\":\"https:\/\/www.rafanadalacademy.com\/ca\/rafa-nadal-academy-by-movistar-ca\/max-basing-i-el-seu-viatge-danada-i-tornada-de-la-rafa-nadal-academy-a-stanford-per-guanyar-el-seu-sise-titol-itf\/\"},\"author\":{\"name\":\"joseluisprados\",\"@id\":\"https:\/\/www.rafanadalacademy.com\/ca\/#\/schema\/person\/744897d6ee269641fff954376180ef01\"},\"headline\":\"Max Basing i el seu viatge d&#8217;anada i tornada de la Rafa Nadal Academy a Stanford per guanyar el seu sis\u00e8 t\u00edtol ITF\",\"datePublished\":\"2026-01-22T11:44:15+00:00\",\"dateModified\":\"2026-01-22T11:51:47+00:00\",\"mainEntityOfPage\":{\"@id\":\"https:\/\/www.rafanadalacademy.com\/ca\/rafa-nadal-academy-by-movistar-ca\/max-basing-i-el-seu-viatge-danada-i-tornada-de-la-rafa-nadal-academy-a-stanford-per-guanyar-el-seu-sise-titol-itf\/\"},\"wordCount\":642,\"image\":{\"@id\":\"https:\/\/www.rafanadalacademy.com\/ca\/rafa-nadal-academy-by-movistar-ca\/max-basing-i-el-seu-viatge-danada-i-tornada-de-la-rafa-nadal-academy-a-stanford-per-guanyar-el-seu-sise-titol-itf\/#primaryimage\"},\"thumbnailUrl\":\"https:\/\/www.rafanadalacademy.com\/wp-content\/uploads\/2026\/01\/RNA_18012026_Final-ITF_033-scaled-e1769082087373.jpg\",\"keywords\":[\"rafa nadal\",\"RAFA NADAL ACADEMY BY MOVISTAR\"],\"articleSection\":[\"Not\u00edcies\",\"RAFA NADAL ACADEMY BY MOVISTAR\"],\"inLanguage\":\"ca\",\"copyrightYear\":\"2026\",\"copyrightHolder\":{\"@id\":\"https:\/\/www.rafanadalacademy.com\/#organization\"}},{\"@type\":\"WebPage\",\"@id\":\"https:\/\/www.rafanadalacademy.com\/ca\/rafa-nadal-academy-by-movistar-ca\/max-basing-i-el-seu-viatge-danada-i-tornada-de-la-rafa-nadal-academy-a-stanford-per-guanyar-el-seu-sise-titol-itf\/\",\"url\":\"https:\/\/www.rafanadalacademy.com\/ca\/rafa-nadal-academy-by-movistar-ca\/max-basing-i-el-seu-viatge-danada-i-tornada-de-la-rafa-nadal-academy-a-stanford-per-guanyar-el-seu-sise-titol-itf\/\",\"name\":\"Max Basing i el seu viatge d'anada i tornada de la Rafa Nadal Academy a Stanford per guanyar el seu sis\u00e8 t\u00edtol ITF - Rafa Nadal Academy\",\"isPartOf\":{\"@id\":\"https:\/\/www.rafanadalacademy.com\/ca\/#website\"},\"primaryImageOfPage\":{\"@id\":\"https:\/\/www.rafanadalacademy.com\/ca\/rafa-nadal-academy-by-movistar-ca\/max-basing-i-el-seu-viatge-danada-i-tornada-de-la-rafa-nadal-academy-a-stanford-per-guanyar-el-seu-sise-titol-itf\/#primaryimage\"},\"image\":{\"@id\":\"https:\/\/www.rafanadalacademy.com\/ca\/rafa-nadal-academy-by-movistar-ca\/max-basing-i-el-seu-viatge-danada-i-tornada-de-la-rafa-nadal-academy-a-stanford-per-guanyar-el-seu-sise-titol-itf\/#primaryimage\"},\"thumbnailUrl\":\"https:\/\/www.rafanadalacademy.com\/wp-content\/uploads\/2026\/01\/RNA_18012026_Final-ITF_033-scaled-e1769082087373.jpg\",\"datePublished\":\"2026-01-22T11:44:15+00:00\",\"dateModified\":\"2026-01-22T11:51:47+00:00\",\"author\":{\"@id\":\"https:\/\/www.rafanadalacademy.com\/ca\/#\/schema\/person\/744897d6ee269641fff954376180ef01\"},\"description\":\"El cas de Max Basing \u00e9s el millor reflex del cam\u00ed que recorren molts dels joves que arriben a la Rafa Nadal Academy per formar-se i cr\u00e9ixer, dins i fora de la pista, i acaben en universitats dels Estats Units.\",\"breadcrumb\":{\"@id\":\"https:\/\/www.rafanadalacademy.com\/ca\/rafa-nadal-academy-by-movistar-ca\/max-basing-i-el-seu-viatge-danada-i-tornada-de-la-rafa-nadal-academy-a-stanford-per-guanyar-el-seu-sise-titol-itf\/#breadcrumb\"},\"inLanguage\":\"ca\",\"potentialAction\":[{\"@type\":\"ReadAction\",\"target\":[\"https:\/\/www.rafanadalacademy.com\/ca\/rafa-nadal-academy-by-movistar-ca\/max-basing-i-el-seu-viatge-danada-i-tornada-de-la-rafa-nadal-academy-a-stanford-per-guanyar-el-seu-sise-titol-itf\/\"]}]},{\"@type\":\"ImageObject\",\"inLanguage\":\"ca\",\"@id\":\"https:\/\/www.rafanadalacademy.com\/ca\/rafa-nadal-academy-by-movistar-ca\/max-basing-i-el-seu-viatge-danada-i-tornada-de-la-rafa-nadal-academy-a-stanford-per-guanyar-el-seu-sise-titol-itf\/#primaryimage\",\"url\":\"https:\/\/www.rafanadalacademy.com\/wp-content\/uploads\/2026\/01\/RNA_18012026_Final-ITF_033-scaled-e1769082087373.jpg\",\"contentUrl\":\"https:\/\/www.rafanadalacademy.com\/wp-content\/uploads\/2026\/01\/RNA_18012026_Final-ITF_033-scaled-e1769082087373.jpg\",\"width\":2560,\"height\":2048,\"caption\":\"Max Basing, campe\u00f3n del ITF M15 en la Rafa Nadal Academy\"},{\"@type\":\"BreadcrumbList\",\"@id\":\"https:\/\/www.rafanadalacademy.com\/ca\/rafa-nadal-academy-by-movistar-ca\/max-basing-i-el-seu-viatge-danada-i-tornada-de-la-rafa-nadal-academy-a-stanford-per-guanyar-el-seu-sise-titol-itf\/#breadcrumb\",\"itemListElement\":[{\"@type\":\"ListItem\",\"position\":1,\"name\":\"Home\",\"item\":\"https:\/\/www.rafanadalacademy.com\/ca\/\"},{\"@type\":\"ListItem\",\"position\":2,\"name\":\"Max Basing i el seu viatge d&#8217;anada i tornada de la Rafa Nadal Academy a Stanford per guanyar el seu sis\u00e8 t\u00edtol ITF\"}]},{\"@type\":\"WebSite\",\"@id\":\"https:\/\/www.rafanadalacademy.com\/ca\/#website\",\"url\":\"https:\/\/www.rafanadalacademy.com\/ca\/\",\"name\":\"Rafa Nadal Academy\",\"description\":\"Otro sitio realizado con WordPress\",\"potentialAction\":[{\"@type\":\"SearchAction\",\"target\":{\"@type\":\"EntryPoint\",\"urlTemplate\":\"https:\/\/www.rafanadalacademy.com\/ca\/?s={search_term_string}\"},\"query-input\":{\"@type\":\"PropertyValueSpecification\",\"valueRequired\":true,\"valueName\":\"search_term_string\"}}],\"inLanguage\":\"ca\"},{\"@type\":\"Person\",\"@id\":\"https:\/\/www.rafanadalacademy.com\/ca\/#\/schema\/person\/744897d6ee269641fff954376180ef01\",\"name\":\"joseluisprados\",\"image\":{\"@type\":\"ImageObject\",\"inLanguage\":\"ca\",\"@id\":\"https:\/\/www.rafanadalacademy.com\/ca\/#\/schema\/person\/image\/\",\"url\":\"https:\/\/secure.gravatar.com\/avatar\/8aa823a6e5501864ffab4785d9e2a994b59c2d45c9f9751c5a532abfec081e5f?s=96&d=mm&r=g\",\"contentUrl\":\"https:\/\/secure.gravatar.com\/avatar\/8aa823a6e5501864ffab4785d9e2a994b59c2d45c9f9751c5a532abfec081e5f?s=96&d=mm&r=g\",\"caption\":\"joseluisprados\"},\"url\":\"https:\/\/www.rafanadalacademy.com\/ca\/author\/joseluisprados\/\"},{\"@type\":\"ImageObject\",\"inLanguage\":\"ca\",\"@id\":\"https:\/\/www.rafanadalacademy.com\/ca\/rafa-nadal-academy-by-movistar-ca\/max-basing-i-el-seu-viatge-danada-i-tornada-de-la-rafa-nadal-academy-a-stanford-per-guanyar-el-seu-sise-titol-itf\/#local-main-organization-logo\",\"url\":\"\",\"contentUrl\":\"\",\"caption\":\"Rafa Nadal Academy\"}]}<\/script>\n<!-- \/ Yoast SEO Premium plugin. -->","yoast_head_json":{"title":"Max Basing i el seu viatge d'anada i tornada de la Rafa Nadal Academy a Stanford per guanyar el seu sis\u00e8 t\u00edtol ITF - Rafa Nadal Academy","description":"El cas de Max Basing \u00e9s el millor reflex del cam\u00ed que recorren molts dels joves que arriben a la Rafa Nadal Academy per formar-se i cr\u00e9ixer, dins i fora de la pista, i acaben en universitats dels Estats Units.","robots":{"index":"index","follow":"follow","max-snippet":"max-snippet:-1","max-image-preview":"max-image-preview:large","max-video-preview":"max-video-preview:-1"},"canonical":"https:\/\/www.rafanadalacademy.com\/ca\/rafa-nadal-academy-by-movistar-ca\/max-basing-i-el-seu-viatge-danada-i-tornada-de-la-rafa-nadal-academy-a-stanford-per-guanyar-el-seu-sise-titol-itf\/","og_locale":"ca_ES","og_type":"article","og_title":"Max Basing i el seu viatge d'anada i tornada de la Rafa Nadal Academy a Stanford per guanyar el seu sis\u00e8 t\u00edtol ITF","og_description":"El cas de Max Basing \u00e9s el millor reflex del cam\u00ed que recorren molts dels joves que arriben a la Rafa Nadal Academy per formar-se i cr\u00e9ixer, dins i fora de la pista, i acaben en universitats dels Estats Units.","og_url":"https:\/\/www.rafanadalacademy.com\/ca\/rafa-nadal-academy-by-movistar-ca\/max-basing-i-el-seu-viatge-danada-i-tornada-de-la-rafa-nadal-academy-a-stanford-per-guanyar-el-seu-sise-titol-itf\/","og_site_name":"Rafa Nadal Academy","article_published_time":"2026-01-22T11:44:15+00:00","article_modified_time":"2026-01-22T11:51:47+00:00","og_image":[{"width":2560,"height":2048,"url":"https:\/\/www.rafanadalacademy.com\/wp-content\/uploads\/2026\/01\/RNA_18012026_Final-ITF_033-scaled-e1769082087373.jpg","type":"image\/jpeg"}],"author":"joseluisprados","twitter_card":"summary_large_image","twitter_misc":{"Written by":"joseluisprados","Est. reading time":"3 minutes"},"schema":{"@context":"https:\/\/schema.org","@graph":[{"@type":"Article","@id":"https:\/\/www.rafanadalacademy.com\/ca\/rafa-nadal-academy-by-movistar-ca\/max-basing-i-el-seu-viatge-danada-i-tornada-de-la-rafa-nadal-academy-a-stanford-per-guanyar-el-seu-sise-titol-itf\/#article","isPartOf":{"@id":"https:\/\/www.rafanadalacademy.com\/ca\/rafa-nadal-academy-by-movistar-ca\/max-basing-i-el-seu-viatge-danada-i-tornada-de-la-rafa-nadal-academy-a-stanford-per-guanyar-el-seu-sise-titol-itf\/"},"author":{"name":"joseluisprados","@id":"https:\/\/www.rafanadalacademy.com\/ca\/#\/schema\/person\/744897d6ee269641fff954376180ef01"},"headline":"Max Basing i el seu viatge d&#8217;anada i tornada de la Rafa Nadal Academy a Stanford per guanyar el seu sis\u00e8 t\u00edtol ITF","datePublished":"2026-01-22T11:44:15+00:00","dateModified":"2026-01-22T11:51:47+00:00","mainEntityOfPage":{"@id":"https:\/\/www.rafanadalacademy.com\/ca\/rafa-nadal-academy-by-movistar-ca\/max-basing-i-el-seu-viatge-danada-i-tornada-de-la-rafa-nadal-academy-a-stanford-per-guanyar-el-seu-sise-titol-itf\/"},"wordCount":642,"image":{"@id":"https:\/\/www.rafanadalacademy.com\/ca\/rafa-nadal-academy-by-movistar-ca\/max-basing-i-el-seu-viatge-danada-i-tornada-de-la-rafa-nadal-academy-a-stanford-per-guanyar-el-seu-sise-titol-itf\/#primaryimage"},"thumbnailUrl":"https:\/\/www.rafanadalacademy.com\/wp-content\/uploads\/2026\/01\/RNA_18012026_Final-ITF_033-scaled-e1769082087373.jpg","keywords":["rafa nadal","RAFA NADAL ACADEMY BY MOVISTAR"],"articleSection":["Not\u00edcies","RAFA NADAL ACADEMY BY MOVISTAR"],"inLanguage":"ca","copyrightYear":"2026","copyrightHolder":{"@id":"https:\/\/www.rafanadalacademy.com\/#organization"}},{"@type":"WebPage","@id":"https:\/\/www.rafanadalacademy.com\/ca\/rafa-nadal-academy-by-movistar-ca\/max-basing-i-el-seu-viatge-danada-i-tornada-de-la-rafa-nadal-academy-a-stanford-per-guanyar-el-seu-sise-titol-itf\/","url":"https:\/\/www.rafanadalacademy.com\/ca\/rafa-nadal-academy-by-movistar-ca\/max-basing-i-el-seu-viatge-danada-i-tornada-de-la-rafa-nadal-academy-a-stanford-per-guanyar-el-seu-sise-titol-itf\/","name":"Max Basing i el seu viatge d'anada i tornada de la Rafa Nadal Academy a Stanford per guanyar el seu sis\u00e8 t\u00edtol ITF - Rafa Nadal Academy","isPartOf":{"@id":"https:\/\/www.rafanadalacademy.com\/ca\/#website"},"primaryImageOfPage":{"@id":"https:\/\/www.rafanadalacademy.com\/ca\/rafa-nadal-academy-by-movistar-ca\/max-basing-i-el-seu-viatge-danada-i-tornada-de-la-rafa-nadal-academy-a-stanford-per-guanyar-el-seu-sise-titol-itf\/#primaryimage"},"image":{"@id":"https:\/\/www.rafanadalacademy.com\/ca\/rafa-nadal-academy-by-movistar-ca\/max-basing-i-el-seu-viatge-danada-i-tornada-de-la-rafa-nadal-academy-a-stanford-per-guanyar-el-seu-sise-titol-itf\/#primaryimage"},"thumbnailUrl":"https:\/\/www.rafanadalacademy.com\/wp-content\/uploads\/2026\/01\/RNA_18012026_Final-ITF_033-scaled-e1769082087373.jpg","datePublished":"2026-01-22T11:44:15+00:00","dateModified":"2026-01-22T11:51:47+00:00","author":{"@id":"https:\/\/www.rafanadalacademy.com\/ca\/#\/schema\/person\/744897d6ee269641fff954376180ef01"},"description":"El cas de Max Basing \u00e9s el millor reflex del cam\u00ed que recorren molts dels joves que arriben a la Rafa Nadal Academy per formar-se i cr\u00e9ixer, dins i fora de la pista, i acaben en universitats dels Estats Units.","breadcrumb":{"@id":"https:\/\/www.rafanadalacademy.com\/ca\/rafa-nadal-academy-by-movistar-ca\/max-basing-i-el-seu-viatge-danada-i-tornada-de-la-rafa-nadal-academy-a-stanford-per-guanyar-el-seu-sise-titol-itf\/#breadcrumb"},"inLanguage":"ca","potentialAction":[{"@type":"ReadAction","target":["https:\/\/www.rafanadalacademy.com\/ca\/rafa-nadal-academy-by-movistar-ca\/max-basing-i-el-seu-viatge-danada-i-tornada-de-la-rafa-nadal-academy-a-stanford-per-guanyar-el-seu-sise-titol-itf\/"]}]},{"@type":"ImageObject","inLanguage":"ca","@id":"https:\/\/www.rafanadalacademy.com\/ca\/rafa-nadal-academy-by-movistar-ca\/max-basing-i-el-seu-viatge-danada-i-tornada-de-la-rafa-nadal-academy-a-stanford-per-guanyar-el-seu-sise-titol-itf\/#primaryimage","url":"https:\/\/www.rafanadalacademy.com\/wp-content\/uploads\/2026\/01\/RNA_18012026_Final-ITF_033-scaled-e1769082087373.jpg","contentUrl":"https:\/\/www.rafanadalacademy.com\/wp-content\/uploads\/2026\/01\/RNA_18012026_Final-ITF_033-scaled-e1769082087373.jpg","width":2560,"height":2048,"caption":"Max Basing, campe\u00f3n del ITF M15 en la Rafa Nadal Academy"},{"@type":"BreadcrumbList","@id":"https:\/\/www.rafanadalacademy.com\/ca\/rafa-nadal-academy-by-movistar-ca\/max-basing-i-el-seu-viatge-danada-i-tornada-de-la-rafa-nadal-academy-a-stanford-per-guanyar-el-seu-sise-titol-itf\/#breadcrumb","itemListElement":[{"@type":"ListItem","position":1,"name":"Home","item":"https:\/\/www.rafanadalacademy.com\/ca\/"},{"@type":"ListItem","position":2,"name":"Max Basing i el seu viatge d&#8217;anada i tornada de la Rafa Nadal Academy a Stanford per guanyar el seu sis\u00e8 t\u00edtol ITF"}]},{"@type":"WebSite","@id":"https:\/\/www.rafanadalacademy.com\/ca\/#website","url":"https:\/\/www.rafanadalacademy.com\/ca\/","name":"Rafa Nadal Academy","description":"Otro sitio realizado con WordPress","potentialAction":[{"@type":"SearchAction","target":{"@type":"EntryPoint","urlTemplate":"https:\/\/www.rafanadalacademy.com\/ca\/?s={search_term_string}"},"query-input":{"@type":"PropertyValueSpecification","valueRequired":true,"valueName":"search_term_string"}}],"inLanguage":"ca"},{"@type":"Person","@id":"https:\/\/www.rafanadalacademy.com\/ca\/#\/schema\/person\/744897d6ee269641fff954376180ef01","name":"joseluisprados","image":{"@type":"ImageObject","inLanguage":"ca","@id":"https:\/\/www.rafanadalacademy.com\/ca\/#\/schema\/person\/image\/","url":"https:\/\/secure.gravatar.com\/avatar\/8aa823a6e5501864ffab4785d9e2a994b59c2d45c9f9751c5a532abfec081e5f?s=96&d=mm&r=g","contentUrl":"https:\/\/secure.gravatar.com\/avatar\/8aa823a6e5501864ffab4785d9e2a994b59c2d45c9f9751c5a532abfec081e5f?s=96&d=mm&r=g","caption":"joseluisprados"},"url":"https:\/\/www.rafanadalacademy.com\/ca\/author\/joseluisprados\/"},{"@type":"ImageObject","inLanguage":"ca","@id":"https:\/\/www.rafanadalacademy.com\/ca\/rafa-nadal-academy-by-movistar-ca\/max-basing-i-el-seu-viatge-danada-i-tornada-de-la-rafa-nadal-academy-a-stanford-per-guanyar-el-seu-sise-titol-itf\/#local-main-organization-logo","url":"","contentUrl":"","caption":"Rafa Nadal Academy"}]}},"_links":{"self":[{"href":"https:\/\/www.rafanadalacademy.com\/ca\/wp-json\/wp\/v2\/posts\/38264","targetHints":{"allow":["GET"]}}],"collection":[{"href":"https:\/\/www.rafanadalacademy.com\/ca\/wp-json\/wp\/v2\/posts"}],"about":[{"href":"https:\/\/www.rafanadalacademy.com\/ca\/wp-json\/wp\/v2\/types\/post"}],"author":[{"embeddable":true,"href":"https:\/\/www.rafanadalacademy.com\/ca\/wp-json\/wp\/v2\/users\/23"}],"replies":[{"embeddable":true,"href":"https:\/\/www.rafanadalacademy.com\/ca\/wp-json\/wp\/v2\/comments?post=38264"}],"version-history":[{"count":1,"href":"https:\/\/www.rafanadalacademy.com\/ca\/wp-json\/wp\/v2\/posts\/38264\/revisions"}],"predecessor-version":[{"id":38265,"href":"https:\/\/www.rafanadalacademy.com\/ca\/wp-json\/wp\/v2\/posts\/38264\/revisions\/38265"}],"wp:featuredmedia":[{"embeddable":true,"href":"https:\/\/www.rafanadalacademy.com\/ca\/wp-json\/wp\/v2\/media\/38244"}],"wp:attachment":[{"href":"https:\/\/www.rafanadalacademy.com\/ca\/wp-json\/wp\/v2\/media?parent=38264"}],"wp:term":[{"taxonomy":"category","embeddable":true,"href":"https:\/\/www.rafanadalacademy.com\/ca\/wp-json\/wp\/v2\/categories?post=38264"},{"taxonomy":"post_tag","embeddable":true,"href":"https:\/\/www.rafanadalacademy.com\/ca\/wp-json\/wp\/v2\/tags?post=38264"}],"curies":[{"name":"wp","href":"https:\/\/api.w.org\/{rel}","templated":true}]}}