{"id":38107,"date":"2026-01-20T08:47:56","date_gmt":"2026-01-20T08:47:56","guid":{"rendered":"https:\/\/www.rafanadalacademy.com\/sin-categorizar\/la-rafa-nadal-academy-acull-el-primer-torneig-del-fip-tour-de-padel-2026-a-espanya\/"},"modified":"2026-01-20T09:02:31","modified_gmt":"2026-01-20T09:02:31","slug":"la-rafa-nadal-academy-acull-el-primer-torneig-del-fip-tour-de-padel-2026-a-espanya","status":"publish","type":"post","link":"https:\/\/www.rafanadalacademy.com\/ca\/noticies\/la-rafa-nadal-academy-acull-el-primer-torneig-del-fip-tour-de-padel-2026-a-espanya\/","title":{"rendered":"La Rafa Nadal Academy acull el primer torneig del FIP Tour de P\u00e0del 2026 a Espanya"},"content":{"rendered":"\n<p>Mallorca es converteix en el punt de partida del p\u00e0del professional a Europa aquest 2026 amb la celebraci\u00f3 del FIP Bronze Mallorca a les instal\u00b7lacions de la Rafa Nadal Academy del 19 al 25 de gener. El torneig \u00e9s el primer del FIP Tour 2026 que es disputa a Espanya i marcar\u00e0 l&#8217;arribada del circuit de la Federaci\u00f3 Internacional de P\u00e0del (FIP) al continent europeu despr\u00e9s del seu tradicional inici de temporada a Austr\u00e0lia. <\/p>\n\n<figure class=\"wp-block-image size-large\"><img loading=\"lazy\" decoding=\"async\" width=\"1024\" height=\"702\" src=\"https:\/\/www.rafanadalacademy.com\/wp-content\/uploads\/2026\/01\/RNA_120126_Maribel-con-Presidente-Federacion-Padel-Balear_003-scaled-e1768898747585-1024x702.jpg\" alt=\"Maribel Nadal i Paco Sanz, a les pistes indoor de p&#xE0;del de la Rafa Nadal Academy\" class=\"wp-image-38098\" srcset=\"https:\/\/www.rafanadalacademy.com\/wp-content\/uploads\/2026\/01\/RNA_120126_Maribel-con-Presidente-Federacion-Padel-Balear_003-scaled-e1768898747585-1024x702.jpg 1024w, https:\/\/www.rafanadalacademy.com\/wp-content\/uploads\/2026\/01\/RNA_120126_Maribel-con-Presidente-Federacion-Padel-Balear_003-scaled-e1768898747585-300x206.jpg 300w, https:\/\/www.rafanadalacademy.com\/wp-content\/uploads\/2026\/01\/RNA_120126_Maribel-con-Presidente-Federacion-Padel-Balear_003-scaled-e1768898747585-768x526.jpg 768w, https:\/\/www.rafanadalacademy.com\/wp-content\/uploads\/2026\/01\/RNA_120126_Maribel-con-Presidente-Federacion-Padel-Balear_003-scaled-e1768898747585-1536x1052.jpg 1536w, https:\/\/www.rafanadalacademy.com\/wp-content\/uploads\/2026\/01\/RNA_120126_Maribel-con-Presidente-Federacion-Padel-Balear_003-scaled-e1768898747585-2048x1403.jpg 2048w\" sizes=\"auto, (max-width: 1024px) 100vw, 1024px\" \/><figcaption class=\"wp-element-caption\">Maribel Nadal i Paco Sanz, a les pistes indoor de p\u00e0del de la Rafa Nadal Academy<\/figcaption><\/figure>\n\n<div style=\"height:30px\" aria-hidden=\"true\" class=\"wp-block-spacer\"><\/div>\n\n<p>El FIP Tour 2026 continuar\u00e0 aix\u00ed el seu recorregut internacional a Mallorca pels cinc continents al llarg de l&#8217;any, acompanyant els aficionats al p\u00e0del amb competicions professionals de primer nivell. El FIP Bronze Mallorca comptar\u00e0 amb un atractiu quadre de jugadors, entre els quals destaquen onze d&#8217;ells situats dins del Top 100 del r\u00e0nquing mundial, incloent-hi Antonio \u2018Pincho\u2019 Fern\u00e1ndez i Patricia Mart\u00ednez, caps de s\u00e8rie n\u00famero u en categoria masculina i femenina respectivament, i ambd\u00f3s ambaixadors de la Rafa Nadal Academy. <\/p>\n\n<p>Amb motiu de la celebraci\u00f3 del torneig, Maribel Nadal, subdirectora general de la Rafa Nadal Academy, ha assenyalat: \u201cPer a nosaltres \u00e9s un orgull que Mallorca i la Rafa Nadal Academy siguin el punt de partida del FIP Tour a Europa el 2026. Aquest torneig refor\u00e7a el nostre comprom\u00eds amb el creixement del p\u00e0del professional i amb l&#8217;organitzaci\u00f3 d&#8217;esdeveniments internacionals de m\u00e0xim nivell, oferint als jugadors unes instal\u00b7lacions capdavanteres per a la competici\u00f3. Gr\u00e0cies al treball conjunt amb la Federaci\u00f3 Balear, els aficionats podran comen\u00e7ar l&#8217;any gaudint del millor p\u00e0del en directe aqu\u00ed a Mallorca&#8221; .  <\/p>\n\n<div style=\"height:30px\" aria-hidden=\"true\" class=\"wp-block-spacer\"><\/div>\n\n<figure class=\"wp-block-embed is-type-video is-provider-youtube wp-block-embed-youtube wp-embed-aspect-16-9 wp-has-aspect-ratio\"><div class=\"wp-block-embed__wrapper\">\n<iframe loading=\"lazy\" title=\"La Rafa Nadal Academy inaugura 3 nuevas pistas de p\u00e1del indoor\" width=\"500\" height=\"281\" src=\"https:\/\/www.youtube.com\/embed\/kRnXNBSOqRw?feature=oembed\" frameborder=\"0\" allow=\"accelerometer; autoplay; clipboard-write; encrypted-media; gyroscope; picture-in-picture; web-share\" referrerpolicy=\"strict-origin-when-cross-origin\" allowfullscreen><\/iframe>\n<\/div><\/figure>\n\n<div style=\"height:30px\" aria-hidden=\"true\" class=\"wp-block-spacer\"><\/div>\n\n<p>Gr\u00e0cies a l&#8217;impuls de la Federaci\u00f3 de P\u00e0del de les Illes Balears, l&#8217;organitzaci\u00f3 d&#8217;aquest FIP Bronze suposar\u00e0 una nova fita en l&#8217;aposta de la Rafa Nadal Academy pel desenvolupament del p\u00e0del professional. En aquest sentit, l&#8217;Acad\u00e8mia continua consolidant la seva posici\u00f3 com a seu de grans esdeveniments internacionals, despr\u00e9s de l&#8217;\u00e8xit del FIP World Cup Pairs celebrat a la Rafa Nadal Academy de Kuwait el passat mes de novembre, aix\u00ed com del Kuwait City Premier Padel P1. A aix\u00f2 se suma l&#8217;experi\u00e8ncia del Rafa Nadal Tennis Center Costa Mujeres, ubicat dins del Grand Palladium Select Costa Mujeres i TRS Coral Hotel, que va acollir el primer torneig de Premier Padel disputat a Canc\u00fan.  <\/p>\n\n<p>El FIP Bronze Mallorca reafirma aix\u00ed el paper de la Rafa Nadal Academy com un referent internacional en l&#8217;organitzaci\u00f3 de competicions professionals i en l&#8217;impuls del p\u00e0del a nivell global i refor\u00e7a l&#8217;aposta estrat\u00e8gica pel p\u00e0del i la seva vocaci\u00f3 d&#8217;excel\u00b7l\u00e8ncia en la formaci\u00f3, la competici\u00f3 i l&#8217;organitzaci\u00f3 d&#8217;esdeveniments de primer nivell als centres que formen la xarxa internacional per tot el m\u00f3n.<\/p>\n\n<p>Coneguda per formar tennistes de talla mundial des de la seva obertura el 2016 a Manacor, la Rafa Nadal Academy tamb\u00e9 ha apostat pel p\u00e0del gr\u00e0cies al desenvolupament de programes formatius per a joves i adults en unes instal\u00b7lacions punteres on s&#8217;ubiquen nou pistes exteriors i deu pistes cobertes. El seu centre de fitness, els seus pioners espais de salut i wellness, l&#8217;\u00e0mplia oferta de restauraci\u00f3 i la moderna resid\u00e8ncia fan que la Rafa Nadal Academy s&#8217;hagi convertit en un dels llocs idonis per a la pr\u00e0ctica del p\u00e0del. Tot aix\u00f2 ha propiciat un entorn perfecte per al desenvolupament de joves talents i d&#8217;adults que vulguin viure una experi\u00e8ncia \u00fanica en un h\u00e0bitat idoni per a la pr\u00e0ctica esportiva.  <\/p>\n\n<div style=\"height:30px\" aria-hidden=\"true\" class=\"wp-block-spacer\"><\/div>\n\n<figure class=\"wp-block-embed is-type-video is-provider-youtube wp-block-embed-youtube wp-embed-aspect-16-9 wp-has-aspect-ratio\"><div class=\"wp-block-embed__wrapper\">\n<iframe loading=\"lazy\" title=\"Programas de p\u00e1del para jugadores Amateur de la Rafa Nadal Academy\" width=\"500\" height=\"281\" src=\"https:\/\/www.youtube.com\/embed\/4IFtn6TCmvE?feature=oembed\" frameborder=\"0\" allow=\"accelerometer; autoplay; clipboard-write; encrypted-media; gyroscope; picture-in-picture; web-share\" referrerpolicy=\"strict-origin-when-cross-origin\" allowfullscreen><\/iframe>\n<\/div><\/figure>\n\n<div style=\"height:30px\" aria-hidden=\"true\" class=\"wp-block-spacer\"><\/div>\n\n<p><\/p>\n","protected":false},"excerpt":{"rendered":"<p>Mallorca es converteix en el punt de partida del p\u00e0del professional a Europa aquest 2026 amb la celebraci\u00f3 del FIP Bronze Mallorca a les instal\u00b7lacions de la Rafa Nadal Academy del 19 al 25 de gener. El torneig \u00e9s el primer del FIP Tour 2026 que es disputa a Espanya i marcar\u00e0 l&#8217;arribada del circuit<a href=\"https:\/\/www.rafanadalacademy.com\/ca\/noticies\/la-rafa-nadal-academy-acull-el-primer-torneig-del-fip-tour-de-padel-2026-a-espanya\/\">Continue reading <span class=\"sr-only\">&#8220;La Rafa Nadal Academy acull el primer torneig del FIP Tour de P\u00e0del 2026 a Espanya&#8221;<\/span><\/a><\/p>\n","protected":false},"author":23,"featured_media":38099,"comment_status":"closed","ping_status":"closed","sticky":false,"template":"","format":"standard","meta":{"_acf_changed":false,"footnotes":""},"categories":[157,161,209],"tags":[210,163],"class_list":["post-38107","post","type-post","status-publish","format-standard","has-post-thumbnail","hentry","category-noticies","category-padel-ca","category-rafa-nadal-academy-by-movistar-ca","tag-rafa-nadal-academy-by-movistar-ca","tag-rafa-nadal-academy-padel-tour-ca"],"acf":[],"yoast_head":"<!-- This site is optimized with the Yoast SEO Premium plugin v26.8 (Yoast SEO v26.9) - https:\/\/yoast.com\/product\/yoast-seo-premium-wordpress\/ -->\n<title>La Rafa Nadal Academy acull el primer torneig del FIP Tour de P\u00e0del 2026 a Espanya - Rafa Nadal Academy<\/title>\n<meta name=\"description\" content=\"La Rafa Nadal Academy es converteix en el punt de partida del p\u00e0del professional a Europa aquest 2026 amb la celebraci\u00f3 del FIP Bronze Mallorca.\" \/>\n<meta name=\"robots\" content=\"index, follow, max-snippet:-1, max-image-preview:large, max-video-preview:-1\" \/>\n<link rel=\"canonical\" href=\"https:\/\/www.rafanadalacademy.com\/ca\/noticies\/la-rafa-nadal-academy-acull-el-primer-torneig-del-fip-tour-de-padel-2026-a-espanya\/\" \/>\n<meta property=\"og:locale\" content=\"ca_ES\" \/>\n<meta property=\"og:type\" content=\"article\" \/>\n<meta property=\"og:title\" content=\"La Rafa Nadal Academy acull el primer torneig del FIP Tour de P\u00e0del 2026 a Espanya\" \/>\n<meta property=\"og:description\" content=\"La Rafa Nadal Academy es converteix en el punt de partida del p\u00e0del professional a Europa aquest 2026 amb la celebraci\u00f3 del FIP Bronze Mallorca.\" \/>\n<meta property=\"og:url\" content=\"https:\/\/www.rafanadalacademy.com\/ca\/noticies\/la-rafa-nadal-academy-acull-el-primer-torneig-del-fip-tour-de-padel-2026-a-espanya\/\" \/>\n<meta property=\"og:site_name\" content=\"Rafa Nadal Academy\" \/>\n<meta property=\"article:published_time\" content=\"2026-01-20T08:47:56+00:00\" \/>\n<meta property=\"article:modified_time\" content=\"2026-01-20T09:02:31+00:00\" \/>\n<meta property=\"og:image\" content=\"https:\/\/www.rafanadalacademy.com\/wp-content\/uploads\/2026\/01\/RNA_120126_Maribel-con-Presidente-Federacion-Padel-Balear_003-scaled-e1768898747585.jpg\" \/>\n\t<meta property=\"og:image:width\" content=\"2560\" \/>\n\t<meta property=\"og:image:height\" content=\"2048\" \/>\n\t<meta property=\"og:image:type\" content=\"image\/jpeg\" \/>\n<meta name=\"author\" content=\"joseluisprados\" \/>\n<meta name=\"twitter:card\" content=\"summary_large_image\" \/>\n<meta name=\"twitter:label1\" content=\"Written by\" \/>\n\t<meta name=\"twitter:data1\" content=\"joseluisprados\" \/>\n\t<meta name=\"twitter:label2\" content=\"Est. reading time\" \/>\n\t<meta name=\"twitter:data2\" content=\"3 minutes\" \/>\n<script type=\"application\/ld+json\" class=\"yoast-schema-graph\">{\"@context\":\"https:\/\/schema.org\",\"@graph\":[{\"@type\":\"Article\",\"@id\":\"https:\/\/www.rafanadalacademy.com\/ca\/noticies\/la-rafa-nadal-academy-acull-el-primer-torneig-del-fip-tour-de-padel-2026-a-espanya\/#article\",\"isPartOf\":{\"@id\":\"https:\/\/www.rafanadalacademy.com\/ca\/noticies\/la-rafa-nadal-academy-acull-el-primer-torneig-del-fip-tour-de-padel-2026-a-espanya\/\"},\"author\":{\"name\":\"joseluisprados\",\"@id\":\"https:\/\/www.rafanadalacademy.com\/ca\/#\/schema\/person\/744897d6ee269641fff954376180ef01\"},\"headline\":\"La Rafa Nadal Academy acull el primer torneig del FIP Tour de P\u00e0del 2026 a Espanya\",\"datePublished\":\"2026-01-20T08:47:56+00:00\",\"dateModified\":\"2026-01-20T09:02:31+00:00\",\"mainEntityOfPage\":{\"@id\":\"https:\/\/www.rafanadalacademy.com\/ca\/noticies\/la-rafa-nadal-academy-acull-el-primer-torneig-del-fip-tour-de-padel-2026-a-espanya\/\"},\"wordCount\":651,\"image\":{\"@id\":\"https:\/\/www.rafanadalacademy.com\/ca\/noticies\/la-rafa-nadal-academy-acull-el-primer-torneig-del-fip-tour-de-padel-2026-a-espanya\/#primaryimage\"},\"thumbnailUrl\":\"https:\/\/www.rafanadalacademy.com\/wp-content\/uploads\/2026\/01\/RNA_120126_Maribel-con-Presidente-Federacion-Padel-Balear_003-scaled-e1768898747585.jpg\",\"keywords\":[\"RAFA NADAL ACADEMY BY MOVISTAR\",\"RAFA NADAL ACADEMY P\u00c0DEL TOUR\"],\"articleSection\":[\"Not\u00edcies\",\"P\u00c0DEL\",\"RAFA NADAL ACADEMY BY MOVISTAR\"],\"inLanguage\":\"ca\",\"copyrightYear\":\"2026\",\"copyrightHolder\":{\"@id\":\"https:\/\/www.rafanadalacademy.com\/#organization\"}},{\"@type\":\"WebPage\",\"@id\":\"https:\/\/www.rafanadalacademy.com\/ca\/noticies\/la-rafa-nadal-academy-acull-el-primer-torneig-del-fip-tour-de-padel-2026-a-espanya\/\",\"url\":\"https:\/\/www.rafanadalacademy.com\/ca\/noticies\/la-rafa-nadal-academy-acull-el-primer-torneig-del-fip-tour-de-padel-2026-a-espanya\/\",\"name\":\"La Rafa Nadal Academy acull el primer torneig del FIP Tour de P\u00e0del 2026 a Espanya - Rafa Nadal Academy\",\"isPartOf\":{\"@id\":\"https:\/\/www.rafanadalacademy.com\/ca\/#website\"},\"primaryImageOfPage\":{\"@id\":\"https:\/\/www.rafanadalacademy.com\/ca\/noticies\/la-rafa-nadal-academy-acull-el-primer-torneig-del-fip-tour-de-padel-2026-a-espanya\/#primaryimage\"},\"image\":{\"@id\":\"https:\/\/www.rafanadalacademy.com\/ca\/noticies\/la-rafa-nadal-academy-acull-el-primer-torneig-del-fip-tour-de-padel-2026-a-espanya\/#primaryimage\"},\"thumbnailUrl\":\"https:\/\/www.rafanadalacademy.com\/wp-content\/uploads\/2026\/01\/RNA_120126_Maribel-con-Presidente-Federacion-Padel-Balear_003-scaled-e1768898747585.jpg\",\"datePublished\":\"2026-01-20T08:47:56+00:00\",\"dateModified\":\"2026-01-20T09:02:31+00:00\",\"author\":{\"@id\":\"https:\/\/www.rafanadalacademy.com\/ca\/#\/schema\/person\/744897d6ee269641fff954376180ef01\"},\"description\":\"La Rafa Nadal Academy es converteix en el punt de partida del p\u00e0del professional a Europa aquest 2026 amb la celebraci\u00f3 del FIP Bronze Mallorca.\",\"breadcrumb\":{\"@id\":\"https:\/\/www.rafanadalacademy.com\/ca\/noticies\/la-rafa-nadal-academy-acull-el-primer-torneig-del-fip-tour-de-padel-2026-a-espanya\/#breadcrumb\"},\"inLanguage\":\"ca\",\"potentialAction\":[{\"@type\":\"ReadAction\",\"target\":[\"https:\/\/www.rafanadalacademy.com\/ca\/noticies\/la-rafa-nadal-academy-acull-el-primer-torneig-del-fip-tour-de-padel-2026-a-espanya\/\"]}]},{\"@type\":\"ImageObject\",\"inLanguage\":\"ca\",\"@id\":\"https:\/\/www.rafanadalacademy.com\/ca\/noticies\/la-rafa-nadal-academy-acull-el-primer-torneig-del-fip-tour-de-padel-2026-a-espanya\/#primaryimage\",\"url\":\"https:\/\/www.rafanadalacademy.com\/wp-content\/uploads\/2026\/01\/RNA_120126_Maribel-con-Presidente-Federacion-Padel-Balear_003-scaled-e1768898747585.jpg\",\"contentUrl\":\"https:\/\/www.rafanadalacademy.com\/wp-content\/uploads\/2026\/01\/RNA_120126_Maribel-con-Presidente-Federacion-Padel-Balear_003-scaled-e1768898747585.jpg\",\"width\":2560,\"height\":2048,\"caption\":\"Maribel Nadal y Paco Sanz, en las pistas indoor de p\u00e1del de la Rafa Nadal Academy\"},{\"@type\":\"BreadcrumbList\",\"@id\":\"https:\/\/www.rafanadalacademy.com\/ca\/noticies\/la-rafa-nadal-academy-acull-el-primer-torneig-del-fip-tour-de-padel-2026-a-espanya\/#breadcrumb\",\"itemListElement\":[{\"@type\":\"ListItem\",\"position\":1,\"name\":\"Home\",\"item\":\"https:\/\/www.rafanadalacademy.com\/ca\/\"},{\"@type\":\"ListItem\",\"position\":2,\"name\":\"La Rafa Nadal Academy acull el primer torneig del FIP Tour de P\u00e0del 2026 a Espanya\"}]},{\"@type\":\"WebSite\",\"@id\":\"https:\/\/www.rafanadalacademy.com\/ca\/#website\",\"url\":\"https:\/\/www.rafanadalacademy.com\/ca\/\",\"name\":\"Rafa Nadal Academy\",\"description\":\"Otro sitio realizado con WordPress\",\"potentialAction\":[{\"@type\":\"SearchAction\",\"target\":{\"@type\":\"EntryPoint\",\"urlTemplate\":\"https:\/\/www.rafanadalacademy.com\/ca\/?s={search_term_string}\"},\"query-input\":{\"@type\":\"PropertyValueSpecification\",\"valueRequired\":true,\"valueName\":\"search_term_string\"}}],\"inLanguage\":\"ca\"},{\"@type\":\"Person\",\"@id\":\"https:\/\/www.rafanadalacademy.com\/ca\/#\/schema\/person\/744897d6ee269641fff954376180ef01\",\"name\":\"joseluisprados\",\"image\":{\"@type\":\"ImageObject\",\"inLanguage\":\"ca\",\"@id\":\"https:\/\/www.rafanadalacademy.com\/ca\/#\/schema\/person\/image\/\",\"url\":\"https:\/\/secure.gravatar.com\/avatar\/8aa823a6e5501864ffab4785d9e2a994b59c2d45c9f9751c5a532abfec081e5f?s=96&d=mm&r=g\",\"contentUrl\":\"https:\/\/secure.gravatar.com\/avatar\/8aa823a6e5501864ffab4785d9e2a994b59c2d45c9f9751c5a532abfec081e5f?s=96&d=mm&r=g\",\"caption\":\"joseluisprados\"},\"url\":\"https:\/\/www.rafanadalacademy.com\/ca\/author\/joseluisprados\/\"},{\"@type\":\"ImageObject\",\"inLanguage\":\"ca\",\"@id\":\"https:\/\/www.rafanadalacademy.com\/ca\/noticies\/la-rafa-nadal-academy-acull-el-primer-torneig-del-fip-tour-de-padel-2026-a-espanya\/#local-main-organization-logo\",\"url\":\"\",\"contentUrl\":\"\",\"caption\":\"Rafa Nadal Academy\"}]}<\/script>\n<!-- \/ Yoast SEO Premium plugin. -->","yoast_head_json":{"title":"La Rafa Nadal Academy acull el primer torneig del FIP Tour de P\u00e0del 2026 a Espanya - Rafa Nadal Academy","description":"La Rafa Nadal Academy es converteix en el punt de partida del p\u00e0del professional a Europa aquest 2026 amb la celebraci\u00f3 del FIP Bronze Mallorca.","robots":{"index":"index","follow":"follow","max-snippet":"max-snippet:-1","max-image-preview":"max-image-preview:large","max-video-preview":"max-video-preview:-1"},"canonical":"https:\/\/www.rafanadalacademy.com\/ca\/noticies\/la-rafa-nadal-academy-acull-el-primer-torneig-del-fip-tour-de-padel-2026-a-espanya\/","og_locale":"ca_ES","og_type":"article","og_title":"La Rafa Nadal Academy acull el primer torneig del FIP Tour de P\u00e0del 2026 a Espanya","og_description":"La Rafa Nadal Academy es converteix en el punt de partida del p\u00e0del professional a Europa aquest 2026 amb la celebraci\u00f3 del FIP Bronze Mallorca.","og_url":"https:\/\/www.rafanadalacademy.com\/ca\/noticies\/la-rafa-nadal-academy-acull-el-primer-torneig-del-fip-tour-de-padel-2026-a-espanya\/","og_site_name":"Rafa Nadal Academy","article_published_time":"2026-01-20T08:47:56+00:00","article_modified_time":"2026-01-20T09:02:31+00:00","og_image":[{"width":2560,"height":2048,"url":"https:\/\/www.rafanadalacademy.com\/wp-content\/uploads\/2026\/01\/RNA_120126_Maribel-con-Presidente-Federacion-Padel-Balear_003-scaled-e1768898747585.jpg","type":"image\/jpeg"}],"author":"joseluisprados","twitter_card":"summary_large_image","twitter_misc":{"Written by":"joseluisprados","Est. reading time":"3 minutes"},"schema":{"@context":"https:\/\/schema.org","@graph":[{"@type":"Article","@id":"https:\/\/www.rafanadalacademy.com\/ca\/noticies\/la-rafa-nadal-academy-acull-el-primer-torneig-del-fip-tour-de-padel-2026-a-espanya\/#article","isPartOf":{"@id":"https:\/\/www.rafanadalacademy.com\/ca\/noticies\/la-rafa-nadal-academy-acull-el-primer-torneig-del-fip-tour-de-padel-2026-a-espanya\/"},"author":{"name":"joseluisprados","@id":"https:\/\/www.rafanadalacademy.com\/ca\/#\/schema\/person\/744897d6ee269641fff954376180ef01"},"headline":"La Rafa Nadal Academy acull el primer torneig del FIP Tour de P\u00e0del 2026 a Espanya","datePublished":"2026-01-20T08:47:56+00:00","dateModified":"2026-01-20T09:02:31+00:00","mainEntityOfPage":{"@id":"https:\/\/www.rafanadalacademy.com\/ca\/noticies\/la-rafa-nadal-academy-acull-el-primer-torneig-del-fip-tour-de-padel-2026-a-espanya\/"},"wordCount":651,"image":{"@id":"https:\/\/www.rafanadalacademy.com\/ca\/noticies\/la-rafa-nadal-academy-acull-el-primer-torneig-del-fip-tour-de-padel-2026-a-espanya\/#primaryimage"},"thumbnailUrl":"https:\/\/www.rafanadalacademy.com\/wp-content\/uploads\/2026\/01\/RNA_120126_Maribel-con-Presidente-Federacion-Padel-Balear_003-scaled-e1768898747585.jpg","keywords":["RAFA NADAL ACADEMY BY MOVISTAR","RAFA NADAL ACADEMY P\u00c0DEL TOUR"],"articleSection":["Not\u00edcies","P\u00c0DEL","RAFA NADAL ACADEMY BY MOVISTAR"],"inLanguage":"ca","copyrightYear":"2026","copyrightHolder":{"@id":"https:\/\/www.rafanadalacademy.com\/#organization"}},{"@type":"WebPage","@id":"https:\/\/www.rafanadalacademy.com\/ca\/noticies\/la-rafa-nadal-academy-acull-el-primer-torneig-del-fip-tour-de-padel-2026-a-espanya\/","url":"https:\/\/www.rafanadalacademy.com\/ca\/noticies\/la-rafa-nadal-academy-acull-el-primer-torneig-del-fip-tour-de-padel-2026-a-espanya\/","name":"La Rafa Nadal Academy acull el primer torneig del FIP Tour de P\u00e0del 2026 a Espanya - Rafa Nadal Academy","isPartOf":{"@id":"https:\/\/www.rafanadalacademy.com\/ca\/#website"},"primaryImageOfPage":{"@id":"https:\/\/www.rafanadalacademy.com\/ca\/noticies\/la-rafa-nadal-academy-acull-el-primer-torneig-del-fip-tour-de-padel-2026-a-espanya\/#primaryimage"},"image":{"@id":"https:\/\/www.rafanadalacademy.com\/ca\/noticies\/la-rafa-nadal-academy-acull-el-primer-torneig-del-fip-tour-de-padel-2026-a-espanya\/#primaryimage"},"thumbnailUrl":"https:\/\/www.rafanadalacademy.com\/wp-content\/uploads\/2026\/01\/RNA_120126_Maribel-con-Presidente-Federacion-Padel-Balear_003-scaled-e1768898747585.jpg","datePublished":"2026-01-20T08:47:56+00:00","dateModified":"2026-01-20T09:02:31+00:00","author":{"@id":"https:\/\/www.rafanadalacademy.com\/ca\/#\/schema\/person\/744897d6ee269641fff954376180ef01"},"description":"La Rafa Nadal Academy es converteix en el punt de partida del p\u00e0del professional a Europa aquest 2026 amb la celebraci\u00f3 del FIP Bronze Mallorca.","breadcrumb":{"@id":"https:\/\/www.rafanadalacademy.com\/ca\/noticies\/la-rafa-nadal-academy-acull-el-primer-torneig-del-fip-tour-de-padel-2026-a-espanya\/#breadcrumb"},"inLanguage":"ca","potentialAction":[{"@type":"ReadAction","target":["https:\/\/www.rafanadalacademy.com\/ca\/noticies\/la-rafa-nadal-academy-acull-el-primer-torneig-del-fip-tour-de-padel-2026-a-espanya\/"]}]},{"@type":"ImageObject","inLanguage":"ca","@id":"https:\/\/www.rafanadalacademy.com\/ca\/noticies\/la-rafa-nadal-academy-acull-el-primer-torneig-del-fip-tour-de-padel-2026-a-espanya\/#primaryimage","url":"https:\/\/www.rafanadalacademy.com\/wp-content\/uploads\/2026\/01\/RNA_120126_Maribel-con-Presidente-Federacion-Padel-Balear_003-scaled-e1768898747585.jpg","contentUrl":"https:\/\/www.rafanadalacademy.com\/wp-content\/uploads\/2026\/01\/RNA_120126_Maribel-con-Presidente-Federacion-Padel-Balear_003-scaled-e1768898747585.jpg","width":2560,"height":2048,"caption":"Maribel Nadal y Paco Sanz, en las pistas indoor de p\u00e1del de la Rafa Nadal Academy"},{"@type":"BreadcrumbList","@id":"https:\/\/www.rafanadalacademy.com\/ca\/noticies\/la-rafa-nadal-academy-acull-el-primer-torneig-del-fip-tour-de-padel-2026-a-espanya\/#breadcrumb","itemListElement":[{"@type":"ListItem","position":1,"name":"Home","item":"https:\/\/www.rafanadalacademy.com\/ca\/"},{"@type":"ListItem","position":2,"name":"La Rafa Nadal Academy acull el primer torneig del FIP Tour de P\u00e0del 2026 a Espanya"}]},{"@type":"WebSite","@id":"https:\/\/www.rafanadalacademy.com\/ca\/#website","url":"https:\/\/www.rafanadalacademy.com\/ca\/","name":"Rafa Nadal Academy","description":"Otro sitio realizado con WordPress","potentialAction":[{"@type":"SearchAction","target":{"@type":"EntryPoint","urlTemplate":"https:\/\/www.rafanadalacademy.com\/ca\/?s={search_term_string}"},"query-input":{"@type":"PropertyValueSpecification","valueRequired":true,"valueName":"search_term_string"}}],"inLanguage":"ca"},{"@type":"Person","@id":"https:\/\/www.rafanadalacademy.com\/ca\/#\/schema\/person\/744897d6ee269641fff954376180ef01","name":"joseluisprados","image":{"@type":"ImageObject","inLanguage":"ca","@id":"https:\/\/www.rafanadalacademy.com\/ca\/#\/schema\/person\/image\/","url":"https:\/\/secure.gravatar.com\/avatar\/8aa823a6e5501864ffab4785d9e2a994b59c2d45c9f9751c5a532abfec081e5f?s=96&d=mm&r=g","contentUrl":"https:\/\/secure.gravatar.com\/avatar\/8aa823a6e5501864ffab4785d9e2a994b59c2d45c9f9751c5a532abfec081e5f?s=96&d=mm&r=g","caption":"joseluisprados"},"url":"https:\/\/www.rafanadalacademy.com\/ca\/author\/joseluisprados\/"},{"@type":"ImageObject","inLanguage":"ca","@id":"https:\/\/www.rafanadalacademy.com\/ca\/noticies\/la-rafa-nadal-academy-acull-el-primer-torneig-del-fip-tour-de-padel-2026-a-espanya\/#local-main-organization-logo","url":"","contentUrl":"","caption":"Rafa Nadal Academy"}]}},"_links":{"self":[{"href":"https:\/\/www.rafanadalacademy.com\/ca\/wp-json\/wp\/v2\/posts\/38107","targetHints":{"allow":["GET"]}}],"collection":[{"href":"https:\/\/www.rafanadalacademy.com\/ca\/wp-json\/wp\/v2\/posts"}],"about":[{"href":"https:\/\/www.rafanadalacademy.com\/ca\/wp-json\/wp\/v2\/types\/post"}],"author":[{"embeddable":true,"href":"https:\/\/www.rafanadalacademy.com\/ca\/wp-json\/wp\/v2\/users\/23"}],"replies":[{"embeddable":true,"href":"https:\/\/www.rafanadalacademy.com\/ca\/wp-json\/wp\/v2\/comments?post=38107"}],"version-history":[{"count":1,"href":"https:\/\/www.rafanadalacademy.com\/ca\/wp-json\/wp\/v2\/posts\/38107\/revisions"}],"predecessor-version":[{"id":38108,"href":"https:\/\/www.rafanadalacademy.com\/ca\/wp-json\/wp\/v2\/posts\/38107\/revisions\/38108"}],"wp:featuredmedia":[{"embeddable":true,"href":"https:\/\/www.rafanadalacademy.com\/ca\/wp-json\/wp\/v2\/media\/38099"}],"wp:attachment":[{"href":"https:\/\/www.rafanadalacademy.com\/ca\/wp-json\/wp\/v2\/media?parent=38107"}],"wp:term":[{"taxonomy":"category","embeddable":true,"href":"https:\/\/www.rafanadalacademy.com\/ca\/wp-json\/wp\/v2\/categories?post=38107"},{"taxonomy":"post_tag","embeddable":true,"href":"https:\/\/www.rafanadalacademy.com\/ca\/wp-json\/wp\/v2\/tags?post=38107"}],"curies":[{"name":"wp","href":"https:\/\/api.w.org\/{rel}","templated":true}]}}