{"id":37459,"date":"2025-12-10T11:42:11","date_gmt":"2025-12-10T11:42:11","guid":{"rendered":"https:\/\/www.rafanadalacademy.com\/sin-categorizar\/el-rafa-nadal-academy-padel-tour-by-the-adecco-group-bat-records-en-la-seva-segona-edicio\/"},"modified":"2025-12-10T11:48:36","modified_gmt":"2025-12-10T11:48:36","slug":"el-rafa-nadal-academy-padel-tour-by-the-adecco-group-bat-records-en-la-seva-segona-edicio","status":"publish","type":"post","link":"https:\/\/www.rafanadalacademy.com\/ca\/noticies\/el-rafa-nadal-academy-padel-tour-by-the-adecco-group-bat-records-en-la-seva-segona-edicio\/","title":{"rendered":"El Rafa Nadal Academy P\u00e0del Tour by The Adecco Group bat r\u00e8cords en la seva segona edici\u00f3"},"content":{"rendered":"\n<p>Mallorca ha posat el fermall d&#8217;or a la segona edici\u00f3 del Rafa Nadal Academy P\u00e0del Tour by The Adecco Group, el circuit amateur que aquest any 2025 ha reunit gaireb\u00e9 2.000 jugadors i s&#8217;ha consolidat com una de les propostes m\u00e9s atractives i completes del p\u00e0del amateur.<\/p>\n\n<figure class=\"wp-block-image size-full\"><img loading=\"lazy\" decoding=\"async\" width=\"2560\" height=\"2048\" src=\"https:\/\/www.rafanadalacademy.com\/wp-content\/uploads\/2025\/12\/RNA_061225_Partidos-RNA-Padel-Tour_024-scaled.jpg\" alt=\"\" class=\"wp-image-37449\" srcset=\"https:\/\/www.rafanadalacademy.com\/wp-content\/uploads\/2025\/12\/RNA_061225_Partidos-RNA-Padel-Tour_024-scaled.jpg 2560w, https:\/\/www.rafanadalacademy.com\/wp-content\/uploads\/2025\/12\/RNA_061225_Partidos-RNA-Padel-Tour_024-300x240.jpg 300w, https:\/\/www.rafanadalacademy.com\/wp-content\/uploads\/2025\/12\/RNA_061225_Partidos-RNA-Padel-Tour_024-1024x819.jpg 1024w, https:\/\/www.rafanadalacademy.com\/wp-content\/uploads\/2025\/12\/RNA_061225_Partidos-RNA-Padel-Tour_024-768x614.jpg 768w, https:\/\/www.rafanadalacademy.com\/wp-content\/uploads\/2025\/12\/RNA_061225_Partidos-RNA-Padel-Tour_024-1536x1229.jpg 1536w, https:\/\/www.rafanadalacademy.com\/wp-content\/uploads\/2025\/12\/RNA_061225_Partidos-RNA-Padel-Tour_024-2048x1638.jpg 2048w\" sizes=\"auto, (max-width: 2560px) 100vw, 2560px\" \/><\/figure>\n\n<div style=\"height:30px\" aria-hidden=\"true\" class=\"wp-block-spacer\"><\/div>\n\n<p>La prova final disputada a la Rafa Nadal Academy ha comptat amb 215 jugadors d&#8217;equips arribats des de totes les parts de la pen\u00ednsula, aix\u00ed com d&#8217;It\u00e0lia o Su\u00efssa, i ha combinat competici\u00f3, oci i un ambient \u00fanic que ja s&#8217;ha convertit en senya d&#8217;identitat del Tour en aquestes dues primeres edicions.<\/p>\n\n<p>Un dels moments m\u00e9s emotius del cap de setmana va ser l&#8217;homenatge que va rebre Carolina Navarro, que fa poc es va retirar del p\u00e0del professional despr\u00e9s d&#8217;una exitosa carrera esportiva. En l&#8217;acte, celebrat a les noves pistes indoor de l&#8217;Acad\u00e8mia, la jugadora malaguenya, referent internacional del p\u00e0del, va rebre l&#8217;afecte de tots els participants i de Maribel Nadal, subdirectora general de la Rafa Nadal Academy, que van recon\u00e8ixer la seva traject\u00f2ria exemplar i la seva aportaci\u00f3 al desenvolupament del p\u00e0del. <\/p>\n\n<div style=\"height:30px\" aria-hidden=\"true\" class=\"wp-block-spacer\"><\/div>\n\n<blockquote class=\"instagram-media\" data-instgrm-captioned=\"\" data-instgrm-permalink=\"https:\/\/www.instagram.com\/reel\/DR7ONW8iLfz\/?utm_source=ig_embed&#038;utm_campaign=loading\" data-instgrm-version=\"14\" style=\"  background:#FFF; border:0; border-radius:3px; box-shadow:0 0 1px 0 rgba(0,0,0,0.5),0 1px 10px 0 rgba(0,0,0,0.15); margin: 1px; max-width:540px; min-width:326px; padding:0; width:99.375%; width:-webkit-calc(100% - 2px); width:calc(100% - 2px);\"><div style=\"padding:16px;\"> <a href=\"https:\/\/www.instagram.com\/reel\/DR7ONW8iLfz\/?utm_source=ig_embed&#038;utm_campaign=loading\" style=\"  background:#FFFFFF; line-height:0; padding:0 0; text-align:center; text-decoration:none; width:100%;\" target=\"_blank\"> <div style=\"  display: flex; flex-direction: row; align-items: center;\"> <div style=\"background-color: #F4F4F4; border-radius: 50%; flex-grow: 0; height: 40px; margin-right: 14px; width: 40px;\"><\/div> <div style=\"display: flex; flex-direction: column; flex-grow: 1; justify-content: center;\"> <div style=\"  background-color: #F4F4F4; border-radius: 4px; flex-grow: 0; height: 14px; margin-bottom: 6px; width: 100px;\"><\/div> <div style=\"  background-color: #F4F4F4; border-radius: 4px; flex-grow: 0; height: 14px; width: 60px;\"><\/div><\/div><\/div><div style=\"padding: 19% 0;\"><\/div> <div style=\"display:block; height:50px; margin:0 auto 12px; width:50px;\"><svg xmlns=\"https:\/\/www.w3.org\/2000\/svg\" xmlns:xlink=\"https:\/\/www.w3.org\/1999\/xlink\" width=\"50px\" height=\"50px\" viewbox=\"0 0 60 60\" version=\"1.1\"><g stroke=\"none\" stroke-width=\"1\" fill=\"none\" fill-rule=\"evenodd\"><g transform=\"translate(-511.000000, -20.000000)\" fill=\"#000000\"><g><path d=\"M556.869,30.41 C554.814,30.41 553.148,32.076 553.148,34.131 C553.148,36.186 554.814,37.852 556.869,37.852 C558.924,37.852 560.59,36.186 560.59,34.131 C560.59,32.076 558.924,30.41 556.869,30.41 M541,60.657 C535.114,60.657 530.342,55.887 530.342,50 C530.342,44.114 535.114,39.342 541,39.342 C546.887,39.342 551.658,44.114 551.658,50 C551.658,55.887 546.887,60.657 541,60.657 M541,33.886 C532.1,33.886 524.886,41.1 524.886,50 C524.886,58.899 532.1,66.113 541,66.113 C549.9,66.113 557.115,58.899 557.115,50 C557.115,41.1 549.9,33.886 541,33.886 M565.378,62.101 C565.244,65.022 564.756,66.606 564.346,67.663 C563.803,69.06 563.154,70.057 562.106,71.106 C561.058,72.155 560.06,72.803 558.662,73.347 C557.607,73.757 556.021,74.244 553.102,74.378 C549.944,74.521 548.997,74.552 541,74.552 C533.003,74.552 532.056,74.521 528.898,74.378 C525.979,74.244 524.393,73.757 523.338,73.347 C521.94,72.803 520.942,72.155 519.894,71.106 C518.846,70.057 518.197,69.06 517.654,67.663 C517.244,66.606 516.755,65.022 516.623,62.101 C516.479,58.943 516.448,57.996 516.448,50 C516.448,42.003 516.479,41.056 516.623,37.899 C516.755,34.978 517.244,33.391 517.654,32.338 C518.197,30.938 518.846,29.942 519.894,28.894 C520.942,27.846 521.94,27.196 523.338,26.654 C524.393,26.244 525.979,25.756 528.898,25.623 C532.057,25.479 533.004,25.448 541,25.448 C548.997,25.448 549.943,25.479 553.102,25.623 C556.021,25.756 557.607,26.244 558.662,26.654 C560.06,27.196 561.058,27.846 562.106,28.894 C563.154,29.942 563.803,30.938 564.346,32.338 C564.756,33.391 565.244,34.978 565.378,37.899 C565.522,41.056 565.552,42.003 565.552,50 C565.552,57.996 565.522,58.943 565.378,62.101 M570.82,37.631 C570.674,34.438 570.167,32.258 569.425,30.349 C568.659,28.377 567.633,26.702 565.965,25.035 C564.297,23.368 562.623,22.342 560.652,21.575 C558.743,20.834 556.562,20.326 553.369,20.18 C550.169,20.033 549.148,20 541,20 C532.853,20 531.831,20.033 528.631,20.18 C525.438,20.326 523.257,20.834 521.349,21.575 C519.376,22.342 517.703,23.368 516.035,25.035 C514.368,26.702 513.342,28.377 512.574,30.349 C511.834,32.258 511.326,34.438 511.181,37.631 C511.035,40.831 511,41.851 511,50 C511,58.147 511.035,59.17 511.181,62.369 C511.326,65.562 511.834,67.743 512.574,69.651 C513.342,71.625 514.368,73.296 516.035,74.965 C517.703,76.634 519.376,77.658 521.349,78.425 C523.257,79.167 525.438,79.673 528.631,79.82 C531.831,79.965 532.853,80.001 541,80.001 C549.148,80.001 550.169,79.965 553.369,79.82 C556.562,79.673 558.743,79.167 560.652,78.425 C562.623,77.658 564.297,76.634 565.965,74.965 C567.633,73.296 568.659,71.625 569.425,69.651 C570.167,67.743 570.674,65.562 570.82,62.369 C570.966,59.17 571,58.147 571,50 C571,41.851 570.966,40.831 570.82,37.631\"><\/path><\/g><\/g><\/g><\/svg><\/div><div style=\"padding-top: 8px;\"> <div style=\"  color:#3897f0; font-family:Arial,sans-serif; font-size:14px; font-style:normal; font-weight:550; line-height:18px;\">Veure aquesta publicaci\u00f3 a Instagram<\/div><\/div><div style=\"padding: 12.5% 0;\"><\/div> <div style=\"display: flex; flex-direction: row; margin-bottom: 14px; align-items: center;\"><div> <div style=\"background-color: #F4F4F4; border-radius: 50%; height: 12.5px; width: 12.5px; transform: translateX(0px) translateY(7px);\"><\/div> <div style=\"background-color: #F4F4F4; height: 12.5px; transform: rotate(-45deg) translateX(3px) translateY(1px); width: 12.5px; flex-grow: 0; margin-right: 14px; margin-left: 2px;\"><\/div> <div style=\"background-color: #F4F4F4; border-radius: 50%; height: 12.5px; width: 12.5px; transform: translateX(9px) translateY(-18px);\"><\/div><\/div><div style=\"margin-left: 8px;\"> <div style=\"  background-color: #F4F4F4; border-radius: 50%; flex-grow: 0; height: 20px; width: 20px;\"><\/div> <div style=\"  width: 0; height: 0; border-top: 2px solid transparent; border-left: 6px solid #f4f4f4; border-bottom: 2px solid transparent; transform: translateX(16px) translateY(-4px) rotate(30deg)\"><\/div><\/div><div style=\"margin-left: auto;\"> <div style=\"  width: 0px; border-top: 8px solid #F4F4F4; border-right: 8px solid transparent; transform: translateY(16px);\"><\/div> <div style=\"  background-color: #F4F4F4; flex-grow: 0; height: 12px; width: 16px; transform: translateY(-4px);\"><\/div> <div style=\"  width: 0; height: 0; border-top: 8px solid #F4F4F4; border-left: 8px solid transparent; transform: translateY(-4px) translateX(8px);\"><\/div><\/div><\/div> <div style=\"display: flex; flex-direction: column; flex-grow: 1; justify-content: center; margin-bottom: 24px;\"> <div style=\"  background-color: #F4F4F4; border-radius: 4px; flex-grow: 0; height: 14px; margin-bottom: 6px; width: 224px;\"><\/div> <div style=\"  background-color: #F4F4F4; border-radius: 4px; flex-grow: 0; height: 14px; width: 144px;\"><\/div><\/div><\/a><p style=\"  color:#c9c8cd; font-family:Arial,sans-serif; font-size:14px; line-height:17px; margin-bottom:0; margin-top:8px; overflow:hidden; padding:8px 0 7px; text-align:center; text-overflow:ellipsis; white-space:nowrap;\"><a href=\"https:\/\/www.instagram.com\/reel\/DR7ONW8iLfz\/?utm_source=ig_embed&#038;utm_campaign=loading\" style=\"  color:#c9c8cd; font-family:Arial,sans-serif; font-size:14px; font-style:normal; font-weight:normal; line-height:17px; text-decoration:none;\" target=\"_blank\">Una publicaci\u00f3 compartida per Rafa Nadal Academy (@rafanadalacademy)<\/a><\/p><\/div><\/blockquote>\n<script async=\"\" src=\"\/\/www.instagram.com\/embed.js\"><\/script>\n\n<div style=\"height:30px\" aria-hidden=\"true\" class=\"wp-block-spacer\"><\/div>\n\n<p>La mateixa Navarro ha elogiat el Rafa Nadal P\u00e0del Tour by The Adecco Group i en especial la prova de Mallorca. &#8220;Cada any us supereu. Un ambient\u00e0s incre\u00efble, amb gent vinguda de fora d&#8217;Espanya. Les noves instal\u00b7lacions de l&#8217;Acad\u00e8mia, aquestes pistes indoor han estat genials i despr\u00e9s el tardeo. M&#8217;ha encantat i l&#8217;any que ve hi torno a ser&#8221;. <\/p>\n\n<div style=\"height:30px\" aria-hidden=\"true\" class=\"wp-block-spacer\"><\/div>\n\n<figure class=\"wp-block-image size-large\"><img loading=\"lazy\" decoding=\"async\" width=\"1024\" height=\"819\" src=\"https:\/\/www.rafanadalacademy.com\/wp-content\/uploads\/2025\/12\/Rafa-Nadal-Padel-Tour-by-The-Adecco-Groupo-II-1024x819.jpg\" alt=\"\" class=\"wp-image-37439\" srcset=\"https:\/\/www.rafanadalacademy.com\/wp-content\/uploads\/2025\/12\/Rafa-Nadal-Padel-Tour-by-The-Adecco-Groupo-II-1024x819.jpg 1024w, https:\/\/www.rafanadalacademy.com\/wp-content\/uploads\/2025\/12\/Rafa-Nadal-Padel-Tour-by-The-Adecco-Groupo-II-300x240.jpg 300w, https:\/\/www.rafanadalacademy.com\/wp-content\/uploads\/2025\/12\/Rafa-Nadal-Padel-Tour-by-The-Adecco-Groupo-II-768x614.jpg 768w, https:\/\/www.rafanadalacademy.com\/wp-content\/uploads\/2025\/12\/Rafa-Nadal-Padel-Tour-by-The-Adecco-Groupo-II-1536x1229.jpg 1536w, https:\/\/www.rafanadalacademy.com\/wp-content\/uploads\/2025\/12\/Rafa-Nadal-Padel-Tour-by-The-Adecco-Groupo-II-2048x1638.jpg 2048w\" sizes=\"auto, (max-width: 1024px) 100vw, 1024px\" \/><\/figure>\n\n<div style=\"height:30px\" aria-hidden=\"true\" class=\"wp-block-spacer\"><\/div>\n\n<p>La clausura a Manacor tanca un recorregut que aquest any ha portat el circuit a Santander, Madrid, Barcelona, Estepona, Sevilla, Val\u00e8ncia i Gij\u00f3n. De manera paral\u00b7lela, el Rafa Nadal P\u00e0del Tour by The Adecco Group va comen\u00e7ar la seva expansi\u00f3 internacional amb un Tour que ha recorregut sis ciutats m\u00e9s d&#8217;It\u00e0lia (Roma, Tor\u00ed, Perusa, Bari, B\u00e8rgam i Flor\u00e8ncia), convergint ambd\u00f3s circuits a la gran final. <\/p>\n\n<div style=\"height:30px\" aria-hidden=\"true\" class=\"wp-block-spacer\"><\/div>\n\n<figure class=\"wp-block-embed is-type-video is-provider-youtube wp-block-embed-youtube wp-embed-aspect-16-9 wp-has-aspect-ratio\"><div class=\"wp-block-embed__wrapper\">\n<iframe loading=\"lazy\" title=\"Arranca el Rafa Nadal Academy Padel Tour Italia\" width=\"500\" height=\"281\" src=\"https:\/\/www.youtube.com\/embed\/nnMIXPfnw50?feature=oembed\" frameborder=\"0\" allow=\"accelerometer; autoplay; clipboard-write; encrypted-media; gyroscope; picture-in-picture; web-share\" referrerpolicy=\"strict-origin-when-cross-origin\" allowfullscreen><\/iframe>\n<\/div><\/figure>\n\n<div style=\"height:30px\" aria-hidden=\"true\" class=\"wp-block-spacer\"><\/div>\n\n<p>La clausura a Manacor tanca un recorregut que aquest any ha portat el circuit a Santander, Madrid, Barcelona, Estepona, Sevilla, Val\u00e8ncia i Gij\u00f3n. De manera paral\u00b7lela, el Rafa Nadal P\u00e0del Tour by The Adecco Group va comen\u00e7ar la seva expansi\u00f3 internacional amb un Tour que ha recorregut sis ciutats m\u00e9s d&#8217;It\u00e0lia (Roma, Tor\u00ed, Perusa, Bari, B\u00e8rgam i Flor\u00e8ncia), convergint ambd\u00f3s circuits a la gran final. <\/p>\n\n<p>El format per equips del circuit permet que cada equip participant estigui compost per un m\u00ednim de sis jugadors repartits en tres parelles per eliminat\u00f2ria, garantint un m\u00ednim de dues trobades. Aquesta din\u00e0mica ha contribu\u00eft a generar una experi\u00e8ncia col\u00b7lectiva, din\u00e0mica i molt valorada pels participants. <\/p>\n\n<p>Maribel Nadal, subdirectora general de la Rafa Nadal Academy, va valorar aix\u00ed l&#8217;evoluci\u00f3 del circuit: \u201cL&#8217;acollida per part dels jugadors de la primera edici\u00f3 va ser incre\u00efble i en aquesta s&#8217;han superat les expectatives. Definitivament el format per equips ha estat un \u00e8xit i poder combinar esport i oci ens ha proporcionat un ambient \u00fanic en cada una de les proves d&#8217;ambd\u00f3s circuits. Ja estem treballant en la tercera edici\u00f3 per incorporar novetats que el consolidin com un dels circuits de refer\u00e8ncia en el p\u00e0del amateur i, davant la demanda de molts clubs i pa\u00efsos, estem valorant tamb\u00e9 seguir amb la internacionalitzaci\u00f3\u201d.<\/p>\n\n<div style=\"height:30px\" aria-hidden=\"true\" class=\"wp-block-spacer\"><\/div>\n\n<figure class=\"wp-block-embed is-type-video is-provider-youtube wp-block-embed-youtube wp-embed-aspect-16-9 wp-has-aspect-ratio\"><div class=\"wp-block-embed__wrapper\">\n<iframe loading=\"lazy\" title=\"La Rafa Nadal Academy inaugura 3 nuevas pistas de p\u00e1del indoor\" width=\"500\" height=\"281\" src=\"https:\/\/www.youtube.com\/embed\/kRnXNBSOqRw?feature=oembed\" frameborder=\"0\" allow=\"accelerometer; autoplay; clipboard-write; encrypted-media; gyroscope; picture-in-picture; web-share\" referrerpolicy=\"strict-origin-when-cross-origin\" allowfullscreen><\/iframe>\n<\/div><\/figure>\n\n<div style=\"height:30px\" aria-hidden=\"true\" class=\"wp-block-spacer\"><\/div>\n\n<p>Conocida por su prestigio formando a j\u00f3venes tenistas desde su apertura en 2016, la Rafa Nadal Academy ha reforzado en los \u00faltimos a\u00f1os su apuesta por el p\u00e1del. El complejo dispone actualmente de 19 pistas de p\u00e1del (9 exteriores y 10 cubiertas), un centro de fitness de \u00faltima generaci\u00f3n, espacios de salud y wellness, amplia oferta de restauraci\u00f3n y una moderna residencia. Un entorno \u00fanico que convierte al campus de Manacor en un referente tambi\u00e9n para la pr\u00e1ctica del p\u00e1del.  <\/p>\n\n<p>Amb l&#8217;organitzaci\u00f3 del Rafa Nadal Academy P\u00e0del Tour by The Adecco Group, l&#8217;Acad\u00e8mia reafirma el seu comprom\u00eds de difondre la seva metodologia, valors i ADN en l&#8217;\u00e0mbit del p\u00e0del amateur a trav\u00e9s d&#8217;un circuit innovador que ha arribat per quedar-se.<\/p>\n\n<div style=\"height:30px\" aria-hidden=\"true\" class=\"wp-block-spacer\"><\/div>\n\n<figure class=\"wp-block-embed is-type-video is-provider-youtube wp-block-embed-youtube wp-embed-aspect-16-9 wp-has-aspect-ratio\"><div class=\"wp-block-embed__wrapper\">\n<iframe loading=\"lazy\" title=\"Programas de p\u00e1del para jugadores Amateur de la Rafa Nadal Academy\" width=\"500\" height=\"281\" src=\"https:\/\/www.youtube.com\/embed\/4IFtn6TCmvE?feature=oembed\" frameborder=\"0\" allow=\"accelerometer; autoplay; clipboard-write; encrypted-media; gyroscope; picture-in-picture; web-share\" referrerpolicy=\"strict-origin-when-cross-origin\" allowfullscreen><\/iframe>\n<\/div><\/figure>\n","protected":false},"excerpt":{"rendered":"<p>Mallorca ha posat el fermall d&#8217;or a la segona edici\u00f3 del Rafa Nadal Academy P\u00e0del Tour by The Adecco Group, el circuit amateur que aquest any 2025 ha reunit gaireb\u00e9 2.000 jugadors i s&#8217;ha consolidat com una de les propostes m\u00e9s atractives i completes del p\u00e0del amateur. La prova final disputada a la Rafa Nadal<a href=\"https:\/\/www.rafanadalacademy.com\/ca\/noticies\/el-rafa-nadal-academy-padel-tour-by-the-adecco-group-bat-records-en-la-seva-segona-edicio\/\">Continue reading <span class=\"sr-only\">&#8220;El Rafa Nadal Academy P\u00e0del Tour by The Adecco Group bat r\u00e8cords en la seva segona edici\u00f3&#8221;<\/span><\/a><\/p>\n","protected":false},"author":23,"featured_media":37432,"comment_status":"closed","ping_status":"closed","sticky":false,"template":"","format":"standard","meta":{"_acf_changed":false,"footnotes":""},"categories":[157,161,209],"tags":[210,163],"class_list":["post-37459","post","type-post","status-publish","format-standard","has-post-thumbnail","hentry","category-noticies","category-padel-ca","category-rafa-nadal-academy-by-movistar-ca","tag-rafa-nadal-academy-by-movistar-ca","tag-rafa-nadal-academy-padel-tour-ca"],"acf":[],"yoast_head":"<!-- This site is optimized with the Yoast SEO Premium plugin v26.8 (Yoast SEO v26.9) - https:\/\/yoast.com\/product\/yoast-seo-premium-wordpress\/ -->\n<title>El Rafa Nadal Academy P\u00e0del Tour by The Adecco Group bat r\u00e8cords en la seva segona edici\u00f3 - Rafa Nadal Academy<\/title>\n<meta name=\"description\" content=\"Mallorca ha posat el fermall d&#039;or a la segona edici\u00f3 del Rafa Nadal Academy P\u00e0del Tour by The Adecco Group, el circuit amateur que aquest any 2025 ha reunit gaireb\u00e9 2.000 jugadors\" \/>\n<meta name=\"robots\" content=\"index, follow, max-snippet:-1, max-image-preview:large, max-video-preview:-1\" \/>\n<link rel=\"canonical\" href=\"https:\/\/www.rafanadalacademy.com\/ca\/noticies\/el-rafa-nadal-academy-padel-tour-by-the-adecco-group-bat-records-en-la-seva-segona-edicio\/\" \/>\n<meta property=\"og:locale\" content=\"ca_ES\" \/>\n<meta property=\"og:type\" content=\"article\" \/>\n<meta property=\"og:title\" content=\"El Rafa Nadal Academy P\u00e0del Tour by The Adecco Group bat r\u00e8cords en la seva segona edici\u00f3\" \/>\n<meta property=\"og:description\" content=\"Mallorca ha posat el fermall d&#039;or a la segona edici\u00f3 del Rafa Nadal Academy P\u00e0del Tour by The Adecco Group, el circuit amateur que aquest any 2025 ha reunit gaireb\u00e9 2.000 jugadors\" \/>\n<meta property=\"og:url\" content=\"https:\/\/www.rafanadalacademy.com\/ca\/noticies\/el-rafa-nadal-academy-padel-tour-by-the-adecco-group-bat-records-en-la-seva-segona-edicio\/\" \/>\n<meta property=\"og:site_name\" content=\"Rafa Nadal Academy\" \/>\n<meta property=\"article:published_time\" content=\"2025-12-10T11:42:11+00:00\" \/>\n<meta property=\"article:modified_time\" content=\"2025-12-10T11:48:36+00:00\" \/>\n<meta property=\"og:image\" content=\"https:\/\/www.rafanadalacademy.com\/wp-content\/uploads\/2025\/12\/Rafa-Nadal-Academy-Padel-Tour-by-The-Adecco-Group-e1765366959608.jpg\" \/>\n\t<meta property=\"og:image:width\" content=\"2560\" \/>\n\t<meta property=\"og:image:height\" content=\"1707\" \/>\n\t<meta property=\"og:image:type\" content=\"image\/jpeg\" \/>\n<meta name=\"author\" content=\"joseluisprados\" \/>\n<meta name=\"twitter:card\" content=\"summary_large_image\" \/>\n<meta name=\"twitter:label1\" content=\"Written by\" \/>\n\t<meta name=\"twitter:data1\" content=\"joseluisprados\" \/>\n\t<meta name=\"twitter:label2\" content=\"Est. reading time\" \/>\n\t<meta name=\"twitter:data2\" content=\"4 minutes\" \/>\n<script type=\"application\/ld+json\" class=\"yoast-schema-graph\">{\"@context\":\"https:\/\/schema.org\",\"@graph\":[{\"@type\":\"Article\",\"@id\":\"https:\/\/www.rafanadalacademy.com\/ca\/noticies\/el-rafa-nadal-academy-padel-tour-by-the-adecco-group-bat-records-en-la-seva-segona-edicio\/#article\",\"isPartOf\":{\"@id\":\"https:\/\/www.rafanadalacademy.com\/ca\/noticies\/el-rafa-nadal-academy-padel-tour-by-the-adecco-group-bat-records-en-la-seva-segona-edicio\/\"},\"author\":{\"name\":\"joseluisprados\",\"@id\":\"https:\/\/www.rafanadalacademy.com\/ca\/#\/schema\/person\/744897d6ee269641fff954376180ef01\"},\"headline\":\"El Rafa Nadal Academy P\u00e0del Tour by The Adecco Group bat r\u00e8cords en la seva segona edici\u00f3\",\"datePublished\":\"2025-12-10T11:42:11+00:00\",\"dateModified\":\"2025-12-10T11:48:36+00:00\",\"mainEntityOfPage\":{\"@id\":\"https:\/\/www.rafanadalacademy.com\/ca\/noticies\/el-rafa-nadal-academy-padel-tour-by-the-adecco-group-bat-records-en-la-seva-segona-edicio\/\"},\"wordCount\":776,\"image\":{\"@id\":\"https:\/\/www.rafanadalacademy.com\/ca\/noticies\/el-rafa-nadal-academy-padel-tour-by-the-adecco-group-bat-records-en-la-seva-segona-edicio\/#primaryimage\"},\"thumbnailUrl\":\"https:\/\/www.rafanadalacademy.com\/wp-content\/uploads\/2025\/12\/Rafa-Nadal-Academy-Padel-Tour-by-The-Adecco-Group-e1765366959608.jpg\",\"keywords\":[\"RAFA NADAL ACADEMY BY MOVISTAR\",\"RAFA NADAL ACADEMY P\u00c0DEL TOUR\"],\"articleSection\":[\"Not\u00edcies\",\"P\u00c0DEL\",\"RAFA NADAL ACADEMY BY MOVISTAR\"],\"inLanguage\":\"ca\",\"copyrightYear\":\"2025\",\"copyrightHolder\":{\"@id\":\"https:\/\/www.rafanadalacademy.com\/#organization\"}},{\"@type\":\"WebPage\",\"@id\":\"https:\/\/www.rafanadalacademy.com\/ca\/noticies\/el-rafa-nadal-academy-padel-tour-by-the-adecco-group-bat-records-en-la-seva-segona-edicio\/\",\"url\":\"https:\/\/www.rafanadalacademy.com\/ca\/noticies\/el-rafa-nadal-academy-padel-tour-by-the-adecco-group-bat-records-en-la-seva-segona-edicio\/\",\"name\":\"El Rafa Nadal Academy P\u00e0del Tour by The Adecco Group bat r\u00e8cords en la seva segona edici\u00f3 - Rafa Nadal Academy\",\"isPartOf\":{\"@id\":\"https:\/\/www.rafanadalacademy.com\/ca\/#website\"},\"primaryImageOfPage\":{\"@id\":\"https:\/\/www.rafanadalacademy.com\/ca\/noticies\/el-rafa-nadal-academy-padel-tour-by-the-adecco-group-bat-records-en-la-seva-segona-edicio\/#primaryimage\"},\"image\":{\"@id\":\"https:\/\/www.rafanadalacademy.com\/ca\/noticies\/el-rafa-nadal-academy-padel-tour-by-the-adecco-group-bat-records-en-la-seva-segona-edicio\/#primaryimage\"},\"thumbnailUrl\":\"https:\/\/www.rafanadalacademy.com\/wp-content\/uploads\/2025\/12\/Rafa-Nadal-Academy-Padel-Tour-by-The-Adecco-Group-e1765366959608.jpg\",\"datePublished\":\"2025-12-10T11:42:11+00:00\",\"dateModified\":\"2025-12-10T11:48:36+00:00\",\"author\":{\"@id\":\"https:\/\/www.rafanadalacademy.com\/ca\/#\/schema\/person\/744897d6ee269641fff954376180ef01\"},\"description\":\"Mallorca ha posat el fermall d'or a la segona edici\u00f3 del Rafa Nadal Academy P\u00e0del Tour by The Adecco Group, el circuit amateur que aquest any 2025 ha reunit gaireb\u00e9 2.000 jugadors\",\"breadcrumb\":{\"@id\":\"https:\/\/www.rafanadalacademy.com\/ca\/noticies\/el-rafa-nadal-academy-padel-tour-by-the-adecco-group-bat-records-en-la-seva-segona-edicio\/#breadcrumb\"},\"inLanguage\":\"ca\",\"potentialAction\":[{\"@type\":\"ReadAction\",\"target\":[\"https:\/\/www.rafanadalacademy.com\/ca\/noticies\/el-rafa-nadal-academy-padel-tour-by-the-adecco-group-bat-records-en-la-seva-segona-edicio\/\"]}]},{\"@type\":\"ImageObject\",\"inLanguage\":\"ca\",\"@id\":\"https:\/\/www.rafanadalacademy.com\/ca\/noticies\/el-rafa-nadal-academy-padel-tour-by-the-adecco-group-bat-records-en-la-seva-segona-edicio\/#primaryimage\",\"url\":\"https:\/\/www.rafanadalacademy.com\/wp-content\/uploads\/2025\/12\/Rafa-Nadal-Academy-Padel-Tour-by-The-Adecco-Group-e1765366959608.jpg\",\"contentUrl\":\"https:\/\/www.rafanadalacademy.com\/wp-content\/uploads\/2025\/12\/Rafa-Nadal-Academy-Padel-Tour-by-The-Adecco-Group-e1765366959608.jpg\",\"width\":2560,\"height\":1707,\"caption\":\"Mallorca ha puesto el broche de oro a la segunda edici\u00f3n del Rafa Nadal Academy P\u00e1del Tour by The Adecco Group, el circuito amateur que este a\u00f1o 2025 ha reunido a casi 2.000 jugadores\"},{\"@type\":\"BreadcrumbList\",\"@id\":\"https:\/\/www.rafanadalacademy.com\/ca\/noticies\/el-rafa-nadal-academy-padel-tour-by-the-adecco-group-bat-records-en-la-seva-segona-edicio\/#breadcrumb\",\"itemListElement\":[{\"@type\":\"ListItem\",\"position\":1,\"name\":\"Home\",\"item\":\"https:\/\/www.rafanadalacademy.com\/ca\/\"},{\"@type\":\"ListItem\",\"position\":2,\"name\":\"El Rafa Nadal Academy P\u00e0del Tour by The Adecco Group bat r\u00e8cords en la seva segona edici\u00f3\"}]},{\"@type\":\"WebSite\",\"@id\":\"https:\/\/www.rafanadalacademy.com\/ca\/#website\",\"url\":\"https:\/\/www.rafanadalacademy.com\/ca\/\",\"name\":\"Rafa Nadal Academy\",\"description\":\"Otro sitio realizado con WordPress\",\"potentialAction\":[{\"@type\":\"SearchAction\",\"target\":{\"@type\":\"EntryPoint\",\"urlTemplate\":\"https:\/\/www.rafanadalacademy.com\/ca\/?s={search_term_string}\"},\"query-input\":{\"@type\":\"PropertyValueSpecification\",\"valueRequired\":true,\"valueName\":\"search_term_string\"}}],\"inLanguage\":\"ca\"},{\"@type\":\"Person\",\"@id\":\"https:\/\/www.rafanadalacademy.com\/ca\/#\/schema\/person\/744897d6ee269641fff954376180ef01\",\"name\":\"joseluisprados\",\"image\":{\"@type\":\"ImageObject\",\"inLanguage\":\"ca\",\"@id\":\"https:\/\/www.rafanadalacademy.com\/ca\/#\/schema\/person\/image\/\",\"url\":\"https:\/\/secure.gravatar.com\/avatar\/8aa823a6e5501864ffab4785d9e2a994b59c2d45c9f9751c5a532abfec081e5f?s=96&d=mm&r=g\",\"contentUrl\":\"https:\/\/secure.gravatar.com\/avatar\/8aa823a6e5501864ffab4785d9e2a994b59c2d45c9f9751c5a532abfec081e5f?s=96&d=mm&r=g\",\"caption\":\"joseluisprados\"},\"url\":\"https:\/\/www.rafanadalacademy.com\/ca\/author\/joseluisprados\/\"},{\"@type\":\"ImageObject\",\"inLanguage\":\"ca\",\"@id\":\"https:\/\/www.rafanadalacademy.com\/ca\/noticies\/el-rafa-nadal-academy-padel-tour-by-the-adecco-group-bat-records-en-la-seva-segona-edicio\/#local-main-organization-logo\",\"url\":\"\",\"contentUrl\":\"\",\"caption\":\"Rafa Nadal Academy\"}]}<\/script>\n<!-- \/ Yoast SEO Premium plugin. -->","yoast_head_json":{"title":"El Rafa Nadal Academy P\u00e0del Tour by The Adecco Group bat r\u00e8cords en la seva segona edici\u00f3 - Rafa Nadal Academy","description":"Mallorca ha posat el fermall d'or a la segona edici\u00f3 del Rafa Nadal Academy P\u00e0del Tour by The Adecco Group, el circuit amateur que aquest any 2025 ha reunit gaireb\u00e9 2.000 jugadors","robots":{"index":"index","follow":"follow","max-snippet":"max-snippet:-1","max-image-preview":"max-image-preview:large","max-video-preview":"max-video-preview:-1"},"canonical":"https:\/\/www.rafanadalacademy.com\/ca\/noticies\/el-rafa-nadal-academy-padel-tour-by-the-adecco-group-bat-records-en-la-seva-segona-edicio\/","og_locale":"ca_ES","og_type":"article","og_title":"El Rafa Nadal Academy P\u00e0del Tour by The Adecco Group bat r\u00e8cords en la seva segona edici\u00f3","og_description":"Mallorca ha posat el fermall d'or a la segona edici\u00f3 del Rafa Nadal Academy P\u00e0del Tour by The Adecco Group, el circuit amateur que aquest any 2025 ha reunit gaireb\u00e9 2.000 jugadors","og_url":"https:\/\/www.rafanadalacademy.com\/ca\/noticies\/el-rafa-nadal-academy-padel-tour-by-the-adecco-group-bat-records-en-la-seva-segona-edicio\/","og_site_name":"Rafa Nadal Academy","article_published_time":"2025-12-10T11:42:11+00:00","article_modified_time":"2025-12-10T11:48:36+00:00","og_image":[{"width":2560,"height":1707,"url":"https:\/\/www.rafanadalacademy.com\/wp-content\/uploads\/2025\/12\/Rafa-Nadal-Academy-Padel-Tour-by-The-Adecco-Group-e1765366959608.jpg","type":"image\/jpeg"}],"author":"joseluisprados","twitter_card":"summary_large_image","twitter_misc":{"Written by":"joseluisprados","Est. reading time":"4 minutes"},"schema":{"@context":"https:\/\/schema.org","@graph":[{"@type":"Article","@id":"https:\/\/www.rafanadalacademy.com\/ca\/noticies\/el-rafa-nadal-academy-padel-tour-by-the-adecco-group-bat-records-en-la-seva-segona-edicio\/#article","isPartOf":{"@id":"https:\/\/www.rafanadalacademy.com\/ca\/noticies\/el-rafa-nadal-academy-padel-tour-by-the-adecco-group-bat-records-en-la-seva-segona-edicio\/"},"author":{"name":"joseluisprados","@id":"https:\/\/www.rafanadalacademy.com\/ca\/#\/schema\/person\/744897d6ee269641fff954376180ef01"},"headline":"El Rafa Nadal Academy P\u00e0del Tour by The Adecco Group bat r\u00e8cords en la seva segona edici\u00f3","datePublished":"2025-12-10T11:42:11+00:00","dateModified":"2025-12-10T11:48:36+00:00","mainEntityOfPage":{"@id":"https:\/\/www.rafanadalacademy.com\/ca\/noticies\/el-rafa-nadal-academy-padel-tour-by-the-adecco-group-bat-records-en-la-seva-segona-edicio\/"},"wordCount":776,"image":{"@id":"https:\/\/www.rafanadalacademy.com\/ca\/noticies\/el-rafa-nadal-academy-padel-tour-by-the-adecco-group-bat-records-en-la-seva-segona-edicio\/#primaryimage"},"thumbnailUrl":"https:\/\/www.rafanadalacademy.com\/wp-content\/uploads\/2025\/12\/Rafa-Nadal-Academy-Padel-Tour-by-The-Adecco-Group-e1765366959608.jpg","keywords":["RAFA NADAL ACADEMY BY MOVISTAR","RAFA NADAL ACADEMY P\u00c0DEL TOUR"],"articleSection":["Not\u00edcies","P\u00c0DEL","RAFA NADAL ACADEMY BY MOVISTAR"],"inLanguage":"ca","copyrightYear":"2025","copyrightHolder":{"@id":"https:\/\/www.rafanadalacademy.com\/#organization"}},{"@type":"WebPage","@id":"https:\/\/www.rafanadalacademy.com\/ca\/noticies\/el-rafa-nadal-academy-padel-tour-by-the-adecco-group-bat-records-en-la-seva-segona-edicio\/","url":"https:\/\/www.rafanadalacademy.com\/ca\/noticies\/el-rafa-nadal-academy-padel-tour-by-the-adecco-group-bat-records-en-la-seva-segona-edicio\/","name":"El Rafa Nadal Academy P\u00e0del Tour by The Adecco Group bat r\u00e8cords en la seva segona edici\u00f3 - Rafa Nadal Academy","isPartOf":{"@id":"https:\/\/www.rafanadalacademy.com\/ca\/#website"},"primaryImageOfPage":{"@id":"https:\/\/www.rafanadalacademy.com\/ca\/noticies\/el-rafa-nadal-academy-padel-tour-by-the-adecco-group-bat-records-en-la-seva-segona-edicio\/#primaryimage"},"image":{"@id":"https:\/\/www.rafanadalacademy.com\/ca\/noticies\/el-rafa-nadal-academy-padel-tour-by-the-adecco-group-bat-records-en-la-seva-segona-edicio\/#primaryimage"},"thumbnailUrl":"https:\/\/www.rafanadalacademy.com\/wp-content\/uploads\/2025\/12\/Rafa-Nadal-Academy-Padel-Tour-by-The-Adecco-Group-e1765366959608.jpg","datePublished":"2025-12-10T11:42:11+00:00","dateModified":"2025-12-10T11:48:36+00:00","author":{"@id":"https:\/\/www.rafanadalacademy.com\/ca\/#\/schema\/person\/744897d6ee269641fff954376180ef01"},"description":"Mallorca ha posat el fermall d'or a la segona edici\u00f3 del Rafa Nadal Academy P\u00e0del Tour by The Adecco Group, el circuit amateur que aquest any 2025 ha reunit gaireb\u00e9 2.000 jugadors","breadcrumb":{"@id":"https:\/\/www.rafanadalacademy.com\/ca\/noticies\/el-rafa-nadal-academy-padel-tour-by-the-adecco-group-bat-records-en-la-seva-segona-edicio\/#breadcrumb"},"inLanguage":"ca","potentialAction":[{"@type":"ReadAction","target":["https:\/\/www.rafanadalacademy.com\/ca\/noticies\/el-rafa-nadal-academy-padel-tour-by-the-adecco-group-bat-records-en-la-seva-segona-edicio\/"]}]},{"@type":"ImageObject","inLanguage":"ca","@id":"https:\/\/www.rafanadalacademy.com\/ca\/noticies\/el-rafa-nadal-academy-padel-tour-by-the-adecco-group-bat-records-en-la-seva-segona-edicio\/#primaryimage","url":"https:\/\/www.rafanadalacademy.com\/wp-content\/uploads\/2025\/12\/Rafa-Nadal-Academy-Padel-Tour-by-The-Adecco-Group-e1765366959608.jpg","contentUrl":"https:\/\/www.rafanadalacademy.com\/wp-content\/uploads\/2025\/12\/Rafa-Nadal-Academy-Padel-Tour-by-The-Adecco-Group-e1765366959608.jpg","width":2560,"height":1707,"caption":"Mallorca ha puesto el broche de oro a la segunda edici\u00f3n del Rafa Nadal Academy P\u00e1del Tour by The Adecco Group, el circuito amateur que este a\u00f1o 2025 ha reunido a casi 2.000 jugadores"},{"@type":"BreadcrumbList","@id":"https:\/\/www.rafanadalacademy.com\/ca\/noticies\/el-rafa-nadal-academy-padel-tour-by-the-adecco-group-bat-records-en-la-seva-segona-edicio\/#breadcrumb","itemListElement":[{"@type":"ListItem","position":1,"name":"Home","item":"https:\/\/www.rafanadalacademy.com\/ca\/"},{"@type":"ListItem","position":2,"name":"El Rafa Nadal Academy P\u00e0del Tour by The Adecco Group bat r\u00e8cords en la seva segona edici\u00f3"}]},{"@type":"WebSite","@id":"https:\/\/www.rafanadalacademy.com\/ca\/#website","url":"https:\/\/www.rafanadalacademy.com\/ca\/","name":"Rafa Nadal Academy","description":"Otro sitio realizado con WordPress","potentialAction":[{"@type":"SearchAction","target":{"@type":"EntryPoint","urlTemplate":"https:\/\/www.rafanadalacademy.com\/ca\/?s={search_term_string}"},"query-input":{"@type":"PropertyValueSpecification","valueRequired":true,"valueName":"search_term_string"}}],"inLanguage":"ca"},{"@type":"Person","@id":"https:\/\/www.rafanadalacademy.com\/ca\/#\/schema\/person\/744897d6ee269641fff954376180ef01","name":"joseluisprados","image":{"@type":"ImageObject","inLanguage":"ca","@id":"https:\/\/www.rafanadalacademy.com\/ca\/#\/schema\/person\/image\/","url":"https:\/\/secure.gravatar.com\/avatar\/8aa823a6e5501864ffab4785d9e2a994b59c2d45c9f9751c5a532abfec081e5f?s=96&d=mm&r=g","contentUrl":"https:\/\/secure.gravatar.com\/avatar\/8aa823a6e5501864ffab4785d9e2a994b59c2d45c9f9751c5a532abfec081e5f?s=96&d=mm&r=g","caption":"joseluisprados"},"url":"https:\/\/www.rafanadalacademy.com\/ca\/author\/joseluisprados\/"},{"@type":"ImageObject","inLanguage":"ca","@id":"https:\/\/www.rafanadalacademy.com\/ca\/noticies\/el-rafa-nadal-academy-padel-tour-by-the-adecco-group-bat-records-en-la-seva-segona-edicio\/#local-main-organization-logo","url":"","contentUrl":"","caption":"Rafa Nadal Academy"}]}},"_links":{"self":[{"href":"https:\/\/www.rafanadalacademy.com\/ca\/wp-json\/wp\/v2\/posts\/37459","targetHints":{"allow":["GET"]}}],"collection":[{"href":"https:\/\/www.rafanadalacademy.com\/ca\/wp-json\/wp\/v2\/posts"}],"about":[{"href":"https:\/\/www.rafanadalacademy.com\/ca\/wp-json\/wp\/v2\/types\/post"}],"author":[{"embeddable":true,"href":"https:\/\/www.rafanadalacademy.com\/ca\/wp-json\/wp\/v2\/users\/23"}],"replies":[{"embeddable":true,"href":"https:\/\/www.rafanadalacademy.com\/ca\/wp-json\/wp\/v2\/comments?post=37459"}],"version-history":[{"count":1,"href":"https:\/\/www.rafanadalacademy.com\/ca\/wp-json\/wp\/v2\/posts\/37459\/revisions"}],"predecessor-version":[{"id":37460,"href":"https:\/\/www.rafanadalacademy.com\/ca\/wp-json\/wp\/v2\/posts\/37459\/revisions\/37460"}],"wp:featuredmedia":[{"embeddable":true,"href":"https:\/\/www.rafanadalacademy.com\/ca\/wp-json\/wp\/v2\/media\/37432"}],"wp:attachment":[{"href":"https:\/\/www.rafanadalacademy.com\/ca\/wp-json\/wp\/v2\/media?parent=37459"}],"wp:term":[{"taxonomy":"category","embeddable":true,"href":"https:\/\/www.rafanadalacademy.com\/ca\/wp-json\/wp\/v2\/categories?post=37459"},{"taxonomy":"post_tag","embeddable":true,"href":"https:\/\/www.rafanadalacademy.com\/ca\/wp-json\/wp\/v2\/tags?post=37459"}],"curies":[{"name":"wp","href":"https:\/\/api.w.org\/{rel}","templated":true}]}}