{"id":37362,"date":"2025-12-03T08:40:40","date_gmt":"2025-12-03T08:40:40","guid":{"rendered":"https:\/\/www.rafanadalacademy.com\/sin-categorizar\/ivan-ivanov-compleix-el-seu-somni-i-tanca-la-temporada-com-a-num-1-del-mon-junior\/"},"modified":"2025-12-03T08:57:38","modified_gmt":"2025-12-03T08:57:38","slug":"ivan-ivanov-compleix-el-seu-somni-i-tanca-la-temporada-com-a-num-1-del-mon-junior","status":"publish","type":"post","link":"https:\/\/www.rafanadalacademy.com\/ca\/rafa-nadal-academy-by-movistar-ca\/ivan-ivanov-compleix-el-seu-somni-i-tanca-la-temporada-com-a-num-1-del-mon-junior\/","title":{"rendered":"Ivan Ivanov compleix el seu somni i tanca la temporada com a N\u00fam. 1 del m\u00f3n j\u00fanior"},"content":{"rendered":"\n<p>Ivan Ivanov ha posat el punt final a un any 2025 absolutament inoblidable en acabar la temporada com a <strong>N\u00fam. 1 del r\u00e0nquing mundial j\u00fanior<\/strong>, un objectiu que el jove jugador b\u00falgar perseguia des de fa temps i que corona una campanya hist\u00f2rica marcada per la consecuci\u00f3 de dos t\u00edtols de Grand Slam.<\/p>\n\n<figure class=\"wp-block-image size-large\"><img loading=\"lazy\" decoding=\"async\" width=\"819\" height=\"1024\" src=\"https:\/\/www.rafanadalacademy.com\/wp-content\/uploads\/2025\/12\/Ivan-Ivanov-No1-819x1024.jpg\" alt=\"\" class=\"wp-image-37322\" srcset=\"https:\/\/www.rafanadalacademy.com\/wp-content\/uploads\/2025\/12\/Ivan-Ivanov-No1-819x1024.jpg 819w, https:\/\/www.rafanadalacademy.com\/wp-content\/uploads\/2025\/12\/Ivan-Ivanov-No1-240x300.jpg 240w, https:\/\/www.rafanadalacademy.com\/wp-content\/uploads\/2025\/12\/Ivan-Ivanov-No1-768x960.jpg 768w, https:\/\/www.rafanadalacademy.com\/wp-content\/uploads\/2025\/12\/Ivan-Ivanov-No1-1229x1536.jpg 1229w, https:\/\/www.rafanadalacademy.com\/wp-content\/uploads\/2025\/12\/Ivan-Ivanov-No1-1638x2048.jpg 1638w, https:\/\/www.rafanadalacademy.com\/wp-content\/uploads\/2025\/12\/Ivan-Ivanov-No1.jpg 2000w\" sizes=\"auto, (max-width: 819px) 100vw, 819px\" \/><\/figure>\n\n<div style=\"height:30px\" aria-hidden=\"true\" class=\"wp-block-spacer\"><\/div>\n\n<p>En aquest 2025, el tennista format a la <strong>Rafa Nadal Academy<\/strong> ha conquerit <strong>Wimbledon<\/strong> i l&#8217;<strong>US Open<\/strong>, convertint-se en un dels pocs jugadors d&#8217;aquest segle capa\u00e7os de guanyar dos majors en la mateixa temporada: una fita que en aquestes dues \u00faltimes d\u00e8cades nom\u00e9s havien aconseguit el seu compatriota Grigor Dimitrov i l&#8217;itali\u00e0 Filip Peliwo.<\/p>\n\n<p>Al llarg del curs, Ivanov ha mostrat una progressi\u00f3 constant i una maduresa tenn\u00edstica que l&#8217;han impulsat cap al cim del circuit j\u00fanior. A m\u00e9s dels seus triomfs en Grand Slam, va arribar a les semifinals de Roland Garros i va signar grans actuacions en torneigs de preparaci\u00f3, completant una temporada inoblidable per a la Rafa Nadal Academy amb Jaume Munar accedint per primera vegada als vuitens de final d&#8217;un Grand Slam, Alex Eala guanyant el seu primer t\u00edtol WTA a Guadalajara (WTA 125), Dani Rinc\u00f3n, Abedallah Shelbayh i Mart\u00edn Landaluce guanyant Challengers i Coleman Wong i Max Exsted aconseguint les seves primeres vict\u00f2ries en el quadre final d&#8217;un gran. <\/p>\n\n<p><strong>El suport i la influ\u00e8ncia de Rafa Nadal<\/strong> Per a Ivanov, la figura de <strong>Rafa Nadal<\/strong> ha estat una inspiraci\u00f3 constant durant tot el proc\u00e9s. El mateix jugador ho expressava aix\u00ed despr\u00e9s del seu triomf a l&#8217;All England Tennis Club: &#8221; <strong>M&#8217;inspira de moltes maneres. \u00c9s el millor exemple que un pot tenir: com s&#8217;adapta a l&#8217;herba, com juga el seu estil, la seva capacitat de lluita. Tot en ell \u00e9s digne d&#8217;admirar  <\/strong>&#8220;, afirma.<\/p>\n\n<div style=\"height:30px\" aria-hidden=\"true\" class=\"wp-block-spacer\"><\/div>\n\n<figure class=\"wp-block-embed is-type-video is-provider-youtube wp-block-embed-youtube wp-embed-aspect-16-9 wp-has-aspect-ratio\"><div class=\"wp-block-embed__wrapper\">\n<iframe loading=\"lazy\" title=\"Ivan Ivanov, Campe\u00f3n de Wimbledon Junior 2025\" width=\"500\" height=\"281\" src=\"https:\/\/www.youtube.com\/embed\/LpCLmCEQjdY?feature=oembed\" frameborder=\"0\" allow=\"accelerometer; autoplay; clipboard-write; encrypted-media; gyroscope; picture-in-picture; web-share\" referrerpolicy=\"strict-origin-when-cross-origin\" allowfullscreen><\/iframe>\n<\/div><\/figure>\n\n<div style=\"height:30px\" aria-hidden=\"true\" class=\"wp-block-spacer\"><\/div>\n\n<p><strong>L&#8217;impacte de la Rafa Nadal Academy en el seu desenvolupament<\/strong><\/p>\n\n<p>Ivanov tamb\u00e9 reconeix el paper essencial que l&#8217;Acad\u00e8mia ha tingut en el seu creixement esportiu i personal des de la seva arribada el 2020: <strong>&#8220;M&#8217;ha ajudat en tot: entreno aqu\u00ed, dormo aqu\u00ed, estudio aqu\u00ed&#8230; Per a mi \u00e9s un gran lloc per estar, \u00e9s incre\u00efble. Estic molt feli\u00e7 de jugar aqu\u00ed&#8221;<\/strong>, assegura.<br\/><\/p>\n\n<p>El jugador destaca a m\u00e9s la proximitat de l&#8217;equip d&#8217;entrenadors que l&#8217;ha acompanyat en els moments clau de la temporada:<strong> &#8220;A l&#8217;Acad\u00e8mia treballa amb mi un gran equip i van estar amb mi a Wimbledon, la qual cosa em va fer molt feli\u00e7. M&#8217;ajuden tot el temps durant el proc\u00e9s, aix\u00ed que els estic molt agra\u00eft <\/strong>&#8220;.<\/p>\n\n<p><strong>La felicitaci\u00f3 de Rafa<\/strong><\/p>\n\n<p>Els \u00e8xits d&#8217;Ivanov no han passat desapercebuts i el mateix <strong>Rafa Nadal<\/strong> li va dedicar unes paraules p\u00fabliques mitjan\u00e7ant el seu compte de X:  <strong>&#8220;Felicitats a Ivan per guanyar Wimbledon i l&#8217;US Open Junior. Felicitats tamb\u00e9 a tot l&#8217;equip de la Rafa Nadal Academy&#8221; <\/strong>.<\/p>\n\n<p>Amb el n\u00famero u mundial ja en el seu poder i dos t\u00edtols de Grand Slam en la mateixa temporada, Ivan Ivanov tanca un any excepcional i es consolida com un dels talents m\u00e9s prometedors del tennis internacional.<\/p>\n\n<div style=\"height:30px\" aria-hidden=\"true\" class=\"wp-block-spacer\"><\/div>\n\n<figure class=\"wp-block-embed is-type-video is-provider-youtube wp-block-embed-youtube wp-embed-aspect-16-9 wp-has-aspect-ratio\"><div class=\"wp-block-embed__wrapper\">\n<iframe loading=\"lazy\" title=\"Rafa Nadal Academy: Tennis &amp; Values\" width=\"500\" height=\"281\" src=\"https:\/\/www.youtube.com\/embed\/F71onMy-MeU?feature=oembed\" frameborder=\"0\" allow=\"accelerometer; autoplay; clipboard-write; encrypted-media; gyroscope; picture-in-picture; web-share\" referrerpolicy=\"strict-origin-when-cross-origin\" allowfullscreen><\/iframe>\n<\/div><\/figure>\n\n<div style=\"height:30px\" aria-hidden=\"true\" class=\"wp-block-spacer\"><\/div>\n\n<p><\/p>\n","protected":false},"excerpt":{"rendered":"<p>Ivan Ivanov ha posat el punt final a un any 2025 absolutament inoblidable en acabar la temporada com a N\u00fam. 1 del r\u00e0nquing mundial j\u00fanior, un objectiu que el jove jugador b\u00falgar perseguia des de fa temps i que corona una campanya hist\u00f2rica marcada per la consecuci\u00f3 de dos t\u00edtols de Grand Slam. En aquest<a href=\"https:\/\/www.rafanadalacademy.com\/ca\/rafa-nadal-academy-by-movistar-ca\/ivan-ivanov-compleix-el-seu-somni-i-tanca-la-temporada-com-a-num-1-del-mon-junior\/\">Continue reading <span class=\"sr-only\">&#8220;Ivan Ivanov compleix el seu somni i tanca la temporada com a N\u00fam. 1 del m\u00f3n j\u00fanior&#8221;<\/span><\/a><\/p>\n","protected":false},"author":23,"featured_media":0,"comment_status":"closed","ping_status":"closed","sticky":false,"template":"","format":"standard","meta":{"_acf_changed":false,"footnotes":""},"categories":[157,209],"tags":[210],"class_list":["post-37362","post","type-post","status-publish","format-standard","hentry","category-noticies","category-rafa-nadal-academy-by-movistar-ca","tag-rafa-nadal-academy-by-movistar-ca"],"acf":[],"yoast_head":"<!-- This site is optimized with the Yoast SEO Premium plugin v26.8 (Yoast SEO v26.9) - https:\/\/yoast.com\/product\/yoast-seo-premium-wordpress\/ -->\n<title>Ivan Ivanov compleix el seu somni i tanca la temporada com a N\u00fam. 1 del m\u00f3n j\u00fanior - Rafa Nadal Academy<\/title>\n<meta name=\"description\" content=\"Ivan Ivanov ha posat el punt final a un any 2025 absolutament inoblidable en acabar la temporada com a N\u00fam. 1 del r\u00e0nquing mundial j\u00fanior\" \/>\n<meta name=\"robots\" content=\"index, follow, max-snippet:-1, max-image-preview:large, max-video-preview:-1\" \/>\n<link rel=\"canonical\" href=\"https:\/\/www.rafanadalacademy.com\/ca\/rafa-nadal-academy-by-movistar-ca\/ivan-ivanov-compleix-el-seu-somni-i-tanca-la-temporada-com-a-num-1-del-mon-junior\/\" \/>\n<meta property=\"og:locale\" content=\"ca_ES\" \/>\n<meta property=\"og:type\" content=\"article\" \/>\n<meta property=\"og:title\" content=\"Ivan Ivanov compleix el seu somni i tanca la temporada com a N\u00fam. 1 del m\u00f3n j\u00fanior\" \/>\n<meta property=\"og:description\" content=\"Ivan Ivanov ha posat el punt final a un any 2025 absolutament inoblidable en acabar la temporada com a N\u00fam. 1 del r\u00e0nquing mundial j\u00fanior\" \/>\n<meta property=\"og:url\" content=\"https:\/\/www.rafanadalacademy.com\/ca\/rafa-nadal-academy-by-movistar-ca\/ivan-ivanov-compleix-el-seu-somni-i-tanca-la-temporada-com-a-num-1-del-mon-junior\/\" \/>\n<meta property=\"og:site_name\" content=\"Rafa Nadal Academy\" \/>\n<meta property=\"article:published_time\" content=\"2025-12-03T08:40:40+00:00\" \/>\n<meta property=\"article:modified_time\" content=\"2025-12-03T08:57:38+00:00\" \/>\n<meta property=\"og:image\" content=\"https:\/\/www.rafanadalacademy.com\/wp-content\/uploads\/2025\/12\/Ivan-Ivanov-No1-819x1024.jpg\" \/>\n\t<meta property=\"og:image:width\" content=\"819\" \/>\n\t<meta property=\"og:image:height\" content=\"1024\" \/>\n\t<meta property=\"og:image:type\" content=\"image\/jpeg\" \/>\n<meta name=\"author\" content=\"joseluisprados\" \/>\n<meta name=\"twitter:card\" content=\"summary_large_image\" \/>\n<meta name=\"twitter:label1\" content=\"Written by\" \/>\n\t<meta name=\"twitter:data1\" content=\"joseluisprados\" \/>\n\t<meta name=\"twitter:label2\" content=\"Est. reading time\" \/>\n\t<meta name=\"twitter:data2\" content=\"3 minutes\" \/>\n<script type=\"application\/ld+json\" class=\"yoast-schema-graph\">{\"@context\":\"https:\/\/schema.org\",\"@graph\":[{\"@type\":\"Article\",\"@id\":\"https:\/\/www.rafanadalacademy.com\/ca\/rafa-nadal-academy-by-movistar-ca\/ivan-ivanov-compleix-el-seu-somni-i-tanca-la-temporada-com-a-num-1-del-mon-junior\/#article\",\"isPartOf\":{\"@id\":\"https:\/\/www.rafanadalacademy.com\/ca\/rafa-nadal-academy-by-movistar-ca\/ivan-ivanov-compleix-el-seu-somni-i-tanca-la-temporada-com-a-num-1-del-mon-junior\/\"},\"author\":{\"name\":\"joseluisprados\",\"@id\":\"https:\/\/www.rafanadalacademy.com\/ca\/#\/schema\/person\/744897d6ee269641fff954376180ef01\"},\"headline\":\"Ivan Ivanov compleix el seu somni i tanca la temporada com a N\u00fam. 1 del m\u00f3n j\u00fanior\",\"datePublished\":\"2025-12-03T08:40:40+00:00\",\"dateModified\":\"2025-12-03T08:57:38+00:00\",\"mainEntityOfPage\":{\"@id\":\"https:\/\/www.rafanadalacademy.com\/ca\/rafa-nadal-academy-by-movistar-ca\/ivan-ivanov-compleix-el-seu-somni-i-tanca-la-temporada-com-a-num-1-del-mon-junior\/\"},\"wordCount\":575,\"image\":{\"@id\":\"https:\/\/www.rafanadalacademy.com\/ca\/rafa-nadal-academy-by-movistar-ca\/ivan-ivanov-compleix-el-seu-somni-i-tanca-la-temporada-com-a-num-1-del-mon-junior\/#primaryimage\"},\"thumbnailUrl\":\"https:\/\/www.rafanadalacademy.com\/wp-content\/uploads\/2025\/12\/Ivan-Ivanov-No1-819x1024.jpg\",\"keywords\":[\"RAFA NADAL ACADEMY BY MOVISTAR\"],\"articleSection\":[\"Not\u00edcies\",\"RAFA NADAL ACADEMY BY MOVISTAR\"],\"inLanguage\":\"ca\",\"copyrightYear\":\"2025\",\"copyrightHolder\":{\"@id\":\"https:\/\/www.rafanadalacademy.com\/#organization\"}},{\"@type\":\"WebPage\",\"@id\":\"https:\/\/www.rafanadalacademy.com\/ca\/rafa-nadal-academy-by-movistar-ca\/ivan-ivanov-compleix-el-seu-somni-i-tanca-la-temporada-com-a-num-1-del-mon-junior\/\",\"url\":\"https:\/\/www.rafanadalacademy.com\/ca\/rafa-nadal-academy-by-movistar-ca\/ivan-ivanov-compleix-el-seu-somni-i-tanca-la-temporada-com-a-num-1-del-mon-junior\/\",\"name\":\"Ivan Ivanov compleix el seu somni i tanca la temporada com a N\u00fam. 1 del m\u00f3n j\u00fanior - Rafa Nadal Academy\",\"isPartOf\":{\"@id\":\"https:\/\/www.rafanadalacademy.com\/ca\/#website\"},\"primaryImageOfPage\":{\"@id\":\"https:\/\/www.rafanadalacademy.com\/ca\/rafa-nadal-academy-by-movistar-ca\/ivan-ivanov-compleix-el-seu-somni-i-tanca-la-temporada-com-a-num-1-del-mon-junior\/#primaryimage\"},\"image\":{\"@id\":\"https:\/\/www.rafanadalacademy.com\/ca\/rafa-nadal-academy-by-movistar-ca\/ivan-ivanov-compleix-el-seu-somni-i-tanca-la-temporada-com-a-num-1-del-mon-junior\/#primaryimage\"},\"thumbnailUrl\":\"https:\/\/www.rafanadalacademy.com\/wp-content\/uploads\/2025\/12\/Ivan-Ivanov-No1-819x1024.jpg\",\"datePublished\":\"2025-12-03T08:40:40+00:00\",\"dateModified\":\"2025-12-03T08:57:38+00:00\",\"author\":{\"@id\":\"https:\/\/www.rafanadalacademy.com\/ca\/#\/schema\/person\/744897d6ee269641fff954376180ef01\"},\"description\":\"Ivan Ivanov ha posat el punt final a un any 2025 absolutament inoblidable en acabar la temporada com a N\u00fam. 1 del r\u00e0nquing mundial j\u00fanior\",\"breadcrumb\":{\"@id\":\"https:\/\/www.rafanadalacademy.com\/ca\/rafa-nadal-academy-by-movistar-ca\/ivan-ivanov-compleix-el-seu-somni-i-tanca-la-temporada-com-a-num-1-del-mon-junior\/#breadcrumb\"},\"inLanguage\":\"ca\",\"potentialAction\":[{\"@type\":\"ReadAction\",\"target\":[\"https:\/\/www.rafanadalacademy.com\/ca\/rafa-nadal-academy-by-movistar-ca\/ivan-ivanov-compleix-el-seu-somni-i-tanca-la-temporada-com-a-num-1-del-mon-junior\/\"]}]},{\"@type\":\"ImageObject\",\"inLanguage\":\"ca\",\"@id\":\"https:\/\/www.rafanadalacademy.com\/ca\/rafa-nadal-academy-by-movistar-ca\/ivan-ivanov-compleix-el-seu-somni-i-tanca-la-temporada-com-a-num-1-del-mon-junior\/#primaryimage\",\"url\":\"https:\/\/www.rafanadalacademy.com\/wp-content\/uploads\/2025\/12\/Ivan-Ivanov-No1-819x1024.jpg\",\"contentUrl\":\"https:\/\/www.rafanadalacademy.com\/wp-content\/uploads\/2025\/12\/Ivan-Ivanov-No1-819x1024.jpg\"},{\"@type\":\"BreadcrumbList\",\"@id\":\"https:\/\/www.rafanadalacademy.com\/ca\/rafa-nadal-academy-by-movistar-ca\/ivan-ivanov-compleix-el-seu-somni-i-tanca-la-temporada-com-a-num-1-del-mon-junior\/#breadcrumb\",\"itemListElement\":[{\"@type\":\"ListItem\",\"position\":1,\"name\":\"Home\",\"item\":\"https:\/\/www.rafanadalacademy.com\/ca\/\"},{\"@type\":\"ListItem\",\"position\":2,\"name\":\"Ivan Ivanov compleix el seu somni i tanca la temporada com a N\u00fam. 1 del m\u00f3n j\u00fanior\"}]},{\"@type\":\"WebSite\",\"@id\":\"https:\/\/www.rafanadalacademy.com\/ca\/#website\",\"url\":\"https:\/\/www.rafanadalacademy.com\/ca\/\",\"name\":\"Rafa Nadal Academy\",\"description\":\"Otro sitio realizado con WordPress\",\"potentialAction\":[{\"@type\":\"SearchAction\",\"target\":{\"@type\":\"EntryPoint\",\"urlTemplate\":\"https:\/\/www.rafanadalacademy.com\/ca\/?s={search_term_string}\"},\"query-input\":{\"@type\":\"PropertyValueSpecification\",\"valueRequired\":true,\"valueName\":\"search_term_string\"}}],\"inLanguage\":\"ca\"},{\"@type\":\"Person\",\"@id\":\"https:\/\/www.rafanadalacademy.com\/ca\/#\/schema\/person\/744897d6ee269641fff954376180ef01\",\"name\":\"joseluisprados\",\"image\":{\"@type\":\"ImageObject\",\"inLanguage\":\"ca\",\"@id\":\"https:\/\/www.rafanadalacademy.com\/ca\/#\/schema\/person\/image\/\",\"url\":\"https:\/\/secure.gravatar.com\/avatar\/8aa823a6e5501864ffab4785d9e2a994b59c2d45c9f9751c5a532abfec081e5f?s=96&d=mm&r=g\",\"contentUrl\":\"https:\/\/secure.gravatar.com\/avatar\/8aa823a6e5501864ffab4785d9e2a994b59c2d45c9f9751c5a532abfec081e5f?s=96&d=mm&r=g\",\"caption\":\"joseluisprados\"},\"url\":\"https:\/\/www.rafanadalacademy.com\/ca\/author\/joseluisprados\/\"},{\"@type\":\"ImageObject\",\"inLanguage\":\"ca\",\"@id\":\"https:\/\/www.rafanadalacademy.com\/ca\/rafa-nadal-academy-by-movistar-ca\/ivan-ivanov-compleix-el-seu-somni-i-tanca-la-temporada-com-a-num-1-del-mon-junior\/#local-main-organization-logo\",\"url\":\"\",\"contentUrl\":\"\",\"caption\":\"Rafa Nadal Academy\"}]}<\/script>\n<!-- \/ Yoast SEO Premium plugin. -->","yoast_head_json":{"title":"Ivan Ivanov compleix el seu somni i tanca la temporada com a N\u00fam. 1 del m\u00f3n j\u00fanior - Rafa Nadal Academy","description":"Ivan Ivanov ha posat el punt final a un any 2025 absolutament inoblidable en acabar la temporada com a N\u00fam. 1 del r\u00e0nquing mundial j\u00fanior","robots":{"index":"index","follow":"follow","max-snippet":"max-snippet:-1","max-image-preview":"max-image-preview:large","max-video-preview":"max-video-preview:-1"},"canonical":"https:\/\/www.rafanadalacademy.com\/ca\/rafa-nadal-academy-by-movistar-ca\/ivan-ivanov-compleix-el-seu-somni-i-tanca-la-temporada-com-a-num-1-del-mon-junior\/","og_locale":"ca_ES","og_type":"article","og_title":"Ivan Ivanov compleix el seu somni i tanca la temporada com a N\u00fam. 1 del m\u00f3n j\u00fanior","og_description":"Ivan Ivanov ha posat el punt final a un any 2025 absolutament inoblidable en acabar la temporada com a N\u00fam. 1 del r\u00e0nquing mundial j\u00fanior","og_url":"https:\/\/www.rafanadalacademy.com\/ca\/rafa-nadal-academy-by-movistar-ca\/ivan-ivanov-compleix-el-seu-somni-i-tanca-la-temporada-com-a-num-1-del-mon-junior\/","og_site_name":"Rafa Nadal Academy","article_published_time":"2025-12-03T08:40:40+00:00","article_modified_time":"2025-12-03T08:57:38+00:00","og_image":[{"width":819,"height":1024,"url":"https:\/\/www.rafanadalacademy.com\/wp-content\/uploads\/2025\/12\/Ivan-Ivanov-No1-819x1024.jpg","type":"image\/jpeg"}],"author":"joseluisprados","twitter_card":"summary_large_image","twitter_misc":{"Written by":"joseluisprados","Est. reading time":"3 minutes"},"schema":{"@context":"https:\/\/schema.org","@graph":[{"@type":"Article","@id":"https:\/\/www.rafanadalacademy.com\/ca\/rafa-nadal-academy-by-movistar-ca\/ivan-ivanov-compleix-el-seu-somni-i-tanca-la-temporada-com-a-num-1-del-mon-junior\/#article","isPartOf":{"@id":"https:\/\/www.rafanadalacademy.com\/ca\/rafa-nadal-academy-by-movistar-ca\/ivan-ivanov-compleix-el-seu-somni-i-tanca-la-temporada-com-a-num-1-del-mon-junior\/"},"author":{"name":"joseluisprados","@id":"https:\/\/www.rafanadalacademy.com\/ca\/#\/schema\/person\/744897d6ee269641fff954376180ef01"},"headline":"Ivan Ivanov compleix el seu somni i tanca la temporada com a N\u00fam. 1 del m\u00f3n j\u00fanior","datePublished":"2025-12-03T08:40:40+00:00","dateModified":"2025-12-03T08:57:38+00:00","mainEntityOfPage":{"@id":"https:\/\/www.rafanadalacademy.com\/ca\/rafa-nadal-academy-by-movistar-ca\/ivan-ivanov-compleix-el-seu-somni-i-tanca-la-temporada-com-a-num-1-del-mon-junior\/"},"wordCount":575,"image":{"@id":"https:\/\/www.rafanadalacademy.com\/ca\/rafa-nadal-academy-by-movistar-ca\/ivan-ivanov-compleix-el-seu-somni-i-tanca-la-temporada-com-a-num-1-del-mon-junior\/#primaryimage"},"thumbnailUrl":"https:\/\/www.rafanadalacademy.com\/wp-content\/uploads\/2025\/12\/Ivan-Ivanov-No1-819x1024.jpg","keywords":["RAFA NADAL ACADEMY BY MOVISTAR"],"articleSection":["Not\u00edcies","RAFA NADAL ACADEMY BY MOVISTAR"],"inLanguage":"ca","copyrightYear":"2025","copyrightHolder":{"@id":"https:\/\/www.rafanadalacademy.com\/#organization"}},{"@type":"WebPage","@id":"https:\/\/www.rafanadalacademy.com\/ca\/rafa-nadal-academy-by-movistar-ca\/ivan-ivanov-compleix-el-seu-somni-i-tanca-la-temporada-com-a-num-1-del-mon-junior\/","url":"https:\/\/www.rafanadalacademy.com\/ca\/rafa-nadal-academy-by-movistar-ca\/ivan-ivanov-compleix-el-seu-somni-i-tanca-la-temporada-com-a-num-1-del-mon-junior\/","name":"Ivan Ivanov compleix el seu somni i tanca la temporada com a N\u00fam. 1 del m\u00f3n j\u00fanior - Rafa Nadal Academy","isPartOf":{"@id":"https:\/\/www.rafanadalacademy.com\/ca\/#website"},"primaryImageOfPage":{"@id":"https:\/\/www.rafanadalacademy.com\/ca\/rafa-nadal-academy-by-movistar-ca\/ivan-ivanov-compleix-el-seu-somni-i-tanca-la-temporada-com-a-num-1-del-mon-junior\/#primaryimage"},"image":{"@id":"https:\/\/www.rafanadalacademy.com\/ca\/rafa-nadal-academy-by-movistar-ca\/ivan-ivanov-compleix-el-seu-somni-i-tanca-la-temporada-com-a-num-1-del-mon-junior\/#primaryimage"},"thumbnailUrl":"https:\/\/www.rafanadalacademy.com\/wp-content\/uploads\/2025\/12\/Ivan-Ivanov-No1-819x1024.jpg","datePublished":"2025-12-03T08:40:40+00:00","dateModified":"2025-12-03T08:57:38+00:00","author":{"@id":"https:\/\/www.rafanadalacademy.com\/ca\/#\/schema\/person\/744897d6ee269641fff954376180ef01"},"description":"Ivan Ivanov ha posat el punt final a un any 2025 absolutament inoblidable en acabar la temporada com a N\u00fam. 1 del r\u00e0nquing mundial j\u00fanior","breadcrumb":{"@id":"https:\/\/www.rafanadalacademy.com\/ca\/rafa-nadal-academy-by-movistar-ca\/ivan-ivanov-compleix-el-seu-somni-i-tanca-la-temporada-com-a-num-1-del-mon-junior\/#breadcrumb"},"inLanguage":"ca","potentialAction":[{"@type":"ReadAction","target":["https:\/\/www.rafanadalacademy.com\/ca\/rafa-nadal-academy-by-movistar-ca\/ivan-ivanov-compleix-el-seu-somni-i-tanca-la-temporada-com-a-num-1-del-mon-junior\/"]}]},{"@type":"ImageObject","inLanguage":"ca","@id":"https:\/\/www.rafanadalacademy.com\/ca\/rafa-nadal-academy-by-movistar-ca\/ivan-ivanov-compleix-el-seu-somni-i-tanca-la-temporada-com-a-num-1-del-mon-junior\/#primaryimage","url":"https:\/\/www.rafanadalacademy.com\/wp-content\/uploads\/2025\/12\/Ivan-Ivanov-No1-819x1024.jpg","contentUrl":"https:\/\/www.rafanadalacademy.com\/wp-content\/uploads\/2025\/12\/Ivan-Ivanov-No1-819x1024.jpg"},{"@type":"BreadcrumbList","@id":"https:\/\/www.rafanadalacademy.com\/ca\/rafa-nadal-academy-by-movistar-ca\/ivan-ivanov-compleix-el-seu-somni-i-tanca-la-temporada-com-a-num-1-del-mon-junior\/#breadcrumb","itemListElement":[{"@type":"ListItem","position":1,"name":"Home","item":"https:\/\/www.rafanadalacademy.com\/ca\/"},{"@type":"ListItem","position":2,"name":"Ivan Ivanov compleix el seu somni i tanca la temporada com a N\u00fam. 1 del m\u00f3n j\u00fanior"}]},{"@type":"WebSite","@id":"https:\/\/www.rafanadalacademy.com\/ca\/#website","url":"https:\/\/www.rafanadalacademy.com\/ca\/","name":"Rafa Nadal Academy","description":"Otro sitio realizado con WordPress","potentialAction":[{"@type":"SearchAction","target":{"@type":"EntryPoint","urlTemplate":"https:\/\/www.rafanadalacademy.com\/ca\/?s={search_term_string}"},"query-input":{"@type":"PropertyValueSpecification","valueRequired":true,"valueName":"search_term_string"}}],"inLanguage":"ca"},{"@type":"Person","@id":"https:\/\/www.rafanadalacademy.com\/ca\/#\/schema\/person\/744897d6ee269641fff954376180ef01","name":"joseluisprados","image":{"@type":"ImageObject","inLanguage":"ca","@id":"https:\/\/www.rafanadalacademy.com\/ca\/#\/schema\/person\/image\/","url":"https:\/\/secure.gravatar.com\/avatar\/8aa823a6e5501864ffab4785d9e2a994b59c2d45c9f9751c5a532abfec081e5f?s=96&d=mm&r=g","contentUrl":"https:\/\/secure.gravatar.com\/avatar\/8aa823a6e5501864ffab4785d9e2a994b59c2d45c9f9751c5a532abfec081e5f?s=96&d=mm&r=g","caption":"joseluisprados"},"url":"https:\/\/www.rafanadalacademy.com\/ca\/author\/joseluisprados\/"},{"@type":"ImageObject","inLanguage":"ca","@id":"https:\/\/www.rafanadalacademy.com\/ca\/rafa-nadal-academy-by-movistar-ca\/ivan-ivanov-compleix-el-seu-somni-i-tanca-la-temporada-com-a-num-1-del-mon-junior\/#local-main-organization-logo","url":"","contentUrl":"","caption":"Rafa Nadal Academy"}]}},"_links":{"self":[{"href":"https:\/\/www.rafanadalacademy.com\/ca\/wp-json\/wp\/v2\/posts\/37362","targetHints":{"allow":["GET"]}}],"collection":[{"href":"https:\/\/www.rafanadalacademy.com\/ca\/wp-json\/wp\/v2\/posts"}],"about":[{"href":"https:\/\/www.rafanadalacademy.com\/ca\/wp-json\/wp\/v2\/types\/post"}],"author":[{"embeddable":true,"href":"https:\/\/www.rafanadalacademy.com\/ca\/wp-json\/wp\/v2\/users\/23"}],"replies":[{"embeddable":true,"href":"https:\/\/www.rafanadalacademy.com\/ca\/wp-json\/wp\/v2\/comments?post=37362"}],"version-history":[{"count":1,"href":"https:\/\/www.rafanadalacademy.com\/ca\/wp-json\/wp\/v2\/posts\/37362\/revisions"}],"predecessor-version":[{"id":37363,"href":"https:\/\/www.rafanadalacademy.com\/ca\/wp-json\/wp\/v2\/posts\/37362\/revisions\/37363"}],"wp:attachment":[{"href":"https:\/\/www.rafanadalacademy.com\/ca\/wp-json\/wp\/v2\/media?parent=37362"}],"wp:term":[{"taxonomy":"category","embeddable":true,"href":"https:\/\/www.rafanadalacademy.com\/ca\/wp-json\/wp\/v2\/categories?post=37362"},{"taxonomy":"post_tag","embeddable":true,"href":"https:\/\/www.rafanadalacademy.com\/ca\/wp-json\/wp\/v2\/tags?post=37362"}],"curies":[{"name":"wp","href":"https:\/\/api.w.org\/{rel}","templated":true}]}}