{"id":37280,"date":"2025-11-28T10:00:00","date_gmt":"2025-11-28T10:00:00","guid":{"rendered":"https:\/\/www.rafanadalacademy.com\/sin-categorizar\/martin-landaluce-disputara-les-next-gen-atp-finals-i-segueix-els-passos-de-munar-ruud-i-shelbayh\/"},"modified":"2025-12-02T09:20:02","modified_gmt":"2025-12-02T09:20:02","slug":"martin-landaluce-disputara-les-next-gen-atp-finals-i-segueix-els-passos-de-munar-ruud-i-shelbayh","status":"publish","type":"post","link":"https:\/\/www.rafanadalacademy.com\/ca\/rafa-nadal-academy-by-movistar-ca\/martin-landaluce-disputara-les-next-gen-atp-finals-i-segueix-els-passos-de-munar-ruud-i-shelbayh\/","title":{"rendered":"Martin Landaluce disputar\u00e0 les Next Gen ATP Finals i segueix els passos de Munar, Ruud i Shelbayh"},"content":{"rendered":"\n<p>Despr\u00e9s de ser suplent en l&#8217;edici\u00f3 de 2024, <strong>Martin Landaluce<\/strong> far\u00e0 el seu debut oficial a les <strong>Next Gen ATP Finals 2025<\/strong>, el torneig que reuneix els vuit millors tennistes menors de 21 anys de la temporada.<\/p>\n\n<figure class=\"wp-block-image size-large\"><img decoding=\"async\" src=\"https:\/\/www.rafanadalacademy.com\/wp-content\/uploads\/2025\/11\/Martin-Landuce-en-la-pista-central-de-la-Rafa-Nadal-Academy-1024x665.png\" alt=\"\" class=\"wp-image-37262\"\/><figcaption class=\"wp-element-caption\">Mart\u00edn Landaluce a la pista central de la Rafa Nadal Academy<\/figcaption><\/figure>\n\n<div style=\"height:30px\" aria-hidden=\"true\" class=\"wp-block-spacer\"><\/div>\n\n<p>El madrileny es convertir\u00e0 d&#8217;aquesta manera en el <strong>quart jugador format a la<\/strong> <strong>Rafa Nadal Academy<\/strong> a disputar aquest prestigi\u00f3s esdeveniment, seguint els passos de <strong>Abdullah Shelbayh (2023)<\/strong>, <strong>Casper Ruud<\/strong> <strong>(2019)<\/strong> i <strong>Jaume Munar<\/strong>, qui va assolir les semifinals en la primera edici\u00f3 celebrada a Mil\u00e0 el 2017.<\/p>\n\n<p>Als seus 19 anys, Landaluce arriba a la cita despr\u00e9s d&#8217;una temporada de creixement i resultats molt s\u00f2lids: Va conquerir el <strong>Challenger d&#8217;Orleans (Fran\u00e7a)<\/strong>, va ser <strong>semifinalista a Olbia<\/strong>, <strong>va superar la fase pr\u00e8via de l&#8217;Australian Open<\/strong> i va assolir la <strong>segona ronda del Masters 1.000 de Cincinnati<\/strong>. En el tram final de l&#8217;any, va repetir pres\u00e8ncia en <strong>semifinals<\/strong> tant al <strong>Challenger de Canberra<\/strong> \u2014el primer del 2025\u2014 com al de <strong>Villena<\/strong>, l&#8217;\u00faltim disputat.  <\/p>\n\n<p>\u201cClassificar-me per a la Next Gen significa estar entre els millors jugadors sub 20. Confirma que fa anys que ho fem molt b\u00e9 i sobretot aquest, que hem apretat molt. Ser\u00e0 un torneig molt especial. Conec la majoria i ens ho passarem molt b\u00e9. Espero que sigui un torneig molt bonic, que pugui competir molt i intentar fer-ho el millor possible. Tots arribem en molt bona forma, en una l\u00ednia molt bona i espero que es donin partits d&#8217;aquesta talla\u201d, va assenyalar Landaluce als mitjans de la Rafa Nadal Academy.<\/p>\n\n<div style=\"height:30px\" aria-hidden=\"true\" class=\"wp-block-spacer\"><\/div>\n\n<figure class=\"wp-block-image size-large\"><img loading=\"lazy\" decoding=\"async\" width=\"1024\" height=\"682\" src=\"https:\/\/www.rafanadalacademy.com\/wp-content\/uploads\/2025\/09\/Imagen-de-WhatsApp-2025-09-29-a-las-11.54.03_4452a2c8-1024x682.jpg\" alt=\"\" class=\"wp-image-33453\" srcset=\"https:\/\/www.rafanadalacademy.com\/wp-content\/uploads\/2025\/09\/Imagen-de-WhatsApp-2025-09-29-a-las-11.54.03_4452a2c8-1024x682.jpg 1024w, https:\/\/www.rafanadalacademy.com\/wp-content\/uploads\/2025\/09\/Imagen-de-WhatsApp-2025-09-29-a-las-11.54.03_4452a2c8-300x200.jpg 300w, https:\/\/www.rafanadalacademy.com\/wp-content\/uploads\/2025\/09\/Imagen-de-WhatsApp-2025-09-29-a-las-11.54.03_4452a2c8-768x512.jpg 768w, https:\/\/www.rafanadalacademy.com\/wp-content\/uploads\/2025\/09\/Imagen-de-WhatsApp-2025-09-29-a-las-11.54.03_4452a2c8-1536x1023.jpg 1536w, https:\/\/www.rafanadalacademy.com\/wp-content\/uploads\/2025\/09\/Imagen-de-WhatsApp-2025-09-29-a-las-11.54.03_4452a2c8.jpg 1600w\" sizes=\"auto, (max-width: 1024px) 100vw, 1024px\" \/><figcaption class=\"wp-element-caption\">Mart\u00edn Landaluce, amb el trofeu de campi\u00f3 de l&#8217;ATP Challenger d&#8217;Orleans (Foto: Philippe Montigny)<\/figcaption><\/figure>\n\n<div style=\"height:30px\" aria-hidden=\"true\" class=\"wp-block-spacer\"><\/div>\n\n<p><strong>Mart\u00edn Landaluce<\/strong> s&#8217;ha consolidat com un dels grans noms a seguir dins del tennis espanyol. La seva irrupci\u00f3 en el panorama internacional es va produir el <g id=\"gid_1\">2022<\/g> quan es va proclamar <g id=\"gid_2\">campi\u00f3 de l&#8217;US Open j\u00fanior<\/g>, un dels 13 <g id=\"gid_3\">majors<\/g> guanyats per jugadors formats a l&#8217;Acad\u00e8mia. Nom\u00e9s un any m\u00e9s tard va assolir el <strong>n\u00famero u del r\u00e0nquing ITF j\u00fanior<\/strong>, confirmant el seu lloc entre les promeses m\u00e9s fermes del circuit mundial.  <\/p>\n\n<p>Sota la tutela de <strong>Esteban Carril i \u00d3scar Burrieza<\/strong>, Landaluce continua polint un estil complet i vers\u00e0til, amb una maduresa poc habitual per a la seva edat. Els seus entrenadors i rivals en destaquen la seva <g id=\"gid_1\">intel\u00b7lig\u00e8ncia t\u00e0ctica<\/g> i <g id=\"gid_2\">fortalesa mental<\/g>. Admirador conf\u00e9s de <strong>Rafa Nadal<\/strong>, aspira a seguir el seu exemple no nom\u00e9s en els resultats, sin\u00f3 tamb\u00e9 en la <strong>professionalitat, l&#8217;enfocament i els valors<\/strong> que defineixen els campions.  <\/p>\n\n<p>Les <strong>Next Gen ATP Finals<\/strong>, que se celebren a <strong>Jiddah (Ar\u00e0bia Saudita)<\/strong>, mantenen el seu format innovador amb partits al millor de cinc sets curts, <em>no-ad scoring<\/em>, revisi\u00f3 electr\u00f2nica <em>Hawk-Eye Live<\/em> i llibertat de moviment per al p\u00fablic, en una aposta de l&#8217;ATP per atraure noves generacions d&#8217;aficionats.<\/p>\n\n<p>En el seu palmar\u00e8s figuren noms que avui brillen en el circuit com <strong>Carlos Alcaraz<\/strong> (campi\u00f3 el 2021), <strong>Jannik Sinner<\/strong>, <strong>Stefanos Tsitsipas<\/strong> o <strong>Brandon Nakashima<\/strong>, tots ells campions en edicions anteriors.<\/p>\n\n<div style=\"height:30px\" aria-hidden=\"true\" class=\"wp-block-spacer\"><\/div>\n\n<figure class=\"wp-block-embed is-type-video is-provider-youtube wp-block-embed-youtube wp-embed-aspect-16-9 wp-has-aspect-ratio\"><div class=\"wp-block-embed__wrapper\">\n<iframe loading=\"lazy\" title=\"Rafa Nadal Academy: Tennis &amp; Values\" width=\"500\" height=\"281\" src=\"https:\/\/www.youtube.com\/embed\/F71onMy-MeU?feature=oembed\" frameborder=\"0\" allow=\"accelerometer; autoplay; clipboard-write; encrypted-media; gyroscope; picture-in-picture; web-share\" referrerpolicy=\"strict-origin-when-cross-origin\" allowfullscreen><\/iframe>\n<\/div><\/figure>\n\n<div style=\"height:30px\" aria-hidden=\"true\" class=\"wp-block-spacer\"><\/div>\n\n<p><\/p>\n","protected":false},"excerpt":{"rendered":"<p>Despr\u00e9s de ser suplent en l&#8217;edici\u00f3 de 2024, Martin Landaluce far\u00e0 el seu debut oficial a les Next Gen ATP Finals 2025, el torneig que reuneix els vuit millors tennistes menors de 21 anys de la temporada. El madrileny es convertir\u00e0 d&#8217;aquesta manera en el quart jugador format a la Rafa Nadal Academy a disputar<a href=\"https:\/\/www.rafanadalacademy.com\/ca\/rafa-nadal-academy-by-movistar-ca\/martin-landaluce-disputara-les-next-gen-atp-finals-i-segueix-els-passos-de-munar-ruud-i-shelbayh\/\">Continue reading <span class=\"sr-only\">&#8220;Martin Landaluce disputar\u00e0 les Next Gen ATP Finals i segueix els passos de Munar, Ruud i Shelbayh&#8221;<\/span><\/a><\/p>\n","protected":false},"author":23,"featured_media":37263,"comment_status":"closed","ping_status":"closed","sticky":false,"template":"","format":"standard","meta":{"_acf_changed":false,"footnotes":""},"categories":[157,209],"tags":[210],"class_list":["post-37280","post","type-post","status-publish","format-standard","has-post-thumbnail","hentry","category-noticies","category-rafa-nadal-academy-by-movistar-ca","tag-rafa-nadal-academy-by-movistar-ca"],"acf":[],"yoast_head":"<!-- This site is optimized with the Yoast SEO Premium plugin v26.8 (Yoast SEO v26.9) - https:\/\/yoast.com\/product\/yoast-seo-premium-wordpress\/ -->\n<title>Martin Landaluce disputar\u00e0 les Next Gen ATP Finals i segueix els passos de Munar, Ruud i Shelbayh - Rafa Nadal Academy<\/title>\n<meta name=\"description\" content=\"Martin Landaluce debutar\u00e0 a les Next Gen ATP Finals 2025, el torneig que reuneix els vuit millors tennistes menors de 21 anys de la temporada.\" \/>\n<meta name=\"robots\" content=\"index, follow, max-snippet:-1, max-image-preview:large, max-video-preview:-1\" \/>\n<link rel=\"canonical\" href=\"https:\/\/www.rafanadalacademy.com\/ca\/rafa-nadal-academy-by-movistar-ca\/martin-landaluce-disputara-les-next-gen-atp-finals-i-segueix-els-passos-de-munar-ruud-i-shelbayh\/\" \/>\n<meta property=\"og:locale\" content=\"ca_ES\" \/>\n<meta property=\"og:type\" content=\"article\" \/>\n<meta property=\"og:title\" content=\"Martin Landaluce disputar\u00e0 les Next Gen ATP Finals i segueix els passos de Munar, Ruud i Shelbayh\" \/>\n<meta property=\"og:description\" content=\"Martin Landaluce debutar\u00e0 a les Next Gen ATP Finals 2025, el torneig que reuneix els vuit millors tennistes menors de 21 anys de la temporada.\" \/>\n<meta property=\"og:url\" content=\"https:\/\/www.rafanadalacademy.com\/ca\/rafa-nadal-academy-by-movistar-ca\/martin-landaluce-disputara-les-next-gen-atp-finals-i-segueix-els-passos-de-munar-ruud-i-shelbayh\/\" \/>\n<meta property=\"og:site_name\" content=\"Rafa Nadal Academy\" \/>\n<meta property=\"article:published_time\" content=\"2025-11-28T10:00:00+00:00\" \/>\n<meta property=\"article:modified_time\" content=\"2025-12-02T09:20:02+00:00\" \/>\n<meta property=\"og:image\" content=\"https:\/\/www.rafanadalacademy.com\/wp-content\/uploads\/2025\/11\/Martin-Landuce-en-la-pista-central-de-la-Rafa-Nadal-Academy-e1764336831659.png\" \/>\n\t<meta property=\"og:image:width\" content=\"1332\" \/>\n\t<meta property=\"og:image:height\" content=\"865\" \/>\n\t<meta property=\"og:image:type\" content=\"image\/png\" \/>\n<meta name=\"author\" content=\"joseluisprados\" \/>\n<meta name=\"twitter:card\" content=\"summary_large_image\" \/>\n<meta name=\"twitter:label1\" content=\"Written by\" \/>\n\t<meta name=\"twitter:data1\" content=\"joseluisprados\" \/>\n\t<meta name=\"twitter:label2\" content=\"Est. reading time\" \/>\n\t<meta name=\"twitter:data2\" content=\"3 minutes\" \/>\n<script type=\"application\/ld+json\" class=\"yoast-schema-graph\">{\"@context\":\"https:\/\/schema.org\",\"@graph\":[{\"@type\":\"Article\",\"@id\":\"https:\/\/www.rafanadalacademy.com\/ca\/rafa-nadal-academy-by-movistar-ca\/martin-landaluce-disputara-les-next-gen-atp-finals-i-segueix-els-passos-de-munar-ruud-i-shelbayh\/#article\",\"isPartOf\":{\"@id\":\"https:\/\/www.rafanadalacademy.com\/ca\/rafa-nadal-academy-by-movistar-ca\/martin-landaluce-disputara-les-next-gen-atp-finals-i-segueix-els-passos-de-munar-ruud-i-shelbayh\/\"},\"author\":{\"name\":\"joseluisprados\",\"@id\":\"https:\/\/www.rafanadalacademy.com\/ca\/#\/schema\/person\/744897d6ee269641fff954376180ef01\"},\"headline\":\"Martin Landaluce disputar\u00e0 les Next Gen ATP Finals i segueix els passos de Munar, Ruud i Shelbayh\",\"datePublished\":\"2025-11-28T10:00:00+00:00\",\"dateModified\":\"2025-12-02T09:20:02+00:00\",\"mainEntityOfPage\":{\"@id\":\"https:\/\/www.rafanadalacademy.com\/ca\/rafa-nadal-academy-by-movistar-ca\/martin-landaluce-disputara-les-next-gen-atp-finals-i-segueix-els-passos-de-munar-ruud-i-shelbayh\/\"},\"wordCount\":552,\"image\":{\"@id\":\"https:\/\/www.rafanadalacademy.com\/ca\/rafa-nadal-academy-by-movistar-ca\/martin-landaluce-disputara-les-next-gen-atp-finals-i-segueix-els-passos-de-munar-ruud-i-shelbayh\/#primaryimage\"},\"thumbnailUrl\":\"https:\/\/www.rafanadalacademy.com\/wp-content\/uploads\/2025\/11\/Martin-Landuce-en-la-pista-central-de-la-Rafa-Nadal-Academy-e1764336831659.png\",\"keywords\":[\"RAFA NADAL ACADEMY BY MOVISTAR\"],\"articleSection\":[\"Not\u00edcies\",\"RAFA NADAL ACADEMY BY MOVISTAR\"],\"inLanguage\":\"ca\",\"copyrightYear\":\"2025\",\"copyrightHolder\":{\"@id\":\"https:\/\/www.rafanadalacademy.com\/#organization\"}},{\"@type\":\"WebPage\",\"@id\":\"https:\/\/www.rafanadalacademy.com\/ca\/rafa-nadal-academy-by-movistar-ca\/martin-landaluce-disputara-les-next-gen-atp-finals-i-segueix-els-passos-de-munar-ruud-i-shelbayh\/\",\"url\":\"https:\/\/www.rafanadalacademy.com\/ca\/rafa-nadal-academy-by-movistar-ca\/martin-landaluce-disputara-les-next-gen-atp-finals-i-segueix-els-passos-de-munar-ruud-i-shelbayh\/\",\"name\":\"Martin Landaluce disputar\u00e0 les Next Gen ATP Finals i segueix els passos de Munar, Ruud i Shelbayh - Rafa Nadal Academy\",\"isPartOf\":{\"@id\":\"https:\/\/www.rafanadalacademy.com\/ca\/#website\"},\"primaryImageOfPage\":{\"@id\":\"https:\/\/www.rafanadalacademy.com\/ca\/rafa-nadal-academy-by-movistar-ca\/martin-landaluce-disputara-les-next-gen-atp-finals-i-segueix-els-passos-de-munar-ruud-i-shelbayh\/#primaryimage\"},\"image\":{\"@id\":\"https:\/\/www.rafanadalacademy.com\/ca\/rafa-nadal-academy-by-movistar-ca\/martin-landaluce-disputara-les-next-gen-atp-finals-i-segueix-els-passos-de-munar-ruud-i-shelbayh\/#primaryimage\"},\"thumbnailUrl\":\"https:\/\/www.rafanadalacademy.com\/wp-content\/uploads\/2025\/11\/Martin-Landuce-en-la-pista-central-de-la-Rafa-Nadal-Academy-e1764336831659.png\",\"datePublished\":\"2025-11-28T10:00:00+00:00\",\"dateModified\":\"2025-12-02T09:20:02+00:00\",\"author\":{\"@id\":\"https:\/\/www.rafanadalacademy.com\/ca\/#\/schema\/person\/744897d6ee269641fff954376180ef01\"},\"description\":\"Martin Landaluce debutar\u00e0 a les Next Gen ATP Finals 2025, el torneig que reuneix els vuit millors tennistes menors de 21 anys de la temporada.\",\"breadcrumb\":{\"@id\":\"https:\/\/www.rafanadalacademy.com\/ca\/rafa-nadal-academy-by-movistar-ca\/martin-landaluce-disputara-les-next-gen-atp-finals-i-segueix-els-passos-de-munar-ruud-i-shelbayh\/#breadcrumb\"},\"inLanguage\":\"ca\",\"potentialAction\":[{\"@type\":\"ReadAction\",\"target\":[\"https:\/\/www.rafanadalacademy.com\/ca\/rafa-nadal-academy-by-movistar-ca\/martin-landaluce-disputara-les-next-gen-atp-finals-i-segueix-els-passos-de-munar-ruud-i-shelbayh\/\"]}]},{\"@type\":\"ImageObject\",\"inLanguage\":\"ca\",\"@id\":\"https:\/\/www.rafanadalacademy.com\/ca\/rafa-nadal-academy-by-movistar-ca\/martin-landaluce-disputara-les-next-gen-atp-finals-i-segueix-els-passos-de-munar-ruud-i-shelbayh\/#primaryimage\",\"url\":\"https:\/\/www.rafanadalacademy.com\/wp-content\/uploads\/2025\/11\/Martin-Landuce-en-la-pista-central-de-la-Rafa-Nadal-Academy-e1764336831659.png\",\"contentUrl\":\"https:\/\/www.rafanadalacademy.com\/wp-content\/uploads\/2025\/11\/Martin-Landuce-en-la-pista-central-de-la-Rafa-Nadal-Academy-e1764336831659.png\",\"width\":1332,\"height\":865},{\"@type\":\"BreadcrumbList\",\"@id\":\"https:\/\/www.rafanadalacademy.com\/ca\/rafa-nadal-academy-by-movistar-ca\/martin-landaluce-disputara-les-next-gen-atp-finals-i-segueix-els-passos-de-munar-ruud-i-shelbayh\/#breadcrumb\",\"itemListElement\":[{\"@type\":\"ListItem\",\"position\":1,\"name\":\"Home\",\"item\":\"https:\/\/www.rafanadalacademy.com\/ca\/\"},{\"@type\":\"ListItem\",\"position\":2,\"name\":\"Martin Landaluce disputar\u00e0 les Next Gen ATP Finals i segueix els passos de Munar, Ruud i Shelbayh\"}]},{\"@type\":\"WebSite\",\"@id\":\"https:\/\/www.rafanadalacademy.com\/ca\/#website\",\"url\":\"https:\/\/www.rafanadalacademy.com\/ca\/\",\"name\":\"Rafa Nadal Academy\",\"description\":\"Otro sitio realizado con WordPress\",\"potentialAction\":[{\"@type\":\"SearchAction\",\"target\":{\"@type\":\"EntryPoint\",\"urlTemplate\":\"https:\/\/www.rafanadalacademy.com\/ca\/?s={search_term_string}\"},\"query-input\":{\"@type\":\"PropertyValueSpecification\",\"valueRequired\":true,\"valueName\":\"search_term_string\"}}],\"inLanguage\":\"ca\"},{\"@type\":\"Person\",\"@id\":\"https:\/\/www.rafanadalacademy.com\/ca\/#\/schema\/person\/744897d6ee269641fff954376180ef01\",\"name\":\"joseluisprados\",\"image\":{\"@type\":\"ImageObject\",\"inLanguage\":\"ca\",\"@id\":\"https:\/\/www.rafanadalacademy.com\/ca\/#\/schema\/person\/image\/\",\"url\":\"https:\/\/secure.gravatar.com\/avatar\/8aa823a6e5501864ffab4785d9e2a994b59c2d45c9f9751c5a532abfec081e5f?s=96&d=mm&r=g\",\"contentUrl\":\"https:\/\/secure.gravatar.com\/avatar\/8aa823a6e5501864ffab4785d9e2a994b59c2d45c9f9751c5a532abfec081e5f?s=96&d=mm&r=g\",\"caption\":\"joseluisprados\"},\"url\":\"https:\/\/www.rafanadalacademy.com\/ca\/author\/joseluisprados\/\"},{\"@type\":\"ImageObject\",\"inLanguage\":\"ca\",\"@id\":\"https:\/\/www.rafanadalacademy.com\/ca\/rafa-nadal-academy-by-movistar-ca\/martin-landaluce-disputara-les-next-gen-atp-finals-i-segueix-els-passos-de-munar-ruud-i-shelbayh\/#local-main-organization-logo\",\"url\":\"\",\"contentUrl\":\"\",\"caption\":\"Rafa Nadal Academy\"}]}<\/script>\n<!-- \/ Yoast SEO Premium plugin. -->","yoast_head_json":{"title":"Martin Landaluce disputar\u00e0 les Next Gen ATP Finals i segueix els passos de Munar, Ruud i Shelbayh - Rafa Nadal Academy","description":"Martin Landaluce debutar\u00e0 a les Next Gen ATP Finals 2025, el torneig que reuneix els vuit millors tennistes menors de 21 anys de la temporada.","robots":{"index":"index","follow":"follow","max-snippet":"max-snippet:-1","max-image-preview":"max-image-preview:large","max-video-preview":"max-video-preview:-1"},"canonical":"https:\/\/www.rafanadalacademy.com\/ca\/rafa-nadal-academy-by-movistar-ca\/martin-landaluce-disputara-les-next-gen-atp-finals-i-segueix-els-passos-de-munar-ruud-i-shelbayh\/","og_locale":"ca_ES","og_type":"article","og_title":"Martin Landaluce disputar\u00e0 les Next Gen ATP Finals i segueix els passos de Munar, Ruud i Shelbayh","og_description":"Martin Landaluce debutar\u00e0 a les Next Gen ATP Finals 2025, el torneig que reuneix els vuit millors tennistes menors de 21 anys de la temporada.","og_url":"https:\/\/www.rafanadalacademy.com\/ca\/rafa-nadal-academy-by-movistar-ca\/martin-landaluce-disputara-les-next-gen-atp-finals-i-segueix-els-passos-de-munar-ruud-i-shelbayh\/","og_site_name":"Rafa Nadal Academy","article_published_time":"2025-11-28T10:00:00+00:00","article_modified_time":"2025-12-02T09:20:02+00:00","og_image":[{"width":1332,"height":865,"url":"https:\/\/www.rafanadalacademy.com\/wp-content\/uploads\/2025\/11\/Martin-Landuce-en-la-pista-central-de-la-Rafa-Nadal-Academy-e1764336831659.png","type":"image\/png"}],"author":"joseluisprados","twitter_card":"summary_large_image","twitter_misc":{"Written by":"joseluisprados","Est. reading time":"3 minutes"},"schema":{"@context":"https:\/\/schema.org","@graph":[{"@type":"Article","@id":"https:\/\/www.rafanadalacademy.com\/ca\/rafa-nadal-academy-by-movistar-ca\/martin-landaluce-disputara-les-next-gen-atp-finals-i-segueix-els-passos-de-munar-ruud-i-shelbayh\/#article","isPartOf":{"@id":"https:\/\/www.rafanadalacademy.com\/ca\/rafa-nadal-academy-by-movistar-ca\/martin-landaluce-disputara-les-next-gen-atp-finals-i-segueix-els-passos-de-munar-ruud-i-shelbayh\/"},"author":{"name":"joseluisprados","@id":"https:\/\/www.rafanadalacademy.com\/ca\/#\/schema\/person\/744897d6ee269641fff954376180ef01"},"headline":"Martin Landaluce disputar\u00e0 les Next Gen ATP Finals i segueix els passos de Munar, Ruud i Shelbayh","datePublished":"2025-11-28T10:00:00+00:00","dateModified":"2025-12-02T09:20:02+00:00","mainEntityOfPage":{"@id":"https:\/\/www.rafanadalacademy.com\/ca\/rafa-nadal-academy-by-movistar-ca\/martin-landaluce-disputara-les-next-gen-atp-finals-i-segueix-els-passos-de-munar-ruud-i-shelbayh\/"},"wordCount":552,"image":{"@id":"https:\/\/www.rafanadalacademy.com\/ca\/rafa-nadal-academy-by-movistar-ca\/martin-landaluce-disputara-les-next-gen-atp-finals-i-segueix-els-passos-de-munar-ruud-i-shelbayh\/#primaryimage"},"thumbnailUrl":"https:\/\/www.rafanadalacademy.com\/wp-content\/uploads\/2025\/11\/Martin-Landuce-en-la-pista-central-de-la-Rafa-Nadal-Academy-e1764336831659.png","keywords":["RAFA NADAL ACADEMY BY MOVISTAR"],"articleSection":["Not\u00edcies","RAFA NADAL ACADEMY BY MOVISTAR"],"inLanguage":"ca","copyrightYear":"2025","copyrightHolder":{"@id":"https:\/\/www.rafanadalacademy.com\/#organization"}},{"@type":"WebPage","@id":"https:\/\/www.rafanadalacademy.com\/ca\/rafa-nadal-academy-by-movistar-ca\/martin-landaluce-disputara-les-next-gen-atp-finals-i-segueix-els-passos-de-munar-ruud-i-shelbayh\/","url":"https:\/\/www.rafanadalacademy.com\/ca\/rafa-nadal-academy-by-movistar-ca\/martin-landaluce-disputara-les-next-gen-atp-finals-i-segueix-els-passos-de-munar-ruud-i-shelbayh\/","name":"Martin Landaluce disputar\u00e0 les Next Gen ATP Finals i segueix els passos de Munar, Ruud i Shelbayh - Rafa Nadal Academy","isPartOf":{"@id":"https:\/\/www.rafanadalacademy.com\/ca\/#website"},"primaryImageOfPage":{"@id":"https:\/\/www.rafanadalacademy.com\/ca\/rafa-nadal-academy-by-movistar-ca\/martin-landaluce-disputara-les-next-gen-atp-finals-i-segueix-els-passos-de-munar-ruud-i-shelbayh\/#primaryimage"},"image":{"@id":"https:\/\/www.rafanadalacademy.com\/ca\/rafa-nadal-academy-by-movistar-ca\/martin-landaluce-disputara-les-next-gen-atp-finals-i-segueix-els-passos-de-munar-ruud-i-shelbayh\/#primaryimage"},"thumbnailUrl":"https:\/\/www.rafanadalacademy.com\/wp-content\/uploads\/2025\/11\/Martin-Landuce-en-la-pista-central-de-la-Rafa-Nadal-Academy-e1764336831659.png","datePublished":"2025-11-28T10:00:00+00:00","dateModified":"2025-12-02T09:20:02+00:00","author":{"@id":"https:\/\/www.rafanadalacademy.com\/ca\/#\/schema\/person\/744897d6ee269641fff954376180ef01"},"description":"Martin Landaluce debutar\u00e0 a les Next Gen ATP Finals 2025, el torneig que reuneix els vuit millors tennistes menors de 21 anys de la temporada.","breadcrumb":{"@id":"https:\/\/www.rafanadalacademy.com\/ca\/rafa-nadal-academy-by-movistar-ca\/martin-landaluce-disputara-les-next-gen-atp-finals-i-segueix-els-passos-de-munar-ruud-i-shelbayh\/#breadcrumb"},"inLanguage":"ca","potentialAction":[{"@type":"ReadAction","target":["https:\/\/www.rafanadalacademy.com\/ca\/rafa-nadal-academy-by-movistar-ca\/martin-landaluce-disputara-les-next-gen-atp-finals-i-segueix-els-passos-de-munar-ruud-i-shelbayh\/"]}]},{"@type":"ImageObject","inLanguage":"ca","@id":"https:\/\/www.rafanadalacademy.com\/ca\/rafa-nadal-academy-by-movistar-ca\/martin-landaluce-disputara-les-next-gen-atp-finals-i-segueix-els-passos-de-munar-ruud-i-shelbayh\/#primaryimage","url":"https:\/\/www.rafanadalacademy.com\/wp-content\/uploads\/2025\/11\/Martin-Landuce-en-la-pista-central-de-la-Rafa-Nadal-Academy-e1764336831659.png","contentUrl":"https:\/\/www.rafanadalacademy.com\/wp-content\/uploads\/2025\/11\/Martin-Landuce-en-la-pista-central-de-la-Rafa-Nadal-Academy-e1764336831659.png","width":1332,"height":865},{"@type":"BreadcrumbList","@id":"https:\/\/www.rafanadalacademy.com\/ca\/rafa-nadal-academy-by-movistar-ca\/martin-landaluce-disputara-les-next-gen-atp-finals-i-segueix-els-passos-de-munar-ruud-i-shelbayh\/#breadcrumb","itemListElement":[{"@type":"ListItem","position":1,"name":"Home","item":"https:\/\/www.rafanadalacademy.com\/ca\/"},{"@type":"ListItem","position":2,"name":"Martin Landaluce disputar\u00e0 les Next Gen ATP Finals i segueix els passos de Munar, Ruud i Shelbayh"}]},{"@type":"WebSite","@id":"https:\/\/www.rafanadalacademy.com\/ca\/#website","url":"https:\/\/www.rafanadalacademy.com\/ca\/","name":"Rafa Nadal Academy","description":"Otro sitio realizado con WordPress","potentialAction":[{"@type":"SearchAction","target":{"@type":"EntryPoint","urlTemplate":"https:\/\/www.rafanadalacademy.com\/ca\/?s={search_term_string}"},"query-input":{"@type":"PropertyValueSpecification","valueRequired":true,"valueName":"search_term_string"}}],"inLanguage":"ca"},{"@type":"Person","@id":"https:\/\/www.rafanadalacademy.com\/ca\/#\/schema\/person\/744897d6ee269641fff954376180ef01","name":"joseluisprados","image":{"@type":"ImageObject","inLanguage":"ca","@id":"https:\/\/www.rafanadalacademy.com\/ca\/#\/schema\/person\/image\/","url":"https:\/\/secure.gravatar.com\/avatar\/8aa823a6e5501864ffab4785d9e2a994b59c2d45c9f9751c5a532abfec081e5f?s=96&d=mm&r=g","contentUrl":"https:\/\/secure.gravatar.com\/avatar\/8aa823a6e5501864ffab4785d9e2a994b59c2d45c9f9751c5a532abfec081e5f?s=96&d=mm&r=g","caption":"joseluisprados"},"url":"https:\/\/www.rafanadalacademy.com\/ca\/author\/joseluisprados\/"},{"@type":"ImageObject","inLanguage":"ca","@id":"https:\/\/www.rafanadalacademy.com\/ca\/rafa-nadal-academy-by-movistar-ca\/martin-landaluce-disputara-les-next-gen-atp-finals-i-segueix-els-passos-de-munar-ruud-i-shelbayh\/#local-main-organization-logo","url":"","contentUrl":"","caption":"Rafa Nadal Academy"}]}},"_links":{"self":[{"href":"https:\/\/www.rafanadalacademy.com\/ca\/wp-json\/wp\/v2\/posts\/37280","targetHints":{"allow":["GET"]}}],"collection":[{"href":"https:\/\/www.rafanadalacademy.com\/ca\/wp-json\/wp\/v2\/posts"}],"about":[{"href":"https:\/\/www.rafanadalacademy.com\/ca\/wp-json\/wp\/v2\/types\/post"}],"author":[{"embeddable":true,"href":"https:\/\/www.rafanadalacademy.com\/ca\/wp-json\/wp\/v2\/users\/23"}],"replies":[{"embeddable":true,"href":"https:\/\/www.rafanadalacademy.com\/ca\/wp-json\/wp\/v2\/comments?post=37280"}],"version-history":[{"count":1,"href":"https:\/\/www.rafanadalacademy.com\/ca\/wp-json\/wp\/v2\/posts\/37280\/revisions"}],"predecessor-version":[{"id":37281,"href":"https:\/\/www.rafanadalacademy.com\/ca\/wp-json\/wp\/v2\/posts\/37280\/revisions\/37281"}],"wp:featuredmedia":[{"embeddable":true,"href":"https:\/\/www.rafanadalacademy.com\/ca\/wp-json\/wp\/v2\/media\/37263"}],"wp:attachment":[{"href":"https:\/\/www.rafanadalacademy.com\/ca\/wp-json\/wp\/v2\/media?parent=37280"}],"wp:term":[{"taxonomy":"category","embeddable":true,"href":"https:\/\/www.rafanadalacademy.com\/ca\/wp-json\/wp\/v2\/categories?post=37280"},{"taxonomy":"post_tag","embeddable":true,"href":"https:\/\/www.rafanadalacademy.com\/ca\/wp-json\/wp\/v2\/tags?post=37280"}],"curies":[{"name":"wp","href":"https:\/\/api.w.org\/{rel}","templated":true}]}}