{"id":37196,"date":"2025-11-13T10:10:00","date_gmt":"2025-11-13T10:10:00","guid":{"rendered":"https:\/\/www.rafanadalacademy.com\/sin-categorizar\/la-rafa-nadal-academy-connecta-mallorca-i-el-caire-amb-un-innovador-projecte-educatiu-i-esportiu\/"},"modified":"2025-11-25T12:44:40","modified_gmt":"2025-11-25T12:44:40","slug":"la-rafa-nadal-academy-connecta-mallorca-i-el-caire-amb-un-innovador-projecte-educatiu-i-esportiu","status":"publish","type":"post","link":"https:\/\/www.rafanadalacademy.com\/ca\/rafa-nadal-academy-by-movistar-ca\/la-rafa-nadal-academy-connecta-mallorca-i-el-caire-amb-un-innovador-projecte-educatiu-i-esportiu\/","title":{"rendered":"La Rafa Nadal Academy connecta Mallorca i El Caire amb un innovador projecte educatiu i esportiu"},"content":{"rendered":"\n<p>La Rafa Nadal Academy continua ampliant la seva empremta a nivell global i consolidant la seva xarxa internacional de centres d&#8217;alt rendiment. Durant el mes d&#8217;octubre, l&#8217;equip de l&#8217;Acad\u00e8mia, liderat per Maribel Nadal, subdirectora general, va liderar l&#8217;expedici\u00f3 que va visitar el Rafa Nadal Tennis Programme a Uppingham Cairo, un dels projectes m\u00e9s recents dins de l&#8217;expansi\u00f3 internacional de la instituci\u00f3. Tamb\u00e9 hi van ser presents Amalia Riera, Directora d&#8217;Operacions de Projectes Internacionals i Antonio Arenas, Director de Comunicaci\u00f3.  <\/p>\n\n<figure class=\"wp-block-image size-full\"><img loading=\"lazy\" decoding=\"async\" width=\"1024\" height=\"683\" src=\"https:\/\/www.rafanadalacademy.com\/wp-content\/uploads\/2025\/11\/Edge-209.jpg\" alt=\"La Rafa Nadal Academy connecta Mallorca i El Caire amb un innovador projecte educatiu i esportiu  \" class=\"wp-image-37140\" srcset=\"https:\/\/www.rafanadalacademy.com\/wp-content\/uploads\/2025\/11\/Edge-209.jpg 1024w, https:\/\/www.rafanadalacademy.com\/wp-content\/uploads\/2025\/11\/Edge-209-300x200.jpg 300w, https:\/\/www.rafanadalacademy.com\/wp-content\/uploads\/2025\/11\/Edge-209-768x512.jpg 768w\" sizes=\"auto, (max-width: 1024px) 100vw, 1024px\" \/><\/figure>\n\n<div style=\"height:30px\" aria-hidden=\"true\" class=\"wp-block-spacer\"><\/div>\n\n<p>Durant la visita, l&#8217;equip va tenir l&#8217;oportunitat de con\u00e8ixer de primera m\u00e0 el treball liderat per Tom\u00e1s Prieto, Head Coach del centre, aix\u00ed com de rec\u00f3rrer unes instal\u00b7lacions que destaquen per la seva qualitat i el seu enfocament d&#8217;alt rendiment. La professionalitat de l&#8217;equip t\u00e8cnic i el notable progr\u00e9s dels joves jugadors van deixar una gran impressi\u00f3 en la delegaci\u00f3 mallorquina. <\/p>\n\n<p><em>&#8220;Ha estat una visita molt especial. Sempre ens fa il\u00b7lusi\u00f3 veure com en els centres internacionals es respiren els mateixos valors que promovem a la Rafa Nadal Academy. Les instal\u00b7lacions s\u00f3n espectaculars i Tom\u00e1s i tot l&#8217;equip estan fent una gran feina&#8221;<\/em> va assenyalar la mateixa Maribel Nadal.<\/p>\n\n<p>Aquest encontre, que va tenir com a amfitrions principals el Dr. Tamer Tammam, membre del board del col\u00b7legi i Noha Saad, Executive Board Member de New Era Education, va servir tamb\u00e9 per refor\u00e7ar la col\u00b7laboraci\u00f3 entre la Rafa Nadal Academy i el programa d&#8217;El Caire, garantint que tots els alumnes continu\u00efn rebent la mateixa metodologia d&#8217;entrenament i formaci\u00f3 integral que defineix l&#8217;Acad\u00e8mia a Mallorca.<\/p>\n\n<div style=\"height:30px\" aria-hidden=\"true\" class=\"wp-block-spacer\"><\/div>\n\n<figure class=\"wp-block-image size-full\"><img loading=\"lazy\" decoding=\"async\" width=\"1024\" height=\"683\" src=\"https:\/\/www.rafanadalacademy.com\/wp-content\/uploads\/2025\/11\/Edge-271.jpg\" alt=\"Rafa Nadal Tennis Programme a Uppingham Cairo\" class=\"wp-image-37148\" srcset=\"https:\/\/www.rafanadalacademy.com\/wp-content\/uploads\/2025\/11\/Edge-271.jpg 1024w, https:\/\/www.rafanadalacademy.com\/wp-content\/uploads\/2025\/11\/Edge-271-300x200.jpg 300w, https:\/\/www.rafanadalacademy.com\/wp-content\/uploads\/2025\/11\/Edge-271-768x512.jpg 768w\" sizes=\"auto, (max-width: 1024px) 100vw, 1024px\" \/><\/figure>\n\n<div style=\"height:30px\" aria-hidden=\"true\" class=\"wp-block-spacer\"><\/div>\n\n<p>El Rafa Nadal Tennis Programme d&#8217;Uppingham Cairo forma part de la xarxa internacional de centres vinculats a la Rafa Nadal Academy, l&#8217;expansi\u00f3 de la qual no ha deixat de cr\u00e9ixer en els \u00faltims anys.<\/p>\n\n<p>Tant aquest programa com els Rafa Nadal Tennis Center van n\u00e9ixer com una l\u00ednia complement\u00e0ria a la Rafa Nadal Academy a Mallorca. A m\u00e9s d&#8217;Egipte, la xarxa internacional de la Rafa Nadal Academy ja disposa de centres a Kuwait, Costa Mujeres (M\u00e8xic), Sani (Gr\u00e8cia), Hong Kong, Marbella, i Punta Cana. <\/p>\n","protected":false},"excerpt":{"rendered":"<p>La Rafa Nadal Academy continua ampliant la seva empremta a nivell global i consolidant la seva xarxa internacional de centres d&#8217;alt rendiment. Durant el mes d&#8217;octubre, l&#8217;equip de l&#8217;Acad\u00e8mia, liderat per Maribel Nadal, subdirectora general, va liderar l&#8217;expedici\u00f3 que va visitar el Rafa Nadal Tennis Programme a Uppingham Cairo, un dels projectes m\u00e9s recents dins<a href=\"https:\/\/www.rafanadalacademy.com\/ca\/rafa-nadal-academy-by-movistar-ca\/la-rafa-nadal-academy-connecta-mallorca-i-el-caire-amb-un-innovador-projecte-educatiu-i-esportiu\/\">Continue reading <span class=\"sr-only\">&#8220;La Rafa Nadal Academy connecta Mallorca i El Caire amb un innovador projecte educatiu i esportiu&#8221;<\/span><\/a><\/p>\n","protected":false},"author":23,"featured_media":37132,"comment_status":"closed","ping_status":"closed","sticky":false,"template":"","format":"standard","meta":{"_acf_changed":false,"footnotes":""},"categories":[157,209],"tags":[210],"class_list":["post-37196","post","type-post","status-publish","format-standard","has-post-thumbnail","hentry","category-noticies","category-rafa-nadal-academy-by-movistar-ca","tag-rafa-nadal-academy-by-movistar-ca"],"acf":[],"yoast_head":"<!-- This site is optimized with the Yoast SEO Premium plugin v26.8 (Yoast SEO v26.9) - https:\/\/yoast.com\/product\/yoast-seo-premium-wordpress\/ -->\n<title>La Rafa Nadal Academy connecta Mallorca i El Caire amb un innovador projecte educatiu i esportiu - Rafa Nadal Academy<\/title>\n<meta name=\"description\" content=\"La Rafa Nadal Academy continua ampliant la seva empremta a nivell global i consolidant la seva xarxa internacional de centres d&#039;alt rendiment. Durant el mes d&#039;octubre, l&#039;equip de l&#039;Acad\u00e8mia, liderat per Maribel Nadal, subdirectora general, va liderar l&#039;expedici\u00f3 que va visitar el Rafa Nadal Tennis Programme a Uppingham Cairo, un dels projectes m\u00e9s recents dins de l&#039;expansi\u00f3 internacional.\" \/>\n<meta name=\"robots\" content=\"index, follow, max-snippet:-1, max-image-preview:large, max-video-preview:-1\" \/>\n<link rel=\"canonical\" href=\"https:\/\/www.rafanadalacademy.com\/ca\/rafa-nadal-academy-by-movistar-ca\/la-rafa-nadal-academy-connecta-mallorca-i-el-caire-amb-un-innovador-projecte-educatiu-i-esportiu\/\" \/>\n<meta property=\"og:locale\" content=\"ca_ES\" \/>\n<meta property=\"og:type\" content=\"article\" \/>\n<meta property=\"og:title\" content=\"La Rafa Nadal Academy connecta Mallorca i El Caire amb un innovador projecte educatiu i esportiu\" \/>\n<meta property=\"og:description\" content=\"La Rafa Nadal Academy continua ampliant la seva empremta a nivell global i consolidant la seva xarxa internacional de centres d&#039;alt rendiment. Durant el mes d&#039;octubre, l&#039;equip de l&#039;Acad\u00e8mia, liderat per Maribel Nadal, subdirectora general, va liderar l&#039;expedici\u00f3 que va visitar el Rafa Nadal Tennis Programme a Uppingham Cairo, un dels projectes m\u00e9s recents dins de l&#039;expansi\u00f3 internacional.\" \/>\n<meta property=\"og:url\" content=\"https:\/\/www.rafanadalacademy.com\/ca\/rafa-nadal-academy-by-movistar-ca\/la-rafa-nadal-academy-connecta-mallorca-i-el-caire-amb-un-innovador-projecte-educatiu-i-esportiu\/\" \/>\n<meta property=\"og:site_name\" content=\"Rafa Nadal Academy\" \/>\n<meta property=\"article:published_time\" content=\"2025-11-13T10:10:00+00:00\" \/>\n<meta property=\"article:modified_time\" content=\"2025-11-25T12:44:40+00:00\" \/>\n<meta property=\"og:image\" content=\"https:\/\/www.rafanadalacademy.com\/wp-content\/uploads\/2025\/11\/Edge-179-e1764065022477.jpg\" \/>\n\t<meta property=\"og:image:width\" content=\"1024\" \/>\n\t<meta property=\"og:image:height\" content=\"683\" \/>\n\t<meta property=\"og:image:type\" content=\"image\/jpeg\" \/>\n<meta name=\"author\" content=\"joseluisprados\" \/>\n<meta name=\"twitter:card\" content=\"summary_large_image\" \/>\n<meta name=\"twitter:label1\" content=\"Written by\" \/>\n\t<meta name=\"twitter:data1\" content=\"joseluisprados\" \/>\n\t<meta name=\"twitter:label2\" content=\"Est. reading time\" \/>\n\t<meta name=\"twitter:data2\" content=\"2 minutes\" \/>\n<script type=\"application\/ld+json\" class=\"yoast-schema-graph\">{\"@context\":\"https:\/\/schema.org\",\"@graph\":[{\"@type\":\"Article\",\"@id\":\"https:\/\/www.rafanadalacademy.com\/ca\/rafa-nadal-academy-by-movistar-ca\/la-rafa-nadal-academy-connecta-mallorca-i-el-caire-amb-un-innovador-projecte-educatiu-i-esportiu\/#article\",\"isPartOf\":{\"@id\":\"https:\/\/www.rafanadalacademy.com\/ca\/rafa-nadal-academy-by-movistar-ca\/la-rafa-nadal-academy-connecta-mallorca-i-el-caire-amb-un-innovador-projecte-educatiu-i-esportiu\/\"},\"author\":{\"name\":\"joseluisprados\",\"@id\":\"https:\/\/www.rafanadalacademy.com\/ca\/#\/schema\/person\/744897d6ee269641fff954376180ef01\"},\"headline\":\"La Rafa Nadal Academy connecta Mallorca i El Caire amb un innovador projecte educatiu i esportiu\",\"datePublished\":\"2025-11-13T10:10:00+00:00\",\"dateModified\":\"2025-11-25T12:44:40+00:00\",\"mainEntityOfPage\":{\"@id\":\"https:\/\/www.rafanadalacademy.com\/ca\/rafa-nadal-academy-by-movistar-ca\/la-rafa-nadal-academy-connecta-mallorca-i-el-caire-amb-un-innovador-projecte-educatiu-i-esportiu\/\"},\"wordCount\":394,\"image\":{\"@id\":\"https:\/\/www.rafanadalacademy.com\/ca\/rafa-nadal-academy-by-movistar-ca\/la-rafa-nadal-academy-connecta-mallorca-i-el-caire-amb-un-innovador-projecte-educatiu-i-esportiu\/#primaryimage\"},\"thumbnailUrl\":\"https:\/\/www.rafanadalacademy.com\/wp-content\/uploads\/2025\/11\/Edge-179-e1764065022477.jpg\",\"keywords\":[\"RAFA NADAL ACADEMY BY MOVISTAR\"],\"articleSection\":[\"Not\u00edcies\",\"RAFA NADAL ACADEMY BY MOVISTAR\"],\"inLanguage\":\"ca\",\"copyrightYear\":\"2025\",\"copyrightHolder\":{\"@id\":\"https:\/\/www.rafanadalacademy.com\/#organization\"}},{\"@type\":\"WebPage\",\"@id\":\"https:\/\/www.rafanadalacademy.com\/ca\/rafa-nadal-academy-by-movistar-ca\/la-rafa-nadal-academy-connecta-mallorca-i-el-caire-amb-un-innovador-projecte-educatiu-i-esportiu\/\",\"url\":\"https:\/\/www.rafanadalacademy.com\/ca\/rafa-nadal-academy-by-movistar-ca\/la-rafa-nadal-academy-connecta-mallorca-i-el-caire-amb-un-innovador-projecte-educatiu-i-esportiu\/\",\"name\":\"La Rafa Nadal Academy connecta Mallorca i El Caire amb un innovador projecte educatiu i esportiu - Rafa Nadal Academy\",\"isPartOf\":{\"@id\":\"https:\/\/www.rafanadalacademy.com\/ca\/#website\"},\"primaryImageOfPage\":{\"@id\":\"https:\/\/www.rafanadalacademy.com\/ca\/rafa-nadal-academy-by-movistar-ca\/la-rafa-nadal-academy-connecta-mallorca-i-el-caire-amb-un-innovador-projecte-educatiu-i-esportiu\/#primaryimage\"},\"image\":{\"@id\":\"https:\/\/www.rafanadalacademy.com\/ca\/rafa-nadal-academy-by-movistar-ca\/la-rafa-nadal-academy-connecta-mallorca-i-el-caire-amb-un-innovador-projecte-educatiu-i-esportiu\/#primaryimage\"},\"thumbnailUrl\":\"https:\/\/www.rafanadalacademy.com\/wp-content\/uploads\/2025\/11\/Edge-179-e1764065022477.jpg\",\"datePublished\":\"2025-11-13T10:10:00+00:00\",\"dateModified\":\"2025-11-25T12:44:40+00:00\",\"author\":{\"@id\":\"https:\/\/www.rafanadalacademy.com\/ca\/#\/schema\/person\/744897d6ee269641fff954376180ef01\"},\"description\":\"La Rafa Nadal Academy continua ampliant la seva empremta a nivell global i consolidant la seva xarxa internacional de centres d'alt rendiment. Durant el mes d'octubre, l'equip de l'Acad\u00e8mia, liderat per Maribel Nadal, subdirectora general, va liderar l'expedici\u00f3 que va visitar el Rafa Nadal Tennis Programme a Uppingham Cairo, un dels projectes m\u00e9s recents dins de l'expansi\u00f3 internacional.\",\"breadcrumb\":{\"@id\":\"https:\/\/www.rafanadalacademy.com\/ca\/rafa-nadal-academy-by-movistar-ca\/la-rafa-nadal-academy-connecta-mallorca-i-el-caire-amb-un-innovador-projecte-educatiu-i-esportiu\/#breadcrumb\"},\"inLanguage\":\"ca\",\"potentialAction\":[{\"@type\":\"ReadAction\",\"target\":[\"https:\/\/www.rafanadalacademy.com\/ca\/rafa-nadal-academy-by-movistar-ca\/la-rafa-nadal-academy-connecta-mallorca-i-el-caire-amb-un-innovador-projecte-educatiu-i-esportiu\/\"]}]},{\"@type\":\"ImageObject\",\"inLanguage\":\"ca\",\"@id\":\"https:\/\/www.rafanadalacademy.com\/ca\/rafa-nadal-academy-by-movistar-ca\/la-rafa-nadal-academy-connecta-mallorca-i-el-caire-amb-un-innovador-projecte-educatiu-i-esportiu\/#primaryimage\",\"url\":\"https:\/\/www.rafanadalacademy.com\/wp-content\/uploads\/2025\/11\/Edge-179-e1764065022477.jpg\",\"contentUrl\":\"https:\/\/www.rafanadalacademy.com\/wp-content\/uploads\/2025\/11\/Edge-179-e1764065022477.jpg\",\"width\":1024,\"height\":683,\"caption\":\"Maribel Nadal, durante su visita al Rafa Nadal Tennis Programme en Uppingham Cairo\"},{\"@type\":\"BreadcrumbList\",\"@id\":\"https:\/\/www.rafanadalacademy.com\/ca\/rafa-nadal-academy-by-movistar-ca\/la-rafa-nadal-academy-connecta-mallorca-i-el-caire-amb-un-innovador-projecte-educatiu-i-esportiu\/#breadcrumb\",\"itemListElement\":[{\"@type\":\"ListItem\",\"position\":1,\"name\":\"Home\",\"item\":\"https:\/\/www.rafanadalacademy.com\/ca\/\"},{\"@type\":\"ListItem\",\"position\":2,\"name\":\"La Rafa Nadal Academy connecta Mallorca i El Caire amb un innovador projecte educatiu i esportiu\"}]},{\"@type\":\"WebSite\",\"@id\":\"https:\/\/www.rafanadalacademy.com\/ca\/#website\",\"url\":\"https:\/\/www.rafanadalacademy.com\/ca\/\",\"name\":\"Rafa Nadal Academy\",\"description\":\"Otro sitio realizado con WordPress\",\"potentialAction\":[{\"@type\":\"SearchAction\",\"target\":{\"@type\":\"EntryPoint\",\"urlTemplate\":\"https:\/\/www.rafanadalacademy.com\/ca\/?s={search_term_string}\"},\"query-input\":{\"@type\":\"PropertyValueSpecification\",\"valueRequired\":true,\"valueName\":\"search_term_string\"}}],\"inLanguage\":\"ca\"},{\"@type\":\"Person\",\"@id\":\"https:\/\/www.rafanadalacademy.com\/ca\/#\/schema\/person\/744897d6ee269641fff954376180ef01\",\"name\":\"joseluisprados\",\"image\":{\"@type\":\"ImageObject\",\"inLanguage\":\"ca\",\"@id\":\"https:\/\/www.rafanadalacademy.com\/ca\/#\/schema\/person\/image\/\",\"url\":\"https:\/\/secure.gravatar.com\/avatar\/8aa823a6e5501864ffab4785d9e2a994b59c2d45c9f9751c5a532abfec081e5f?s=96&d=mm&r=g\",\"contentUrl\":\"https:\/\/secure.gravatar.com\/avatar\/8aa823a6e5501864ffab4785d9e2a994b59c2d45c9f9751c5a532abfec081e5f?s=96&d=mm&r=g\",\"caption\":\"joseluisprados\"},\"url\":\"https:\/\/www.rafanadalacademy.com\/ca\/author\/joseluisprados\/\"},{\"@type\":\"ImageObject\",\"inLanguage\":\"ca\",\"@id\":\"https:\/\/www.rafanadalacademy.com\/ca\/rafa-nadal-academy-by-movistar-ca\/la-rafa-nadal-academy-connecta-mallorca-i-el-caire-amb-un-innovador-projecte-educatiu-i-esportiu\/#local-main-organization-logo\",\"url\":\"\",\"contentUrl\":\"\",\"caption\":\"Rafa Nadal Academy\"}]}<\/script>\n<!-- \/ Yoast SEO Premium plugin. -->","yoast_head_json":{"title":"La Rafa Nadal Academy connecta Mallorca i El Caire amb un innovador projecte educatiu i esportiu - Rafa Nadal Academy","description":"La Rafa Nadal Academy continua ampliant la seva empremta a nivell global i consolidant la seva xarxa internacional de centres d'alt rendiment. Durant el mes d'octubre, l'equip de l'Acad\u00e8mia, liderat per Maribel Nadal, subdirectora general, va liderar l'expedici\u00f3 que va visitar el Rafa Nadal Tennis Programme a Uppingham Cairo, un dels projectes m\u00e9s recents dins de l'expansi\u00f3 internacional.","robots":{"index":"index","follow":"follow","max-snippet":"max-snippet:-1","max-image-preview":"max-image-preview:large","max-video-preview":"max-video-preview:-1"},"canonical":"https:\/\/www.rafanadalacademy.com\/ca\/rafa-nadal-academy-by-movistar-ca\/la-rafa-nadal-academy-connecta-mallorca-i-el-caire-amb-un-innovador-projecte-educatiu-i-esportiu\/","og_locale":"ca_ES","og_type":"article","og_title":"La Rafa Nadal Academy connecta Mallorca i El Caire amb un innovador projecte educatiu i esportiu","og_description":"La Rafa Nadal Academy continua ampliant la seva empremta a nivell global i consolidant la seva xarxa internacional de centres d'alt rendiment. Durant el mes d'octubre, l'equip de l'Acad\u00e8mia, liderat per Maribel Nadal, subdirectora general, va liderar l'expedici\u00f3 que va visitar el Rafa Nadal Tennis Programme a Uppingham Cairo, un dels projectes m\u00e9s recents dins de l'expansi\u00f3 internacional.","og_url":"https:\/\/www.rafanadalacademy.com\/ca\/rafa-nadal-academy-by-movistar-ca\/la-rafa-nadal-academy-connecta-mallorca-i-el-caire-amb-un-innovador-projecte-educatiu-i-esportiu\/","og_site_name":"Rafa Nadal Academy","article_published_time":"2025-11-13T10:10:00+00:00","article_modified_time":"2025-11-25T12:44:40+00:00","og_image":[{"width":1024,"height":683,"url":"https:\/\/www.rafanadalacademy.com\/wp-content\/uploads\/2025\/11\/Edge-179-e1764065022477.jpg","type":"image\/jpeg"}],"author":"joseluisprados","twitter_card":"summary_large_image","twitter_misc":{"Written by":"joseluisprados","Est. reading time":"2 minutes"},"schema":{"@context":"https:\/\/schema.org","@graph":[{"@type":"Article","@id":"https:\/\/www.rafanadalacademy.com\/ca\/rafa-nadal-academy-by-movistar-ca\/la-rafa-nadal-academy-connecta-mallorca-i-el-caire-amb-un-innovador-projecte-educatiu-i-esportiu\/#article","isPartOf":{"@id":"https:\/\/www.rafanadalacademy.com\/ca\/rafa-nadal-academy-by-movistar-ca\/la-rafa-nadal-academy-connecta-mallorca-i-el-caire-amb-un-innovador-projecte-educatiu-i-esportiu\/"},"author":{"name":"joseluisprados","@id":"https:\/\/www.rafanadalacademy.com\/ca\/#\/schema\/person\/744897d6ee269641fff954376180ef01"},"headline":"La Rafa Nadal Academy connecta Mallorca i El Caire amb un innovador projecte educatiu i esportiu","datePublished":"2025-11-13T10:10:00+00:00","dateModified":"2025-11-25T12:44:40+00:00","mainEntityOfPage":{"@id":"https:\/\/www.rafanadalacademy.com\/ca\/rafa-nadal-academy-by-movistar-ca\/la-rafa-nadal-academy-connecta-mallorca-i-el-caire-amb-un-innovador-projecte-educatiu-i-esportiu\/"},"wordCount":394,"image":{"@id":"https:\/\/www.rafanadalacademy.com\/ca\/rafa-nadal-academy-by-movistar-ca\/la-rafa-nadal-academy-connecta-mallorca-i-el-caire-amb-un-innovador-projecte-educatiu-i-esportiu\/#primaryimage"},"thumbnailUrl":"https:\/\/www.rafanadalacademy.com\/wp-content\/uploads\/2025\/11\/Edge-179-e1764065022477.jpg","keywords":["RAFA NADAL ACADEMY BY MOVISTAR"],"articleSection":["Not\u00edcies","RAFA NADAL ACADEMY BY MOVISTAR"],"inLanguage":"ca","copyrightYear":"2025","copyrightHolder":{"@id":"https:\/\/www.rafanadalacademy.com\/#organization"}},{"@type":"WebPage","@id":"https:\/\/www.rafanadalacademy.com\/ca\/rafa-nadal-academy-by-movistar-ca\/la-rafa-nadal-academy-connecta-mallorca-i-el-caire-amb-un-innovador-projecte-educatiu-i-esportiu\/","url":"https:\/\/www.rafanadalacademy.com\/ca\/rafa-nadal-academy-by-movistar-ca\/la-rafa-nadal-academy-connecta-mallorca-i-el-caire-amb-un-innovador-projecte-educatiu-i-esportiu\/","name":"La Rafa Nadal Academy connecta Mallorca i El Caire amb un innovador projecte educatiu i esportiu - Rafa Nadal Academy","isPartOf":{"@id":"https:\/\/www.rafanadalacademy.com\/ca\/#website"},"primaryImageOfPage":{"@id":"https:\/\/www.rafanadalacademy.com\/ca\/rafa-nadal-academy-by-movistar-ca\/la-rafa-nadal-academy-connecta-mallorca-i-el-caire-amb-un-innovador-projecte-educatiu-i-esportiu\/#primaryimage"},"image":{"@id":"https:\/\/www.rafanadalacademy.com\/ca\/rafa-nadal-academy-by-movistar-ca\/la-rafa-nadal-academy-connecta-mallorca-i-el-caire-amb-un-innovador-projecte-educatiu-i-esportiu\/#primaryimage"},"thumbnailUrl":"https:\/\/www.rafanadalacademy.com\/wp-content\/uploads\/2025\/11\/Edge-179-e1764065022477.jpg","datePublished":"2025-11-13T10:10:00+00:00","dateModified":"2025-11-25T12:44:40+00:00","author":{"@id":"https:\/\/www.rafanadalacademy.com\/ca\/#\/schema\/person\/744897d6ee269641fff954376180ef01"},"description":"La Rafa Nadal Academy continua ampliant la seva empremta a nivell global i consolidant la seva xarxa internacional de centres d'alt rendiment. Durant el mes d'octubre, l'equip de l'Acad\u00e8mia, liderat per Maribel Nadal, subdirectora general, va liderar l'expedici\u00f3 que va visitar el Rafa Nadal Tennis Programme a Uppingham Cairo, un dels projectes m\u00e9s recents dins de l'expansi\u00f3 internacional.","breadcrumb":{"@id":"https:\/\/www.rafanadalacademy.com\/ca\/rafa-nadal-academy-by-movistar-ca\/la-rafa-nadal-academy-connecta-mallorca-i-el-caire-amb-un-innovador-projecte-educatiu-i-esportiu\/#breadcrumb"},"inLanguage":"ca","potentialAction":[{"@type":"ReadAction","target":["https:\/\/www.rafanadalacademy.com\/ca\/rafa-nadal-academy-by-movistar-ca\/la-rafa-nadal-academy-connecta-mallorca-i-el-caire-amb-un-innovador-projecte-educatiu-i-esportiu\/"]}]},{"@type":"ImageObject","inLanguage":"ca","@id":"https:\/\/www.rafanadalacademy.com\/ca\/rafa-nadal-academy-by-movistar-ca\/la-rafa-nadal-academy-connecta-mallorca-i-el-caire-amb-un-innovador-projecte-educatiu-i-esportiu\/#primaryimage","url":"https:\/\/www.rafanadalacademy.com\/wp-content\/uploads\/2025\/11\/Edge-179-e1764065022477.jpg","contentUrl":"https:\/\/www.rafanadalacademy.com\/wp-content\/uploads\/2025\/11\/Edge-179-e1764065022477.jpg","width":1024,"height":683,"caption":"Maribel Nadal, durante su visita al Rafa Nadal Tennis Programme en Uppingham Cairo"},{"@type":"BreadcrumbList","@id":"https:\/\/www.rafanadalacademy.com\/ca\/rafa-nadal-academy-by-movistar-ca\/la-rafa-nadal-academy-connecta-mallorca-i-el-caire-amb-un-innovador-projecte-educatiu-i-esportiu\/#breadcrumb","itemListElement":[{"@type":"ListItem","position":1,"name":"Home","item":"https:\/\/www.rafanadalacademy.com\/ca\/"},{"@type":"ListItem","position":2,"name":"La Rafa Nadal Academy connecta Mallorca i El Caire amb un innovador projecte educatiu i esportiu"}]},{"@type":"WebSite","@id":"https:\/\/www.rafanadalacademy.com\/ca\/#website","url":"https:\/\/www.rafanadalacademy.com\/ca\/","name":"Rafa Nadal Academy","description":"Otro sitio realizado con WordPress","potentialAction":[{"@type":"SearchAction","target":{"@type":"EntryPoint","urlTemplate":"https:\/\/www.rafanadalacademy.com\/ca\/?s={search_term_string}"},"query-input":{"@type":"PropertyValueSpecification","valueRequired":true,"valueName":"search_term_string"}}],"inLanguage":"ca"},{"@type":"Person","@id":"https:\/\/www.rafanadalacademy.com\/ca\/#\/schema\/person\/744897d6ee269641fff954376180ef01","name":"joseluisprados","image":{"@type":"ImageObject","inLanguage":"ca","@id":"https:\/\/www.rafanadalacademy.com\/ca\/#\/schema\/person\/image\/","url":"https:\/\/secure.gravatar.com\/avatar\/8aa823a6e5501864ffab4785d9e2a994b59c2d45c9f9751c5a532abfec081e5f?s=96&d=mm&r=g","contentUrl":"https:\/\/secure.gravatar.com\/avatar\/8aa823a6e5501864ffab4785d9e2a994b59c2d45c9f9751c5a532abfec081e5f?s=96&d=mm&r=g","caption":"joseluisprados"},"url":"https:\/\/www.rafanadalacademy.com\/ca\/author\/joseluisprados\/"},{"@type":"ImageObject","inLanguage":"ca","@id":"https:\/\/www.rafanadalacademy.com\/ca\/rafa-nadal-academy-by-movistar-ca\/la-rafa-nadal-academy-connecta-mallorca-i-el-caire-amb-un-innovador-projecte-educatiu-i-esportiu\/#local-main-organization-logo","url":"","contentUrl":"","caption":"Rafa Nadal Academy"}]}},"_links":{"self":[{"href":"https:\/\/www.rafanadalacademy.com\/ca\/wp-json\/wp\/v2\/posts\/37196","targetHints":{"allow":["GET"]}}],"collection":[{"href":"https:\/\/www.rafanadalacademy.com\/ca\/wp-json\/wp\/v2\/posts"}],"about":[{"href":"https:\/\/www.rafanadalacademy.com\/ca\/wp-json\/wp\/v2\/types\/post"}],"author":[{"embeddable":true,"href":"https:\/\/www.rafanadalacademy.com\/ca\/wp-json\/wp\/v2\/users\/23"}],"replies":[{"embeddable":true,"href":"https:\/\/www.rafanadalacademy.com\/ca\/wp-json\/wp\/v2\/comments?post=37196"}],"version-history":[{"count":1,"href":"https:\/\/www.rafanadalacademy.com\/ca\/wp-json\/wp\/v2\/posts\/37196\/revisions"}],"predecessor-version":[{"id":37197,"href":"https:\/\/www.rafanadalacademy.com\/ca\/wp-json\/wp\/v2\/posts\/37196\/revisions\/37197"}],"wp:featuredmedia":[{"embeddable":true,"href":"https:\/\/www.rafanadalacademy.com\/ca\/wp-json\/wp\/v2\/media\/37132"}],"wp:attachment":[{"href":"https:\/\/www.rafanadalacademy.com\/ca\/wp-json\/wp\/v2\/media?parent=37196"}],"wp:term":[{"taxonomy":"category","embeddable":true,"href":"https:\/\/www.rafanadalacademy.com\/ca\/wp-json\/wp\/v2\/categories?post=37196"},{"taxonomy":"post_tag","embeddable":true,"href":"https:\/\/www.rafanadalacademy.com\/ca\/wp-json\/wp\/v2\/tags?post=37196"}],"curies":[{"name":"wp","href":"https:\/\/api.w.org\/{rel}","templated":true}]}}