{"id":37158,"date":"2025-11-25T09:05:07","date_gmt":"2025-11-25T09:05:07","guid":{"rendered":"https:\/\/www.rafanadalacademy.com\/sin-categorizar\/jaume-munar-tanca-el-millor-any-de-la-seva-carrera\/"},"modified":"2025-11-25T12:29:17","modified_gmt":"2025-11-25T12:29:17","slug":"jaume-munar-tanca-el-millor-any-de-la-seva-carrera","status":"publish","type":"post","link":"https:\/\/www.rafanadalacademy.com\/ca\/rafa-nadal-academy-by-movistar-ca\/jaume-munar-tanca-el-millor-any-de-la-seva-carrera\/","title":{"rendered":"Jaume Munar tanca el millor any de la seva carrera"},"content":{"rendered":"\n<p><strong>Jaume Munar<\/strong> va posar fi a la temporada 2025, sens dubte la m<strong>\u00e9s exitosa de la seva carrera en el circuit ATP<\/strong>, disputant amb Espanya la gran final de la Copa Davis celebrada a Bolonya davant It\u00e0lia, que va tornar a proclamar-se campiona per tercera edici\u00f3 consecutiva.<\/p>\n\n<figure class=\"wp-block-image size-large\"><img loading=\"lazy\" decoding=\"async\" width=\"1024\" height=\"630\" src=\"https:\/\/www.rafanadalacademy.com\/wp-content\/uploads\/2025\/11\/MUNAR-COPA-DAVIS-II-scaled-e1764061251166-1024x630.jpg\" alt=\"Jaume Munar, a la final de la Copa Davis 2025\" class=\"wp-image-37092\" srcset=\"https:\/\/www.rafanadalacademy.com\/wp-content\/uploads\/2025\/11\/MUNAR-COPA-DAVIS-II-scaled-e1764061251166-1024x630.jpg 1024w, https:\/\/www.rafanadalacademy.com\/wp-content\/uploads\/2025\/11\/MUNAR-COPA-DAVIS-II-scaled-e1764061251166-300x184.jpg 300w, https:\/\/www.rafanadalacademy.com\/wp-content\/uploads\/2025\/11\/MUNAR-COPA-DAVIS-II-scaled-e1764061251166-768x472.jpg 768w, https:\/\/www.rafanadalacademy.com\/wp-content\/uploads\/2025\/11\/MUNAR-COPA-DAVIS-II-scaled-e1764061251166-1536x944.jpg 1536w, https:\/\/www.rafanadalacademy.com\/wp-content\/uploads\/2025\/11\/MUNAR-COPA-DAVIS-II-scaled-e1764061251166-2048x1259.jpg 2048w\" sizes=\"auto, (max-width: 1024px) 100vw, 1024px\" \/><figcaption class=\"wp-element-caption\">Jaume Munar, a la final de la Copa Davis 2025<\/figcaption><\/figure>\n\n<div style=\"height:30px\" aria-hidden=\"true\" class=\"wp-block-spacer\"><\/div>\n\n<p>La pres\u00e8ncia del mallorqu\u00ed a la convocat\u00f2ria espanyola confirma l&#8217;estatus que ha assolit aquest any, consolidant-se com un dels jugadors m\u00e9s fiables del circuit i una pe\u00e7a important per a l&#8217;equip nacional.<\/p>\n\n<p>Des del passat 25 d&#8217;octubre, <strong>Munar ocupa el lloc n\u00famero 36 del r\u00e0nquing ATP<\/strong>, la millor classificaci\u00f3 de la seva carrera. El seu ascens s&#8217;ha fonamentat en una temporada plena de fites, comen\u00e7ant per la seva actuaci\u00f3 excel\u00b7lent a l&#8217;US Open, on va assolir per primera vegada els vuitens de final d&#8217;un Grand Slam. En ess\u00e8ncia, un punt d&#8217;inflexi\u00f3 en la seva traject\u00f2ria.  <\/p>\n\n<p>A m\u00e9s, el tennista format a la <strong>Rafa Nadal Academy<\/strong> ha brillat en diversos tornejos del calendari, assolint les semifinals a Basilea i Dallas \u2014tots dos ATP 500\u2014 i a Hong Kong (ATP 250). A nivell Masters 1000, va signar uns meritoris vuitens de final a Roma. <\/p>\n\n<div style=\"height:30px\" aria-hidden=\"true\" class=\"wp-block-spacer\"><\/div>\n\n<figure class=\"wp-block-image size-large\"><img loading=\"lazy\" decoding=\"async\" width=\"1024\" height=\"683\" src=\"https:\/\/www.rafanadalacademy.com\/wp-content\/uploads\/2025\/11\/ESPANA-COPA-DAVIS-2025-1024x683.jpg\" alt=\"L'equip espanyol de Copa Davis 2025 a la final davant d'It&#xE0;lia\" class=\"wp-image-37108\" srcset=\"https:\/\/www.rafanadalacademy.com\/wp-content\/uploads\/2025\/11\/ESPANA-COPA-DAVIS-2025-1024x683.jpg 1024w, https:\/\/www.rafanadalacademy.com\/wp-content\/uploads\/2025\/11\/ESPANA-COPA-DAVIS-2025-300x200.jpg 300w, https:\/\/www.rafanadalacademy.com\/wp-content\/uploads\/2025\/11\/ESPANA-COPA-DAVIS-2025-768x512.jpg 768w, https:\/\/www.rafanadalacademy.com\/wp-content\/uploads\/2025\/11\/ESPANA-COPA-DAVIS-2025-1536x1024.jpg 1536w, https:\/\/www.rafanadalacademy.com\/wp-content\/uploads\/2025\/11\/ESPANA-COPA-DAVIS-2025-2048x1365.jpg 2048w\" sizes=\"auto, (max-width: 1024px) 100vw, 1024px\" \/><\/figure>\n\n<div style=\"height:30px\" aria-hidden=\"true\" class=\"wp-block-spacer\"><\/div>\n\n<p>Un dels aspectes m\u00e9s destacats de la seva temporada ha estat el seu rendiment en pistes indoor, on va mostrar un nivell excepcional, constant i competitiu davant rivals de gran entitat. Prova d&#8217;aix\u00f2, <strong>les seves vict\u00f2ries davant jugadors del Top 10<\/strong>, com Ben Shelton, a Basilea, i Daniil Medvedev, a Miami, dos triomfs que van consolidar el seu salt de qualitat. <\/p>\n\n<p>Munar reconeix que est\u00e0 vivint un moment molt especial de la seva carrera:<br\/>&#8220;Ha estat un any molt positiu. A nivell tenn\u00edstic he millorat en molt\u00edssims aspectes i la maduresa m&#8217;est\u00e0 ajudant a competir millor. Sento que s\u00f3c un jugador cada cop m\u00e9s complet. Estic molt content amb el que he aconseguit, per\u00f2 tinc clar que vull m\u00e9s&#8221;, va explicar despr\u00e9s de tancar la temporada.<\/p>\n\n<div style=\"height:30px\" aria-hidden=\"true\" class=\"wp-block-spacer\"><\/div>\n\n<figure class=\"wp-block-embed is-type-video is-provider-youtube wp-block-embed-youtube wp-embed-aspect-16-9 wp-has-aspect-ratio\"><div class=\"wp-block-embed__wrapper\">\n<iframe loading=\"lazy\" title=\"Jaume Munar hace balance del mejor a\u00f1o de su carrera\" width=\"500\" height=\"281\" src=\"https:\/\/www.youtube.com\/embed\/QDL85W8q2Sg?feature=oembed\" frameborder=\"0\" allow=\"accelerometer; autoplay; clipboard-write; encrypted-media; gyroscope; picture-in-picture; web-share\" referrerpolicy=\"strict-origin-when-cross-origin\" allowfullscreen><\/iframe>\n<\/div><\/figure>\n\n<div style=\"height:30px\" aria-hidden=\"true\" class=\"wp-block-spacer\"><\/div>\n\n<p>La final de la Copa Davis va posar, a m\u00e9s, el colof\u00f3 perfecte a un 2025 inoblidable per al mallorqu\u00ed, que tanca el curs com un dels grans noms del tennis espanyol en el panorama internacional.<\/p>\n\n<p>Des de la Rafa Nadal Academy t&#8217;agra\u00efm, Jaume, per la teva garra, lluita, passi\u00f3 i per donar-ho absolutament tot a la pista. Enhorabona a Espanya, David Ferrer i a la Reial Federaci\u00f3 Espanyola de Tennis pel seu resultat a la Copa Davis. <\/p>\n","protected":false},"excerpt":{"rendered":"<p>Jaume Munar va posar fi a la temporada 2025, sens dubte la m\u00e9s exitosa de la seva carrera en el circuit ATP, disputant amb Espanya la gran final de la Copa Davis celebrada a Bolonya davant It\u00e0lia, que va tornar a proclamar-se campiona per tercera edici\u00f3 consecutiva. La pres\u00e8ncia del mallorqu\u00ed a la convocat\u00f2ria espanyola<a href=\"https:\/\/www.rafanadalacademy.com\/ca\/rafa-nadal-academy-by-movistar-ca\/jaume-munar-tanca-el-millor-any-de-la-seva-carrera\/\">Continue reading <span class=\"sr-only\">&#8220;Jaume Munar tanca el millor any de la seva carrera&#8221;<\/span><\/a><\/p>\n","protected":false},"author":23,"featured_media":37101,"comment_status":"closed","ping_status":"closed","sticky":false,"template":"","format":"standard","meta":{"_acf_changed":false,"footnotes":""},"categories":[157,209],"tags":[210],"class_list":["post-37158","post","type-post","status-publish","format-standard","has-post-thumbnail","hentry","category-noticies","category-rafa-nadal-academy-by-movistar-ca","tag-rafa-nadal-academy-by-movistar-ca"],"acf":[],"yoast_head":"<!-- This site is optimized with the Yoast SEO Premium plugin v26.8 (Yoast SEO v26.9) - https:\/\/yoast.com\/product\/yoast-seo-premium-wordpress\/ -->\n<title>Jaume Munar tanca el millor any de la seva carrera - Rafa Nadal Academy<\/title>\n<meta name=\"description\" content=\"Jaume Munar va posar fi a la temporada 2025, sens dubte la m\u00e9s reeixida de la seva carrera al circuit ATP, disputant amb Espanya la gran final de la Copa Davis celebrada a Bolonya davant d&#039;It\u00e0lia, que es va tornar a proclamar campiona per tercera edici\u00f3 consecutiva.\" \/>\n<meta name=\"robots\" content=\"index, follow, max-snippet:-1, max-image-preview:large, max-video-preview:-1\" \/>\n<link rel=\"canonical\" href=\"https:\/\/www.rafanadalacademy.com\/ca\/rafa-nadal-academy-by-movistar-ca\/jaume-munar-tanca-el-millor-any-de-la-seva-carrera\/\" \/>\n<meta property=\"og:locale\" content=\"ca_ES\" \/>\n<meta property=\"og:type\" content=\"article\" \/>\n<meta property=\"og:title\" content=\"Jaume Munar tanca el millor any de la seva carrera\" \/>\n<meta property=\"og:description\" content=\"Jaume Munar va posar fi a la temporada 2025, sens dubte la m\u00e9s reeixida de la seva carrera al circuit ATP, disputant amb Espanya la gran final de la Copa Davis celebrada a Bolonya davant d&#039;It\u00e0lia, que es va tornar a proclamar campiona per tercera edici\u00f3 consecutiva.\" \/>\n<meta property=\"og:url\" content=\"https:\/\/www.rafanadalacademy.com\/ca\/rafa-nadal-academy-by-movistar-ca\/jaume-munar-tanca-el-millor-any-de-la-seva-carrera\/\" \/>\n<meta property=\"og:site_name\" content=\"Rafa Nadal Academy\" \/>\n<meta property=\"article:published_time\" content=\"2025-11-25T09:05:07+00:00\" \/>\n<meta property=\"article:modified_time\" content=\"2025-11-25T12:29:17+00:00\" \/>\n<meta property=\"og:image\" content=\"https:\/\/www.rafanadalacademy.com\/wp-content\/uploads\/2025\/11\/MUNAR-COPA-DAVIS-scaled-e1764061641642.jpg\" \/>\n\t<meta property=\"og:image:width\" content=\"2560\" \/>\n\t<meta property=\"og:image:height\" content=\"1707\" \/>\n\t<meta property=\"og:image:type\" content=\"image\/jpeg\" \/>\n<meta name=\"author\" content=\"joseluisprados\" \/>\n<meta name=\"twitter:card\" content=\"summary_large_image\" \/>\n<meta name=\"twitter:label1\" content=\"Written by\" \/>\n\t<meta name=\"twitter:data1\" content=\"joseluisprados\" \/>\n\t<meta name=\"twitter:label2\" content=\"Est. reading time\" \/>\n\t<meta name=\"twitter:data2\" content=\"2 minutes\" \/>\n<script type=\"application\/ld+json\" class=\"yoast-schema-graph\">{\"@context\":\"https:\/\/schema.org\",\"@graph\":[{\"@type\":\"Article\",\"@id\":\"https:\/\/www.rafanadalacademy.com\/ca\/rafa-nadal-academy-by-movistar-ca\/jaume-munar-tanca-el-millor-any-de-la-seva-carrera\/#article\",\"isPartOf\":{\"@id\":\"https:\/\/www.rafanadalacademy.com\/ca\/rafa-nadal-academy-by-movistar-ca\/jaume-munar-tanca-el-millor-any-de-la-seva-carrera\/\"},\"author\":{\"name\":\"joseluisprados\",\"@id\":\"https:\/\/www.rafanadalacademy.com\/ca\/#\/schema\/person\/744897d6ee269641fff954376180ef01\"},\"headline\":\"Jaume Munar tanca el millor any de la seva carrera\",\"datePublished\":\"2025-11-25T09:05:07+00:00\",\"dateModified\":\"2025-11-25T12:29:17+00:00\",\"mainEntityOfPage\":{\"@id\":\"https:\/\/www.rafanadalacademy.com\/ca\/rafa-nadal-academy-by-movistar-ca\/jaume-munar-tanca-el-millor-any-de-la-seva-carrera\/\"},\"wordCount\":447,\"image\":{\"@id\":\"https:\/\/www.rafanadalacademy.com\/ca\/rafa-nadal-academy-by-movistar-ca\/jaume-munar-tanca-el-millor-any-de-la-seva-carrera\/#primaryimage\"},\"thumbnailUrl\":\"https:\/\/www.rafanadalacademy.com\/wp-content\/uploads\/2025\/11\/MUNAR-COPA-DAVIS-scaled-e1764061641642.jpg\",\"keywords\":[\"RAFA NADAL ACADEMY BY MOVISTAR\"],\"articleSection\":[\"Not\u00edcies\",\"RAFA NADAL ACADEMY BY MOVISTAR\"],\"inLanguage\":\"ca\",\"copyrightYear\":\"2025\",\"copyrightHolder\":{\"@id\":\"https:\/\/www.rafanadalacademy.com\/#organization\"}},{\"@type\":\"WebPage\",\"@id\":\"https:\/\/www.rafanadalacademy.com\/ca\/rafa-nadal-academy-by-movistar-ca\/jaume-munar-tanca-el-millor-any-de-la-seva-carrera\/\",\"url\":\"https:\/\/www.rafanadalacademy.com\/ca\/rafa-nadal-academy-by-movistar-ca\/jaume-munar-tanca-el-millor-any-de-la-seva-carrera\/\",\"name\":\"Jaume Munar tanca el millor any de la seva carrera - Rafa Nadal Academy\",\"isPartOf\":{\"@id\":\"https:\/\/www.rafanadalacademy.com\/ca\/#website\"},\"primaryImageOfPage\":{\"@id\":\"https:\/\/www.rafanadalacademy.com\/ca\/rafa-nadal-academy-by-movistar-ca\/jaume-munar-tanca-el-millor-any-de-la-seva-carrera\/#primaryimage\"},\"image\":{\"@id\":\"https:\/\/www.rafanadalacademy.com\/ca\/rafa-nadal-academy-by-movistar-ca\/jaume-munar-tanca-el-millor-any-de-la-seva-carrera\/#primaryimage\"},\"thumbnailUrl\":\"https:\/\/www.rafanadalacademy.com\/wp-content\/uploads\/2025\/11\/MUNAR-COPA-DAVIS-scaled-e1764061641642.jpg\",\"datePublished\":\"2025-11-25T09:05:07+00:00\",\"dateModified\":\"2025-11-25T12:29:17+00:00\",\"author\":{\"@id\":\"https:\/\/www.rafanadalacademy.com\/ca\/#\/schema\/person\/744897d6ee269641fff954376180ef01\"},\"description\":\"Jaume Munar va posar fi a la temporada 2025, sens dubte la m\u00e9s reeixida de la seva carrera al circuit ATP, disputant amb Espanya la gran final de la Copa Davis celebrada a Bolonya davant d'It\u00e0lia, que es va tornar a proclamar campiona per tercera edici\u00f3 consecutiva.\",\"breadcrumb\":{\"@id\":\"https:\/\/www.rafanadalacademy.com\/ca\/rafa-nadal-academy-by-movistar-ca\/jaume-munar-tanca-el-millor-any-de-la-seva-carrera\/#breadcrumb\"},\"inLanguage\":\"ca\",\"potentialAction\":[{\"@type\":\"ReadAction\",\"target\":[\"https:\/\/www.rafanadalacademy.com\/ca\/rafa-nadal-academy-by-movistar-ca\/jaume-munar-tanca-el-millor-any-de-la-seva-carrera\/\"]}]},{\"@type\":\"ImageObject\",\"inLanguage\":\"ca\",\"@id\":\"https:\/\/www.rafanadalacademy.com\/ca\/rafa-nadal-academy-by-movistar-ca\/jaume-munar-tanca-el-millor-any-de-la-seva-carrera\/#primaryimage\",\"url\":\"https:\/\/www.rafanadalacademy.com\/wp-content\/uploads\/2025\/11\/MUNAR-COPA-DAVIS-scaled-e1764061641642.jpg\",\"contentUrl\":\"https:\/\/www.rafanadalacademy.com\/wp-content\/uploads\/2025\/11\/MUNAR-COPA-DAVIS-scaled-e1764061641642.jpg\",\"width\":2560,\"height\":1707,\"caption\":\"Jaume Munar, en la final de la Copa Davis 2025\"},{\"@type\":\"BreadcrumbList\",\"@id\":\"https:\/\/www.rafanadalacademy.com\/ca\/rafa-nadal-academy-by-movistar-ca\/jaume-munar-tanca-el-millor-any-de-la-seva-carrera\/#breadcrumb\",\"itemListElement\":[{\"@type\":\"ListItem\",\"position\":1,\"name\":\"Home\",\"item\":\"https:\/\/www.rafanadalacademy.com\/ca\/\"},{\"@type\":\"ListItem\",\"position\":2,\"name\":\"Jaume Munar tanca el millor any de la seva carrera\"}]},{\"@type\":\"WebSite\",\"@id\":\"https:\/\/www.rafanadalacademy.com\/ca\/#website\",\"url\":\"https:\/\/www.rafanadalacademy.com\/ca\/\",\"name\":\"Rafa Nadal Academy\",\"description\":\"Otro sitio realizado con WordPress\",\"potentialAction\":[{\"@type\":\"SearchAction\",\"target\":{\"@type\":\"EntryPoint\",\"urlTemplate\":\"https:\/\/www.rafanadalacademy.com\/ca\/?s={search_term_string}\"},\"query-input\":{\"@type\":\"PropertyValueSpecification\",\"valueRequired\":true,\"valueName\":\"search_term_string\"}}],\"inLanguage\":\"ca\"},{\"@type\":\"Person\",\"@id\":\"https:\/\/www.rafanadalacademy.com\/ca\/#\/schema\/person\/744897d6ee269641fff954376180ef01\",\"name\":\"joseluisprados\",\"image\":{\"@type\":\"ImageObject\",\"inLanguage\":\"ca\",\"@id\":\"https:\/\/www.rafanadalacademy.com\/ca\/#\/schema\/person\/image\/\",\"url\":\"https:\/\/secure.gravatar.com\/avatar\/8aa823a6e5501864ffab4785d9e2a994b59c2d45c9f9751c5a532abfec081e5f?s=96&d=mm&r=g\",\"contentUrl\":\"https:\/\/secure.gravatar.com\/avatar\/8aa823a6e5501864ffab4785d9e2a994b59c2d45c9f9751c5a532abfec081e5f?s=96&d=mm&r=g\",\"caption\":\"joseluisprados\"},\"url\":\"https:\/\/www.rafanadalacademy.com\/ca\/author\/joseluisprados\/\"},{\"@type\":\"ImageObject\",\"inLanguage\":\"ca\",\"@id\":\"https:\/\/www.rafanadalacademy.com\/ca\/rafa-nadal-academy-by-movistar-ca\/jaume-munar-tanca-el-millor-any-de-la-seva-carrera\/#local-main-organization-logo\",\"url\":\"\",\"contentUrl\":\"\",\"caption\":\"Rafa Nadal Academy\"}]}<\/script>\n<!-- \/ Yoast SEO Premium plugin. -->","yoast_head_json":{"title":"Jaume Munar tanca el millor any de la seva carrera - Rafa Nadal Academy","description":"Jaume Munar va posar fi a la temporada 2025, sens dubte la m\u00e9s reeixida de la seva carrera al circuit ATP, disputant amb Espanya la gran final de la Copa Davis celebrada a Bolonya davant d'It\u00e0lia, que es va tornar a proclamar campiona per tercera edici\u00f3 consecutiva.","robots":{"index":"index","follow":"follow","max-snippet":"max-snippet:-1","max-image-preview":"max-image-preview:large","max-video-preview":"max-video-preview:-1"},"canonical":"https:\/\/www.rafanadalacademy.com\/ca\/rafa-nadal-academy-by-movistar-ca\/jaume-munar-tanca-el-millor-any-de-la-seva-carrera\/","og_locale":"ca_ES","og_type":"article","og_title":"Jaume Munar tanca el millor any de la seva carrera","og_description":"Jaume Munar va posar fi a la temporada 2025, sens dubte la m\u00e9s reeixida de la seva carrera al circuit ATP, disputant amb Espanya la gran final de la Copa Davis celebrada a Bolonya davant d'It\u00e0lia, que es va tornar a proclamar campiona per tercera edici\u00f3 consecutiva.","og_url":"https:\/\/www.rafanadalacademy.com\/ca\/rafa-nadal-academy-by-movistar-ca\/jaume-munar-tanca-el-millor-any-de-la-seva-carrera\/","og_site_name":"Rafa Nadal Academy","article_published_time":"2025-11-25T09:05:07+00:00","article_modified_time":"2025-11-25T12:29:17+00:00","og_image":[{"width":2560,"height":1707,"url":"https:\/\/www.rafanadalacademy.com\/wp-content\/uploads\/2025\/11\/MUNAR-COPA-DAVIS-scaled-e1764061641642.jpg","type":"image\/jpeg"}],"author":"joseluisprados","twitter_card":"summary_large_image","twitter_misc":{"Written by":"joseluisprados","Est. reading time":"2 minutes"},"schema":{"@context":"https:\/\/schema.org","@graph":[{"@type":"Article","@id":"https:\/\/www.rafanadalacademy.com\/ca\/rafa-nadal-academy-by-movistar-ca\/jaume-munar-tanca-el-millor-any-de-la-seva-carrera\/#article","isPartOf":{"@id":"https:\/\/www.rafanadalacademy.com\/ca\/rafa-nadal-academy-by-movistar-ca\/jaume-munar-tanca-el-millor-any-de-la-seva-carrera\/"},"author":{"name":"joseluisprados","@id":"https:\/\/www.rafanadalacademy.com\/ca\/#\/schema\/person\/744897d6ee269641fff954376180ef01"},"headline":"Jaume Munar tanca el millor any de la seva carrera","datePublished":"2025-11-25T09:05:07+00:00","dateModified":"2025-11-25T12:29:17+00:00","mainEntityOfPage":{"@id":"https:\/\/www.rafanadalacademy.com\/ca\/rafa-nadal-academy-by-movistar-ca\/jaume-munar-tanca-el-millor-any-de-la-seva-carrera\/"},"wordCount":447,"image":{"@id":"https:\/\/www.rafanadalacademy.com\/ca\/rafa-nadal-academy-by-movistar-ca\/jaume-munar-tanca-el-millor-any-de-la-seva-carrera\/#primaryimage"},"thumbnailUrl":"https:\/\/www.rafanadalacademy.com\/wp-content\/uploads\/2025\/11\/MUNAR-COPA-DAVIS-scaled-e1764061641642.jpg","keywords":["RAFA NADAL ACADEMY BY MOVISTAR"],"articleSection":["Not\u00edcies","RAFA NADAL ACADEMY BY MOVISTAR"],"inLanguage":"ca","copyrightYear":"2025","copyrightHolder":{"@id":"https:\/\/www.rafanadalacademy.com\/#organization"}},{"@type":"WebPage","@id":"https:\/\/www.rafanadalacademy.com\/ca\/rafa-nadal-academy-by-movistar-ca\/jaume-munar-tanca-el-millor-any-de-la-seva-carrera\/","url":"https:\/\/www.rafanadalacademy.com\/ca\/rafa-nadal-academy-by-movistar-ca\/jaume-munar-tanca-el-millor-any-de-la-seva-carrera\/","name":"Jaume Munar tanca el millor any de la seva carrera - Rafa Nadal Academy","isPartOf":{"@id":"https:\/\/www.rafanadalacademy.com\/ca\/#website"},"primaryImageOfPage":{"@id":"https:\/\/www.rafanadalacademy.com\/ca\/rafa-nadal-academy-by-movistar-ca\/jaume-munar-tanca-el-millor-any-de-la-seva-carrera\/#primaryimage"},"image":{"@id":"https:\/\/www.rafanadalacademy.com\/ca\/rafa-nadal-academy-by-movistar-ca\/jaume-munar-tanca-el-millor-any-de-la-seva-carrera\/#primaryimage"},"thumbnailUrl":"https:\/\/www.rafanadalacademy.com\/wp-content\/uploads\/2025\/11\/MUNAR-COPA-DAVIS-scaled-e1764061641642.jpg","datePublished":"2025-11-25T09:05:07+00:00","dateModified":"2025-11-25T12:29:17+00:00","author":{"@id":"https:\/\/www.rafanadalacademy.com\/ca\/#\/schema\/person\/744897d6ee269641fff954376180ef01"},"description":"Jaume Munar va posar fi a la temporada 2025, sens dubte la m\u00e9s reeixida de la seva carrera al circuit ATP, disputant amb Espanya la gran final de la Copa Davis celebrada a Bolonya davant d'It\u00e0lia, que es va tornar a proclamar campiona per tercera edici\u00f3 consecutiva.","breadcrumb":{"@id":"https:\/\/www.rafanadalacademy.com\/ca\/rafa-nadal-academy-by-movistar-ca\/jaume-munar-tanca-el-millor-any-de-la-seva-carrera\/#breadcrumb"},"inLanguage":"ca","potentialAction":[{"@type":"ReadAction","target":["https:\/\/www.rafanadalacademy.com\/ca\/rafa-nadal-academy-by-movistar-ca\/jaume-munar-tanca-el-millor-any-de-la-seva-carrera\/"]}]},{"@type":"ImageObject","inLanguage":"ca","@id":"https:\/\/www.rafanadalacademy.com\/ca\/rafa-nadal-academy-by-movistar-ca\/jaume-munar-tanca-el-millor-any-de-la-seva-carrera\/#primaryimage","url":"https:\/\/www.rafanadalacademy.com\/wp-content\/uploads\/2025\/11\/MUNAR-COPA-DAVIS-scaled-e1764061641642.jpg","contentUrl":"https:\/\/www.rafanadalacademy.com\/wp-content\/uploads\/2025\/11\/MUNAR-COPA-DAVIS-scaled-e1764061641642.jpg","width":2560,"height":1707,"caption":"Jaume Munar, en la final de la Copa Davis 2025"},{"@type":"BreadcrumbList","@id":"https:\/\/www.rafanadalacademy.com\/ca\/rafa-nadal-academy-by-movistar-ca\/jaume-munar-tanca-el-millor-any-de-la-seva-carrera\/#breadcrumb","itemListElement":[{"@type":"ListItem","position":1,"name":"Home","item":"https:\/\/www.rafanadalacademy.com\/ca\/"},{"@type":"ListItem","position":2,"name":"Jaume Munar tanca el millor any de la seva carrera"}]},{"@type":"WebSite","@id":"https:\/\/www.rafanadalacademy.com\/ca\/#website","url":"https:\/\/www.rafanadalacademy.com\/ca\/","name":"Rafa Nadal Academy","description":"Otro sitio realizado con WordPress","potentialAction":[{"@type":"SearchAction","target":{"@type":"EntryPoint","urlTemplate":"https:\/\/www.rafanadalacademy.com\/ca\/?s={search_term_string}"},"query-input":{"@type":"PropertyValueSpecification","valueRequired":true,"valueName":"search_term_string"}}],"inLanguage":"ca"},{"@type":"Person","@id":"https:\/\/www.rafanadalacademy.com\/ca\/#\/schema\/person\/744897d6ee269641fff954376180ef01","name":"joseluisprados","image":{"@type":"ImageObject","inLanguage":"ca","@id":"https:\/\/www.rafanadalacademy.com\/ca\/#\/schema\/person\/image\/","url":"https:\/\/secure.gravatar.com\/avatar\/8aa823a6e5501864ffab4785d9e2a994b59c2d45c9f9751c5a532abfec081e5f?s=96&d=mm&r=g","contentUrl":"https:\/\/secure.gravatar.com\/avatar\/8aa823a6e5501864ffab4785d9e2a994b59c2d45c9f9751c5a532abfec081e5f?s=96&d=mm&r=g","caption":"joseluisprados"},"url":"https:\/\/www.rafanadalacademy.com\/ca\/author\/joseluisprados\/"},{"@type":"ImageObject","inLanguage":"ca","@id":"https:\/\/www.rafanadalacademy.com\/ca\/rafa-nadal-academy-by-movistar-ca\/jaume-munar-tanca-el-millor-any-de-la-seva-carrera\/#local-main-organization-logo","url":"","contentUrl":"","caption":"Rafa Nadal Academy"}]}},"_links":{"self":[{"href":"https:\/\/www.rafanadalacademy.com\/ca\/wp-json\/wp\/v2\/posts\/37158","targetHints":{"allow":["GET"]}}],"collection":[{"href":"https:\/\/www.rafanadalacademy.com\/ca\/wp-json\/wp\/v2\/posts"}],"about":[{"href":"https:\/\/www.rafanadalacademy.com\/ca\/wp-json\/wp\/v2\/types\/post"}],"author":[{"embeddable":true,"href":"https:\/\/www.rafanadalacademy.com\/ca\/wp-json\/wp\/v2\/users\/23"}],"replies":[{"embeddable":true,"href":"https:\/\/www.rafanadalacademy.com\/ca\/wp-json\/wp\/v2\/comments?post=37158"}],"version-history":[{"count":2,"href":"https:\/\/www.rafanadalacademy.com\/ca\/wp-json\/wp\/v2\/posts\/37158\/revisions"}],"predecessor-version":[{"id":37193,"href":"https:\/\/www.rafanadalacademy.com\/ca\/wp-json\/wp\/v2\/posts\/37158\/revisions\/37193"}],"wp:featuredmedia":[{"embeddable":true,"href":"https:\/\/www.rafanadalacademy.com\/ca\/wp-json\/wp\/v2\/media\/37101"}],"wp:attachment":[{"href":"https:\/\/www.rafanadalacademy.com\/ca\/wp-json\/wp\/v2\/media?parent=37158"}],"wp:term":[{"taxonomy":"category","embeddable":true,"href":"https:\/\/www.rafanadalacademy.com\/ca\/wp-json\/wp\/v2\/categories?post=37158"},{"taxonomy":"post_tag","embeddable":true,"href":"https:\/\/www.rafanadalacademy.com\/ca\/wp-json\/wp\/v2\/tags?post=37158"}],"curies":[{"name":"wp","href":"https:\/\/api.w.org\/{rel}","templated":true}]}}