{"id":35585,"date":"2025-10-20T09:07:55","date_gmt":"2025-10-20T09:07:55","guid":{"rendered":"https:\/\/www.rafanadalacademy.com\/sin-categorizar\/casper-ruud-es-corona-a-estocolm-el-dia-del-nove-aniversari-de-la-rafa-nadal-academy\/"},"modified":"2025-10-20T09:15:28","modified_gmt":"2025-10-20T09:15:28","slug":"casper-ruud-es-corona-a-estocolm-el-dia-del-nove-aniversari-de-la-rafa-nadal-academy","status":"publish","type":"post","link":"https:\/\/www.rafanadalacademy.com\/ca\/rafa-nadal-academy-by-movistar-ca\/casper-ruud-es-corona-a-estocolm-el-dia-del-nove-aniversari-de-la-rafa-nadal-academy\/","title":{"rendered":"Casper Ruud es corona a Estocolm el dia del nov\u00e8 aniversari de la Rafa Nadal Academy"},"content":{"rendered":"\n<p>El noruec Casper Ruud s\u2019ha proclamat campi\u00f3 del Nordic Open d\u2019Estocolm despr\u00e9s de v\u00e8ncer a la final el franc\u00e8s Ugo Humbert per 6-2, 6-3. El jugador de la Rafa Nadal Academy, que va arribar a ser n\u00famero 2 del m\u00f3n i va disputar davant Rafa Nadal la final de Roland Garros 2022, suma aix\u00ed el seu segon t\u00edtol de la temporada, despr\u00e9s d\u2019haver-se coronat pr\u00e8viament al Mutua Madrid Open. <\/p>\n\n<figure class=\"wp-block-image size-full\"><img loading=\"lazy\" decoding=\"async\" width=\"1920\" height=\"1080\" src=\"https:\/\/www.rafanadalacademy.com\/wp-content\/uploads\/2025\/10\/estocolmo-2025-domingo-ruud-campeon.jpg\" alt=\"\" class=\"wp-image-35573\" srcset=\"https:\/\/www.rafanadalacademy.com\/wp-content\/uploads\/2025\/10\/estocolmo-2025-domingo-ruud-campeon.jpg 1920w, https:\/\/www.rafanadalacademy.com\/wp-content\/uploads\/2025\/10\/estocolmo-2025-domingo-ruud-campeon-300x169.jpg 300w, https:\/\/www.rafanadalacademy.com\/wp-content\/uploads\/2025\/10\/estocolmo-2025-domingo-ruud-campeon-1024x576.jpg 1024w, https:\/\/www.rafanadalacademy.com\/wp-content\/uploads\/2025\/10\/estocolmo-2025-domingo-ruud-campeon-768x432.jpg 768w, https:\/\/www.rafanadalacademy.com\/wp-content\/uploads\/2025\/10\/estocolmo-2025-domingo-ruud-campeon-1536x864.jpg 1536w\" sizes=\"auto, (max-width: 1920px) 100vw, 1920px\" \/><figcaption class=\"wp-element-caption\">Casper Ruud, campi\u00f3 del Nordic Open d\u2019Estocolm 2025 &#8211; Linnea Rheborg\/Getty Images<\/figcaption><\/figure>\n\n<div style=\"height:50px\" aria-hidden=\"true\" class=\"wp-block-spacer\"><\/div>\n\n<p>Acompanyat per Pedro Clar, entrenador de la Rafa Nadal Academy, Ruud va signar una actuaci\u00f3 impecable, guanyant 36 dels 39 punts amb el seu servei i sense cedir cap trencament, tot i que Humbert va disposar de sis pilotes de break. En nom\u00e9s 68 minuts, el noruec va doblegar el jugador franc\u00e8s per aixecar la catorzena corona de la seva carrera. <\/p>\n\n<p>El tennista no va amagar la seva felicitat despr\u00e9s de conquistar un torneig que figura al palmar\u00e8s de veritables llegendes del tennis. \u201cEstic molt content de guanyar aqu\u00ed a Estocolm. \u00c9s complir un somni d\u2019infantesa, ja que \u00e9s a prop de Noruega i perqu\u00e8 aqu\u00ed hi han jugat grans llegendes en el passat: Federer, Nadal, Borg, McEnroe\u2026 \u00c9s un honor aconseguir el t\u00edtol en aquest torneig\u201d, va declarar Ruud. <\/p>\n\n<div style=\"height:50px\" aria-hidden=\"true\" class=\"wp-block-spacer\"><\/div>\n\n<figure class=\"wp-block-embed is-type-rich is-provider-twitter wp-block-embed-twitter\"><div class=\"wp-block-embed__wrapper\">\n<blockquote class=\"twitter-tweet\" data-width=\"500\" data-dnt=\"true\"><p lang=\"en\" dir=\"ltr\">Out of this world performance \ud83c\udf0e<br><br>A simply flawless <a href=\"https:\/\/twitter.com\/CasperRuud98?ref_src=twsrc%5Etfw\">@CasperRuud98<\/a> takes the crown with a 6-2 6-3 scoreline<a href=\"https:\/\/twitter.com\/bnppnordicopen?ref_src=twsrc%5Etfw\">@bnppnordicopen<\/a> | <a href=\"https:\/\/twitter.com\/hashtag\/bnppnordicopen?src=hash&amp;ref_src=twsrc%5Etfw\">#bnppnordicopen<\/a> <a href=\"https:\/\/t.co\/g0fu0WD4Hi\">pic.twitter.com\/g0fu0WD4Hi<\/a><\/p>&mdash; ATP Tour (@atptour) <a href=\"https:\/\/twitter.com\/atptour\/status\/1979917720867975445?ref_src=twsrc%5Etfw\">October 19, 2025<\/a><\/blockquote><script async src=\"https:\/\/platform.twitter.com\/widgets.js\" charset=\"utf-8\"><\/script>\n<\/div><\/figure>\n\n<div style=\"height:50px\" aria-hidden=\"true\" class=\"wp-block-spacer\"><\/div>\n\n<p>El triomf a Estocolm, a m\u00e9s, li permet convertir-se en el jugador amb m\u00e9s vict\u00f2ries en pista coberta (11) en el que portem de 2025 i mantenir vives les seves opcions de classificaci\u00f3 per a les ATP Finals. Actualment ocupa la onzen\u00e0 posici\u00f3 del r\u00e0nquing \u201cRace\u201d, a 745 punts de l\u2019itali\u00e0 Lorenzo Musetti, que posseeix de moment la vuitena i \u00faltima pla\u00e7a per al torneig de Tor\u00ed, on Ruud va ser finalista l\u2019any passat. <\/p>\n\n<div style=\"height:51px\" aria-hidden=\"true\" class=\"wp-block-spacer\"><\/div>\n\n<figure class=\"wp-block-embed is-type-rich is-provider-twitter wp-block-embed-twitter\"><div class=\"wp-block-embed__wrapper\">\n<blockquote class=\"twitter-tweet\" data-width=\"500\" data-dnt=\"true\"><p lang=\"en\" dir=\"ltr\">Easy does it \ud83d\ude05\ud83d\udcaa<br><br>The 8th Scandinavian champion in tournament history <a href=\"https:\/\/twitter.com\/CasperRuud98?ref_src=twsrc%5Etfw\">@CasperRuud98<\/a> with the heavy lifting<br><br> <a href=\"https:\/\/twitter.com\/bnppnordicopen?ref_src=twsrc%5Etfw\">@bnppnordicopen<\/a> | <a href=\"https:\/\/twitter.com\/hashtag\/bnppnordicopen?src=hash&amp;ref_src=twsrc%5Etfw\">#bnppnordicopen<\/a> <a href=\"https:\/\/t.co\/7qN5DVzI8T\">pic.twitter.com\/7qN5DVzI8T<\/a><\/p>&mdash; ATP Tour (@atptour) <a href=\"https:\/\/twitter.com\/atptour\/status\/1979919707378467233?ref_src=twsrc%5Etfw\">October 19, 2025<\/a><\/blockquote><script async src=\"https:\/\/platform.twitter.com\/widgets.js\" charset=\"utf-8\"><\/script>\n<\/div><\/figure>\n","protected":false},"excerpt":{"rendered":"<p>El noruec Casper Ruud s\u2019ha proclamat campi\u00f3 del Nordic Open d\u2019Estocolm despr\u00e9s de v\u00e8ncer a la final el franc\u00e8s Ugo Humbert per 6-2, 6-3. El jugador de la Rafa Nadal Academy, que va arribar a ser n\u00famero 2 del m\u00f3n i va disputar davant Rafa Nadal la final de Roland Garros 2022, suma aix\u00ed el<a href=\"https:\/\/www.rafanadalacademy.com\/ca\/rafa-nadal-academy-by-movistar-ca\/casper-ruud-es-corona-a-estocolm-el-dia-del-nove-aniversari-de-la-rafa-nadal-academy\/\">Continue reading <span class=\"sr-only\">&#8220;Casper Ruud es corona a Estocolm el dia del nov\u00e8 aniversari de la Rafa Nadal Academy&#8221;<\/span><\/a><\/p>\n","protected":false},"author":23,"featured_media":35574,"comment_status":"closed","ping_status":"closed","sticky":false,"template":"","format":"standard","meta":{"_acf_changed":false,"footnotes":""},"categories":[157,209],"tags":[210],"class_list":["post-35585","post","type-post","status-publish","format-standard","has-post-thumbnail","hentry","category-noticies","category-rafa-nadal-academy-by-movistar-ca","tag-rafa-nadal-academy-by-movistar-ca"],"acf":[],"yoast_head":"<!-- This site is optimized with the Yoast SEO Premium plugin v26.8 (Yoast SEO v26.9) - https:\/\/yoast.com\/product\/yoast-seo-premium-wordpress\/ -->\n<title>Casper Ruud es corona a Estocolm el dia del nov\u00e8 aniversari de la Rafa Nadal Academy - Rafa Nadal Academy<\/title>\n<meta name=\"description\" content=\"El noruec Casper Ruud s\u2019ha proclamat campi\u00f3 del Nordic Open d\u2019Estocolm despr\u00e9s de v\u00e8ncer a la final el franc\u00e8s Ugo Humbert per 6-2, 6-3. El jugador de la Rafa Nadal Academy aconsegueix aix\u00ed el seu segon t\u00edtol de la temporada, despr\u00e9s del triomf al Mutua Madrid Open.\" \/>\n<meta name=\"robots\" content=\"index, follow, max-snippet:-1, max-image-preview:large, max-video-preview:-1\" \/>\n<link rel=\"canonical\" href=\"https:\/\/www.rafanadalacademy.com\/ca\/rafa-nadal-academy-by-movistar-ca\/casper-ruud-es-corona-a-estocolm-el-dia-del-nove-aniversari-de-la-rafa-nadal-academy\/\" \/>\n<meta property=\"og:locale\" content=\"ca_ES\" \/>\n<meta property=\"og:type\" content=\"article\" \/>\n<meta property=\"og:title\" content=\"Casper Ruud es corona a Estocolm el dia del nov\u00e8 aniversari de la Rafa Nadal Academy\" \/>\n<meta property=\"og:description\" content=\"El noruec Casper Ruud s\u2019ha proclamat campi\u00f3 del Nordic Open d\u2019Estocolm despr\u00e9s de v\u00e8ncer a la final el franc\u00e8s Ugo Humbert per 6-2, 6-3. El jugador de la Rafa Nadal Academy aconsegueix aix\u00ed el seu segon t\u00edtol de la temporada, despr\u00e9s del triomf al Mutua Madrid Open.\" \/>\n<meta property=\"og:url\" content=\"https:\/\/www.rafanadalacademy.com\/ca\/rafa-nadal-academy-by-movistar-ca\/casper-ruud-es-corona-a-estocolm-el-dia-del-nove-aniversari-de-la-rafa-nadal-academy\/\" \/>\n<meta property=\"og:site_name\" content=\"Rafa Nadal Academy\" \/>\n<meta property=\"article:published_time\" content=\"2025-10-20T09:07:55+00:00\" \/>\n<meta property=\"article:modified_time\" content=\"2025-10-20T09:15:28+00:00\" \/>\n<meta property=\"og:image\" content=\"https:\/\/www.rafanadalacademy.com\/wp-content\/uploads\/2025\/10\/estocolmo-2025-domingo-ruud-campeon.jpg\" \/>\n\t<meta property=\"og:image:width\" content=\"1920\" \/>\n\t<meta property=\"og:image:height\" content=\"1080\" \/>\n\t<meta property=\"og:image:type\" content=\"image\/jpeg\" \/>\n<meta name=\"author\" content=\"joseluisprados\" \/>\n<meta name=\"twitter:card\" content=\"summary_large_image\" \/>\n<meta name=\"twitter:label1\" content=\"Written by\" \/>\n\t<meta name=\"twitter:data1\" content=\"joseluisprados\" \/>\n\t<meta name=\"twitter:label2\" content=\"Est. reading time\" \/>\n\t<meta name=\"twitter:data2\" content=\"2 minutes\" \/>\n<script type=\"application\/ld+json\" class=\"yoast-schema-graph\">{\"@context\":\"https:\/\/schema.org\",\"@graph\":[{\"@type\":\"Article\",\"@id\":\"https:\/\/www.rafanadalacademy.com\/ca\/rafa-nadal-academy-by-movistar-ca\/casper-ruud-es-corona-a-estocolm-el-dia-del-nove-aniversari-de-la-rafa-nadal-academy\/#article\",\"isPartOf\":{\"@id\":\"https:\/\/www.rafanadalacademy.com\/ca\/rafa-nadal-academy-by-movistar-ca\/casper-ruud-es-corona-a-estocolm-el-dia-del-nove-aniversari-de-la-rafa-nadal-academy\/\"},\"author\":{\"name\":\"joseluisprados\",\"@id\":\"https:\/\/www.rafanadalacademy.com\/ca\/#\/schema\/person\/744897d6ee269641fff954376180ef01\"},\"headline\":\"Casper Ruud es corona a Estocolm el dia del nov\u00e8 aniversari de la Rafa Nadal Academy\",\"datePublished\":\"2025-10-20T09:07:55+00:00\",\"dateModified\":\"2025-10-20T09:15:28+00:00\",\"mainEntityOfPage\":{\"@id\":\"https:\/\/www.rafanadalacademy.com\/ca\/rafa-nadal-academy-by-movistar-ca\/casper-ruud-es-corona-a-estocolm-el-dia-del-nove-aniversari-de-la-rafa-nadal-academy\/\"},\"wordCount\":328,\"image\":{\"@id\":\"https:\/\/www.rafanadalacademy.com\/ca\/rafa-nadal-academy-by-movistar-ca\/casper-ruud-es-corona-a-estocolm-el-dia-del-nove-aniversari-de-la-rafa-nadal-academy\/#primaryimage\"},\"thumbnailUrl\":\"https:\/\/www.rafanadalacademy.com\/wp-content\/uploads\/2025\/10\/estocolmo-2025-domingo-ruud-campeon.jpg\",\"keywords\":[\"RAFA NADAL ACADEMY BY MOVISTAR\"],\"articleSection\":[\"Not\u00edcies\",\"RAFA NADAL ACADEMY BY MOVISTAR\"],\"inLanguage\":\"ca\",\"copyrightYear\":\"2025\",\"copyrightHolder\":{\"@id\":\"https:\/\/www.rafanadalacademy.com\/#organization\"}},{\"@type\":\"WebPage\",\"@id\":\"https:\/\/www.rafanadalacademy.com\/ca\/rafa-nadal-academy-by-movistar-ca\/casper-ruud-es-corona-a-estocolm-el-dia-del-nove-aniversari-de-la-rafa-nadal-academy\/\",\"url\":\"https:\/\/www.rafanadalacademy.com\/ca\/rafa-nadal-academy-by-movistar-ca\/casper-ruud-es-corona-a-estocolm-el-dia-del-nove-aniversari-de-la-rafa-nadal-academy\/\",\"name\":\"Casper Ruud es corona a Estocolm el dia del nov\u00e8 aniversari de la Rafa Nadal Academy - Rafa Nadal Academy\",\"isPartOf\":{\"@id\":\"https:\/\/www.rafanadalacademy.com\/ca\/#website\"},\"primaryImageOfPage\":{\"@id\":\"https:\/\/www.rafanadalacademy.com\/ca\/rafa-nadal-academy-by-movistar-ca\/casper-ruud-es-corona-a-estocolm-el-dia-del-nove-aniversari-de-la-rafa-nadal-academy\/#primaryimage\"},\"image\":{\"@id\":\"https:\/\/www.rafanadalacademy.com\/ca\/rafa-nadal-academy-by-movistar-ca\/casper-ruud-es-corona-a-estocolm-el-dia-del-nove-aniversari-de-la-rafa-nadal-academy\/#primaryimage\"},\"thumbnailUrl\":\"https:\/\/www.rafanadalacademy.com\/wp-content\/uploads\/2025\/10\/estocolmo-2025-domingo-ruud-campeon.jpg\",\"datePublished\":\"2025-10-20T09:07:55+00:00\",\"dateModified\":\"2025-10-20T09:15:28+00:00\",\"author\":{\"@id\":\"https:\/\/www.rafanadalacademy.com\/ca\/#\/schema\/person\/744897d6ee269641fff954376180ef01\"},\"description\":\"El noruec Casper Ruud s\u2019ha proclamat campi\u00f3 del Nordic Open d\u2019Estocolm despr\u00e9s de v\u00e8ncer a la final el franc\u00e8s Ugo Humbert per 6-2, 6-3. El jugador de la Rafa Nadal Academy aconsegueix aix\u00ed el seu segon t\u00edtol de la temporada, despr\u00e9s del triomf al Mutua Madrid Open.\",\"breadcrumb\":{\"@id\":\"https:\/\/www.rafanadalacademy.com\/ca\/rafa-nadal-academy-by-movistar-ca\/casper-ruud-es-corona-a-estocolm-el-dia-del-nove-aniversari-de-la-rafa-nadal-academy\/#breadcrumb\"},\"inLanguage\":\"ca\",\"potentialAction\":[{\"@type\":\"ReadAction\",\"target\":[\"https:\/\/www.rafanadalacademy.com\/ca\/rafa-nadal-academy-by-movistar-ca\/casper-ruud-es-corona-a-estocolm-el-dia-del-nove-aniversari-de-la-rafa-nadal-academy\/\"]}]},{\"@type\":\"ImageObject\",\"inLanguage\":\"ca\",\"@id\":\"https:\/\/www.rafanadalacademy.com\/ca\/rafa-nadal-academy-by-movistar-ca\/casper-ruud-es-corona-a-estocolm-el-dia-del-nove-aniversari-de-la-rafa-nadal-academy\/#primaryimage\",\"url\":\"https:\/\/www.rafanadalacademy.com\/wp-content\/uploads\/2025\/10\/estocolmo-2025-domingo-ruud-campeon.jpg\",\"contentUrl\":\"https:\/\/www.rafanadalacademy.com\/wp-content\/uploads\/2025\/10\/estocolmo-2025-domingo-ruud-campeon.jpg\",\"width\":1920,\"height\":1080,\"caption\":\"Casper Rudd, campe\u00f3n del\"},{\"@type\":\"BreadcrumbList\",\"@id\":\"https:\/\/www.rafanadalacademy.com\/ca\/rafa-nadal-academy-by-movistar-ca\/casper-ruud-es-corona-a-estocolm-el-dia-del-nove-aniversari-de-la-rafa-nadal-academy\/#breadcrumb\",\"itemListElement\":[{\"@type\":\"ListItem\",\"position\":1,\"name\":\"Home\",\"item\":\"https:\/\/www.rafanadalacademy.com\/ca\/\"},{\"@type\":\"ListItem\",\"position\":2,\"name\":\"Casper Ruud es corona a Estocolm el dia del nov\u00e8 aniversari de la Rafa Nadal Academy\"}]},{\"@type\":\"WebSite\",\"@id\":\"https:\/\/www.rafanadalacademy.com\/ca\/#website\",\"url\":\"https:\/\/www.rafanadalacademy.com\/ca\/\",\"name\":\"Rafa Nadal Academy\",\"description\":\"Otro sitio realizado con WordPress\",\"potentialAction\":[{\"@type\":\"SearchAction\",\"target\":{\"@type\":\"EntryPoint\",\"urlTemplate\":\"https:\/\/www.rafanadalacademy.com\/ca\/?s={search_term_string}\"},\"query-input\":{\"@type\":\"PropertyValueSpecification\",\"valueRequired\":true,\"valueName\":\"search_term_string\"}}],\"inLanguage\":\"ca\"},{\"@type\":\"Person\",\"@id\":\"https:\/\/www.rafanadalacademy.com\/ca\/#\/schema\/person\/744897d6ee269641fff954376180ef01\",\"name\":\"joseluisprados\",\"image\":{\"@type\":\"ImageObject\",\"inLanguage\":\"ca\",\"@id\":\"https:\/\/www.rafanadalacademy.com\/ca\/#\/schema\/person\/image\/\",\"url\":\"https:\/\/secure.gravatar.com\/avatar\/8aa823a6e5501864ffab4785d9e2a994b59c2d45c9f9751c5a532abfec081e5f?s=96&d=mm&r=g\",\"contentUrl\":\"https:\/\/secure.gravatar.com\/avatar\/8aa823a6e5501864ffab4785d9e2a994b59c2d45c9f9751c5a532abfec081e5f?s=96&d=mm&r=g\",\"caption\":\"joseluisprados\"},\"url\":\"https:\/\/www.rafanadalacademy.com\/ca\/author\/joseluisprados\/\"},{\"@type\":\"ImageObject\",\"inLanguage\":\"ca\",\"@id\":\"https:\/\/www.rafanadalacademy.com\/ca\/rafa-nadal-academy-by-movistar-ca\/casper-ruud-es-corona-a-estocolm-el-dia-del-nove-aniversari-de-la-rafa-nadal-academy\/#local-main-organization-logo\",\"url\":\"\",\"contentUrl\":\"\",\"caption\":\"Rafa Nadal Academy\"}]}<\/script>\n<!-- \/ Yoast SEO Premium plugin. -->","yoast_head_json":{"title":"Casper Ruud es corona a Estocolm el dia del nov\u00e8 aniversari de la Rafa Nadal Academy - Rafa Nadal Academy","description":"El noruec Casper Ruud s\u2019ha proclamat campi\u00f3 del Nordic Open d\u2019Estocolm despr\u00e9s de v\u00e8ncer a la final el franc\u00e8s Ugo Humbert per 6-2, 6-3. El jugador de la Rafa Nadal Academy aconsegueix aix\u00ed el seu segon t\u00edtol de la temporada, despr\u00e9s del triomf al Mutua Madrid Open.","robots":{"index":"index","follow":"follow","max-snippet":"max-snippet:-1","max-image-preview":"max-image-preview:large","max-video-preview":"max-video-preview:-1"},"canonical":"https:\/\/www.rafanadalacademy.com\/ca\/rafa-nadal-academy-by-movistar-ca\/casper-ruud-es-corona-a-estocolm-el-dia-del-nove-aniversari-de-la-rafa-nadal-academy\/","og_locale":"ca_ES","og_type":"article","og_title":"Casper Ruud es corona a Estocolm el dia del nov\u00e8 aniversari de la Rafa Nadal Academy","og_description":"El noruec Casper Ruud s\u2019ha proclamat campi\u00f3 del Nordic Open d\u2019Estocolm despr\u00e9s de v\u00e8ncer a la final el franc\u00e8s Ugo Humbert per 6-2, 6-3. El jugador de la Rafa Nadal Academy aconsegueix aix\u00ed el seu segon t\u00edtol de la temporada, despr\u00e9s del triomf al Mutua Madrid Open.","og_url":"https:\/\/www.rafanadalacademy.com\/ca\/rafa-nadal-academy-by-movistar-ca\/casper-ruud-es-corona-a-estocolm-el-dia-del-nove-aniversari-de-la-rafa-nadal-academy\/","og_site_name":"Rafa Nadal Academy","article_published_time":"2025-10-20T09:07:55+00:00","article_modified_time":"2025-10-20T09:15:28+00:00","og_image":[{"width":1920,"height":1080,"url":"https:\/\/www.rafanadalacademy.com\/wp-content\/uploads\/2025\/10\/estocolmo-2025-domingo-ruud-campeon.jpg","type":"image\/jpeg"}],"author":"joseluisprados","twitter_card":"summary_large_image","twitter_misc":{"Written by":"joseluisprados","Est. reading time":"2 minutes"},"schema":{"@context":"https:\/\/schema.org","@graph":[{"@type":"Article","@id":"https:\/\/www.rafanadalacademy.com\/ca\/rafa-nadal-academy-by-movistar-ca\/casper-ruud-es-corona-a-estocolm-el-dia-del-nove-aniversari-de-la-rafa-nadal-academy\/#article","isPartOf":{"@id":"https:\/\/www.rafanadalacademy.com\/ca\/rafa-nadal-academy-by-movistar-ca\/casper-ruud-es-corona-a-estocolm-el-dia-del-nove-aniversari-de-la-rafa-nadal-academy\/"},"author":{"name":"joseluisprados","@id":"https:\/\/www.rafanadalacademy.com\/ca\/#\/schema\/person\/744897d6ee269641fff954376180ef01"},"headline":"Casper Ruud es corona a Estocolm el dia del nov\u00e8 aniversari de la Rafa Nadal Academy","datePublished":"2025-10-20T09:07:55+00:00","dateModified":"2025-10-20T09:15:28+00:00","mainEntityOfPage":{"@id":"https:\/\/www.rafanadalacademy.com\/ca\/rafa-nadal-academy-by-movistar-ca\/casper-ruud-es-corona-a-estocolm-el-dia-del-nove-aniversari-de-la-rafa-nadal-academy\/"},"wordCount":328,"image":{"@id":"https:\/\/www.rafanadalacademy.com\/ca\/rafa-nadal-academy-by-movistar-ca\/casper-ruud-es-corona-a-estocolm-el-dia-del-nove-aniversari-de-la-rafa-nadal-academy\/#primaryimage"},"thumbnailUrl":"https:\/\/www.rafanadalacademy.com\/wp-content\/uploads\/2025\/10\/estocolmo-2025-domingo-ruud-campeon.jpg","keywords":["RAFA NADAL ACADEMY BY MOVISTAR"],"articleSection":["Not\u00edcies","RAFA NADAL ACADEMY BY MOVISTAR"],"inLanguage":"ca","copyrightYear":"2025","copyrightHolder":{"@id":"https:\/\/www.rafanadalacademy.com\/#organization"}},{"@type":"WebPage","@id":"https:\/\/www.rafanadalacademy.com\/ca\/rafa-nadal-academy-by-movistar-ca\/casper-ruud-es-corona-a-estocolm-el-dia-del-nove-aniversari-de-la-rafa-nadal-academy\/","url":"https:\/\/www.rafanadalacademy.com\/ca\/rafa-nadal-academy-by-movistar-ca\/casper-ruud-es-corona-a-estocolm-el-dia-del-nove-aniversari-de-la-rafa-nadal-academy\/","name":"Casper Ruud es corona a Estocolm el dia del nov\u00e8 aniversari de la Rafa Nadal Academy - Rafa Nadal Academy","isPartOf":{"@id":"https:\/\/www.rafanadalacademy.com\/ca\/#website"},"primaryImageOfPage":{"@id":"https:\/\/www.rafanadalacademy.com\/ca\/rafa-nadal-academy-by-movistar-ca\/casper-ruud-es-corona-a-estocolm-el-dia-del-nove-aniversari-de-la-rafa-nadal-academy\/#primaryimage"},"image":{"@id":"https:\/\/www.rafanadalacademy.com\/ca\/rafa-nadal-academy-by-movistar-ca\/casper-ruud-es-corona-a-estocolm-el-dia-del-nove-aniversari-de-la-rafa-nadal-academy\/#primaryimage"},"thumbnailUrl":"https:\/\/www.rafanadalacademy.com\/wp-content\/uploads\/2025\/10\/estocolmo-2025-domingo-ruud-campeon.jpg","datePublished":"2025-10-20T09:07:55+00:00","dateModified":"2025-10-20T09:15:28+00:00","author":{"@id":"https:\/\/www.rafanadalacademy.com\/ca\/#\/schema\/person\/744897d6ee269641fff954376180ef01"},"description":"El noruec Casper Ruud s\u2019ha proclamat campi\u00f3 del Nordic Open d\u2019Estocolm despr\u00e9s de v\u00e8ncer a la final el franc\u00e8s Ugo Humbert per 6-2, 6-3. El jugador de la Rafa Nadal Academy aconsegueix aix\u00ed el seu segon t\u00edtol de la temporada, despr\u00e9s del triomf al Mutua Madrid Open.","breadcrumb":{"@id":"https:\/\/www.rafanadalacademy.com\/ca\/rafa-nadal-academy-by-movistar-ca\/casper-ruud-es-corona-a-estocolm-el-dia-del-nove-aniversari-de-la-rafa-nadal-academy\/#breadcrumb"},"inLanguage":"ca","potentialAction":[{"@type":"ReadAction","target":["https:\/\/www.rafanadalacademy.com\/ca\/rafa-nadal-academy-by-movistar-ca\/casper-ruud-es-corona-a-estocolm-el-dia-del-nove-aniversari-de-la-rafa-nadal-academy\/"]}]},{"@type":"ImageObject","inLanguage":"ca","@id":"https:\/\/www.rafanadalacademy.com\/ca\/rafa-nadal-academy-by-movistar-ca\/casper-ruud-es-corona-a-estocolm-el-dia-del-nove-aniversari-de-la-rafa-nadal-academy\/#primaryimage","url":"https:\/\/www.rafanadalacademy.com\/wp-content\/uploads\/2025\/10\/estocolmo-2025-domingo-ruud-campeon.jpg","contentUrl":"https:\/\/www.rafanadalacademy.com\/wp-content\/uploads\/2025\/10\/estocolmo-2025-domingo-ruud-campeon.jpg","width":1920,"height":1080,"caption":"Casper Rudd, campe\u00f3n del"},{"@type":"BreadcrumbList","@id":"https:\/\/www.rafanadalacademy.com\/ca\/rafa-nadal-academy-by-movistar-ca\/casper-ruud-es-corona-a-estocolm-el-dia-del-nove-aniversari-de-la-rafa-nadal-academy\/#breadcrumb","itemListElement":[{"@type":"ListItem","position":1,"name":"Home","item":"https:\/\/www.rafanadalacademy.com\/ca\/"},{"@type":"ListItem","position":2,"name":"Casper Ruud es corona a Estocolm el dia del nov\u00e8 aniversari de la Rafa Nadal Academy"}]},{"@type":"WebSite","@id":"https:\/\/www.rafanadalacademy.com\/ca\/#website","url":"https:\/\/www.rafanadalacademy.com\/ca\/","name":"Rafa Nadal Academy","description":"Otro sitio realizado con WordPress","potentialAction":[{"@type":"SearchAction","target":{"@type":"EntryPoint","urlTemplate":"https:\/\/www.rafanadalacademy.com\/ca\/?s={search_term_string}"},"query-input":{"@type":"PropertyValueSpecification","valueRequired":true,"valueName":"search_term_string"}}],"inLanguage":"ca"},{"@type":"Person","@id":"https:\/\/www.rafanadalacademy.com\/ca\/#\/schema\/person\/744897d6ee269641fff954376180ef01","name":"joseluisprados","image":{"@type":"ImageObject","inLanguage":"ca","@id":"https:\/\/www.rafanadalacademy.com\/ca\/#\/schema\/person\/image\/","url":"https:\/\/secure.gravatar.com\/avatar\/8aa823a6e5501864ffab4785d9e2a994b59c2d45c9f9751c5a532abfec081e5f?s=96&d=mm&r=g","contentUrl":"https:\/\/secure.gravatar.com\/avatar\/8aa823a6e5501864ffab4785d9e2a994b59c2d45c9f9751c5a532abfec081e5f?s=96&d=mm&r=g","caption":"joseluisprados"},"url":"https:\/\/www.rafanadalacademy.com\/ca\/author\/joseluisprados\/"},{"@type":"ImageObject","inLanguage":"ca","@id":"https:\/\/www.rafanadalacademy.com\/ca\/rafa-nadal-academy-by-movistar-ca\/casper-ruud-es-corona-a-estocolm-el-dia-del-nove-aniversari-de-la-rafa-nadal-academy\/#local-main-organization-logo","url":"","contentUrl":"","caption":"Rafa Nadal Academy"}]}},"_links":{"self":[{"href":"https:\/\/www.rafanadalacademy.com\/ca\/wp-json\/wp\/v2\/posts\/35585","targetHints":{"allow":["GET"]}}],"collection":[{"href":"https:\/\/www.rafanadalacademy.com\/ca\/wp-json\/wp\/v2\/posts"}],"about":[{"href":"https:\/\/www.rafanadalacademy.com\/ca\/wp-json\/wp\/v2\/types\/post"}],"author":[{"embeddable":true,"href":"https:\/\/www.rafanadalacademy.com\/ca\/wp-json\/wp\/v2\/users\/23"}],"replies":[{"embeddable":true,"href":"https:\/\/www.rafanadalacademy.com\/ca\/wp-json\/wp\/v2\/comments?post=35585"}],"version-history":[{"count":1,"href":"https:\/\/www.rafanadalacademy.com\/ca\/wp-json\/wp\/v2\/posts\/35585\/revisions"}],"predecessor-version":[{"id":35586,"href":"https:\/\/www.rafanadalacademy.com\/ca\/wp-json\/wp\/v2\/posts\/35585\/revisions\/35586"}],"wp:featuredmedia":[{"embeddable":true,"href":"https:\/\/www.rafanadalacademy.com\/ca\/wp-json\/wp\/v2\/media\/35574"}],"wp:attachment":[{"href":"https:\/\/www.rafanadalacademy.com\/ca\/wp-json\/wp\/v2\/media?parent=35585"}],"wp:term":[{"taxonomy":"category","embeddable":true,"href":"https:\/\/www.rafanadalacademy.com\/ca\/wp-json\/wp\/v2\/categories?post=35585"},{"taxonomy":"post_tag","embeddable":true,"href":"https:\/\/www.rafanadalacademy.com\/ca\/wp-json\/wp\/v2\/tags?post=35585"}],"curies":[{"name":"wp","href":"https:\/\/api.w.org\/{rel}","templated":true}]}}