{"id":35551,"date":"2025-10-17T07:44:28","date_gmt":"2025-10-17T07:44:28","guid":{"rendered":"https:\/\/www.rafanadalacademy.com\/sin-categorizar\/la-rafa-nadal-academy-by-movistar-celebra-el-nove-aniversari-consolidada-com-un-referent-mundial\/"},"modified":"2025-10-20T08:43:32","modified_gmt":"2025-10-20T08:43:32","slug":"la-rafa-nadal-academy-by-movistar-celebra-el-nove-aniversari-consolidada-com-un-referent-mundial","status":"publish","type":"post","link":"https:\/\/www.rafanadalacademy.com\/ca\/rafa-nadal-academy-by-movistar-ca\/la-rafa-nadal-academy-by-movistar-celebra-el-nove-aniversari-consolidada-com-un-referent-mundial\/","title":{"rendered":"La Rafa Nadal Academy celebra el nov\u00e8 aniversari consolidada com un referent mundial"},"content":{"rendered":"\n<p>El 19 d&#8217;octubre del 2016 quedar\u00e0 per sempre gravat com un dia molt important a la cursa i al llegat de Rafa Nadal. Aquell dia, el mateix Rafa inaugurava oficialment la Rafa Nadal Academy a la seva ciutat natal, Manacor, acompanyat per Roger Federer i per nombroses personalitats, autoritats i amics. Nou anys despr\u00e9s, l&#8217;Acad\u00e8mia s&#8217;ha consolidat com a un dels centres de refer\u00e8ncia mundial en formaci\u00f3 esportiva, acad\u00e8mica i humana.  <\/p>\n\n<figure class=\"wp-block-embed is-type-video is-provider-youtube wp-block-embed-youtube wp-embed-aspect-16-9 wp-has-aspect-ratio\"><div class=\"wp-block-embed__wrapper\">\n<iframe loading=\"lazy\" title=\"Amazing views of Rafa Nadal Academy\" width=\"500\" height=\"281\" src=\"https:\/\/www.youtube.com\/embed\/SUQxlVVx8rc?start=55&#038;feature=oembed\" frameborder=\"0\" allow=\"accelerometer; autoplay; clipboard-write; encrypted-media; gyroscope; picture-in-picture; web-share\" referrerpolicy=\"strict-origin-when-cross-origin\" allowfullscreen><\/iframe>\n<\/div><\/figure>\n\n<div style=\"height:50px\" aria-hidden=\"true\" class=\"wp-block-spacer\"><\/div>\n\n<p>Des de la seva obertura, la Rafa Nadal Academy ha mantingut un creixement constant, fidel a la seva missi\u00f3: <strong>formar joves i adults a trav\u00e9s de l&#8217;excel\u00b7l\u00e8ncia i els valors<\/strong> que han guiat la carrera de Rafa Nadal: esfor\u00e7, humilitat, respecte, disciplina, resili\u00e8ncia i esperit de superaci\u00f3. El model formatiu, que combina l&#8217;entrenament esportiu d&#8217;alt rendiment amb una formaci\u00f3 acad\u00e8mica de primer nivell, permet any rere any que els alumnes desenvolupin el seu m\u00e0xim potencial dins i fora de la pista. <\/p>\n\n<div style=\"height:50px\" aria-hidden=\"true\" class=\"wp-block-spacer\"><\/div>\n\n<figure class=\"wp-block-embed is-type-video is-provider-youtube wp-block-embed-youtube wp-embed-aspect-16-9 wp-has-aspect-ratio\"><div class=\"wp-block-embed__wrapper\">\n<iframe loading=\"lazy\" title=\"La Rafa Nadal Academy explicada por el propio Rafa\" width=\"500\" height=\"281\" src=\"https:\/\/www.youtube.com\/embed\/6m7eA6Tw_Kk?start=5&#038;feature=oembed\" frameborder=\"0\" allow=\"accelerometer; autoplay; clipboard-write; encrypted-media; gyroscope; picture-in-picture; web-share\" referrerpolicy=\"strict-origin-when-cross-origin\" allowfullscreen><\/iframe>\n<\/div><\/figure>\n\n<div style=\"height:50px\" aria-hidden=\"true\" class=\"wp-block-spacer\"><\/div>\n\n<p><strong>Un model d\u00e8xit internacional<\/strong><\/p>\n\n<p>Aquests nou anys, l&#8217;Acad\u00e8mia ha crescut en instal\u00b7lacions, programes i reconeixement. El complex original comptava amb 33 pistes de tennis a l&#8217;aire lliure, set semicobertes i quatre cobertes, per\u00f2 avui disposa de <strong>45 pistes de tennis, 19 de p\u00e0del, una de les grans apostes de l&#8217;Acad\u00e8mia, un complet centre m\u00e8dic esportiu by Quir\u00f3nSalud, gimn\u00e0s, spa, resid\u00e8ncia per a esportistes, un col\u00b7legi internacional \u2014el Rafa<\/strong> <strong>Nadal<\/strong> que acull la primera i \u00fanica exposici\u00f3 de la cursa de Rafa, aix\u00ed com una <strong>\u00e0mplia oferta gastron\u00f2mica<\/strong> amb restaurants tematitzats de Roland Garros, Wimbledon o US Open <strong>.<\/strong> <\/p>\n\n<div style=\"height:50px\" aria-hidden=\"true\" class=\"wp-block-spacer\"><\/div>\n\n<figure class=\"wp-block-embed is-type-video is-provider-youtube wp-block-embed-youtube wp-embed-aspect-16-9 wp-has-aspect-ratio\"><div class=\"wp-block-embed__wrapper\">\n<iframe loading=\"lazy\" title=\"Rafa Nadal Academy: Tennis &amp; Values\" width=\"500\" height=\"281\" src=\"https:\/\/www.youtube.com\/embed\/F71onMy-MeU?feature=oembed\" frameborder=\"0\" allow=\"accelerometer; autoplay; clipboard-write; encrypted-media; gyroscope; picture-in-picture; web-share\" referrerpolicy=\"strict-origin-when-cross-origin\" allowfullscreen><\/iframe>\n<\/div><\/figure>\n\n<div style=\"height:50px\" aria-hidden=\"true\" class=\"wp-block-spacer\"><\/div>\n\n<p>El model de la Rafa Nadal Academy ha traspassat fronteres. La <strong>Rafa Nadal Academy Kuwait<\/strong> ha portat des del 2020 la metodologia de Manacor al cor de l&#8217;Orient Mitj\u00e0, consolidant una xarxa global que exporta el model formatiu i els valors de Rafa Nadal a milers de jugadors a tot el m\u00f3n. <\/p>\n\n<p>A aquestes dues acad\u00e8mies se sumen els <strong>Rafa Nadal Tennis Center<\/strong> de M\u00e8xic, Gr\u00e8cia, Hong Kong i els recentment inaugurats tant a Marbella (ubicat a l&#8217;Hotel Don Carlos) com a Rep\u00fablica Dominicana (empla\u00e7at a Zel Punta Cana). Tamb\u00e9 s&#8217;ha desenvolupat el <strong>Rafa Nadal Tennis Program<\/strong> implantat des del 2024 a Egipte, gr\u00e0cies a l&#8217;acord amb el col\u00b7legi Uppingham del Caire. <\/p>\n\n<p>Gr\u00e0cies a aquest treball de creixement, l&#8217;acad\u00e8mia va rebre el \u201cPremi Capital\u201d per la seva projecci\u00f3 internacional i per haver contribu\u00eft al benestar de les comunitats locals ia la cura del medi ambient. La col\u00b7laboraci\u00f3 amb institucions educatives i esportives internacionals ha perm\u00e8s expandir-ne la influ\u00e8ncia, facilitant intercanvis culturals i esportius que beneficien tant els estudiants com l&#8217;acad\u00e8mia. <\/p>\n\n<p><strong>\u00c8xits esportius que avalen un projecte<\/strong><\/p>\n\n<p>Durant aquesta d\u00e8cada, la Rafa Nadal Academy ha format alguns dels jugadors m\u00e9s prometedors del tennis mundial. Noms com <strong>Casper Ruud<\/strong> , <strong>Jaume Munar<\/strong> , <strong>Alex Eala<\/strong> , <strong>Martin Landaluce<\/strong> , <strong>Abdullah Shelbayh, Alina Korneeva<\/strong> o <strong>Dani Rinc\u00f3n<\/strong> s&#8217;han forjat a Manacor abans de fer el salt al circuit professional. Els t\u00edtols de Grand Slam Junior, on els jugadors de la Rafa Nadal Academy han guanyat <strong>13 t\u00edtols<\/strong> (set individuals i sis en dobles), els \u00e8xits al circuit ATP i WTA i els nombrosos \u00e8xits en tornejos internacionals confirmen l&#8217;impacte de la seva metodologia.  <\/p>\n\n<figure class=\"wp-block-image size-large\"><img loading=\"lazy\" decoding=\"async\" width=\"819\" height=\"1024\" src=\"https:\/\/www.rafanadalacademy.com\/wp-content\/uploads\/2025\/09\/Imagen-de-WhatsApp-2025-09-09-a-las-10.57.49_009e8b5b-819x1024.jpg\" alt=\"Tots els campions de Grand Slam J&#xFA;nior formats a la Rafa Nadal Academy\" class=\"wp-image-31963\" srcset=\"https:\/\/www.rafanadalacademy.com\/wp-content\/uploads\/2025\/09\/Imagen-de-WhatsApp-2025-09-09-a-las-10.57.49_009e8b5b-819x1024.jpg 819w, https:\/\/www.rafanadalacademy.com\/wp-content\/uploads\/2025\/09\/Imagen-de-WhatsApp-2025-09-09-a-las-10.57.49_009e8b5b-240x300.jpg 240w, https:\/\/www.rafanadalacademy.com\/wp-content\/uploads\/2025\/09\/Imagen-de-WhatsApp-2025-09-09-a-las-10.57.49_009e8b5b-768x960.jpg 768w, https:\/\/www.rafanadalacademy.com\/wp-content\/uploads\/2025\/09\/Imagen-de-WhatsApp-2025-09-09-a-las-10.57.49_009e8b5b-1229x1536.jpg 1229w, https:\/\/www.rafanadalacademy.com\/wp-content\/uploads\/2025\/09\/Imagen-de-WhatsApp-2025-09-09-a-las-10.57.49_009e8b5b.jpg 1280w\" sizes=\"auto, (max-width: 819px) 100vw, 819px\" \/><\/figure>\n\n<p>El 2022, l&#8217;Acad\u00e8mia va rebre el <strong>Premi Joaquim Blume<\/strong> als Premis Nacionals de l&#8217;Esport, convertint-se en la primera acad\u00e8mia de tennis en la hist\u00f2ria a obtenir aquest reconeixement per la seva tasca de promoci\u00f3 i foment de l&#8217;esport. L&#8217;acad\u00e8mia s&#8217;ha convertit en una de les seus principals de grans esdeveniments tennistics d&#8217;Espanya i acull anualment desenes de tornejos de tots els nivells, entre els quals destaca el Rafa Nadal Open by Movistar, de la categoria ATP Challenger Tour, que ja acumula set edicions. <\/p>\n\n<p><strong>Nou anys creixent amb Mallorca i esport<\/strong><\/p>\n\n<p>Ubicada a Manacor, a nom\u00e9s 35 minuts de l&#8217;aeroport de Palma, l&#8217;Acad\u00e8mia no nom\u00e9s ha contribu\u00eft a posicionar Mallorca com a referent esportiu internacional, sin\u00f3 que tamb\u00e9 ha generat ocupaci\u00f3, desestacionalitzat el turisme i fomentat el creixement econ\u00f2mic de la regi\u00f3. Tot aix\u00f2 mantenint un ferm comprom\u00eds amb la sostenibilitat i el respecte a l&#8217;entorn. <\/p>\n\n<p>Nou anys despr\u00e9s de la inauguraci\u00f3, la Rafa Nadal Academy segueix evolucionant sense perdre la seva ess\u00e8ncia: <strong>ser un lloc on l&#8217;esport i l&#8217;educaci\u00f3 caminen junts, i on els valors s\u00f3n igual d&#8217;importants que els resultats esportius.<\/strong><\/p>\n\n<div style=\"height:51px\" aria-hidden=\"true\" class=\"wp-block-spacer\"><\/div>\n\n<figure class=\"wp-block-embed is-type-video is-provider-youtube wp-block-embed-youtube wp-embed-aspect-16-9 wp-has-aspect-ratio\"><div class=\"wp-block-embed__wrapper\">\n<iframe loading=\"lazy\" title=\"Roger Federer vuelve a la Rafa Nadal\u00a0Academy\" width=\"500\" height=\"281\" src=\"https:\/\/www.youtube.com\/embed\/dFCZUrXLcEQ?feature=oembed\" frameborder=\"0\" allow=\"accelerometer; autoplay; clipboard-write; encrypted-media; gyroscope; picture-in-picture; web-share\" referrerpolicy=\"strict-origin-when-cross-origin\" allowfullscreen><\/iframe>\n<\/div><\/figure>\n","protected":false},"excerpt":{"rendered":"<p>El 19 d&#8217;octubre del 2016 quedar\u00e0 per sempre gravat com un dia molt important a la cursa i al llegat de Rafa Nadal. Aquell dia, el mateix Rafa inaugurava oficialment la Rafa Nadal Academy a la seva ciutat natal, Manacor, acompanyat per Roger Federer i per nombroses personalitats, autoritats i amics. Nou anys despr\u00e9s, l&#8217;Acad\u00e8mia<a href=\"https:\/\/www.rafanadalacademy.com\/ca\/rafa-nadal-academy-by-movistar-ca\/la-rafa-nadal-academy-by-movistar-celebra-el-nove-aniversari-consolidada-com-un-referent-mundial\/\">Continue reading <span class=\"sr-only\">&#8220;La Rafa Nadal Academy celebra el nov\u00e8 aniversari consolidada com un referent mundial&#8221;<\/span><\/a><\/p>\n","protected":false},"author":23,"featured_media":25484,"comment_status":"closed","ping_status":"closed","sticky":false,"template":"","format":"standard","meta":{"_acf_changed":false,"footnotes":""},"categories":[157,209],"tags":[210],"class_list":["post-35551","post","type-post","status-publish","format-standard","has-post-thumbnail","hentry","category-noticies","category-rafa-nadal-academy-by-movistar-ca","tag-rafa-nadal-academy-by-movistar-ca"],"acf":[],"yoast_head":"<!-- This site is optimized with the Yoast SEO Premium plugin v26.8 (Yoast SEO v26.9) - https:\/\/yoast.com\/product\/yoast-seo-premium-wordpress\/ -->\n<title>La Rafa Nadal Academy celebra el nov\u00e8 aniversari consolidada com un referent mundial - Rafa Nadal Academy<\/title>\n<meta name=\"description\" content=\"El 19 d&#039;octubre del 2016 quedar\u00e0 per sempre gravat com un dia molt important a la cursa i al llegat de Rafa Nadal. Aquell dia, el mateix Rafa inaugurava oficialment la Rafa Nadal Academy a la seva ciutat natal, Manacor, acompanyat per Roger Federer i per nombroses personalitats, autoritats i amics.\" \/>\n<meta name=\"robots\" content=\"index, follow, max-snippet:-1, max-image-preview:large, max-video-preview:-1\" \/>\n<link rel=\"canonical\" href=\"https:\/\/www.rafanadalacademy.com\/ca\/rafa-nadal-academy-by-movistar-ca\/la-rafa-nadal-academy-by-movistar-celebra-el-nove-aniversari-consolidada-com-un-referent-mundial\/\" \/>\n<meta property=\"og:locale\" content=\"ca_ES\" \/>\n<meta property=\"og:type\" content=\"article\" \/>\n<meta property=\"og:title\" content=\"La Rafa Nadal Academy celebra el nov\u00e8 aniversari consolidada com un referent mundial\" \/>\n<meta property=\"og:description\" content=\"El 19 d&#039;octubre del 2016 quedar\u00e0 per sempre gravat com un dia molt important a la cursa i al llegat de Rafa Nadal. Aquell dia, el mateix Rafa inaugurava oficialment la Rafa Nadal Academy a la seva ciutat natal, Manacor, acompanyat per Roger Federer i per nombroses personalitats, autoritats i amics.\" \/>\n<meta property=\"og:url\" content=\"https:\/\/www.rafanadalacademy.com\/ca\/rafa-nadal-academy-by-movistar-ca\/la-rafa-nadal-academy-by-movistar-celebra-el-nove-aniversari-consolidada-com-un-referent-mundial\/\" \/>\n<meta property=\"og:site_name\" content=\"Rafa Nadal Academy\" \/>\n<meta property=\"article:published_time\" content=\"2025-10-17T07:44:28+00:00\" \/>\n<meta property=\"article:modified_time\" content=\"2025-10-20T08:43:32+00:00\" \/>\n<meta property=\"og:image\" content=\"https:\/\/www.rafanadalacademy.com\/wp-content\/uploads\/2025\/03\/RNA_2024marzo_5464-x-3070-6-scaled-e1742989201511.jpg\" \/>\n\t<meta property=\"og:image:width\" content=\"2560\" \/>\n\t<meta property=\"og:image:height\" content=\"1438\" \/>\n\t<meta property=\"og:image:type\" content=\"image\/jpeg\" \/>\n<meta name=\"author\" content=\"joseluisprados\" \/>\n<meta name=\"twitter:card\" content=\"summary_large_image\" \/>\n<meta name=\"twitter:label1\" content=\"Written by\" \/>\n\t<meta name=\"twitter:data1\" content=\"joseluisprados\" \/>\n\t<meta name=\"twitter:label2\" content=\"Est. reading time\" \/>\n\t<meta name=\"twitter:data2\" content=\"4 minutes\" \/>\n<script type=\"application\/ld+json\" class=\"yoast-schema-graph\">{\"@context\":\"https:\/\/schema.org\",\"@graph\":[{\"@type\":\"Article\",\"@id\":\"https:\/\/www.rafanadalacademy.com\/ca\/rafa-nadal-academy-by-movistar-ca\/la-rafa-nadal-academy-by-movistar-celebra-el-nove-aniversari-consolidada-com-un-referent-mundial\/#article\",\"isPartOf\":{\"@id\":\"https:\/\/www.rafanadalacademy.com\/ca\/rafa-nadal-academy-by-movistar-ca\/la-rafa-nadal-academy-by-movistar-celebra-el-nove-aniversari-consolidada-com-un-referent-mundial\/\"},\"author\":{\"name\":\"joseluisprados\",\"@id\":\"https:\/\/www.rafanadalacademy.com\/ca\/#\/schema\/person\/744897d6ee269641fff954376180ef01\"},\"headline\":\"La Rafa Nadal Academy celebra el nov\u00e8 aniversari consolidada com un referent mundial\",\"datePublished\":\"2025-10-17T07:44:28+00:00\",\"dateModified\":\"2025-10-20T08:43:32+00:00\",\"mainEntityOfPage\":{\"@id\":\"https:\/\/www.rafanadalacademy.com\/ca\/rafa-nadal-academy-by-movistar-ca\/la-rafa-nadal-academy-by-movistar-celebra-el-nove-aniversari-consolidada-com-un-referent-mundial\/\"},\"wordCount\":822,\"image\":{\"@id\":\"https:\/\/www.rafanadalacademy.com\/ca\/rafa-nadal-academy-by-movistar-ca\/la-rafa-nadal-academy-by-movistar-celebra-el-nove-aniversari-consolidada-com-un-referent-mundial\/#primaryimage\"},\"thumbnailUrl\":\"https:\/\/www.rafanadalacademy.com\/wp-content\/uploads\/2025\/03\/RNA_2024marzo_5464-x-3070-6-scaled-e1742989201511.jpg\",\"keywords\":[\"RAFA NADAL ACADEMY BY MOVISTAR\"],\"articleSection\":[\"Not\u00edcies\",\"RAFA NADAL ACADEMY BY MOVISTAR\"],\"inLanguage\":\"ca\",\"copyrightYear\":\"2025\",\"copyrightHolder\":{\"@id\":\"https:\/\/www.rafanadalacademy.com\/#organization\"}},{\"@type\":\"WebPage\",\"@id\":\"https:\/\/www.rafanadalacademy.com\/ca\/rafa-nadal-academy-by-movistar-ca\/la-rafa-nadal-academy-by-movistar-celebra-el-nove-aniversari-consolidada-com-un-referent-mundial\/\",\"url\":\"https:\/\/www.rafanadalacademy.com\/ca\/rafa-nadal-academy-by-movistar-ca\/la-rafa-nadal-academy-by-movistar-celebra-el-nove-aniversari-consolidada-com-un-referent-mundial\/\",\"name\":\"La Rafa Nadal Academy celebra el nov\u00e8 aniversari consolidada com un referent mundial - Rafa Nadal Academy\",\"isPartOf\":{\"@id\":\"https:\/\/www.rafanadalacademy.com\/ca\/#website\"},\"primaryImageOfPage\":{\"@id\":\"https:\/\/www.rafanadalacademy.com\/ca\/rafa-nadal-academy-by-movistar-ca\/la-rafa-nadal-academy-by-movistar-celebra-el-nove-aniversari-consolidada-com-un-referent-mundial\/#primaryimage\"},\"image\":{\"@id\":\"https:\/\/www.rafanadalacademy.com\/ca\/rafa-nadal-academy-by-movistar-ca\/la-rafa-nadal-academy-by-movistar-celebra-el-nove-aniversari-consolidada-com-un-referent-mundial\/#primaryimage\"},\"thumbnailUrl\":\"https:\/\/www.rafanadalacademy.com\/wp-content\/uploads\/2025\/03\/RNA_2024marzo_5464-x-3070-6-scaled-e1742989201511.jpg\",\"datePublished\":\"2025-10-17T07:44:28+00:00\",\"dateModified\":\"2025-10-20T08:43:32+00:00\",\"author\":{\"@id\":\"https:\/\/www.rafanadalacademy.com\/ca\/#\/schema\/person\/744897d6ee269641fff954376180ef01\"},\"description\":\"El 19 d'octubre del 2016 quedar\u00e0 per sempre gravat com un dia molt important a la cursa i al llegat de Rafa Nadal. Aquell dia, el mateix Rafa inaugurava oficialment la Rafa Nadal Academy a la seva ciutat natal, Manacor, acompanyat per Roger Federer i per nombroses personalitats, autoritats i amics.\",\"breadcrumb\":{\"@id\":\"https:\/\/www.rafanadalacademy.com\/ca\/rafa-nadal-academy-by-movistar-ca\/la-rafa-nadal-academy-by-movistar-celebra-el-nove-aniversari-consolidada-com-un-referent-mundial\/#breadcrumb\"},\"inLanguage\":\"ca\",\"potentialAction\":[{\"@type\":\"ReadAction\",\"target\":[\"https:\/\/www.rafanadalacademy.com\/ca\/rafa-nadal-academy-by-movistar-ca\/la-rafa-nadal-academy-by-movistar-celebra-el-nove-aniversari-consolidada-com-un-referent-mundial\/\"]}]},{\"@type\":\"ImageObject\",\"inLanguage\":\"ca\",\"@id\":\"https:\/\/www.rafanadalacademy.com\/ca\/rafa-nadal-academy-by-movistar-ca\/la-rafa-nadal-academy-by-movistar-celebra-el-nove-aniversari-consolidada-com-un-referent-mundial\/#primaryimage\",\"url\":\"https:\/\/www.rafanadalacademy.com\/wp-content\/uploads\/2025\/03\/RNA_2024marzo_5464-x-3070-6-scaled-e1742989201511.jpg\",\"contentUrl\":\"https:\/\/www.rafanadalacademy.com\/wp-content\/uploads\/2025\/03\/RNA_2024marzo_5464-x-3070-6-scaled-e1742989201511.jpg\",\"width\":2560,\"height\":1438},{\"@type\":\"BreadcrumbList\",\"@id\":\"https:\/\/www.rafanadalacademy.com\/ca\/rafa-nadal-academy-by-movistar-ca\/la-rafa-nadal-academy-by-movistar-celebra-el-nove-aniversari-consolidada-com-un-referent-mundial\/#breadcrumb\",\"itemListElement\":[{\"@type\":\"ListItem\",\"position\":1,\"name\":\"Home\",\"item\":\"https:\/\/www.rafanadalacademy.com\/ca\/\"},{\"@type\":\"ListItem\",\"position\":2,\"name\":\"La Rafa Nadal Academy celebra el nov\u00e8 aniversari consolidada com un referent mundial\"}]},{\"@type\":\"WebSite\",\"@id\":\"https:\/\/www.rafanadalacademy.com\/ca\/#website\",\"url\":\"https:\/\/www.rafanadalacademy.com\/ca\/\",\"name\":\"Rafa Nadal Academy\",\"description\":\"Otro sitio realizado con WordPress\",\"potentialAction\":[{\"@type\":\"SearchAction\",\"target\":{\"@type\":\"EntryPoint\",\"urlTemplate\":\"https:\/\/www.rafanadalacademy.com\/ca\/?s={search_term_string}\"},\"query-input\":{\"@type\":\"PropertyValueSpecification\",\"valueRequired\":true,\"valueName\":\"search_term_string\"}}],\"inLanguage\":\"ca\"},{\"@type\":\"Person\",\"@id\":\"https:\/\/www.rafanadalacademy.com\/ca\/#\/schema\/person\/744897d6ee269641fff954376180ef01\",\"name\":\"joseluisprados\",\"image\":{\"@type\":\"ImageObject\",\"inLanguage\":\"ca\",\"@id\":\"https:\/\/www.rafanadalacademy.com\/ca\/#\/schema\/person\/image\/\",\"url\":\"https:\/\/secure.gravatar.com\/avatar\/8aa823a6e5501864ffab4785d9e2a994b59c2d45c9f9751c5a532abfec081e5f?s=96&d=mm&r=g\",\"contentUrl\":\"https:\/\/secure.gravatar.com\/avatar\/8aa823a6e5501864ffab4785d9e2a994b59c2d45c9f9751c5a532abfec081e5f?s=96&d=mm&r=g\",\"caption\":\"joseluisprados\"},\"url\":\"https:\/\/www.rafanadalacademy.com\/ca\/author\/joseluisprados\/\"},{\"@type\":\"ImageObject\",\"inLanguage\":\"ca\",\"@id\":\"https:\/\/www.rafanadalacademy.com\/ca\/rafa-nadal-academy-by-movistar-ca\/la-rafa-nadal-academy-by-movistar-celebra-el-nove-aniversari-consolidada-com-un-referent-mundial\/#local-main-organization-logo\",\"url\":\"\",\"contentUrl\":\"\",\"caption\":\"Rafa Nadal Academy\"}]}<\/script>\n<!-- \/ Yoast SEO Premium plugin. -->","yoast_head_json":{"title":"La Rafa Nadal Academy celebra el nov\u00e8 aniversari consolidada com un referent mundial - Rafa Nadal Academy","description":"El 19 d'octubre del 2016 quedar\u00e0 per sempre gravat com un dia molt important a la cursa i al llegat de Rafa Nadal. Aquell dia, el mateix Rafa inaugurava oficialment la Rafa Nadal Academy a la seva ciutat natal, Manacor, acompanyat per Roger Federer i per nombroses personalitats, autoritats i amics.","robots":{"index":"index","follow":"follow","max-snippet":"max-snippet:-1","max-image-preview":"max-image-preview:large","max-video-preview":"max-video-preview:-1"},"canonical":"https:\/\/www.rafanadalacademy.com\/ca\/rafa-nadal-academy-by-movistar-ca\/la-rafa-nadal-academy-by-movistar-celebra-el-nove-aniversari-consolidada-com-un-referent-mundial\/","og_locale":"ca_ES","og_type":"article","og_title":"La Rafa Nadal Academy celebra el nov\u00e8 aniversari consolidada com un referent mundial","og_description":"El 19 d'octubre del 2016 quedar\u00e0 per sempre gravat com un dia molt important a la cursa i al llegat de Rafa Nadal. Aquell dia, el mateix Rafa inaugurava oficialment la Rafa Nadal Academy a la seva ciutat natal, Manacor, acompanyat per Roger Federer i per nombroses personalitats, autoritats i amics.","og_url":"https:\/\/www.rafanadalacademy.com\/ca\/rafa-nadal-academy-by-movistar-ca\/la-rafa-nadal-academy-by-movistar-celebra-el-nove-aniversari-consolidada-com-un-referent-mundial\/","og_site_name":"Rafa Nadal Academy","article_published_time":"2025-10-17T07:44:28+00:00","article_modified_time":"2025-10-20T08:43:32+00:00","og_image":[{"width":2560,"height":1438,"url":"https:\/\/www.rafanadalacademy.com\/wp-content\/uploads\/2025\/03\/RNA_2024marzo_5464-x-3070-6-scaled-e1742989201511.jpg","type":"image\/jpeg"}],"author":"joseluisprados","twitter_card":"summary_large_image","twitter_misc":{"Written by":"joseluisprados","Est. reading time":"4 minutes"},"schema":{"@context":"https:\/\/schema.org","@graph":[{"@type":"Article","@id":"https:\/\/www.rafanadalacademy.com\/ca\/rafa-nadal-academy-by-movistar-ca\/la-rafa-nadal-academy-by-movistar-celebra-el-nove-aniversari-consolidada-com-un-referent-mundial\/#article","isPartOf":{"@id":"https:\/\/www.rafanadalacademy.com\/ca\/rafa-nadal-academy-by-movistar-ca\/la-rafa-nadal-academy-by-movistar-celebra-el-nove-aniversari-consolidada-com-un-referent-mundial\/"},"author":{"name":"joseluisprados","@id":"https:\/\/www.rafanadalacademy.com\/ca\/#\/schema\/person\/744897d6ee269641fff954376180ef01"},"headline":"La Rafa Nadal Academy celebra el nov\u00e8 aniversari consolidada com un referent mundial","datePublished":"2025-10-17T07:44:28+00:00","dateModified":"2025-10-20T08:43:32+00:00","mainEntityOfPage":{"@id":"https:\/\/www.rafanadalacademy.com\/ca\/rafa-nadal-academy-by-movistar-ca\/la-rafa-nadal-academy-by-movistar-celebra-el-nove-aniversari-consolidada-com-un-referent-mundial\/"},"wordCount":822,"image":{"@id":"https:\/\/www.rafanadalacademy.com\/ca\/rafa-nadal-academy-by-movistar-ca\/la-rafa-nadal-academy-by-movistar-celebra-el-nove-aniversari-consolidada-com-un-referent-mundial\/#primaryimage"},"thumbnailUrl":"https:\/\/www.rafanadalacademy.com\/wp-content\/uploads\/2025\/03\/RNA_2024marzo_5464-x-3070-6-scaled-e1742989201511.jpg","keywords":["RAFA NADAL ACADEMY BY MOVISTAR"],"articleSection":["Not\u00edcies","RAFA NADAL ACADEMY BY MOVISTAR"],"inLanguage":"ca","copyrightYear":"2025","copyrightHolder":{"@id":"https:\/\/www.rafanadalacademy.com\/#organization"}},{"@type":"WebPage","@id":"https:\/\/www.rafanadalacademy.com\/ca\/rafa-nadal-academy-by-movistar-ca\/la-rafa-nadal-academy-by-movistar-celebra-el-nove-aniversari-consolidada-com-un-referent-mundial\/","url":"https:\/\/www.rafanadalacademy.com\/ca\/rafa-nadal-academy-by-movistar-ca\/la-rafa-nadal-academy-by-movistar-celebra-el-nove-aniversari-consolidada-com-un-referent-mundial\/","name":"La Rafa Nadal Academy celebra el nov\u00e8 aniversari consolidada com un referent mundial - Rafa Nadal Academy","isPartOf":{"@id":"https:\/\/www.rafanadalacademy.com\/ca\/#website"},"primaryImageOfPage":{"@id":"https:\/\/www.rafanadalacademy.com\/ca\/rafa-nadal-academy-by-movistar-ca\/la-rafa-nadal-academy-by-movistar-celebra-el-nove-aniversari-consolidada-com-un-referent-mundial\/#primaryimage"},"image":{"@id":"https:\/\/www.rafanadalacademy.com\/ca\/rafa-nadal-academy-by-movistar-ca\/la-rafa-nadal-academy-by-movistar-celebra-el-nove-aniversari-consolidada-com-un-referent-mundial\/#primaryimage"},"thumbnailUrl":"https:\/\/www.rafanadalacademy.com\/wp-content\/uploads\/2025\/03\/RNA_2024marzo_5464-x-3070-6-scaled-e1742989201511.jpg","datePublished":"2025-10-17T07:44:28+00:00","dateModified":"2025-10-20T08:43:32+00:00","author":{"@id":"https:\/\/www.rafanadalacademy.com\/ca\/#\/schema\/person\/744897d6ee269641fff954376180ef01"},"description":"El 19 d'octubre del 2016 quedar\u00e0 per sempre gravat com un dia molt important a la cursa i al llegat de Rafa Nadal. Aquell dia, el mateix Rafa inaugurava oficialment la Rafa Nadal Academy a la seva ciutat natal, Manacor, acompanyat per Roger Federer i per nombroses personalitats, autoritats i amics.","breadcrumb":{"@id":"https:\/\/www.rafanadalacademy.com\/ca\/rafa-nadal-academy-by-movistar-ca\/la-rafa-nadal-academy-by-movistar-celebra-el-nove-aniversari-consolidada-com-un-referent-mundial\/#breadcrumb"},"inLanguage":"ca","potentialAction":[{"@type":"ReadAction","target":["https:\/\/www.rafanadalacademy.com\/ca\/rafa-nadal-academy-by-movistar-ca\/la-rafa-nadal-academy-by-movistar-celebra-el-nove-aniversari-consolidada-com-un-referent-mundial\/"]}]},{"@type":"ImageObject","inLanguage":"ca","@id":"https:\/\/www.rafanadalacademy.com\/ca\/rafa-nadal-academy-by-movistar-ca\/la-rafa-nadal-academy-by-movistar-celebra-el-nove-aniversari-consolidada-com-un-referent-mundial\/#primaryimage","url":"https:\/\/www.rafanadalacademy.com\/wp-content\/uploads\/2025\/03\/RNA_2024marzo_5464-x-3070-6-scaled-e1742989201511.jpg","contentUrl":"https:\/\/www.rafanadalacademy.com\/wp-content\/uploads\/2025\/03\/RNA_2024marzo_5464-x-3070-6-scaled-e1742989201511.jpg","width":2560,"height":1438},{"@type":"BreadcrumbList","@id":"https:\/\/www.rafanadalacademy.com\/ca\/rafa-nadal-academy-by-movistar-ca\/la-rafa-nadal-academy-by-movistar-celebra-el-nove-aniversari-consolidada-com-un-referent-mundial\/#breadcrumb","itemListElement":[{"@type":"ListItem","position":1,"name":"Home","item":"https:\/\/www.rafanadalacademy.com\/ca\/"},{"@type":"ListItem","position":2,"name":"La Rafa Nadal Academy celebra el nov\u00e8 aniversari consolidada com un referent mundial"}]},{"@type":"WebSite","@id":"https:\/\/www.rafanadalacademy.com\/ca\/#website","url":"https:\/\/www.rafanadalacademy.com\/ca\/","name":"Rafa Nadal Academy","description":"Otro sitio realizado con WordPress","potentialAction":[{"@type":"SearchAction","target":{"@type":"EntryPoint","urlTemplate":"https:\/\/www.rafanadalacademy.com\/ca\/?s={search_term_string}"},"query-input":{"@type":"PropertyValueSpecification","valueRequired":true,"valueName":"search_term_string"}}],"inLanguage":"ca"},{"@type":"Person","@id":"https:\/\/www.rafanadalacademy.com\/ca\/#\/schema\/person\/744897d6ee269641fff954376180ef01","name":"joseluisprados","image":{"@type":"ImageObject","inLanguage":"ca","@id":"https:\/\/www.rafanadalacademy.com\/ca\/#\/schema\/person\/image\/","url":"https:\/\/secure.gravatar.com\/avatar\/8aa823a6e5501864ffab4785d9e2a994b59c2d45c9f9751c5a532abfec081e5f?s=96&d=mm&r=g","contentUrl":"https:\/\/secure.gravatar.com\/avatar\/8aa823a6e5501864ffab4785d9e2a994b59c2d45c9f9751c5a532abfec081e5f?s=96&d=mm&r=g","caption":"joseluisprados"},"url":"https:\/\/www.rafanadalacademy.com\/ca\/author\/joseluisprados\/"},{"@type":"ImageObject","inLanguage":"ca","@id":"https:\/\/www.rafanadalacademy.com\/ca\/rafa-nadal-academy-by-movistar-ca\/la-rafa-nadal-academy-by-movistar-celebra-el-nove-aniversari-consolidada-com-un-referent-mundial\/#local-main-organization-logo","url":"","contentUrl":"","caption":"Rafa Nadal Academy"}]}},"_links":{"self":[{"href":"https:\/\/www.rafanadalacademy.com\/ca\/wp-json\/wp\/v2\/posts\/35551","targetHints":{"allow":["GET"]}}],"collection":[{"href":"https:\/\/www.rafanadalacademy.com\/ca\/wp-json\/wp\/v2\/posts"}],"about":[{"href":"https:\/\/www.rafanadalacademy.com\/ca\/wp-json\/wp\/v2\/types\/post"}],"author":[{"embeddable":true,"href":"https:\/\/www.rafanadalacademy.com\/ca\/wp-json\/wp\/v2\/users\/23"}],"replies":[{"embeddable":true,"href":"https:\/\/www.rafanadalacademy.com\/ca\/wp-json\/wp\/v2\/comments?post=35551"}],"version-history":[{"count":1,"href":"https:\/\/www.rafanadalacademy.com\/ca\/wp-json\/wp\/v2\/posts\/35551\/revisions"}],"predecessor-version":[{"id":35552,"href":"https:\/\/www.rafanadalacademy.com\/ca\/wp-json\/wp\/v2\/posts\/35551\/revisions\/35552"}],"wp:featuredmedia":[{"embeddable":true,"href":"https:\/\/www.rafanadalacademy.com\/ca\/wp-json\/wp\/v2\/media\/25484"}],"wp:attachment":[{"href":"https:\/\/www.rafanadalacademy.com\/ca\/wp-json\/wp\/v2\/media?parent=35551"}],"wp:term":[{"taxonomy":"category","embeddable":true,"href":"https:\/\/www.rafanadalacademy.com\/ca\/wp-json\/wp\/v2\/categories?post=35551"},{"taxonomy":"post_tag","embeddable":true,"href":"https:\/\/www.rafanadalacademy.com\/ca\/wp-json\/wp\/v2\/tags?post=35551"}],"curies":[{"name":"wp","href":"https:\/\/api.w.org\/{rel}","templated":true}]}}