{"id":35207,"date":"2025-10-11T11:38:26","date_gmt":"2025-10-11T11:38:26","guid":{"rendered":"https:\/\/www.rafanadalacademy.com\/sin-categorizar\/van-koot-reid-i-la-parella-caverzaschi-zhenxu-campions-de-lenrique-esteire-open-2025\/"},"modified":"2025-10-16T12:06:45","modified_gmt":"2025-10-16T12:06:45","slug":"van-koot-reid-i-la-parella-caverzaschi-zhenxu-campions-de-lenrique-esteire-open-2025","status":"publish","type":"post","link":"https:\/\/www.rafanadalacademy.com\/ca\/noticies\/van-koot-reid-i-la-parella-caverzaschi-zhenxu-campions-de-lenrique-esteire-open-2025\/","title":{"rendered":"Van Koot, Reid i la parella Caverzaschi-Zhenxu, campions de l\u2019Enrique Esteire Open 2025"},"content":{"rendered":"\n<p><strong>L\u2019Enrique Esteire Open<\/strong>, torneig de tennis en cadira de rodes disputat del 7 al 10 d\u2019octubre a les <a href=\"https:\/\/www.rafanadalacademy.com\/ca\/installacions\/\">instal\u00b7lacions de la Rafa Nadal Academy<\/a>, ha coronat <strong>Aniek Van Koot<\/strong>, <strong>Gordon Reid<\/strong> i la parella <strong>Dani Caverzaschi<\/strong> &#8211; <strong>Ju Zhenxu<\/strong> com a campions, fet que suposa el triomf de quatre nacionalitats diferents en aquesta tercera edici\u00f3 del torneig.<\/p>\n\n<figure class=\"wp-block-image size-full\"><img loading=\"lazy\" decoding=\"async\" width=\"1200\" height=\"744\" src=\"https:\/\/www.rafanadalacademy.com\/wp-content\/uploads\/2025\/10\/Esteire-Open-2025-e1760615010127.jpg\" alt=\"\" class=\"wp-image-35196\" srcset=\"https:\/\/www.rafanadalacademy.com\/wp-content\/uploads\/2025\/10\/Esteire-Open-2025-e1760615010127.jpg 1200w, https:\/\/www.rafanadalacademy.com\/wp-content\/uploads\/2025\/10\/Esteire-Open-2025-e1760615010127-300x186.jpg 300w, https:\/\/www.rafanadalacademy.com\/wp-content\/uploads\/2025\/10\/Esteire-Open-2025-e1760615010127-1024x635.jpg 1024w, https:\/\/www.rafanadalacademy.com\/wp-content\/uploads\/2025\/10\/Esteire-Open-2025-e1760615010127-768x476.jpg 768w\" sizes=\"auto, (max-width: 1200px) 100vw, 1200px\" \/><\/figure>\n\n<div style=\"height:57px\" aria-hidden=\"true\" class=\"wp-block-spacer\"><\/div>\n\n<p>L&#8217;angl\u00e8s Gordon Reid i l&#8217;argent\u00ed Gustavo Fern\u00e1ndez van protagonitzar una final masculina intensa, amb empat a un set i el primer imposant-se finalment per la retirada per lesi\u00f3 del segon.<\/p>\n\n<p>A la final femenina, la neerlandesa Aniek Van Koot va certificar un torneig impecable en imposar-se per 6-2 i 6-3 a la japonesa Yui Kamiji.<\/p>\n\n<p>Per la seva banda, l&#8217;espanyol Dani Caverzaschi va caure a les semifinals individuals per\u00f2 es va rescabalar a la final de dobles, on formant parella amb Ju Zhenxu va v\u00e8ncer 6-4 i 6-2 a la dupla formada per Frederic Cattaneo i Alwande Sikhosana.<\/p>\n\n<p>El torneig, que ret homenatge a <strong>Enrique Esteire<\/strong> , pioner del tennis i cofundador del <strong>Club de Tennis Chamartin<\/strong> s&#8217;ha consolidat en les \u00faltimes edicions com un referent competitiu i alhora com un espai de visibilitat i inclusi\u00f3.<\/p>\n","protected":false},"excerpt":{"rendered":"<p>L\u2019Enrique Esteire Open, torneig de tennis en cadira de rodes disputat del 7 al 10 d\u2019octubre a les instal\u00b7lacions de la Rafa Nadal Academy, ha coronat Aniek Van Koot, Gordon Reid i la parella Dani Caverzaschi &#8211; Ju Zhenxu com a campions, fet que suposa el triomf de quatre nacionalitats diferents en aquesta tercera edici\u00f3<a href=\"https:\/\/www.rafanadalacademy.com\/ca\/noticies\/van-koot-reid-i-la-parella-caverzaschi-zhenxu-campions-de-lenrique-esteire-open-2025\/\">Continue reading <span class=\"sr-only\">&#8220;Van Koot, Reid i la parella Caverzaschi-Zhenxu, campions de l\u2019Enrique Esteire Open 2025&#8221;<\/span><\/a><\/p>\n","protected":false},"author":23,"featured_media":35197,"comment_status":"closed","ping_status":"closed","sticky":false,"template":"","format":"standard","meta":{"_acf_changed":false,"footnotes":""},"categories":[157,209],"tags":[210],"class_list":["post-35207","post","type-post","status-publish","format-standard","has-post-thumbnail","hentry","category-noticies","category-rafa-nadal-academy-by-movistar-ca","tag-rafa-nadal-academy-by-movistar-ca"],"acf":[],"yoast_head":"<!-- This site is optimized with the Yoast SEO Premium plugin v26.8 (Yoast SEO v26.9) - https:\/\/yoast.com\/product\/yoast-seo-premium-wordpress\/ -->\n<title>Van Koot, Reid i la parella Caverzaschi-Zhenxu, campions de l\u2019Enrique Esteire Open 2025 - Rafa Nadal Academy<\/title>\n<meta name=\"description\" content=\"L&#039;Enrique Esteire Open, torneig amb cadira de rodes que s&#039;ha disputat del 7 al 10 d&#039;octubre a la Rafa Nadal Academy, ha coronat Van Koot, Reid i la parella Caverzaschi-Zhenxufinales,\" \/>\n<meta name=\"robots\" content=\"index, follow, max-snippet:-1, max-image-preview:large, max-video-preview:-1\" \/>\n<link rel=\"canonical\" href=\"https:\/\/www.rafanadalacademy.com\/ca\/noticies\/van-koot-reid-i-la-parella-caverzaschi-zhenxu-campions-de-lenrique-esteire-open-2025\/\" \/>\n<meta property=\"og:locale\" content=\"ca_ES\" \/>\n<meta property=\"og:type\" content=\"article\" \/>\n<meta property=\"og:title\" content=\"Van Koot, Reid i la parella Caverzaschi-Zhenxu, campions de l\u2019Enrique Esteire Open 2025\" \/>\n<meta property=\"og:description\" content=\"L&#039;Enrique Esteire Open, torneig amb cadira de rodes que s&#039;ha disputat del 7 al 10 d&#039;octubre a la Rafa Nadal Academy, ha coronat Van Koot, Reid i la parella Caverzaschi-Zhenxufinales,\" \/>\n<meta property=\"og:url\" content=\"https:\/\/www.rafanadalacademy.com\/ca\/noticies\/van-koot-reid-i-la-parella-caverzaschi-zhenxu-campions-de-lenrique-esteire-open-2025\/\" \/>\n<meta property=\"og:site_name\" content=\"Rafa Nadal Academy\" \/>\n<meta property=\"article:published_time\" content=\"2025-10-11T11:38:26+00:00\" \/>\n<meta property=\"article:modified_time\" content=\"2025-10-16T12:06:45+00:00\" \/>\n<meta property=\"og:image\" content=\"https:\/\/www.rafanadalacademy.com\/wp-content\/uploads\/2025\/10\/Esteire-Open-2025-e1760615010127.jpg\" \/>\n\t<meta property=\"og:image:width\" content=\"1200\" \/>\n\t<meta property=\"og:image:height\" content=\"1600\" \/>\n\t<meta property=\"og:image:type\" content=\"image\/jpeg\" \/>\n<meta name=\"author\" content=\"joseluisprados\" \/>\n<meta name=\"twitter:card\" content=\"summary_large_image\" \/>\n<meta name=\"twitter:label1\" content=\"Written by\" \/>\n\t<meta name=\"twitter:data1\" content=\"joseluisprados\" \/>\n\t<meta name=\"twitter:label2\" content=\"Est. reading time\" \/>\n\t<meta name=\"twitter:data2\" content=\"1 minute\" \/>\n<script type=\"application\/ld+json\" class=\"yoast-schema-graph\">{\"@context\":\"https:\/\/schema.org\",\"@graph\":[{\"@type\":\"Article\",\"@id\":\"https:\/\/www.rafanadalacademy.com\/ca\/noticies\/van-koot-reid-i-la-parella-caverzaschi-zhenxu-campions-de-lenrique-esteire-open-2025\/#article\",\"isPartOf\":{\"@id\":\"https:\/\/www.rafanadalacademy.com\/ca\/noticies\/van-koot-reid-i-la-parella-caverzaschi-zhenxu-campions-de-lenrique-esteire-open-2025\/\"},\"author\":{\"name\":\"joseluisprados\",\"@id\":\"https:\/\/www.rafanadalacademy.com\/ca\/#\/schema\/person\/744897d6ee269641fff954376180ef01\"},\"headline\":\"Van Koot, Reid i la parella Caverzaschi-Zhenxu, campions de l\u2019Enrique Esteire Open 2025\",\"datePublished\":\"2025-10-11T11:38:26+00:00\",\"dateModified\":\"2025-10-16T12:06:45+00:00\",\"mainEntityOfPage\":{\"@id\":\"https:\/\/www.rafanadalacademy.com\/ca\/noticies\/van-koot-reid-i-la-parella-caverzaschi-zhenxu-campions-de-lenrique-esteire-open-2025\/\"},\"wordCount\":213,\"image\":{\"@id\":\"https:\/\/www.rafanadalacademy.com\/ca\/noticies\/van-koot-reid-i-la-parella-caverzaschi-zhenxu-campions-de-lenrique-esteire-open-2025\/#primaryimage\"},\"thumbnailUrl\":\"https:\/\/www.rafanadalacademy.com\/wp-content\/uploads\/2025\/10\/Esteire-Open-2025-e1760615010127.jpg\",\"keywords\":[\"RAFA NADAL ACADEMY BY MOVISTAR\"],\"articleSection\":[\"Not\u00edcies\",\"RAFA NADAL ACADEMY BY MOVISTAR\"],\"inLanguage\":\"ca\",\"copyrightYear\":\"2025\",\"copyrightHolder\":{\"@id\":\"https:\/\/www.rafanadalacademy.com\/#organization\"}},{\"@type\":\"WebPage\",\"@id\":\"https:\/\/www.rafanadalacademy.com\/ca\/noticies\/van-koot-reid-i-la-parella-caverzaschi-zhenxu-campions-de-lenrique-esteire-open-2025\/\",\"url\":\"https:\/\/www.rafanadalacademy.com\/ca\/noticies\/van-koot-reid-i-la-parella-caverzaschi-zhenxu-campions-de-lenrique-esteire-open-2025\/\",\"name\":\"Van Koot, Reid i la parella Caverzaschi-Zhenxu, campions de l\u2019Enrique Esteire Open 2025 - Rafa Nadal Academy\",\"isPartOf\":{\"@id\":\"https:\/\/www.rafanadalacademy.com\/ca\/#website\"},\"primaryImageOfPage\":{\"@id\":\"https:\/\/www.rafanadalacademy.com\/ca\/noticies\/van-koot-reid-i-la-parella-caverzaschi-zhenxu-campions-de-lenrique-esteire-open-2025\/#primaryimage\"},\"image\":{\"@id\":\"https:\/\/www.rafanadalacademy.com\/ca\/noticies\/van-koot-reid-i-la-parella-caverzaschi-zhenxu-campions-de-lenrique-esteire-open-2025\/#primaryimage\"},\"thumbnailUrl\":\"https:\/\/www.rafanadalacademy.com\/wp-content\/uploads\/2025\/10\/Esteire-Open-2025-e1760615010127.jpg\",\"datePublished\":\"2025-10-11T11:38:26+00:00\",\"dateModified\":\"2025-10-16T12:06:45+00:00\",\"author\":{\"@id\":\"https:\/\/www.rafanadalacademy.com\/ca\/#\/schema\/person\/744897d6ee269641fff954376180ef01\"},\"description\":\"L'Enrique Esteire Open, torneig amb cadira de rodes que s'ha disputat del 7 al 10 d'octubre a la Rafa Nadal Academy, ha coronat Van Koot, Reid i la parella Caverzaschi-Zhenxufinales,\",\"breadcrumb\":{\"@id\":\"https:\/\/www.rafanadalacademy.com\/ca\/noticies\/van-koot-reid-i-la-parella-caverzaschi-zhenxu-campions-de-lenrique-esteire-open-2025\/#breadcrumb\"},\"inLanguage\":\"ca\",\"potentialAction\":[{\"@type\":\"ReadAction\",\"target\":[\"https:\/\/www.rafanadalacademy.com\/ca\/noticies\/van-koot-reid-i-la-parella-caverzaschi-zhenxu-campions-de-lenrique-esteire-open-2025\/\"]}]},{\"@type\":\"ImageObject\",\"inLanguage\":\"ca\",\"@id\":\"https:\/\/www.rafanadalacademy.com\/ca\/noticies\/van-koot-reid-i-la-parella-caverzaschi-zhenxu-campions-de-lenrique-esteire-open-2025\/#primaryimage\",\"url\":\"https:\/\/www.rafanadalacademy.com\/wp-content\/uploads\/2025\/10\/Esteire-Open-2025-e1760615010127.jpg\",\"contentUrl\":\"https:\/\/www.rafanadalacademy.com\/wp-content\/uploads\/2025\/10\/Esteire-Open-2025-e1760615010127.jpg\",\"width\":1200,\"height\":1600,\"caption\":\"Entrega de trofeos del Esteire Open 2025\"},{\"@type\":\"BreadcrumbList\",\"@id\":\"https:\/\/www.rafanadalacademy.com\/ca\/noticies\/van-koot-reid-i-la-parella-caverzaschi-zhenxu-campions-de-lenrique-esteire-open-2025\/#breadcrumb\",\"itemListElement\":[{\"@type\":\"ListItem\",\"position\":1,\"name\":\"Home\",\"item\":\"https:\/\/www.rafanadalacademy.com\/ca\/\"},{\"@type\":\"ListItem\",\"position\":2,\"name\":\"Van Koot, Reid i la parella Caverzaschi-Zhenxu, campions de l\u2019Enrique Esteire Open 2025\"}]},{\"@type\":\"WebSite\",\"@id\":\"https:\/\/www.rafanadalacademy.com\/ca\/#website\",\"url\":\"https:\/\/www.rafanadalacademy.com\/ca\/\",\"name\":\"Rafa Nadal Academy\",\"description\":\"Otro sitio realizado con WordPress\",\"potentialAction\":[{\"@type\":\"SearchAction\",\"target\":{\"@type\":\"EntryPoint\",\"urlTemplate\":\"https:\/\/www.rafanadalacademy.com\/ca\/?s={search_term_string}\"},\"query-input\":{\"@type\":\"PropertyValueSpecification\",\"valueRequired\":true,\"valueName\":\"search_term_string\"}}],\"inLanguage\":\"ca\"},{\"@type\":\"Person\",\"@id\":\"https:\/\/www.rafanadalacademy.com\/ca\/#\/schema\/person\/744897d6ee269641fff954376180ef01\",\"name\":\"joseluisprados\",\"image\":{\"@type\":\"ImageObject\",\"inLanguage\":\"ca\",\"@id\":\"https:\/\/www.rafanadalacademy.com\/ca\/#\/schema\/person\/image\/\",\"url\":\"https:\/\/secure.gravatar.com\/avatar\/8aa823a6e5501864ffab4785d9e2a994b59c2d45c9f9751c5a532abfec081e5f?s=96&d=mm&r=g\",\"contentUrl\":\"https:\/\/secure.gravatar.com\/avatar\/8aa823a6e5501864ffab4785d9e2a994b59c2d45c9f9751c5a532abfec081e5f?s=96&d=mm&r=g\",\"caption\":\"joseluisprados\"},\"url\":\"https:\/\/www.rafanadalacademy.com\/ca\/author\/joseluisprados\/\"},{\"@type\":\"ImageObject\",\"inLanguage\":\"ca\",\"@id\":\"https:\/\/www.rafanadalacademy.com\/ca\/noticies\/van-koot-reid-i-la-parella-caverzaschi-zhenxu-campions-de-lenrique-esteire-open-2025\/#local-main-organization-logo\",\"url\":\"\",\"contentUrl\":\"\",\"caption\":\"Rafa Nadal Academy\"}]}<\/script>\n<!-- \/ Yoast SEO Premium plugin. -->","yoast_head_json":{"title":"Van Koot, Reid i la parella Caverzaschi-Zhenxu, campions de l\u2019Enrique Esteire Open 2025 - Rafa Nadal Academy","description":"L'Enrique Esteire Open, torneig amb cadira de rodes que s'ha disputat del 7 al 10 d'octubre a la Rafa Nadal Academy, ha coronat Van Koot, Reid i la parella Caverzaschi-Zhenxufinales,","robots":{"index":"index","follow":"follow","max-snippet":"max-snippet:-1","max-image-preview":"max-image-preview:large","max-video-preview":"max-video-preview:-1"},"canonical":"https:\/\/www.rafanadalacademy.com\/ca\/noticies\/van-koot-reid-i-la-parella-caverzaschi-zhenxu-campions-de-lenrique-esteire-open-2025\/","og_locale":"ca_ES","og_type":"article","og_title":"Van Koot, Reid i la parella Caverzaschi-Zhenxu, campions de l\u2019Enrique Esteire Open 2025","og_description":"L'Enrique Esteire Open, torneig amb cadira de rodes que s'ha disputat del 7 al 10 d'octubre a la Rafa Nadal Academy, ha coronat Van Koot, Reid i la parella Caverzaschi-Zhenxufinales,","og_url":"https:\/\/www.rafanadalacademy.com\/ca\/noticies\/van-koot-reid-i-la-parella-caverzaschi-zhenxu-campions-de-lenrique-esteire-open-2025\/","og_site_name":"Rafa Nadal Academy","article_published_time":"2025-10-11T11:38:26+00:00","article_modified_time":"2025-10-16T12:06:45+00:00","og_image":[{"width":1200,"height":1600,"url":"https:\/\/www.rafanadalacademy.com\/wp-content\/uploads\/2025\/10\/Esteire-Open-2025-e1760615010127.jpg","type":"image\/jpeg"}],"author":"joseluisprados","twitter_card":"summary_large_image","twitter_misc":{"Written by":"joseluisprados","Est. reading time":"1 minute"},"schema":{"@context":"https:\/\/schema.org","@graph":[{"@type":"Article","@id":"https:\/\/www.rafanadalacademy.com\/ca\/noticies\/van-koot-reid-i-la-parella-caverzaschi-zhenxu-campions-de-lenrique-esteire-open-2025\/#article","isPartOf":{"@id":"https:\/\/www.rafanadalacademy.com\/ca\/noticies\/van-koot-reid-i-la-parella-caverzaschi-zhenxu-campions-de-lenrique-esteire-open-2025\/"},"author":{"name":"joseluisprados","@id":"https:\/\/www.rafanadalacademy.com\/ca\/#\/schema\/person\/744897d6ee269641fff954376180ef01"},"headline":"Van Koot, Reid i la parella Caverzaschi-Zhenxu, campions de l\u2019Enrique Esteire Open 2025","datePublished":"2025-10-11T11:38:26+00:00","dateModified":"2025-10-16T12:06:45+00:00","mainEntityOfPage":{"@id":"https:\/\/www.rafanadalacademy.com\/ca\/noticies\/van-koot-reid-i-la-parella-caverzaschi-zhenxu-campions-de-lenrique-esteire-open-2025\/"},"wordCount":213,"image":{"@id":"https:\/\/www.rafanadalacademy.com\/ca\/noticies\/van-koot-reid-i-la-parella-caverzaschi-zhenxu-campions-de-lenrique-esteire-open-2025\/#primaryimage"},"thumbnailUrl":"https:\/\/www.rafanadalacademy.com\/wp-content\/uploads\/2025\/10\/Esteire-Open-2025-e1760615010127.jpg","keywords":["RAFA NADAL ACADEMY BY MOVISTAR"],"articleSection":["Not\u00edcies","RAFA NADAL ACADEMY BY MOVISTAR"],"inLanguage":"ca","copyrightYear":"2025","copyrightHolder":{"@id":"https:\/\/www.rafanadalacademy.com\/#organization"}},{"@type":"WebPage","@id":"https:\/\/www.rafanadalacademy.com\/ca\/noticies\/van-koot-reid-i-la-parella-caverzaschi-zhenxu-campions-de-lenrique-esteire-open-2025\/","url":"https:\/\/www.rafanadalacademy.com\/ca\/noticies\/van-koot-reid-i-la-parella-caverzaschi-zhenxu-campions-de-lenrique-esteire-open-2025\/","name":"Van Koot, Reid i la parella Caverzaschi-Zhenxu, campions de l\u2019Enrique Esteire Open 2025 - Rafa Nadal Academy","isPartOf":{"@id":"https:\/\/www.rafanadalacademy.com\/ca\/#website"},"primaryImageOfPage":{"@id":"https:\/\/www.rafanadalacademy.com\/ca\/noticies\/van-koot-reid-i-la-parella-caverzaschi-zhenxu-campions-de-lenrique-esteire-open-2025\/#primaryimage"},"image":{"@id":"https:\/\/www.rafanadalacademy.com\/ca\/noticies\/van-koot-reid-i-la-parella-caverzaschi-zhenxu-campions-de-lenrique-esteire-open-2025\/#primaryimage"},"thumbnailUrl":"https:\/\/www.rafanadalacademy.com\/wp-content\/uploads\/2025\/10\/Esteire-Open-2025-e1760615010127.jpg","datePublished":"2025-10-11T11:38:26+00:00","dateModified":"2025-10-16T12:06:45+00:00","author":{"@id":"https:\/\/www.rafanadalacademy.com\/ca\/#\/schema\/person\/744897d6ee269641fff954376180ef01"},"description":"L'Enrique Esteire Open, torneig amb cadira de rodes que s'ha disputat del 7 al 10 d'octubre a la Rafa Nadal Academy, ha coronat Van Koot, Reid i la parella Caverzaschi-Zhenxufinales,","breadcrumb":{"@id":"https:\/\/www.rafanadalacademy.com\/ca\/noticies\/van-koot-reid-i-la-parella-caverzaschi-zhenxu-campions-de-lenrique-esteire-open-2025\/#breadcrumb"},"inLanguage":"ca","potentialAction":[{"@type":"ReadAction","target":["https:\/\/www.rafanadalacademy.com\/ca\/noticies\/van-koot-reid-i-la-parella-caverzaschi-zhenxu-campions-de-lenrique-esteire-open-2025\/"]}]},{"@type":"ImageObject","inLanguage":"ca","@id":"https:\/\/www.rafanadalacademy.com\/ca\/noticies\/van-koot-reid-i-la-parella-caverzaschi-zhenxu-campions-de-lenrique-esteire-open-2025\/#primaryimage","url":"https:\/\/www.rafanadalacademy.com\/wp-content\/uploads\/2025\/10\/Esteire-Open-2025-e1760615010127.jpg","contentUrl":"https:\/\/www.rafanadalacademy.com\/wp-content\/uploads\/2025\/10\/Esteire-Open-2025-e1760615010127.jpg","width":1200,"height":1600,"caption":"Entrega de trofeos del Esteire Open 2025"},{"@type":"BreadcrumbList","@id":"https:\/\/www.rafanadalacademy.com\/ca\/noticies\/van-koot-reid-i-la-parella-caverzaschi-zhenxu-campions-de-lenrique-esteire-open-2025\/#breadcrumb","itemListElement":[{"@type":"ListItem","position":1,"name":"Home","item":"https:\/\/www.rafanadalacademy.com\/ca\/"},{"@type":"ListItem","position":2,"name":"Van Koot, Reid i la parella Caverzaschi-Zhenxu, campions de l\u2019Enrique Esteire Open 2025"}]},{"@type":"WebSite","@id":"https:\/\/www.rafanadalacademy.com\/ca\/#website","url":"https:\/\/www.rafanadalacademy.com\/ca\/","name":"Rafa Nadal Academy","description":"Otro sitio realizado con WordPress","potentialAction":[{"@type":"SearchAction","target":{"@type":"EntryPoint","urlTemplate":"https:\/\/www.rafanadalacademy.com\/ca\/?s={search_term_string}"},"query-input":{"@type":"PropertyValueSpecification","valueRequired":true,"valueName":"search_term_string"}}],"inLanguage":"ca"},{"@type":"Person","@id":"https:\/\/www.rafanadalacademy.com\/ca\/#\/schema\/person\/744897d6ee269641fff954376180ef01","name":"joseluisprados","image":{"@type":"ImageObject","inLanguage":"ca","@id":"https:\/\/www.rafanadalacademy.com\/ca\/#\/schema\/person\/image\/","url":"https:\/\/secure.gravatar.com\/avatar\/8aa823a6e5501864ffab4785d9e2a994b59c2d45c9f9751c5a532abfec081e5f?s=96&d=mm&r=g","contentUrl":"https:\/\/secure.gravatar.com\/avatar\/8aa823a6e5501864ffab4785d9e2a994b59c2d45c9f9751c5a532abfec081e5f?s=96&d=mm&r=g","caption":"joseluisprados"},"url":"https:\/\/www.rafanadalacademy.com\/ca\/author\/joseluisprados\/"},{"@type":"ImageObject","inLanguage":"ca","@id":"https:\/\/www.rafanadalacademy.com\/ca\/noticies\/van-koot-reid-i-la-parella-caverzaschi-zhenxu-campions-de-lenrique-esteire-open-2025\/#local-main-organization-logo","url":"","contentUrl":"","caption":"Rafa Nadal Academy"}]}},"_links":{"self":[{"href":"https:\/\/www.rafanadalacademy.com\/ca\/wp-json\/wp\/v2\/posts\/35207","targetHints":{"allow":["GET"]}}],"collection":[{"href":"https:\/\/www.rafanadalacademy.com\/ca\/wp-json\/wp\/v2\/posts"}],"about":[{"href":"https:\/\/www.rafanadalacademy.com\/ca\/wp-json\/wp\/v2\/types\/post"}],"author":[{"embeddable":true,"href":"https:\/\/www.rafanadalacademy.com\/ca\/wp-json\/wp\/v2\/users\/23"}],"replies":[{"embeddable":true,"href":"https:\/\/www.rafanadalacademy.com\/ca\/wp-json\/wp\/v2\/comments?post=35207"}],"version-history":[{"count":3,"href":"https:\/\/www.rafanadalacademy.com\/ca\/wp-json\/wp\/v2\/posts\/35207\/revisions"}],"predecessor-version":[{"id":35224,"href":"https:\/\/www.rafanadalacademy.com\/ca\/wp-json\/wp\/v2\/posts\/35207\/revisions\/35224"}],"wp:featuredmedia":[{"embeddable":true,"href":"https:\/\/www.rafanadalacademy.com\/ca\/wp-json\/wp\/v2\/media\/35197"}],"wp:attachment":[{"href":"https:\/\/www.rafanadalacademy.com\/ca\/wp-json\/wp\/v2\/media?parent=35207"}],"wp:term":[{"taxonomy":"category","embeddable":true,"href":"https:\/\/www.rafanadalacademy.com\/ca\/wp-json\/wp\/v2\/categories?post=35207"},{"taxonomy":"post_tag","embeddable":true,"href":"https:\/\/www.rafanadalacademy.com\/ca\/wp-json\/wp\/v2\/tags?post=35207"}],"curies":[{"name":"wp","href":"https:\/\/api.w.org\/{rel}","templated":true}]}}