{"id":35071,"date":"2025-10-15T09:38:45","date_gmt":"2025-10-15T09:38:45","guid":{"rendered":"https:\/\/www.rafanadalacademy.com\/sin-categorizar\/el-rafa-nadal-academy-team-intentara-conquerir-la-tercera-edicio-de-la-hexagon-cup\/"},"modified":"2025-10-15T09:51:12","modified_gmt":"2025-10-15T09:51:12","slug":"el-rafa-nadal-academy-team-intentara-conquerir-la-tercera-edicio-de-la-hexagon-cup","status":"publish","type":"post","link":"https:\/\/www.rafanadalacademy.com\/ca\/noticies\/el-rafa-nadal-academy-team-intentara-conquerir-la-tercera-edicio-de-la-hexagon-cup\/","title":{"rendered":"El Rafa Nadal Academy Team intentar\u00e0 conquerir la tercera edici\u00f3 de la Hexagon Cup"},"content":{"rendered":"\n<p>La Hexagon Cup, el torneig de p\u00e0del per equips que ha revolucionat el panorama internacional, ha completat el seu esperat draft, configurant aix\u00ed les plantilles que competiran pel t\u00edtol a la Caixa M\u00e0gica del 28 de gener a l&#8217;1 de febrer del 2026.<\/p>\n\n<figure class=\"wp-block-gallery has-nested-images columns-default is-cropped wp-block-gallery-1 is-layout-flex wp-block-gallery-is-layout-flex\">\n<figure class=\"wp-block-image size-full\"><img loading=\"lazy\" decoding=\"async\" width=\"2560\" height=\"1700\" data-id=\"35060\" src=\"https:\/\/www.rafanadalacademy.com\/wp-content\/uploads\/2025\/10\/Hexagon_Cup_Rafa_Nadal_Academy_Team.jpg\" alt=\"El Rafa Nadal Academy Team a la Hexagon Cup\" class=\"wp-image-35060\" srcset=\"https:\/\/www.rafanadalacademy.com\/wp-content\/uploads\/2025\/10\/Hexagon_Cup_Rafa_Nadal_Academy_Team.jpg 2560w, https:\/\/www.rafanadalacademy.com\/wp-content\/uploads\/2025\/10\/Hexagon_Cup_Rafa_Nadal_Academy_Team-300x199.jpg 300w, https:\/\/www.rafanadalacademy.com\/wp-content\/uploads\/2025\/10\/Hexagon_Cup_Rafa_Nadal_Academy_Team-1024x680.jpg 1024w, https:\/\/www.rafanadalacademy.com\/wp-content\/uploads\/2025\/10\/Hexagon_Cup_Rafa_Nadal_Academy_Team-768x510.jpg 768w, https:\/\/www.rafanadalacademy.com\/wp-content\/uploads\/2025\/10\/Hexagon_Cup_Rafa_Nadal_Academy_Team-1536x1020.jpg 1536w, https:\/\/www.rafanadalacademy.com\/wp-content\/uploads\/2025\/10\/Hexagon_Cup_Rafa_Nadal_Academy_Team-2048x1360.jpg 2048w\" sizes=\"auto, (max-width: 2560px) 100vw, 2560px\" \/><\/figure>\n<\/figure>\n\n<div style=\"height:57px\" aria-hidden=\"true\" class=\"wp-block-spacer\"><\/div>\n\n<p>L&#8217;esdeveniment, que reunir\u00e0 les principals figures del p\u00e0del amb joves promeses, ha deixat equips equilibrats, plens de talent i amb estils molt diferents entre si. Amb el draft, cada franqu\u00edcia ha incorporat jugadors masculins i femenins, a m\u00e9s dels integrants <em>Next Gen<\/em> , que ja han estat confirmats. 18 dels vint millors jugadors del m\u00f3n seran de la partida (vuit del top ten mascul\u00ed i el top tingues mundial femen\u00ed al complet). Agust\u00edn Tapia, Arturo Coello, Gemma Triay, Delfina Brea\u2026 un planter pr\u00e0cticament insuperable que ni els n\u00fameros u del m\u00f3n s\u2019han volgut perdre.   <\/p>\n\n<p>\u201cEl nivell dels equips \u00e9s incre\u00efble i l\u2019ambici\u00f3 de cadascun fa que aquesta edici\u00f3 sigui la m\u00e9s competida fins ara\u201d, va afirmar Sergio Lewin, Operations and Sporting Managing Director de la Hexagon Cup. \u201cEs nota que els equips afinen cada vegada m\u00e9s les seves estrat\u00e8gies en la formaci\u00f3 de les plantilles: apostes per jugadors joves, nous jugadors franqu\u00edcia\u2026 El format per equips, amb barreges d\u2019estils, estrat\u00e8gies i generacions, garanteix emoci\u00f3 des del primer punt fins a la gran final. Volem que el p\u00fablic visqui el p\u00e0del com mai abans.\u201d <\/p>\n\n<div style=\"height:57px\" aria-hidden=\"true\" class=\"wp-block-spacer\"><\/div>\n\n<figure class=\"wp-block-embed is-type-video is-provider-youtube wp-block-embed-youtube wp-embed-aspect-16-9 wp-has-aspect-ratio\"><div class=\"wp-block-embed__wrapper\">\n<iframe loading=\"lazy\" title=\"El Rafa Nadal Academy Team est\u00e1 de vuelta en la Hexagon Cup\" width=\"500\" height=\"281\" src=\"https:\/\/www.youtube.com\/embed\/mI2yWxmoGjw?feature=oembed\" frameborder=\"0\" allow=\"accelerometer; autoplay; clipboard-write; encrypted-media; gyroscope; picture-in-picture; web-share\" referrerpolicy=\"strict-origin-when-cross-origin\" allowfullscreen><\/iframe>\n<\/div><\/figure>\n\n<div style=\"height:57px\" aria-hidden=\"true\" class=\"wp-block-spacer\"><\/div>\n\n<p>L\u2019innovador format per equips de la Hexagon Cup \u2014amb vuit equips que s\u2019enfronten durant quatre dies abans de les rondes finals de diumenge\u2014 converteix cada partit en un espectacle estrat\u00e8gic i ple d\u2019intensitat. Aquest model, que combina competici\u00f3 d\u2019elit i entreteniment, ha situat el torneig entre els esdeveniments m\u00e9s esperats del calendari internacional. Parelles in\u00e8dites durant l\u2019any donen brillantor a una competici\u00f3 sense igual.  <\/p>\n\n<p>Un any m\u00e9s, la categoria Next Gen t\u00e9 una gran rellev\u00e0ncia: els joves talents no nom\u00e9s aporten frescor i dinamisme, sin\u00f3 que l\u2019any passat van ser decisius per determinar el desenlla\u00e7 del torneig. Aquest grup de jugadors emergents s\u2019ha convertit en un dels principals focus d\u2019atenci\u00f3, mostrant que el planter del p\u00e0del est\u00e0 preparat per enfrontar-se a les estrelles consolidades del circuit. L\u2019alternan\u00e7a dicta que en aquesta edici\u00f3 siguin parelles masculines. Enguany, tots els jugadors Next Gen que han estat elegits pels equips es troben entre els 150 millors jugadors del m\u00f3n. S\u00f3n, sens dubte, una generaci\u00f3 que dominar\u00e0 el p\u00e0del mundial els propers anys. Joventut i espectacle assegurats.     <\/p>\n\n<p>El Rafa Nadal Academy Team, subcampi\u00f3 en les dues primeres edicions, porta com a novetat a les seves files Pablo Cardona, tota una combinaci\u00f3 de joventut i explosivitat. El mateix Pablo, que fa dos anys disputava la competici\u00f3 com a jugador Next Gen, ho far\u00e0 el 2026 ja consagrat com un dels millors jugadors del m\u00f3n. <\/p>\n\n<p><\/p>\n","protected":false},"excerpt":{"rendered":"<p>La Hexagon Cup, el torneig de p\u00e0del per equips que ha revolucionat el panorama internacional, ha completat el seu esperat draft, configurant aix\u00ed les plantilles que competiran pel t\u00edtol a la Caixa M\u00e0gica del 28 de gener a l&#8217;1 de febrer del 2026. L&#8217;esdeveniment, que reunir\u00e0 les principals figures del p\u00e0del amb joves promeses, ha<a href=\"https:\/\/www.rafanadalacademy.com\/ca\/noticies\/el-rafa-nadal-academy-team-intentara-conquerir-la-tercera-edicio-de-la-hexagon-cup\/\">Continue reading <span class=\"sr-only\">&#8220;El Rafa Nadal Academy Team intentar\u00e0 conquerir la tercera edici\u00f3 de la Hexagon Cup&#8221;<\/span><\/a><\/p>\n","protected":false},"author":23,"featured_media":35061,"comment_status":"closed","ping_status":"closed","sticky":false,"template":"","format":"standard","meta":{"_acf_changed":false,"footnotes":""},"categories":[157,161,209],"tags":[210,163],"class_list":["post-35071","post","type-post","status-publish","format-standard","has-post-thumbnail","hentry","category-noticies","category-padel-ca","category-rafa-nadal-academy-by-movistar-ca","tag-rafa-nadal-academy-by-movistar-ca","tag-rafa-nadal-academy-padel-tour-ca"],"acf":[],"yoast_head":"<!-- This site is optimized with the Yoast SEO Premium plugin v26.8 (Yoast SEO v26.9) - https:\/\/yoast.com\/product\/yoast-seo-premium-wordpress\/ -->\n<title>El Rafa Nadal Academy Team intentar\u00e0 conquerir la tercera edici\u00f3 de la Hexagon Cup - Rafa Nadal Academy<\/title>\n<meta name=\"description\" content=\"L\u2019Hexagon Cup ha completat el seu esperat draft, configurant aix\u00ed les plantilles que competiran pel t\u00edtol a la Caixa M\u00e0gica del 28 de gener a l\u20191 de febrer del 2026. El Rafa Nadal Academy Team busca conquerir la tercera edici\u00f3 de l\u2019Hexagon Cup.\" \/>\n<meta name=\"robots\" content=\"index, follow, max-snippet:-1, max-image-preview:large, max-video-preview:-1\" \/>\n<link rel=\"canonical\" href=\"https:\/\/www.rafanadalacademy.com\/ca\/noticies\/el-rafa-nadal-academy-team-intentara-conquerir-la-tercera-edicio-de-la-hexagon-cup\/\" \/>\n<meta property=\"og:locale\" content=\"ca_ES\" \/>\n<meta property=\"og:type\" content=\"article\" \/>\n<meta property=\"og:title\" content=\"El Rafa Nadal Academy Team intentar\u00e0 conquerir la tercera edici\u00f3 de la Hexagon Cup\" \/>\n<meta property=\"og:description\" content=\"L\u2019Hexagon Cup ha completat el seu esperat draft, configurant aix\u00ed les plantilles que competiran pel t\u00edtol a la Caixa M\u00e0gica del 28 de gener a l\u20191 de febrer del 2026. El Rafa Nadal Academy Team busca conquerir la tercera edici\u00f3 de l\u2019Hexagon Cup.\" \/>\n<meta property=\"og:url\" content=\"https:\/\/www.rafanadalacademy.com\/ca\/noticies\/el-rafa-nadal-academy-team-intentara-conquerir-la-tercera-edicio-de-la-hexagon-cup\/\" \/>\n<meta property=\"og:site_name\" content=\"Rafa Nadal Academy\" \/>\n<meta property=\"article:published_time\" content=\"2025-10-15T09:38:45+00:00\" \/>\n<meta property=\"article:modified_time\" content=\"2025-10-15T09:51:12+00:00\" \/>\n<meta property=\"og:image\" content=\"https:\/\/www.rafanadalacademy.com\/wp-content\/uploads\/2025\/10\/Hexagon_Cup_Rafa_Nadal_Academy_Team-1024x680.jpg\" \/>\n\t<meta property=\"og:image:width\" content=\"1024\" \/>\n\t<meta property=\"og:image:height\" content=\"680\" \/>\n\t<meta property=\"og:image:type\" content=\"image\/jpeg\" \/>\n<meta name=\"author\" content=\"joseluisprados\" \/>\n<meta name=\"twitter:card\" content=\"summary_large_image\" \/>\n<meta name=\"twitter:label1\" content=\"Written by\" \/>\n\t<meta name=\"twitter:data1\" content=\"joseluisprados\" \/>\n\t<meta name=\"twitter:label2\" content=\"Est. reading time\" \/>\n\t<meta name=\"twitter:data2\" content=\"3 minutes\" \/>\n<script type=\"application\/ld+json\" class=\"yoast-schema-graph\">{\"@context\":\"https:\/\/schema.org\",\"@graph\":[{\"@type\":\"Article\",\"@id\":\"https:\/\/www.rafanadalacademy.com\/ca\/noticies\/el-rafa-nadal-academy-team-intentara-conquerir-la-tercera-edicio-de-la-hexagon-cup\/#article\",\"isPartOf\":{\"@id\":\"https:\/\/www.rafanadalacademy.com\/ca\/noticies\/el-rafa-nadal-academy-team-intentara-conquerir-la-tercera-edicio-de-la-hexagon-cup\/\"},\"author\":{\"name\":\"joseluisprados\",\"@id\":\"https:\/\/www.rafanadalacademy.com\/ca\/#\/schema\/person\/744897d6ee269641fff954376180ef01\"},\"headline\":\"El Rafa Nadal Academy Team intentar\u00e0 conquerir la tercera edici\u00f3 de la Hexagon Cup\",\"datePublished\":\"2025-10-15T09:38:45+00:00\",\"dateModified\":\"2025-10-15T09:51:12+00:00\",\"mainEntityOfPage\":{\"@id\":\"https:\/\/www.rafanadalacademy.com\/ca\/noticies\/el-rafa-nadal-academy-team-intentara-conquerir-la-tercera-edicio-de-la-hexagon-cup\/\"},\"wordCount\":515,\"image\":{\"@id\":\"https:\/\/www.rafanadalacademy.com\/ca\/noticies\/el-rafa-nadal-academy-team-intentara-conquerir-la-tercera-edicio-de-la-hexagon-cup\/#primaryimage\"},\"thumbnailUrl\":\"https:\/\/www.rafanadalacademy.com\/wp-content\/uploads\/2025\/10\/Hexagon_Cup_Rafa_Nadal_Academy_Team.jpg\",\"keywords\":[\"RAFA NADAL ACADEMY BY MOVISTAR\",\"RAFA NADAL ACADEMY P\u00c0DEL TOUR\"],\"articleSection\":[\"Not\u00edcies\",\"P\u00c0DEL\",\"RAFA NADAL ACADEMY BY MOVISTAR\"],\"inLanguage\":\"ca\",\"copyrightYear\":\"2025\",\"copyrightHolder\":{\"@id\":\"https:\/\/www.rafanadalacademy.com\/#organization\"}},{\"@type\":\"WebPage\",\"@id\":\"https:\/\/www.rafanadalacademy.com\/ca\/noticies\/el-rafa-nadal-academy-team-intentara-conquerir-la-tercera-edicio-de-la-hexagon-cup\/\",\"url\":\"https:\/\/www.rafanadalacademy.com\/ca\/noticies\/el-rafa-nadal-academy-team-intentara-conquerir-la-tercera-edicio-de-la-hexagon-cup\/\",\"name\":\"El Rafa Nadal Academy Team intentar\u00e0 conquerir la tercera edici\u00f3 de la Hexagon Cup - Rafa Nadal Academy\",\"isPartOf\":{\"@id\":\"https:\/\/www.rafanadalacademy.com\/ca\/#website\"},\"primaryImageOfPage\":{\"@id\":\"https:\/\/www.rafanadalacademy.com\/ca\/noticies\/el-rafa-nadal-academy-team-intentara-conquerir-la-tercera-edicio-de-la-hexagon-cup\/#primaryimage\"},\"image\":{\"@id\":\"https:\/\/www.rafanadalacademy.com\/ca\/noticies\/el-rafa-nadal-academy-team-intentara-conquerir-la-tercera-edicio-de-la-hexagon-cup\/#primaryimage\"},\"thumbnailUrl\":\"https:\/\/www.rafanadalacademy.com\/wp-content\/uploads\/2025\/10\/Hexagon_Cup_Rafa_Nadal_Academy_Team.jpg\",\"datePublished\":\"2025-10-15T09:38:45+00:00\",\"dateModified\":\"2025-10-15T09:51:12+00:00\",\"author\":{\"@id\":\"https:\/\/www.rafanadalacademy.com\/ca\/#\/schema\/person\/744897d6ee269641fff954376180ef01\"},\"description\":\"L\u2019Hexagon Cup ha completat el seu esperat draft, configurant aix\u00ed les plantilles que competiran pel t\u00edtol a la Caixa M\u00e0gica del 28 de gener a l\u20191 de febrer del 2026. El Rafa Nadal Academy Team busca conquerir la tercera edici\u00f3 de l\u2019Hexagon Cup.\",\"breadcrumb\":{\"@id\":\"https:\/\/www.rafanadalacademy.com\/ca\/noticies\/el-rafa-nadal-academy-team-intentara-conquerir-la-tercera-edicio-de-la-hexagon-cup\/#breadcrumb\"},\"inLanguage\":\"ca\",\"potentialAction\":[{\"@type\":\"ReadAction\",\"target\":[\"https:\/\/www.rafanadalacademy.com\/ca\/noticies\/el-rafa-nadal-academy-team-intentara-conquerir-la-tercera-edicio-de-la-hexagon-cup\/\"]}]},{\"@type\":\"ImageObject\",\"inLanguage\":\"ca\",\"@id\":\"https:\/\/www.rafanadalacademy.com\/ca\/noticies\/el-rafa-nadal-academy-team-intentara-conquerir-la-tercera-edicio-de-la-hexagon-cup\/#primaryimage\",\"url\":\"https:\/\/www.rafanadalacademy.com\/wp-content\/uploads\/2025\/10\/Hexagon_Cup_Rafa_Nadal_Academy_Team.jpg\",\"contentUrl\":\"https:\/\/www.rafanadalacademy.com\/wp-content\/uploads\/2025\/10\/Hexagon_Cup_Rafa_Nadal_Academy_Team.jpg\",\"width\":2560,\"height\":1700,\"caption\":\"El Rafa Nadal Academy Team en la Hexagon Cup\"},{\"@type\":\"BreadcrumbList\",\"@id\":\"https:\/\/www.rafanadalacademy.com\/ca\/noticies\/el-rafa-nadal-academy-team-intentara-conquerir-la-tercera-edicio-de-la-hexagon-cup\/#breadcrumb\",\"itemListElement\":[{\"@type\":\"ListItem\",\"position\":1,\"name\":\"Home\",\"item\":\"https:\/\/www.rafanadalacademy.com\/ca\/\"},{\"@type\":\"ListItem\",\"position\":2,\"name\":\"El Rafa Nadal Academy Team intentar\u00e0 conquerir la tercera edici\u00f3 de la Hexagon Cup\"}]},{\"@type\":\"WebSite\",\"@id\":\"https:\/\/www.rafanadalacademy.com\/ca\/#website\",\"url\":\"https:\/\/www.rafanadalacademy.com\/ca\/\",\"name\":\"Rafa Nadal Academy\",\"description\":\"Otro sitio realizado con WordPress\",\"potentialAction\":[{\"@type\":\"SearchAction\",\"target\":{\"@type\":\"EntryPoint\",\"urlTemplate\":\"https:\/\/www.rafanadalacademy.com\/ca\/?s={search_term_string}\"},\"query-input\":{\"@type\":\"PropertyValueSpecification\",\"valueRequired\":true,\"valueName\":\"search_term_string\"}}],\"inLanguage\":\"ca\"},{\"@type\":\"Person\",\"@id\":\"https:\/\/www.rafanadalacademy.com\/ca\/#\/schema\/person\/744897d6ee269641fff954376180ef01\",\"name\":\"joseluisprados\",\"image\":{\"@type\":\"ImageObject\",\"inLanguage\":\"ca\",\"@id\":\"https:\/\/www.rafanadalacademy.com\/ca\/#\/schema\/person\/image\/\",\"url\":\"https:\/\/secure.gravatar.com\/avatar\/8aa823a6e5501864ffab4785d9e2a994b59c2d45c9f9751c5a532abfec081e5f?s=96&d=mm&r=g\",\"contentUrl\":\"https:\/\/secure.gravatar.com\/avatar\/8aa823a6e5501864ffab4785d9e2a994b59c2d45c9f9751c5a532abfec081e5f?s=96&d=mm&r=g\",\"caption\":\"joseluisprados\"},\"url\":\"https:\/\/www.rafanadalacademy.com\/ca\/author\/joseluisprados\/\"},{\"@type\":\"ImageObject\",\"inLanguage\":\"ca\",\"@id\":\"https:\/\/www.rafanadalacademy.com\/ca\/noticies\/el-rafa-nadal-academy-team-intentara-conquerir-la-tercera-edicio-de-la-hexagon-cup\/#local-main-organization-logo\",\"url\":\"\",\"contentUrl\":\"\",\"caption\":\"Rafa Nadal Academy\"}]}<\/script>\n<!-- \/ Yoast SEO Premium plugin. -->","yoast_head_json":{"title":"El Rafa Nadal Academy Team intentar\u00e0 conquerir la tercera edici\u00f3 de la Hexagon Cup - Rafa Nadal Academy","description":"L\u2019Hexagon Cup ha completat el seu esperat draft, configurant aix\u00ed les plantilles que competiran pel t\u00edtol a la Caixa M\u00e0gica del 28 de gener a l\u20191 de febrer del 2026. El Rafa Nadal Academy Team busca conquerir la tercera edici\u00f3 de l\u2019Hexagon Cup.","robots":{"index":"index","follow":"follow","max-snippet":"max-snippet:-1","max-image-preview":"max-image-preview:large","max-video-preview":"max-video-preview:-1"},"canonical":"https:\/\/www.rafanadalacademy.com\/ca\/noticies\/el-rafa-nadal-academy-team-intentara-conquerir-la-tercera-edicio-de-la-hexagon-cup\/","og_locale":"ca_ES","og_type":"article","og_title":"El Rafa Nadal Academy Team intentar\u00e0 conquerir la tercera edici\u00f3 de la Hexagon Cup","og_description":"L\u2019Hexagon Cup ha completat el seu esperat draft, configurant aix\u00ed les plantilles que competiran pel t\u00edtol a la Caixa M\u00e0gica del 28 de gener a l\u20191 de febrer del 2026. El Rafa Nadal Academy Team busca conquerir la tercera edici\u00f3 de l\u2019Hexagon Cup.","og_url":"https:\/\/www.rafanadalacademy.com\/ca\/noticies\/el-rafa-nadal-academy-team-intentara-conquerir-la-tercera-edicio-de-la-hexagon-cup\/","og_site_name":"Rafa Nadal Academy","article_published_time":"2025-10-15T09:38:45+00:00","article_modified_time":"2025-10-15T09:51:12+00:00","og_image":[{"width":1024,"height":680,"url":"https:\/\/www.rafanadalacademy.com\/wp-content\/uploads\/2025\/10\/Hexagon_Cup_Rafa_Nadal_Academy_Team-1024x680.jpg","type":"image\/jpeg"}],"author":"joseluisprados","twitter_card":"summary_large_image","twitter_misc":{"Written by":"joseluisprados","Est. reading time":"3 minutes"},"schema":{"@context":"https:\/\/schema.org","@graph":[{"@type":"Article","@id":"https:\/\/www.rafanadalacademy.com\/ca\/noticies\/el-rafa-nadal-academy-team-intentara-conquerir-la-tercera-edicio-de-la-hexagon-cup\/#article","isPartOf":{"@id":"https:\/\/www.rafanadalacademy.com\/ca\/noticies\/el-rafa-nadal-academy-team-intentara-conquerir-la-tercera-edicio-de-la-hexagon-cup\/"},"author":{"name":"joseluisprados","@id":"https:\/\/www.rafanadalacademy.com\/ca\/#\/schema\/person\/744897d6ee269641fff954376180ef01"},"headline":"El Rafa Nadal Academy Team intentar\u00e0 conquerir la tercera edici\u00f3 de la Hexagon Cup","datePublished":"2025-10-15T09:38:45+00:00","dateModified":"2025-10-15T09:51:12+00:00","mainEntityOfPage":{"@id":"https:\/\/www.rafanadalacademy.com\/ca\/noticies\/el-rafa-nadal-academy-team-intentara-conquerir-la-tercera-edicio-de-la-hexagon-cup\/"},"wordCount":515,"image":{"@id":"https:\/\/www.rafanadalacademy.com\/ca\/noticies\/el-rafa-nadal-academy-team-intentara-conquerir-la-tercera-edicio-de-la-hexagon-cup\/#primaryimage"},"thumbnailUrl":"https:\/\/www.rafanadalacademy.com\/wp-content\/uploads\/2025\/10\/Hexagon_Cup_Rafa_Nadal_Academy_Team.jpg","keywords":["RAFA NADAL ACADEMY BY MOVISTAR","RAFA NADAL ACADEMY P\u00c0DEL TOUR"],"articleSection":["Not\u00edcies","P\u00c0DEL","RAFA NADAL ACADEMY BY MOVISTAR"],"inLanguage":"ca","copyrightYear":"2025","copyrightHolder":{"@id":"https:\/\/www.rafanadalacademy.com\/#organization"}},{"@type":"WebPage","@id":"https:\/\/www.rafanadalacademy.com\/ca\/noticies\/el-rafa-nadal-academy-team-intentara-conquerir-la-tercera-edicio-de-la-hexagon-cup\/","url":"https:\/\/www.rafanadalacademy.com\/ca\/noticies\/el-rafa-nadal-academy-team-intentara-conquerir-la-tercera-edicio-de-la-hexagon-cup\/","name":"El Rafa Nadal Academy Team intentar\u00e0 conquerir la tercera edici\u00f3 de la Hexagon Cup - Rafa Nadal Academy","isPartOf":{"@id":"https:\/\/www.rafanadalacademy.com\/ca\/#website"},"primaryImageOfPage":{"@id":"https:\/\/www.rafanadalacademy.com\/ca\/noticies\/el-rafa-nadal-academy-team-intentara-conquerir-la-tercera-edicio-de-la-hexagon-cup\/#primaryimage"},"image":{"@id":"https:\/\/www.rafanadalacademy.com\/ca\/noticies\/el-rafa-nadal-academy-team-intentara-conquerir-la-tercera-edicio-de-la-hexagon-cup\/#primaryimage"},"thumbnailUrl":"https:\/\/www.rafanadalacademy.com\/wp-content\/uploads\/2025\/10\/Hexagon_Cup_Rafa_Nadal_Academy_Team.jpg","datePublished":"2025-10-15T09:38:45+00:00","dateModified":"2025-10-15T09:51:12+00:00","author":{"@id":"https:\/\/www.rafanadalacademy.com\/ca\/#\/schema\/person\/744897d6ee269641fff954376180ef01"},"description":"L\u2019Hexagon Cup ha completat el seu esperat draft, configurant aix\u00ed les plantilles que competiran pel t\u00edtol a la Caixa M\u00e0gica del 28 de gener a l\u20191 de febrer del 2026. El Rafa Nadal Academy Team busca conquerir la tercera edici\u00f3 de l\u2019Hexagon Cup.","breadcrumb":{"@id":"https:\/\/www.rafanadalacademy.com\/ca\/noticies\/el-rafa-nadal-academy-team-intentara-conquerir-la-tercera-edicio-de-la-hexagon-cup\/#breadcrumb"},"inLanguage":"ca","potentialAction":[{"@type":"ReadAction","target":["https:\/\/www.rafanadalacademy.com\/ca\/noticies\/el-rafa-nadal-academy-team-intentara-conquerir-la-tercera-edicio-de-la-hexagon-cup\/"]}]},{"@type":"ImageObject","inLanguage":"ca","@id":"https:\/\/www.rafanadalacademy.com\/ca\/noticies\/el-rafa-nadal-academy-team-intentara-conquerir-la-tercera-edicio-de-la-hexagon-cup\/#primaryimage","url":"https:\/\/www.rafanadalacademy.com\/wp-content\/uploads\/2025\/10\/Hexagon_Cup_Rafa_Nadal_Academy_Team.jpg","contentUrl":"https:\/\/www.rafanadalacademy.com\/wp-content\/uploads\/2025\/10\/Hexagon_Cup_Rafa_Nadal_Academy_Team.jpg","width":2560,"height":1700,"caption":"El Rafa Nadal Academy Team en la Hexagon Cup"},{"@type":"BreadcrumbList","@id":"https:\/\/www.rafanadalacademy.com\/ca\/noticies\/el-rafa-nadal-academy-team-intentara-conquerir-la-tercera-edicio-de-la-hexagon-cup\/#breadcrumb","itemListElement":[{"@type":"ListItem","position":1,"name":"Home","item":"https:\/\/www.rafanadalacademy.com\/ca\/"},{"@type":"ListItem","position":2,"name":"El Rafa Nadal Academy Team intentar\u00e0 conquerir la tercera edici\u00f3 de la Hexagon Cup"}]},{"@type":"WebSite","@id":"https:\/\/www.rafanadalacademy.com\/ca\/#website","url":"https:\/\/www.rafanadalacademy.com\/ca\/","name":"Rafa Nadal Academy","description":"Otro sitio realizado con WordPress","potentialAction":[{"@type":"SearchAction","target":{"@type":"EntryPoint","urlTemplate":"https:\/\/www.rafanadalacademy.com\/ca\/?s={search_term_string}"},"query-input":{"@type":"PropertyValueSpecification","valueRequired":true,"valueName":"search_term_string"}}],"inLanguage":"ca"},{"@type":"Person","@id":"https:\/\/www.rafanadalacademy.com\/ca\/#\/schema\/person\/744897d6ee269641fff954376180ef01","name":"joseluisprados","image":{"@type":"ImageObject","inLanguage":"ca","@id":"https:\/\/www.rafanadalacademy.com\/ca\/#\/schema\/person\/image\/","url":"https:\/\/secure.gravatar.com\/avatar\/8aa823a6e5501864ffab4785d9e2a994b59c2d45c9f9751c5a532abfec081e5f?s=96&d=mm&r=g","contentUrl":"https:\/\/secure.gravatar.com\/avatar\/8aa823a6e5501864ffab4785d9e2a994b59c2d45c9f9751c5a532abfec081e5f?s=96&d=mm&r=g","caption":"joseluisprados"},"url":"https:\/\/www.rafanadalacademy.com\/ca\/author\/joseluisprados\/"},{"@type":"ImageObject","inLanguage":"ca","@id":"https:\/\/www.rafanadalacademy.com\/ca\/noticies\/el-rafa-nadal-academy-team-intentara-conquerir-la-tercera-edicio-de-la-hexagon-cup\/#local-main-organization-logo","url":"","contentUrl":"","caption":"Rafa Nadal Academy"}]}},"_links":{"self":[{"href":"https:\/\/www.rafanadalacademy.com\/ca\/wp-json\/wp\/v2\/posts\/35071","targetHints":{"allow":["GET"]}}],"collection":[{"href":"https:\/\/www.rafanadalacademy.com\/ca\/wp-json\/wp\/v2\/posts"}],"about":[{"href":"https:\/\/www.rafanadalacademy.com\/ca\/wp-json\/wp\/v2\/types\/post"}],"author":[{"embeddable":true,"href":"https:\/\/www.rafanadalacademy.com\/ca\/wp-json\/wp\/v2\/users\/23"}],"replies":[{"embeddable":true,"href":"https:\/\/www.rafanadalacademy.com\/ca\/wp-json\/wp\/v2\/comments?post=35071"}],"version-history":[{"count":15,"href":"https:\/\/www.rafanadalacademy.com\/ca\/wp-json\/wp\/v2\/posts\/35071\/revisions"}],"predecessor-version":[{"id":35098,"href":"https:\/\/www.rafanadalacademy.com\/ca\/wp-json\/wp\/v2\/posts\/35071\/revisions\/35098"}],"wp:featuredmedia":[{"embeddable":true,"href":"https:\/\/www.rafanadalacademy.com\/ca\/wp-json\/wp\/v2\/media\/35061"}],"wp:attachment":[{"href":"https:\/\/www.rafanadalacademy.com\/ca\/wp-json\/wp\/v2\/media?parent=35071"}],"wp:term":[{"taxonomy":"category","embeddable":true,"href":"https:\/\/www.rafanadalacademy.com\/ca\/wp-json\/wp\/v2\/categories?post=35071"},{"taxonomy":"post_tag","embeddable":true,"href":"https:\/\/www.rafanadalacademy.com\/ca\/wp-json\/wp\/v2\/tags?post=35071"}],"curies":[{"name":"wp","href":"https:\/\/api.w.org\/{rel}","templated":true}]}}