{"id":34745,"date":"2025-10-13T11:03:53","date_gmt":"2025-10-13T11:03:53","guid":{"rendered":"https:\/\/www.rafanadalacademy.com\/sin-categorizar\/solana-sierra-inscriu-el-seu-nom-com-la-primera-guanyadora-del-mallorca-womens-championships\/"},"modified":"2025-10-13T11:22:37","modified_gmt":"2025-10-13T11:22:37","slug":"solana-sierra-inscriu-el-seu-nom-com-la-primera-guanyadora-del-mallorca-womens-championships","status":"publish","type":"post","link":"https:\/\/www.rafanadalacademy.com\/ca\/rafa-nadal-academy-by-movistar-ca\/solana-sierra-inscriu-el-seu-nom-com-la-primera-guanyadora-del-mallorca-womens-championships\/","title":{"rendered":"Solana Sierra inscriu el seu nom com la primera guanyadora del Mallorca Women&#8217;s Championships"},"content":{"rendered":"\n<p>L&#8217;argentina Solana Sierra s&#8217;ha proclamat campiona de la primera edici\u00f3 del Mallorca Women&#8217;s Championships, el torneig WTA 125 que ha tingut lloc al Mallorca Country Club de Santa Pon\u00e7a. La jugadora de la Rafa Nadal Academy es va imposar a la final a la s\u00e8rbia Lola Radivojevic per 6-3 i 6-1 en nom\u00e9s una hora i 12 minuts de joc. <\/p>\n\n<figure class=\"wp-block-image size-full\"><img decoding=\"async\" src=\"https:\/\/www.rafanadalacademy.com\/wp-content\/uploads\/2025\/10\/&#xA1;CAMPEONA-&#xA1;Enhorabuena-@solana_sierra-por-conquistar-el-@mallorcawomenschamps-&#xA1;Y-ademas-recibi.jpg\" alt=\"\" class=\"wp-image-34719\"\/><\/figure>\n\n<div style=\"height:50px\" aria-hidden=\"true\" class=\"wp-block-spacer\"><\/div>\n\n<p>El triomf va arribar amb suspens, ja que la final va haver d&#8217;interrompre&#8217;s per la pluja poc despr\u00e9s de l&#8217;inici, quan Sierra ja guanyava el primer set per 4-2. El partit es va poder reprendre i Sierra va continuar marcant la difer\u00e8ncia gr\u00e0cies al seu servei efica\u00e7 i al seu domini des del fons de la pista. <\/p>\n\n<p>Sierra, cap de s\u00e8rie n\u00famero 1 del torneig, va recollir el trofeu de mans del seu compatriota Gabriela Sabatini, a qui va dedicar aquestes paraules: \u201cTenir Gabriela aqu\u00ed ha estat una gran font d&#8217;inspiraci\u00f3\u201d.<\/p>\n\n<div style=\"height:50px\" aria-hidden=\"true\" class=\"wp-block-spacer\"><\/div>\n\n<figure class=\"wp-block-image size-large\"><img decoding=\"async\" src=\"https:\/\/www.rafanadalacademy.com\/wp-content\/uploads\/2025\/10\/&#xA1;CAMPEONA-&#xA1;Enhorabuena-@solana_sierra-por-conquistar-el-@mallorcawomenschamps-&#xA1;Y-ademas-recibi-1-1024x1024.jpg\" alt=\"\" class=\"wp-image-34727\"\/><\/figure>\n\n<div style=\"height:50px\" aria-hidden=\"true\" class=\"wp-block-spacer\"><\/div>\n\n<p>Amb aquest triomf al Mallorca Women&#8217;s Championships, Sierra arrodoneix un any 2025 senzillament espectacular. La jugadora de 21 anys va aconseguir al mar\u00e7 el seu primer t\u00edtol WTA 125 a Antalya i va pujar per primera vegada al Top 100 del r\u00e0nquing de la WTA al mes de juliol, despr\u00e9s de la seva irrupci\u00f3 a Wimbledon, on va aconseguir els vuitens de final del Grand Slam londinenc. <\/p>\n\n<div style=\"height:50px\" aria-hidden=\"true\" class=\"wp-block-spacer\"><\/div>\n\n<figure class=\"wp-block-image size-large\"><img decoding=\"async\" src=\"https:\/\/www.rafanadalacademy.com\/wp-content\/uploads\/2025\/10\/&#xA1;CAMPEONA-&#xA1;Enhorabuena-@solana_sierra-por-conquistar-el-@mallorcawomenschamps-&#xA1;Y-ademas-recibi-2-1024x1024.jpg\" alt=\"\" class=\"wp-image-34711\"\/><\/figure>\n\n<div style=\"height:50px\" aria-hidden=\"true\" class=\"wp-block-spacer\"><\/div>\n\n<p>A m\u00e9s, Sierra es converteix en la vuitena jugadora a guanyar dos t\u00edtols WTA 125 aquest any, despr\u00e9s de Dalma Galfi, Anca Todoni, Tereza Valentova, Francesca Jones, Veronika Erjavec, Kaja Juvan i Sara Bejlek.<\/p>\n\n<div style=\"height:51px\" aria-hidden=\"true\" class=\"wp-block-spacer\"><\/div>\n","protected":false},"excerpt":{"rendered":"<p>L&#8217;argentina Solana Sierra s&#8217;ha proclamat campiona de la primera edici\u00f3 del Mallorca Women&#8217;s Championships, el torneig WTA 125 que ha tingut lloc al Mallorca Country Club de Santa Pon\u00e7a. La jugadora de la Rafa Nadal Academy es va imposar a la final a la s\u00e8rbia Lola Radivojevic per 6-3 i 6-1 en nom\u00e9s una hora<a href=\"https:\/\/www.rafanadalacademy.com\/ca\/rafa-nadal-academy-by-movistar-ca\/solana-sierra-inscriu-el-seu-nom-com-la-primera-guanyadora-del-mallorca-womens-championships\/\">Continue reading <span class=\"sr-only\">&#8220;Solana Sierra inscriu el seu nom com la primera guanyadora del Mallorca Women&#8217;s Championships&#8221;<\/span><\/a><\/p>\n","protected":false},"author":23,"featured_media":34700,"comment_status":"closed","ping_status":"closed","sticky":false,"template":"","format":"standard","meta":{"_acf_changed":false,"footnotes":""},"categories":[157,209],"tags":[210],"class_list":["post-34745","post","type-post","status-publish","format-standard","has-post-thumbnail","hentry","category-noticies","category-rafa-nadal-academy-by-movistar-ca","tag-rafa-nadal-academy-by-movistar-ca"],"acf":[],"yoast_head":"<!-- This site is optimized with the Yoast SEO Premium plugin v26.8 (Yoast SEO v26.9) - https:\/\/yoast.com\/product\/yoast-seo-premium-wordpress\/ -->\n<title>Solana Sierra inscriu el seu nom com la primera guanyadora del Mallorca Women&#039;s Championships - Rafa Nadal Academy<\/title>\n<meta name=\"description\" content=\"Solana Sierra s&#039;ha proclamat campiona de la primera edici\u00f3 del Mallorca Women&#039;s Championships. La jugadora de la Rafa Nadal Academy es va imposar a la final a la s\u00e8rbia Lola Radivojevic per 6-3 i 6-1.\" \/>\n<meta name=\"robots\" content=\"index, follow, max-snippet:-1, max-image-preview:large, max-video-preview:-1\" \/>\n<link rel=\"canonical\" href=\"https:\/\/www.rafanadalacademy.com\/ca\/rafa-nadal-academy-by-movistar-ca\/solana-sierra-inscriu-el-seu-nom-com-la-primera-guanyadora-del-mallorca-womens-championships\/\" \/>\n<meta property=\"og:locale\" content=\"ca_ES\" \/>\n<meta property=\"og:type\" content=\"article\" \/>\n<meta property=\"og:title\" content=\"Solana Sierra inscriu el seu nom com la primera guanyadora del Mallorca Women&#039;s Championships\" \/>\n<meta property=\"og:description\" content=\"Solana Sierra s&#039;ha proclamat campiona de la primera edici\u00f3 del Mallorca Women&#039;s Championships. La jugadora de la Rafa Nadal Academy es va imposar a la final a la s\u00e8rbia Lola Radivojevic per 6-3 i 6-1.\" \/>\n<meta property=\"og:url\" content=\"https:\/\/www.rafanadalacademy.com\/ca\/rafa-nadal-academy-by-movistar-ca\/solana-sierra-inscriu-el-seu-nom-com-la-primera-guanyadora-del-mallorca-womens-championships\/\" \/>\n<meta property=\"og:site_name\" content=\"Rafa Nadal Academy\" \/>\n<meta property=\"article:published_time\" content=\"2025-10-13T11:03:53+00:00\" \/>\n<meta property=\"article:modified_time\" content=\"2025-10-13T11:22:37+00:00\" \/>\n<meta property=\"og:image\" content=\"https:\/\/www.rafanadalacademy.com\/wp-content\/uploads\/2025\/10\/solana_sierra_trophy-1024x576.webp\" \/>\n\t<meta property=\"og:image:width\" content=\"1024\" \/>\n\t<meta property=\"og:image:height\" content=\"576\" \/>\n\t<meta property=\"og:image:type\" content=\"image\/webp\" \/>\n<meta name=\"author\" content=\"joseluisprados\" \/>\n<meta name=\"twitter:card\" content=\"summary_large_image\" \/>\n<meta name=\"twitter:label1\" content=\"Written by\" \/>\n\t<meta name=\"twitter:data1\" content=\"joseluisprados\" \/>\n\t<meta name=\"twitter:label2\" content=\"Est. reading time\" \/>\n\t<meta name=\"twitter:data2\" content=\"1 minute\" \/>\n<script type=\"application\/ld+json\" class=\"yoast-schema-graph\">{\"@context\":\"https:\/\/schema.org\",\"@graph\":[{\"@type\":\"Article\",\"@id\":\"https:\/\/www.rafanadalacademy.com\/ca\/rafa-nadal-academy-by-movistar-ca\/solana-sierra-inscriu-el-seu-nom-com-la-primera-guanyadora-del-mallorca-womens-championships\/#article\",\"isPartOf\":{\"@id\":\"https:\/\/www.rafanadalacademy.com\/ca\/rafa-nadal-academy-by-movistar-ca\/solana-sierra-inscriu-el-seu-nom-com-la-primera-guanyadora-del-mallorca-womens-championships\/\"},\"author\":{\"name\":\"joseluisprados\",\"@id\":\"https:\/\/www.rafanadalacademy.com\/ca\/#\/schema\/person\/744897d6ee269641fff954376180ef01\"},\"headline\":\"Solana Sierra inscriu el seu nom com la primera guanyadora del Mallorca Women&#8217;s Championships\",\"datePublished\":\"2025-10-13T11:03:53+00:00\",\"dateModified\":\"2025-10-13T11:22:37+00:00\",\"mainEntityOfPage\":{\"@id\":\"https:\/\/www.rafanadalacademy.com\/ca\/rafa-nadal-academy-by-movistar-ca\/solana-sierra-inscriu-el-seu-nom-com-la-primera-guanyadora-del-mallorca-womens-championships\/\"},\"wordCount\":281,\"image\":{\"@id\":\"https:\/\/www.rafanadalacademy.com\/ca\/rafa-nadal-academy-by-movistar-ca\/solana-sierra-inscriu-el-seu-nom-com-la-primera-guanyadora-del-mallorca-womens-championships\/#primaryimage\"},\"thumbnailUrl\":\"https:\/\/www.rafanadalacademy.com\/wp-content\/uploads\/2025\/10\/solana_sierra_trophy-e1760353232496.webp\",\"keywords\":[\"RAFA NADAL ACADEMY BY MOVISTAR\"],\"articleSection\":[\"Not\u00edcies\",\"RAFA NADAL ACADEMY BY MOVISTAR\"],\"inLanguage\":\"ca\",\"copyrightYear\":\"2025\",\"copyrightHolder\":{\"@id\":\"https:\/\/www.rafanadalacademy.com\/#organization\"}},{\"@type\":\"WebPage\",\"@id\":\"https:\/\/www.rafanadalacademy.com\/ca\/rafa-nadal-academy-by-movistar-ca\/solana-sierra-inscriu-el-seu-nom-com-la-primera-guanyadora-del-mallorca-womens-championships\/\",\"url\":\"https:\/\/www.rafanadalacademy.com\/ca\/rafa-nadal-academy-by-movistar-ca\/solana-sierra-inscriu-el-seu-nom-com-la-primera-guanyadora-del-mallorca-womens-championships\/\",\"name\":\"Solana Sierra inscriu el seu nom com la primera guanyadora del Mallorca Women's Championships - Rafa Nadal Academy\",\"isPartOf\":{\"@id\":\"https:\/\/www.rafanadalacademy.com\/ca\/#website\"},\"primaryImageOfPage\":{\"@id\":\"https:\/\/www.rafanadalacademy.com\/ca\/rafa-nadal-academy-by-movistar-ca\/solana-sierra-inscriu-el-seu-nom-com-la-primera-guanyadora-del-mallorca-womens-championships\/#primaryimage\"},\"image\":{\"@id\":\"https:\/\/www.rafanadalacademy.com\/ca\/rafa-nadal-academy-by-movistar-ca\/solana-sierra-inscriu-el-seu-nom-com-la-primera-guanyadora-del-mallorca-womens-championships\/#primaryimage\"},\"thumbnailUrl\":\"https:\/\/www.rafanadalacademy.com\/wp-content\/uploads\/2025\/10\/solana_sierra_trophy-e1760353232496.webp\",\"datePublished\":\"2025-10-13T11:03:53+00:00\",\"dateModified\":\"2025-10-13T11:22:37+00:00\",\"author\":{\"@id\":\"https:\/\/www.rafanadalacademy.com\/ca\/#\/schema\/person\/744897d6ee269641fff954376180ef01\"},\"description\":\"Solana Sierra s'ha proclamat campiona de la primera edici\u00f3 del Mallorca Women's Championships. La jugadora de la Rafa Nadal Academy es va imposar a la final a la s\u00e8rbia Lola Radivojevic per 6-3 i 6-1.\",\"breadcrumb\":{\"@id\":\"https:\/\/www.rafanadalacademy.com\/ca\/rafa-nadal-academy-by-movistar-ca\/solana-sierra-inscriu-el-seu-nom-com-la-primera-guanyadora-del-mallorca-womens-championships\/#breadcrumb\"},\"inLanguage\":\"ca\",\"potentialAction\":[{\"@type\":\"ReadAction\",\"target\":[\"https:\/\/www.rafanadalacademy.com\/ca\/rafa-nadal-academy-by-movistar-ca\/solana-sierra-inscriu-el-seu-nom-com-la-primera-guanyadora-del-mallorca-womens-championships\/\"]}]},{\"@type\":\"ImageObject\",\"inLanguage\":\"ca\",\"@id\":\"https:\/\/www.rafanadalacademy.com\/ca\/rafa-nadal-academy-by-movistar-ca\/solana-sierra-inscriu-el-seu-nom-com-la-primera-guanyadora-del-mallorca-womens-championships\/#primaryimage\",\"url\":\"https:\/\/www.rafanadalacademy.com\/wp-content\/uploads\/2025\/10\/solana_sierra_trophy-e1760353232496.webp\",\"contentUrl\":\"https:\/\/www.rafanadalacademy.com\/wp-content\/uploads\/2025\/10\/solana_sierra_trophy-e1760353232496.webp\",\"width\":1920,\"height\":1080,\"caption\":\"Solana Sierra, campeona del Mallorca Women\u2019s Championship\"},{\"@type\":\"BreadcrumbList\",\"@id\":\"https:\/\/www.rafanadalacademy.com\/ca\/rafa-nadal-academy-by-movistar-ca\/solana-sierra-inscriu-el-seu-nom-com-la-primera-guanyadora-del-mallorca-womens-championships\/#breadcrumb\",\"itemListElement\":[{\"@type\":\"ListItem\",\"position\":1,\"name\":\"Home\",\"item\":\"https:\/\/www.rafanadalacademy.com\/ca\/\"},{\"@type\":\"ListItem\",\"position\":2,\"name\":\"Solana Sierra inscriu el seu nom com la primera guanyadora del Mallorca Women&#8217;s Championships\"}]},{\"@type\":\"WebSite\",\"@id\":\"https:\/\/www.rafanadalacademy.com\/ca\/#website\",\"url\":\"https:\/\/www.rafanadalacademy.com\/ca\/\",\"name\":\"Rafa Nadal Academy\",\"description\":\"Otro sitio realizado con WordPress\",\"potentialAction\":[{\"@type\":\"SearchAction\",\"target\":{\"@type\":\"EntryPoint\",\"urlTemplate\":\"https:\/\/www.rafanadalacademy.com\/ca\/?s={search_term_string}\"},\"query-input\":{\"@type\":\"PropertyValueSpecification\",\"valueRequired\":true,\"valueName\":\"search_term_string\"}}],\"inLanguage\":\"ca\"},{\"@type\":\"Person\",\"@id\":\"https:\/\/www.rafanadalacademy.com\/ca\/#\/schema\/person\/744897d6ee269641fff954376180ef01\",\"name\":\"joseluisprados\",\"image\":{\"@type\":\"ImageObject\",\"inLanguage\":\"ca\",\"@id\":\"https:\/\/www.rafanadalacademy.com\/ca\/#\/schema\/person\/image\/\",\"url\":\"https:\/\/secure.gravatar.com\/avatar\/8aa823a6e5501864ffab4785d9e2a994b59c2d45c9f9751c5a532abfec081e5f?s=96&d=mm&r=g\",\"contentUrl\":\"https:\/\/secure.gravatar.com\/avatar\/8aa823a6e5501864ffab4785d9e2a994b59c2d45c9f9751c5a532abfec081e5f?s=96&d=mm&r=g\",\"caption\":\"joseluisprados\"},\"url\":\"https:\/\/www.rafanadalacademy.com\/ca\/author\/joseluisprados\/\"},{\"@type\":\"ImageObject\",\"inLanguage\":\"ca\",\"@id\":\"https:\/\/www.rafanadalacademy.com\/ca\/rafa-nadal-academy-by-movistar-ca\/solana-sierra-inscriu-el-seu-nom-com-la-primera-guanyadora-del-mallorca-womens-championships\/#local-main-organization-logo\",\"url\":\"\",\"contentUrl\":\"\",\"caption\":\"Rafa Nadal Academy\"}]}<\/script>\n<!-- \/ Yoast SEO Premium plugin. -->","yoast_head_json":{"title":"Solana Sierra inscriu el seu nom com la primera guanyadora del Mallorca Women's Championships - Rafa Nadal Academy","description":"Solana Sierra s'ha proclamat campiona de la primera edici\u00f3 del Mallorca Women's Championships. La jugadora de la Rafa Nadal Academy es va imposar a la final a la s\u00e8rbia Lola Radivojevic per 6-3 i 6-1.","robots":{"index":"index","follow":"follow","max-snippet":"max-snippet:-1","max-image-preview":"max-image-preview:large","max-video-preview":"max-video-preview:-1"},"canonical":"https:\/\/www.rafanadalacademy.com\/ca\/rafa-nadal-academy-by-movistar-ca\/solana-sierra-inscriu-el-seu-nom-com-la-primera-guanyadora-del-mallorca-womens-championships\/","og_locale":"ca_ES","og_type":"article","og_title":"Solana Sierra inscriu el seu nom com la primera guanyadora del Mallorca Women's Championships","og_description":"Solana Sierra s'ha proclamat campiona de la primera edici\u00f3 del Mallorca Women's Championships. La jugadora de la Rafa Nadal Academy es va imposar a la final a la s\u00e8rbia Lola Radivojevic per 6-3 i 6-1.","og_url":"https:\/\/www.rafanadalacademy.com\/ca\/rafa-nadal-academy-by-movistar-ca\/solana-sierra-inscriu-el-seu-nom-com-la-primera-guanyadora-del-mallorca-womens-championships\/","og_site_name":"Rafa Nadal Academy","article_published_time":"2025-10-13T11:03:53+00:00","article_modified_time":"2025-10-13T11:22:37+00:00","og_image":[{"width":1024,"height":576,"url":"https:\/\/www.rafanadalacademy.com\/wp-content\/uploads\/2025\/10\/solana_sierra_trophy-1024x576.webp","type":"image\/webp"}],"author":"joseluisprados","twitter_card":"summary_large_image","twitter_misc":{"Written by":"joseluisprados","Est. reading time":"1 minute"},"schema":{"@context":"https:\/\/schema.org","@graph":[{"@type":"Article","@id":"https:\/\/www.rafanadalacademy.com\/ca\/rafa-nadal-academy-by-movistar-ca\/solana-sierra-inscriu-el-seu-nom-com-la-primera-guanyadora-del-mallorca-womens-championships\/#article","isPartOf":{"@id":"https:\/\/www.rafanadalacademy.com\/ca\/rafa-nadal-academy-by-movistar-ca\/solana-sierra-inscriu-el-seu-nom-com-la-primera-guanyadora-del-mallorca-womens-championships\/"},"author":{"name":"joseluisprados","@id":"https:\/\/www.rafanadalacademy.com\/ca\/#\/schema\/person\/744897d6ee269641fff954376180ef01"},"headline":"Solana Sierra inscriu el seu nom com la primera guanyadora del Mallorca Women&#8217;s Championships","datePublished":"2025-10-13T11:03:53+00:00","dateModified":"2025-10-13T11:22:37+00:00","mainEntityOfPage":{"@id":"https:\/\/www.rafanadalacademy.com\/ca\/rafa-nadal-academy-by-movistar-ca\/solana-sierra-inscriu-el-seu-nom-com-la-primera-guanyadora-del-mallorca-womens-championships\/"},"wordCount":281,"image":{"@id":"https:\/\/www.rafanadalacademy.com\/ca\/rafa-nadal-academy-by-movistar-ca\/solana-sierra-inscriu-el-seu-nom-com-la-primera-guanyadora-del-mallorca-womens-championships\/#primaryimage"},"thumbnailUrl":"https:\/\/www.rafanadalacademy.com\/wp-content\/uploads\/2025\/10\/solana_sierra_trophy-e1760353232496.webp","keywords":["RAFA NADAL ACADEMY BY MOVISTAR"],"articleSection":["Not\u00edcies","RAFA NADAL ACADEMY BY MOVISTAR"],"inLanguage":"ca","copyrightYear":"2025","copyrightHolder":{"@id":"https:\/\/www.rafanadalacademy.com\/#organization"}},{"@type":"WebPage","@id":"https:\/\/www.rafanadalacademy.com\/ca\/rafa-nadal-academy-by-movistar-ca\/solana-sierra-inscriu-el-seu-nom-com-la-primera-guanyadora-del-mallorca-womens-championships\/","url":"https:\/\/www.rafanadalacademy.com\/ca\/rafa-nadal-academy-by-movistar-ca\/solana-sierra-inscriu-el-seu-nom-com-la-primera-guanyadora-del-mallorca-womens-championships\/","name":"Solana Sierra inscriu el seu nom com la primera guanyadora del Mallorca Women's Championships - Rafa Nadal Academy","isPartOf":{"@id":"https:\/\/www.rafanadalacademy.com\/ca\/#website"},"primaryImageOfPage":{"@id":"https:\/\/www.rafanadalacademy.com\/ca\/rafa-nadal-academy-by-movistar-ca\/solana-sierra-inscriu-el-seu-nom-com-la-primera-guanyadora-del-mallorca-womens-championships\/#primaryimage"},"image":{"@id":"https:\/\/www.rafanadalacademy.com\/ca\/rafa-nadal-academy-by-movistar-ca\/solana-sierra-inscriu-el-seu-nom-com-la-primera-guanyadora-del-mallorca-womens-championships\/#primaryimage"},"thumbnailUrl":"https:\/\/www.rafanadalacademy.com\/wp-content\/uploads\/2025\/10\/solana_sierra_trophy-e1760353232496.webp","datePublished":"2025-10-13T11:03:53+00:00","dateModified":"2025-10-13T11:22:37+00:00","author":{"@id":"https:\/\/www.rafanadalacademy.com\/ca\/#\/schema\/person\/744897d6ee269641fff954376180ef01"},"description":"Solana Sierra s'ha proclamat campiona de la primera edici\u00f3 del Mallorca Women's Championships. La jugadora de la Rafa Nadal Academy es va imposar a la final a la s\u00e8rbia Lola Radivojevic per 6-3 i 6-1.","breadcrumb":{"@id":"https:\/\/www.rafanadalacademy.com\/ca\/rafa-nadal-academy-by-movistar-ca\/solana-sierra-inscriu-el-seu-nom-com-la-primera-guanyadora-del-mallorca-womens-championships\/#breadcrumb"},"inLanguage":"ca","potentialAction":[{"@type":"ReadAction","target":["https:\/\/www.rafanadalacademy.com\/ca\/rafa-nadal-academy-by-movistar-ca\/solana-sierra-inscriu-el-seu-nom-com-la-primera-guanyadora-del-mallorca-womens-championships\/"]}]},{"@type":"ImageObject","inLanguage":"ca","@id":"https:\/\/www.rafanadalacademy.com\/ca\/rafa-nadal-academy-by-movistar-ca\/solana-sierra-inscriu-el-seu-nom-com-la-primera-guanyadora-del-mallorca-womens-championships\/#primaryimage","url":"https:\/\/www.rafanadalacademy.com\/wp-content\/uploads\/2025\/10\/solana_sierra_trophy-e1760353232496.webp","contentUrl":"https:\/\/www.rafanadalacademy.com\/wp-content\/uploads\/2025\/10\/solana_sierra_trophy-e1760353232496.webp","width":1920,"height":1080,"caption":"Solana Sierra, campeona del Mallorca Women\u2019s Championship"},{"@type":"BreadcrumbList","@id":"https:\/\/www.rafanadalacademy.com\/ca\/rafa-nadal-academy-by-movistar-ca\/solana-sierra-inscriu-el-seu-nom-com-la-primera-guanyadora-del-mallorca-womens-championships\/#breadcrumb","itemListElement":[{"@type":"ListItem","position":1,"name":"Home","item":"https:\/\/www.rafanadalacademy.com\/ca\/"},{"@type":"ListItem","position":2,"name":"Solana Sierra inscriu el seu nom com la primera guanyadora del Mallorca Women&#8217;s Championships"}]},{"@type":"WebSite","@id":"https:\/\/www.rafanadalacademy.com\/ca\/#website","url":"https:\/\/www.rafanadalacademy.com\/ca\/","name":"Rafa Nadal Academy","description":"Otro sitio realizado con WordPress","potentialAction":[{"@type":"SearchAction","target":{"@type":"EntryPoint","urlTemplate":"https:\/\/www.rafanadalacademy.com\/ca\/?s={search_term_string}"},"query-input":{"@type":"PropertyValueSpecification","valueRequired":true,"valueName":"search_term_string"}}],"inLanguage":"ca"},{"@type":"Person","@id":"https:\/\/www.rafanadalacademy.com\/ca\/#\/schema\/person\/744897d6ee269641fff954376180ef01","name":"joseluisprados","image":{"@type":"ImageObject","inLanguage":"ca","@id":"https:\/\/www.rafanadalacademy.com\/ca\/#\/schema\/person\/image\/","url":"https:\/\/secure.gravatar.com\/avatar\/8aa823a6e5501864ffab4785d9e2a994b59c2d45c9f9751c5a532abfec081e5f?s=96&d=mm&r=g","contentUrl":"https:\/\/secure.gravatar.com\/avatar\/8aa823a6e5501864ffab4785d9e2a994b59c2d45c9f9751c5a532abfec081e5f?s=96&d=mm&r=g","caption":"joseluisprados"},"url":"https:\/\/www.rafanadalacademy.com\/ca\/author\/joseluisprados\/"},{"@type":"ImageObject","inLanguage":"ca","@id":"https:\/\/www.rafanadalacademy.com\/ca\/rafa-nadal-academy-by-movistar-ca\/solana-sierra-inscriu-el-seu-nom-com-la-primera-guanyadora-del-mallorca-womens-championships\/#local-main-organization-logo","url":"","contentUrl":"","caption":"Rafa Nadal Academy"}]}},"_links":{"self":[{"href":"https:\/\/www.rafanadalacademy.com\/ca\/wp-json\/wp\/v2\/posts\/34745","targetHints":{"allow":["GET"]}}],"collection":[{"href":"https:\/\/www.rafanadalacademy.com\/ca\/wp-json\/wp\/v2\/posts"}],"about":[{"href":"https:\/\/www.rafanadalacademy.com\/ca\/wp-json\/wp\/v2\/types\/post"}],"author":[{"embeddable":true,"href":"https:\/\/www.rafanadalacademy.com\/ca\/wp-json\/wp\/v2\/users\/23"}],"replies":[{"embeddable":true,"href":"https:\/\/www.rafanadalacademy.com\/ca\/wp-json\/wp\/v2\/comments?post=34745"}],"version-history":[{"count":1,"href":"https:\/\/www.rafanadalacademy.com\/ca\/wp-json\/wp\/v2\/posts\/34745\/revisions"}],"predecessor-version":[{"id":34746,"href":"https:\/\/www.rafanadalacademy.com\/ca\/wp-json\/wp\/v2\/posts\/34745\/revisions\/34746"}],"wp:featuredmedia":[{"embeddable":true,"href":"https:\/\/www.rafanadalacademy.com\/ca\/wp-json\/wp\/v2\/media\/34700"}],"wp:attachment":[{"href":"https:\/\/www.rafanadalacademy.com\/ca\/wp-json\/wp\/v2\/media?parent=34745"}],"wp:term":[{"taxonomy":"category","embeddable":true,"href":"https:\/\/www.rafanadalacademy.com\/ca\/wp-json\/wp\/v2\/categories?post=34745"},{"taxonomy":"post_tag","embeddable":true,"href":"https:\/\/www.rafanadalacademy.com\/ca\/wp-json\/wp\/v2\/tags?post=34745"}],"curies":[{"name":"wp","href":"https:\/\/api.w.org\/{rel}","templated":true}]}}