{"id":34463,"date":"2025-10-09T11:13:57","date_gmt":"2025-10-09T11:13:57","guid":{"rendered":"https:\/\/www.rafanadalacademy.com\/sin-categorizar\/els-favorits-lluitaran-pel-titol-a-lenrique-esteire-open-a-la-rafa-nadal-academy\/"},"modified":"2025-10-09T11:38:08","modified_gmt":"2025-10-09T11:38:08","slug":"els-favorits-lluitaran-pel-titol-a-lenrique-esteire-open-a-la-rafa-nadal-academy","status":"publish","type":"post","link":"https:\/\/www.rafanadalacademy.com\/ca\/noticies\/els-favorits-lluitaran-pel-titol-a-lenrique-esteire-open-a-la-rafa-nadal-academy\/","title":{"rendered":"Els favorits lluitaran pel t\u00edtol a l&#8217;Enrique Esteire Open a la Rafa Nadal Academy"},"content":{"rendered":"\n<p>Sis jugadors i jugadores del Top 10 mundial de tennis en cadira de rodes s&#8217;han donat cita a Mallorca per disputar el t\u00edtol de l&#8217;Enrique Esteire Open, la tercera edici\u00f3 del qual es disputa a les instal\u00b7lacions de la Rafa Nadal Academy.<\/p>\n\n<figure class=\"wp-block-image size-full\"><img decoding=\"async\" src=\"https:\/\/www.rafanadalacademy.com\/wp-content\/uploads\/2025\/10\/&#xA1;Seguimos-disfrutando-MUCHO-del-@enriqueesteireopen-&#xA1;No-os-perdais-las-jornadas-decisivas-en-la-e1760008159638.jpg\" alt=\"\" class=\"wp-image-34452\"\/><figcaption class=\"wp-element-caption\">Enrique Esteire Open 2025<\/figcaption><\/figure>\n\n<div style=\"height:57px\" aria-hidden=\"true\" class=\"wp-block-spacer\"><\/div>\n\n<p>Entre els participants figuren sis jugadors i jugadores integrats actualment al Top 10 ITF: Gustavo Fern\u00e1ndez (Argentina) i Gordon Reid (Gran Bretanya) encap\u00e7alen el quadre mascul\u00ed, acompanyats per Ji Zhengxu i Daniel Caverzaschi, el principal referent espanyol i medallista a Par\u00eds 2024.<\/p>\n\n<p>Mentre que a la categoria femenina, la japonesa Yui Kamiji i l&#8217;holandesa Aniek Van Koot lideren el quadre, juntament amb altres figures internacionals de primer nivell.<\/p>\n\n<p>Tots ells han accedit a les rondes finals i decidiran el vencedor i vencedora del trofeu les properes 48 hores, on disputaran tant partits individuals com de dobles.<\/p>\n\n<p>La tercera jornada s&#8217;obrir\u00e0 amb el duel entre Fern\u00e1ndez i Caverzaschi, seguit del que disputaran per l&#8217;altra banda del quadre Zhengxu i Reid.<\/p>\n\n<p>L&#8217;espanyol i el xin\u00e8s, a m\u00e9s, encararan la trobada decisiva en la categoria de dobles, on s&#8217;enfrontaran a Frederic Cattaneo i Alwande Shikosana.<br\/><br\/> Mentrestant, la final femenina enfrontar\u00e0 Yui Kamiji i Aniek Van Koot, que eliminar-vos en semifinals a Zhu Zhenzhen i Guo Luoyao.<br\/><br\/><\/p>\n\n<p><\/p>\n","protected":false},"excerpt":{"rendered":"<p>Sis jugadors i jugadores del Top 10 mundial de tennis en cadira de rodes s&#8217;han donat cita a Mallorca per disputar el t\u00edtol de l&#8217;Enrique Esteire Open, la tercera edici\u00f3 del qual es disputa a les instal\u00b7lacions de la Rafa Nadal Academy. Entre els participants figuren sis jugadors i jugadores integrats actualment al Top 10<a href=\"https:\/\/www.rafanadalacademy.com\/ca\/noticies\/els-favorits-lluitaran-pel-titol-a-lenrique-esteire-open-a-la-rafa-nadal-academy\/\">Continue reading <span class=\"sr-only\">&#8220;Els favorits lluitaran pel t\u00edtol a l&#8217;Enrique Esteire Open a la Rafa Nadal Academy&#8221;<\/span><\/a><\/p>\n","protected":false},"author":23,"featured_media":34453,"comment_status":"closed","ping_status":"closed","sticky":false,"template":"","format":"standard","meta":{"_acf_changed":false,"footnotes":""},"categories":[157,209],"tags":[210],"class_list":["post-34463","post","type-post","status-publish","format-standard","has-post-thumbnail","hentry","category-noticies","category-rafa-nadal-academy-by-movistar-ca","tag-rafa-nadal-academy-by-movistar-ca"],"acf":[],"yoast_head":"<!-- This site is optimized with the Yoast SEO Premium plugin v26.8 (Yoast SEO v26.9) - https:\/\/yoast.com\/product\/yoast-seo-premium-wordpress\/ -->\n<title>Els favorits lluitaran pel t\u00edtol a l&#039;Enrique Esteire Open a la Rafa Nadal Academy - Rafa Nadal Academy<\/title>\n<meta name=\"description\" content=\"Sis jugadors del Top 10 mundial de tennis en cadira de rodes s&#039;han donat cita a Mallorca per disputar el t\u00edtol de l&#039;Enrique Esteire Open, la tercera edici\u00f3 del qual es disputa a les instal\u00b7lacions de la Rafa Nadal Academy.\" \/>\n<meta name=\"robots\" content=\"index, follow, max-snippet:-1, max-image-preview:large, max-video-preview:-1\" \/>\n<link rel=\"canonical\" href=\"https:\/\/www.rafanadalacademy.com\/ca\/noticies\/els-favorits-lluitaran-pel-titol-a-lenrique-esteire-open-a-la-rafa-nadal-academy\/\" \/>\n<meta property=\"og:locale\" content=\"ca_ES\" \/>\n<meta property=\"og:type\" content=\"article\" \/>\n<meta property=\"og:title\" content=\"Els favorits lluitaran pel t\u00edtol a l&#039;Enrique Esteire Open a la Rafa Nadal Academy\" \/>\n<meta property=\"og:description\" content=\"Sis jugadors del Top 10 mundial de tennis en cadira de rodes s&#039;han donat cita a Mallorca per disputar el t\u00edtol de l&#039;Enrique Esteire Open, la tercera edici\u00f3 del qual es disputa a les instal\u00b7lacions de la Rafa Nadal Academy.\" \/>\n<meta property=\"og:url\" content=\"https:\/\/www.rafanadalacademy.com\/ca\/noticies\/els-favorits-lluitaran-pel-titol-a-lenrique-esteire-open-a-la-rafa-nadal-academy\/\" \/>\n<meta property=\"og:site_name\" content=\"Rafa Nadal Academy\" \/>\n<meta property=\"article:published_time\" content=\"2025-10-09T11:13:57+00:00\" \/>\n<meta property=\"article:modified_time\" content=\"2025-10-09T11:38:08+00:00\" \/>\n<meta property=\"og:image\" content=\"https:\/\/www.rafanadalacademy.com\/wp-content\/uploads\/2025\/10\/\u00a1Seguimos-disfrutando-MUCHO-del-@enriqueesteireopen-\u00a1No-os-perdais-las-jornadas-decisivas-en-la-e1760008159638.jpg\" \/>\n\t<meta property=\"og:image:width\" content=\"1080\" \/>\n\t<meta property=\"og:image:height\" content=\"1433\" \/>\n\t<meta property=\"og:image:type\" content=\"image\/jpeg\" \/>\n<meta name=\"author\" content=\"joseluisprados\" \/>\n<meta name=\"twitter:card\" content=\"summary_large_image\" \/>\n<meta name=\"twitter:label1\" content=\"Written by\" \/>\n\t<meta name=\"twitter:data1\" content=\"joseluisprados\" \/>\n\t<meta name=\"twitter:label2\" content=\"Est. reading time\" \/>\n\t<meta name=\"twitter:data2\" content=\"1 minute\" \/>\n<script type=\"application\/ld+json\" class=\"yoast-schema-graph\">{\"@context\":\"https:\/\/schema.org\",\"@graph\":[{\"@type\":\"Article\",\"@id\":\"https:\/\/www.rafanadalacademy.com\/ca\/noticies\/els-favorits-lluitaran-pel-titol-a-lenrique-esteire-open-a-la-rafa-nadal-academy\/#article\",\"isPartOf\":{\"@id\":\"https:\/\/www.rafanadalacademy.com\/ca\/noticies\/els-favorits-lluitaran-pel-titol-a-lenrique-esteire-open-a-la-rafa-nadal-academy\/\"},\"author\":{\"name\":\"joseluisprados\",\"@id\":\"https:\/\/www.rafanadalacademy.com\/ca\/#\/schema\/person\/744897d6ee269641fff954376180ef01\"},\"headline\":\"Els favorits lluitaran pel t\u00edtol a l&#8217;Enrique Esteire Open a la Rafa Nadal Academy\",\"datePublished\":\"2025-10-09T11:13:57+00:00\",\"dateModified\":\"2025-10-09T11:38:08+00:00\",\"mainEntityOfPage\":{\"@id\":\"https:\/\/www.rafanadalacademy.com\/ca\/noticies\/els-favorits-lluitaran-pel-titol-a-lenrique-esteire-open-a-la-rafa-nadal-academy\/\"},\"wordCount\":235,\"image\":{\"@id\":\"https:\/\/www.rafanadalacademy.com\/ca\/noticies\/els-favorits-lluitaran-pel-titol-a-lenrique-esteire-open-a-la-rafa-nadal-academy\/#primaryimage\"},\"thumbnailUrl\":\"https:\/\/www.rafanadalacademy.com\/wp-content\/uploads\/2025\/10\/\u00a1Seguimos-disfrutando-MUCHO-del-@enriqueesteireopen-\u00a1No-os-perdais-las-jornadas-decisivas-en-la-e1760008159638.jpg\",\"keywords\":[\"RAFA NADAL ACADEMY BY MOVISTAR\"],\"articleSection\":[\"Not\u00edcies\",\"RAFA NADAL ACADEMY BY MOVISTAR\"],\"inLanguage\":\"ca\",\"copyrightYear\":\"2025\",\"copyrightHolder\":{\"@id\":\"https:\/\/www.rafanadalacademy.com\/#organization\"}},{\"@type\":\"WebPage\",\"@id\":\"https:\/\/www.rafanadalacademy.com\/ca\/noticies\/els-favorits-lluitaran-pel-titol-a-lenrique-esteire-open-a-la-rafa-nadal-academy\/\",\"url\":\"https:\/\/www.rafanadalacademy.com\/ca\/noticies\/els-favorits-lluitaran-pel-titol-a-lenrique-esteire-open-a-la-rafa-nadal-academy\/\",\"name\":\"Els favorits lluitaran pel t\u00edtol a l'Enrique Esteire Open a la Rafa Nadal Academy - Rafa Nadal Academy\",\"isPartOf\":{\"@id\":\"https:\/\/www.rafanadalacademy.com\/ca\/#website\"},\"primaryImageOfPage\":{\"@id\":\"https:\/\/www.rafanadalacademy.com\/ca\/noticies\/els-favorits-lluitaran-pel-titol-a-lenrique-esteire-open-a-la-rafa-nadal-academy\/#primaryimage\"},\"image\":{\"@id\":\"https:\/\/www.rafanadalacademy.com\/ca\/noticies\/els-favorits-lluitaran-pel-titol-a-lenrique-esteire-open-a-la-rafa-nadal-academy\/#primaryimage\"},\"thumbnailUrl\":\"https:\/\/www.rafanadalacademy.com\/wp-content\/uploads\/2025\/10\/\u00a1Seguimos-disfrutando-MUCHO-del-@enriqueesteireopen-\u00a1No-os-perdais-las-jornadas-decisivas-en-la-e1760008159638.jpg\",\"datePublished\":\"2025-10-09T11:13:57+00:00\",\"dateModified\":\"2025-10-09T11:38:08+00:00\",\"author\":{\"@id\":\"https:\/\/www.rafanadalacademy.com\/ca\/#\/schema\/person\/744897d6ee269641fff954376180ef01\"},\"description\":\"Sis jugadors del Top 10 mundial de tennis en cadira de rodes s'han donat cita a Mallorca per disputar el t\u00edtol de l'Enrique Esteire Open, la tercera edici\u00f3 del qual es disputa a les instal\u00b7lacions de la Rafa Nadal Academy.\",\"breadcrumb\":{\"@id\":\"https:\/\/www.rafanadalacademy.com\/ca\/noticies\/els-favorits-lluitaran-pel-titol-a-lenrique-esteire-open-a-la-rafa-nadal-academy\/#breadcrumb\"},\"inLanguage\":\"ca\",\"potentialAction\":[{\"@type\":\"ReadAction\",\"target\":[\"https:\/\/www.rafanadalacademy.com\/ca\/noticies\/els-favorits-lluitaran-pel-titol-a-lenrique-esteire-open-a-la-rafa-nadal-academy\/\"]}]},{\"@type\":\"ImageObject\",\"inLanguage\":\"ca\",\"@id\":\"https:\/\/www.rafanadalacademy.com\/ca\/noticies\/els-favorits-lluitaran-pel-titol-a-lenrique-esteire-open-a-la-rafa-nadal-academy\/#primaryimage\",\"url\":\"https:\/\/www.rafanadalacademy.com\/wp-content\/uploads\/2025\/10\/\u00a1Seguimos-disfrutando-MUCHO-del-@enriqueesteireopen-\u00a1No-os-perdais-las-jornadas-decisivas-en-la-e1760008159638.jpg\",\"contentUrl\":\"https:\/\/www.rafanadalacademy.com\/wp-content\/uploads\/2025\/10\/\u00a1Seguimos-disfrutando-MUCHO-del-@enriqueesteireopen-\u00a1No-os-perdais-las-jornadas-decisivas-en-la-e1760008159638.jpg\",\"width\":1080,\"height\":1433,\"caption\":\"Enrique Esteire Open\"},{\"@type\":\"BreadcrumbList\",\"@id\":\"https:\/\/www.rafanadalacademy.com\/ca\/noticies\/els-favorits-lluitaran-pel-titol-a-lenrique-esteire-open-a-la-rafa-nadal-academy\/#breadcrumb\",\"itemListElement\":[{\"@type\":\"ListItem\",\"position\":1,\"name\":\"Home\",\"item\":\"https:\/\/www.rafanadalacademy.com\/ca\/\"},{\"@type\":\"ListItem\",\"position\":2,\"name\":\"Els favorits lluitaran pel t\u00edtol a l&#8217;Enrique Esteire Open a la Rafa Nadal Academy\"}]},{\"@type\":\"WebSite\",\"@id\":\"https:\/\/www.rafanadalacademy.com\/ca\/#website\",\"url\":\"https:\/\/www.rafanadalacademy.com\/ca\/\",\"name\":\"Rafa Nadal Academy\",\"description\":\"Otro sitio realizado con WordPress\",\"potentialAction\":[{\"@type\":\"SearchAction\",\"target\":{\"@type\":\"EntryPoint\",\"urlTemplate\":\"https:\/\/www.rafanadalacademy.com\/ca\/?s={search_term_string}\"},\"query-input\":{\"@type\":\"PropertyValueSpecification\",\"valueRequired\":true,\"valueName\":\"search_term_string\"}}],\"inLanguage\":\"ca\"},{\"@type\":\"Person\",\"@id\":\"https:\/\/www.rafanadalacademy.com\/ca\/#\/schema\/person\/744897d6ee269641fff954376180ef01\",\"name\":\"joseluisprados\",\"image\":{\"@type\":\"ImageObject\",\"inLanguage\":\"ca\",\"@id\":\"https:\/\/www.rafanadalacademy.com\/ca\/#\/schema\/person\/image\/\",\"url\":\"https:\/\/secure.gravatar.com\/avatar\/8aa823a6e5501864ffab4785d9e2a994b59c2d45c9f9751c5a532abfec081e5f?s=96&d=mm&r=g\",\"contentUrl\":\"https:\/\/secure.gravatar.com\/avatar\/8aa823a6e5501864ffab4785d9e2a994b59c2d45c9f9751c5a532abfec081e5f?s=96&d=mm&r=g\",\"caption\":\"joseluisprados\"},\"url\":\"https:\/\/www.rafanadalacademy.com\/ca\/author\/joseluisprados\/\"},{\"@type\":\"ImageObject\",\"inLanguage\":\"ca\",\"@id\":\"https:\/\/www.rafanadalacademy.com\/ca\/noticies\/els-favorits-lluitaran-pel-titol-a-lenrique-esteire-open-a-la-rafa-nadal-academy\/#local-main-organization-logo\",\"url\":\"\",\"contentUrl\":\"\",\"caption\":\"Rafa Nadal Academy\"}]}<\/script>\n<!-- \/ Yoast SEO Premium plugin. -->","yoast_head_json":{"title":"Els favorits lluitaran pel t\u00edtol a l'Enrique Esteire Open a la Rafa Nadal Academy - Rafa Nadal Academy","description":"Sis jugadors del Top 10 mundial de tennis en cadira de rodes s'han donat cita a Mallorca per disputar el t\u00edtol de l'Enrique Esteire Open, la tercera edici\u00f3 del qual es disputa a les instal\u00b7lacions de la Rafa Nadal Academy.","robots":{"index":"index","follow":"follow","max-snippet":"max-snippet:-1","max-image-preview":"max-image-preview:large","max-video-preview":"max-video-preview:-1"},"canonical":"https:\/\/www.rafanadalacademy.com\/ca\/noticies\/els-favorits-lluitaran-pel-titol-a-lenrique-esteire-open-a-la-rafa-nadal-academy\/","og_locale":"ca_ES","og_type":"article","og_title":"Els favorits lluitaran pel t\u00edtol a l'Enrique Esteire Open a la Rafa Nadal Academy","og_description":"Sis jugadors del Top 10 mundial de tennis en cadira de rodes s'han donat cita a Mallorca per disputar el t\u00edtol de l'Enrique Esteire Open, la tercera edici\u00f3 del qual es disputa a les instal\u00b7lacions de la Rafa Nadal Academy.","og_url":"https:\/\/www.rafanadalacademy.com\/ca\/noticies\/els-favorits-lluitaran-pel-titol-a-lenrique-esteire-open-a-la-rafa-nadal-academy\/","og_site_name":"Rafa Nadal Academy","article_published_time":"2025-10-09T11:13:57+00:00","article_modified_time":"2025-10-09T11:38:08+00:00","og_image":[{"width":1080,"height":1433,"url":"https:\/\/www.rafanadalacademy.com\/wp-content\/uploads\/2025\/10\/\u00a1Seguimos-disfrutando-MUCHO-del-@enriqueesteireopen-\u00a1No-os-perdais-las-jornadas-decisivas-en-la-e1760008159638.jpg","type":"image\/jpeg"}],"author":"joseluisprados","twitter_card":"summary_large_image","twitter_misc":{"Written by":"joseluisprados","Est. reading time":"1 minute"},"schema":{"@context":"https:\/\/schema.org","@graph":[{"@type":"Article","@id":"https:\/\/www.rafanadalacademy.com\/ca\/noticies\/els-favorits-lluitaran-pel-titol-a-lenrique-esteire-open-a-la-rafa-nadal-academy\/#article","isPartOf":{"@id":"https:\/\/www.rafanadalacademy.com\/ca\/noticies\/els-favorits-lluitaran-pel-titol-a-lenrique-esteire-open-a-la-rafa-nadal-academy\/"},"author":{"name":"joseluisprados","@id":"https:\/\/www.rafanadalacademy.com\/ca\/#\/schema\/person\/744897d6ee269641fff954376180ef01"},"headline":"Els favorits lluitaran pel t\u00edtol a l&#8217;Enrique Esteire Open a la Rafa Nadal Academy","datePublished":"2025-10-09T11:13:57+00:00","dateModified":"2025-10-09T11:38:08+00:00","mainEntityOfPage":{"@id":"https:\/\/www.rafanadalacademy.com\/ca\/noticies\/els-favorits-lluitaran-pel-titol-a-lenrique-esteire-open-a-la-rafa-nadal-academy\/"},"wordCount":235,"image":{"@id":"https:\/\/www.rafanadalacademy.com\/ca\/noticies\/els-favorits-lluitaran-pel-titol-a-lenrique-esteire-open-a-la-rafa-nadal-academy\/#primaryimage"},"thumbnailUrl":"https:\/\/www.rafanadalacademy.com\/wp-content\/uploads\/2025\/10\/\u00a1Seguimos-disfrutando-MUCHO-del-@enriqueesteireopen-\u00a1No-os-perdais-las-jornadas-decisivas-en-la-e1760008159638.jpg","keywords":["RAFA NADAL ACADEMY BY MOVISTAR"],"articleSection":["Not\u00edcies","RAFA NADAL ACADEMY BY MOVISTAR"],"inLanguage":"ca","copyrightYear":"2025","copyrightHolder":{"@id":"https:\/\/www.rafanadalacademy.com\/#organization"}},{"@type":"WebPage","@id":"https:\/\/www.rafanadalacademy.com\/ca\/noticies\/els-favorits-lluitaran-pel-titol-a-lenrique-esteire-open-a-la-rafa-nadal-academy\/","url":"https:\/\/www.rafanadalacademy.com\/ca\/noticies\/els-favorits-lluitaran-pel-titol-a-lenrique-esteire-open-a-la-rafa-nadal-academy\/","name":"Els favorits lluitaran pel t\u00edtol a l'Enrique Esteire Open a la Rafa Nadal Academy - Rafa Nadal Academy","isPartOf":{"@id":"https:\/\/www.rafanadalacademy.com\/ca\/#website"},"primaryImageOfPage":{"@id":"https:\/\/www.rafanadalacademy.com\/ca\/noticies\/els-favorits-lluitaran-pel-titol-a-lenrique-esteire-open-a-la-rafa-nadal-academy\/#primaryimage"},"image":{"@id":"https:\/\/www.rafanadalacademy.com\/ca\/noticies\/els-favorits-lluitaran-pel-titol-a-lenrique-esteire-open-a-la-rafa-nadal-academy\/#primaryimage"},"thumbnailUrl":"https:\/\/www.rafanadalacademy.com\/wp-content\/uploads\/2025\/10\/\u00a1Seguimos-disfrutando-MUCHO-del-@enriqueesteireopen-\u00a1No-os-perdais-las-jornadas-decisivas-en-la-e1760008159638.jpg","datePublished":"2025-10-09T11:13:57+00:00","dateModified":"2025-10-09T11:38:08+00:00","author":{"@id":"https:\/\/www.rafanadalacademy.com\/ca\/#\/schema\/person\/744897d6ee269641fff954376180ef01"},"description":"Sis jugadors del Top 10 mundial de tennis en cadira de rodes s'han donat cita a Mallorca per disputar el t\u00edtol de l'Enrique Esteire Open, la tercera edici\u00f3 del qual es disputa a les instal\u00b7lacions de la Rafa Nadal Academy.","breadcrumb":{"@id":"https:\/\/www.rafanadalacademy.com\/ca\/noticies\/els-favorits-lluitaran-pel-titol-a-lenrique-esteire-open-a-la-rafa-nadal-academy\/#breadcrumb"},"inLanguage":"ca","potentialAction":[{"@type":"ReadAction","target":["https:\/\/www.rafanadalacademy.com\/ca\/noticies\/els-favorits-lluitaran-pel-titol-a-lenrique-esteire-open-a-la-rafa-nadal-academy\/"]}]},{"@type":"ImageObject","inLanguage":"ca","@id":"https:\/\/www.rafanadalacademy.com\/ca\/noticies\/els-favorits-lluitaran-pel-titol-a-lenrique-esteire-open-a-la-rafa-nadal-academy\/#primaryimage","url":"https:\/\/www.rafanadalacademy.com\/wp-content\/uploads\/2025\/10\/\u00a1Seguimos-disfrutando-MUCHO-del-@enriqueesteireopen-\u00a1No-os-perdais-las-jornadas-decisivas-en-la-e1760008159638.jpg","contentUrl":"https:\/\/www.rafanadalacademy.com\/wp-content\/uploads\/2025\/10\/\u00a1Seguimos-disfrutando-MUCHO-del-@enriqueesteireopen-\u00a1No-os-perdais-las-jornadas-decisivas-en-la-e1760008159638.jpg","width":1080,"height":1433,"caption":"Enrique Esteire Open"},{"@type":"BreadcrumbList","@id":"https:\/\/www.rafanadalacademy.com\/ca\/noticies\/els-favorits-lluitaran-pel-titol-a-lenrique-esteire-open-a-la-rafa-nadal-academy\/#breadcrumb","itemListElement":[{"@type":"ListItem","position":1,"name":"Home","item":"https:\/\/www.rafanadalacademy.com\/ca\/"},{"@type":"ListItem","position":2,"name":"Els favorits lluitaran pel t\u00edtol a l&#8217;Enrique Esteire Open a la Rafa Nadal Academy"}]},{"@type":"WebSite","@id":"https:\/\/www.rafanadalacademy.com\/ca\/#website","url":"https:\/\/www.rafanadalacademy.com\/ca\/","name":"Rafa Nadal Academy","description":"Otro sitio realizado con WordPress","potentialAction":[{"@type":"SearchAction","target":{"@type":"EntryPoint","urlTemplate":"https:\/\/www.rafanadalacademy.com\/ca\/?s={search_term_string}"},"query-input":{"@type":"PropertyValueSpecification","valueRequired":true,"valueName":"search_term_string"}}],"inLanguage":"ca"},{"@type":"Person","@id":"https:\/\/www.rafanadalacademy.com\/ca\/#\/schema\/person\/744897d6ee269641fff954376180ef01","name":"joseluisprados","image":{"@type":"ImageObject","inLanguage":"ca","@id":"https:\/\/www.rafanadalacademy.com\/ca\/#\/schema\/person\/image\/","url":"https:\/\/secure.gravatar.com\/avatar\/8aa823a6e5501864ffab4785d9e2a994b59c2d45c9f9751c5a532abfec081e5f?s=96&d=mm&r=g","contentUrl":"https:\/\/secure.gravatar.com\/avatar\/8aa823a6e5501864ffab4785d9e2a994b59c2d45c9f9751c5a532abfec081e5f?s=96&d=mm&r=g","caption":"joseluisprados"},"url":"https:\/\/www.rafanadalacademy.com\/ca\/author\/joseluisprados\/"},{"@type":"ImageObject","inLanguage":"ca","@id":"https:\/\/www.rafanadalacademy.com\/ca\/noticies\/els-favorits-lluitaran-pel-titol-a-lenrique-esteire-open-a-la-rafa-nadal-academy\/#local-main-organization-logo","url":"","contentUrl":"","caption":"Rafa Nadal Academy"}]}},"_links":{"self":[{"href":"https:\/\/www.rafanadalacademy.com\/ca\/wp-json\/wp\/v2\/posts\/34463","targetHints":{"allow":["GET"]}}],"collection":[{"href":"https:\/\/www.rafanadalacademy.com\/ca\/wp-json\/wp\/v2\/posts"}],"about":[{"href":"https:\/\/www.rafanadalacademy.com\/ca\/wp-json\/wp\/v2\/types\/post"}],"author":[{"embeddable":true,"href":"https:\/\/www.rafanadalacademy.com\/ca\/wp-json\/wp\/v2\/users\/23"}],"replies":[{"embeddable":true,"href":"https:\/\/www.rafanadalacademy.com\/ca\/wp-json\/wp\/v2\/comments?post=34463"}],"version-history":[{"count":1,"href":"https:\/\/www.rafanadalacademy.com\/ca\/wp-json\/wp\/v2\/posts\/34463\/revisions"}],"predecessor-version":[{"id":34464,"href":"https:\/\/www.rafanadalacademy.com\/ca\/wp-json\/wp\/v2\/posts\/34463\/revisions\/34464"}],"wp:featuredmedia":[{"embeddable":true,"href":"https:\/\/www.rafanadalacademy.com\/ca\/wp-json\/wp\/v2\/media\/34453"}],"wp:attachment":[{"href":"https:\/\/www.rafanadalacademy.com\/ca\/wp-json\/wp\/v2\/media?parent=34463"}],"wp:term":[{"taxonomy":"category","embeddable":true,"href":"https:\/\/www.rafanadalacademy.com\/ca\/wp-json\/wp\/v2\/categories?post=34463"},{"taxonomy":"post_tag","embeddable":true,"href":"https:\/\/www.rafanadalacademy.com\/ca\/wp-json\/wp\/v2\/tags?post=34463"}],"curies":[{"name":"wp","href":"https:\/\/api.w.org\/{rel}","templated":true}]}}