{"id":34265,"date":"2025-10-07T10:38:01","date_gmt":"2025-10-07T10:38:01","guid":{"rendered":"https:\/\/www.rafanadalacademy.com\/sin-categorizar\/korneeva-tambe-regna-a-bratislava-i-suma-el-seu-tercer-titol-de-lany\/"},"modified":"2025-10-07T10:49:48","modified_gmt":"2025-10-07T10:49:48","slug":"korneeva-tambe-regna-a-bratislava-i-suma-el-seu-tercer-titol-de-lany","status":"publish","type":"post","link":"https:\/\/www.rafanadalacademy.com\/ca\/rafa-nadal-academy-by-movistar-ca\/korneeva-tambe-regna-a-bratislava-i-suma-el-seu-tercer-titol-de-lany\/","title":{"rendered":"Korneeva tamb\u00e9 regna a Bratislava i suma el seu tercer t\u00edtol de l\u2019any"},"content":{"rendered":"\n<p>Alina Korneeva continua imparable en aquest final de temporada. La jove tennista russa, <strong>campiona de Grand Slam j\u00fanior<\/strong>, s\u2019ha proclamat vencedora del <strong>torneig ITF W75 de Bratislava<\/strong> despr\u00e9s d\u2019imposar-se a la final a la txeca<strong> Lucie Havlickova<\/strong> per 7-6, 7-5, en un partit intens que confirma el seu excel\u00b7lent estat de forma. <\/p>\n\n<figure class=\"wp-block-image size-full\"><img decoding=\"async\" src=\"https:\/\/www.rafanadalacademy.com\/wp-content\/uploads\/2025\/10\/&#x1F3C6;-Third-ITF-title-of-the-yearHuge-congrats-@aliakorneeva2007-on-winning-the-@itfworldtennisto-e1759833260386.jpg\" alt=\"Alina Korneeva, campeona en Bratislava\" class=\"wp-image-34253\"\/><\/figure>\n\n<div style=\"height:50px\" aria-hidden=\"true\" class=\"wp-block-spacer\"><\/div>\n\n<p>Amb aquesta vict\u00f2ria, <strong>Korneeva<\/strong>, jugadora formada a la <strong>Rafa Nadal Academy<\/strong> i entrenada per Anabel Medina i <strong>Joan Carles Alcal\u00e1,<\/strong> acumula <strong>15 triomfs en els seus \u00faltims 16 partits<\/strong>, una ratxa impressionant que la consolida com una de les jugadores m\u00e9s en forma del circuit ITF. A m\u00e9s, el t\u00edtol a la capital eslovaca suposa el seu t<strong>ercer trofeu de la temporada<\/strong>, despr\u00e9s de conquerir tamb\u00e9 els tornejos d\u2019\u00c9vora i Leiria, tots dos a Portugal \ud83c\uddf5\ud83c\uddf9. <\/p>\n\n<p>El nou \u00e8xit de Korneeva se suma a les brillants actuacions de l\u2019equip mascul\u00ed de la <strong>Rafa Nadal Academy<\/strong>, que tamb\u00e9 ha celebrat recentment t<strong>res t\u00edtols ATP Challenger<\/strong>: <strong>Dani Rinc\u00f3n<\/strong>, campi\u00f3 del <strong>Rafa Nadal Open by Movistar<\/strong>; Mart\u00edn Landaluce, vencedor a <strong>Orleans<\/strong>; i Abdulah Shelbayah, guanyador a <strong>Las Vegas<\/strong>.<\/p>\n\n<div style=\"height:51px\" aria-hidden=\"true\" class=\"wp-block-spacer\"><\/div>\n\n<figure class=\"wp-block-embed is-type-rich is-provider-twitter wp-block-embed-twitter\"><div class=\"wp-block-embed__wrapper\">\n<blockquote class=\"twitter-tweet\" data-width=\"500\" data-dnt=\"true\"><p lang=\"en\" dir=\"ltr\">\ud83c\udfc6 Third ITF title of the year!<br>Huge congrats Alina Korneeva on winning the <a href=\"https:\/\/twitter.com\/ITFTennis?ref_src=twsrc%5Etfw\">@ITFTennis<\/a> tournament in Bratislava! \ud83c\uddf8\ud83c\uddf0<br><br>What an amazing couple of months \u2014 full of hard work, passion, and great results. VAMOS\ud83d\udd25 <a href=\"https:\/\/t.co\/UcCRXDsCty\">pic.twitter.com\/UcCRXDsCty<\/a><\/p>&mdash; Rafa Nadal Academy (@rnadalacademy) <a href=\"https:\/\/twitter.com\/rnadalacademy\/status\/1975101411747836130?ref_src=twsrc%5Etfw\">October 6, 2025<\/a><\/blockquote><script async src=\"https:\/\/platform.twitter.com\/widgets.js\" charset=\"utf-8\"><\/script>\n<\/div><\/figure>\n\n<div style=\"height:51px\" aria-hidden=\"true\" class=\"wp-block-spacer\"><\/div>\n\n<p>Una ratxa conjunta que reflecteix la<strong> gran feina, dedicaci\u00f3 i passi\u00f3 <\/strong>que impregnen el dia a dia de l\u2019Acad\u00e8mia, i que continua donant fruits tant al circuit mascul\u00ed com al femen\u00ed.<\/p>\n\n<p><strong>Enhorabona a Alina Korneeva pel seu nou t\u00edtol ITF<\/strong><\/p>\n\n<div style=\"height:51px\" aria-hidden=\"true\" class=\"wp-block-spacer\"><\/div>\n","protected":false},"excerpt":{"rendered":"<p>Alina Korneeva continua imparable en aquest final de temporada. La jove tennista russa, campiona de Grand Slam j\u00fanior, s\u2019ha proclamat vencedora del torneig ITF W75 de Bratislava despr\u00e9s d\u2019imposar-se a la final a la txeca Lucie Havlickova per 7-6, 7-5, en un partit intens que confirma el seu excel\u00b7lent estat de forma. Amb aquesta vict\u00f2ria,<a href=\"https:\/\/www.rafanadalacademy.com\/ca\/rafa-nadal-academy-by-movistar-ca\/korneeva-tambe-regna-a-bratislava-i-suma-el-seu-tercer-titol-de-lany\/\">Continue reading <span class=\"sr-only\">&#8220;Korneeva tamb\u00e9 regna a Bratislava i suma el seu tercer t\u00edtol de l\u2019any&#8221;<\/span><\/a><\/p>\n","protected":false},"author":23,"featured_media":34254,"comment_status":"closed","ping_status":"closed","sticky":false,"template":"","format":"standard","meta":{"_acf_changed":false,"footnotes":""},"categories":[157,209],"tags":[210],"class_list":["post-34265","post","type-post","status-publish","format-standard","has-post-thumbnail","hentry","category-noticies","category-rafa-nadal-academy-by-movistar-ca","tag-rafa-nadal-academy-by-movistar-ca"],"acf":[],"yoast_head":"<!-- This site is optimized with the Yoast SEO Premium plugin v26.8 (Yoast SEO v26.9) - https:\/\/yoast.com\/product\/yoast-seo-premium-wordpress\/ -->\n<title>Korneeva tamb\u00e9 regna a Bratislava i suma el seu tercer t\u00edtol de l\u2019any - Rafa Nadal Academy<\/title>\n<meta name=\"description\" content=\"Alina Korneeva continua imparable en aquest final de temporada. La jove tennista russa s\u2019ha proclamat vencedora del torneig ITF W75 de Bratislava\" \/>\n<meta name=\"robots\" content=\"index, follow, max-snippet:-1, max-image-preview:large, max-video-preview:-1\" \/>\n<link rel=\"canonical\" href=\"https:\/\/www.rafanadalacademy.com\/ca\/rafa-nadal-academy-by-movistar-ca\/korneeva-tambe-regna-a-bratislava-i-suma-el-seu-tercer-titol-de-lany\/\" \/>\n<meta property=\"og:locale\" content=\"ca_ES\" \/>\n<meta property=\"og:type\" content=\"article\" \/>\n<meta property=\"og:title\" content=\"Korneeva tamb\u00e9 regna a Bratislava i suma el seu tercer t\u00edtol de l\u2019any\" \/>\n<meta property=\"og:description\" content=\"Alina Korneeva continua imparable en aquest final de temporada. La jove tennista russa s\u2019ha proclamat vencedora del torneig ITF W75 de Bratislava\" \/>\n<meta property=\"og:url\" content=\"https:\/\/www.rafanadalacademy.com\/ca\/rafa-nadal-academy-by-movistar-ca\/korneeva-tambe-regna-a-bratislava-i-suma-el-seu-tercer-titol-de-lany\/\" \/>\n<meta property=\"og:site_name\" content=\"Rafa Nadal Academy\" \/>\n<meta property=\"article:published_time\" content=\"2025-10-07T10:38:01+00:00\" \/>\n<meta property=\"article:modified_time\" content=\"2025-10-07T10:49:48+00:00\" \/>\n<meta property=\"og:image\" content=\"https:\/\/www.rafanadalacademy.com\/wp-content\/uploads\/2025\/10\/\ud83c\udfc6-Third-ITF-title-of-the-yearHuge-congrats-@aliakorneeva2007-on-winning-the-@itfworldtennisto-e1759833411251.jpg\" \/>\n\t<meta property=\"og:image:width\" content=\"1080\" \/>\n\t<meta property=\"og:image:height\" content=\"1350\" \/>\n\t<meta property=\"og:image:type\" content=\"image\/jpeg\" \/>\n<meta name=\"author\" content=\"joseluisprados\" \/>\n<meta name=\"twitter:card\" content=\"summary_large_image\" \/>\n<meta name=\"twitter:label1\" content=\"Written by\" \/>\n\t<meta name=\"twitter:data1\" content=\"joseluisprados\" \/>\n\t<meta name=\"twitter:label2\" content=\"Est. reading time\" \/>\n\t<meta name=\"twitter:data2\" content=\"1 minute\" \/>\n<script type=\"application\/ld+json\" class=\"yoast-schema-graph\">{\"@context\":\"https:\/\/schema.org\",\"@graph\":[{\"@type\":\"Article\",\"@id\":\"https:\/\/www.rafanadalacademy.com\/ca\/rafa-nadal-academy-by-movistar-ca\/korneeva-tambe-regna-a-bratislava-i-suma-el-seu-tercer-titol-de-lany\/#article\",\"isPartOf\":{\"@id\":\"https:\/\/www.rafanadalacademy.com\/ca\/rafa-nadal-academy-by-movistar-ca\/korneeva-tambe-regna-a-bratislava-i-suma-el-seu-tercer-titol-de-lany\/\"},\"author\":{\"name\":\"joseluisprados\",\"@id\":\"https:\/\/www.rafanadalacademy.com\/ca\/#\/schema\/person\/744897d6ee269641fff954376180ef01\"},\"headline\":\"Korneeva tamb\u00e9 regna a Bratislava i suma el seu tercer t\u00edtol de l\u2019any\",\"datePublished\":\"2025-10-07T10:38:01+00:00\",\"dateModified\":\"2025-10-07T10:49:48+00:00\",\"mainEntityOfPage\":{\"@id\":\"https:\/\/www.rafanadalacademy.com\/ca\/rafa-nadal-academy-by-movistar-ca\/korneeva-tambe-regna-a-bratislava-i-suma-el-seu-tercer-titol-de-lany\/\"},\"wordCount\":252,\"image\":{\"@id\":\"https:\/\/www.rafanadalacademy.com\/ca\/rafa-nadal-academy-by-movistar-ca\/korneeva-tambe-regna-a-bratislava-i-suma-el-seu-tercer-titol-de-lany\/#primaryimage\"},\"thumbnailUrl\":\"https:\/\/www.rafanadalacademy.com\/wp-content\/uploads\/2025\/10\/\ud83c\udfc6-Third-ITF-title-of-the-yearHuge-congrats-@aliakorneeva2007-on-winning-the-@itfworldtennisto-e1759833411251.jpg\",\"keywords\":[\"RAFA NADAL ACADEMY BY MOVISTAR\"],\"articleSection\":[\"Not\u00edcies\",\"RAFA NADAL ACADEMY BY MOVISTAR\"],\"inLanguage\":\"ca\",\"copyrightYear\":\"2025\",\"copyrightHolder\":{\"@id\":\"https:\/\/www.rafanadalacademy.com\/#organization\"}},{\"@type\":\"WebPage\",\"@id\":\"https:\/\/www.rafanadalacademy.com\/ca\/rafa-nadal-academy-by-movistar-ca\/korneeva-tambe-regna-a-bratislava-i-suma-el-seu-tercer-titol-de-lany\/\",\"url\":\"https:\/\/www.rafanadalacademy.com\/ca\/rafa-nadal-academy-by-movistar-ca\/korneeva-tambe-regna-a-bratislava-i-suma-el-seu-tercer-titol-de-lany\/\",\"name\":\"Korneeva tamb\u00e9 regna a Bratislava i suma el seu tercer t\u00edtol de l\u2019any - Rafa Nadal Academy\",\"isPartOf\":{\"@id\":\"https:\/\/www.rafanadalacademy.com\/ca\/#website\"},\"primaryImageOfPage\":{\"@id\":\"https:\/\/www.rafanadalacademy.com\/ca\/rafa-nadal-academy-by-movistar-ca\/korneeva-tambe-regna-a-bratislava-i-suma-el-seu-tercer-titol-de-lany\/#primaryimage\"},\"image\":{\"@id\":\"https:\/\/www.rafanadalacademy.com\/ca\/rafa-nadal-academy-by-movistar-ca\/korneeva-tambe-regna-a-bratislava-i-suma-el-seu-tercer-titol-de-lany\/#primaryimage\"},\"thumbnailUrl\":\"https:\/\/www.rafanadalacademy.com\/wp-content\/uploads\/2025\/10\/\ud83c\udfc6-Third-ITF-title-of-the-yearHuge-congrats-@aliakorneeva2007-on-winning-the-@itfworldtennisto-e1759833411251.jpg\",\"datePublished\":\"2025-10-07T10:38:01+00:00\",\"dateModified\":\"2025-10-07T10:49:48+00:00\",\"author\":{\"@id\":\"https:\/\/www.rafanadalacademy.com\/ca\/#\/schema\/person\/744897d6ee269641fff954376180ef01\"},\"description\":\"Alina Korneeva continua imparable en aquest final de temporada. La jove tennista russa s\u2019ha proclamat vencedora del torneig ITF W75 de Bratislava\",\"breadcrumb\":{\"@id\":\"https:\/\/www.rafanadalacademy.com\/ca\/rafa-nadal-academy-by-movistar-ca\/korneeva-tambe-regna-a-bratislava-i-suma-el-seu-tercer-titol-de-lany\/#breadcrumb\"},\"inLanguage\":\"ca\",\"potentialAction\":[{\"@type\":\"ReadAction\",\"target\":[\"https:\/\/www.rafanadalacademy.com\/ca\/rafa-nadal-academy-by-movistar-ca\/korneeva-tambe-regna-a-bratislava-i-suma-el-seu-tercer-titol-de-lany\/\"]}]},{\"@type\":\"ImageObject\",\"inLanguage\":\"ca\",\"@id\":\"https:\/\/www.rafanadalacademy.com\/ca\/rafa-nadal-academy-by-movistar-ca\/korneeva-tambe-regna-a-bratislava-i-suma-el-seu-tercer-titol-de-lany\/#primaryimage\",\"url\":\"https:\/\/www.rafanadalacademy.com\/wp-content\/uploads\/2025\/10\/\ud83c\udfc6-Third-ITF-title-of-the-yearHuge-congrats-@aliakorneeva2007-on-winning-the-@itfworldtennisto-e1759833411251.jpg\",\"contentUrl\":\"https:\/\/www.rafanadalacademy.com\/wp-content\/uploads\/2025\/10\/\ud83c\udfc6-Third-ITF-title-of-the-yearHuge-congrats-@aliakorneeva2007-on-winning-the-@itfworldtennisto-e1759833411251.jpg\",\"width\":1080,\"height\":1350,\"caption\":\"https:\/\/www.instagram.com\/p\/DPdZ5EQiBi8\/?img_index=1&igsh=MTBzYWYwbGk1c3V6NQ%3D%3D\"},{\"@type\":\"BreadcrumbList\",\"@id\":\"https:\/\/www.rafanadalacademy.com\/ca\/rafa-nadal-academy-by-movistar-ca\/korneeva-tambe-regna-a-bratislava-i-suma-el-seu-tercer-titol-de-lany\/#breadcrumb\",\"itemListElement\":[{\"@type\":\"ListItem\",\"position\":1,\"name\":\"Home\",\"item\":\"https:\/\/www.rafanadalacademy.com\/ca\/\"},{\"@type\":\"ListItem\",\"position\":2,\"name\":\"Korneeva tamb\u00e9 regna a Bratislava i suma el seu tercer t\u00edtol de l\u2019any\"}]},{\"@type\":\"WebSite\",\"@id\":\"https:\/\/www.rafanadalacademy.com\/ca\/#website\",\"url\":\"https:\/\/www.rafanadalacademy.com\/ca\/\",\"name\":\"Rafa Nadal Academy\",\"description\":\"Otro sitio realizado con WordPress\",\"potentialAction\":[{\"@type\":\"SearchAction\",\"target\":{\"@type\":\"EntryPoint\",\"urlTemplate\":\"https:\/\/www.rafanadalacademy.com\/ca\/?s={search_term_string}\"},\"query-input\":{\"@type\":\"PropertyValueSpecification\",\"valueRequired\":true,\"valueName\":\"search_term_string\"}}],\"inLanguage\":\"ca\"},{\"@type\":\"Person\",\"@id\":\"https:\/\/www.rafanadalacademy.com\/ca\/#\/schema\/person\/744897d6ee269641fff954376180ef01\",\"name\":\"joseluisprados\",\"image\":{\"@type\":\"ImageObject\",\"inLanguage\":\"ca\",\"@id\":\"https:\/\/www.rafanadalacademy.com\/ca\/#\/schema\/person\/image\/\",\"url\":\"https:\/\/secure.gravatar.com\/avatar\/8aa823a6e5501864ffab4785d9e2a994b59c2d45c9f9751c5a532abfec081e5f?s=96&d=mm&r=g\",\"contentUrl\":\"https:\/\/secure.gravatar.com\/avatar\/8aa823a6e5501864ffab4785d9e2a994b59c2d45c9f9751c5a532abfec081e5f?s=96&d=mm&r=g\",\"caption\":\"joseluisprados\"},\"url\":\"https:\/\/www.rafanadalacademy.com\/ca\/author\/joseluisprados\/\"},{\"@type\":\"ImageObject\",\"inLanguage\":\"ca\",\"@id\":\"https:\/\/www.rafanadalacademy.com\/ca\/rafa-nadal-academy-by-movistar-ca\/korneeva-tambe-regna-a-bratislava-i-suma-el-seu-tercer-titol-de-lany\/#local-main-organization-logo\",\"url\":\"\",\"contentUrl\":\"\",\"caption\":\"Rafa Nadal Academy\"}]}<\/script>\n<!-- \/ Yoast SEO Premium plugin. -->","yoast_head_json":{"title":"Korneeva tamb\u00e9 regna a Bratislava i suma el seu tercer t\u00edtol de l\u2019any - Rafa Nadal Academy","description":"Alina Korneeva continua imparable en aquest final de temporada. La jove tennista russa s\u2019ha proclamat vencedora del torneig ITF W75 de Bratislava","robots":{"index":"index","follow":"follow","max-snippet":"max-snippet:-1","max-image-preview":"max-image-preview:large","max-video-preview":"max-video-preview:-1"},"canonical":"https:\/\/www.rafanadalacademy.com\/ca\/rafa-nadal-academy-by-movistar-ca\/korneeva-tambe-regna-a-bratislava-i-suma-el-seu-tercer-titol-de-lany\/","og_locale":"ca_ES","og_type":"article","og_title":"Korneeva tamb\u00e9 regna a Bratislava i suma el seu tercer t\u00edtol de l\u2019any","og_description":"Alina Korneeva continua imparable en aquest final de temporada. La jove tennista russa s\u2019ha proclamat vencedora del torneig ITF W75 de Bratislava","og_url":"https:\/\/www.rafanadalacademy.com\/ca\/rafa-nadal-academy-by-movistar-ca\/korneeva-tambe-regna-a-bratislava-i-suma-el-seu-tercer-titol-de-lany\/","og_site_name":"Rafa Nadal Academy","article_published_time":"2025-10-07T10:38:01+00:00","article_modified_time":"2025-10-07T10:49:48+00:00","og_image":[{"width":1080,"height":1350,"url":"https:\/\/www.rafanadalacademy.com\/wp-content\/uploads\/2025\/10\/\ud83c\udfc6-Third-ITF-title-of-the-yearHuge-congrats-@aliakorneeva2007-on-winning-the-@itfworldtennisto-e1759833411251.jpg","type":"image\/jpeg"}],"author":"joseluisprados","twitter_card":"summary_large_image","twitter_misc":{"Written by":"joseluisprados","Est. reading time":"1 minute"},"schema":{"@context":"https:\/\/schema.org","@graph":[{"@type":"Article","@id":"https:\/\/www.rafanadalacademy.com\/ca\/rafa-nadal-academy-by-movistar-ca\/korneeva-tambe-regna-a-bratislava-i-suma-el-seu-tercer-titol-de-lany\/#article","isPartOf":{"@id":"https:\/\/www.rafanadalacademy.com\/ca\/rafa-nadal-academy-by-movistar-ca\/korneeva-tambe-regna-a-bratislava-i-suma-el-seu-tercer-titol-de-lany\/"},"author":{"name":"joseluisprados","@id":"https:\/\/www.rafanadalacademy.com\/ca\/#\/schema\/person\/744897d6ee269641fff954376180ef01"},"headline":"Korneeva tamb\u00e9 regna a Bratislava i suma el seu tercer t\u00edtol de l\u2019any","datePublished":"2025-10-07T10:38:01+00:00","dateModified":"2025-10-07T10:49:48+00:00","mainEntityOfPage":{"@id":"https:\/\/www.rafanadalacademy.com\/ca\/rafa-nadal-academy-by-movistar-ca\/korneeva-tambe-regna-a-bratislava-i-suma-el-seu-tercer-titol-de-lany\/"},"wordCount":252,"image":{"@id":"https:\/\/www.rafanadalacademy.com\/ca\/rafa-nadal-academy-by-movistar-ca\/korneeva-tambe-regna-a-bratislava-i-suma-el-seu-tercer-titol-de-lany\/#primaryimage"},"thumbnailUrl":"https:\/\/www.rafanadalacademy.com\/wp-content\/uploads\/2025\/10\/\ud83c\udfc6-Third-ITF-title-of-the-yearHuge-congrats-@aliakorneeva2007-on-winning-the-@itfworldtennisto-e1759833411251.jpg","keywords":["RAFA NADAL ACADEMY BY MOVISTAR"],"articleSection":["Not\u00edcies","RAFA NADAL ACADEMY BY MOVISTAR"],"inLanguage":"ca","copyrightYear":"2025","copyrightHolder":{"@id":"https:\/\/www.rafanadalacademy.com\/#organization"}},{"@type":"WebPage","@id":"https:\/\/www.rafanadalacademy.com\/ca\/rafa-nadal-academy-by-movistar-ca\/korneeva-tambe-regna-a-bratislava-i-suma-el-seu-tercer-titol-de-lany\/","url":"https:\/\/www.rafanadalacademy.com\/ca\/rafa-nadal-academy-by-movistar-ca\/korneeva-tambe-regna-a-bratislava-i-suma-el-seu-tercer-titol-de-lany\/","name":"Korneeva tamb\u00e9 regna a Bratislava i suma el seu tercer t\u00edtol de l\u2019any - Rafa Nadal Academy","isPartOf":{"@id":"https:\/\/www.rafanadalacademy.com\/ca\/#website"},"primaryImageOfPage":{"@id":"https:\/\/www.rafanadalacademy.com\/ca\/rafa-nadal-academy-by-movistar-ca\/korneeva-tambe-regna-a-bratislava-i-suma-el-seu-tercer-titol-de-lany\/#primaryimage"},"image":{"@id":"https:\/\/www.rafanadalacademy.com\/ca\/rafa-nadal-academy-by-movistar-ca\/korneeva-tambe-regna-a-bratislava-i-suma-el-seu-tercer-titol-de-lany\/#primaryimage"},"thumbnailUrl":"https:\/\/www.rafanadalacademy.com\/wp-content\/uploads\/2025\/10\/\ud83c\udfc6-Third-ITF-title-of-the-yearHuge-congrats-@aliakorneeva2007-on-winning-the-@itfworldtennisto-e1759833411251.jpg","datePublished":"2025-10-07T10:38:01+00:00","dateModified":"2025-10-07T10:49:48+00:00","author":{"@id":"https:\/\/www.rafanadalacademy.com\/ca\/#\/schema\/person\/744897d6ee269641fff954376180ef01"},"description":"Alina Korneeva continua imparable en aquest final de temporada. La jove tennista russa s\u2019ha proclamat vencedora del torneig ITF W75 de Bratislava","breadcrumb":{"@id":"https:\/\/www.rafanadalacademy.com\/ca\/rafa-nadal-academy-by-movistar-ca\/korneeva-tambe-regna-a-bratislava-i-suma-el-seu-tercer-titol-de-lany\/#breadcrumb"},"inLanguage":"ca","potentialAction":[{"@type":"ReadAction","target":["https:\/\/www.rafanadalacademy.com\/ca\/rafa-nadal-academy-by-movistar-ca\/korneeva-tambe-regna-a-bratislava-i-suma-el-seu-tercer-titol-de-lany\/"]}]},{"@type":"ImageObject","inLanguage":"ca","@id":"https:\/\/www.rafanadalacademy.com\/ca\/rafa-nadal-academy-by-movistar-ca\/korneeva-tambe-regna-a-bratislava-i-suma-el-seu-tercer-titol-de-lany\/#primaryimage","url":"https:\/\/www.rafanadalacademy.com\/wp-content\/uploads\/2025\/10\/\ud83c\udfc6-Third-ITF-title-of-the-yearHuge-congrats-@aliakorneeva2007-on-winning-the-@itfworldtennisto-e1759833411251.jpg","contentUrl":"https:\/\/www.rafanadalacademy.com\/wp-content\/uploads\/2025\/10\/\ud83c\udfc6-Third-ITF-title-of-the-yearHuge-congrats-@aliakorneeva2007-on-winning-the-@itfworldtennisto-e1759833411251.jpg","width":1080,"height":1350,"caption":"https:\/\/www.instagram.com\/p\/DPdZ5EQiBi8\/?img_index=1&igsh=MTBzYWYwbGk1c3V6NQ%3D%3D"},{"@type":"BreadcrumbList","@id":"https:\/\/www.rafanadalacademy.com\/ca\/rafa-nadal-academy-by-movistar-ca\/korneeva-tambe-regna-a-bratislava-i-suma-el-seu-tercer-titol-de-lany\/#breadcrumb","itemListElement":[{"@type":"ListItem","position":1,"name":"Home","item":"https:\/\/www.rafanadalacademy.com\/ca\/"},{"@type":"ListItem","position":2,"name":"Korneeva tamb\u00e9 regna a Bratislava i suma el seu tercer t\u00edtol de l\u2019any"}]},{"@type":"WebSite","@id":"https:\/\/www.rafanadalacademy.com\/ca\/#website","url":"https:\/\/www.rafanadalacademy.com\/ca\/","name":"Rafa Nadal Academy","description":"Otro sitio realizado con WordPress","potentialAction":[{"@type":"SearchAction","target":{"@type":"EntryPoint","urlTemplate":"https:\/\/www.rafanadalacademy.com\/ca\/?s={search_term_string}"},"query-input":{"@type":"PropertyValueSpecification","valueRequired":true,"valueName":"search_term_string"}}],"inLanguage":"ca"},{"@type":"Person","@id":"https:\/\/www.rafanadalacademy.com\/ca\/#\/schema\/person\/744897d6ee269641fff954376180ef01","name":"joseluisprados","image":{"@type":"ImageObject","inLanguage":"ca","@id":"https:\/\/www.rafanadalacademy.com\/ca\/#\/schema\/person\/image\/","url":"https:\/\/secure.gravatar.com\/avatar\/8aa823a6e5501864ffab4785d9e2a994b59c2d45c9f9751c5a532abfec081e5f?s=96&d=mm&r=g","contentUrl":"https:\/\/secure.gravatar.com\/avatar\/8aa823a6e5501864ffab4785d9e2a994b59c2d45c9f9751c5a532abfec081e5f?s=96&d=mm&r=g","caption":"joseluisprados"},"url":"https:\/\/www.rafanadalacademy.com\/ca\/author\/joseluisprados\/"},{"@type":"ImageObject","inLanguage":"ca","@id":"https:\/\/www.rafanadalacademy.com\/ca\/rafa-nadal-academy-by-movistar-ca\/korneeva-tambe-regna-a-bratislava-i-suma-el-seu-tercer-titol-de-lany\/#local-main-organization-logo","url":"","contentUrl":"","caption":"Rafa Nadal Academy"}]}},"_links":{"self":[{"href":"https:\/\/www.rafanadalacademy.com\/ca\/wp-json\/wp\/v2\/posts\/34265","targetHints":{"allow":["GET"]}}],"collection":[{"href":"https:\/\/www.rafanadalacademy.com\/ca\/wp-json\/wp\/v2\/posts"}],"about":[{"href":"https:\/\/www.rafanadalacademy.com\/ca\/wp-json\/wp\/v2\/types\/post"}],"author":[{"embeddable":true,"href":"https:\/\/www.rafanadalacademy.com\/ca\/wp-json\/wp\/v2\/users\/23"}],"replies":[{"embeddable":true,"href":"https:\/\/www.rafanadalacademy.com\/ca\/wp-json\/wp\/v2\/comments?post=34265"}],"version-history":[{"count":1,"href":"https:\/\/www.rafanadalacademy.com\/ca\/wp-json\/wp\/v2\/posts\/34265\/revisions"}],"predecessor-version":[{"id":34266,"href":"https:\/\/www.rafanadalacademy.com\/ca\/wp-json\/wp\/v2\/posts\/34265\/revisions\/34266"}],"wp:featuredmedia":[{"embeddable":true,"href":"https:\/\/www.rafanadalacademy.com\/ca\/wp-json\/wp\/v2\/media\/34254"}],"wp:attachment":[{"href":"https:\/\/www.rafanadalacademy.com\/ca\/wp-json\/wp\/v2\/media?parent=34265"}],"wp:term":[{"taxonomy":"category","embeddable":true,"href":"https:\/\/www.rafanadalacademy.com\/ca\/wp-json\/wp\/v2\/categories?post=34265"},{"taxonomy":"post_tag","embeddable":true,"href":"https:\/\/www.rafanadalacademy.com\/ca\/wp-json\/wp\/v2\/tags?post=34265"}],"curies":[{"name":"wp","href":"https:\/\/api.w.org\/{rel}","templated":true}]}}