{"id":34208,"date":"2025-10-03T11:43:44","date_gmt":"2025-10-03T11:43:44","guid":{"rendered":"https:\/\/www.rafanadalacademy.com\/sin-categorizar\/gustavo-marcaccio-nou-director-de-tennis-de-la-rafa-nadal-academy-seguir-la-passio-de-rafa-sera-el-nostre-repte-mes-gran\/"},"modified":"2025-10-06T06:33:18","modified_gmt":"2025-10-06T06:33:18","slug":"gustavo-marcaccio-nou-director-de-tennis-de-la-rafa-nadal-academy-seguir-la-passio-de-rafa-sera-el-nostre-repte-mes-gran","status":"publish","type":"post","link":"https:\/\/www.rafanadalacademy.com\/ca\/rafa-nadal-academy-by-movistar-ca\/gustavo-marcaccio-nou-director-de-tennis-de-la-rafa-nadal-academy-seguir-la-passio-de-rafa-sera-el-nostre-repte-mes-gran\/","title":{"rendered":"Gustavo Marcaccio, nou director de tennis de la Rafa Nadal Academy: \u201cSeguir la passi\u00f3 de Rafa ser\u00e0 el nostre repte m\u00e9s gran\u201d<br>"},"content":{"rendered":"\n<p>La Rafa Nadal Academy inicia una nova etapa a l\u2019\u00e0rea de tennis amb la incorporaci\u00f3 de Gustavo Marcaccio com a nou director. Amb el seu nomenament, i a les portes de celebrar el nov\u00e8 aniversari, l\u2019Acad\u00e8mia refor\u00e7a aix\u00ed el seu comprom\u00eds de mantenir viu el llegat de Rafa Nadal, tant a Manacor com als centres internacionals. <\/p>\n\n<p>\u201cSer director de la Rafa Nadal Academy significa una gran responsabilitat, perqu\u00e8 suposa representar la visi\u00f3 i el llegat de Rafa dins la comunitat del tennis. Seguir la seva passi\u00f3 ser\u00e0 el nostre repte m\u00e9s gran. El nostre objectiu \u00e9s deixar empremta en cada nin, en cada adult i en cada jugador professional que passi per aqu\u00ed, cuidant cada detall, dins i fora de la pista\u201d, va afirmar Marcaccio.<\/p>\n\n<p>El t\u00e8cnic argent\u00ed va subratllar, a m\u00e9s, que la filosofia de l\u2019Acad\u00e8mia va m\u00e9s enll\u00e0 del rendiment esportiu: \u201cHem d\u2019estar atents a cada detall cada dia, amb el nostre servei a pista i amb la interacci\u00f3 humana fora d\u2019ella. Amb els nostres estudiants-esportistes, hem de transmetre l\u2019impuls de Rafa en la combinaci\u00f3 de l\u2019esport i els estudis. Ell n\u2019\u00e9s el millor exemple: quan era un jugador en formaci\u00f3, tenia com a tasca obligat\u00f2ria anar a l\u2019institut, acabar i obtenir el diploma. Aix\u00f2 \u00e9s quelcom que hem d\u2019assegurar que entenen no nom\u00e9s els estudiants, sin\u00f3 tamb\u00e9 els pares. Per a nosaltres, aquesta combinaci\u00f3 \u00e9s fonamental\u201d.<\/p>\n\n<figure class=\"wp-block-embed is-type-video is-provider-youtube wp-block-embed-youtube wp-embed-aspect-16-9 wp-has-aspect-ratio\"><div class=\"wp-block-embed__wrapper\">\n<iframe loading=\"lazy\" title=\"Meet Gustavo Marcaccio, Rafa Nadal Academy\u2019s New Tennis Director\" width=\"500\" height=\"281\" src=\"https:\/\/www.youtube.com\/embed\/rCPpHilZ4hk?feature=oembed\" frameborder=\"0\" allow=\"accelerometer; autoplay; clipboard-write; encrypted-media; gyroscope; picture-in-picture; web-share\" referrerpolicy=\"strict-origin-when-cross-origin\" allowfullscreen><\/iframe>\n<\/div><\/figure>\n\n<p><\/p>\n\n<p>Marcaccio es va incorporar a l\u2019Acad\u00e8mia l\u2019any 2021 i ha treballat en equips com els de Jaume Munar i Mart\u00edn Landaluce, a m\u00e9s d\u2019acompanyar Rafa Nadal en els darrers dos anys de la seva carrera professional. \u201cLa meva relaci\u00f3 amb en Rafa va comen\u00e7ar quan jo era al circuit: ell era un nouvingut al qual calia seguir de prop, i r\u00e0pidament es va convertir en una estrella. M\u00e9s tard vaig entrenar alguns dels seus rivals i amics, i aix\u00ed vam comen\u00e7ar a construir una relaci\u00f3. Despr\u00e9s em va convidar a unir-me a l\u2019Acad\u00e8mia i, finalment, vaig acabar ajudant-lo en els seus dos \u00faltims anys de carrera\u201d, va relatar. <\/p>\n\n<p>De la seva experi\u00e8ncia amb Rafa, l\u2019argent\u00ed es queda amb una lli\u00e7\u00f3 molt clara: \u201cDespr\u00e9s de 22 Grand Slams, continuava obert a escoltar, a innovar i a cercar millores, encara que fossin m\u00ednimes. Crec que jo vaig aprendre molt m\u00e9s d\u2019ell del que li vaig poder aportar a la pista. Aix\u00f2 \u00e9s el que el converteix en un superatleta\u201d.<\/p>\n\n<p>En aquesta nova estructura, Marcaccio comptar\u00e0 amb Tomeu Salv\u00e0 com a codirector t\u00e8cnic i amb el suport de referents com Toni Nadal (ambaixador de l\u2019Acad\u00e8mia), Marc Gorriz (consultor t\u00e8cnic) i Joel Figueras (responsable de formaci\u00f3). L\u2019equip es completa amb entrenadors com Anabel Medina, Pedro . <\/p>\n\n<p>Clar o Joan Bosch, que acompanyen jugadors d\u2019elit com Casper Ruud, Alex Eala, Alina Korneeva o Coleman Wong<\/p>\n\n<p>En total, m\u00e9s de 60 entrenadors i un s\u00f2lid grup de preparadors f\u00edsics, fisioterapeutes, psic\u00f2legs esportius i nutricionistes, juntament amb l\u2019equip m\u00e8dic de Quir\u00f3n Salud \u2014amb figures de refer\u00e8ncia com Rafael Maym\u00f3 o el doctor \u00c1ngel Ruiz-Cotorro\u2014 donen suport a un projecte que mant\u00e9 intacte el seu prop\u00f2sit: mantenir viva la passi\u00f3 i el llegat de Rafa Nadal.<\/p>\n\n<p><\/p>\n","protected":false},"excerpt":{"rendered":"<p>La Rafa Nadal Academy inicia una nova etapa a l\u2019\u00e0rea de tennis amb la incorporaci\u00f3 de Gustavo Marcaccio com a nou director. Amb el seu nomenament, i a les portes de celebrar el nov\u00e8 aniversari, l\u2019Acad\u00e8mia refor\u00e7a aix\u00ed el seu comprom\u00eds de mantenir viu el llegat de Rafa Nadal, tant a Manacor com als centres<a href=\"https:\/\/www.rafanadalacademy.com\/ca\/rafa-nadal-academy-by-movistar-ca\/gustavo-marcaccio-nou-director-de-tennis-de-la-rafa-nadal-academy-seguir-la-passio-de-rafa-sera-el-nostre-repte-mes-gran\/\">Continue reading <span class=\"sr-only\">&#8220;Gustavo Marcaccio, nou director de tennis de la Rafa Nadal Academy: \u201cSeguir la passi\u00f3 de Rafa ser\u00e0 el nostre repte m\u00e9s gran\u201d<br \/>&#8220;<\/span><\/a><\/p>\n","protected":false},"author":21,"featured_media":34191,"comment_status":"closed","ping_status":"closed","sticky":false,"template":"","format":"standard","meta":{"_acf_changed":false,"footnotes":""},"categories":[157,209],"tags":[210],"class_list":["post-34208","post","type-post","status-publish","format-standard","has-post-thumbnail","hentry","category-noticies","category-rafa-nadal-academy-by-movistar-ca","tag-rafa-nadal-academy-by-movistar-ca"],"acf":[],"yoast_head":"<!-- This site is optimized with the Yoast SEO Premium plugin v26.8 (Yoast SEO v26.9) - https:\/\/yoast.com\/product\/yoast-seo-premium-wordpress\/ -->\n<title>Gustavo Marcaccio, nou director de tennis de la Rafa Nadal Academy: \u201cSeguir la passi\u00f3 de Rafa ser\u00e0 el nostre repte m\u00e9s gran\u201d - Rafa Nadal Academy<\/title>\n<meta name=\"description\" content=\"La Rafa Nadal Academy inicia una nova etapa a l\u2019\u00e0rea de tennis amb la incorporaci\u00f3 de Gustavo Marcaccio com a nou director.\" \/>\n<meta name=\"robots\" content=\"index, follow, max-snippet:-1, max-image-preview:large, max-video-preview:-1\" \/>\n<link rel=\"canonical\" href=\"https:\/\/www.rafanadalacademy.com\/ca\/rafa-nadal-academy-by-movistar-ca\/gustavo-marcaccio-nou-director-de-tennis-de-la-rafa-nadal-academy-seguir-la-passio-de-rafa-sera-el-nostre-repte-mes-gran\/\" \/>\n<meta property=\"og:locale\" content=\"ca_ES\" \/>\n<meta property=\"og:type\" content=\"article\" \/>\n<meta property=\"og:title\" content=\"Gustavo Marcaccio, nou director de tennis de la Rafa Nadal Academy: \u201cSeguir la passi\u00f3 de Rafa ser\u00e0 el nostre repte m\u00e9s gran\u201d\" \/>\n<meta property=\"og:description\" content=\"La Rafa Nadal Academy inicia una nova etapa a l\u2019\u00e0rea de tennis amb la incorporaci\u00f3 de Gustavo Marcaccio com a nou director.\" \/>\n<meta property=\"og:url\" content=\"https:\/\/www.rafanadalacademy.com\/ca\/rafa-nadal-academy-by-movistar-ca\/gustavo-marcaccio-nou-director-de-tennis-de-la-rafa-nadal-academy-seguir-la-passio-de-rafa-sera-el-nostre-repte-mes-gran\/\" \/>\n<meta property=\"og:site_name\" content=\"Rafa Nadal Academy\" \/>\n<meta property=\"article:published_time\" content=\"2025-10-03T11:43:44+00:00\" \/>\n<meta property=\"article:modified_time\" content=\"2025-10-06T06:33:18+00:00\" \/>\n<meta property=\"og:image\" content=\"https:\/\/www.rafanadalacademy.com\/wp-content\/uploads\/2025\/10\/RNA_180225_Visita-entrenos-Rafa_147-scaled.jpg\" \/>\n\t<meta property=\"og:image:width\" content=\"2560\" \/>\n\t<meta property=\"og:image:height\" content=\"1707\" \/>\n\t<meta property=\"og:image:type\" content=\"image\/jpeg\" \/>\n<meta name=\"author\" content=\"Maria Llovera\" \/>\n<meta name=\"twitter:card\" content=\"summary_large_image\" \/>\n<meta name=\"twitter:label1\" content=\"Written by\" \/>\n\t<meta name=\"twitter:data1\" content=\"Maria Llovera\" \/>\n\t<meta name=\"twitter:label2\" content=\"Est. reading time\" \/>\n\t<meta name=\"twitter:data2\" content=\"3 minutes\" \/>\n<script type=\"application\/ld+json\" class=\"yoast-schema-graph\">{\"@context\":\"https:\/\/schema.org\",\"@graph\":[{\"@type\":\"Article\",\"@id\":\"https:\/\/www.rafanadalacademy.com\/ca\/rafa-nadal-academy-by-movistar-ca\/gustavo-marcaccio-nou-director-de-tennis-de-la-rafa-nadal-academy-seguir-la-passio-de-rafa-sera-el-nostre-repte-mes-gran\/#article\",\"isPartOf\":{\"@id\":\"https:\/\/www.rafanadalacademy.com\/ca\/rafa-nadal-academy-by-movistar-ca\/gustavo-marcaccio-nou-director-de-tennis-de-la-rafa-nadal-academy-seguir-la-passio-de-rafa-sera-el-nostre-repte-mes-gran\/\"},\"author\":{\"name\":\"Maria Llovera\",\"@id\":\"https:\/\/www.rafanadalacademy.com\/ca\/#\/schema\/person\/9cb8f210ce3fe781ebc21d5ba4c69109\"},\"headline\":\"Gustavo Marcaccio, nou director de tennis de la Rafa Nadal Academy: \u201cSeguir la passi\u00f3 de Rafa ser\u00e0 el nostre repte m\u00e9s gran\u201d\",\"datePublished\":\"2025-10-03T11:43:44+00:00\",\"dateModified\":\"2025-10-06T06:33:18+00:00\",\"mainEntityOfPage\":{\"@id\":\"https:\/\/www.rafanadalacademy.com\/ca\/rafa-nadal-academy-by-movistar-ca\/gustavo-marcaccio-nou-director-de-tennis-de-la-rafa-nadal-academy-seguir-la-passio-de-rafa-sera-el-nostre-repte-mes-gran\/\"},\"wordCount\":598,\"image\":{\"@id\":\"https:\/\/www.rafanadalacademy.com\/ca\/rafa-nadal-academy-by-movistar-ca\/gustavo-marcaccio-nou-director-de-tennis-de-la-rafa-nadal-academy-seguir-la-passio-de-rafa-sera-el-nostre-repte-mes-gran\/#primaryimage\"},\"thumbnailUrl\":\"https:\/\/www.rafanadalacademy.com\/wp-content\/uploads\/2025\/10\/RNA_180225_Visita-entrenos-Rafa_147-scaled.jpg\",\"keywords\":[\"RAFA NADAL ACADEMY BY MOVISTAR\"],\"articleSection\":[\"Not\u00edcies\",\"RAFA NADAL ACADEMY BY MOVISTAR\"],\"inLanguage\":\"ca\",\"copyrightYear\":\"2025\",\"copyrightHolder\":{\"@id\":\"https:\/\/www.rafanadalacademy.com\/#organization\"}},{\"@type\":\"WebPage\",\"@id\":\"https:\/\/www.rafanadalacademy.com\/ca\/rafa-nadal-academy-by-movistar-ca\/gustavo-marcaccio-nou-director-de-tennis-de-la-rafa-nadal-academy-seguir-la-passio-de-rafa-sera-el-nostre-repte-mes-gran\/\",\"url\":\"https:\/\/www.rafanadalacademy.com\/ca\/rafa-nadal-academy-by-movistar-ca\/gustavo-marcaccio-nou-director-de-tennis-de-la-rafa-nadal-academy-seguir-la-passio-de-rafa-sera-el-nostre-repte-mes-gran\/\",\"name\":\"Gustavo Marcaccio, nou director de tennis de la Rafa Nadal Academy: \u201cSeguir la passi\u00f3 de Rafa ser\u00e0 el nostre repte m\u00e9s gran\u201d - Rafa Nadal Academy\",\"isPartOf\":{\"@id\":\"https:\/\/www.rafanadalacademy.com\/ca\/#website\"},\"primaryImageOfPage\":{\"@id\":\"https:\/\/www.rafanadalacademy.com\/ca\/rafa-nadal-academy-by-movistar-ca\/gustavo-marcaccio-nou-director-de-tennis-de-la-rafa-nadal-academy-seguir-la-passio-de-rafa-sera-el-nostre-repte-mes-gran\/#primaryimage\"},\"image\":{\"@id\":\"https:\/\/www.rafanadalacademy.com\/ca\/rafa-nadal-academy-by-movistar-ca\/gustavo-marcaccio-nou-director-de-tennis-de-la-rafa-nadal-academy-seguir-la-passio-de-rafa-sera-el-nostre-repte-mes-gran\/#primaryimage\"},\"thumbnailUrl\":\"https:\/\/www.rafanadalacademy.com\/wp-content\/uploads\/2025\/10\/RNA_180225_Visita-entrenos-Rafa_147-scaled.jpg\",\"datePublished\":\"2025-10-03T11:43:44+00:00\",\"dateModified\":\"2025-10-06T06:33:18+00:00\",\"author\":{\"@id\":\"https:\/\/www.rafanadalacademy.com\/ca\/#\/schema\/person\/9cb8f210ce3fe781ebc21d5ba4c69109\"},\"description\":\"La Rafa Nadal Academy inicia una nova etapa a l\u2019\u00e0rea de tennis amb la incorporaci\u00f3 de Gustavo Marcaccio com a nou director.\",\"breadcrumb\":{\"@id\":\"https:\/\/www.rafanadalacademy.com\/ca\/rafa-nadal-academy-by-movistar-ca\/gustavo-marcaccio-nou-director-de-tennis-de-la-rafa-nadal-academy-seguir-la-passio-de-rafa-sera-el-nostre-repte-mes-gran\/#breadcrumb\"},\"inLanguage\":\"ca\",\"potentialAction\":[{\"@type\":\"ReadAction\",\"target\":[\"https:\/\/www.rafanadalacademy.com\/ca\/rafa-nadal-academy-by-movistar-ca\/gustavo-marcaccio-nou-director-de-tennis-de-la-rafa-nadal-academy-seguir-la-passio-de-rafa-sera-el-nostre-repte-mes-gran\/\"]}]},{\"@type\":\"ImageObject\",\"inLanguage\":\"ca\",\"@id\":\"https:\/\/www.rafanadalacademy.com\/ca\/rafa-nadal-academy-by-movistar-ca\/gustavo-marcaccio-nou-director-de-tennis-de-la-rafa-nadal-academy-seguir-la-passio-de-rafa-sera-el-nostre-repte-mes-gran\/#primaryimage\",\"url\":\"https:\/\/www.rafanadalacademy.com\/wp-content\/uploads\/2025\/10\/RNA_180225_Visita-entrenos-Rafa_147-scaled.jpg\",\"contentUrl\":\"https:\/\/www.rafanadalacademy.com\/wp-content\/uploads\/2025\/10\/RNA_180225_Visita-entrenos-Rafa_147-scaled.jpg\",\"width\":2560,\"height\":1707},{\"@type\":\"BreadcrumbList\",\"@id\":\"https:\/\/www.rafanadalacademy.com\/ca\/rafa-nadal-academy-by-movistar-ca\/gustavo-marcaccio-nou-director-de-tennis-de-la-rafa-nadal-academy-seguir-la-passio-de-rafa-sera-el-nostre-repte-mes-gran\/#breadcrumb\",\"itemListElement\":[{\"@type\":\"ListItem\",\"position\":1,\"name\":\"Home\",\"item\":\"https:\/\/www.rafanadalacademy.com\/ca\/\"},{\"@type\":\"ListItem\",\"position\":2,\"name\":\"Gustavo Marcaccio, nou director de tennis de la Rafa Nadal Academy: \u201cSeguir la passi\u00f3 de Rafa ser\u00e0 el nostre repte m\u00e9s gran\u201d\"}]},{\"@type\":\"WebSite\",\"@id\":\"https:\/\/www.rafanadalacademy.com\/ca\/#website\",\"url\":\"https:\/\/www.rafanadalacademy.com\/ca\/\",\"name\":\"Rafa Nadal Academy\",\"description\":\"Otro sitio realizado con WordPress\",\"potentialAction\":[{\"@type\":\"SearchAction\",\"target\":{\"@type\":\"EntryPoint\",\"urlTemplate\":\"https:\/\/www.rafanadalacademy.com\/ca\/?s={search_term_string}\"},\"query-input\":{\"@type\":\"PropertyValueSpecification\",\"valueRequired\":true,\"valueName\":\"search_term_string\"}}],\"inLanguage\":\"ca\"},{\"@type\":\"Person\",\"@id\":\"https:\/\/www.rafanadalacademy.com\/ca\/#\/schema\/person\/9cb8f210ce3fe781ebc21d5ba4c69109\",\"name\":\"Maria Llovera\",\"image\":{\"@type\":\"ImageObject\",\"inLanguage\":\"ca\",\"@id\":\"https:\/\/www.rafanadalacademy.com\/ca\/#\/schema\/person\/image\/\",\"url\":\"https:\/\/secure.gravatar.com\/avatar\/4949e8272b74bc4e47ce4e2990eb1ad94fcf26a1aba4416cd4b9780dc0e433a3?s=96&d=mm&r=g\",\"contentUrl\":\"https:\/\/secure.gravatar.com\/avatar\/4949e8272b74bc4e47ce4e2990eb1ad94fcf26a1aba4416cd4b9780dc0e433a3?s=96&d=mm&r=g\",\"caption\":\"Maria Llovera\"},\"url\":\"https:\/\/www.rafanadalacademy.com\/ca\/author\/maria-llovera\/\"},{\"@type\":\"ImageObject\",\"inLanguage\":\"ca\",\"@id\":\"https:\/\/www.rafanadalacademy.com\/ca\/rafa-nadal-academy-by-movistar-ca\/gustavo-marcaccio-nou-director-de-tennis-de-la-rafa-nadal-academy-seguir-la-passio-de-rafa-sera-el-nostre-repte-mes-gran\/#local-main-organization-logo\",\"url\":\"\",\"contentUrl\":\"\",\"caption\":\"Rafa Nadal Academy\"}]}<\/script>\n<!-- \/ Yoast SEO Premium plugin. -->","yoast_head_json":{"title":"Gustavo Marcaccio, nou director de tennis de la Rafa Nadal Academy: \u201cSeguir la passi\u00f3 de Rafa ser\u00e0 el nostre repte m\u00e9s gran\u201d - Rafa Nadal Academy","description":"La Rafa Nadal Academy inicia una nova etapa a l\u2019\u00e0rea de tennis amb la incorporaci\u00f3 de Gustavo Marcaccio com a nou director.","robots":{"index":"index","follow":"follow","max-snippet":"max-snippet:-1","max-image-preview":"max-image-preview:large","max-video-preview":"max-video-preview:-1"},"canonical":"https:\/\/www.rafanadalacademy.com\/ca\/rafa-nadal-academy-by-movistar-ca\/gustavo-marcaccio-nou-director-de-tennis-de-la-rafa-nadal-academy-seguir-la-passio-de-rafa-sera-el-nostre-repte-mes-gran\/","og_locale":"ca_ES","og_type":"article","og_title":"Gustavo Marcaccio, nou director de tennis de la Rafa Nadal Academy: \u201cSeguir la passi\u00f3 de Rafa ser\u00e0 el nostre repte m\u00e9s gran\u201d","og_description":"La Rafa Nadal Academy inicia una nova etapa a l\u2019\u00e0rea de tennis amb la incorporaci\u00f3 de Gustavo Marcaccio com a nou director.","og_url":"https:\/\/www.rafanadalacademy.com\/ca\/rafa-nadal-academy-by-movistar-ca\/gustavo-marcaccio-nou-director-de-tennis-de-la-rafa-nadal-academy-seguir-la-passio-de-rafa-sera-el-nostre-repte-mes-gran\/","og_site_name":"Rafa Nadal Academy","article_published_time":"2025-10-03T11:43:44+00:00","article_modified_time":"2025-10-06T06:33:18+00:00","og_image":[{"width":2560,"height":1707,"url":"https:\/\/www.rafanadalacademy.com\/wp-content\/uploads\/2025\/10\/RNA_180225_Visita-entrenos-Rafa_147-scaled.jpg","type":"image\/jpeg"}],"author":"Maria Llovera","twitter_card":"summary_large_image","twitter_misc":{"Written by":"Maria Llovera","Est. reading time":"3 minutes"},"schema":{"@context":"https:\/\/schema.org","@graph":[{"@type":"Article","@id":"https:\/\/www.rafanadalacademy.com\/ca\/rafa-nadal-academy-by-movistar-ca\/gustavo-marcaccio-nou-director-de-tennis-de-la-rafa-nadal-academy-seguir-la-passio-de-rafa-sera-el-nostre-repte-mes-gran\/#article","isPartOf":{"@id":"https:\/\/www.rafanadalacademy.com\/ca\/rafa-nadal-academy-by-movistar-ca\/gustavo-marcaccio-nou-director-de-tennis-de-la-rafa-nadal-academy-seguir-la-passio-de-rafa-sera-el-nostre-repte-mes-gran\/"},"author":{"name":"Maria Llovera","@id":"https:\/\/www.rafanadalacademy.com\/ca\/#\/schema\/person\/9cb8f210ce3fe781ebc21d5ba4c69109"},"headline":"Gustavo Marcaccio, nou director de tennis de la Rafa Nadal Academy: \u201cSeguir la passi\u00f3 de Rafa ser\u00e0 el nostre repte m\u00e9s gran\u201d","datePublished":"2025-10-03T11:43:44+00:00","dateModified":"2025-10-06T06:33:18+00:00","mainEntityOfPage":{"@id":"https:\/\/www.rafanadalacademy.com\/ca\/rafa-nadal-academy-by-movistar-ca\/gustavo-marcaccio-nou-director-de-tennis-de-la-rafa-nadal-academy-seguir-la-passio-de-rafa-sera-el-nostre-repte-mes-gran\/"},"wordCount":598,"image":{"@id":"https:\/\/www.rafanadalacademy.com\/ca\/rafa-nadal-academy-by-movistar-ca\/gustavo-marcaccio-nou-director-de-tennis-de-la-rafa-nadal-academy-seguir-la-passio-de-rafa-sera-el-nostre-repte-mes-gran\/#primaryimage"},"thumbnailUrl":"https:\/\/www.rafanadalacademy.com\/wp-content\/uploads\/2025\/10\/RNA_180225_Visita-entrenos-Rafa_147-scaled.jpg","keywords":["RAFA NADAL ACADEMY BY MOVISTAR"],"articleSection":["Not\u00edcies","RAFA NADAL ACADEMY BY MOVISTAR"],"inLanguage":"ca","copyrightYear":"2025","copyrightHolder":{"@id":"https:\/\/www.rafanadalacademy.com\/#organization"}},{"@type":"WebPage","@id":"https:\/\/www.rafanadalacademy.com\/ca\/rafa-nadal-academy-by-movistar-ca\/gustavo-marcaccio-nou-director-de-tennis-de-la-rafa-nadal-academy-seguir-la-passio-de-rafa-sera-el-nostre-repte-mes-gran\/","url":"https:\/\/www.rafanadalacademy.com\/ca\/rafa-nadal-academy-by-movistar-ca\/gustavo-marcaccio-nou-director-de-tennis-de-la-rafa-nadal-academy-seguir-la-passio-de-rafa-sera-el-nostre-repte-mes-gran\/","name":"Gustavo Marcaccio, nou director de tennis de la Rafa Nadal Academy: \u201cSeguir la passi\u00f3 de Rafa ser\u00e0 el nostre repte m\u00e9s gran\u201d - Rafa Nadal Academy","isPartOf":{"@id":"https:\/\/www.rafanadalacademy.com\/ca\/#website"},"primaryImageOfPage":{"@id":"https:\/\/www.rafanadalacademy.com\/ca\/rafa-nadal-academy-by-movistar-ca\/gustavo-marcaccio-nou-director-de-tennis-de-la-rafa-nadal-academy-seguir-la-passio-de-rafa-sera-el-nostre-repte-mes-gran\/#primaryimage"},"image":{"@id":"https:\/\/www.rafanadalacademy.com\/ca\/rafa-nadal-academy-by-movistar-ca\/gustavo-marcaccio-nou-director-de-tennis-de-la-rafa-nadal-academy-seguir-la-passio-de-rafa-sera-el-nostre-repte-mes-gran\/#primaryimage"},"thumbnailUrl":"https:\/\/www.rafanadalacademy.com\/wp-content\/uploads\/2025\/10\/RNA_180225_Visita-entrenos-Rafa_147-scaled.jpg","datePublished":"2025-10-03T11:43:44+00:00","dateModified":"2025-10-06T06:33:18+00:00","author":{"@id":"https:\/\/www.rafanadalacademy.com\/ca\/#\/schema\/person\/9cb8f210ce3fe781ebc21d5ba4c69109"},"description":"La Rafa Nadal Academy inicia una nova etapa a l\u2019\u00e0rea de tennis amb la incorporaci\u00f3 de Gustavo Marcaccio com a nou director.","breadcrumb":{"@id":"https:\/\/www.rafanadalacademy.com\/ca\/rafa-nadal-academy-by-movistar-ca\/gustavo-marcaccio-nou-director-de-tennis-de-la-rafa-nadal-academy-seguir-la-passio-de-rafa-sera-el-nostre-repte-mes-gran\/#breadcrumb"},"inLanguage":"ca","potentialAction":[{"@type":"ReadAction","target":["https:\/\/www.rafanadalacademy.com\/ca\/rafa-nadal-academy-by-movistar-ca\/gustavo-marcaccio-nou-director-de-tennis-de-la-rafa-nadal-academy-seguir-la-passio-de-rafa-sera-el-nostre-repte-mes-gran\/"]}]},{"@type":"ImageObject","inLanguage":"ca","@id":"https:\/\/www.rafanadalacademy.com\/ca\/rafa-nadal-academy-by-movistar-ca\/gustavo-marcaccio-nou-director-de-tennis-de-la-rafa-nadal-academy-seguir-la-passio-de-rafa-sera-el-nostre-repte-mes-gran\/#primaryimage","url":"https:\/\/www.rafanadalacademy.com\/wp-content\/uploads\/2025\/10\/RNA_180225_Visita-entrenos-Rafa_147-scaled.jpg","contentUrl":"https:\/\/www.rafanadalacademy.com\/wp-content\/uploads\/2025\/10\/RNA_180225_Visita-entrenos-Rafa_147-scaled.jpg","width":2560,"height":1707},{"@type":"BreadcrumbList","@id":"https:\/\/www.rafanadalacademy.com\/ca\/rafa-nadal-academy-by-movistar-ca\/gustavo-marcaccio-nou-director-de-tennis-de-la-rafa-nadal-academy-seguir-la-passio-de-rafa-sera-el-nostre-repte-mes-gran\/#breadcrumb","itemListElement":[{"@type":"ListItem","position":1,"name":"Home","item":"https:\/\/www.rafanadalacademy.com\/ca\/"},{"@type":"ListItem","position":2,"name":"Gustavo Marcaccio, nou director de tennis de la Rafa Nadal Academy: \u201cSeguir la passi\u00f3 de Rafa ser\u00e0 el nostre repte m\u00e9s gran\u201d"}]},{"@type":"WebSite","@id":"https:\/\/www.rafanadalacademy.com\/ca\/#website","url":"https:\/\/www.rafanadalacademy.com\/ca\/","name":"Rafa Nadal Academy","description":"Otro sitio realizado con WordPress","potentialAction":[{"@type":"SearchAction","target":{"@type":"EntryPoint","urlTemplate":"https:\/\/www.rafanadalacademy.com\/ca\/?s={search_term_string}"},"query-input":{"@type":"PropertyValueSpecification","valueRequired":true,"valueName":"search_term_string"}}],"inLanguage":"ca"},{"@type":"Person","@id":"https:\/\/www.rafanadalacademy.com\/ca\/#\/schema\/person\/9cb8f210ce3fe781ebc21d5ba4c69109","name":"Maria Llovera","image":{"@type":"ImageObject","inLanguage":"ca","@id":"https:\/\/www.rafanadalacademy.com\/ca\/#\/schema\/person\/image\/","url":"https:\/\/secure.gravatar.com\/avatar\/4949e8272b74bc4e47ce4e2990eb1ad94fcf26a1aba4416cd4b9780dc0e433a3?s=96&d=mm&r=g","contentUrl":"https:\/\/secure.gravatar.com\/avatar\/4949e8272b74bc4e47ce4e2990eb1ad94fcf26a1aba4416cd4b9780dc0e433a3?s=96&d=mm&r=g","caption":"Maria Llovera"},"url":"https:\/\/www.rafanadalacademy.com\/ca\/author\/maria-llovera\/"},{"@type":"ImageObject","inLanguage":"ca","@id":"https:\/\/www.rafanadalacademy.com\/ca\/rafa-nadal-academy-by-movistar-ca\/gustavo-marcaccio-nou-director-de-tennis-de-la-rafa-nadal-academy-seguir-la-passio-de-rafa-sera-el-nostre-repte-mes-gran\/#local-main-organization-logo","url":"","contentUrl":"","caption":"Rafa Nadal Academy"}]}},"_links":{"self":[{"href":"https:\/\/www.rafanadalacademy.com\/ca\/wp-json\/wp\/v2\/posts\/34208","targetHints":{"allow":["GET"]}}],"collection":[{"href":"https:\/\/www.rafanadalacademy.com\/ca\/wp-json\/wp\/v2\/posts"}],"about":[{"href":"https:\/\/www.rafanadalacademy.com\/ca\/wp-json\/wp\/v2\/types\/post"}],"author":[{"embeddable":true,"href":"https:\/\/www.rafanadalacademy.com\/ca\/wp-json\/wp\/v2\/users\/21"}],"replies":[{"embeddable":true,"href":"https:\/\/www.rafanadalacademy.com\/ca\/wp-json\/wp\/v2\/comments?post=34208"}],"version-history":[{"count":5,"href":"https:\/\/www.rafanadalacademy.com\/ca\/wp-json\/wp\/v2\/posts\/34208\/revisions"}],"predecessor-version":[{"id":34213,"href":"https:\/\/www.rafanadalacademy.com\/ca\/wp-json\/wp\/v2\/posts\/34208\/revisions\/34213"}],"wp:featuredmedia":[{"embeddable":true,"href":"https:\/\/www.rafanadalacademy.com\/ca\/wp-json\/wp\/v2\/media\/34191"}],"wp:attachment":[{"href":"https:\/\/www.rafanadalacademy.com\/ca\/wp-json\/wp\/v2\/media?parent=34208"}],"wp:term":[{"taxonomy":"category","embeddable":true,"href":"https:\/\/www.rafanadalacademy.com\/ca\/wp-json\/wp\/v2\/categories?post=34208"},{"taxonomy":"post_tag","embeddable":true,"href":"https:\/\/www.rafanadalacademy.com\/ca\/wp-json\/wp\/v2\/tags?post=34208"}],"curies":[{"name":"wp","href":"https:\/\/api.w.org\/{rel}","templated":true}]}}