{"id":31993,"date":"2025-09-11T13:44:23","date_gmt":"2025-09-11T13:44:23","guid":{"rendered":"https:\/\/www.rafanadalacademy.com\/?p=31993"},"modified":"2025-10-16T08:32:19","modified_gmt":"2025-10-16T08:32:19","slug":"la-rafa-nadal-academy-by-movistar-bressol-de-campions-de-grand-slam-junior","status":"publish","type":"post","link":"https:\/\/www.rafanadalacademy.com\/ca\/rafa-nadal-academy-by-movistar-ca\/la-rafa-nadal-academy-by-movistar-bressol-de-campions-de-grand-slam-junior\/","title":{"rendered":"La Rafa Nadal Academy, bressol de campions de Grand Slam J\u00fanior"},"content":{"rendered":"\n<p>Alex Eala, Daniel Rinc\u00f3n, Coleman Wong, Mart\u00edn Landaluce, Alina Korneeva, Yaroslav Demin, Max Exsted i Ivan Ivanov. Tots ells s\u00f3n <strong>jugadors formats a la Rafa Nadal Academy<\/strong> i ja compten al seu palmar\u00e8s amb algun dels quatre <strong>Grand Slam en categoria j\u00fanior<\/strong> . <\/p>\n\n<figure class=\"wp-block-image size-large\"><img loading=\"lazy\" decoding=\"async\" width=\"819\" height=\"1024\" src=\"https:\/\/www.rafanadalacademy.com\/wp-content\/uploads\/2025\/09\/Imagen-de-WhatsApp-2025-09-09-a-las-10.57.49_009e8b5b-819x1024.jpg\" alt=\"\" class=\"wp-image-31963\" srcset=\"https:\/\/www.rafanadalacademy.com\/wp-content\/uploads\/2025\/09\/Imagen-de-WhatsApp-2025-09-09-a-las-10.57.49_009e8b5b-819x1024.jpg 819w, https:\/\/www.rafanadalacademy.com\/wp-content\/uploads\/2025\/09\/Imagen-de-WhatsApp-2025-09-09-a-las-10.57.49_009e8b5b-240x300.jpg 240w, https:\/\/www.rafanadalacademy.com\/wp-content\/uploads\/2025\/09\/Imagen-de-WhatsApp-2025-09-09-a-las-10.57.49_009e8b5b-768x960.jpg 768w, https:\/\/www.rafanadalacademy.com\/wp-content\/uploads\/2025\/09\/Imagen-de-WhatsApp-2025-09-09-a-las-10.57.49_009e8b5b-1229x1536.jpg 1229w, https:\/\/www.rafanadalacademy.com\/wp-content\/uploads\/2025\/09\/Imagen-de-WhatsApp-2025-09-09-a-las-10.57.49_009e8b5b.jpg 1280w\" sizes=\"auto, (max-width: 819px) 100vw, 819px\" \/><\/figure>\n\n<div style=\"height:50px\" aria-hidden=\"true\" class=\"wp-block-spacer\"><\/div>\n\n<p>L&#8217;excel\u00b7l\u00e8ncia del <a href=\"https:\/\/www.rafanadalacademy.com\/ca\/programa-curs-tennis\/\">Programa Anual de la Rafa Nadal Academy<\/a> \u2013que combina formaci\u00f3 tenn\u00edstica i acad\u00e8mica, juntament amb unes <a href=\"https:\/\/www.rafanadalacademy.com\/ca\/installacions\/\">instal\u00b7lacions d&#8217;avantguarda\u2013<\/a> ha posicionat el centre com una refer\u00e8ncia mundial en la formaci\u00f3 de campions. Les xifres parlen per si soles: en els darrers anys, els nostres jugadors han conquerit un total de <strong>13 t\u00edtols de Grand Slam j\u00fanior<\/strong> , set en la modalitat individual i sis en dobles. <\/p>\n\n<p><strong>Alexandra Eala<\/strong> , que aquest mes de setembre a Guadalajara (M\u00e8xic) va conquistar el primer t\u00edtol WTA de la seva carrera, va ser pionera a obrir el cam\u00ed als grans \u00e8xits. El 2020 es va proclamar campiona de l&#8217;Open d&#8217;Austr\u00e0lia en dobles i va repetir a Roland Garros un any despr\u00e9s. El 2022 va aixecar el t\u00edtol de l&#8217;US Open, aquesta vegada en la modalitat individual.  <\/p>\n\n<p><strong>Daniel Rinc\u00f3n<\/strong> , flamant <a href=\"https:\/\/rafanadalopen.com\/\">campi\u00f3 del Rafa Nadal Open by Movistar 2025<\/a> , va ser el primer a al\u00e7ar-se amb un Grand Slam j\u00fanior individual en imposar-se a l&#8217;US <strong>Open<\/strong> 2021. Despr\u00e9s van arribar <strong>Mart\u00edn Landaluce<\/strong> (US Open 2022), <strong>Alina Korneeva<\/strong> (Australian OpenWi2 i US Open 2025), consolidant el cam\u00ed de l&#8217;\u00e8xit. <\/p>\n\n<p>En dobles, <strong>Coleman Wong<\/strong> (US Open 2021 i Australian Open 2022), <strong>Yaroslav Demin (<\/strong> Roland Garros 2023) i <strong>Max Exsted<\/strong> (Australian Open 2025) completen el brillant palmar\u00e8s de jugadors de la Rafa Nadal Academy campions de Grand Slam.<\/p>\n\n<p>Uns resultats que confirmen que l&#8217;excel\u00b7l\u00e8ncia acad\u00e8mica i esportiva de la nostra Acad\u00e8mia \u00e9s a l&#8217;al\u00e7ada del llegat del mateix Rafa Nadal.<\/p>\n\n<iframe loading=\"lazy\" title=\"vimeo-player\" src=\"https:\/\/player.vimeo.com\/video\/1044928012?h=e90340e1e0\" width=\"640\" height=\"360\" frameborder=\"0\" referrerpolicy=\"strict-origin-when-cross-origin\" allow=\"autoplay; fullscreen; picture-in-picture; clipboard-write; encrypted-media; web-share\" allowfullscreen=\"\"><\/iframe>\n\n<div style=\"height:50px\" aria-hidden=\"true\" class=\"wp-block-spacer\"><\/div>\n\n<p class=\"has-text-align-center\"><u><strong>PALMAR\u00c8S DE GRAND SLAM J\u00daNIOR GUANYATS PELS JUGADORS DE LA RAFA NADAL ACADEMY by MOVISTAR<\/strong><\/u><\/p>\n\n<p><strong>Alex Eala<\/strong><\/p>\n\n<ul class=\"wp-block-list\">\n<li>2020 \u2013 Australian Open j\u00fanior \u2013 dobles<\/li>\n\n\n\n<li>2021 \u2013 Roland Garros j\u00fanior \u2013 dobles<\/li>\n\n\n\n<li>2022 \u2013 US Open j\u00fanior \u2013 individual<\/li>\n<\/ul>\n\n<p><strong>Alina Korneeva<\/strong><\/p>\n\n<ul class=\"wp-block-list\">\n<li>2023 \u2013 Australian Open j\u00fanior \u2013 individual<\/li>\n\n\n\n<li>2023 \u2013 Roland Garros j\u00fanior \u2013 individual<\/li>\n<\/ul>\n\n<p><strong>Ivan Ivanov<\/strong><\/p>\n\n<ul class=\"wp-block-list\">\n<li>2025 \u2013 Wimbledon j\u00fanior \u2013 individual<\/li>\n\n\n\n<li>2025 \u2013 US Open j\u00fanior \u2013 individual<\/li>\n<\/ul>\n\n<p><strong>Coleman Wong<\/strong><\/p>\n\n<ul class=\"wp-block-list\">\n<li>2021 \u2013 US Open j\u00fanior \u2013 dobles<\/li>\n\n\n\n<li>2022 \u2013 Australian Open j\u00fanior \u2013 dobles<\/li>\n<\/ul>\n\n<p><strong>Daniel Rinc\u00f3n<\/strong><\/p>\n\n<ul class=\"wp-block-list\">\n<li>2021 \u2013 US Open j\u00fanior \u2013 individual<\/li>\n<\/ul>\n\n<p><strong>Mart\u00edn Landaluce<\/strong><\/p>\n\n<ul class=\"wp-block-list\">\n<li>2022 \u2013 US Open j\u00fanior \u2013 individual<\/li>\n<\/ul>\n\n<p><strong>  Yaroslav Demin<\/strong><\/p>\n\n<ul class=\"wp-block-list\">\n<li>2023 \u2013 Roland Garros j\u00fanior \u2013 dobles<\/li>\n<\/ul>\n\n<p><strong>Max Exsted<\/strong><\/p>\n\n<ul class=\"wp-block-list\">\n<li>2025 \u2013 Australian Open j\u00fanior \u2013 dobles<\/li>\n<\/ul>\n","protected":false},"excerpt":{"rendered":"<p>Alex Eala, Daniel Rinc\u00f3n, Coleman Wong, Mart\u00edn Landaluce, Alina Korneeva, Yaroslav Demin, Max Exsted i Ivan Ivanov. Tots ells s\u00f3n jugadors formats a la Rafa Nadal Academy i ja compten al seu palmar\u00e8s amb algun dels quatre Grand Slam en categoria j\u00fanior . L&#8217;excel\u00b7l\u00e8ncia del Programa Anual de la Rafa Nadal Academy \u2013que combina formaci\u00f3<a href=\"https:\/\/www.rafanadalacademy.com\/ca\/rafa-nadal-academy-by-movistar-ca\/la-rafa-nadal-academy-by-movistar-bressol-de-campions-de-grand-slam-junior\/\">Continue reading <span class=\"sr-only\">&#8220;La Rafa Nadal Academy, bressol de campions de Grand Slam J\u00fanior&#8221;<\/span><\/a><\/p>\n","protected":false},"author":23,"featured_media":28819,"comment_status":"closed","ping_status":"closed","sticky":false,"template":"","format":"standard","meta":{"_acf_changed":false,"footnotes":""},"categories":[157,209],"tags":[210],"class_list":["post-31993","post","type-post","status-publish","format-standard","has-post-thumbnail","hentry","category-noticies","category-rafa-nadal-academy-by-movistar-ca","tag-rafa-nadal-academy-by-movistar-ca"],"acf":[],"yoast_head":"<!-- This site is optimized with the Yoast SEO Premium plugin v26.8 (Yoast SEO v26.9) - https:\/\/yoast.com\/product\/yoast-seo-premium-wordpress\/ -->\n<title>La Rafa Nadal Academy, bressol de campions de Grand Slam J\u00fanior - Rafa Nadal Academy<\/title>\n<meta name=\"description\" content=\"Alex Eala, Daniel Rinc\u00f3n, Coleman Wong, Mart\u00edn Landaluce, Alina Korneeva, Yaroslav Demin, Max Exsted i Ivan Ivanov. Tots ells s\u00f3n jugadors formats a la Rafa Nadal Academy i ja compten al seu palmar\u00e8s amb algun dels quatre Grand Slam en categoria j\u00fanior.\" \/>\n<meta name=\"robots\" content=\"index, follow, max-snippet:-1, max-image-preview:large, max-video-preview:-1\" \/>\n<link rel=\"canonical\" href=\"https:\/\/www.rafanadalacademy.com\/ca\/rafa-nadal-academy-by-movistar-ca\/la-rafa-nadal-academy-by-movistar-bressol-de-campions-de-grand-slam-junior\/\" \/>\n<meta property=\"og:locale\" content=\"ca_ES\" \/>\n<meta property=\"og:type\" content=\"article\" \/>\n<meta property=\"og:title\" content=\"La Rafa Nadal Academy, bressol de campions de Grand Slam J\u00fanior\" \/>\n<meta property=\"og:description\" content=\"Alex Eala, Daniel Rinc\u00f3n, Coleman Wong, Mart\u00edn Landaluce, Alina Korneeva, Yaroslav Demin, Max Exsted i Ivan Ivanov. Tots ells s\u00f3n jugadors formats a la Rafa Nadal Academy i ja compten al seu palmar\u00e8s amb algun dels quatre Grand Slam en categoria j\u00fanior.\" \/>\n<meta property=\"og:url\" content=\"https:\/\/www.rafanadalacademy.com\/ca\/rafa-nadal-academy-by-movistar-ca\/la-rafa-nadal-academy-by-movistar-bressol-de-campions-de-grand-slam-junior\/\" \/>\n<meta property=\"og:site_name\" content=\"Rafa Nadal Academy\" \/>\n<meta property=\"article:published_time\" content=\"2025-09-11T13:44:23+00:00\" \/>\n<meta property=\"article:modified_time\" content=\"2025-10-16T08:32:19+00:00\" \/>\n<meta property=\"og:image\" content=\"https:\/\/www.rafanadalacademy.com\/wp-content\/uploads\/2025\/07\/2224899548-scaled-e1752482470706.jpg\" \/>\n\t<meta property=\"og:image:width\" content=\"2560\" \/>\n\t<meta property=\"og:image:height\" content=\"1720\" \/>\n\t<meta property=\"og:image:type\" content=\"image\/jpeg\" \/>\n<meta name=\"author\" content=\"joseluisprados\" \/>\n<meta name=\"twitter:card\" content=\"summary_large_image\" \/>\n<meta name=\"twitter:label1\" content=\"Written by\" \/>\n\t<meta name=\"twitter:data1\" content=\"joseluisprados\" \/>\n\t<meta name=\"twitter:label2\" content=\"Est. reading time\" \/>\n\t<meta name=\"twitter:data2\" content=\"2 minutes\" \/>\n<script type=\"application\/ld+json\" class=\"yoast-schema-graph\">{\"@context\":\"https:\/\/schema.org\",\"@graph\":[{\"@type\":\"Article\",\"@id\":\"https:\/\/www.rafanadalacademy.com\/ca\/rafa-nadal-academy-by-movistar-ca\/la-rafa-nadal-academy-by-movistar-bressol-de-campions-de-grand-slam-junior\/#article\",\"isPartOf\":{\"@id\":\"https:\/\/www.rafanadalacademy.com\/ca\/rafa-nadal-academy-by-movistar-ca\/la-rafa-nadal-academy-by-movistar-bressol-de-campions-de-grand-slam-junior\/\"},\"author\":{\"name\":\"joseluisprados\",\"@id\":\"https:\/\/www.rafanadalacademy.com\/ca\/#\/schema\/person\/744897d6ee269641fff954376180ef01\"},\"headline\":\"La Rafa Nadal Academy, bressol de campions de Grand Slam J\u00fanior\",\"datePublished\":\"2025-09-11T13:44:23+00:00\",\"dateModified\":\"2025-10-16T08:32:19+00:00\",\"mainEntityOfPage\":{\"@id\":\"https:\/\/www.rafanadalacademy.com\/ca\/rafa-nadal-academy-by-movistar-ca\/la-rafa-nadal-academy-by-movistar-bressol-de-campions-de-grand-slam-junior\/\"},\"wordCount\":420,\"image\":{\"@id\":\"https:\/\/www.rafanadalacademy.com\/ca\/rafa-nadal-academy-by-movistar-ca\/la-rafa-nadal-academy-by-movistar-bressol-de-campions-de-grand-slam-junior\/#primaryimage\"},\"thumbnailUrl\":\"https:\/\/www.rafanadalacademy.com\/wp-content\/uploads\/2025\/07\/2224899548-scaled-e1752482470706.jpg\",\"keywords\":[\"RAFA NADAL ACADEMY BY MOVISTAR\"],\"articleSection\":[\"Not\u00edcies\",\"RAFA NADAL ACADEMY BY MOVISTAR\"],\"inLanguage\":\"ca\",\"copyrightYear\":\"2025\",\"copyrightHolder\":{\"@id\":\"https:\/\/www.rafanadalacademy.com\/#organization\"}},{\"@type\":\"WebPage\",\"@id\":\"https:\/\/www.rafanadalacademy.com\/ca\/rafa-nadal-academy-by-movistar-ca\/la-rafa-nadal-academy-by-movistar-bressol-de-campions-de-grand-slam-junior\/\",\"url\":\"https:\/\/www.rafanadalacademy.com\/ca\/rafa-nadal-academy-by-movistar-ca\/la-rafa-nadal-academy-by-movistar-bressol-de-campions-de-grand-slam-junior\/\",\"name\":\"La Rafa Nadal Academy, bressol de campions de Grand Slam J\u00fanior - Rafa Nadal Academy\",\"isPartOf\":{\"@id\":\"https:\/\/www.rafanadalacademy.com\/ca\/#website\"},\"primaryImageOfPage\":{\"@id\":\"https:\/\/www.rafanadalacademy.com\/ca\/rafa-nadal-academy-by-movistar-ca\/la-rafa-nadal-academy-by-movistar-bressol-de-campions-de-grand-slam-junior\/#primaryimage\"},\"image\":{\"@id\":\"https:\/\/www.rafanadalacademy.com\/ca\/rafa-nadal-academy-by-movistar-ca\/la-rafa-nadal-academy-by-movistar-bressol-de-campions-de-grand-slam-junior\/#primaryimage\"},\"thumbnailUrl\":\"https:\/\/www.rafanadalacademy.com\/wp-content\/uploads\/2025\/07\/2224899548-scaled-e1752482470706.jpg\",\"datePublished\":\"2025-09-11T13:44:23+00:00\",\"dateModified\":\"2025-10-16T08:32:19+00:00\",\"author\":{\"@id\":\"https:\/\/www.rafanadalacademy.com\/ca\/#\/schema\/person\/744897d6ee269641fff954376180ef01\"},\"description\":\"Alex Eala, Daniel Rinc\u00f3n, Coleman Wong, Mart\u00edn Landaluce, Alina Korneeva, Yaroslav Demin, Max Exsted i Ivan Ivanov. Tots ells s\u00f3n jugadors formats a la Rafa Nadal Academy i ja compten al seu palmar\u00e8s amb algun dels quatre Grand Slam en categoria j\u00fanior.\",\"breadcrumb\":{\"@id\":\"https:\/\/www.rafanadalacademy.com\/ca\/rafa-nadal-academy-by-movistar-ca\/la-rafa-nadal-academy-by-movistar-bressol-de-campions-de-grand-slam-junior\/#breadcrumb\"},\"inLanguage\":\"ca\",\"potentialAction\":[{\"@type\":\"ReadAction\",\"target\":[\"https:\/\/www.rafanadalacademy.com\/ca\/rafa-nadal-academy-by-movistar-ca\/la-rafa-nadal-academy-by-movistar-bressol-de-campions-de-grand-slam-junior\/\"]}]},{\"@type\":\"ImageObject\",\"inLanguage\":\"ca\",\"@id\":\"https:\/\/www.rafanadalacademy.com\/ca\/rafa-nadal-academy-by-movistar-ca\/la-rafa-nadal-academy-by-movistar-bressol-de-campions-de-grand-slam-junior\/#primaryimage\",\"url\":\"https:\/\/www.rafanadalacademy.com\/wp-content\/uploads\/2025\/07\/2224899548-scaled-e1752482470706.jpg\",\"contentUrl\":\"https:\/\/www.rafanadalacademy.com\/wp-content\/uploads\/2025\/07\/2224899548-scaled-e1752482470706.jpg\",\"width\":2560,\"height\":1720,\"caption\":\"LONDON, ENGLAND - JULY 13: Ivan Ivanov of Bulgaria poses with the Boy's Singles Trophy following his victory against Ronit Karki of United States during the Boys Singles Final on day fourteen of The Championships Wimbledon 2025 at All England Lawn Tennis and Croquet Club on July 13, 2025 in London, England. (Photo by Hannah Peters\/Getty Images)\"},{\"@type\":\"BreadcrumbList\",\"@id\":\"https:\/\/www.rafanadalacademy.com\/ca\/rafa-nadal-academy-by-movistar-ca\/la-rafa-nadal-academy-by-movistar-bressol-de-campions-de-grand-slam-junior\/#breadcrumb\",\"itemListElement\":[{\"@type\":\"ListItem\",\"position\":1,\"name\":\"Home\",\"item\":\"https:\/\/www.rafanadalacademy.com\/ca\/\"},{\"@type\":\"ListItem\",\"position\":2,\"name\":\"La Rafa Nadal Academy, bressol de campions de Grand Slam J\u00fanior\"}]},{\"@type\":\"WebSite\",\"@id\":\"https:\/\/www.rafanadalacademy.com\/ca\/#website\",\"url\":\"https:\/\/www.rafanadalacademy.com\/ca\/\",\"name\":\"Rafa Nadal Academy\",\"description\":\"Otro sitio realizado con WordPress\",\"potentialAction\":[{\"@type\":\"SearchAction\",\"target\":{\"@type\":\"EntryPoint\",\"urlTemplate\":\"https:\/\/www.rafanadalacademy.com\/ca\/?s={search_term_string}\"},\"query-input\":{\"@type\":\"PropertyValueSpecification\",\"valueRequired\":true,\"valueName\":\"search_term_string\"}}],\"inLanguage\":\"ca\"},{\"@type\":\"Person\",\"@id\":\"https:\/\/www.rafanadalacademy.com\/ca\/#\/schema\/person\/744897d6ee269641fff954376180ef01\",\"name\":\"joseluisprados\",\"image\":{\"@type\":\"ImageObject\",\"inLanguage\":\"ca\",\"@id\":\"https:\/\/www.rafanadalacademy.com\/ca\/#\/schema\/person\/image\/\",\"url\":\"https:\/\/secure.gravatar.com\/avatar\/8aa823a6e5501864ffab4785d9e2a994b59c2d45c9f9751c5a532abfec081e5f?s=96&d=mm&r=g\",\"contentUrl\":\"https:\/\/secure.gravatar.com\/avatar\/8aa823a6e5501864ffab4785d9e2a994b59c2d45c9f9751c5a532abfec081e5f?s=96&d=mm&r=g\",\"caption\":\"joseluisprados\"},\"url\":\"https:\/\/www.rafanadalacademy.com\/ca\/author\/joseluisprados\/\"},{\"@type\":\"ImageObject\",\"inLanguage\":\"ca\",\"@id\":\"https:\/\/www.rafanadalacademy.com\/ca\/rafa-nadal-academy-by-movistar-ca\/la-rafa-nadal-academy-by-movistar-bressol-de-campions-de-grand-slam-junior\/#local-main-organization-logo\",\"url\":\"\",\"contentUrl\":\"\",\"caption\":\"Rafa Nadal Academy\"}]}<\/script>\n<!-- \/ Yoast SEO Premium plugin. -->","yoast_head_json":{"title":"La Rafa Nadal Academy, bressol de campions de Grand Slam J\u00fanior - Rafa Nadal Academy","description":"Alex Eala, Daniel Rinc\u00f3n, Coleman Wong, Mart\u00edn Landaluce, Alina Korneeva, Yaroslav Demin, Max Exsted i Ivan Ivanov. Tots ells s\u00f3n jugadors formats a la Rafa Nadal Academy i ja compten al seu palmar\u00e8s amb algun dels quatre Grand Slam en categoria j\u00fanior.","robots":{"index":"index","follow":"follow","max-snippet":"max-snippet:-1","max-image-preview":"max-image-preview:large","max-video-preview":"max-video-preview:-1"},"canonical":"https:\/\/www.rafanadalacademy.com\/ca\/rafa-nadal-academy-by-movistar-ca\/la-rafa-nadal-academy-by-movistar-bressol-de-campions-de-grand-slam-junior\/","og_locale":"ca_ES","og_type":"article","og_title":"La Rafa Nadal Academy, bressol de campions de Grand Slam J\u00fanior","og_description":"Alex Eala, Daniel Rinc\u00f3n, Coleman Wong, Mart\u00edn Landaluce, Alina Korneeva, Yaroslav Demin, Max Exsted i Ivan Ivanov. Tots ells s\u00f3n jugadors formats a la Rafa Nadal Academy i ja compten al seu palmar\u00e8s amb algun dels quatre Grand Slam en categoria j\u00fanior.","og_url":"https:\/\/www.rafanadalacademy.com\/ca\/rafa-nadal-academy-by-movistar-ca\/la-rafa-nadal-academy-by-movistar-bressol-de-campions-de-grand-slam-junior\/","og_site_name":"Rafa Nadal Academy","article_published_time":"2025-09-11T13:44:23+00:00","article_modified_time":"2025-10-16T08:32:19+00:00","og_image":[{"width":2560,"height":1720,"url":"https:\/\/www.rafanadalacademy.com\/wp-content\/uploads\/2025\/07\/2224899548-scaled-e1752482470706.jpg","type":"image\/jpeg"}],"author":"joseluisprados","twitter_card":"summary_large_image","twitter_misc":{"Written by":"joseluisprados","Est. reading time":"2 minutes"},"schema":{"@context":"https:\/\/schema.org","@graph":[{"@type":"Article","@id":"https:\/\/www.rafanadalacademy.com\/ca\/rafa-nadal-academy-by-movistar-ca\/la-rafa-nadal-academy-by-movistar-bressol-de-campions-de-grand-slam-junior\/#article","isPartOf":{"@id":"https:\/\/www.rafanadalacademy.com\/ca\/rafa-nadal-academy-by-movistar-ca\/la-rafa-nadal-academy-by-movistar-bressol-de-campions-de-grand-slam-junior\/"},"author":{"name":"joseluisprados","@id":"https:\/\/www.rafanadalacademy.com\/ca\/#\/schema\/person\/744897d6ee269641fff954376180ef01"},"headline":"La Rafa Nadal Academy, bressol de campions de Grand Slam J\u00fanior","datePublished":"2025-09-11T13:44:23+00:00","dateModified":"2025-10-16T08:32:19+00:00","mainEntityOfPage":{"@id":"https:\/\/www.rafanadalacademy.com\/ca\/rafa-nadal-academy-by-movistar-ca\/la-rafa-nadal-academy-by-movistar-bressol-de-campions-de-grand-slam-junior\/"},"wordCount":420,"image":{"@id":"https:\/\/www.rafanadalacademy.com\/ca\/rafa-nadal-academy-by-movistar-ca\/la-rafa-nadal-academy-by-movistar-bressol-de-campions-de-grand-slam-junior\/#primaryimage"},"thumbnailUrl":"https:\/\/www.rafanadalacademy.com\/wp-content\/uploads\/2025\/07\/2224899548-scaled-e1752482470706.jpg","keywords":["RAFA NADAL ACADEMY BY MOVISTAR"],"articleSection":["Not\u00edcies","RAFA NADAL ACADEMY BY MOVISTAR"],"inLanguage":"ca","copyrightYear":"2025","copyrightHolder":{"@id":"https:\/\/www.rafanadalacademy.com\/#organization"}},{"@type":"WebPage","@id":"https:\/\/www.rafanadalacademy.com\/ca\/rafa-nadal-academy-by-movistar-ca\/la-rafa-nadal-academy-by-movistar-bressol-de-campions-de-grand-slam-junior\/","url":"https:\/\/www.rafanadalacademy.com\/ca\/rafa-nadal-academy-by-movistar-ca\/la-rafa-nadal-academy-by-movistar-bressol-de-campions-de-grand-slam-junior\/","name":"La Rafa Nadal Academy, bressol de campions de Grand Slam J\u00fanior - Rafa Nadal Academy","isPartOf":{"@id":"https:\/\/www.rafanadalacademy.com\/ca\/#website"},"primaryImageOfPage":{"@id":"https:\/\/www.rafanadalacademy.com\/ca\/rafa-nadal-academy-by-movistar-ca\/la-rafa-nadal-academy-by-movistar-bressol-de-campions-de-grand-slam-junior\/#primaryimage"},"image":{"@id":"https:\/\/www.rafanadalacademy.com\/ca\/rafa-nadal-academy-by-movistar-ca\/la-rafa-nadal-academy-by-movistar-bressol-de-campions-de-grand-slam-junior\/#primaryimage"},"thumbnailUrl":"https:\/\/www.rafanadalacademy.com\/wp-content\/uploads\/2025\/07\/2224899548-scaled-e1752482470706.jpg","datePublished":"2025-09-11T13:44:23+00:00","dateModified":"2025-10-16T08:32:19+00:00","author":{"@id":"https:\/\/www.rafanadalacademy.com\/ca\/#\/schema\/person\/744897d6ee269641fff954376180ef01"},"description":"Alex Eala, Daniel Rinc\u00f3n, Coleman Wong, Mart\u00edn Landaluce, Alina Korneeva, Yaroslav Demin, Max Exsted i Ivan Ivanov. Tots ells s\u00f3n jugadors formats a la Rafa Nadal Academy i ja compten al seu palmar\u00e8s amb algun dels quatre Grand Slam en categoria j\u00fanior.","breadcrumb":{"@id":"https:\/\/www.rafanadalacademy.com\/ca\/rafa-nadal-academy-by-movistar-ca\/la-rafa-nadal-academy-by-movistar-bressol-de-campions-de-grand-slam-junior\/#breadcrumb"},"inLanguage":"ca","potentialAction":[{"@type":"ReadAction","target":["https:\/\/www.rafanadalacademy.com\/ca\/rafa-nadal-academy-by-movistar-ca\/la-rafa-nadal-academy-by-movistar-bressol-de-campions-de-grand-slam-junior\/"]}]},{"@type":"ImageObject","inLanguage":"ca","@id":"https:\/\/www.rafanadalacademy.com\/ca\/rafa-nadal-academy-by-movistar-ca\/la-rafa-nadal-academy-by-movistar-bressol-de-campions-de-grand-slam-junior\/#primaryimage","url":"https:\/\/www.rafanadalacademy.com\/wp-content\/uploads\/2025\/07\/2224899548-scaled-e1752482470706.jpg","contentUrl":"https:\/\/www.rafanadalacademy.com\/wp-content\/uploads\/2025\/07\/2224899548-scaled-e1752482470706.jpg","width":2560,"height":1720,"caption":"LONDON, ENGLAND - JULY 13: Ivan Ivanov of Bulgaria poses with the Boy's Singles Trophy following his victory against Ronit Karki of United States during the Boys Singles Final on day fourteen of The Championships Wimbledon 2025 at All England Lawn Tennis and Croquet Club on July 13, 2025 in London, England. (Photo by Hannah Peters\/Getty Images)"},{"@type":"BreadcrumbList","@id":"https:\/\/www.rafanadalacademy.com\/ca\/rafa-nadal-academy-by-movistar-ca\/la-rafa-nadal-academy-by-movistar-bressol-de-campions-de-grand-slam-junior\/#breadcrumb","itemListElement":[{"@type":"ListItem","position":1,"name":"Home","item":"https:\/\/www.rafanadalacademy.com\/ca\/"},{"@type":"ListItem","position":2,"name":"La Rafa Nadal Academy, bressol de campions de Grand Slam J\u00fanior"}]},{"@type":"WebSite","@id":"https:\/\/www.rafanadalacademy.com\/ca\/#website","url":"https:\/\/www.rafanadalacademy.com\/ca\/","name":"Rafa Nadal Academy","description":"Otro sitio realizado con WordPress","potentialAction":[{"@type":"SearchAction","target":{"@type":"EntryPoint","urlTemplate":"https:\/\/www.rafanadalacademy.com\/ca\/?s={search_term_string}"},"query-input":{"@type":"PropertyValueSpecification","valueRequired":true,"valueName":"search_term_string"}}],"inLanguage":"ca"},{"@type":"Person","@id":"https:\/\/www.rafanadalacademy.com\/ca\/#\/schema\/person\/744897d6ee269641fff954376180ef01","name":"joseluisprados","image":{"@type":"ImageObject","inLanguage":"ca","@id":"https:\/\/www.rafanadalacademy.com\/ca\/#\/schema\/person\/image\/","url":"https:\/\/secure.gravatar.com\/avatar\/8aa823a6e5501864ffab4785d9e2a994b59c2d45c9f9751c5a532abfec081e5f?s=96&d=mm&r=g","contentUrl":"https:\/\/secure.gravatar.com\/avatar\/8aa823a6e5501864ffab4785d9e2a994b59c2d45c9f9751c5a532abfec081e5f?s=96&d=mm&r=g","caption":"joseluisprados"},"url":"https:\/\/www.rafanadalacademy.com\/ca\/author\/joseluisprados\/"},{"@type":"ImageObject","inLanguage":"ca","@id":"https:\/\/www.rafanadalacademy.com\/ca\/rafa-nadal-academy-by-movistar-ca\/la-rafa-nadal-academy-by-movistar-bressol-de-campions-de-grand-slam-junior\/#local-main-organization-logo","url":"","contentUrl":"","caption":"Rafa Nadal Academy"}]}},"_links":{"self":[{"href":"https:\/\/www.rafanadalacademy.com\/ca\/wp-json\/wp\/v2\/posts\/31993","targetHints":{"allow":["GET"]}}],"collection":[{"href":"https:\/\/www.rafanadalacademy.com\/ca\/wp-json\/wp\/v2\/posts"}],"about":[{"href":"https:\/\/www.rafanadalacademy.com\/ca\/wp-json\/wp\/v2\/types\/post"}],"author":[{"embeddable":true,"href":"https:\/\/www.rafanadalacademy.com\/ca\/wp-json\/wp\/v2\/users\/23"}],"replies":[{"embeddable":true,"href":"https:\/\/www.rafanadalacademy.com\/ca\/wp-json\/wp\/v2\/comments?post=31993"}],"version-history":[{"count":3,"href":"https:\/\/www.rafanadalacademy.com\/ca\/wp-json\/wp\/v2\/posts\/31993\/revisions"}],"predecessor-version":[{"id":32001,"href":"https:\/\/www.rafanadalacademy.com\/ca\/wp-json\/wp\/v2\/posts\/31993\/revisions\/32001"}],"wp:featuredmedia":[{"embeddable":true,"href":"https:\/\/www.rafanadalacademy.com\/ca\/wp-json\/wp\/v2\/media\/28819"}],"wp:attachment":[{"href":"https:\/\/www.rafanadalacademy.com\/ca\/wp-json\/wp\/v2\/media?parent=31993"}],"wp:term":[{"taxonomy":"category","embeddable":true,"href":"https:\/\/www.rafanadalacademy.com\/ca\/wp-json\/wp\/v2\/categories?post=31993"},{"taxonomy":"post_tag","embeddable":true,"href":"https:\/\/www.rafanadalacademy.com\/ca\/wp-json\/wp\/v2\/tags?post=31993"}],"curies":[{"name":"wp","href":"https:\/\/api.w.org\/{rel}","templated":true}]}}