{"id":31845,"date":"2025-09-08T11:14:45","date_gmt":"2025-09-08T11:14:45","guid":{"rendered":"https:\/\/www.rafanadalacademy.com\/sin-categorizar\/lus-open-2025-un-grand-slam-historic-per-a-la-rafa-nadal-academy-by-movistar\/"},"modified":"2025-09-08T11:19:24","modified_gmt":"2025-09-08T11:19:24","slug":"lus-open-2025-un-grand-slam-historic-per-a-la-rafa-nadal-academy-by-movistar","status":"publish","type":"post","link":"https:\/\/www.rafanadalacademy.com\/ca\/rafa-nadal-academy-by-movistar-ca\/lus-open-2025-un-grand-slam-historic-per-a-la-rafa-nadal-academy-by-movistar\/","title":{"rendered":"L&#8217;US Open 2025, un Grand Slam hist\u00f2ric per a la Rafa Nadal Academy"},"content":{"rendered":"\n<p>L&#8217;US Open 2025 ja forma part de la hist\u00f2ria de la R <strong>afa Nadal Academy by Movistar<\/strong> . Cinc dels nostres jugadors han brillat amb llum pr\u00f2pia al Grand Slam amb qu\u00e8 es va abaixar el tel\u00f3 dels majors aquesta temporada. <\/p>\n\n<figure class=\"wp-block-image size-large\"><img loading=\"lazy\" decoding=\"async\" width=\"1024\" height=\"683\" src=\"https:\/\/www.rafanadalacademy.com\/wp-content\/uploads\/2025\/09\/2233578364-1024x683.jpg\" alt=\"\" class=\"wp-image-31836\" srcset=\"https:\/\/www.rafanadalacademy.com\/wp-content\/uploads\/2025\/09\/2233578364-1024x683.jpg 1024w, https:\/\/www.rafanadalacademy.com\/wp-content\/uploads\/2025\/09\/2233578364-300x200.jpg 300w, https:\/\/www.rafanadalacademy.com\/wp-content\/uploads\/2025\/09\/2233578364-768x512.jpg 768w, https:\/\/www.rafanadalacademy.com\/wp-content\/uploads\/2025\/09\/2233578364-1536x1024.jpg 1536w, https:\/\/www.rafanadalacademy.com\/wp-content\/uploads\/2025\/09\/2233578364-2048x1366.jpg 2048w\" sizes=\"auto, (max-width: 1024px) 100vw, 1024px\" \/><figcaption class=\"wp-element-caption\">Jaume Munar, a l&#8217;US Open 2025 (Photo by Matthew Stockman\/Getty Images)<\/figcaption><\/figure>\n\n<div style=\"height:50px\" aria-hidden=\"true\" class=\"wp-block-spacer\"><\/div>\n\n<p>El primer \u00e9s <strong>Jaume Munar<\/strong> , que se&#8217;n va de Flushing Meadows despr\u00e9s d&#8217;assolir <strong>per primera vegada els vuitens de final d&#8217;un Grand Slam<\/strong> , cosa que li permet superar el millor resultat en un gran que va aconseguir aquest any a Wimbledon (tercera ronda). Munar, que entrena a la Rafa Nadal Academy des del 2017, a m\u00e9s aconsegueix amb aquest resultat la millor classificaci\u00f3 ATP de la seva vida, en pujar al lloc 37\u00e8 del r\u00e0nquing. <\/p>\n\n<p>Munar es va imposar a primera ronda al portugu\u00e8s Jaime Faria (6-0, 6-3, 5-7 i 6-2), a segona al canadenc Gabriel Diallo (31) per 7-6, 6-3 i 7-5, i al belga Zizou Bergs tamb\u00e9 en tres sets (6-1, 6-4 i 6-. El jugador balear va caure davant del cap de s\u00e8rie n\u00famero 10 del torneig, l&#8217;itali\u00e0 Lorenzo Musetti (6-3, 6-0 i 6-1). <\/p>\n\n<p>Tamb\u00e9 al quadre mascul\u00ed, <strong>Coleman Wong<\/strong> en va tenir prou amb la seva <strong>primera pres\u00e8ncia al quadre final d&#8217;un Grand Slam<\/strong> per aconseguir les seves <strong>primeres vict\u00f2ries.<\/strong> Wong va derrotar el nord-americ\u00e0 Aleksandar Kovacevic per 6-4, 7-5 i 7-6(4) i l&#8217;australi\u00e0 Adam Walton (7-6, 6-2, 4-6 i 6-4), donant-li a Hong Kong les seves primeres vict\u00f2ries en un gran.<\/p>\n\n<figure class=\"wp-block-embed is-type-rich is-provider-twitter wp-block-embed-twitter\"><div class=\"wp-block-embed__wrapper\">\n<blockquote class=\"twitter-tweet\" data-width=\"500\" data-dnt=\"true\"><p lang=\"en\" dir=\"ltr\">(\ud835\ude3f\ud835\ude64\ud835\ude6a\ud835\ude57\ud835\ude61\ud835\ude5a) history for Hong Kong! \ud83c\udded\ud83c\uddf0<br><br>\ud835\ude43\ud835\ude5a\u2019\ud835\ude68 \ud835\ude59\ud835\ude64\ud835\ude63\ud835\ude5a \ud835\ude5e\ud835\ude69 \ud835\ude56\ud835\ude5c\ud835\ude56\ud835\ude5e\ud835\ude63\ud83d\udca5<br><br>Coleman Wong defeats Adam Walton to reach the <a href=\"https:\/\/twitter.com\/hashtag\/USOpen?src=hash&amp;ref_src=twsrc%5Etfw\">#USOpen<\/a> 3rd\u00a0round.\u00a0VAMOS! <a href=\"https:\/\/t.co\/LBlevC2QEV\">https:\/\/t.co\/LBlevC2QEV<\/a><\/p>&mdash; Rafa Nadal Academy (@rnadalacademy) <a href=\"https:\/\/twitter.com\/rnadalacademy\/status\/1961137601953296460?ref_src=twsrc%5Etfw\">August 28, 2025<\/a><\/blockquote><script async src=\"https:\/\/platform.twitter.com\/widgets.js\" charset=\"utf-8\"><\/script>\n<\/div><\/figure>\n\n<p>Tamb\u00e9 va estrenar per al seu pa\u00eds el seu caseller de triomfs en un Grand Slam la filipina <strong>Alex Eala<\/strong> . Als seus 20 anys, Eala va derrotar la danesa Clara Tauson (6-3, 2-6 i 7-6). La guanyadora de l&#8217;US Open j\u00fanior del 2022 i integrant de la Rafa Nadal Academy des del 2018, va poder assaborir la seva primera vict\u00f2ria en un partit del quadre final d&#8217;un Grand Slam despr\u00e9s d&#8217;intentar-ho en dues ocasions aquest any a Wimbledon i Roland Garros.  <\/p>\n\n<figure class=\"wp-block-embed is-type-rich is-provider-twitter wp-block-embed-twitter\"><div class=\"wp-block-embed__wrapper\">\n<blockquote class=\"twitter-tweet\" data-width=\"500\" data-dnt=\"true\"><p lang=\"en\" dir=\"ltr\">Memories to last a lifetime! <br><br>\ud83d\udcf8 Historic moments from Alex Eala \ud83c\uddf5\ud83c\udded at the <a href=\"https:\/\/twitter.com\/hashtag\/USOpen2025?src=hash&amp;ref_src=twsrc%5Etfw\">#USOpen2025<\/a><br><br>We\u2019ll never forget! \ud835\ude51\ud835\ude3c\ud835\ude48\ud835\ude4a\ud835\ude4e\u203c\ufe0f<\/p>&mdash; Rafa Nadal Academy (@rnadalacademy) <a href=\"https:\/\/twitter.com\/rnadalacademy\/status\/1960969511948931539?ref_src=twsrc%5Etfw\">August 28, 2025<\/a><\/blockquote><script async src=\"https:\/\/platform.twitter.com\/widgets.js\" charset=\"utf-8\"><\/script>\n<\/div><\/figure>\n\n<p>Per\u00f2 els \u00e8xits per a la Rafa Nadal Academy a l&#8217;US Open no acaben aqu\u00ed. Al quadre de dobles, <strong>Max Exsted<\/strong> tamb\u00e9 va aconseguir una espectacular vict\u00f2ria al quadre principal formant parella amb Cooper Woestendick, just abans de disputar el torneig j\u00fanior. <\/p>\n\n<p>Finalment, Ivan Ivanov va aconseguir el segon Grand Slam de la seva carrera despr\u00e9s de guanyar l&#8217; <strong>US Open Junior<\/strong> i ho va fer nom\u00e9s unes setmanes despr\u00e9s de conquerir el t\u00edtol de Wimbledon.<\/p>\n\n<figure class=\"wp-block-image aligncenter size-large is-resized\"><img loading=\"lazy\" decoding=\"async\" width=\"683\" height=\"1024\" src=\"https:\/\/www.rafanadalacademy.com\/wp-content\/uploads\/2025\/09\/IMG_2151-683x1024.jpg\" alt=\"\" class=\"wp-image-31818\" style=\"width:380px;height:auto\" srcset=\"https:\/\/www.rafanadalacademy.com\/wp-content\/uploads\/2025\/09\/IMG_2151-683x1024.jpg 683w, https:\/\/www.rafanadalacademy.com\/wp-content\/uploads\/2025\/09\/IMG_2151-200x300.jpg 200w, https:\/\/www.rafanadalacademy.com\/wp-content\/uploads\/2025\/09\/IMG_2151-768x1152.jpg 768w, https:\/\/www.rafanadalacademy.com\/wp-content\/uploads\/2025\/09\/IMG_2151-1024x1536.jpg 1024w, https:\/\/www.rafanadalacademy.com\/wp-content\/uploads\/2025\/09\/IMG_2151.jpg 1365w\" sizes=\"auto, (max-width: 683px) 100vw, 683px\" \/><\/figure>\n\n<div style=\"height:50px\" aria-hidden=\"true\" class=\"wp-block-spacer\"><\/div>\n\n<p>El tennista b\u00falgar de 16 anys va derrotar a la final el seu compatriota Alexander Vasilev per 7-5 i 6-3, un triomf que el consolida com a <strong>N\u00ba1 del r\u00e0nquing<\/strong> . Ivanov, a m\u00e9s, es converteix en el tercer tennista que en aquest segle guanya en una mateixa temporada Wimbledon i US Open despr\u00e9s de Grigor Dimitrov i Filip Peliwo. <\/p>\n\n<p>La vict\u00f2ria d&#8217;Ivanov permet a la <strong>Rafa Nadal Academy<\/strong> augmentar el palmar\u00e8s de t\u00edtols de Grand Slam Junior aconseguits pels seus jugadors. Ja s\u00f3n <strong>13 els triomfs totals<\/strong> . <\/p>\n\n<p><\/p>\n","protected":false},"excerpt":{"rendered":"<p>L&#8217;US Open 2025 ja forma part de la hist\u00f2ria de la R afa Nadal Academy by Movistar . Cinc dels nostres jugadors han brillat amb llum pr\u00f2pia al Grand Slam amb qu\u00e8 es va abaixar el tel\u00f3 dels majors aquesta temporada. El primer \u00e9s Jaume Munar , que se&#8217;n va de Flushing Meadows despr\u00e9s d&#8217;assolir<a href=\"https:\/\/www.rafanadalacademy.com\/ca\/rafa-nadal-academy-by-movistar-ca\/lus-open-2025-un-grand-slam-historic-per-a-la-rafa-nadal-academy-by-movistar\/\">Continue reading <span class=\"sr-only\">&#8220;L&#8217;US Open 2025, un Grand Slam hist\u00f2ric per a la Rafa Nadal Academy&#8221;<\/span><\/a><\/p>\n","protected":false},"author":23,"featured_media":31828,"comment_status":"closed","ping_status":"closed","sticky":false,"template":"","format":"standard","meta":{"_acf_changed":false,"footnotes":""},"categories":[157,209],"tags":[210],"class_list":["post-31845","post","type-post","status-publish","format-standard","has-post-thumbnail","hentry","category-noticies","category-rafa-nadal-academy-by-movistar-ca","tag-rafa-nadal-academy-by-movistar-ca"],"acf":[],"yoast_head":"<!-- This site is optimized with the Yoast SEO Premium plugin v26.8 (Yoast SEO v26.9) - https:\/\/yoast.com\/product\/yoast-seo-premium-wordpress\/ -->\n<title>L&#039;US Open 2025, un Grand Slam hist\u00f2ric per a la Rafa Nadal Academy - Rafa Nadal Academy<\/title>\n<meta name=\"description\" content=\"L&#039;US Open 2025 ja forma part de la hist\u00f2ria de la Rafa Nadal Academy. Cinc dels nostres jugadors han brillat amb llum pr\u00f2pia al Grand Slam amb qu\u00e8 es baixa el tel\u00f3 dels majors aquesta temporada: Jaume Munar, Coleman Wong, Alex Eala, Max Exsted i Ivan Ivanov.\" \/>\n<meta name=\"robots\" content=\"index, follow, max-snippet:-1, max-image-preview:large, max-video-preview:-1\" \/>\n<link rel=\"canonical\" href=\"https:\/\/www.rafanadalacademy.com\/ca\/rafa-nadal-academy-by-movistar-ca\/lus-open-2025-un-grand-slam-historic-per-a-la-rafa-nadal-academy-by-movistar\/\" \/>\n<meta property=\"og:locale\" content=\"ca_ES\" \/>\n<meta property=\"og:type\" content=\"article\" \/>\n<meta property=\"og:title\" content=\"L&#039;US Open 2025, un Grand Slam hist\u00f2ric per a la Rafa Nadal Academy\" \/>\n<meta property=\"og:description\" content=\"L&#039;US Open 2025 ja forma part de la hist\u00f2ria de la Rafa Nadal Academy. Cinc dels nostres jugadors han brillat amb llum pr\u00f2pia al Grand Slam amb qu\u00e8 es baixa el tel\u00f3 dels majors aquesta temporada: Jaume Munar, Coleman Wong, Alex Eala, Max Exsted i Ivan Ivanov.\" \/>\n<meta property=\"og:url\" content=\"https:\/\/www.rafanadalacademy.com\/ca\/rafa-nadal-academy-by-movistar-ca\/lus-open-2025-un-grand-slam-historic-per-a-la-rafa-nadal-academy-by-movistar\/\" \/>\n<meta property=\"og:site_name\" content=\"Rafa Nadal Academy\" \/>\n<meta property=\"article:published_time\" content=\"2025-09-08T11:14:45+00:00\" \/>\n<meta property=\"article:modified_time\" content=\"2025-09-08T11:19:24+00:00\" \/>\n<meta property=\"og:image\" content=\"https:\/\/www.rafanadalacademy.com\/wp-content\/uploads\/2025\/09\/2232600973-scaled-e1757330129155.jpg\" \/>\n\t<meta property=\"og:image:width\" content=\"2560\" \/>\n\t<meta property=\"og:image:height\" content=\"1707\" \/>\n\t<meta property=\"og:image:type\" content=\"image\/jpeg\" \/>\n<meta name=\"author\" content=\"joseluisprados\" \/>\n<meta name=\"twitter:card\" content=\"summary_large_image\" \/>\n<meta name=\"twitter:label1\" content=\"Written by\" \/>\n\t<meta name=\"twitter:data1\" content=\"joseluisprados\" \/>\n\t<meta name=\"twitter:label2\" content=\"Est. reading time\" \/>\n\t<meta name=\"twitter:data2\" content=\"3 minutes\" \/>\n<script type=\"application\/ld+json\" class=\"yoast-schema-graph\">{\"@context\":\"https:\/\/schema.org\",\"@graph\":[{\"@type\":\"Article\",\"@id\":\"https:\/\/www.rafanadalacademy.com\/ca\/rafa-nadal-academy-by-movistar-ca\/lus-open-2025-un-grand-slam-historic-per-a-la-rafa-nadal-academy-by-movistar\/#article\",\"isPartOf\":{\"@id\":\"https:\/\/www.rafanadalacademy.com\/ca\/rafa-nadal-academy-by-movistar-ca\/lus-open-2025-un-grand-slam-historic-per-a-la-rafa-nadal-academy-by-movistar\/\"},\"author\":{\"name\":\"joseluisprados\",\"@id\":\"https:\/\/www.rafanadalacademy.com\/ca\/#\/schema\/person\/744897d6ee269641fff954376180ef01\"},\"headline\":\"L&#8217;US Open 2025, un Grand Slam hist\u00f2ric per a la Rafa Nadal Academy\",\"datePublished\":\"2025-09-08T11:14:45+00:00\",\"dateModified\":\"2025-09-08T11:19:24+00:00\",\"mainEntityOfPage\":{\"@id\":\"https:\/\/www.rafanadalacademy.com\/ca\/rafa-nadal-academy-by-movistar-ca\/lus-open-2025-un-grand-slam-historic-per-a-la-rafa-nadal-academy-by-movistar\/\"},\"wordCount\":547,\"image\":{\"@id\":\"https:\/\/www.rafanadalacademy.com\/ca\/rafa-nadal-academy-by-movistar-ca\/lus-open-2025-un-grand-slam-historic-per-a-la-rafa-nadal-academy-by-movistar\/#primaryimage\"},\"thumbnailUrl\":\"https:\/\/www.rafanadalacademy.com\/wp-content\/uploads\/2025\/09\/2232600973-scaled-e1757419363433.jpg\",\"keywords\":[\"RAFA NADAL ACADEMY BY MOVISTAR\"],\"articleSection\":[\"Not\u00edcies\",\"RAFA NADAL ACADEMY BY MOVISTAR\"],\"inLanguage\":\"ca\",\"copyrightYear\":\"2025\",\"copyrightHolder\":{\"@id\":\"https:\/\/www.rafanadalacademy.com\/#organization\"}},{\"@type\":\"WebPage\",\"@id\":\"https:\/\/www.rafanadalacademy.com\/ca\/rafa-nadal-academy-by-movistar-ca\/lus-open-2025-un-grand-slam-historic-per-a-la-rafa-nadal-academy-by-movistar\/\",\"url\":\"https:\/\/www.rafanadalacademy.com\/ca\/rafa-nadal-academy-by-movistar-ca\/lus-open-2025-un-grand-slam-historic-per-a-la-rafa-nadal-academy-by-movistar\/\",\"name\":\"L'US Open 2025, un Grand Slam hist\u00f2ric per a la Rafa Nadal Academy - Rafa Nadal Academy\",\"isPartOf\":{\"@id\":\"https:\/\/www.rafanadalacademy.com\/ca\/#website\"},\"primaryImageOfPage\":{\"@id\":\"https:\/\/www.rafanadalacademy.com\/ca\/rafa-nadal-academy-by-movistar-ca\/lus-open-2025-un-grand-slam-historic-per-a-la-rafa-nadal-academy-by-movistar\/#primaryimage\"},\"image\":{\"@id\":\"https:\/\/www.rafanadalacademy.com\/ca\/rafa-nadal-academy-by-movistar-ca\/lus-open-2025-un-grand-slam-historic-per-a-la-rafa-nadal-academy-by-movistar\/#primaryimage\"},\"thumbnailUrl\":\"https:\/\/www.rafanadalacademy.com\/wp-content\/uploads\/2025\/09\/2232600973-scaled-e1757419363433.jpg\",\"datePublished\":\"2025-09-08T11:14:45+00:00\",\"dateModified\":\"2025-09-08T11:19:24+00:00\",\"author\":{\"@id\":\"https:\/\/www.rafanadalacademy.com\/ca\/#\/schema\/person\/744897d6ee269641fff954376180ef01\"},\"description\":\"L'US Open 2025 ja forma part de la hist\u00f2ria de la Rafa Nadal Academy. Cinc dels nostres jugadors han brillat amb llum pr\u00f2pia al Grand Slam amb qu\u00e8 es baixa el tel\u00f3 dels majors aquesta temporada: Jaume Munar, Coleman Wong, Alex Eala, Max Exsted i Ivan Ivanov.\",\"breadcrumb\":{\"@id\":\"https:\/\/www.rafanadalacademy.com\/ca\/rafa-nadal-academy-by-movistar-ca\/lus-open-2025-un-grand-slam-historic-per-a-la-rafa-nadal-academy-by-movistar\/#breadcrumb\"},\"inLanguage\":\"ca\",\"potentialAction\":[{\"@type\":\"ReadAction\",\"target\":[\"https:\/\/www.rafanadalacademy.com\/ca\/rafa-nadal-academy-by-movistar-ca\/lus-open-2025-un-grand-slam-historic-per-a-la-rafa-nadal-academy-by-movistar\/\"]}]},{\"@type\":\"ImageObject\",\"inLanguage\":\"ca\",\"@id\":\"https:\/\/www.rafanadalacademy.com\/ca\/rafa-nadal-academy-by-movistar-ca\/lus-open-2025-un-grand-slam-historic-per-a-la-rafa-nadal-academy-by-movistar\/#primaryimage\",\"url\":\"https:\/\/www.rafanadalacademy.com\/wp-content\/uploads\/2025\/09\/2232600973-scaled-e1757419363433.jpg\",\"contentUrl\":\"https:\/\/www.rafanadalacademy.com\/wp-content\/uploads\/2025\/09\/2232600973-scaled-e1757419363433.jpg\",\"width\":2560,\"height\":1707,\"caption\":\"NEW YORK, NEW YORK - AUGUST 28: Jaume Munar of Spain reacts against Gabriel Diallo of Canada during their Men's Singles Second Round match on Day Five of the 2025 US Open at USTA Billie Jean King National Tennis Center on August 28, 2025 in the Flushing neighborhood of the Queens borough of New York City. (Photo by Ishika Samant\/Getty Images)\"},{\"@type\":\"BreadcrumbList\",\"@id\":\"https:\/\/www.rafanadalacademy.com\/ca\/rafa-nadal-academy-by-movistar-ca\/lus-open-2025-un-grand-slam-historic-per-a-la-rafa-nadal-academy-by-movistar\/#breadcrumb\",\"itemListElement\":[{\"@type\":\"ListItem\",\"position\":1,\"name\":\"Home\",\"item\":\"https:\/\/www.rafanadalacademy.com\/ca\/\"},{\"@type\":\"ListItem\",\"position\":2,\"name\":\"L&#8217;US Open 2025, un Grand Slam hist\u00f2ric per a la Rafa Nadal Academy\"}]},{\"@type\":\"WebSite\",\"@id\":\"https:\/\/www.rafanadalacademy.com\/ca\/#website\",\"url\":\"https:\/\/www.rafanadalacademy.com\/ca\/\",\"name\":\"Rafa Nadal Academy\",\"description\":\"Otro sitio realizado con WordPress\",\"potentialAction\":[{\"@type\":\"SearchAction\",\"target\":{\"@type\":\"EntryPoint\",\"urlTemplate\":\"https:\/\/www.rafanadalacademy.com\/ca\/?s={search_term_string}\"},\"query-input\":{\"@type\":\"PropertyValueSpecification\",\"valueRequired\":true,\"valueName\":\"search_term_string\"}}],\"inLanguage\":\"ca\"},{\"@type\":\"Person\",\"@id\":\"https:\/\/www.rafanadalacademy.com\/ca\/#\/schema\/person\/744897d6ee269641fff954376180ef01\",\"name\":\"joseluisprados\",\"image\":{\"@type\":\"ImageObject\",\"inLanguage\":\"ca\",\"@id\":\"https:\/\/www.rafanadalacademy.com\/ca\/#\/schema\/person\/image\/\",\"url\":\"https:\/\/secure.gravatar.com\/avatar\/8aa823a6e5501864ffab4785d9e2a994b59c2d45c9f9751c5a532abfec081e5f?s=96&d=mm&r=g\",\"contentUrl\":\"https:\/\/secure.gravatar.com\/avatar\/8aa823a6e5501864ffab4785d9e2a994b59c2d45c9f9751c5a532abfec081e5f?s=96&d=mm&r=g\",\"caption\":\"joseluisprados\"},\"url\":\"https:\/\/www.rafanadalacademy.com\/ca\/author\/joseluisprados\/\"},{\"@type\":\"ImageObject\",\"inLanguage\":\"ca\",\"@id\":\"https:\/\/www.rafanadalacademy.com\/ca\/rafa-nadal-academy-by-movistar-ca\/lus-open-2025-un-grand-slam-historic-per-a-la-rafa-nadal-academy-by-movistar\/#local-main-organization-logo\",\"url\":\"\",\"contentUrl\":\"\",\"caption\":\"Rafa Nadal Academy\"}]}<\/script>\n<!-- \/ Yoast SEO Premium plugin. -->","yoast_head_json":{"title":"L'US Open 2025, un Grand Slam hist\u00f2ric per a la Rafa Nadal Academy - Rafa Nadal Academy","description":"L'US Open 2025 ja forma part de la hist\u00f2ria de la Rafa Nadal Academy. Cinc dels nostres jugadors han brillat amb llum pr\u00f2pia al Grand Slam amb qu\u00e8 es baixa el tel\u00f3 dels majors aquesta temporada: Jaume Munar, Coleman Wong, Alex Eala, Max Exsted i Ivan Ivanov.","robots":{"index":"index","follow":"follow","max-snippet":"max-snippet:-1","max-image-preview":"max-image-preview:large","max-video-preview":"max-video-preview:-1"},"canonical":"https:\/\/www.rafanadalacademy.com\/ca\/rafa-nadal-academy-by-movistar-ca\/lus-open-2025-un-grand-slam-historic-per-a-la-rafa-nadal-academy-by-movistar\/","og_locale":"ca_ES","og_type":"article","og_title":"L'US Open 2025, un Grand Slam hist\u00f2ric per a la Rafa Nadal Academy","og_description":"L'US Open 2025 ja forma part de la hist\u00f2ria de la Rafa Nadal Academy. Cinc dels nostres jugadors han brillat amb llum pr\u00f2pia al Grand Slam amb qu\u00e8 es baixa el tel\u00f3 dels majors aquesta temporada: Jaume Munar, Coleman Wong, Alex Eala, Max Exsted i Ivan Ivanov.","og_url":"https:\/\/www.rafanadalacademy.com\/ca\/rafa-nadal-academy-by-movistar-ca\/lus-open-2025-un-grand-slam-historic-per-a-la-rafa-nadal-academy-by-movistar\/","og_site_name":"Rafa Nadal Academy","article_published_time":"2025-09-08T11:14:45+00:00","article_modified_time":"2025-09-08T11:19:24+00:00","og_image":[{"width":2560,"height":1707,"url":"https:\/\/www.rafanadalacademy.com\/wp-content\/uploads\/2025\/09\/2232600973-scaled-e1757330129155.jpg","type":"image\/jpeg"}],"author":"joseluisprados","twitter_card":"summary_large_image","twitter_misc":{"Written by":"joseluisprados","Est. reading time":"3 minutes"},"schema":{"@context":"https:\/\/schema.org","@graph":[{"@type":"Article","@id":"https:\/\/www.rafanadalacademy.com\/ca\/rafa-nadal-academy-by-movistar-ca\/lus-open-2025-un-grand-slam-historic-per-a-la-rafa-nadal-academy-by-movistar\/#article","isPartOf":{"@id":"https:\/\/www.rafanadalacademy.com\/ca\/rafa-nadal-academy-by-movistar-ca\/lus-open-2025-un-grand-slam-historic-per-a-la-rafa-nadal-academy-by-movistar\/"},"author":{"name":"joseluisprados","@id":"https:\/\/www.rafanadalacademy.com\/ca\/#\/schema\/person\/744897d6ee269641fff954376180ef01"},"headline":"L&#8217;US Open 2025, un Grand Slam hist\u00f2ric per a la Rafa Nadal Academy","datePublished":"2025-09-08T11:14:45+00:00","dateModified":"2025-09-08T11:19:24+00:00","mainEntityOfPage":{"@id":"https:\/\/www.rafanadalacademy.com\/ca\/rafa-nadal-academy-by-movistar-ca\/lus-open-2025-un-grand-slam-historic-per-a-la-rafa-nadal-academy-by-movistar\/"},"wordCount":547,"image":{"@id":"https:\/\/www.rafanadalacademy.com\/ca\/rafa-nadal-academy-by-movistar-ca\/lus-open-2025-un-grand-slam-historic-per-a-la-rafa-nadal-academy-by-movistar\/#primaryimage"},"thumbnailUrl":"https:\/\/www.rafanadalacademy.com\/wp-content\/uploads\/2025\/09\/2232600973-scaled-e1757419363433.jpg","keywords":["RAFA NADAL ACADEMY BY MOVISTAR"],"articleSection":["Not\u00edcies","RAFA NADAL ACADEMY BY MOVISTAR"],"inLanguage":"ca","copyrightYear":"2025","copyrightHolder":{"@id":"https:\/\/www.rafanadalacademy.com\/#organization"}},{"@type":"WebPage","@id":"https:\/\/www.rafanadalacademy.com\/ca\/rafa-nadal-academy-by-movistar-ca\/lus-open-2025-un-grand-slam-historic-per-a-la-rafa-nadal-academy-by-movistar\/","url":"https:\/\/www.rafanadalacademy.com\/ca\/rafa-nadal-academy-by-movistar-ca\/lus-open-2025-un-grand-slam-historic-per-a-la-rafa-nadal-academy-by-movistar\/","name":"L'US Open 2025, un Grand Slam hist\u00f2ric per a la Rafa Nadal Academy - Rafa Nadal Academy","isPartOf":{"@id":"https:\/\/www.rafanadalacademy.com\/ca\/#website"},"primaryImageOfPage":{"@id":"https:\/\/www.rafanadalacademy.com\/ca\/rafa-nadal-academy-by-movistar-ca\/lus-open-2025-un-grand-slam-historic-per-a-la-rafa-nadal-academy-by-movistar\/#primaryimage"},"image":{"@id":"https:\/\/www.rafanadalacademy.com\/ca\/rafa-nadal-academy-by-movistar-ca\/lus-open-2025-un-grand-slam-historic-per-a-la-rafa-nadal-academy-by-movistar\/#primaryimage"},"thumbnailUrl":"https:\/\/www.rafanadalacademy.com\/wp-content\/uploads\/2025\/09\/2232600973-scaled-e1757419363433.jpg","datePublished":"2025-09-08T11:14:45+00:00","dateModified":"2025-09-08T11:19:24+00:00","author":{"@id":"https:\/\/www.rafanadalacademy.com\/ca\/#\/schema\/person\/744897d6ee269641fff954376180ef01"},"description":"L'US Open 2025 ja forma part de la hist\u00f2ria de la Rafa Nadal Academy. Cinc dels nostres jugadors han brillat amb llum pr\u00f2pia al Grand Slam amb qu\u00e8 es baixa el tel\u00f3 dels majors aquesta temporada: Jaume Munar, Coleman Wong, Alex Eala, Max Exsted i Ivan Ivanov.","breadcrumb":{"@id":"https:\/\/www.rafanadalacademy.com\/ca\/rafa-nadal-academy-by-movistar-ca\/lus-open-2025-un-grand-slam-historic-per-a-la-rafa-nadal-academy-by-movistar\/#breadcrumb"},"inLanguage":"ca","potentialAction":[{"@type":"ReadAction","target":["https:\/\/www.rafanadalacademy.com\/ca\/rafa-nadal-academy-by-movistar-ca\/lus-open-2025-un-grand-slam-historic-per-a-la-rafa-nadal-academy-by-movistar\/"]}]},{"@type":"ImageObject","inLanguage":"ca","@id":"https:\/\/www.rafanadalacademy.com\/ca\/rafa-nadal-academy-by-movistar-ca\/lus-open-2025-un-grand-slam-historic-per-a-la-rafa-nadal-academy-by-movistar\/#primaryimage","url":"https:\/\/www.rafanadalacademy.com\/wp-content\/uploads\/2025\/09\/2232600973-scaled-e1757419363433.jpg","contentUrl":"https:\/\/www.rafanadalacademy.com\/wp-content\/uploads\/2025\/09\/2232600973-scaled-e1757419363433.jpg","width":2560,"height":1707,"caption":"NEW YORK, NEW YORK - AUGUST 28: Jaume Munar of Spain reacts against Gabriel Diallo of Canada during their Men's Singles Second Round match on Day Five of the 2025 US Open at USTA Billie Jean King National Tennis Center on August 28, 2025 in the Flushing neighborhood of the Queens borough of New York City. (Photo by Ishika Samant\/Getty Images)"},{"@type":"BreadcrumbList","@id":"https:\/\/www.rafanadalacademy.com\/ca\/rafa-nadal-academy-by-movistar-ca\/lus-open-2025-un-grand-slam-historic-per-a-la-rafa-nadal-academy-by-movistar\/#breadcrumb","itemListElement":[{"@type":"ListItem","position":1,"name":"Home","item":"https:\/\/www.rafanadalacademy.com\/ca\/"},{"@type":"ListItem","position":2,"name":"L&#8217;US Open 2025, un Grand Slam hist\u00f2ric per a la Rafa Nadal Academy"}]},{"@type":"WebSite","@id":"https:\/\/www.rafanadalacademy.com\/ca\/#website","url":"https:\/\/www.rafanadalacademy.com\/ca\/","name":"Rafa Nadal Academy","description":"Otro sitio realizado con WordPress","potentialAction":[{"@type":"SearchAction","target":{"@type":"EntryPoint","urlTemplate":"https:\/\/www.rafanadalacademy.com\/ca\/?s={search_term_string}"},"query-input":{"@type":"PropertyValueSpecification","valueRequired":true,"valueName":"search_term_string"}}],"inLanguage":"ca"},{"@type":"Person","@id":"https:\/\/www.rafanadalacademy.com\/ca\/#\/schema\/person\/744897d6ee269641fff954376180ef01","name":"joseluisprados","image":{"@type":"ImageObject","inLanguage":"ca","@id":"https:\/\/www.rafanadalacademy.com\/ca\/#\/schema\/person\/image\/","url":"https:\/\/secure.gravatar.com\/avatar\/8aa823a6e5501864ffab4785d9e2a994b59c2d45c9f9751c5a532abfec081e5f?s=96&d=mm&r=g","contentUrl":"https:\/\/secure.gravatar.com\/avatar\/8aa823a6e5501864ffab4785d9e2a994b59c2d45c9f9751c5a532abfec081e5f?s=96&d=mm&r=g","caption":"joseluisprados"},"url":"https:\/\/www.rafanadalacademy.com\/ca\/author\/joseluisprados\/"},{"@type":"ImageObject","inLanguage":"ca","@id":"https:\/\/www.rafanadalacademy.com\/ca\/rafa-nadal-academy-by-movistar-ca\/lus-open-2025-un-grand-slam-historic-per-a-la-rafa-nadal-academy-by-movistar\/#local-main-organization-logo","url":"","contentUrl":"","caption":"Rafa Nadal Academy"}]}},"_links":{"self":[{"href":"https:\/\/www.rafanadalacademy.com\/ca\/wp-json\/wp\/v2\/posts\/31845","targetHints":{"allow":["GET"]}}],"collection":[{"href":"https:\/\/www.rafanadalacademy.com\/ca\/wp-json\/wp\/v2\/posts"}],"about":[{"href":"https:\/\/www.rafanadalacademy.com\/ca\/wp-json\/wp\/v2\/types\/post"}],"author":[{"embeddable":true,"href":"https:\/\/www.rafanadalacademy.com\/ca\/wp-json\/wp\/v2\/users\/23"}],"replies":[{"embeddable":true,"href":"https:\/\/www.rafanadalacademy.com\/ca\/wp-json\/wp\/v2\/comments?post=31845"}],"version-history":[{"count":1,"href":"https:\/\/www.rafanadalacademy.com\/ca\/wp-json\/wp\/v2\/posts\/31845\/revisions"}],"predecessor-version":[{"id":31846,"href":"https:\/\/www.rafanadalacademy.com\/ca\/wp-json\/wp\/v2\/posts\/31845\/revisions\/31846"}],"wp:featuredmedia":[{"embeddable":true,"href":"https:\/\/www.rafanadalacademy.com\/ca\/wp-json\/wp\/v2\/media\/31828"}],"wp:attachment":[{"href":"https:\/\/www.rafanadalacademy.com\/ca\/wp-json\/wp\/v2\/media?parent=31845"}],"wp:term":[{"taxonomy":"category","embeddable":true,"href":"https:\/\/www.rafanadalacademy.com\/ca\/wp-json\/wp\/v2\/categories?post=31845"},{"taxonomy":"post_tag","embeddable":true,"href":"https:\/\/www.rafanadalacademy.com\/ca\/wp-json\/wp\/v2\/tags?post=31845"}],"curies":[{"name":"wp","href":"https:\/\/api.w.org\/{rel}","templated":true}]}}