{"id":31789,"date":"2025-09-08T08:51:10","date_gmt":"2025-09-08T08:51:10","guid":{"rendered":"https:\/\/www.rafanadalacademy.com\/sin-categorizar\/ivan-ivanov-conquista-lus-open-junior-i-suma-un-nou-titol-de-grand-slam-per-a-la-rafa-nadal-academy\/"},"modified":"2025-09-08T08:57:26","modified_gmt":"2025-09-08T08:57:26","slug":"ivan-ivanov-conquista-lus-open-junior-i-suma-un-nou-titol-de-grand-slam-per-a-la-rafa-nadal-academy","status":"publish","type":"post","link":"https:\/\/www.rafanadalacademy.com\/ca\/rafa-nadal-academy-by-movistar-ca\/ivan-ivanov-conquista-lus-open-junior-i-suma-un-nou-titol-de-grand-slam-per-a-la-rafa-nadal-academy\/","title":{"rendered":"Ivan Ivanov conquista l\u2019US Open Junior i suma un nou t\u00edtol de Grand Slam per a la Rafa Nadal Academy"},"content":{"rendered":"\n<p>Ivan Ivanov ha aconseguit el segon Grand Slam de la seva carrera despr\u00e9s de guanyar l&#8217; <strong>US Open Junior<\/strong> i ho ha fet nom\u00e9s unes setmanes despr\u00e9s de conquerir el t\u00edtol de Wimbledon.<\/p>\n\n<figure class=\"wp-block-image size-large\"><img decoding=\"async\" src=\"https:\/\/www.rafanadalacademy.com\/wp-content\/uploads\/2025\/09\/Ivan-Ivanov-Photo-by-Dustin-Satloff_USTA--1024x576.jpg\" alt=\"\" class=\"wp-image-31778\"\/><figcaption class=\"wp-element-caption\">Ivan Ivanov amb el trofeu de campi\u00f3 de l&#8217;US Open Junior 2025 (Foto: Dustin Satloff_USTA  <\/figcaption><\/figure>\n\n<div style=\"height:50px\" aria-hidden=\"true\" class=\"wp-block-spacer\"><\/div>\n\n<p>El tennista b\u00falgar de 16 anys va derrotar a la final el seu compatriota Alexander Vasilev per 7-5 i 6-3, un triomf que el consolida com a <strong>N\u00ba1 del r\u00e0nquing<\/strong> . Ivanov, a m\u00e9s, es converteix en el tercer tennista que en aquest segle guanya en una mateixa temporada Wimbledon i US Open despr\u00e9s de Grigor Dimitrov i Filip Peliwo. <\/p>\n\n<p>  La vict\u00f2ria d&#8217;Ivanov permet a la <strong>Rafa Nadal Academy<\/strong> augmentar el palmar\u00e8s de t\u00edtols de Grand Slam Junior aconseguits pels seus jugadors. Ja s\u00f3n <strong>13 els triomfs totals<\/strong> , dels quals set els van aconseguir en el quadre individual: Daniel Rinc\u00f3n (US Open 2021), Alex Eala (US Open 2022), Mart\u00edn Landaluce (2022), Alina Korneeva (Australian Open i Roland Garros 2023) i Ivan Ivan2 <\/p>\n\n<p>Tot just aixecar el trofeu, Ivanov va tenir paraules d&#8217;agra\u00efment a la Rafa Nadal Academy. &#8220;Vull mostrar <strong>el meu agra\u00efment a la Rafa Nadal Academy<\/strong> , que m&#8217;ha ajudat al llarg d&#8217;aquest cam\u00ed i m&#8217;ha acompanyat a cada pas. Vull donar les gr\u00e0cies al meu equip, que tamb\u00e9 \u00e9s de l&#8217;Acad\u00e8mia, i agrair-los que hagin viatjat amb mi. Gr\u00e0cies per donar-me suport sempre. el meu segon Grand Slam \u00e9s incre\u00efble, \u00e9s inoblidable, especialment despr\u00e9s de fer-ho despr\u00e9s de Wimbledon i ara a l&#8217;US Open\u201d.    <\/p>\n\n<figure class=\"wp-block-image size-large\"><img loading=\"lazy\" decoding=\"async\" width=\"819\" height=\"1024\" src=\"https:\/\/www.rafanadalacademy.com\/wp-content\/uploads\/2025\/09\/Ivan-Ivanov-y-el-equipo-de-la-Rafa-Nadal-Academy-by-Movistar-tras-ganar-el-US-Open-2025-002-819x1024.jpg\" alt=\"\" class=\"wp-image-31769\" srcset=\"https:\/\/www.rafanadalacademy.com\/wp-content\/uploads\/2025\/09\/Ivan-Ivanov-y-el-equipo-de-la-Rafa-Nadal-Academy-by-Movistar-tras-ganar-el-US-Open-2025-002-819x1024.jpg 819w, https:\/\/www.rafanadalacademy.com\/wp-content\/uploads\/2025\/09\/Ivan-Ivanov-y-el-equipo-de-la-Rafa-Nadal-Academy-by-Movistar-tras-ganar-el-US-Open-2025-002-240x300.jpg 240w, https:\/\/www.rafanadalacademy.com\/wp-content\/uploads\/2025\/09\/Ivan-Ivanov-y-el-equipo-de-la-Rafa-Nadal-Academy-by-Movistar-tras-ganar-el-US-Open-2025-002-768x960.jpg 768w, https:\/\/www.rafanadalacademy.com\/wp-content\/uploads\/2025\/09\/Ivan-Ivanov-y-el-equipo-de-la-Rafa-Nadal-Academy-by-Movistar-tras-ganar-el-US-Open-2025-002-1229x1536.jpg 1229w, https:\/\/www.rafanadalacademy.com\/wp-content\/uploads\/2025\/09\/Ivan-Ivanov-y-el-equipo-de-la-Rafa-Nadal-Academy-by-Movistar-tras-ganar-el-US-Open-2025-002.jpg 1280w\" sizes=\"auto, (max-width: 819px) 100vw, 819px\" \/><\/figure>\n\n<div style=\"height:50px\" aria-hidden=\"true\" class=\"wp-block-spacer\"><\/div>\n\n<p>Per la seva banda, el seu entrenador, <strong>Jeremy Paysan<\/strong> , valora que Ivanov hagi aconseguit v\u00e8ncer malgrat haver competit amb mol\u00e8sties. &#8220;Ha estat una setmana molt especial, sobretot perqu\u00e8 no se sentia gens fresc, li va doldre molt l&#8217;espatlla tota la setmana. Per\u00f2 Ivan va tornar a demostrar una gran qualitat i la seva manera de ser sempre combatiu quan ho necessita i de buscar solucions quan tamb\u00e9 \u00e9s m\u00e9s dif\u00edcil. Enhorabona a ell&#8221;. <\/p>\n\n<p><strong>La felicitaci\u00f3 de Rafa<\/strong><\/p>\n\n<p>El mateix Rafa Nadal va enviar un missatge de felicitaci\u00f3 a Ivanov al seu perfil de &#8216;X&#8217;. <strong>&#8220;Felicitats a Iv\u00e1n per guanyar Wimbledon i l&#8217;US Open Junior. Felicitats tamb\u00e9 a tot l&#8217;equip de la Rafa Nadal Academy&#8221;<\/strong> , va escriure el 22 vegades guanyador de Grand Slam.<\/p>\n\n<figure class=\"wp-block-embed aligncenter is-type-rich is-provider-twitter wp-block-embed-twitter\"><div class=\"wp-block-embed__wrapper\">\n<blockquote class=\"twitter-tweet\" data-width=\"500\" data-dnt=\"true\"><p lang=\"en\" dir=\"ltr\">Congratulations Ivan on winning <a href=\"https:\/\/twitter.com\/Wimbledon?ref_src=twsrc%5Etfw\">@Wimbledon<\/a> &amp; <a href=\"https:\/\/twitter.com\/usopen?ref_src=twsrc%5Etfw\">@usopen<\/a> Junior \ud83c\udfc6! <br><br>Congrats also to all the <a href=\"https:\/\/twitter.com\/rnadalacademy?ref_src=twsrc%5Etfw\">@rnadalacademy<\/a> team! \ud83d\udc4f\ud83c\udffb\ud83d\udc4f\ud83c\udffb <a href=\"https:\/\/t.co\/gqzkgK3Lw2\">https:\/\/t.co\/gqzkgK3Lw2<\/a><\/p>&mdash; Rafa Nadal (@RafaelNadal) <a href=\"https:\/\/twitter.com\/RafaelNadal\/status\/1964397801208762809?ref_src=twsrc%5Etfw\">September 6, 2025<\/a><\/blockquote><script async src=\"https:\/\/platform.twitter.com\/widgets.js\" charset=\"utf-8\"><\/script>\n<\/div><\/figure>\n\n<p>El triomf d&#8217;Ivan Ivanov posa la cirereta a un US Open absolutament hist\u00f2ric per a la Rafa Nadal Academy amb <strong>Jaume Munar<\/strong> aconseguint per primera vegada els vuitens de final d&#8217;un Grand Slanm, <strong>Alex Eala<\/strong> , que unes hores despr\u00e9s del triomf d&#8217;Ivanov va guanyar el seu primer t\u00edtol WTA a l&#8217; <strong>Open<\/strong> de Guadalajara (WTA el quadre final d&#8217;un major per a ells i per als seus pa\u00efsos respectius i <strong>Max Exsted<\/strong> tamb\u00e9 estrenant el seu caseller de triomfs en dobles.<\/p>\n\n<figure class=\"wp-block-embed is-type-video is-provider-youtube wp-block-embed-youtube wp-embed-aspect-16-9 wp-has-aspect-ratio\"><div class=\"wp-block-embed__wrapper\">\n<iframe loading=\"lazy\" title=\"Ivan Ivanov, Campe\u00f3n de Wimbledon Junior 2025\" width=\"500\" height=\"281\" src=\"https:\/\/www.youtube.com\/embed\/LpCLmCEQjdY?feature=oembed\" frameborder=\"0\" allow=\"accelerometer; autoplay; clipboard-write; encrypted-media; gyroscope; picture-in-picture; web-share\" referrerpolicy=\"strict-origin-when-cross-origin\" allowfullscreen><\/iframe>\n<\/div><\/figure>\n","protected":false},"excerpt":{"rendered":"<p>Ivan Ivanov ha aconseguit el segon Grand Slam de la seva carrera despr\u00e9s de guanyar l&#8217; US Open Junior i ho ha fet nom\u00e9s unes setmanes despr\u00e9s de conquerir el t\u00edtol de Wimbledon. El tennista b\u00falgar de 16 anys va derrotar a la final el seu compatriota Alexander Vasilev per 7-5 i 6-3, un triomf<a href=\"https:\/\/www.rafanadalacademy.com\/ca\/rafa-nadal-academy-by-movistar-ca\/ivan-ivanov-conquista-lus-open-junior-i-suma-un-nou-titol-de-grand-slam-per-a-la-rafa-nadal-academy\/\">Continue reading <span class=\"sr-only\">&#8220;Ivan Ivanov conquista l\u2019US Open Junior i suma un nou t\u00edtol de Grand Slam per a la Rafa Nadal Academy&#8221;<\/span><\/a><\/p>\n","protected":false},"author":23,"featured_media":31779,"comment_status":"closed","ping_status":"closed","sticky":false,"template":"","format":"standard","meta":{"_acf_changed":false,"footnotes":""},"categories":[157,209],"tags":[210],"class_list":["post-31789","post","type-post","status-publish","format-standard","has-post-thumbnail","hentry","category-noticies","category-rafa-nadal-academy-by-movistar-ca","tag-rafa-nadal-academy-by-movistar-ca"],"acf":[],"yoast_head":"<!-- This site is optimized with the Yoast SEO Premium plugin v26.8 (Yoast SEO v26.9) - https:\/\/yoast.com\/product\/yoast-seo-premium-wordpress\/ -->\n<title>Ivan Ivanov conquista l\u2019US Open Junior i suma un nou t\u00edtol de Grand Slam per a la Rafa Nadal Academy - Rafa Nadal Academy<\/title>\n<meta name=\"description\" content=\"Ivan Ivanov ha aconseguit el segon Grand Slam de la seva carrera despr\u00e9s de guanyar l&#039;US Open Junior i ho ha fet nom\u00e9s unes setmanes despr\u00e9s de conquerir el t\u00edtol de Wimbledon. La vict\u00f2ria d&#039;Ivanov permet a la Rafa Nadal Academy augmentar el palmar\u00e8s de t\u00edtols de Grand Slam Junior aconseguits pels seus jugadors. Ja s\u00f3n 13 els triomfs totals, set dels quals els van aconseguir en el quadre individual.\" \/>\n<meta name=\"robots\" content=\"index, follow, max-snippet:-1, max-image-preview:large, max-video-preview:-1\" \/>\n<link rel=\"canonical\" href=\"https:\/\/www.rafanadalacademy.com\/ca\/rafa-nadal-academy-by-movistar-ca\/ivan-ivanov-conquista-lus-open-junior-i-suma-un-nou-titol-de-grand-slam-per-a-la-rafa-nadal-academy\/\" \/>\n<meta property=\"og:locale\" content=\"ca_ES\" \/>\n<meta property=\"og:type\" content=\"article\" \/>\n<meta property=\"og:title\" content=\"Ivan Ivanov conquista l\u2019US Open Junior i suma un nou t\u00edtol de Grand Slam per a la Rafa Nadal Academy\" \/>\n<meta property=\"og:description\" content=\"Ivan Ivanov ha aconseguit el segon Grand Slam de la seva carrera despr\u00e9s de guanyar l&#039;US Open Junior i ho ha fet nom\u00e9s unes setmanes despr\u00e9s de conquerir el t\u00edtol de Wimbledon. La vict\u00f2ria d&#039;Ivanov permet a la Rafa Nadal Academy augmentar el palmar\u00e8s de t\u00edtols de Grand Slam Junior aconseguits pels seus jugadors. Ja s\u00f3n 13 els triomfs totals, set dels quals els van aconseguir en el quadre individual.\" \/>\n<meta property=\"og:url\" content=\"https:\/\/www.rafanadalacademy.com\/ca\/rafa-nadal-academy-by-movistar-ca\/ivan-ivanov-conquista-lus-open-junior-i-suma-un-nou-titol-de-grand-slam-per-a-la-rafa-nadal-academy\/\" \/>\n<meta property=\"og:site_name\" content=\"Rafa Nadal Academy\" \/>\n<meta property=\"article:published_time\" content=\"2025-09-08T08:51:10+00:00\" \/>\n<meta property=\"article:modified_time\" content=\"2025-09-08T08:57:26+00:00\" \/>\n<meta property=\"og:image\" content=\"https:\/\/www.rafanadalacademy.com\/wp-content\/uploads\/2025\/09\/Ivan-Ivanov-Photo-by-Dustin-Satloff_USTA--e1757321646901.jpg\" \/>\n\t<meta property=\"og:image:width\" content=\"1280\" \/>\n\t<meta property=\"og:image:height\" content=\"720\" \/>\n\t<meta property=\"og:image:type\" content=\"image\/jpeg\" \/>\n<meta name=\"author\" content=\"joseluisprados\" \/>\n<meta name=\"twitter:card\" content=\"summary_large_image\" \/>\n<meta name=\"twitter:label1\" content=\"Written by\" \/>\n\t<meta name=\"twitter:data1\" content=\"joseluisprados\" \/>\n\t<meta name=\"twitter:label2\" content=\"Est. reading time\" \/>\n\t<meta name=\"twitter:data2\" content=\"2 minutes\" \/>\n<script type=\"application\/ld+json\" class=\"yoast-schema-graph\">{\"@context\":\"https:\/\/schema.org\",\"@graph\":[{\"@type\":\"Article\",\"@id\":\"https:\/\/www.rafanadalacademy.com\/ca\/rafa-nadal-academy-by-movistar-ca\/ivan-ivanov-conquista-lus-open-junior-i-suma-un-nou-titol-de-grand-slam-per-a-la-rafa-nadal-academy\/#article\",\"isPartOf\":{\"@id\":\"https:\/\/www.rafanadalacademy.com\/ca\/rafa-nadal-academy-by-movistar-ca\/ivan-ivanov-conquista-lus-open-junior-i-suma-un-nou-titol-de-grand-slam-per-a-la-rafa-nadal-academy\/\"},\"author\":{\"name\":\"joseluisprados\",\"@id\":\"https:\/\/www.rafanadalacademy.com\/ca\/#\/schema\/person\/744897d6ee269641fff954376180ef01\"},\"headline\":\"Ivan Ivanov conquista l\u2019US Open Junior i suma un nou t\u00edtol de Grand Slam per a la Rafa Nadal Academy\",\"datePublished\":\"2025-09-08T08:51:10+00:00\",\"dateModified\":\"2025-09-08T08:57:26+00:00\",\"mainEntityOfPage\":{\"@id\":\"https:\/\/www.rafanadalacademy.com\/ca\/rafa-nadal-academy-by-movistar-ca\/ivan-ivanov-conquista-lus-open-junior-i-suma-un-nou-titol-de-grand-slam-per-a-la-rafa-nadal-academy\/\"},\"wordCount\":529,\"image\":{\"@id\":\"https:\/\/www.rafanadalacademy.com\/ca\/rafa-nadal-academy-by-movistar-ca\/ivan-ivanov-conquista-lus-open-junior-i-suma-un-nou-titol-de-grand-slam-per-a-la-rafa-nadal-academy\/#primaryimage\"},\"thumbnailUrl\":\"https:\/\/www.rafanadalacademy.com\/wp-content\/uploads\/2025\/09\/Ivan-Ivanov-Photo-by-Dustin-Satloff_USTA--e1757321646901.jpg\",\"keywords\":[\"RAFA NADAL ACADEMY BY MOVISTAR\"],\"articleSection\":[\"Not\u00edcies\",\"RAFA NADAL ACADEMY BY MOVISTAR\"],\"inLanguage\":\"ca\",\"copyrightYear\":\"2025\",\"copyrightHolder\":{\"@id\":\"https:\/\/www.rafanadalacademy.com\/#organization\"}},{\"@type\":\"WebPage\",\"@id\":\"https:\/\/www.rafanadalacademy.com\/ca\/rafa-nadal-academy-by-movistar-ca\/ivan-ivanov-conquista-lus-open-junior-i-suma-un-nou-titol-de-grand-slam-per-a-la-rafa-nadal-academy\/\",\"url\":\"https:\/\/www.rafanadalacademy.com\/ca\/rafa-nadal-academy-by-movistar-ca\/ivan-ivanov-conquista-lus-open-junior-i-suma-un-nou-titol-de-grand-slam-per-a-la-rafa-nadal-academy\/\",\"name\":\"Ivan Ivanov conquista l\u2019US Open Junior i suma un nou t\u00edtol de Grand Slam per a la Rafa Nadal Academy - Rafa Nadal Academy\",\"isPartOf\":{\"@id\":\"https:\/\/www.rafanadalacademy.com\/ca\/#website\"},\"primaryImageOfPage\":{\"@id\":\"https:\/\/www.rafanadalacademy.com\/ca\/rafa-nadal-academy-by-movistar-ca\/ivan-ivanov-conquista-lus-open-junior-i-suma-un-nou-titol-de-grand-slam-per-a-la-rafa-nadal-academy\/#primaryimage\"},\"image\":{\"@id\":\"https:\/\/www.rafanadalacademy.com\/ca\/rafa-nadal-academy-by-movistar-ca\/ivan-ivanov-conquista-lus-open-junior-i-suma-un-nou-titol-de-grand-slam-per-a-la-rafa-nadal-academy\/#primaryimage\"},\"thumbnailUrl\":\"https:\/\/www.rafanadalacademy.com\/wp-content\/uploads\/2025\/09\/Ivan-Ivanov-Photo-by-Dustin-Satloff_USTA--e1757321646901.jpg\",\"datePublished\":\"2025-09-08T08:51:10+00:00\",\"dateModified\":\"2025-09-08T08:57:26+00:00\",\"author\":{\"@id\":\"https:\/\/www.rafanadalacademy.com\/ca\/#\/schema\/person\/744897d6ee269641fff954376180ef01\"},\"description\":\"Ivan Ivanov ha aconseguit el segon Grand Slam de la seva carrera despr\u00e9s de guanyar l'US Open Junior i ho ha fet nom\u00e9s unes setmanes despr\u00e9s de conquerir el t\u00edtol de Wimbledon. La vict\u00f2ria d'Ivanov permet a la Rafa Nadal Academy augmentar el palmar\u00e8s de t\u00edtols de Grand Slam Junior aconseguits pels seus jugadors. Ja s\u00f3n 13 els triomfs totals, set dels quals els van aconseguir en el quadre individual.\",\"breadcrumb\":{\"@id\":\"https:\/\/www.rafanadalacademy.com\/ca\/rafa-nadal-academy-by-movistar-ca\/ivan-ivanov-conquista-lus-open-junior-i-suma-un-nou-titol-de-grand-slam-per-a-la-rafa-nadal-academy\/#breadcrumb\"},\"inLanguage\":\"ca\",\"potentialAction\":[{\"@type\":\"ReadAction\",\"target\":[\"https:\/\/www.rafanadalacademy.com\/ca\/rafa-nadal-academy-by-movistar-ca\/ivan-ivanov-conquista-lus-open-junior-i-suma-un-nou-titol-de-grand-slam-per-a-la-rafa-nadal-academy\/\"]}]},{\"@type\":\"ImageObject\",\"inLanguage\":\"ca\",\"@id\":\"https:\/\/www.rafanadalacademy.com\/ca\/rafa-nadal-academy-by-movistar-ca\/ivan-ivanov-conquista-lus-open-junior-i-suma-un-nou-titol-de-grand-slam-per-a-la-rafa-nadal-academy\/#primaryimage\",\"url\":\"https:\/\/www.rafanadalacademy.com\/wp-content\/uploads\/2025\/09\/Ivan-Ivanov-Photo-by-Dustin-Satloff_USTA--e1757321646901.jpg\",\"contentUrl\":\"https:\/\/www.rafanadalacademy.com\/wp-content\/uploads\/2025\/09\/Ivan-Ivanov-Photo-by-Dustin-Satloff_USTA--e1757321646901.jpg\",\"width\":1280,\"height\":720,\"caption\":\"Ivan Ivanov - Photo by Dustin Satloff_USTA\"},{\"@type\":\"BreadcrumbList\",\"@id\":\"https:\/\/www.rafanadalacademy.com\/ca\/rafa-nadal-academy-by-movistar-ca\/ivan-ivanov-conquista-lus-open-junior-i-suma-un-nou-titol-de-grand-slam-per-a-la-rafa-nadal-academy\/#breadcrumb\",\"itemListElement\":[{\"@type\":\"ListItem\",\"position\":1,\"name\":\"Home\",\"item\":\"https:\/\/www.rafanadalacademy.com\/ca\/\"},{\"@type\":\"ListItem\",\"position\":2,\"name\":\"Ivan Ivanov conquista l\u2019US Open Junior i suma un nou t\u00edtol de Grand Slam per a la Rafa Nadal Academy\"}]},{\"@type\":\"WebSite\",\"@id\":\"https:\/\/www.rafanadalacademy.com\/ca\/#website\",\"url\":\"https:\/\/www.rafanadalacademy.com\/ca\/\",\"name\":\"Rafa Nadal Academy\",\"description\":\"Otro sitio realizado con WordPress\",\"potentialAction\":[{\"@type\":\"SearchAction\",\"target\":{\"@type\":\"EntryPoint\",\"urlTemplate\":\"https:\/\/www.rafanadalacademy.com\/ca\/?s={search_term_string}\"},\"query-input\":{\"@type\":\"PropertyValueSpecification\",\"valueRequired\":true,\"valueName\":\"search_term_string\"}}],\"inLanguage\":\"ca\"},{\"@type\":\"Person\",\"@id\":\"https:\/\/www.rafanadalacademy.com\/ca\/#\/schema\/person\/744897d6ee269641fff954376180ef01\",\"name\":\"joseluisprados\",\"image\":{\"@type\":\"ImageObject\",\"inLanguage\":\"ca\",\"@id\":\"https:\/\/www.rafanadalacademy.com\/ca\/#\/schema\/person\/image\/\",\"url\":\"https:\/\/secure.gravatar.com\/avatar\/8aa823a6e5501864ffab4785d9e2a994b59c2d45c9f9751c5a532abfec081e5f?s=96&d=mm&r=g\",\"contentUrl\":\"https:\/\/secure.gravatar.com\/avatar\/8aa823a6e5501864ffab4785d9e2a994b59c2d45c9f9751c5a532abfec081e5f?s=96&d=mm&r=g\",\"caption\":\"joseluisprados\"},\"url\":\"https:\/\/www.rafanadalacademy.com\/ca\/author\/joseluisprados\/\"},{\"@type\":\"ImageObject\",\"inLanguage\":\"ca\",\"@id\":\"https:\/\/www.rafanadalacademy.com\/ca\/rafa-nadal-academy-by-movistar-ca\/ivan-ivanov-conquista-lus-open-junior-i-suma-un-nou-titol-de-grand-slam-per-a-la-rafa-nadal-academy\/#local-main-organization-logo\",\"url\":\"\",\"contentUrl\":\"\",\"caption\":\"Rafa Nadal Academy\"}]}<\/script>\n<!-- \/ Yoast SEO Premium plugin. -->","yoast_head_json":{"title":"Ivan Ivanov conquista l\u2019US Open Junior i suma un nou t\u00edtol de Grand Slam per a la Rafa Nadal Academy - Rafa Nadal Academy","description":"Ivan Ivanov ha aconseguit el segon Grand Slam de la seva carrera despr\u00e9s de guanyar l'US Open Junior i ho ha fet nom\u00e9s unes setmanes despr\u00e9s de conquerir el t\u00edtol de Wimbledon. La vict\u00f2ria d'Ivanov permet a la Rafa Nadal Academy augmentar el palmar\u00e8s de t\u00edtols de Grand Slam Junior aconseguits pels seus jugadors. Ja s\u00f3n 13 els triomfs totals, set dels quals els van aconseguir en el quadre individual.","robots":{"index":"index","follow":"follow","max-snippet":"max-snippet:-1","max-image-preview":"max-image-preview:large","max-video-preview":"max-video-preview:-1"},"canonical":"https:\/\/www.rafanadalacademy.com\/ca\/rafa-nadal-academy-by-movistar-ca\/ivan-ivanov-conquista-lus-open-junior-i-suma-un-nou-titol-de-grand-slam-per-a-la-rafa-nadal-academy\/","og_locale":"ca_ES","og_type":"article","og_title":"Ivan Ivanov conquista l\u2019US Open Junior i suma un nou t\u00edtol de Grand Slam per a la Rafa Nadal Academy","og_description":"Ivan Ivanov ha aconseguit el segon Grand Slam de la seva carrera despr\u00e9s de guanyar l'US Open Junior i ho ha fet nom\u00e9s unes setmanes despr\u00e9s de conquerir el t\u00edtol de Wimbledon. La vict\u00f2ria d'Ivanov permet a la Rafa Nadal Academy augmentar el palmar\u00e8s de t\u00edtols de Grand Slam Junior aconseguits pels seus jugadors. Ja s\u00f3n 13 els triomfs totals, set dels quals els van aconseguir en el quadre individual.","og_url":"https:\/\/www.rafanadalacademy.com\/ca\/rafa-nadal-academy-by-movistar-ca\/ivan-ivanov-conquista-lus-open-junior-i-suma-un-nou-titol-de-grand-slam-per-a-la-rafa-nadal-academy\/","og_site_name":"Rafa Nadal Academy","article_published_time":"2025-09-08T08:51:10+00:00","article_modified_time":"2025-09-08T08:57:26+00:00","og_image":[{"width":1280,"height":720,"url":"https:\/\/www.rafanadalacademy.com\/wp-content\/uploads\/2025\/09\/Ivan-Ivanov-Photo-by-Dustin-Satloff_USTA--e1757321646901.jpg","type":"image\/jpeg"}],"author":"joseluisprados","twitter_card":"summary_large_image","twitter_misc":{"Written by":"joseluisprados","Est. reading time":"2 minutes"},"schema":{"@context":"https:\/\/schema.org","@graph":[{"@type":"Article","@id":"https:\/\/www.rafanadalacademy.com\/ca\/rafa-nadal-academy-by-movistar-ca\/ivan-ivanov-conquista-lus-open-junior-i-suma-un-nou-titol-de-grand-slam-per-a-la-rafa-nadal-academy\/#article","isPartOf":{"@id":"https:\/\/www.rafanadalacademy.com\/ca\/rafa-nadal-academy-by-movistar-ca\/ivan-ivanov-conquista-lus-open-junior-i-suma-un-nou-titol-de-grand-slam-per-a-la-rafa-nadal-academy\/"},"author":{"name":"joseluisprados","@id":"https:\/\/www.rafanadalacademy.com\/ca\/#\/schema\/person\/744897d6ee269641fff954376180ef01"},"headline":"Ivan Ivanov conquista l\u2019US Open Junior i suma un nou t\u00edtol de Grand Slam per a la Rafa Nadal Academy","datePublished":"2025-09-08T08:51:10+00:00","dateModified":"2025-09-08T08:57:26+00:00","mainEntityOfPage":{"@id":"https:\/\/www.rafanadalacademy.com\/ca\/rafa-nadal-academy-by-movistar-ca\/ivan-ivanov-conquista-lus-open-junior-i-suma-un-nou-titol-de-grand-slam-per-a-la-rafa-nadal-academy\/"},"wordCount":529,"image":{"@id":"https:\/\/www.rafanadalacademy.com\/ca\/rafa-nadal-academy-by-movistar-ca\/ivan-ivanov-conquista-lus-open-junior-i-suma-un-nou-titol-de-grand-slam-per-a-la-rafa-nadal-academy\/#primaryimage"},"thumbnailUrl":"https:\/\/www.rafanadalacademy.com\/wp-content\/uploads\/2025\/09\/Ivan-Ivanov-Photo-by-Dustin-Satloff_USTA--e1757321646901.jpg","keywords":["RAFA NADAL ACADEMY BY MOVISTAR"],"articleSection":["Not\u00edcies","RAFA NADAL ACADEMY BY MOVISTAR"],"inLanguage":"ca","copyrightYear":"2025","copyrightHolder":{"@id":"https:\/\/www.rafanadalacademy.com\/#organization"}},{"@type":"WebPage","@id":"https:\/\/www.rafanadalacademy.com\/ca\/rafa-nadal-academy-by-movistar-ca\/ivan-ivanov-conquista-lus-open-junior-i-suma-un-nou-titol-de-grand-slam-per-a-la-rafa-nadal-academy\/","url":"https:\/\/www.rafanadalacademy.com\/ca\/rafa-nadal-academy-by-movistar-ca\/ivan-ivanov-conquista-lus-open-junior-i-suma-un-nou-titol-de-grand-slam-per-a-la-rafa-nadal-academy\/","name":"Ivan Ivanov conquista l\u2019US Open Junior i suma un nou t\u00edtol de Grand Slam per a la Rafa Nadal Academy - Rafa Nadal Academy","isPartOf":{"@id":"https:\/\/www.rafanadalacademy.com\/ca\/#website"},"primaryImageOfPage":{"@id":"https:\/\/www.rafanadalacademy.com\/ca\/rafa-nadal-academy-by-movistar-ca\/ivan-ivanov-conquista-lus-open-junior-i-suma-un-nou-titol-de-grand-slam-per-a-la-rafa-nadal-academy\/#primaryimage"},"image":{"@id":"https:\/\/www.rafanadalacademy.com\/ca\/rafa-nadal-academy-by-movistar-ca\/ivan-ivanov-conquista-lus-open-junior-i-suma-un-nou-titol-de-grand-slam-per-a-la-rafa-nadal-academy\/#primaryimage"},"thumbnailUrl":"https:\/\/www.rafanadalacademy.com\/wp-content\/uploads\/2025\/09\/Ivan-Ivanov-Photo-by-Dustin-Satloff_USTA--e1757321646901.jpg","datePublished":"2025-09-08T08:51:10+00:00","dateModified":"2025-09-08T08:57:26+00:00","author":{"@id":"https:\/\/www.rafanadalacademy.com\/ca\/#\/schema\/person\/744897d6ee269641fff954376180ef01"},"description":"Ivan Ivanov ha aconseguit el segon Grand Slam de la seva carrera despr\u00e9s de guanyar l'US Open Junior i ho ha fet nom\u00e9s unes setmanes despr\u00e9s de conquerir el t\u00edtol de Wimbledon. La vict\u00f2ria d'Ivanov permet a la Rafa Nadal Academy augmentar el palmar\u00e8s de t\u00edtols de Grand Slam Junior aconseguits pels seus jugadors. Ja s\u00f3n 13 els triomfs totals, set dels quals els van aconseguir en el quadre individual.","breadcrumb":{"@id":"https:\/\/www.rafanadalacademy.com\/ca\/rafa-nadal-academy-by-movistar-ca\/ivan-ivanov-conquista-lus-open-junior-i-suma-un-nou-titol-de-grand-slam-per-a-la-rafa-nadal-academy\/#breadcrumb"},"inLanguage":"ca","potentialAction":[{"@type":"ReadAction","target":["https:\/\/www.rafanadalacademy.com\/ca\/rafa-nadal-academy-by-movistar-ca\/ivan-ivanov-conquista-lus-open-junior-i-suma-un-nou-titol-de-grand-slam-per-a-la-rafa-nadal-academy\/"]}]},{"@type":"ImageObject","inLanguage":"ca","@id":"https:\/\/www.rafanadalacademy.com\/ca\/rafa-nadal-academy-by-movistar-ca\/ivan-ivanov-conquista-lus-open-junior-i-suma-un-nou-titol-de-grand-slam-per-a-la-rafa-nadal-academy\/#primaryimage","url":"https:\/\/www.rafanadalacademy.com\/wp-content\/uploads\/2025\/09\/Ivan-Ivanov-Photo-by-Dustin-Satloff_USTA--e1757321646901.jpg","contentUrl":"https:\/\/www.rafanadalacademy.com\/wp-content\/uploads\/2025\/09\/Ivan-Ivanov-Photo-by-Dustin-Satloff_USTA--e1757321646901.jpg","width":1280,"height":720,"caption":"Ivan Ivanov - Photo by Dustin Satloff_USTA"},{"@type":"BreadcrumbList","@id":"https:\/\/www.rafanadalacademy.com\/ca\/rafa-nadal-academy-by-movistar-ca\/ivan-ivanov-conquista-lus-open-junior-i-suma-un-nou-titol-de-grand-slam-per-a-la-rafa-nadal-academy\/#breadcrumb","itemListElement":[{"@type":"ListItem","position":1,"name":"Home","item":"https:\/\/www.rafanadalacademy.com\/ca\/"},{"@type":"ListItem","position":2,"name":"Ivan Ivanov conquista l\u2019US Open Junior i suma un nou t\u00edtol de Grand Slam per a la Rafa Nadal Academy"}]},{"@type":"WebSite","@id":"https:\/\/www.rafanadalacademy.com\/ca\/#website","url":"https:\/\/www.rafanadalacademy.com\/ca\/","name":"Rafa Nadal Academy","description":"Otro sitio realizado con WordPress","potentialAction":[{"@type":"SearchAction","target":{"@type":"EntryPoint","urlTemplate":"https:\/\/www.rafanadalacademy.com\/ca\/?s={search_term_string}"},"query-input":{"@type":"PropertyValueSpecification","valueRequired":true,"valueName":"search_term_string"}}],"inLanguage":"ca"},{"@type":"Person","@id":"https:\/\/www.rafanadalacademy.com\/ca\/#\/schema\/person\/744897d6ee269641fff954376180ef01","name":"joseluisprados","image":{"@type":"ImageObject","inLanguage":"ca","@id":"https:\/\/www.rafanadalacademy.com\/ca\/#\/schema\/person\/image\/","url":"https:\/\/secure.gravatar.com\/avatar\/8aa823a6e5501864ffab4785d9e2a994b59c2d45c9f9751c5a532abfec081e5f?s=96&d=mm&r=g","contentUrl":"https:\/\/secure.gravatar.com\/avatar\/8aa823a6e5501864ffab4785d9e2a994b59c2d45c9f9751c5a532abfec081e5f?s=96&d=mm&r=g","caption":"joseluisprados"},"url":"https:\/\/www.rafanadalacademy.com\/ca\/author\/joseluisprados\/"},{"@type":"ImageObject","inLanguage":"ca","@id":"https:\/\/www.rafanadalacademy.com\/ca\/rafa-nadal-academy-by-movistar-ca\/ivan-ivanov-conquista-lus-open-junior-i-suma-un-nou-titol-de-grand-slam-per-a-la-rafa-nadal-academy\/#local-main-organization-logo","url":"","contentUrl":"","caption":"Rafa Nadal Academy"}]}},"_links":{"self":[{"href":"https:\/\/www.rafanadalacademy.com\/ca\/wp-json\/wp\/v2\/posts\/31789","targetHints":{"allow":["GET"]}}],"collection":[{"href":"https:\/\/www.rafanadalacademy.com\/ca\/wp-json\/wp\/v2\/posts"}],"about":[{"href":"https:\/\/www.rafanadalacademy.com\/ca\/wp-json\/wp\/v2\/types\/post"}],"author":[{"embeddable":true,"href":"https:\/\/www.rafanadalacademy.com\/ca\/wp-json\/wp\/v2\/users\/23"}],"replies":[{"embeddable":true,"href":"https:\/\/www.rafanadalacademy.com\/ca\/wp-json\/wp\/v2\/comments?post=31789"}],"version-history":[{"count":2,"href":"https:\/\/www.rafanadalacademy.com\/ca\/wp-json\/wp\/v2\/posts\/31789\/revisions"}],"predecessor-version":[{"id":31792,"href":"https:\/\/www.rafanadalacademy.com\/ca\/wp-json\/wp\/v2\/posts\/31789\/revisions\/31792"}],"wp:featuredmedia":[{"embeddable":true,"href":"https:\/\/www.rafanadalacademy.com\/ca\/wp-json\/wp\/v2\/media\/31779"}],"wp:attachment":[{"href":"https:\/\/www.rafanadalacademy.com\/ca\/wp-json\/wp\/v2\/media?parent=31789"}],"wp:term":[{"taxonomy":"category","embeddable":true,"href":"https:\/\/www.rafanadalacademy.com\/ca\/wp-json\/wp\/v2\/categories?post=31789"},{"taxonomy":"post_tag","embeddable":true,"href":"https:\/\/www.rafanadalacademy.com\/ca\/wp-json\/wp\/v2\/tags?post=31789"}],"curies":[{"name":"wp","href":"https:\/\/api.w.org\/{rel}","templated":true}]}}