{"id":31703,"date":"2025-09-04T09:46:09","date_gmt":"2025-09-04T09:46:09","guid":{"rendered":"https:\/\/www.rafanadalacademy.com\/sin-categorizar\/lemotiu-discurs-de-dani-rincon-despres-de-conquerir-el-rafa-nadal-open-by-movistar\/"},"modified":"2025-09-04T09:51:19","modified_gmt":"2025-09-04T09:51:19","slug":"lemotiu-discurs-de-dani-rincon-despres-de-conquerir-el-rafa-nadal-open-by-movistar","status":"publish","type":"post","link":"https:\/\/www.rafanadalacademy.com\/ca\/rafa-nadal-academy-by-movistar-ca\/lemotiu-discurs-de-dani-rincon-despres-de-conquerir-el-rafa-nadal-open-by-movistar\/","title":{"rendered":"L&#8217;emotiu discurs de Dani Rinc\u00f3n despr\u00e9s de conquerir el Rafa Nadal Open by Movistar"},"content":{"rendered":"\n<p>El jugador format a la <strong>Rafa Nadal Academy<\/strong> va viure una de les nits m\u00e9s emotives de la seva carrera en proclamar-se campi\u00f3 del <a href=\"https:\/\/rafanadalopen.com\/\">Rafa Nadal Open by Movistar 2025<\/a> i convertir-se en el primer tennista espanyol a al\u00e7ar-se amb el t\u00edtol del torneig <strong>ATP Challenger<\/strong> .<\/p>\n\n<figure class=\"wp-block-image size-large\"><img loading=\"lazy\" decoding=\"async\" width=\"1024\" height=\"683\" src=\"https:\/\/www.rafanadalacademy.com\/wp-content\/uploads\/2025\/09\/Rafa-Nadal_RNO-2025_2272-1024x683.jpg\" alt=\"\" class=\"wp-image-31690\" srcset=\"https:\/\/www.rafanadalacademy.com\/wp-content\/uploads\/2025\/09\/Rafa-Nadal_RNO-2025_2272-1024x683.jpg 1024w, https:\/\/www.rafanadalacademy.com\/wp-content\/uploads\/2025\/09\/Rafa-Nadal_RNO-2025_2272-300x200.jpg 300w, https:\/\/www.rafanadalacademy.com\/wp-content\/uploads\/2025\/09\/Rafa-Nadal_RNO-2025_2272-768x512.jpg 768w, https:\/\/www.rafanadalacademy.com\/wp-content\/uploads\/2025\/09\/Rafa-Nadal_RNO-2025_2272-1536x1024.jpg 1536w, https:\/\/www.rafanadalacademy.com\/wp-content\/uploads\/2025\/09\/Rafa-Nadal_RNO-2025_2272-2048x1365.jpg 2048w\" sizes=\"auto, (max-width: 1024px) 100vw, 1024px\" \/><\/figure>\n\n<div style=\"height:57px\" aria-hidden=\"true\" class=\"wp-block-spacer\"><\/div>\n\n<p>Per aconseguir el segon Chaallenger de la seva carrera, Rinc\u00f3n va haver de derrotar a la gran final l&#8217;austr\u00edac <strong>Jurij Rodionov<\/strong> (7-5 \u200b\u200bi 6-2), que com a curiositat va derrotar el 2019 un jove Carlos Alcaraz a primera ronda.<\/p>\n\n<p>Despr\u00e9s d&#8217;aixecar el trofeu de campi\u00f3 al cel de Mallorca, Rinc\u00f3n va fer un discurs des del cor carregat d&#8217;agra\u00efments, emoci\u00f3 i viv\u00e8ncies personals. Dani va comen\u00e7ar donant les gr\u00e0cies a la <strong>Rafa Nadal Academy<\/strong> per la confian\u00e7a: &#8220;Em van portar aqu\u00ed ja fa sis anys, van confiar en mi quan era un nen i m&#8217;han ajudat molt\u00edssim&#8221;, va declarar. <\/p>\n\n<figure class=\"wp-block-embed is-type-video is-provider-youtube wp-block-embed-youtube wp-embed-aspect-16-9 wp-has-aspect-ratio\"><div class=\"wp-block-embed__wrapper\">\n<iframe loading=\"lazy\" title=\"Dani Rinc\u00f3n se emociona al ganar el Rafa Nadal Open by Movistar\" width=\"500\" height=\"281\" src=\"https:\/\/www.youtube.com\/embed\/fsNePJmxMk8?feature=oembed\" frameborder=\"0\" allow=\"accelerometer; autoplay; clipboard-write; encrypted-media; gyroscope; picture-in-picture; web-share\" referrerpolicy=\"strict-origin-when-cross-origin\" allowfullscreen><\/iframe>\n<\/div><\/figure>\n\n<div style=\"height:29px\" aria-hidden=\"true\" class=\"wp-block-spacer\"><\/div>\n\n<p>A m\u00e9s, ha recordat i ha valorat la import\u00e0ncia de tenir amistats que encara perduren en el temps: &#8220;Ja s\u00f3n molts amics que estan per aqu\u00ed, que m&#8217;han vingut a veure, i em fa molt\u00edssima il\u00b7lusi\u00f3 que puguin veure i gaudir d&#8217;una setmana tan bonica com aquesta. Poder gaudir de la seva companyia i veure que seguim mantenint l&#8217;amistat \u00e9s molt bonic&#8221;, ha sentenciat.<\/p>\n\n<p><strong>El vostre equip, la clau de l&#8217;\u00e8xit<\/strong><\/p>\n\n<p>Tampoc podia faltar una menci\u00f3 especial per als seus entrenadors, que l&#8217;han guiat en la seva evoluci\u00f3: &#8220;David, Jorge, Gustavo i JC, estic encantat de compartir el dia a dia amb vosaltres. La feina que feu \u00e9s incre\u00efble. Seguirem millorant dia a dia&#8221;.<\/p>\n\n<figure class=\"wp-block-embed is-type-video is-provider-youtube wp-block-embed-youtube wp-embed-aspect-16-9 wp-has-aspect-ratio\"><div class=\"wp-block-embed__wrapper\">\n<iframe loading=\"lazy\" title=\"Rafa Nadal presencia la final del Rafa Nadal Open by Movistar\" width=\"500\" height=\"281\" src=\"https:\/\/www.youtube.com\/embed\/yEA1qkXZKJI?feature=oembed\" frameborder=\"0\" allow=\"accelerometer; autoplay; clipboard-write; encrypted-media; gyroscope; picture-in-picture; web-share\" referrerpolicy=\"strict-origin-when-cross-origin\" allowfullscreen><\/iframe>\n<\/div><\/figure>\n\n<div style=\"height:30px\" aria-hidden=\"true\" class=\"wp-block-spacer\"><\/div>\n\n<p><br\/>Menci\u00f3 a part va mer\u00e8ixer Josep Riera, a qui va descriure com &#8220;un pare&#8221; en la seva traject\u00f2ria: &#8220;Al principi de la setmana semblava que res sortiria, per\u00f2 tu vas dir que pod\u00edem ser campions, i aqu\u00ed estem. Aix\u00ed que Aix\u00ed que, molt\u00edssimes gr\u00e0cies a tu ia la teva fam\u00edlia per tractar-me com un m\u00e9s&#8221;, va sentenciar, visiblement emocionat.<\/p>\n\n<p><br\/>En un cam\u00ed tan dur per progressar en el m\u00f3n del tennis, hi ha vict\u00f2ries que v\u00e9nen inspirades de persones amb hist\u00f2ries de gran superaci\u00f3, esfor\u00e7 i resili\u00e8ncia i la de Josep Salv\u00e0 en va ser una: &#8220;Mai et d\u00f3nes per ven\u00e7ut. Has passat anys molt durs i estic molt feli\u00e7 que hagis estat aqu\u00ed aquesta setmana. Aquest t\u00edtol va per tu&#8221;, va declarar entre ell.<br\/>Tamb\u00e9 va agrair a In\u00e9s, la seva parella i el seu principal suport fora de les pistes: &#8220;\u00c9s la que m&#8217;aguanta en el dia a dia, la que est\u00e0 en els pitjors moments. No estaria aqu\u00ed sense&#8221;.<\/p>\n\n<p><br\/><strong>El motor del torneig<\/strong><\/p>\n\n<p>Finalment, Dani va exal\u00e7ar el suport del <strong>p\u00fablic del Rafa Nadal Open by Movistar<\/strong> , que un dia m\u00e9s va omplir les grades de la pista central per portar a volar el jugador local: &#8220;No tinc paraules per descriure el que he sentit aqu\u00ed aquesta setmana. Hi ha hagut partits molt dif\u00edcils i sense la vostra ajuda hagu\u00e9s estat impossible aixecar aquest trofeu.&#8221; Moltes gr\u00e0cies de cor.<\/p>\n\n<div style=\"height:57px\" aria-hidden=\"true\" class=\"wp-block-spacer\"><\/div>\n\n<p><\/p>\n","protected":false},"excerpt":{"rendered":"<p>El jugador format a la Rafa Nadal Academy va viure una de les nits m\u00e9s emotives de la seva carrera en proclamar-se campi\u00f3 del Rafa Nadal Open by Movistar 2025 i convertir-se en el primer tennista espanyol a al\u00e7ar-se amb el t\u00edtol del torneig ATP Challenger . Per aconseguir el segon Chaallenger de la seva<a href=\"https:\/\/www.rafanadalacademy.com\/ca\/rafa-nadal-academy-by-movistar-ca\/lemotiu-discurs-de-dani-rincon-despres-de-conquerir-el-rafa-nadal-open-by-movistar\/\">Continue reading <span class=\"sr-only\">&#8220;L&#8217;emotiu discurs de Dani Rinc\u00f3n despr\u00e9s de conquerir el Rafa Nadal Open by Movistar&#8221;<\/span><\/a><\/p>\n","protected":false},"author":23,"featured_media":31683,"comment_status":"closed","ping_status":"closed","sticky":false,"template":"","format":"standard","meta":{"_acf_changed":false,"footnotes":""},"categories":[157,209,153],"tags":[210,154],"class_list":["post-31703","post","type-post","status-publish","format-standard","has-post-thumbnail","hentry","category-noticies","category-rafa-nadal-academy-by-movistar-ca","category-rafa-nadal-open-ca","tag-rafa-nadal-academy-by-movistar-ca","tag-rafa-nadal-open-ca"],"acf":[],"yoast_head":"<!-- This site is optimized with the Yoast SEO Premium plugin v26.8 (Yoast SEO v26.9) - https:\/\/yoast.com\/product\/yoast-seo-premium-wordpress\/ -->\n<title>L&#039;emotiu discurs de Dani Rinc\u00f3n despr\u00e9s de conquerir el Rafa Nadal Open by Movistar - Rafa Nadal Academy<\/title>\n<meta name=\"description\" content=\"Dani Rinc\u00f3n, jugador format a la Rafa Nadal Academy, va viure una de les nits m\u00e9s emotives de la seva carrera en proclamar-se campi\u00f3 del Rafa Nadal Open by Movistar 2025 i convertir-se en el primer tennista espanyol a al\u00e7ar-se amb el t\u00edtol del torneig ATP Challenger.\" \/>\n<meta name=\"robots\" content=\"index, follow, max-snippet:-1, max-image-preview:large, max-video-preview:-1\" \/>\n<link rel=\"canonical\" href=\"https:\/\/www.rafanadalacademy.com\/ca\/rafa-nadal-academy-by-movistar-ca\/lemotiu-discurs-de-dani-rincon-despres-de-conquerir-el-rafa-nadal-open-by-movistar\/\" \/>\n<meta property=\"og:locale\" content=\"ca_ES\" \/>\n<meta property=\"og:type\" content=\"article\" \/>\n<meta property=\"og:title\" content=\"L&#039;emotiu discurs de Dani Rinc\u00f3n despr\u00e9s de conquerir el Rafa Nadal Open by Movistar\" \/>\n<meta property=\"og:description\" content=\"Dani Rinc\u00f3n, jugador format a la Rafa Nadal Academy, va viure una de les nits m\u00e9s emotives de la seva carrera en proclamar-se campi\u00f3 del Rafa Nadal Open by Movistar 2025 i convertir-se en el primer tennista espanyol a al\u00e7ar-se amb el t\u00edtol del torneig ATP Challenger.\" \/>\n<meta property=\"og:url\" content=\"https:\/\/www.rafanadalacademy.com\/ca\/rafa-nadal-academy-by-movistar-ca\/lemotiu-discurs-de-dani-rincon-despres-de-conquerir-el-rafa-nadal-open-by-movistar\/\" \/>\n<meta property=\"og:site_name\" content=\"Rafa Nadal Academy\" \/>\n<meta property=\"article:published_time\" content=\"2025-09-04T09:46:09+00:00\" \/>\n<meta property=\"article:modified_time\" content=\"2025-09-04T09:51:19+00:00\" \/>\n<meta property=\"og:image\" content=\"https:\/\/www.rafanadalacademy.com\/wp-content\/uploads\/2025\/09\/Entrega-de-Premios_RNO-2025_2166-scaled-e1756979033936.jpg\" \/>\n\t<meta property=\"og:image:width\" content=\"2560\" \/>\n\t<meta property=\"og:image:height\" content=\"1707\" \/>\n\t<meta property=\"og:image:type\" content=\"image\/jpeg\" \/>\n<meta name=\"author\" content=\"joseluisprados\" \/>\n<meta name=\"twitter:card\" content=\"summary_large_image\" \/>\n<meta name=\"twitter:label1\" content=\"Written by\" \/>\n\t<meta name=\"twitter:data1\" content=\"joseluisprados\" \/>\n\t<meta name=\"twitter:label2\" content=\"Est. reading time\" \/>\n\t<meta name=\"twitter:data2\" content=\"3 minutes\" \/>\n<script type=\"application\/ld+json\" class=\"yoast-schema-graph\">{\"@context\":\"https:\/\/schema.org\",\"@graph\":[{\"@type\":\"Article\",\"@id\":\"https:\/\/www.rafanadalacademy.com\/ca\/rafa-nadal-academy-by-movistar-ca\/lemotiu-discurs-de-dani-rincon-despres-de-conquerir-el-rafa-nadal-open-by-movistar\/#article\",\"isPartOf\":{\"@id\":\"https:\/\/www.rafanadalacademy.com\/ca\/rafa-nadal-academy-by-movistar-ca\/lemotiu-discurs-de-dani-rincon-despres-de-conquerir-el-rafa-nadal-open-by-movistar\/\"},\"author\":{\"name\":\"joseluisprados\",\"@id\":\"https:\/\/www.rafanadalacademy.com\/ca\/#\/schema\/person\/744897d6ee269641fff954376180ef01\"},\"headline\":\"L&#8217;emotiu discurs de Dani Rinc\u00f3n despr\u00e9s de conquerir el Rafa Nadal Open by Movistar\",\"datePublished\":\"2025-09-04T09:46:09+00:00\",\"dateModified\":\"2025-09-04T09:51:19+00:00\",\"mainEntityOfPage\":{\"@id\":\"https:\/\/www.rafanadalacademy.com\/ca\/rafa-nadal-academy-by-movistar-ca\/lemotiu-discurs-de-dani-rincon-despres-de-conquerir-el-rafa-nadal-open-by-movistar\/\"},\"wordCount\":572,\"image\":{\"@id\":\"https:\/\/www.rafanadalacademy.com\/ca\/rafa-nadal-academy-by-movistar-ca\/lemotiu-discurs-de-dani-rincon-despres-de-conquerir-el-rafa-nadal-open-by-movistar\/#primaryimage\"},\"thumbnailUrl\":\"https:\/\/www.rafanadalacademy.com\/wp-content\/uploads\/2025\/09\/Entrega-de-Premios_RNO-2025_2166-scaled-e1756979033936.jpg\",\"keywords\":[\"RAFA NADAL ACADEMY BY MOVISTAR\",\"RAFA NADAL OPEN\"],\"articleSection\":[\"Not\u00edcies\",\"RAFA NADAL ACADEMY BY MOVISTAR\",\"RAFA NADAL OPEN\"],\"inLanguage\":\"ca\",\"copyrightYear\":\"2025\",\"copyrightHolder\":{\"@id\":\"https:\/\/www.rafanadalacademy.com\/#organization\"}},{\"@type\":\"WebPage\",\"@id\":\"https:\/\/www.rafanadalacademy.com\/ca\/rafa-nadal-academy-by-movistar-ca\/lemotiu-discurs-de-dani-rincon-despres-de-conquerir-el-rafa-nadal-open-by-movistar\/\",\"url\":\"https:\/\/www.rafanadalacademy.com\/ca\/rafa-nadal-academy-by-movistar-ca\/lemotiu-discurs-de-dani-rincon-despres-de-conquerir-el-rafa-nadal-open-by-movistar\/\",\"name\":\"L'emotiu discurs de Dani Rinc\u00f3n despr\u00e9s de conquerir el Rafa Nadal Open by Movistar - Rafa Nadal Academy\",\"isPartOf\":{\"@id\":\"https:\/\/www.rafanadalacademy.com\/ca\/#website\"},\"primaryImageOfPage\":{\"@id\":\"https:\/\/www.rafanadalacademy.com\/ca\/rafa-nadal-academy-by-movistar-ca\/lemotiu-discurs-de-dani-rincon-despres-de-conquerir-el-rafa-nadal-open-by-movistar\/#primaryimage\"},\"image\":{\"@id\":\"https:\/\/www.rafanadalacademy.com\/ca\/rafa-nadal-academy-by-movistar-ca\/lemotiu-discurs-de-dani-rincon-despres-de-conquerir-el-rafa-nadal-open-by-movistar\/#primaryimage\"},\"thumbnailUrl\":\"https:\/\/www.rafanadalacademy.com\/wp-content\/uploads\/2025\/09\/Entrega-de-Premios_RNO-2025_2166-scaled-e1756979033936.jpg\",\"datePublished\":\"2025-09-04T09:46:09+00:00\",\"dateModified\":\"2025-09-04T09:51:19+00:00\",\"author\":{\"@id\":\"https:\/\/www.rafanadalacademy.com\/ca\/#\/schema\/person\/744897d6ee269641fff954376180ef01\"},\"description\":\"Dani Rinc\u00f3n, jugador format a la Rafa Nadal Academy, va viure una de les nits m\u00e9s emotives de la seva carrera en proclamar-se campi\u00f3 del Rafa Nadal Open by Movistar 2025 i convertir-se en el primer tennista espanyol a al\u00e7ar-se amb el t\u00edtol del torneig ATP Challenger.\",\"breadcrumb\":{\"@id\":\"https:\/\/www.rafanadalacademy.com\/ca\/rafa-nadal-academy-by-movistar-ca\/lemotiu-discurs-de-dani-rincon-despres-de-conquerir-el-rafa-nadal-open-by-movistar\/#breadcrumb\"},\"inLanguage\":\"ca\",\"potentialAction\":[{\"@type\":\"ReadAction\",\"target\":[\"https:\/\/www.rafanadalacademy.com\/ca\/rafa-nadal-academy-by-movistar-ca\/lemotiu-discurs-de-dani-rincon-despres-de-conquerir-el-rafa-nadal-open-by-movistar\/\"]}]},{\"@type\":\"ImageObject\",\"inLanguage\":\"ca\",\"@id\":\"https:\/\/www.rafanadalacademy.com\/ca\/rafa-nadal-academy-by-movistar-ca\/lemotiu-discurs-de-dani-rincon-despres-de-conquerir-el-rafa-nadal-open-by-movistar\/#primaryimage\",\"url\":\"https:\/\/www.rafanadalacademy.com\/wp-content\/uploads\/2025\/09\/Entrega-de-Premios_RNO-2025_2166-scaled-e1756979033936.jpg\",\"contentUrl\":\"https:\/\/www.rafanadalacademy.com\/wp-content\/uploads\/2025\/09\/Entrega-de-Premios_RNO-2025_2166-scaled-e1756979033936.jpg\",\"width\":2560,\"height\":1707,\"caption\":\"Dani Rinc\u00f3n posa con el trofeo de campe\u00f3n del Rafa Nadal Open by Movsitar 2025\"},{\"@type\":\"BreadcrumbList\",\"@id\":\"https:\/\/www.rafanadalacademy.com\/ca\/rafa-nadal-academy-by-movistar-ca\/lemotiu-discurs-de-dani-rincon-despres-de-conquerir-el-rafa-nadal-open-by-movistar\/#breadcrumb\",\"itemListElement\":[{\"@type\":\"ListItem\",\"position\":1,\"name\":\"Home\",\"item\":\"https:\/\/www.rafanadalacademy.com\/ca\/\"},{\"@type\":\"ListItem\",\"position\":2,\"name\":\"L&#8217;emotiu discurs de Dani Rinc\u00f3n despr\u00e9s de conquerir el Rafa Nadal Open by Movistar\"}]},{\"@type\":\"WebSite\",\"@id\":\"https:\/\/www.rafanadalacademy.com\/ca\/#website\",\"url\":\"https:\/\/www.rafanadalacademy.com\/ca\/\",\"name\":\"Rafa Nadal Academy\",\"description\":\"Otro sitio realizado con WordPress\",\"potentialAction\":[{\"@type\":\"SearchAction\",\"target\":{\"@type\":\"EntryPoint\",\"urlTemplate\":\"https:\/\/www.rafanadalacademy.com\/ca\/?s={search_term_string}\"},\"query-input\":{\"@type\":\"PropertyValueSpecification\",\"valueRequired\":true,\"valueName\":\"search_term_string\"}}],\"inLanguage\":\"ca\"},{\"@type\":\"Person\",\"@id\":\"https:\/\/www.rafanadalacademy.com\/ca\/#\/schema\/person\/744897d6ee269641fff954376180ef01\",\"name\":\"joseluisprados\",\"image\":{\"@type\":\"ImageObject\",\"inLanguage\":\"ca\",\"@id\":\"https:\/\/www.rafanadalacademy.com\/ca\/#\/schema\/person\/image\/\",\"url\":\"https:\/\/secure.gravatar.com\/avatar\/8aa823a6e5501864ffab4785d9e2a994b59c2d45c9f9751c5a532abfec081e5f?s=96&d=mm&r=g\",\"contentUrl\":\"https:\/\/secure.gravatar.com\/avatar\/8aa823a6e5501864ffab4785d9e2a994b59c2d45c9f9751c5a532abfec081e5f?s=96&d=mm&r=g\",\"caption\":\"joseluisprados\"},\"url\":\"https:\/\/www.rafanadalacademy.com\/ca\/author\/joseluisprados\/\"},{\"@type\":\"ImageObject\",\"inLanguage\":\"ca\",\"@id\":\"https:\/\/www.rafanadalacademy.com\/ca\/rafa-nadal-academy-by-movistar-ca\/lemotiu-discurs-de-dani-rincon-despres-de-conquerir-el-rafa-nadal-open-by-movistar\/#local-main-organization-logo\",\"url\":\"\",\"contentUrl\":\"\",\"caption\":\"Rafa Nadal Academy\"}]}<\/script>\n<!-- \/ Yoast SEO Premium plugin. -->","yoast_head_json":{"title":"L'emotiu discurs de Dani Rinc\u00f3n despr\u00e9s de conquerir el Rafa Nadal Open by Movistar - Rafa Nadal Academy","description":"Dani Rinc\u00f3n, jugador format a la Rafa Nadal Academy, va viure una de les nits m\u00e9s emotives de la seva carrera en proclamar-se campi\u00f3 del Rafa Nadal Open by Movistar 2025 i convertir-se en el primer tennista espanyol a al\u00e7ar-se amb el t\u00edtol del torneig ATP Challenger.","robots":{"index":"index","follow":"follow","max-snippet":"max-snippet:-1","max-image-preview":"max-image-preview:large","max-video-preview":"max-video-preview:-1"},"canonical":"https:\/\/www.rafanadalacademy.com\/ca\/rafa-nadal-academy-by-movistar-ca\/lemotiu-discurs-de-dani-rincon-despres-de-conquerir-el-rafa-nadal-open-by-movistar\/","og_locale":"ca_ES","og_type":"article","og_title":"L'emotiu discurs de Dani Rinc\u00f3n despr\u00e9s de conquerir el Rafa Nadal Open by Movistar","og_description":"Dani Rinc\u00f3n, jugador format a la Rafa Nadal Academy, va viure una de les nits m\u00e9s emotives de la seva carrera en proclamar-se campi\u00f3 del Rafa Nadal Open by Movistar 2025 i convertir-se en el primer tennista espanyol a al\u00e7ar-se amb el t\u00edtol del torneig ATP Challenger.","og_url":"https:\/\/www.rafanadalacademy.com\/ca\/rafa-nadal-academy-by-movistar-ca\/lemotiu-discurs-de-dani-rincon-despres-de-conquerir-el-rafa-nadal-open-by-movistar\/","og_site_name":"Rafa Nadal Academy","article_published_time":"2025-09-04T09:46:09+00:00","article_modified_time":"2025-09-04T09:51:19+00:00","og_image":[{"width":2560,"height":1707,"url":"https:\/\/www.rafanadalacademy.com\/wp-content\/uploads\/2025\/09\/Entrega-de-Premios_RNO-2025_2166-scaled-e1756979033936.jpg","type":"image\/jpeg"}],"author":"joseluisprados","twitter_card":"summary_large_image","twitter_misc":{"Written by":"joseluisprados","Est. reading time":"3 minutes"},"schema":{"@context":"https:\/\/schema.org","@graph":[{"@type":"Article","@id":"https:\/\/www.rafanadalacademy.com\/ca\/rafa-nadal-academy-by-movistar-ca\/lemotiu-discurs-de-dani-rincon-despres-de-conquerir-el-rafa-nadal-open-by-movistar\/#article","isPartOf":{"@id":"https:\/\/www.rafanadalacademy.com\/ca\/rafa-nadal-academy-by-movistar-ca\/lemotiu-discurs-de-dani-rincon-despres-de-conquerir-el-rafa-nadal-open-by-movistar\/"},"author":{"name":"joseluisprados","@id":"https:\/\/www.rafanadalacademy.com\/ca\/#\/schema\/person\/744897d6ee269641fff954376180ef01"},"headline":"L&#8217;emotiu discurs de Dani Rinc\u00f3n despr\u00e9s de conquerir el Rafa Nadal Open by Movistar","datePublished":"2025-09-04T09:46:09+00:00","dateModified":"2025-09-04T09:51:19+00:00","mainEntityOfPage":{"@id":"https:\/\/www.rafanadalacademy.com\/ca\/rafa-nadal-academy-by-movistar-ca\/lemotiu-discurs-de-dani-rincon-despres-de-conquerir-el-rafa-nadal-open-by-movistar\/"},"wordCount":572,"image":{"@id":"https:\/\/www.rafanadalacademy.com\/ca\/rafa-nadal-academy-by-movistar-ca\/lemotiu-discurs-de-dani-rincon-despres-de-conquerir-el-rafa-nadal-open-by-movistar\/#primaryimage"},"thumbnailUrl":"https:\/\/www.rafanadalacademy.com\/wp-content\/uploads\/2025\/09\/Entrega-de-Premios_RNO-2025_2166-scaled-e1756979033936.jpg","keywords":["RAFA NADAL ACADEMY BY MOVISTAR","RAFA NADAL OPEN"],"articleSection":["Not\u00edcies","RAFA NADAL ACADEMY BY MOVISTAR","RAFA NADAL OPEN"],"inLanguage":"ca","copyrightYear":"2025","copyrightHolder":{"@id":"https:\/\/www.rafanadalacademy.com\/#organization"}},{"@type":"WebPage","@id":"https:\/\/www.rafanadalacademy.com\/ca\/rafa-nadal-academy-by-movistar-ca\/lemotiu-discurs-de-dani-rincon-despres-de-conquerir-el-rafa-nadal-open-by-movistar\/","url":"https:\/\/www.rafanadalacademy.com\/ca\/rafa-nadal-academy-by-movistar-ca\/lemotiu-discurs-de-dani-rincon-despres-de-conquerir-el-rafa-nadal-open-by-movistar\/","name":"L'emotiu discurs de Dani Rinc\u00f3n despr\u00e9s de conquerir el Rafa Nadal Open by Movistar - Rafa Nadal Academy","isPartOf":{"@id":"https:\/\/www.rafanadalacademy.com\/ca\/#website"},"primaryImageOfPage":{"@id":"https:\/\/www.rafanadalacademy.com\/ca\/rafa-nadal-academy-by-movistar-ca\/lemotiu-discurs-de-dani-rincon-despres-de-conquerir-el-rafa-nadal-open-by-movistar\/#primaryimage"},"image":{"@id":"https:\/\/www.rafanadalacademy.com\/ca\/rafa-nadal-academy-by-movistar-ca\/lemotiu-discurs-de-dani-rincon-despres-de-conquerir-el-rafa-nadal-open-by-movistar\/#primaryimage"},"thumbnailUrl":"https:\/\/www.rafanadalacademy.com\/wp-content\/uploads\/2025\/09\/Entrega-de-Premios_RNO-2025_2166-scaled-e1756979033936.jpg","datePublished":"2025-09-04T09:46:09+00:00","dateModified":"2025-09-04T09:51:19+00:00","author":{"@id":"https:\/\/www.rafanadalacademy.com\/ca\/#\/schema\/person\/744897d6ee269641fff954376180ef01"},"description":"Dani Rinc\u00f3n, jugador format a la Rafa Nadal Academy, va viure una de les nits m\u00e9s emotives de la seva carrera en proclamar-se campi\u00f3 del Rafa Nadal Open by Movistar 2025 i convertir-se en el primer tennista espanyol a al\u00e7ar-se amb el t\u00edtol del torneig ATP Challenger.","breadcrumb":{"@id":"https:\/\/www.rafanadalacademy.com\/ca\/rafa-nadal-academy-by-movistar-ca\/lemotiu-discurs-de-dani-rincon-despres-de-conquerir-el-rafa-nadal-open-by-movistar\/#breadcrumb"},"inLanguage":"ca","potentialAction":[{"@type":"ReadAction","target":["https:\/\/www.rafanadalacademy.com\/ca\/rafa-nadal-academy-by-movistar-ca\/lemotiu-discurs-de-dani-rincon-despres-de-conquerir-el-rafa-nadal-open-by-movistar\/"]}]},{"@type":"ImageObject","inLanguage":"ca","@id":"https:\/\/www.rafanadalacademy.com\/ca\/rafa-nadal-academy-by-movistar-ca\/lemotiu-discurs-de-dani-rincon-despres-de-conquerir-el-rafa-nadal-open-by-movistar\/#primaryimage","url":"https:\/\/www.rafanadalacademy.com\/wp-content\/uploads\/2025\/09\/Entrega-de-Premios_RNO-2025_2166-scaled-e1756979033936.jpg","contentUrl":"https:\/\/www.rafanadalacademy.com\/wp-content\/uploads\/2025\/09\/Entrega-de-Premios_RNO-2025_2166-scaled-e1756979033936.jpg","width":2560,"height":1707,"caption":"Dani Rinc\u00f3n posa con el trofeo de campe\u00f3n del Rafa Nadal Open by Movsitar 2025"},{"@type":"BreadcrumbList","@id":"https:\/\/www.rafanadalacademy.com\/ca\/rafa-nadal-academy-by-movistar-ca\/lemotiu-discurs-de-dani-rincon-despres-de-conquerir-el-rafa-nadal-open-by-movistar\/#breadcrumb","itemListElement":[{"@type":"ListItem","position":1,"name":"Home","item":"https:\/\/www.rafanadalacademy.com\/ca\/"},{"@type":"ListItem","position":2,"name":"L&#8217;emotiu discurs de Dani Rinc\u00f3n despr\u00e9s de conquerir el Rafa Nadal Open by Movistar"}]},{"@type":"WebSite","@id":"https:\/\/www.rafanadalacademy.com\/ca\/#website","url":"https:\/\/www.rafanadalacademy.com\/ca\/","name":"Rafa Nadal Academy","description":"Otro sitio realizado con WordPress","potentialAction":[{"@type":"SearchAction","target":{"@type":"EntryPoint","urlTemplate":"https:\/\/www.rafanadalacademy.com\/ca\/?s={search_term_string}"},"query-input":{"@type":"PropertyValueSpecification","valueRequired":true,"valueName":"search_term_string"}}],"inLanguage":"ca"},{"@type":"Person","@id":"https:\/\/www.rafanadalacademy.com\/ca\/#\/schema\/person\/744897d6ee269641fff954376180ef01","name":"joseluisprados","image":{"@type":"ImageObject","inLanguage":"ca","@id":"https:\/\/www.rafanadalacademy.com\/ca\/#\/schema\/person\/image\/","url":"https:\/\/secure.gravatar.com\/avatar\/8aa823a6e5501864ffab4785d9e2a994b59c2d45c9f9751c5a532abfec081e5f?s=96&d=mm&r=g","contentUrl":"https:\/\/secure.gravatar.com\/avatar\/8aa823a6e5501864ffab4785d9e2a994b59c2d45c9f9751c5a532abfec081e5f?s=96&d=mm&r=g","caption":"joseluisprados"},"url":"https:\/\/www.rafanadalacademy.com\/ca\/author\/joseluisprados\/"},{"@type":"ImageObject","inLanguage":"ca","@id":"https:\/\/www.rafanadalacademy.com\/ca\/rafa-nadal-academy-by-movistar-ca\/lemotiu-discurs-de-dani-rincon-despres-de-conquerir-el-rafa-nadal-open-by-movistar\/#local-main-organization-logo","url":"","contentUrl":"","caption":"Rafa Nadal Academy"}]}},"_links":{"self":[{"href":"https:\/\/www.rafanadalacademy.com\/ca\/wp-json\/wp\/v2\/posts\/31703","targetHints":{"allow":["GET"]}}],"collection":[{"href":"https:\/\/www.rafanadalacademy.com\/ca\/wp-json\/wp\/v2\/posts"}],"about":[{"href":"https:\/\/www.rafanadalacademy.com\/ca\/wp-json\/wp\/v2\/types\/post"}],"author":[{"embeddable":true,"href":"https:\/\/www.rafanadalacademy.com\/ca\/wp-json\/wp\/v2\/users\/23"}],"replies":[{"embeddable":true,"href":"https:\/\/www.rafanadalacademy.com\/ca\/wp-json\/wp\/v2\/comments?post=31703"}],"version-history":[{"count":1,"href":"https:\/\/www.rafanadalacademy.com\/ca\/wp-json\/wp\/v2\/posts\/31703\/revisions"}],"predecessor-version":[{"id":31704,"href":"https:\/\/www.rafanadalacademy.com\/ca\/wp-json\/wp\/v2\/posts\/31703\/revisions\/31704"}],"wp:featuredmedia":[{"embeddable":true,"href":"https:\/\/www.rafanadalacademy.com\/ca\/wp-json\/wp\/v2\/media\/31683"}],"wp:attachment":[{"href":"https:\/\/www.rafanadalacademy.com\/ca\/wp-json\/wp\/v2\/media?parent=31703"}],"wp:term":[{"taxonomy":"category","embeddable":true,"href":"https:\/\/www.rafanadalacademy.com\/ca\/wp-json\/wp\/v2\/categories?post=31703"},{"taxonomy":"post_tag","embeddable":true,"href":"https:\/\/www.rafanadalacademy.com\/ca\/wp-json\/wp\/v2\/tags?post=31703"}],"curies":[{"name":"wp","href":"https:\/\/api.w.org\/{rel}","templated":true}]}}