{"id":31441,"date":"2025-08-31T19:50:14","date_gmt":"2025-08-31T19:50:14","guid":{"rendered":"https:\/\/www.rafanadalacademy.com\/sin-categorizar\/dani-rincon-es-proclama-campio-del-rafa-nadal-open-by-movistar-davant-latenta-mirada-de-rafa-nadal\/"},"modified":"2025-08-31T20:29:44","modified_gmt":"2025-08-31T20:29:44","slug":"dani-rincon-es-proclama-campio-del-rafa-nadal-open-by-movistar-davant-latenta-mirada-de-rafa-nadal","status":"publish","type":"post","link":"https:\/\/www.rafanadalacademy.com\/ca\/rafa-nadal-academy-by-movistar-ca\/dani-rincon-es-proclama-campio-del-rafa-nadal-open-by-movistar-davant-latenta-mirada-de-rafa-nadal\/","title":{"rendered":"Dani Rinc\u00f3n es proclama campi\u00f3 del Rafa Nadal Open by Movistar davant l&#8217;atenta mirada de Rafa Nadal"},"content":{"rendered":"\n<p><strong>Dani Rinc\u00f3n<\/strong> va conquistar la setena edici\u00f3 del <strong>Rafa Nadal Open by Movistar<\/strong> , torneig de <strong>l&#8217;ATP Challenger Tour<\/strong> que s&#8217;ha celebrat aquesta setmana a la Rafa Nadal Academy. Despr\u00e9s d&#8217;una dura batalla pel t\u00edtol i davant d&#8217;una pista central abarrotada, el jugador avil\u00e8s es va imposar a l&#8217;austr\u00edac <strong>Jurij Rodionov<\/strong> per 7-6(3) i 6-2, en una hora i 43 minuts de joc. <\/p>\n\n<figure class=\"wp-block-image size-large\"><img loading=\"lazy\" decoding=\"async\" width=\"1024\" height=\"683\" src=\"https:\/\/www.rafanadalacademy.com\/wp-content\/uploads\/2025\/08\/Imagen-de-WhatsApp-2025-08-31-a-las-21.47.08_b6e57c75-1024x683.jpg\" alt=\"\" class=\"wp-image-31430\" srcset=\"https:\/\/www.rafanadalacademy.com\/wp-content\/uploads\/2025\/08\/Imagen-de-WhatsApp-2025-08-31-a-las-21.47.08_b6e57c75-1024x683.jpg 1024w, https:\/\/www.rafanadalacademy.com\/wp-content\/uploads\/2025\/08\/Imagen-de-WhatsApp-2025-08-31-a-las-21.47.08_b6e57c75-300x200.jpg 300w, https:\/\/www.rafanadalacademy.com\/wp-content\/uploads\/2025\/08\/Imagen-de-WhatsApp-2025-08-31-a-las-21.47.08_b6e57c75-768x512.jpg 768w, https:\/\/www.rafanadalacademy.com\/wp-content\/uploads\/2025\/08\/Imagen-de-WhatsApp-2025-08-31-a-las-21.47.08_b6e57c75-1536x1024.jpg 1536w, https:\/\/www.rafanadalacademy.com\/wp-content\/uploads\/2025\/08\/Imagen-de-WhatsApp-2025-08-31-a-las-21.47.08_b6e57c75-2048x1365.jpg 2048w\" sizes=\"auto, (max-width: 1024px) 100vw, 1024px\" \/><\/figure>\n\n<div style=\"height:57px\" aria-hidden=\"true\" class=\"wp-block-spacer\"><\/div>\n\n<p>Rac\u00f3, format a la Rafa Nadal Academy i <strong>campi\u00f3 de l&#8217;US Open J\u00fanior<\/strong> el 2021, va tenir un inici fulgurant, col\u00b7locant-se 3-0 al primer set. Tot i aix\u00f2, Rodionov va reaccionar i va recuperar el break en el set\u00e8 joc, igualant despr\u00e9s la m\u00e0niga a quatre. El desenlla\u00e7 va arribar al tie-break, on Dani no va donar opci\u00f3.  <\/p>\n\n<p>A la segona m\u00e0nega, Rinc\u00f3n va trencar el servei del seu rival en el tercer joc i va tornar a fer-ho al cinqu\u00e8, tancant el partit amb un clar 6-2.<\/p>\n\n<p>Despr\u00e9s de recollir el trofeu de Campi\u00f3 de mans de Carmen S\u00e1nchez de Medina, Cap de Patrocinis de Telef\u00f3nica, Dani Rinc\u00f3n va obrir el seu discurs amb un emotiu agra\u00efment a la Rafa Nadal Academy: <strong><em>\u201cEm van portar aqu\u00ed ja fa sis anys, van confiar en mi quan era un nen, m&#8217;han ajudat molt\u00edssim i molt\u201d.<\/em><\/strong><\/p>\n\n<p>El torneig, ja consolidat com un dels referents del circuit ATP Challenger, va comptar durant la setmana amb la pres\u00e8ncia del mateix <strong>Rafa Nadal<\/strong> , que tampoc es va voler perdre la gran final.<\/p>\n\n<figure class=\"wp-block-image size-large\"><img loading=\"lazy\" decoding=\"async\" width=\"1024\" height=\"683\" src=\"https:\/\/www.rafanadalacademy.com\/wp-content\/uploads\/2025\/08\/Imagen-de-WhatsApp-2025-08-31-a-las-20.12.51_bd86487f-1024x683.jpg\" alt=\"\" class=\"wp-image-31404\" srcset=\"https:\/\/www.rafanadalacademy.com\/wp-content\/uploads\/2025\/08\/Imagen-de-WhatsApp-2025-08-31-a-las-20.12.51_bd86487f-1024x683.jpg 1024w, https:\/\/www.rafanadalacademy.com\/wp-content\/uploads\/2025\/08\/Imagen-de-WhatsApp-2025-08-31-a-las-20.12.51_bd86487f-300x200.jpg 300w, https:\/\/www.rafanadalacademy.com\/wp-content\/uploads\/2025\/08\/Imagen-de-WhatsApp-2025-08-31-a-las-20.12.51_bd86487f-768x512.jpg 768w, https:\/\/www.rafanadalacademy.com\/wp-content\/uploads\/2025\/08\/Imagen-de-WhatsApp-2025-08-31-a-las-20.12.51_bd86487f-1536x1024.jpg 1536w, https:\/\/www.rafanadalacademy.com\/wp-content\/uploads\/2025\/08\/Imagen-de-WhatsApp-2025-08-31-a-las-20.12.51_bd86487f-2048x1365.jpg 2048w\" sizes=\"auto, (max-width: 1024px) 100vw, 1024px\" \/><\/figure>\n\n<div style=\"height:57px\" aria-hidden=\"true\" class=\"wp-block-spacer\"><\/div>\n\n<p><br\/>El director del torneig, <strong>Joan Suasi<\/strong> , va agrair al p\u00fablic la magn\u00edfica resposta durant tota la setmana: <em>&#8220;\u00c9s una meravella veure aquest ambient\u00e0s. Ha estat una setmana fant\u00e0stica de p\u00fablic, d&#8217;esdeveniments, i esperem poder comptar amb vosaltres molts anys m\u00e9s&#8221;.<\/em><\/p>\n\n<p>Sobre el triomf d&#8217;un jugador de l&#8217;Acad\u00e8mia, Suasi va felicitar Rinc\u00f3n:<br\/> <em>\u201c\u00c9s un \u00e8xit, estem molt contents des de la Rafa Nadal Academy que Dani hagi guanyat el torneig despr\u00e9s de molts anys intentant-ho\u201d.<\/em><\/p>\n\n<figure class=\"wp-block-image size-large\"><img loading=\"lazy\" decoding=\"async\" width=\"1024\" height=\"683\" src=\"https:\/\/www.rafanadalacademy.com\/wp-content\/uploads\/2025\/08\/Imagen-de-WhatsApp-2025-08-31-a-las-20.16.22_038d165d-1024x683.jpg\" alt=\"\" class=\"wp-image-31412\" srcset=\"https:\/\/www.rafanadalacademy.com\/wp-content\/uploads\/2025\/08\/Imagen-de-WhatsApp-2025-08-31-a-las-20.16.22_038d165d-1024x683.jpg 1024w, https:\/\/www.rafanadalacademy.com\/wp-content\/uploads\/2025\/08\/Imagen-de-WhatsApp-2025-08-31-a-las-20.16.22_038d165d-300x200.jpg 300w, https:\/\/www.rafanadalacademy.com\/wp-content\/uploads\/2025\/08\/Imagen-de-WhatsApp-2025-08-31-a-las-20.16.22_038d165d-768x512.jpg 768w, https:\/\/www.rafanadalacademy.com\/wp-content\/uploads\/2025\/08\/Imagen-de-WhatsApp-2025-08-31-a-las-20.16.22_038d165d-1536x1024.jpg 1536w, https:\/\/www.rafanadalacademy.com\/wp-content\/uploads\/2025\/08\/Imagen-de-WhatsApp-2025-08-31-a-las-20.16.22_038d165d-2048x1365.jpg 2048w\" sizes=\"auto, (max-width: 1024px) 100vw, 1024px\" \/><\/figure>\n\n<div style=\"height:57px\" aria-hidden=\"true\" class=\"wp-block-spacer\"><\/div>\n\n<p>Amb aquest triomf, <strong>Dani Rinc\u00f3n<\/strong> inscriu el seu nom en un palmar\u00e8s en qu\u00e8 ja figuren el croat <strong>Duje Ajdukovic<\/strong> (2024), el serbi <strong>Hamad Medjedovic<\/strong> (2023), l&#8217;itali\u00e0 <strong>Luca Nardi<\/strong> (2022), l&#8217;eslovac <strong>Lukas Lacko<\/strong> (2021) <strong>,<\/strong> el finland\u00e8s <strong>Emil<\/strong> (2018).<\/p>\n","protected":false},"excerpt":{"rendered":"<p>Dani Rinc\u00f3n va conquistar la setena edici\u00f3 del Rafa Nadal Open by Movistar , torneig de l&#8217;ATP Challenger Tour que s&#8217;ha celebrat aquesta setmana a la Rafa Nadal Academy. Despr\u00e9s d&#8217;una dura batalla pel t\u00edtol i davant d&#8217;una pista central abarrotada, el jugador avil\u00e8s es va imposar a l&#8217;austr\u00edac Jurij Rodionov per 7-6(3) i 6-2,<a href=\"https:\/\/www.rafanadalacademy.com\/ca\/rafa-nadal-academy-by-movistar-ca\/dani-rincon-es-proclama-campio-del-rafa-nadal-open-by-movistar-davant-latenta-mirada-de-rafa-nadal\/\">Continue reading <span class=\"sr-only\">&#8220;Dani Rinc\u00f3n es proclama campi\u00f3 del Rafa Nadal Open by Movistar davant l&#8217;atenta mirada de Rafa Nadal&#8221;<\/span><\/a><\/p>\n","protected":false},"author":23,"featured_media":31423,"comment_status":"closed","ping_status":"closed","sticky":false,"template":"","format":"standard","meta":{"_acf_changed":false,"footnotes":""},"categories":[157,209,153],"tags":[210,154],"class_list":["post-31441","post","type-post","status-publish","format-standard","has-post-thumbnail","hentry","category-noticies","category-rafa-nadal-academy-by-movistar-ca","category-rafa-nadal-open-ca","tag-rafa-nadal-academy-by-movistar-ca","tag-rafa-nadal-open-ca"],"acf":[],"yoast_head":"<!-- This site is optimized with the Yoast SEO Premium plugin v26.8 (Yoast SEO v26.9) - https:\/\/yoast.com\/product\/yoast-seo-premium-wordpress\/ -->\n<title>Dani Rinc\u00f3n es proclama campi\u00f3 del Rafa Nadal Open by Movistar davant l&#039;atenta mirada de Rafa Nadal - Rafa Nadal Academy<\/title>\n<meta name=\"description\" content=\"Dani Rinc\u00f3n va conquistar la setena edici\u00f3 del Rafa Nadal Open by Movistar, torneig de l&#039;ATP Challenger Tour que s&#039;ha celebrat aquesta setmana a la Rafa Nadal Academy. Despr\u00e9s d&#039;una dura batalla pel t\u00edtol i davant d&#039;una pista central abarrotada, el jugador avil\u00e8s es va imposar a l&#039;austr\u00edac Jurij Rodionov per 7-6(3) i 6-2, en una hora i 43 minuts de joc.\" \/>\n<meta name=\"robots\" content=\"index, follow, max-snippet:-1, max-image-preview:large, max-video-preview:-1\" \/>\n<link rel=\"canonical\" href=\"https:\/\/www.rafanadalacademy.com\/ca\/rafa-nadal-academy-by-movistar-ca\/dani-rincon-es-proclama-campio-del-rafa-nadal-open-by-movistar-davant-latenta-mirada-de-rafa-nadal\/\" \/>\n<meta property=\"og:locale\" content=\"ca_ES\" \/>\n<meta property=\"og:type\" content=\"article\" \/>\n<meta property=\"og:title\" content=\"Dani Rinc\u00f3n es proclama campi\u00f3 del Rafa Nadal Open by Movistar davant l&#039;atenta mirada de Rafa Nadal\" \/>\n<meta property=\"og:description\" content=\"Dani Rinc\u00f3n va conquistar la setena edici\u00f3 del Rafa Nadal Open by Movistar, torneig de l&#039;ATP Challenger Tour que s&#039;ha celebrat aquesta setmana a la Rafa Nadal Academy. Despr\u00e9s d&#039;una dura batalla pel t\u00edtol i davant d&#039;una pista central abarrotada, el jugador avil\u00e8s es va imposar a l&#039;austr\u00edac Jurij Rodionov per 7-6(3) i 6-2, en una hora i 43 minuts de joc.\" \/>\n<meta property=\"og:url\" content=\"https:\/\/www.rafanadalacademy.com\/ca\/rafa-nadal-academy-by-movistar-ca\/dani-rincon-es-proclama-campio-del-rafa-nadal-open-by-movistar-davant-latenta-mirada-de-rafa-nadal\/\" \/>\n<meta property=\"og:site_name\" content=\"Rafa Nadal Academy\" \/>\n<meta property=\"article:published_time\" content=\"2025-08-31T19:50:14+00:00\" \/>\n<meta property=\"article:modified_time\" content=\"2025-08-31T20:29:44+00:00\" \/>\n<meta property=\"og:image\" content=\"https:\/\/www.rafanadalacademy.com\/wp-content\/uploads\/2025\/08\/Imagen-de-WhatsApp-2025-08-31-a-las-21.44.47_7c1ec156-scaled.jpg\" \/>\n\t<meta property=\"og:image:width\" content=\"2560\" \/>\n\t<meta property=\"og:image:height\" content=\"1707\" \/>\n\t<meta property=\"og:image:type\" content=\"image\/jpeg\" \/>\n<meta name=\"author\" content=\"joseluisprados\" \/>\n<meta name=\"twitter:card\" content=\"summary_large_image\" \/>\n<meta name=\"twitter:label1\" content=\"Written by\" \/>\n\t<meta name=\"twitter:data1\" content=\"joseluisprados\" \/>\n\t<meta name=\"twitter:label2\" content=\"Est. reading time\" \/>\n\t<meta name=\"twitter:data2\" content=\"2 minutes\" \/>\n<script type=\"application\/ld+json\" class=\"yoast-schema-graph\">{\"@context\":\"https:\/\/schema.org\",\"@graph\":[{\"@type\":\"Article\",\"@id\":\"https:\/\/www.rafanadalacademy.com\/ca\/rafa-nadal-academy-by-movistar-ca\/dani-rincon-es-proclama-campio-del-rafa-nadal-open-by-movistar-davant-latenta-mirada-de-rafa-nadal\/#article\",\"isPartOf\":{\"@id\":\"https:\/\/www.rafanadalacademy.com\/ca\/rafa-nadal-academy-by-movistar-ca\/dani-rincon-es-proclama-campio-del-rafa-nadal-open-by-movistar-davant-latenta-mirada-de-rafa-nadal\/\"},\"author\":{\"name\":\"joseluisprados\",\"@id\":\"https:\/\/www.rafanadalacademy.com\/ca\/#\/schema\/person\/744897d6ee269641fff954376180ef01\"},\"headline\":\"Dani Rinc\u00f3n es proclama campi\u00f3 del Rafa Nadal Open by Movistar davant l&#8217;atenta mirada de Rafa Nadal\",\"datePublished\":\"2025-08-31T19:50:14+00:00\",\"dateModified\":\"2025-08-31T20:29:44+00:00\",\"mainEntityOfPage\":{\"@id\":\"https:\/\/www.rafanadalacademy.com\/ca\/rafa-nadal-academy-by-movistar-ca\/dani-rincon-es-proclama-campio-del-rafa-nadal-open-by-movistar-davant-latenta-mirada-de-rafa-nadal\/\"},\"wordCount\":405,\"image\":{\"@id\":\"https:\/\/www.rafanadalacademy.com\/ca\/rafa-nadal-academy-by-movistar-ca\/dani-rincon-es-proclama-campio-del-rafa-nadal-open-by-movistar-davant-latenta-mirada-de-rafa-nadal\/#primaryimage\"},\"thumbnailUrl\":\"https:\/\/www.rafanadalacademy.com\/wp-content\/uploads\/2025\/08\/Imagen-de-WhatsApp-2025-08-31-a-las-21.44.47_7c1ec156-scaled.jpg\",\"keywords\":[\"RAFA NADAL ACADEMY BY MOVISTAR\",\"RAFA NADAL OPEN\"],\"articleSection\":[\"Not\u00edcies\",\"RAFA NADAL ACADEMY BY MOVISTAR\",\"RAFA NADAL OPEN\"],\"inLanguage\":\"ca\",\"copyrightYear\":\"2025\",\"copyrightHolder\":{\"@id\":\"https:\/\/www.rafanadalacademy.com\/#organization\"}},{\"@type\":\"WebPage\",\"@id\":\"https:\/\/www.rafanadalacademy.com\/ca\/rafa-nadal-academy-by-movistar-ca\/dani-rincon-es-proclama-campio-del-rafa-nadal-open-by-movistar-davant-latenta-mirada-de-rafa-nadal\/\",\"url\":\"https:\/\/www.rafanadalacademy.com\/ca\/rafa-nadal-academy-by-movistar-ca\/dani-rincon-es-proclama-campio-del-rafa-nadal-open-by-movistar-davant-latenta-mirada-de-rafa-nadal\/\",\"name\":\"Dani Rinc\u00f3n es proclama campi\u00f3 del Rafa Nadal Open by Movistar davant l'atenta mirada de Rafa Nadal - Rafa Nadal Academy\",\"isPartOf\":{\"@id\":\"https:\/\/www.rafanadalacademy.com\/ca\/#website\"},\"primaryImageOfPage\":{\"@id\":\"https:\/\/www.rafanadalacademy.com\/ca\/rafa-nadal-academy-by-movistar-ca\/dani-rincon-es-proclama-campio-del-rafa-nadal-open-by-movistar-davant-latenta-mirada-de-rafa-nadal\/#primaryimage\"},\"image\":{\"@id\":\"https:\/\/www.rafanadalacademy.com\/ca\/rafa-nadal-academy-by-movistar-ca\/dani-rincon-es-proclama-campio-del-rafa-nadal-open-by-movistar-davant-latenta-mirada-de-rafa-nadal\/#primaryimage\"},\"thumbnailUrl\":\"https:\/\/www.rafanadalacademy.com\/wp-content\/uploads\/2025\/08\/Imagen-de-WhatsApp-2025-08-31-a-las-21.44.47_7c1ec156-scaled.jpg\",\"datePublished\":\"2025-08-31T19:50:14+00:00\",\"dateModified\":\"2025-08-31T20:29:44+00:00\",\"author\":{\"@id\":\"https:\/\/www.rafanadalacademy.com\/ca\/#\/schema\/person\/744897d6ee269641fff954376180ef01\"},\"description\":\"Dani Rinc\u00f3n va conquistar la setena edici\u00f3 del Rafa Nadal Open by Movistar, torneig de l'ATP Challenger Tour que s'ha celebrat aquesta setmana a la Rafa Nadal Academy. Despr\u00e9s d'una dura batalla pel t\u00edtol i davant d'una pista central abarrotada, el jugador avil\u00e8s es va imposar a l'austr\u00edac Jurij Rodionov per 7-6(3) i 6-2, en una hora i 43 minuts de joc.\",\"breadcrumb\":{\"@id\":\"https:\/\/www.rafanadalacademy.com\/ca\/rafa-nadal-academy-by-movistar-ca\/dani-rincon-es-proclama-campio-del-rafa-nadal-open-by-movistar-davant-latenta-mirada-de-rafa-nadal\/#breadcrumb\"},\"inLanguage\":\"ca\",\"potentialAction\":[{\"@type\":\"ReadAction\",\"target\":[\"https:\/\/www.rafanadalacademy.com\/ca\/rafa-nadal-academy-by-movistar-ca\/dani-rincon-es-proclama-campio-del-rafa-nadal-open-by-movistar-davant-latenta-mirada-de-rafa-nadal\/\"]}]},{\"@type\":\"ImageObject\",\"inLanguage\":\"ca\",\"@id\":\"https:\/\/www.rafanadalacademy.com\/ca\/rafa-nadal-academy-by-movistar-ca\/dani-rincon-es-proclama-campio-del-rafa-nadal-open-by-movistar-davant-latenta-mirada-de-rafa-nadal\/#primaryimage\",\"url\":\"https:\/\/www.rafanadalacademy.com\/wp-content\/uploads\/2025\/08\/Imagen-de-WhatsApp-2025-08-31-a-las-21.44.47_7c1ec156-scaled.jpg\",\"contentUrl\":\"https:\/\/www.rafanadalacademy.com\/wp-content\/uploads\/2025\/08\/Imagen-de-WhatsApp-2025-08-31-a-las-21.44.47_7c1ec156-scaled.jpg\",\"width\":2560,\"height\":1707,\"caption\":\"Dani Rinc\u00f3n, campe\u00f3n del Rafa Nadal Open by Movistar 2025\"},{\"@type\":\"BreadcrumbList\",\"@id\":\"https:\/\/www.rafanadalacademy.com\/ca\/rafa-nadal-academy-by-movistar-ca\/dani-rincon-es-proclama-campio-del-rafa-nadal-open-by-movistar-davant-latenta-mirada-de-rafa-nadal\/#breadcrumb\",\"itemListElement\":[{\"@type\":\"ListItem\",\"position\":1,\"name\":\"Home\",\"item\":\"https:\/\/www.rafanadalacademy.com\/ca\/\"},{\"@type\":\"ListItem\",\"position\":2,\"name\":\"Dani Rinc\u00f3n es proclama campi\u00f3 del Rafa Nadal Open by Movistar davant l&#8217;atenta mirada de Rafa Nadal\"}]},{\"@type\":\"WebSite\",\"@id\":\"https:\/\/www.rafanadalacademy.com\/ca\/#website\",\"url\":\"https:\/\/www.rafanadalacademy.com\/ca\/\",\"name\":\"Rafa Nadal Academy\",\"description\":\"Otro sitio realizado con WordPress\",\"potentialAction\":[{\"@type\":\"SearchAction\",\"target\":{\"@type\":\"EntryPoint\",\"urlTemplate\":\"https:\/\/www.rafanadalacademy.com\/ca\/?s={search_term_string}\"},\"query-input\":{\"@type\":\"PropertyValueSpecification\",\"valueRequired\":true,\"valueName\":\"search_term_string\"}}],\"inLanguage\":\"ca\"},{\"@type\":\"Person\",\"@id\":\"https:\/\/www.rafanadalacademy.com\/ca\/#\/schema\/person\/744897d6ee269641fff954376180ef01\",\"name\":\"joseluisprados\",\"image\":{\"@type\":\"ImageObject\",\"inLanguage\":\"ca\",\"@id\":\"https:\/\/www.rafanadalacademy.com\/ca\/#\/schema\/person\/image\/\",\"url\":\"https:\/\/secure.gravatar.com\/avatar\/8aa823a6e5501864ffab4785d9e2a994b59c2d45c9f9751c5a532abfec081e5f?s=96&d=mm&r=g\",\"contentUrl\":\"https:\/\/secure.gravatar.com\/avatar\/8aa823a6e5501864ffab4785d9e2a994b59c2d45c9f9751c5a532abfec081e5f?s=96&d=mm&r=g\",\"caption\":\"joseluisprados\"},\"url\":\"https:\/\/www.rafanadalacademy.com\/ca\/author\/joseluisprados\/\"},{\"@type\":\"ImageObject\",\"inLanguage\":\"ca\",\"@id\":\"https:\/\/www.rafanadalacademy.com\/ca\/rafa-nadal-academy-by-movistar-ca\/dani-rincon-es-proclama-campio-del-rafa-nadal-open-by-movistar-davant-latenta-mirada-de-rafa-nadal\/#local-main-organization-logo\",\"url\":\"\",\"contentUrl\":\"\",\"caption\":\"Rafa Nadal Academy\"}]}<\/script>\n<!-- \/ Yoast SEO Premium plugin. -->","yoast_head_json":{"title":"Dani Rinc\u00f3n es proclama campi\u00f3 del Rafa Nadal Open by Movistar davant l'atenta mirada de Rafa Nadal - Rafa Nadal Academy","description":"Dani Rinc\u00f3n va conquistar la setena edici\u00f3 del Rafa Nadal Open by Movistar, torneig de l'ATP Challenger Tour que s'ha celebrat aquesta setmana a la Rafa Nadal Academy. Despr\u00e9s d'una dura batalla pel t\u00edtol i davant d'una pista central abarrotada, el jugador avil\u00e8s es va imposar a l'austr\u00edac Jurij Rodionov per 7-6(3) i 6-2, en una hora i 43 minuts de joc.","robots":{"index":"index","follow":"follow","max-snippet":"max-snippet:-1","max-image-preview":"max-image-preview:large","max-video-preview":"max-video-preview:-1"},"canonical":"https:\/\/www.rafanadalacademy.com\/ca\/rafa-nadal-academy-by-movistar-ca\/dani-rincon-es-proclama-campio-del-rafa-nadal-open-by-movistar-davant-latenta-mirada-de-rafa-nadal\/","og_locale":"ca_ES","og_type":"article","og_title":"Dani Rinc\u00f3n es proclama campi\u00f3 del Rafa Nadal Open by Movistar davant l'atenta mirada de Rafa Nadal","og_description":"Dani Rinc\u00f3n va conquistar la setena edici\u00f3 del Rafa Nadal Open by Movistar, torneig de l'ATP Challenger Tour que s'ha celebrat aquesta setmana a la Rafa Nadal Academy. Despr\u00e9s d'una dura batalla pel t\u00edtol i davant d'una pista central abarrotada, el jugador avil\u00e8s es va imposar a l'austr\u00edac Jurij Rodionov per 7-6(3) i 6-2, en una hora i 43 minuts de joc.","og_url":"https:\/\/www.rafanadalacademy.com\/ca\/rafa-nadal-academy-by-movistar-ca\/dani-rincon-es-proclama-campio-del-rafa-nadal-open-by-movistar-davant-latenta-mirada-de-rafa-nadal\/","og_site_name":"Rafa Nadal Academy","article_published_time":"2025-08-31T19:50:14+00:00","article_modified_time":"2025-08-31T20:29:44+00:00","og_image":[{"width":2560,"height":1707,"url":"https:\/\/www.rafanadalacademy.com\/wp-content\/uploads\/2025\/08\/Imagen-de-WhatsApp-2025-08-31-a-las-21.44.47_7c1ec156-scaled.jpg","type":"image\/jpeg"}],"author":"joseluisprados","twitter_card":"summary_large_image","twitter_misc":{"Written by":"joseluisprados","Est. reading time":"2 minutes"},"schema":{"@context":"https:\/\/schema.org","@graph":[{"@type":"Article","@id":"https:\/\/www.rafanadalacademy.com\/ca\/rafa-nadal-academy-by-movistar-ca\/dani-rincon-es-proclama-campio-del-rafa-nadal-open-by-movistar-davant-latenta-mirada-de-rafa-nadal\/#article","isPartOf":{"@id":"https:\/\/www.rafanadalacademy.com\/ca\/rafa-nadal-academy-by-movistar-ca\/dani-rincon-es-proclama-campio-del-rafa-nadal-open-by-movistar-davant-latenta-mirada-de-rafa-nadal\/"},"author":{"name":"joseluisprados","@id":"https:\/\/www.rafanadalacademy.com\/ca\/#\/schema\/person\/744897d6ee269641fff954376180ef01"},"headline":"Dani Rinc\u00f3n es proclama campi\u00f3 del Rafa Nadal Open by Movistar davant l&#8217;atenta mirada de Rafa Nadal","datePublished":"2025-08-31T19:50:14+00:00","dateModified":"2025-08-31T20:29:44+00:00","mainEntityOfPage":{"@id":"https:\/\/www.rafanadalacademy.com\/ca\/rafa-nadal-academy-by-movistar-ca\/dani-rincon-es-proclama-campio-del-rafa-nadal-open-by-movistar-davant-latenta-mirada-de-rafa-nadal\/"},"wordCount":405,"image":{"@id":"https:\/\/www.rafanadalacademy.com\/ca\/rafa-nadal-academy-by-movistar-ca\/dani-rincon-es-proclama-campio-del-rafa-nadal-open-by-movistar-davant-latenta-mirada-de-rafa-nadal\/#primaryimage"},"thumbnailUrl":"https:\/\/www.rafanadalacademy.com\/wp-content\/uploads\/2025\/08\/Imagen-de-WhatsApp-2025-08-31-a-las-21.44.47_7c1ec156-scaled.jpg","keywords":["RAFA NADAL ACADEMY BY MOVISTAR","RAFA NADAL OPEN"],"articleSection":["Not\u00edcies","RAFA NADAL ACADEMY BY MOVISTAR","RAFA NADAL OPEN"],"inLanguage":"ca","copyrightYear":"2025","copyrightHolder":{"@id":"https:\/\/www.rafanadalacademy.com\/#organization"}},{"@type":"WebPage","@id":"https:\/\/www.rafanadalacademy.com\/ca\/rafa-nadal-academy-by-movistar-ca\/dani-rincon-es-proclama-campio-del-rafa-nadal-open-by-movistar-davant-latenta-mirada-de-rafa-nadal\/","url":"https:\/\/www.rafanadalacademy.com\/ca\/rafa-nadal-academy-by-movistar-ca\/dani-rincon-es-proclama-campio-del-rafa-nadal-open-by-movistar-davant-latenta-mirada-de-rafa-nadal\/","name":"Dani Rinc\u00f3n es proclama campi\u00f3 del Rafa Nadal Open by Movistar davant l'atenta mirada de Rafa Nadal - Rafa Nadal Academy","isPartOf":{"@id":"https:\/\/www.rafanadalacademy.com\/ca\/#website"},"primaryImageOfPage":{"@id":"https:\/\/www.rafanadalacademy.com\/ca\/rafa-nadal-academy-by-movistar-ca\/dani-rincon-es-proclama-campio-del-rafa-nadal-open-by-movistar-davant-latenta-mirada-de-rafa-nadal\/#primaryimage"},"image":{"@id":"https:\/\/www.rafanadalacademy.com\/ca\/rafa-nadal-academy-by-movistar-ca\/dani-rincon-es-proclama-campio-del-rafa-nadal-open-by-movistar-davant-latenta-mirada-de-rafa-nadal\/#primaryimage"},"thumbnailUrl":"https:\/\/www.rafanadalacademy.com\/wp-content\/uploads\/2025\/08\/Imagen-de-WhatsApp-2025-08-31-a-las-21.44.47_7c1ec156-scaled.jpg","datePublished":"2025-08-31T19:50:14+00:00","dateModified":"2025-08-31T20:29:44+00:00","author":{"@id":"https:\/\/www.rafanadalacademy.com\/ca\/#\/schema\/person\/744897d6ee269641fff954376180ef01"},"description":"Dani Rinc\u00f3n va conquistar la setena edici\u00f3 del Rafa Nadal Open by Movistar, torneig de l'ATP Challenger Tour que s'ha celebrat aquesta setmana a la Rafa Nadal Academy. Despr\u00e9s d'una dura batalla pel t\u00edtol i davant d'una pista central abarrotada, el jugador avil\u00e8s es va imposar a l'austr\u00edac Jurij Rodionov per 7-6(3) i 6-2, en una hora i 43 minuts de joc.","breadcrumb":{"@id":"https:\/\/www.rafanadalacademy.com\/ca\/rafa-nadal-academy-by-movistar-ca\/dani-rincon-es-proclama-campio-del-rafa-nadal-open-by-movistar-davant-latenta-mirada-de-rafa-nadal\/#breadcrumb"},"inLanguage":"ca","potentialAction":[{"@type":"ReadAction","target":["https:\/\/www.rafanadalacademy.com\/ca\/rafa-nadal-academy-by-movistar-ca\/dani-rincon-es-proclama-campio-del-rafa-nadal-open-by-movistar-davant-latenta-mirada-de-rafa-nadal\/"]}]},{"@type":"ImageObject","inLanguage":"ca","@id":"https:\/\/www.rafanadalacademy.com\/ca\/rafa-nadal-academy-by-movistar-ca\/dani-rincon-es-proclama-campio-del-rafa-nadal-open-by-movistar-davant-latenta-mirada-de-rafa-nadal\/#primaryimage","url":"https:\/\/www.rafanadalacademy.com\/wp-content\/uploads\/2025\/08\/Imagen-de-WhatsApp-2025-08-31-a-las-21.44.47_7c1ec156-scaled.jpg","contentUrl":"https:\/\/www.rafanadalacademy.com\/wp-content\/uploads\/2025\/08\/Imagen-de-WhatsApp-2025-08-31-a-las-21.44.47_7c1ec156-scaled.jpg","width":2560,"height":1707,"caption":"Dani Rinc\u00f3n, campe\u00f3n del Rafa Nadal Open by Movistar 2025"},{"@type":"BreadcrumbList","@id":"https:\/\/www.rafanadalacademy.com\/ca\/rafa-nadal-academy-by-movistar-ca\/dani-rincon-es-proclama-campio-del-rafa-nadal-open-by-movistar-davant-latenta-mirada-de-rafa-nadal\/#breadcrumb","itemListElement":[{"@type":"ListItem","position":1,"name":"Home","item":"https:\/\/www.rafanadalacademy.com\/ca\/"},{"@type":"ListItem","position":2,"name":"Dani Rinc\u00f3n es proclama campi\u00f3 del Rafa Nadal Open by Movistar davant l&#8217;atenta mirada de Rafa Nadal"}]},{"@type":"WebSite","@id":"https:\/\/www.rafanadalacademy.com\/ca\/#website","url":"https:\/\/www.rafanadalacademy.com\/ca\/","name":"Rafa Nadal Academy","description":"Otro sitio realizado con WordPress","potentialAction":[{"@type":"SearchAction","target":{"@type":"EntryPoint","urlTemplate":"https:\/\/www.rafanadalacademy.com\/ca\/?s={search_term_string}"},"query-input":{"@type":"PropertyValueSpecification","valueRequired":true,"valueName":"search_term_string"}}],"inLanguage":"ca"},{"@type":"Person","@id":"https:\/\/www.rafanadalacademy.com\/ca\/#\/schema\/person\/744897d6ee269641fff954376180ef01","name":"joseluisprados","image":{"@type":"ImageObject","inLanguage":"ca","@id":"https:\/\/www.rafanadalacademy.com\/ca\/#\/schema\/person\/image\/","url":"https:\/\/secure.gravatar.com\/avatar\/8aa823a6e5501864ffab4785d9e2a994b59c2d45c9f9751c5a532abfec081e5f?s=96&d=mm&r=g","contentUrl":"https:\/\/secure.gravatar.com\/avatar\/8aa823a6e5501864ffab4785d9e2a994b59c2d45c9f9751c5a532abfec081e5f?s=96&d=mm&r=g","caption":"joseluisprados"},"url":"https:\/\/www.rafanadalacademy.com\/ca\/author\/joseluisprados\/"},{"@type":"ImageObject","inLanguage":"ca","@id":"https:\/\/www.rafanadalacademy.com\/ca\/rafa-nadal-academy-by-movistar-ca\/dani-rincon-es-proclama-campio-del-rafa-nadal-open-by-movistar-davant-latenta-mirada-de-rafa-nadal\/#local-main-organization-logo","url":"","contentUrl":"","caption":"Rafa Nadal Academy"}]}},"_links":{"self":[{"href":"https:\/\/www.rafanadalacademy.com\/ca\/wp-json\/wp\/v2\/posts\/31441","targetHints":{"allow":["GET"]}}],"collection":[{"href":"https:\/\/www.rafanadalacademy.com\/ca\/wp-json\/wp\/v2\/posts"}],"about":[{"href":"https:\/\/www.rafanadalacademy.com\/ca\/wp-json\/wp\/v2\/types\/post"}],"author":[{"embeddable":true,"href":"https:\/\/www.rafanadalacademy.com\/ca\/wp-json\/wp\/v2\/users\/23"}],"replies":[{"embeddable":true,"href":"https:\/\/www.rafanadalacademy.com\/ca\/wp-json\/wp\/v2\/comments?post=31441"}],"version-history":[{"count":1,"href":"https:\/\/www.rafanadalacademy.com\/ca\/wp-json\/wp\/v2\/posts\/31441\/revisions"}],"predecessor-version":[{"id":31442,"href":"https:\/\/www.rafanadalacademy.com\/ca\/wp-json\/wp\/v2\/posts\/31441\/revisions\/31442"}],"wp:featuredmedia":[{"embeddable":true,"href":"https:\/\/www.rafanadalacademy.com\/ca\/wp-json\/wp\/v2\/media\/31423"}],"wp:attachment":[{"href":"https:\/\/www.rafanadalacademy.com\/ca\/wp-json\/wp\/v2\/media?parent=31441"}],"wp:term":[{"taxonomy":"category","embeddable":true,"href":"https:\/\/www.rafanadalacademy.com\/ca\/wp-json\/wp\/v2\/categories?post=31441"},{"taxonomy":"post_tag","embeddable":true,"href":"https:\/\/www.rafanadalacademy.com\/ca\/wp-json\/wp\/v2\/tags?post=31441"}],"curies":[{"name":"wp","href":"https:\/\/api.w.org\/{rel}","templated":true}]}}