{"id":31126,"date":"2025-08-26T10:43:22","date_gmt":"2025-08-26T10:43:22","guid":{"rendered":"https:\/\/www.rafanadalacademy.com\/sin-categorizar\/alex-eala-i-coleman-wong-fan-historia-a-lus-open\/"},"modified":"2025-08-26T10:55:15","modified_gmt":"2025-08-26T10:55:15","slug":"alex-eala-i-coleman-wong-fan-historia-a-lus-open","status":"publish","type":"post","link":"https:\/\/www.rafanadalacademy.com\/ca\/rafa-nadal-academy-by-movistar-ca\/alex-eala-i-coleman-wong-fan-historia-a-lus-open\/","title":{"rendered":"\u00c1lex Eala i Coleman Wong fan hist\u00f2ria a l&#8217;US Open"},"content":{"rendered":"\n<p>L&#8217;inici de l&#8217;US Open 2025, l&#8217;\u00faltim Grand Slam de la temporada, \u00e9s hist\u00f2ric per als jugadors de la <a href=\"https:\/\/www.rafanadalacademy.com\/ca\/\">Rafa Nadal Academy<\/a> . Dos, la filipina <strong>\u00c1lex Eala<\/strong> i l&#8217;hongkongu\u00e8s <strong>Coleman Wong<\/strong> , han aconseguit la seva primera vict\u00f2ria al quadre final d&#8217;un major i, a m\u00e9s, el primer triomf d&#8217;un tennista dels seus pa\u00efsos respectius en un dels quatre grans. <\/p>\n\n<figure class=\"wp-block-image size-full\"><img loading=\"lazy\" decoding=\"async\" width=\"1800\" height=\"1200\" src=\"https:\/\/www.rafanadalacademy.com\/wp-content\/uploads\/2025\/04\/de-filipinas-a-manacor-alex-eala-brilla-con-luz-propia-nkw6k7olvz-1.webp\" alt=\"\" class=\"wp-image-25711\" srcset=\"https:\/\/www.rafanadalacademy.com\/wp-content\/uploads\/2025\/04\/de-filipinas-a-manacor-alex-eala-brilla-con-luz-propia-nkw6k7olvz-1.webp 1800w, https:\/\/www.rafanadalacademy.com\/wp-content\/uploads\/2025\/04\/de-filipinas-a-manacor-alex-eala-brilla-con-luz-propia-nkw6k7olvz-1-300x200.webp 300w, https:\/\/www.rafanadalacademy.com\/wp-content\/uploads\/2025\/04\/de-filipinas-a-manacor-alex-eala-brilla-con-luz-propia-nkw6k7olvz-1-1024x683.webp 1024w, https:\/\/www.rafanadalacademy.com\/wp-content\/uploads\/2025\/04\/de-filipinas-a-manacor-alex-eala-brilla-con-luz-propia-nkw6k7olvz-1-768x512.webp 768w, https:\/\/www.rafanadalacademy.com\/wp-content\/uploads\/2025\/04\/de-filipinas-a-manacor-alex-eala-brilla-con-luz-propia-nkw6k7olvz-1-1536x1024.webp 1536w\" sizes=\"auto, (max-width: 1800px) 100vw, 1800px\" \/><\/figure>\n\n<div style=\"height:57px\" aria-hidden=\"true\" class=\"wp-block-spacer\"><\/div>\n\n<p>Eala es va apuntar el triomf despr\u00e9s de superar a la primera ronda Clara Tauson, catorz\u00e8 cap de s\u00e8rie, per 6-3, 2-6 i 7-6 (13-11). Ho va fer despr\u00e9s de remuntar un 5-1 al tercer set i superar un ag\u00f2nic supertiebreak. <br\/><\/p>\n\n<figure class=\"wp-block-embed is-type-video is-provider-youtube wp-block-embed-youtube wp-embed-aspect-16-9 wp-has-aspect-ratio\"><div class=\"wp-block-embed__wrapper\">\n<iframe loading=\"lazy\" title=\"Alexandra Eala vs. Clara Tauson Highlights | 2025 US Open Round 1\" width=\"500\" height=\"281\" src=\"https:\/\/www.youtube.com\/embed\/HFzs0qaQJ6I?feature=oembed\" frameborder=\"0\" allow=\"accelerometer; autoplay; clipboard-write; encrypted-media; gyroscope; picture-in-picture; web-share\" referrerpolicy=\"strict-origin-when-cross-origin\" allowfullscreen><\/iframe>\n<\/div><\/figure>\n\n<p>Als seus <strong>20 anys<\/strong> , Eala \u00e9s una de les grans sensacions de la temporada. L&#8217;actual n\u00famero 75 del r\u00e0nquing WTA va aconseguir les semifinals a <strong>Miami<\/strong> despr\u00e9s de derrotar, entre altres, Iga Swiatek, n\u00famero 2 del m\u00f3n, i va ser finalista a <strong>Eastbourne<\/strong> . <\/p>\n\n<p><strong>Guanyadora de l&#8217;US Open j\u00fanior el 2022<\/strong> i integrant de la Rafa Nadal Academy des del 2018, Eala va aconseguir la seva primera vict\u00f2ria en el quadre final d&#8217;un Grand Slam despr\u00e9s d&#8217;intentar-ho dues vegades aquest any: a Wimbledon, on es va creuar amb la txeca Barbora Krejcikova, ia Roland Garros.<\/p>\n\n<p>Per la seva banda, <strong>Coleman Wong<\/strong> en va tenir prou amb la seva primera pres\u00e8ncia al quadre final d&#8217;un Grand Slam per, als 21 anys, gaudir tamb\u00e9 de la seva primera vict\u00f2ria. Wong va derrotar el nord-americ\u00e0 Aleksandar Kovacevic per 6-4, 7-5 i 7-6(4). <\/p>\n\n<figure class=\"wp-block-embed is-type-video is-provider-youtube wp-block-embed-youtube wp-embed-aspect-16-9 wp-has-aspect-ratio\"><div class=\"wp-block-embed__wrapper\">\n<iframe loading=\"lazy\" title=\"Aleksandar Kovacevic vs. Coleman Wong Highlights | 2025 US Open Round 1\" width=\"500\" height=\"281\" src=\"https:\/\/www.youtube.com\/embed\/PbNVb9XPPNs?feature=oembed\" frameborder=\"0\" allow=\"accelerometer; autoplay; clipboard-write; encrypted-media; gyroscope; picture-in-picture; web-share\" referrerpolicy=\"strict-origin-when-cross-origin\" allowfullscreen><\/iframe>\n<\/div><\/figure>\n\n<p>&#8220;Gr\u00e0cies a tots els fans hongkonesos, a tots els que m&#8217;estan veient a Hong Kong ia tots els que em recolzen aquesta setmana. S\u00e9 qui sou. A la mare i el pare, gr\u00e0cies per tot. Gr\u00e0cies&#8221;, va dir un emocionat Wong al final del partit a Flushing Meadows, despr\u00e9s de convertir-se en un primer jugador mascul\u00ed d&#8217;Hong Kong a.<\/p>\n\n<p>Wong, a qui jugar als Estats Units se li d\u00f3na especialment b\u00e9 (va aconseguir la tercera ronda a Miami i Cincinnati), va fer broma sobre el <strong>missatge que va rebre de Rafa Nadal<\/strong> despr\u00e9s del seu \u00e8xit: <strong>\u201cSuposo que necessito respondre-li aviat\u201d<\/strong> , va comentar el jugador, que es va unir a la Rafa Nadal Academy by Mosista a Austr\u00e0lia i Roland Garros.<\/p>\n\n<p>A la propera ronda, Eala s&#8217;enfrontar\u00e0 a l&#8217;espanyola Cristina Bucsa, mentre que Wong ho far\u00e0 contra l&#8217;australi\u00e0 Adam Walton. Molta sort ia continuar fent hist\u00f2ria! <\/p>\n\n<p><br\/>A m\u00e9s dels triomfs d&#8217;\u00c1lex Eala i Coleman Wong, tamb\u00e9 cal sumar els de Casper Ruud, que va v\u00e8ncer Sebastian Ofner, i Jaume Munar, que va superar Damir Dzumhur, en espera de l&#8217;estrena al quadre femen\u00ed de Solana Sierra.<\/p>\n","protected":false},"excerpt":{"rendered":"<p>L&#8217;inici de l&#8217;US Open 2025, l&#8217;\u00faltim Grand Slam de la temporada, \u00e9s hist\u00f2ric per als jugadors de la Rafa Nadal Academy . Dos, la filipina \u00c1lex Eala i l&#8217;hongkongu\u00e8s Coleman Wong , han aconseguit la seva primera vict\u00f2ria al quadre final d&#8217;un major i, a m\u00e9s, el primer triomf d&#8217;un tennista dels seus pa\u00efsos respectius<a href=\"https:\/\/www.rafanadalacademy.com\/ca\/rafa-nadal-academy-by-movistar-ca\/alex-eala-i-coleman-wong-fan-historia-a-lus-open\/\">Continue reading <span class=\"sr-only\">&#8220;\u00c1lex Eala i Coleman Wong fan hist\u00f2ria a l&#8217;US Open&#8221;<\/span><\/a><\/p>\n","protected":false},"author":23,"featured_media":25558,"comment_status":"closed","ping_status":"closed","sticky":false,"template":"","format":"standard","meta":{"_acf_changed":false,"footnotes":""},"categories":[157,209],"tags":[210],"class_list":["post-31126","post","type-post","status-publish","format-standard","has-post-thumbnail","hentry","category-noticies","category-rafa-nadal-academy-by-movistar-ca","tag-rafa-nadal-academy-by-movistar-ca"],"acf":[],"yoast_head":"<!-- This site is optimized with the Yoast SEO Premium plugin v26.8 (Yoast SEO v26.9) - https:\/\/yoast.com\/product\/yoast-seo-premium-wordpress\/ -->\n<title>\u00c1lex Eala i Coleman Wong fan hist\u00f2ria a l&#039;US Open - Rafa Nadal Academy<\/title>\n<meta name=\"description\" content=\"L&#039;inici de l&#039;US Open 2025 \u00e9s hist\u00f2ric per als jugadors de la Rafa Nadal Academy. Dos d&#039;ells, la filipina \u00c1lex Eala i l&#039;hongkongu\u00e8s Coleman Wong, han aconseguit la seva primera vict\u00f2ria al quadre final d&#039;un major i la primera d&#039;un tennista dels seus pa\u00efsos respectius en un dels quatre grans.\" \/>\n<meta name=\"robots\" content=\"index, follow, max-snippet:-1, max-image-preview:large, max-video-preview:-1\" \/>\n<link rel=\"canonical\" href=\"https:\/\/www.rafanadalacademy.com\/ca\/rafa-nadal-academy-by-movistar-ca\/alex-eala-i-coleman-wong-fan-historia-a-lus-open\/\" \/>\n<meta property=\"og:locale\" content=\"ca_ES\" \/>\n<meta property=\"og:type\" content=\"article\" \/>\n<meta property=\"og:title\" content=\"\u00c1lex Eala i Coleman Wong fan hist\u00f2ria a l&#039;US Open\" \/>\n<meta property=\"og:description\" content=\"L&#039;inici de l&#039;US Open 2025 \u00e9s hist\u00f2ric per als jugadors de la Rafa Nadal Academy. Dos d&#039;ells, la filipina \u00c1lex Eala i l&#039;hongkongu\u00e8s Coleman Wong, han aconseguit la seva primera vict\u00f2ria al quadre final d&#039;un major i la primera d&#039;un tennista dels seus pa\u00efsos respectius en un dels quatre grans.\" \/>\n<meta property=\"og:url\" content=\"https:\/\/www.rafanadalacademy.com\/ca\/rafa-nadal-academy-by-movistar-ca\/alex-eala-i-coleman-wong-fan-historia-a-lus-open\/\" \/>\n<meta property=\"og:site_name\" content=\"Rafa Nadal Academy\" \/>\n<meta property=\"article:published_time\" content=\"2025-08-26T10:43:22+00:00\" \/>\n<meta property=\"article:modified_time\" content=\"2025-08-26T10:55:15+00:00\" \/>\n<meta property=\"og:image\" content=\"https:\/\/www.rafanadalacademy.com\/wp-content\/uploads\/2025\/04\/alex-eala-se-corona-en-la-rafa-nadal-academy-by-movistar-32wd0qxl54-e1743595025588.jpg\" \/>\n\t<meta property=\"og:image:width\" content=\"1779\" \/>\n\t<meta property=\"og:image:height\" content=\"1186\" \/>\n\t<meta property=\"og:image:type\" content=\"image\/jpeg\" \/>\n<meta name=\"author\" content=\"joseluisprados\" \/>\n<meta name=\"twitter:card\" content=\"summary_large_image\" \/>\n<meta name=\"twitter:label1\" content=\"Written by\" \/>\n\t<meta name=\"twitter:data1\" content=\"joseluisprados\" \/>\n\t<meta name=\"twitter:label2\" content=\"Est. reading time\" \/>\n\t<meta name=\"twitter:data2\" content=\"2 minutes\" \/>\n<script type=\"application\/ld+json\" class=\"yoast-schema-graph\">{\"@context\":\"https:\/\/schema.org\",\"@graph\":[{\"@type\":\"Article\",\"@id\":\"https:\/\/www.rafanadalacademy.com\/ca\/rafa-nadal-academy-by-movistar-ca\/alex-eala-i-coleman-wong-fan-historia-a-lus-open\/#article\",\"isPartOf\":{\"@id\":\"https:\/\/www.rafanadalacademy.com\/ca\/rafa-nadal-academy-by-movistar-ca\/alex-eala-i-coleman-wong-fan-historia-a-lus-open\/\"},\"author\":{\"name\":\"joseluisprados\",\"@id\":\"https:\/\/www.rafanadalacademy.com\/ca\/#\/schema\/person\/744897d6ee269641fff954376180ef01\"},\"headline\":\"\u00c1lex Eala i Coleman Wong fan hist\u00f2ria a l&#8217;US Open\",\"datePublished\":\"2025-08-26T10:43:22+00:00\",\"dateModified\":\"2025-08-26T10:55:15+00:00\",\"mainEntityOfPage\":{\"@id\":\"https:\/\/www.rafanadalacademy.com\/ca\/rafa-nadal-academy-by-movistar-ca\/alex-eala-i-coleman-wong-fan-historia-a-lus-open\/\"},\"wordCount\":491,\"image\":{\"@id\":\"https:\/\/www.rafanadalacademy.com\/ca\/rafa-nadal-academy-by-movistar-ca\/alex-eala-i-coleman-wong-fan-historia-a-lus-open\/#primaryimage\"},\"thumbnailUrl\":\"https:\/\/www.rafanadalacademy.com\/wp-content\/uploads\/2025\/04\/alex-eala-se-corona-en-la-rafa-nadal-academy-by-movistar-32wd0qxl54-e1743595025588.jpg\",\"keywords\":[\"RAFA NADAL ACADEMY BY MOVISTAR\"],\"articleSection\":[\"Not\u00edcies\",\"RAFA NADAL ACADEMY BY MOVISTAR\"],\"inLanguage\":\"ca\",\"copyrightYear\":\"2025\",\"copyrightHolder\":{\"@id\":\"https:\/\/www.rafanadalacademy.com\/#organization\"}},{\"@type\":\"WebPage\",\"@id\":\"https:\/\/www.rafanadalacademy.com\/ca\/rafa-nadal-academy-by-movistar-ca\/alex-eala-i-coleman-wong-fan-historia-a-lus-open\/\",\"url\":\"https:\/\/www.rafanadalacademy.com\/ca\/rafa-nadal-academy-by-movistar-ca\/alex-eala-i-coleman-wong-fan-historia-a-lus-open\/\",\"name\":\"\u00c1lex Eala i Coleman Wong fan hist\u00f2ria a l'US Open - Rafa Nadal Academy\",\"isPartOf\":{\"@id\":\"https:\/\/www.rafanadalacademy.com\/ca\/#website\"},\"primaryImageOfPage\":{\"@id\":\"https:\/\/www.rafanadalacademy.com\/ca\/rafa-nadal-academy-by-movistar-ca\/alex-eala-i-coleman-wong-fan-historia-a-lus-open\/#primaryimage\"},\"image\":{\"@id\":\"https:\/\/www.rafanadalacademy.com\/ca\/rafa-nadal-academy-by-movistar-ca\/alex-eala-i-coleman-wong-fan-historia-a-lus-open\/#primaryimage\"},\"thumbnailUrl\":\"https:\/\/www.rafanadalacademy.com\/wp-content\/uploads\/2025\/04\/alex-eala-se-corona-en-la-rafa-nadal-academy-by-movistar-32wd0qxl54-e1743595025588.jpg\",\"datePublished\":\"2025-08-26T10:43:22+00:00\",\"dateModified\":\"2025-08-26T10:55:15+00:00\",\"author\":{\"@id\":\"https:\/\/www.rafanadalacademy.com\/ca\/#\/schema\/person\/744897d6ee269641fff954376180ef01\"},\"description\":\"L'inici de l'US Open 2025 \u00e9s hist\u00f2ric per als jugadors de la Rafa Nadal Academy. Dos d'ells, la filipina \u00c1lex Eala i l'hongkongu\u00e8s Coleman Wong, han aconseguit la seva primera vict\u00f2ria al quadre final d'un major i la primera d'un tennista dels seus pa\u00efsos respectius en un dels quatre grans.\",\"breadcrumb\":{\"@id\":\"https:\/\/www.rafanadalacademy.com\/ca\/rafa-nadal-academy-by-movistar-ca\/alex-eala-i-coleman-wong-fan-historia-a-lus-open\/#breadcrumb\"},\"inLanguage\":\"ca\",\"potentialAction\":[{\"@type\":\"ReadAction\",\"target\":[\"https:\/\/www.rafanadalacademy.com\/ca\/rafa-nadal-academy-by-movistar-ca\/alex-eala-i-coleman-wong-fan-historia-a-lus-open\/\"]}]},{\"@type\":\"ImageObject\",\"inLanguage\":\"ca\",\"@id\":\"https:\/\/www.rafanadalacademy.com\/ca\/rafa-nadal-academy-by-movistar-ca\/alex-eala-i-coleman-wong-fan-historia-a-lus-open\/#primaryimage\",\"url\":\"https:\/\/www.rafanadalacademy.com\/wp-content\/uploads\/2025\/04\/alex-eala-se-corona-en-la-rafa-nadal-academy-by-movistar-32wd0qxl54-e1743595025588.jpg\",\"contentUrl\":\"https:\/\/www.rafanadalacademy.com\/wp-content\/uploads\/2025\/04\/alex-eala-se-corona-en-la-rafa-nadal-academy-by-movistar-32wd0qxl54-e1743595025588.jpg\",\"width\":1779,\"height\":1186},{\"@type\":\"BreadcrumbList\",\"@id\":\"https:\/\/www.rafanadalacademy.com\/ca\/rafa-nadal-academy-by-movistar-ca\/alex-eala-i-coleman-wong-fan-historia-a-lus-open\/#breadcrumb\",\"itemListElement\":[{\"@type\":\"ListItem\",\"position\":1,\"name\":\"Home\",\"item\":\"https:\/\/www.rafanadalacademy.com\/ca\/\"},{\"@type\":\"ListItem\",\"position\":2,\"name\":\"\u00c1lex Eala i Coleman Wong fan hist\u00f2ria a l&#8217;US Open\"}]},{\"@type\":\"WebSite\",\"@id\":\"https:\/\/www.rafanadalacademy.com\/ca\/#website\",\"url\":\"https:\/\/www.rafanadalacademy.com\/ca\/\",\"name\":\"Rafa Nadal Academy\",\"description\":\"Otro sitio realizado con WordPress\",\"potentialAction\":[{\"@type\":\"SearchAction\",\"target\":{\"@type\":\"EntryPoint\",\"urlTemplate\":\"https:\/\/www.rafanadalacademy.com\/ca\/?s={search_term_string}\"},\"query-input\":{\"@type\":\"PropertyValueSpecification\",\"valueRequired\":true,\"valueName\":\"search_term_string\"}}],\"inLanguage\":\"ca\"},{\"@type\":\"Person\",\"@id\":\"https:\/\/www.rafanadalacademy.com\/ca\/#\/schema\/person\/744897d6ee269641fff954376180ef01\",\"name\":\"joseluisprados\",\"image\":{\"@type\":\"ImageObject\",\"inLanguage\":\"ca\",\"@id\":\"https:\/\/www.rafanadalacademy.com\/ca\/#\/schema\/person\/image\/\",\"url\":\"https:\/\/secure.gravatar.com\/avatar\/8aa823a6e5501864ffab4785d9e2a994b59c2d45c9f9751c5a532abfec081e5f?s=96&d=mm&r=g\",\"contentUrl\":\"https:\/\/secure.gravatar.com\/avatar\/8aa823a6e5501864ffab4785d9e2a994b59c2d45c9f9751c5a532abfec081e5f?s=96&d=mm&r=g\",\"caption\":\"joseluisprados\"},\"url\":\"https:\/\/www.rafanadalacademy.com\/ca\/author\/joseluisprados\/\"},{\"@type\":\"ImageObject\",\"inLanguage\":\"ca\",\"@id\":\"https:\/\/www.rafanadalacademy.com\/ca\/rafa-nadal-academy-by-movistar-ca\/alex-eala-i-coleman-wong-fan-historia-a-lus-open\/#local-main-organization-logo\",\"url\":\"\",\"contentUrl\":\"\",\"caption\":\"Rafa Nadal Academy\"}]}<\/script>\n<!-- \/ Yoast SEO Premium plugin. -->","yoast_head_json":{"title":"\u00c1lex Eala i Coleman Wong fan hist\u00f2ria a l'US Open - Rafa Nadal Academy","description":"L'inici de l'US Open 2025 \u00e9s hist\u00f2ric per als jugadors de la Rafa Nadal Academy. Dos d'ells, la filipina \u00c1lex Eala i l'hongkongu\u00e8s Coleman Wong, han aconseguit la seva primera vict\u00f2ria al quadre final d'un major i la primera d'un tennista dels seus pa\u00efsos respectius en un dels quatre grans.","robots":{"index":"index","follow":"follow","max-snippet":"max-snippet:-1","max-image-preview":"max-image-preview:large","max-video-preview":"max-video-preview:-1"},"canonical":"https:\/\/www.rafanadalacademy.com\/ca\/rafa-nadal-academy-by-movistar-ca\/alex-eala-i-coleman-wong-fan-historia-a-lus-open\/","og_locale":"ca_ES","og_type":"article","og_title":"\u00c1lex Eala i Coleman Wong fan hist\u00f2ria a l'US Open","og_description":"L'inici de l'US Open 2025 \u00e9s hist\u00f2ric per als jugadors de la Rafa Nadal Academy. Dos d'ells, la filipina \u00c1lex Eala i l'hongkongu\u00e8s Coleman Wong, han aconseguit la seva primera vict\u00f2ria al quadre final d'un major i la primera d'un tennista dels seus pa\u00efsos respectius en un dels quatre grans.","og_url":"https:\/\/www.rafanadalacademy.com\/ca\/rafa-nadal-academy-by-movistar-ca\/alex-eala-i-coleman-wong-fan-historia-a-lus-open\/","og_site_name":"Rafa Nadal Academy","article_published_time":"2025-08-26T10:43:22+00:00","article_modified_time":"2025-08-26T10:55:15+00:00","og_image":[{"width":1779,"height":1186,"url":"https:\/\/www.rafanadalacademy.com\/wp-content\/uploads\/2025\/04\/alex-eala-se-corona-en-la-rafa-nadal-academy-by-movistar-32wd0qxl54-e1743595025588.jpg","type":"image\/jpeg"}],"author":"joseluisprados","twitter_card":"summary_large_image","twitter_misc":{"Written by":"joseluisprados","Est. reading time":"2 minutes"},"schema":{"@context":"https:\/\/schema.org","@graph":[{"@type":"Article","@id":"https:\/\/www.rafanadalacademy.com\/ca\/rafa-nadal-academy-by-movistar-ca\/alex-eala-i-coleman-wong-fan-historia-a-lus-open\/#article","isPartOf":{"@id":"https:\/\/www.rafanadalacademy.com\/ca\/rafa-nadal-academy-by-movistar-ca\/alex-eala-i-coleman-wong-fan-historia-a-lus-open\/"},"author":{"name":"joseluisprados","@id":"https:\/\/www.rafanadalacademy.com\/ca\/#\/schema\/person\/744897d6ee269641fff954376180ef01"},"headline":"\u00c1lex Eala i Coleman Wong fan hist\u00f2ria a l&#8217;US Open","datePublished":"2025-08-26T10:43:22+00:00","dateModified":"2025-08-26T10:55:15+00:00","mainEntityOfPage":{"@id":"https:\/\/www.rafanadalacademy.com\/ca\/rafa-nadal-academy-by-movistar-ca\/alex-eala-i-coleman-wong-fan-historia-a-lus-open\/"},"wordCount":491,"image":{"@id":"https:\/\/www.rafanadalacademy.com\/ca\/rafa-nadal-academy-by-movistar-ca\/alex-eala-i-coleman-wong-fan-historia-a-lus-open\/#primaryimage"},"thumbnailUrl":"https:\/\/www.rafanadalacademy.com\/wp-content\/uploads\/2025\/04\/alex-eala-se-corona-en-la-rafa-nadal-academy-by-movistar-32wd0qxl54-e1743595025588.jpg","keywords":["RAFA NADAL ACADEMY BY MOVISTAR"],"articleSection":["Not\u00edcies","RAFA NADAL ACADEMY BY MOVISTAR"],"inLanguage":"ca","copyrightYear":"2025","copyrightHolder":{"@id":"https:\/\/www.rafanadalacademy.com\/#organization"}},{"@type":"WebPage","@id":"https:\/\/www.rafanadalacademy.com\/ca\/rafa-nadal-academy-by-movistar-ca\/alex-eala-i-coleman-wong-fan-historia-a-lus-open\/","url":"https:\/\/www.rafanadalacademy.com\/ca\/rafa-nadal-academy-by-movistar-ca\/alex-eala-i-coleman-wong-fan-historia-a-lus-open\/","name":"\u00c1lex Eala i Coleman Wong fan hist\u00f2ria a l'US Open - Rafa Nadal Academy","isPartOf":{"@id":"https:\/\/www.rafanadalacademy.com\/ca\/#website"},"primaryImageOfPage":{"@id":"https:\/\/www.rafanadalacademy.com\/ca\/rafa-nadal-academy-by-movistar-ca\/alex-eala-i-coleman-wong-fan-historia-a-lus-open\/#primaryimage"},"image":{"@id":"https:\/\/www.rafanadalacademy.com\/ca\/rafa-nadal-academy-by-movistar-ca\/alex-eala-i-coleman-wong-fan-historia-a-lus-open\/#primaryimage"},"thumbnailUrl":"https:\/\/www.rafanadalacademy.com\/wp-content\/uploads\/2025\/04\/alex-eala-se-corona-en-la-rafa-nadal-academy-by-movistar-32wd0qxl54-e1743595025588.jpg","datePublished":"2025-08-26T10:43:22+00:00","dateModified":"2025-08-26T10:55:15+00:00","author":{"@id":"https:\/\/www.rafanadalacademy.com\/ca\/#\/schema\/person\/744897d6ee269641fff954376180ef01"},"description":"L'inici de l'US Open 2025 \u00e9s hist\u00f2ric per als jugadors de la Rafa Nadal Academy. Dos d'ells, la filipina \u00c1lex Eala i l'hongkongu\u00e8s Coleman Wong, han aconseguit la seva primera vict\u00f2ria al quadre final d'un major i la primera d'un tennista dels seus pa\u00efsos respectius en un dels quatre grans.","breadcrumb":{"@id":"https:\/\/www.rafanadalacademy.com\/ca\/rafa-nadal-academy-by-movistar-ca\/alex-eala-i-coleman-wong-fan-historia-a-lus-open\/#breadcrumb"},"inLanguage":"ca","potentialAction":[{"@type":"ReadAction","target":["https:\/\/www.rafanadalacademy.com\/ca\/rafa-nadal-academy-by-movistar-ca\/alex-eala-i-coleman-wong-fan-historia-a-lus-open\/"]}]},{"@type":"ImageObject","inLanguage":"ca","@id":"https:\/\/www.rafanadalacademy.com\/ca\/rafa-nadal-academy-by-movistar-ca\/alex-eala-i-coleman-wong-fan-historia-a-lus-open\/#primaryimage","url":"https:\/\/www.rafanadalacademy.com\/wp-content\/uploads\/2025\/04\/alex-eala-se-corona-en-la-rafa-nadal-academy-by-movistar-32wd0qxl54-e1743595025588.jpg","contentUrl":"https:\/\/www.rafanadalacademy.com\/wp-content\/uploads\/2025\/04\/alex-eala-se-corona-en-la-rafa-nadal-academy-by-movistar-32wd0qxl54-e1743595025588.jpg","width":1779,"height":1186},{"@type":"BreadcrumbList","@id":"https:\/\/www.rafanadalacademy.com\/ca\/rafa-nadal-academy-by-movistar-ca\/alex-eala-i-coleman-wong-fan-historia-a-lus-open\/#breadcrumb","itemListElement":[{"@type":"ListItem","position":1,"name":"Home","item":"https:\/\/www.rafanadalacademy.com\/ca\/"},{"@type":"ListItem","position":2,"name":"\u00c1lex Eala i Coleman Wong fan hist\u00f2ria a l&#8217;US Open"}]},{"@type":"WebSite","@id":"https:\/\/www.rafanadalacademy.com\/ca\/#website","url":"https:\/\/www.rafanadalacademy.com\/ca\/","name":"Rafa Nadal Academy","description":"Otro sitio realizado con WordPress","potentialAction":[{"@type":"SearchAction","target":{"@type":"EntryPoint","urlTemplate":"https:\/\/www.rafanadalacademy.com\/ca\/?s={search_term_string}"},"query-input":{"@type":"PropertyValueSpecification","valueRequired":true,"valueName":"search_term_string"}}],"inLanguage":"ca"},{"@type":"Person","@id":"https:\/\/www.rafanadalacademy.com\/ca\/#\/schema\/person\/744897d6ee269641fff954376180ef01","name":"joseluisprados","image":{"@type":"ImageObject","inLanguage":"ca","@id":"https:\/\/www.rafanadalacademy.com\/ca\/#\/schema\/person\/image\/","url":"https:\/\/secure.gravatar.com\/avatar\/8aa823a6e5501864ffab4785d9e2a994b59c2d45c9f9751c5a532abfec081e5f?s=96&d=mm&r=g","contentUrl":"https:\/\/secure.gravatar.com\/avatar\/8aa823a6e5501864ffab4785d9e2a994b59c2d45c9f9751c5a532abfec081e5f?s=96&d=mm&r=g","caption":"joseluisprados"},"url":"https:\/\/www.rafanadalacademy.com\/ca\/author\/joseluisprados\/"},{"@type":"ImageObject","inLanguage":"ca","@id":"https:\/\/www.rafanadalacademy.com\/ca\/rafa-nadal-academy-by-movistar-ca\/alex-eala-i-coleman-wong-fan-historia-a-lus-open\/#local-main-organization-logo","url":"","contentUrl":"","caption":"Rafa Nadal Academy"}]}},"_links":{"self":[{"href":"https:\/\/www.rafanadalacademy.com\/ca\/wp-json\/wp\/v2\/posts\/31126","targetHints":{"allow":["GET"]}}],"collection":[{"href":"https:\/\/www.rafanadalacademy.com\/ca\/wp-json\/wp\/v2\/posts"}],"about":[{"href":"https:\/\/www.rafanadalacademy.com\/ca\/wp-json\/wp\/v2\/types\/post"}],"author":[{"embeddable":true,"href":"https:\/\/www.rafanadalacademy.com\/ca\/wp-json\/wp\/v2\/users\/23"}],"replies":[{"embeddable":true,"href":"https:\/\/www.rafanadalacademy.com\/ca\/wp-json\/wp\/v2\/comments?post=31126"}],"version-history":[{"count":1,"href":"https:\/\/www.rafanadalacademy.com\/ca\/wp-json\/wp\/v2\/posts\/31126\/revisions"}],"predecessor-version":[{"id":31127,"href":"https:\/\/www.rafanadalacademy.com\/ca\/wp-json\/wp\/v2\/posts\/31126\/revisions\/31127"}],"wp:featuredmedia":[{"embeddable":true,"href":"https:\/\/www.rafanadalacademy.com\/ca\/wp-json\/wp\/v2\/media\/25558"}],"wp:attachment":[{"href":"https:\/\/www.rafanadalacademy.com\/ca\/wp-json\/wp\/v2\/media?parent=31126"}],"wp:term":[{"taxonomy":"category","embeddable":true,"href":"https:\/\/www.rafanadalacademy.com\/ca\/wp-json\/wp\/v2\/categories?post=31126"},{"taxonomy":"post_tag","embeddable":true,"href":"https:\/\/www.rafanadalacademy.com\/ca\/wp-json\/wp\/v2\/tags?post=31126"}],"curies":[{"name":"wp","href":"https:\/\/api.w.org\/{rel}","templated":true}]}}