{"id":31060,"date":"2025-08-25T12:01:57","date_gmt":"2025-08-25T12:01:57","guid":{"rendered":"https:\/\/www.rafanadalacademy.com\/sin-categorizar\/comenca-el-rafa-nadal-open-by-movistar-martin-landaluce-la-millor-carta-espanyola\/"},"modified":"2025-08-25T12:14:13","modified_gmt":"2025-08-25T12:14:13","slug":"comenca-el-rafa-nadal-open-by-movistar-martin-landaluce-la-millor-carta-espanyola","status":"publish","type":"post","link":"https:\/\/www.rafanadalacademy.com\/ca\/rafa-nadal-academy-by-movistar-ca\/comenca-el-rafa-nadal-open-by-movistar-martin-landaluce-la-millor-carta-espanyola\/","title":{"rendered":"Comen\u00e7a el Rafa Nadal Open by Movistar: Martin Landaluce, la millor carta espanyola"},"content":{"rendered":"\n<p>El Rafa Nadal Open by Movistar celebra des d&#8217;avui fins diumenge que ve 31 d&#8217;agost la seva setena edici\u00f3, consolidat ja com un esdeveniment de refer\u00e8ncia dins del circuit ATP Challenger Tour.<\/p>\n\n<figure class=\"wp-block-image size-full\"><img loading=\"lazy\" decoding=\"async\" width=\"2560\" height=\"1707\" src=\"https:\/\/www.rafanadalacademy.com\/wp-content\/uploads\/2025\/08\/FINAL_ATP-Challenger-RNA-2024_-3537-scaled.jpg\" alt=\"Imatge a&#xE8;ria de la pista central durant la final del Rafa Nadal Open by Movistar 2024\" class=\"wp-image-30429\" srcset=\"https:\/\/www.rafanadalacademy.com\/wp-content\/uploads\/2025\/08\/FINAL_ATP-Challenger-RNA-2024_-3537-scaled.jpg 2560w, https:\/\/www.rafanadalacademy.com\/wp-content\/uploads\/2025\/08\/FINAL_ATP-Challenger-RNA-2024_-3537-300x200.jpg 300w, https:\/\/www.rafanadalacademy.com\/wp-content\/uploads\/2025\/08\/FINAL_ATP-Challenger-RNA-2024_-3537-1024x683.jpg 1024w, https:\/\/www.rafanadalacademy.com\/wp-content\/uploads\/2025\/08\/FINAL_ATP-Challenger-RNA-2024_-3537-768x512.jpg 768w, https:\/\/www.rafanadalacademy.com\/wp-content\/uploads\/2025\/08\/FINAL_ATP-Challenger-RNA-2024_-3537-1536x1024.jpg 1536w, https:\/\/www.rafanadalacademy.com\/wp-content\/uploads\/2025\/08\/FINAL_ATP-Challenger-RNA-2024_-3537-2048x1365.jpg 2048w\" sizes=\"auto, (max-width: 2560px) 100vw, 2560px\" \/><figcaption class=\"wp-element-caption\">Imatge a\u00e8ria de la pista central durant la final del Rafa Nadal Open by Movistar 2024<\/figcaption><\/figure>\n\n<div style=\"height:57px\" aria-hidden=\"true\" class=\"wp-block-spacer\"><\/div>\n\n<p>Els grans noms a seguir aquest any seran <strong>Otto Virtanen<\/strong> , primer cap de s\u00e8rie, guanyador de quatre Challengers i que aquest any va aconseguir la segona ronda al Masters 1.000 de Roma i als ATP 250 de Marsella i Marr\u00e0queix; <strong>Borna Gojo<\/strong> , ex Top 100 i pe\u00e7a clau per a Cro\u00e0cia a la Copa Davis; i <strong>Marc Andrea Huesler<\/strong> , vencedor aquest any del Challenger de Cuernavaca, a M\u00e8xic.<\/p>\n\n<p>A ells se sumen grans promeses com <strong>Mart\u00edn Landaluce<\/strong> , segon cap de s\u00e8rie i guanyador el 2023 del seu primer t\u00edtol ATP Challenger a Olbia, convertint-se en l&#8217;espanyol m\u00e9s jove a aconseguir-ho des de Carlos Alcaraz. Tamb\u00e9 destaquen <strong>Abedallah Shelbayh,<\/strong> jugador de la Rafa Nadal Academy, i <strong>Gueymard Wayenburg<\/strong> , que centraran bona part de l&#8217;atenci\u00f3 dels aficionats. <\/p>\n\n<div style=\"height:57px\" aria-hidden=\"true\" class=\"wp-block-spacer\"><\/div>\n\n<figure class=\"wp-block-embed is-type-video is-provider-youtube wp-block-embed-youtube wp-embed-aspect-16-9 wp-has-aspect-ratio\"><div class=\"wp-block-embed__wrapper\">\n<iframe loading=\"lazy\" title=\"Sorteo del cuadro del Rafa Nadal Open by Movistar 2025 \" width=\"500\" height=\"281\" src=\"https:\/\/www.youtube.com\/embed\/VGWzxx9KZtA?feature=oembed\" frameborder=\"0\" allow=\"accelerometer; autoplay; clipboard-write; encrypted-media; gyroscope; picture-in-picture; web-share\" referrerpolicy=\"strict-origin-when-cross-origin\" allowfullscreen><\/iframe>\n<\/div><\/figure>\n\n<div style=\"height:57px\" aria-hidden=\"true\" class=\"wp-block-spacer\"><\/div>\n\n<p>El sorteig ha ofert un interessant duel entre jugadors de la <strong>Rafa Nadal Academy<\/strong> a primera ronda: Abdullah Shelbayh s&#8217;enfrontar\u00e0 a <strong>Dani Rinc\u00f3n<\/strong> . Ser\u00e0 el sis\u00e8 enfrontament entre tots dos, amb un balan\u00e7 de tres triomfs per al tennista jord\u00e0. Tot i aix\u00f2, va ser l&#8217;espanyol qui es va imposar en l&#8217;\u00faltim precedent, disputat a l&#8217;Oeiras Open 3.  <\/p>\n\n<p>Milers d&#8217;aficionats es donaran cita a les graderies de la Rafa Nadal Academy per gaudir no nom\u00e9s del millor tennis, sin\u00f3 tamb\u00e9 d&#8217;una \u00e0mplia oferta d&#8217;oci i de restauraci\u00f3. Com ha assenyalat el mateix Rafa Nadal, en aquest torneig els aficionats &#8220;no nom\u00e9s v\u00e9nen a veure tennis, tamb\u00e9 participen en les activitats i gaudeixen de l&#8217;ambient. Aix\u00f2 d\u00f3na al torneig una dimensi\u00f3 social que per a nosaltres \u00e9s molt important&#8221;. <\/p>\n\n<div style=\"height:57px\" aria-hidden=\"true\" class=\"wp-block-spacer\"><\/div>\n\n<figure class=\"wp-block-image size-full\"><a href=\"https:\/\/rafanadalopen.com\/\"><img loading=\"lazy\" decoding=\"async\" width=\"948\" height=\"660\" src=\"https:\/\/www.rafanadalacademy.com\/wp-content\/uploads\/2025\/08\/Proyecto-nuevo-2.jpg\" alt=\"\" class=\"wp-image-30470\" srcset=\"https:\/\/www.rafanadalacademy.com\/wp-content\/uploads\/2025\/08\/Proyecto-nuevo-2.jpg 948w, https:\/\/www.rafanadalacademy.com\/wp-content\/uploads\/2025\/08\/Proyecto-nuevo-2-300x209.jpg 300w, https:\/\/www.rafanadalacademy.com\/wp-content\/uploads\/2025\/08\/Proyecto-nuevo-2-768x535.jpg 768w\" sizes=\"auto, (max-width: 948px) 100vw, 948px\" \/><\/a><\/figure>\n\n<div style=\"height:57px\" aria-hidden=\"true\" class=\"wp-block-spacer\"><\/div>\n\n<p>El Rafa Nadal Open by Movistar busca el seu set\u00e8 campi\u00f3 diferent, despr\u00e9s de la vict\u00f2ria el 2024 del croat <strong>Duje Ajdukovic<\/strong> contra Matteo Gegante a la final. Anteriorment van conquerir el t\u00edtol <strong>Bernard Tomic<\/strong> (2018), <strong>Emil Ruusuvuori<\/strong> (2019), <strong>Lukas Lacko<\/strong> (2021), <strong>Luca Nardi<\/strong> (2022) i <strong>Hamad Medjedovic<\/strong> (2023). <\/p>\n\n<p>Un any m\u00e9s, <strong>Movistar<\/strong> , patrocinador principal del torneig, oferir\u00e0 cobertura televisiva a trav\u00e9s dels canals esportius de Movistar Plus. Aquesta col\u00b7laboraci\u00f3 refor\u00e7a el patrocini que des del 2016 uneix Movistar amb la Rafa Nadal Academy, un centre esportiu de refer\u00e8ncia en qu\u00e8 joves jugadors de tot el m\u00f3n es formen tant tenn\u00edsticament com acad\u00e8micment i que acull competicions de primer nivell internacional. <\/p>\n\n<p>L&#8217;entrada al torneig ser\u00e0 gratu\u00efta i es podr\u00e0 descarregar a la p\u00e0gina web <a href=\"http:\/\/www.rafanadalopen.com\">www.rafanadalopen.com<\/a> . A m\u00e9s, els aficionats que ho facin podran visitar el Rafa Nadal Museum per nom\u00e9s 10 euros. <\/p>\n\n<figure class=\"wp-block-embed is-type-video is-provider-youtube wp-block-embed-youtube wp-embed-aspect-16-9 wp-has-aspect-ratio\"><div class=\"wp-block-embed__wrapper\">\n<iframe loading=\"lazy\" title=\"Rafa Nadal Open by Movistar 2024: THE FILM\" width=\"500\" height=\"281\" src=\"https:\/\/www.youtube.com\/embed\/ZT-e3Uao5Wg?feature=oembed\" frameborder=\"0\" allow=\"accelerometer; autoplay; clipboard-write; encrypted-media; gyroscope; picture-in-picture; web-share\" referrerpolicy=\"strict-origin-when-cross-origin\" allowfullscreen><\/iframe>\n<\/div><\/figure>\n","protected":false},"excerpt":{"rendered":"<p>El Rafa Nadal Open by Movistar celebra des d&#8217;avui fins diumenge que ve 31 d&#8217;agost la seva setena edici\u00f3, consolidat ja com un esdeveniment de refer\u00e8ncia dins del circuit ATP Challenger Tour. Els grans noms a seguir aquest any seran Otto Virtanen , primer cap de s\u00e8rie, guanyador de quatre Challengers i que aquest any<a href=\"https:\/\/www.rafanadalacademy.com\/ca\/rafa-nadal-academy-by-movistar-ca\/comenca-el-rafa-nadal-open-by-movistar-martin-landaluce-la-millor-carta-espanyola\/\">Continue reading <span class=\"sr-only\">&#8220;Comen\u00e7a el Rafa Nadal Open by Movistar: Martin Landaluce, la millor carta espanyola&#8221;<\/span><\/a><\/p>\n","protected":false},"author":23,"featured_media":31050,"comment_status":"closed","ping_status":"closed","sticky":false,"template":"","format":"standard","meta":{"_acf_changed":false,"footnotes":""},"categories":[157,209,153],"tags":[210,252],"class_list":["post-31060","post","type-post","status-publish","format-standard","has-post-thumbnail","hentry","category-noticies","category-rafa-nadal-academy-by-movistar-ca","category-rafa-nadal-open-ca","tag-rafa-nadal-academy-by-movistar-ca","tag-rafa-nadal-open-by-movistar-ca"],"acf":[],"yoast_head":"<!-- This site is optimized with the Yoast SEO Premium plugin v26.8 (Yoast SEO v26.9) - https:\/\/yoast.com\/product\/yoast-seo-premium-wordpress\/ -->\n<title>Comen\u00e7a el Rafa Nadal Open by Movistar: Martin Landaluce, la millor carta espanyola - Rafa Nadal Academy<\/title>\n<meta name=\"description\" content=\"El Rafa Nadal Open by Movistar es disputa del 25 al 31 d&#039;agost la setena edici\u00f3, consolidat ja com un esdeveniment de refer\u00e8ncia dins del circuit ATP Challenger Tour. Com aconseguir la teva entrada? Descarrega-la gratu\u00eftament\" \/>\n<meta name=\"robots\" content=\"index, follow, max-snippet:-1, max-image-preview:large, max-video-preview:-1\" \/>\n<link rel=\"canonical\" href=\"https:\/\/www.rafanadalacademy.com\/ca\/rafa-nadal-academy-by-movistar-ca\/comenca-el-rafa-nadal-open-by-movistar-martin-landaluce-la-millor-carta-espanyola\/\" \/>\n<meta property=\"og:locale\" content=\"ca_ES\" \/>\n<meta property=\"og:type\" content=\"article\" \/>\n<meta property=\"og:title\" content=\"Comen\u00e7a el Rafa Nadal Open by Movistar: Martin Landaluce, la millor carta espanyola\" \/>\n<meta property=\"og:description\" content=\"El Rafa Nadal Open by Movistar es disputa del 25 al 31 d&#039;agost la setena edici\u00f3, consolidat ja com un esdeveniment de refer\u00e8ncia dins del circuit ATP Challenger Tour. Com aconseguir la teva entrada? Descarrega-la gratu\u00eftament\" \/>\n<meta property=\"og:url\" content=\"https:\/\/www.rafanadalacademy.com\/ca\/rafa-nadal-academy-by-movistar-ca\/comenca-el-rafa-nadal-open-by-movistar-martin-landaluce-la-millor-carta-espanyola\/\" \/>\n<meta property=\"og:site_name\" content=\"Rafa Nadal Academy\" \/>\n<meta property=\"article:published_time\" content=\"2025-08-25T12:01:57+00:00\" \/>\n<meta property=\"article:modified_time\" content=\"2025-08-25T12:14:13+00:00\" \/>\n<meta property=\"og:image\" content=\"https:\/\/www.rafanadalacademy.com\/wp-content\/uploads\/2025\/08\/Venue_ATP-Challenger-RNA-2024_1588-1.jpg\" \/>\n\t<meta property=\"og:image:width\" content=\"2560\" \/>\n\t<meta property=\"og:image:height\" content=\"1707\" \/>\n\t<meta property=\"og:image:type\" content=\"image\/jpeg\" \/>\n<meta name=\"author\" content=\"joseluisprados\" \/>\n<meta name=\"twitter:card\" content=\"summary_large_image\" \/>\n<meta name=\"twitter:label1\" content=\"Written by\" \/>\n\t<meta name=\"twitter:data1\" content=\"joseluisprados\" \/>\n\t<meta name=\"twitter:label2\" content=\"Est. reading time\" \/>\n\t<meta name=\"twitter:data2\" content=\"2 minutes\" \/>\n<script type=\"application\/ld+json\" class=\"yoast-schema-graph\">{\"@context\":\"https:\/\/schema.org\",\"@graph\":[{\"@type\":\"Article\",\"@id\":\"https:\/\/www.rafanadalacademy.com\/ca\/rafa-nadal-academy-by-movistar-ca\/comenca-el-rafa-nadal-open-by-movistar-martin-landaluce-la-millor-carta-espanyola\/#article\",\"isPartOf\":{\"@id\":\"https:\/\/www.rafanadalacademy.com\/ca\/rafa-nadal-academy-by-movistar-ca\/comenca-el-rafa-nadal-open-by-movistar-martin-landaluce-la-millor-carta-espanyola\/\"},\"author\":{\"name\":\"joseluisprados\",\"@id\":\"https:\/\/www.rafanadalacademy.com\/ca\/#\/schema\/person\/744897d6ee269641fff954376180ef01\"},\"headline\":\"Comen\u00e7a el Rafa Nadal Open by Movistar: Martin Landaluce, la millor carta espanyola\",\"datePublished\":\"2025-08-25T12:01:57+00:00\",\"dateModified\":\"2025-08-25T12:14:13+00:00\",\"mainEntityOfPage\":{\"@id\":\"https:\/\/www.rafanadalacademy.com\/ca\/rafa-nadal-academy-by-movistar-ca\/comenca-el-rafa-nadal-open-by-movistar-martin-landaluce-la-millor-carta-espanyola\/\"},\"wordCount\":505,\"image\":{\"@id\":\"https:\/\/www.rafanadalacademy.com\/ca\/rafa-nadal-academy-by-movistar-ca\/comenca-el-rafa-nadal-open-by-movistar-martin-landaluce-la-millor-carta-espanyola\/#primaryimage\"},\"thumbnailUrl\":\"https:\/\/www.rafanadalacademy.com\/wp-content\/uploads\/2025\/08\/Venue_ATP-Challenger-RNA-2024_1588-1.jpg\",\"keywords\":[\"RAFA NADAL ACADEMY BY MOVISTAR\",\"RAFA NADAL OPEN BY MOVISTAR\"],\"articleSection\":[\"Not\u00edcies\",\"RAFA NADAL ACADEMY BY MOVISTAR\",\"RAFA NADAL OPEN\"],\"inLanguage\":\"ca\",\"copyrightYear\":\"2025\",\"copyrightHolder\":{\"@id\":\"https:\/\/www.rafanadalacademy.com\/#organization\"}},{\"@type\":\"WebPage\",\"@id\":\"https:\/\/www.rafanadalacademy.com\/ca\/rafa-nadal-academy-by-movistar-ca\/comenca-el-rafa-nadal-open-by-movistar-martin-landaluce-la-millor-carta-espanyola\/\",\"url\":\"https:\/\/www.rafanadalacademy.com\/ca\/rafa-nadal-academy-by-movistar-ca\/comenca-el-rafa-nadal-open-by-movistar-martin-landaluce-la-millor-carta-espanyola\/\",\"name\":\"Comen\u00e7a el Rafa Nadal Open by Movistar: Martin Landaluce, la millor carta espanyola - Rafa Nadal Academy\",\"isPartOf\":{\"@id\":\"https:\/\/www.rafanadalacademy.com\/ca\/#website\"},\"primaryImageOfPage\":{\"@id\":\"https:\/\/www.rafanadalacademy.com\/ca\/rafa-nadal-academy-by-movistar-ca\/comenca-el-rafa-nadal-open-by-movistar-martin-landaluce-la-millor-carta-espanyola\/#primaryimage\"},\"image\":{\"@id\":\"https:\/\/www.rafanadalacademy.com\/ca\/rafa-nadal-academy-by-movistar-ca\/comenca-el-rafa-nadal-open-by-movistar-martin-landaluce-la-millor-carta-espanyola\/#primaryimage\"},\"thumbnailUrl\":\"https:\/\/www.rafanadalacademy.com\/wp-content\/uploads\/2025\/08\/Venue_ATP-Challenger-RNA-2024_1588-1.jpg\",\"datePublished\":\"2025-08-25T12:01:57+00:00\",\"dateModified\":\"2025-08-25T12:14:13+00:00\",\"author\":{\"@id\":\"https:\/\/www.rafanadalacademy.com\/ca\/#\/schema\/person\/744897d6ee269641fff954376180ef01\"},\"description\":\"El Rafa Nadal Open by Movistar es disputa del 25 al 31 d'agost la setena edici\u00f3, consolidat ja com un esdeveniment de refer\u00e8ncia dins del circuit ATP Challenger Tour. Com aconseguir la teva entrada? Descarrega-la gratu\u00eftament\",\"breadcrumb\":{\"@id\":\"https:\/\/www.rafanadalacademy.com\/ca\/rafa-nadal-academy-by-movistar-ca\/comenca-el-rafa-nadal-open-by-movistar-martin-landaluce-la-millor-carta-espanyola\/#breadcrumb\"},\"inLanguage\":\"ca\",\"potentialAction\":[{\"@type\":\"ReadAction\",\"target\":[\"https:\/\/www.rafanadalacademy.com\/ca\/rafa-nadal-academy-by-movistar-ca\/comenca-el-rafa-nadal-open-by-movistar-martin-landaluce-la-millor-carta-espanyola\/\"]}]},{\"@type\":\"ImageObject\",\"inLanguage\":\"ca\",\"@id\":\"https:\/\/www.rafanadalacademy.com\/ca\/rafa-nadal-academy-by-movistar-ca\/comenca-el-rafa-nadal-open-by-movistar-martin-landaluce-la-millor-carta-espanyola\/#primaryimage\",\"url\":\"https:\/\/www.rafanadalacademy.com\/wp-content\/uploads\/2025\/08\/Venue_ATP-Challenger-RNA-2024_1588-1.jpg\",\"contentUrl\":\"https:\/\/www.rafanadalacademy.com\/wp-content\/uploads\/2025\/08\/Venue_ATP-Challenger-RNA-2024_1588-1.jpg\",\"width\":2560,\"height\":1707,\"caption\":\"La Rafa Nadal Academy durante el Rafa Nadal Open by Movistar\"},{\"@type\":\"BreadcrumbList\",\"@id\":\"https:\/\/www.rafanadalacademy.com\/ca\/rafa-nadal-academy-by-movistar-ca\/comenca-el-rafa-nadal-open-by-movistar-martin-landaluce-la-millor-carta-espanyola\/#breadcrumb\",\"itemListElement\":[{\"@type\":\"ListItem\",\"position\":1,\"name\":\"Home\",\"item\":\"https:\/\/www.rafanadalacademy.com\/ca\/\"},{\"@type\":\"ListItem\",\"position\":2,\"name\":\"Comen\u00e7a el Rafa Nadal Open by Movistar: Martin Landaluce, la millor carta espanyola\"}]},{\"@type\":\"WebSite\",\"@id\":\"https:\/\/www.rafanadalacademy.com\/ca\/#website\",\"url\":\"https:\/\/www.rafanadalacademy.com\/ca\/\",\"name\":\"Rafa Nadal Academy\",\"description\":\"Otro sitio realizado con WordPress\",\"potentialAction\":[{\"@type\":\"SearchAction\",\"target\":{\"@type\":\"EntryPoint\",\"urlTemplate\":\"https:\/\/www.rafanadalacademy.com\/ca\/?s={search_term_string}\"},\"query-input\":{\"@type\":\"PropertyValueSpecification\",\"valueRequired\":true,\"valueName\":\"search_term_string\"}}],\"inLanguage\":\"ca\"},{\"@type\":\"Person\",\"@id\":\"https:\/\/www.rafanadalacademy.com\/ca\/#\/schema\/person\/744897d6ee269641fff954376180ef01\",\"name\":\"joseluisprados\",\"image\":{\"@type\":\"ImageObject\",\"inLanguage\":\"ca\",\"@id\":\"https:\/\/www.rafanadalacademy.com\/ca\/#\/schema\/person\/image\/\",\"url\":\"https:\/\/secure.gravatar.com\/avatar\/8aa823a6e5501864ffab4785d9e2a994b59c2d45c9f9751c5a532abfec081e5f?s=96&d=mm&r=g\",\"contentUrl\":\"https:\/\/secure.gravatar.com\/avatar\/8aa823a6e5501864ffab4785d9e2a994b59c2d45c9f9751c5a532abfec081e5f?s=96&d=mm&r=g\",\"caption\":\"joseluisprados\"},\"url\":\"https:\/\/www.rafanadalacademy.com\/ca\/author\/joseluisprados\/\"},{\"@type\":\"ImageObject\",\"inLanguage\":\"ca\",\"@id\":\"https:\/\/www.rafanadalacademy.com\/ca\/rafa-nadal-academy-by-movistar-ca\/comenca-el-rafa-nadal-open-by-movistar-martin-landaluce-la-millor-carta-espanyola\/#local-main-organization-logo\",\"url\":\"\",\"contentUrl\":\"\",\"caption\":\"Rafa Nadal Academy\"}]}<\/script>\n<!-- \/ Yoast SEO Premium plugin. -->","yoast_head_json":{"title":"Comen\u00e7a el Rafa Nadal Open by Movistar: Martin Landaluce, la millor carta espanyola - Rafa Nadal Academy","description":"El Rafa Nadal Open by Movistar es disputa del 25 al 31 d'agost la setena edici\u00f3, consolidat ja com un esdeveniment de refer\u00e8ncia dins del circuit ATP Challenger Tour. Com aconseguir la teva entrada? Descarrega-la gratu\u00eftament","robots":{"index":"index","follow":"follow","max-snippet":"max-snippet:-1","max-image-preview":"max-image-preview:large","max-video-preview":"max-video-preview:-1"},"canonical":"https:\/\/www.rafanadalacademy.com\/ca\/rafa-nadal-academy-by-movistar-ca\/comenca-el-rafa-nadal-open-by-movistar-martin-landaluce-la-millor-carta-espanyola\/","og_locale":"ca_ES","og_type":"article","og_title":"Comen\u00e7a el Rafa Nadal Open by Movistar: Martin Landaluce, la millor carta espanyola","og_description":"El Rafa Nadal Open by Movistar es disputa del 25 al 31 d'agost la setena edici\u00f3, consolidat ja com un esdeveniment de refer\u00e8ncia dins del circuit ATP Challenger Tour. Com aconseguir la teva entrada? Descarrega-la gratu\u00eftament","og_url":"https:\/\/www.rafanadalacademy.com\/ca\/rafa-nadal-academy-by-movistar-ca\/comenca-el-rafa-nadal-open-by-movistar-martin-landaluce-la-millor-carta-espanyola\/","og_site_name":"Rafa Nadal Academy","article_published_time":"2025-08-25T12:01:57+00:00","article_modified_time":"2025-08-25T12:14:13+00:00","og_image":[{"width":2560,"height":1707,"url":"https:\/\/www.rafanadalacademy.com\/wp-content\/uploads\/2025\/08\/Venue_ATP-Challenger-RNA-2024_1588-1.jpg","type":"image\/jpeg"}],"author":"joseluisprados","twitter_card":"summary_large_image","twitter_misc":{"Written by":"joseluisprados","Est. reading time":"2 minutes"},"schema":{"@context":"https:\/\/schema.org","@graph":[{"@type":"Article","@id":"https:\/\/www.rafanadalacademy.com\/ca\/rafa-nadal-academy-by-movistar-ca\/comenca-el-rafa-nadal-open-by-movistar-martin-landaluce-la-millor-carta-espanyola\/#article","isPartOf":{"@id":"https:\/\/www.rafanadalacademy.com\/ca\/rafa-nadal-academy-by-movistar-ca\/comenca-el-rafa-nadal-open-by-movistar-martin-landaluce-la-millor-carta-espanyola\/"},"author":{"name":"joseluisprados","@id":"https:\/\/www.rafanadalacademy.com\/ca\/#\/schema\/person\/744897d6ee269641fff954376180ef01"},"headline":"Comen\u00e7a el Rafa Nadal Open by Movistar: Martin Landaluce, la millor carta espanyola","datePublished":"2025-08-25T12:01:57+00:00","dateModified":"2025-08-25T12:14:13+00:00","mainEntityOfPage":{"@id":"https:\/\/www.rafanadalacademy.com\/ca\/rafa-nadal-academy-by-movistar-ca\/comenca-el-rafa-nadal-open-by-movistar-martin-landaluce-la-millor-carta-espanyola\/"},"wordCount":505,"image":{"@id":"https:\/\/www.rafanadalacademy.com\/ca\/rafa-nadal-academy-by-movistar-ca\/comenca-el-rafa-nadal-open-by-movistar-martin-landaluce-la-millor-carta-espanyola\/#primaryimage"},"thumbnailUrl":"https:\/\/www.rafanadalacademy.com\/wp-content\/uploads\/2025\/08\/Venue_ATP-Challenger-RNA-2024_1588-1.jpg","keywords":["RAFA NADAL ACADEMY BY MOVISTAR","RAFA NADAL OPEN BY MOVISTAR"],"articleSection":["Not\u00edcies","RAFA NADAL ACADEMY BY MOVISTAR","RAFA NADAL OPEN"],"inLanguage":"ca","copyrightYear":"2025","copyrightHolder":{"@id":"https:\/\/www.rafanadalacademy.com\/#organization"}},{"@type":"WebPage","@id":"https:\/\/www.rafanadalacademy.com\/ca\/rafa-nadal-academy-by-movistar-ca\/comenca-el-rafa-nadal-open-by-movistar-martin-landaluce-la-millor-carta-espanyola\/","url":"https:\/\/www.rafanadalacademy.com\/ca\/rafa-nadal-academy-by-movistar-ca\/comenca-el-rafa-nadal-open-by-movistar-martin-landaluce-la-millor-carta-espanyola\/","name":"Comen\u00e7a el Rafa Nadal Open by Movistar: Martin Landaluce, la millor carta espanyola - Rafa Nadal Academy","isPartOf":{"@id":"https:\/\/www.rafanadalacademy.com\/ca\/#website"},"primaryImageOfPage":{"@id":"https:\/\/www.rafanadalacademy.com\/ca\/rafa-nadal-academy-by-movistar-ca\/comenca-el-rafa-nadal-open-by-movistar-martin-landaluce-la-millor-carta-espanyola\/#primaryimage"},"image":{"@id":"https:\/\/www.rafanadalacademy.com\/ca\/rafa-nadal-academy-by-movistar-ca\/comenca-el-rafa-nadal-open-by-movistar-martin-landaluce-la-millor-carta-espanyola\/#primaryimage"},"thumbnailUrl":"https:\/\/www.rafanadalacademy.com\/wp-content\/uploads\/2025\/08\/Venue_ATP-Challenger-RNA-2024_1588-1.jpg","datePublished":"2025-08-25T12:01:57+00:00","dateModified":"2025-08-25T12:14:13+00:00","author":{"@id":"https:\/\/www.rafanadalacademy.com\/ca\/#\/schema\/person\/744897d6ee269641fff954376180ef01"},"description":"El Rafa Nadal Open by Movistar es disputa del 25 al 31 d'agost la setena edici\u00f3, consolidat ja com un esdeveniment de refer\u00e8ncia dins del circuit ATP Challenger Tour. Com aconseguir la teva entrada? Descarrega-la gratu\u00eftament","breadcrumb":{"@id":"https:\/\/www.rafanadalacademy.com\/ca\/rafa-nadal-academy-by-movistar-ca\/comenca-el-rafa-nadal-open-by-movistar-martin-landaluce-la-millor-carta-espanyola\/#breadcrumb"},"inLanguage":"ca","potentialAction":[{"@type":"ReadAction","target":["https:\/\/www.rafanadalacademy.com\/ca\/rafa-nadal-academy-by-movistar-ca\/comenca-el-rafa-nadal-open-by-movistar-martin-landaluce-la-millor-carta-espanyola\/"]}]},{"@type":"ImageObject","inLanguage":"ca","@id":"https:\/\/www.rafanadalacademy.com\/ca\/rafa-nadal-academy-by-movistar-ca\/comenca-el-rafa-nadal-open-by-movistar-martin-landaluce-la-millor-carta-espanyola\/#primaryimage","url":"https:\/\/www.rafanadalacademy.com\/wp-content\/uploads\/2025\/08\/Venue_ATP-Challenger-RNA-2024_1588-1.jpg","contentUrl":"https:\/\/www.rafanadalacademy.com\/wp-content\/uploads\/2025\/08\/Venue_ATP-Challenger-RNA-2024_1588-1.jpg","width":2560,"height":1707,"caption":"La Rafa Nadal Academy durante el Rafa Nadal Open by Movistar"},{"@type":"BreadcrumbList","@id":"https:\/\/www.rafanadalacademy.com\/ca\/rafa-nadal-academy-by-movistar-ca\/comenca-el-rafa-nadal-open-by-movistar-martin-landaluce-la-millor-carta-espanyola\/#breadcrumb","itemListElement":[{"@type":"ListItem","position":1,"name":"Home","item":"https:\/\/www.rafanadalacademy.com\/ca\/"},{"@type":"ListItem","position":2,"name":"Comen\u00e7a el Rafa Nadal Open by Movistar: Martin Landaluce, la millor carta espanyola"}]},{"@type":"WebSite","@id":"https:\/\/www.rafanadalacademy.com\/ca\/#website","url":"https:\/\/www.rafanadalacademy.com\/ca\/","name":"Rafa Nadal Academy","description":"Otro sitio realizado con WordPress","potentialAction":[{"@type":"SearchAction","target":{"@type":"EntryPoint","urlTemplate":"https:\/\/www.rafanadalacademy.com\/ca\/?s={search_term_string}"},"query-input":{"@type":"PropertyValueSpecification","valueRequired":true,"valueName":"search_term_string"}}],"inLanguage":"ca"},{"@type":"Person","@id":"https:\/\/www.rafanadalacademy.com\/ca\/#\/schema\/person\/744897d6ee269641fff954376180ef01","name":"joseluisprados","image":{"@type":"ImageObject","inLanguage":"ca","@id":"https:\/\/www.rafanadalacademy.com\/ca\/#\/schema\/person\/image\/","url":"https:\/\/secure.gravatar.com\/avatar\/8aa823a6e5501864ffab4785d9e2a994b59c2d45c9f9751c5a532abfec081e5f?s=96&d=mm&r=g","contentUrl":"https:\/\/secure.gravatar.com\/avatar\/8aa823a6e5501864ffab4785d9e2a994b59c2d45c9f9751c5a532abfec081e5f?s=96&d=mm&r=g","caption":"joseluisprados"},"url":"https:\/\/www.rafanadalacademy.com\/ca\/author\/joseluisprados\/"},{"@type":"ImageObject","inLanguage":"ca","@id":"https:\/\/www.rafanadalacademy.com\/ca\/rafa-nadal-academy-by-movistar-ca\/comenca-el-rafa-nadal-open-by-movistar-martin-landaluce-la-millor-carta-espanyola\/#local-main-organization-logo","url":"","contentUrl":"","caption":"Rafa Nadal Academy"}]}},"_links":{"self":[{"href":"https:\/\/www.rafanadalacademy.com\/ca\/wp-json\/wp\/v2\/posts\/31060","targetHints":{"allow":["GET"]}}],"collection":[{"href":"https:\/\/www.rafanadalacademy.com\/ca\/wp-json\/wp\/v2\/posts"}],"about":[{"href":"https:\/\/www.rafanadalacademy.com\/ca\/wp-json\/wp\/v2\/types\/post"}],"author":[{"embeddable":true,"href":"https:\/\/www.rafanadalacademy.com\/ca\/wp-json\/wp\/v2\/users\/23"}],"replies":[{"embeddable":true,"href":"https:\/\/www.rafanadalacademy.com\/ca\/wp-json\/wp\/v2\/comments?post=31060"}],"version-history":[{"count":1,"href":"https:\/\/www.rafanadalacademy.com\/ca\/wp-json\/wp\/v2\/posts\/31060\/revisions"}],"predecessor-version":[{"id":31061,"href":"https:\/\/www.rafanadalacademy.com\/ca\/wp-json\/wp\/v2\/posts\/31060\/revisions\/31061"}],"wp:featuredmedia":[{"embeddable":true,"href":"https:\/\/www.rafanadalacademy.com\/ca\/wp-json\/wp\/v2\/media\/31050"}],"wp:attachment":[{"href":"https:\/\/www.rafanadalacademy.com\/ca\/wp-json\/wp\/v2\/media?parent=31060"}],"wp:term":[{"taxonomy":"category","embeddable":true,"href":"https:\/\/www.rafanadalacademy.com\/ca\/wp-json\/wp\/v2\/categories?post=31060"},{"taxonomy":"post_tag","embeddable":true,"href":"https:\/\/www.rafanadalacademy.com\/ca\/wp-json\/wp\/v2\/tags?post=31060"}],"curies":[{"name":"wp","href":"https:\/\/api.w.org\/{rel}","templated":true}]}}