{"id":31036,"date":"2025-08-25T08:39:07","date_gmt":"2025-08-25T08:39:07","guid":{"rendered":"https:\/\/www.rafanadalacademy.com\/sin-categorizar\/eva-longoria-visita-la-rafa-nadal-academy-by-movistar\/"},"modified":"2025-08-26T08:07:58","modified_gmt":"2025-08-26T08:07:58","slug":"eva-longoria-visita-la-rafa-nadal-academy-by-movistar","status":"publish","type":"post","link":"https:\/\/www.rafanadalacademy.com\/ca\/noticies\/eva-longoria-visita-la-rafa-nadal-academy-by-movistar\/","title":{"rendered":"Eva Longoria visita la Rafa Nadal Academy"},"content":{"rendered":"\n<p>Durant la seva estada a Mallorca, l&#8217;actriu, productora i directora <strong>Eva Longoria<\/strong> ha visitat les <a href=\"https:\/\/www.rafanadalacademy.com\/ca\/installacions\/\">instal\u00b7lacions de la Rafa Nadal Academy<\/a> on a m\u00e9s ha tingut l&#8217;oportunitat de jugar al p\u00e0del.<\/p>\n\n<figure class=\"wp-block-image size-full\"><img decoding=\"async\" src=\"https:\/\/www.rafanadalacademy.com\/wp-content\/uploads\/2025\/08\/RNA_230825_Eva-Longoria-y-Maribel_001-scaled-e1756109974710.jpg\" alt=\"Eva Longoria i Maribel Nadal durant la visita a la Rafa Nadal Academy de l'actriu\" class=\"wp-image-30968\"\/><figcaption class=\"wp-element-caption\">Eva Longoria i Maribel Nadal durant la visita a la Rafa Nadal Academy de l&#8217;actriu<\/figcaption><\/figure>\n\n<div style=\"height:57px\" aria-hidden=\"true\" class=\"wp-block-spacer\"><\/div>\n\n<p>La seva amfitriona ha estat <strong>Maribel Nadal<\/strong> , subdirectora general de l&#8217;acad\u00e8mia ia la qual Eva coneix dels seus enfrontaments a la <strong>Hexagon Cup<\/strong> , torneig de p\u00e0del per equips que se celebra anualment a Madrid.  <\/p>\n\n<p>Eva Longoria \u00e9s la propiet\u00e0ria de l&#8217;equip &#8216;Eleven Eleven&#8217;, mentre que Maribel \u00e9s la cara visible de l&#8217;equip Rafa Nadal Academy Team, que va finalitzar subcampi\u00f3 a la darrera edici\u00f3.<\/p>\n\n<div style=\"height:57px\" aria-hidden=\"true\" class=\"wp-block-spacer\"><\/div>\n\n<figure class=\"wp-block-embed is-type-video is-provider-youtube wp-block-embed-youtube wp-embed-aspect-16-9 wp-has-aspect-ratio\"><div class=\"wp-block-embed__wrapper\">\n<iframe loading=\"lazy\" title=\"Eva Longoria visita la Rafa Nadal Academy\" width=\"500\" height=\"281\" src=\"https:\/\/www.youtube.com\/embed\/zkJ3wgkXI0c?feature=oembed\" frameborder=\"0\" allow=\"accelerometer; autoplay; clipboard-write; encrypted-media; gyroscope; picture-in-picture; web-share\" referrerpolicy=\"strict-origin-when-cross-origin\" allowfullscreen><\/iframe>\n<\/div><\/figure>\n\n<div style=\"height:57px\" aria-hidden=\"true\" class=\"wp-block-spacer\"><\/div>\n\n<p>Coneguda pel seu prestigi internacional formant joves tennistes des de la seva obertura el 2016, la Rafa Nadal Academy tamb\u00e9 ha dut a terme una forta aposta pel p\u00e0del, que s&#8217;ha vist consolidada amb l&#8217;ampliaci\u00f3 de les instal\u00b7lacions. Des d&#8217;aquest mes d&#8217;agost, la Rafa Nadal Academy compta amb <strong><a href=\"https:\/\/www.rafanadalacademy.com\/ca\/installacions\/installacions-esportives\/\">3 noves pistes indoor<\/a><\/strong> en un pavell\u00f3 ubicat a l&#8217;epicentre del campus d&#8217;alt rendiment empla\u00e7at a Manacor. <\/p>\n\n<div style=\"height:57px\" aria-hidden=\"true\" class=\"wp-block-spacer\"><\/div>\n\n<figure class=\"wp-block-embed is-type-video is-provider-youtube wp-block-embed-youtube wp-embed-aspect-16-9 wp-has-aspect-ratio\"><div class=\"wp-block-embed__wrapper\">\n<iframe loading=\"lazy\" title=\"La Rafa Nadal Academy inaugura 3 nuevas pistas de p\u00e1del indoor\" width=\"500\" height=\"281\" src=\"https:\/\/www.youtube.com\/embed\/kRnXNBSOqRw?feature=oembed\" frameborder=\"0\" allow=\"accelerometer; autoplay; clipboard-write; encrypted-media; gyroscope; picture-in-picture; web-share\" referrerpolicy=\"strict-origin-when-cross-origin\" allowfullscreen><\/iframe>\n<\/div><\/figure>\n","protected":false},"excerpt":{"rendered":"<p>Durant la seva estada a Mallorca, l&#8217;actriu, productora i directora Eva Longoria ha visitat les instal\u00b7lacions de la Rafa Nadal Academy on a m\u00e9s ha tingut l&#8217;oportunitat de jugar al p\u00e0del. La seva amfitriona ha estat Maribel Nadal , subdirectora general de l&#8217;acad\u00e8mia ia la qual Eva coneix dels seus enfrontaments a la Hexagon Cup<a href=\"https:\/\/www.rafanadalacademy.com\/ca\/noticies\/eva-longoria-visita-la-rafa-nadal-academy-by-movistar\/\">Continue reading <span class=\"sr-only\">&#8220;Eva Longoria visita la Rafa Nadal Academy&#8221;<\/span><\/a><\/p>\n","protected":false},"author":23,"featured_media":31014,"comment_status":"closed","ping_status":"closed","sticky":false,"template":"","format":"standard","meta":{"_acf_changed":false,"footnotes":""},"categories":[157,209],"tags":[210,163],"class_list":["post-31036","post","type-post","status-publish","format-standard","has-post-thumbnail","hentry","category-noticies","category-rafa-nadal-academy-by-movistar-ca","tag-rafa-nadal-academy-by-movistar-ca","tag-rafa-nadal-academy-padel-tour-ca"],"acf":[],"yoast_head":"<!-- This site is optimized with the Yoast SEO Premium plugin v26.8 (Yoast SEO v26.9) - https:\/\/yoast.com\/product\/yoast-seo-premium-wordpress\/ -->\n<title>Eva Longoria visita la Rafa Nadal Academy - Rafa Nadal Academy<\/title>\n<meta name=\"description\" content=\"L&#039;actriu Eva Longoria ha visitat les instal\u00b7lacions de la Rafa Nadal Academy en qu\u00e8 a m\u00e9s ha tingut l&#039;oportunitat de jugar al p\u00e0del.\" \/>\n<meta name=\"robots\" content=\"index, follow, max-snippet:-1, max-image-preview:large, max-video-preview:-1\" \/>\n<link rel=\"canonical\" href=\"https:\/\/www.rafanadalacademy.com\/ca\/noticies\/eva-longoria-visita-la-rafa-nadal-academy-by-movistar\/\" \/>\n<meta property=\"og:locale\" content=\"ca_ES\" \/>\n<meta property=\"og:type\" content=\"article\" \/>\n<meta property=\"og:title\" content=\"Eva Longoria visita la Rafa Nadal Academy\" \/>\n<meta property=\"og:description\" content=\"L&#039;actriu Eva Longoria ha visitat les instal\u00b7lacions de la Rafa Nadal Academy en qu\u00e8 a m\u00e9s ha tingut l&#039;oportunitat de jugar al p\u00e0del.\" \/>\n<meta property=\"og:url\" content=\"https:\/\/www.rafanadalacademy.com\/ca\/noticies\/eva-longoria-visita-la-rafa-nadal-academy-by-movistar\/\" \/>\n<meta property=\"og:site_name\" content=\"Rafa Nadal Academy\" \/>\n<meta property=\"article:published_time\" content=\"2025-08-25T08:39:07+00:00\" \/>\n<meta property=\"article:modified_time\" content=\"2025-08-26T08:07:58+00:00\" \/>\n<meta property=\"og:image\" content=\"https:\/\/www.rafanadalacademy.com\/wp-content\/uploads\/2025\/08\/RNA_230825_Visita-Eva-Longoria-Padel_014-scaled.jpg\" \/>\n\t<meta property=\"og:image:width\" content=\"2560\" \/>\n\t<meta property=\"og:image:height\" content=\"1684\" \/>\n\t<meta property=\"og:image:type\" content=\"image\/jpeg\" \/>\n<meta name=\"author\" content=\"joseluisprados\" \/>\n<meta name=\"twitter:card\" content=\"summary_large_image\" \/>\n<meta name=\"twitter:label1\" content=\"Written by\" \/>\n\t<meta name=\"twitter:data1\" content=\"joseluisprados\" \/>\n\t<meta name=\"twitter:label2\" content=\"Est. reading time\" \/>\n\t<meta name=\"twitter:data2\" content=\"1 minute\" \/>\n<script type=\"application\/ld+json\" class=\"yoast-schema-graph\">{\"@context\":\"https:\/\/schema.org\",\"@graph\":[{\"@type\":\"Article\",\"@id\":\"https:\/\/www.rafanadalacademy.com\/ca\/noticies\/eva-longoria-visita-la-rafa-nadal-academy-by-movistar\/#article\",\"isPartOf\":{\"@id\":\"https:\/\/www.rafanadalacademy.com\/ca\/noticies\/eva-longoria-visita-la-rafa-nadal-academy-by-movistar\/\"},\"author\":{\"name\":\"joseluisprados\",\"@id\":\"https:\/\/www.rafanadalacademy.com\/ca\/#\/schema\/person\/744897d6ee269641fff954376180ef01\"},\"headline\":\"Eva Longoria visita la Rafa Nadal Academy\",\"datePublished\":\"2025-08-25T08:39:07+00:00\",\"dateModified\":\"2025-08-26T08:07:58+00:00\",\"mainEntityOfPage\":{\"@id\":\"https:\/\/www.rafanadalacademy.com\/ca\/noticies\/eva-longoria-visita-la-rafa-nadal-academy-by-movistar\/\"},\"wordCount\":217,\"image\":{\"@id\":\"https:\/\/www.rafanadalacademy.com\/ca\/noticies\/eva-longoria-visita-la-rafa-nadal-academy-by-movistar\/#primaryimage\"},\"thumbnailUrl\":\"https:\/\/www.rafanadalacademy.com\/wp-content\/uploads\/2025\/08\/RNA_230825_Visita-Eva-Longoria-Padel_014-scaled.jpg\",\"keywords\":[\"RAFA NADAL ACADEMY BY MOVISTAR\",\"RAFA NADAL ACADEMY P\u00c0DEL TOUR\"],\"articleSection\":[\"Not\u00edcies\",\"RAFA NADAL ACADEMY BY MOVISTAR\"],\"inLanguage\":\"ca\",\"copyrightYear\":\"2025\",\"copyrightHolder\":{\"@id\":\"https:\/\/www.rafanadalacademy.com\/#organization\"}},{\"@type\":\"WebPage\",\"@id\":\"https:\/\/www.rafanadalacademy.com\/ca\/noticies\/eva-longoria-visita-la-rafa-nadal-academy-by-movistar\/\",\"url\":\"https:\/\/www.rafanadalacademy.com\/ca\/noticies\/eva-longoria-visita-la-rafa-nadal-academy-by-movistar\/\",\"name\":\"Eva Longoria visita la Rafa Nadal Academy - Rafa Nadal Academy\",\"isPartOf\":{\"@id\":\"https:\/\/www.rafanadalacademy.com\/ca\/#website\"},\"primaryImageOfPage\":{\"@id\":\"https:\/\/www.rafanadalacademy.com\/ca\/noticies\/eva-longoria-visita-la-rafa-nadal-academy-by-movistar\/#primaryimage\"},\"image\":{\"@id\":\"https:\/\/www.rafanadalacademy.com\/ca\/noticies\/eva-longoria-visita-la-rafa-nadal-academy-by-movistar\/#primaryimage\"},\"thumbnailUrl\":\"https:\/\/www.rafanadalacademy.com\/wp-content\/uploads\/2025\/08\/RNA_230825_Visita-Eva-Longoria-Padel_014-scaled.jpg\",\"datePublished\":\"2025-08-25T08:39:07+00:00\",\"dateModified\":\"2025-08-26T08:07:58+00:00\",\"author\":{\"@id\":\"https:\/\/www.rafanadalacademy.com\/ca\/#\/schema\/person\/744897d6ee269641fff954376180ef01\"},\"description\":\"L'actriu Eva Longoria ha visitat les instal\u00b7lacions de la Rafa Nadal Academy en qu\u00e8 a m\u00e9s ha tingut l'oportunitat de jugar al p\u00e0del.\",\"breadcrumb\":{\"@id\":\"https:\/\/www.rafanadalacademy.com\/ca\/noticies\/eva-longoria-visita-la-rafa-nadal-academy-by-movistar\/#breadcrumb\"},\"inLanguage\":\"ca\",\"potentialAction\":[{\"@type\":\"ReadAction\",\"target\":[\"https:\/\/www.rafanadalacademy.com\/ca\/noticies\/eva-longoria-visita-la-rafa-nadal-academy-by-movistar\/\"]}]},{\"@type\":\"ImageObject\",\"inLanguage\":\"ca\",\"@id\":\"https:\/\/www.rafanadalacademy.com\/ca\/noticies\/eva-longoria-visita-la-rafa-nadal-academy-by-movistar\/#primaryimage\",\"url\":\"https:\/\/www.rafanadalacademy.com\/wp-content\/uploads\/2025\/08\/RNA_230825_Visita-Eva-Longoria-Padel_014-scaled.jpg\",\"contentUrl\":\"https:\/\/www.rafanadalacademy.com\/wp-content\/uploads\/2025\/08\/RNA_230825_Visita-Eva-Longoria-Padel_014-scaled.jpg\",\"width\":2560,\"height\":1684,\"caption\":\"Eva Longoria, jugando al p\u00e1del, durante la visita de la actriz a la Rafa Nadal Academy\"},{\"@type\":\"BreadcrumbList\",\"@id\":\"https:\/\/www.rafanadalacademy.com\/ca\/noticies\/eva-longoria-visita-la-rafa-nadal-academy-by-movistar\/#breadcrumb\",\"itemListElement\":[{\"@type\":\"ListItem\",\"position\":1,\"name\":\"Home\",\"item\":\"https:\/\/www.rafanadalacademy.com\/ca\/\"},{\"@type\":\"ListItem\",\"position\":2,\"name\":\"Eva Longoria visita la Rafa Nadal Academy\"}]},{\"@type\":\"WebSite\",\"@id\":\"https:\/\/www.rafanadalacademy.com\/ca\/#website\",\"url\":\"https:\/\/www.rafanadalacademy.com\/ca\/\",\"name\":\"Rafa Nadal Academy\",\"description\":\"Otro sitio realizado con WordPress\",\"potentialAction\":[{\"@type\":\"SearchAction\",\"target\":{\"@type\":\"EntryPoint\",\"urlTemplate\":\"https:\/\/www.rafanadalacademy.com\/ca\/?s={search_term_string}\"},\"query-input\":{\"@type\":\"PropertyValueSpecification\",\"valueRequired\":true,\"valueName\":\"search_term_string\"}}],\"inLanguage\":\"ca\"},{\"@type\":\"Person\",\"@id\":\"https:\/\/www.rafanadalacademy.com\/ca\/#\/schema\/person\/744897d6ee269641fff954376180ef01\",\"name\":\"joseluisprados\",\"image\":{\"@type\":\"ImageObject\",\"inLanguage\":\"ca\",\"@id\":\"https:\/\/www.rafanadalacademy.com\/ca\/#\/schema\/person\/image\/\",\"url\":\"https:\/\/secure.gravatar.com\/avatar\/8aa823a6e5501864ffab4785d9e2a994b59c2d45c9f9751c5a532abfec081e5f?s=96&d=mm&r=g\",\"contentUrl\":\"https:\/\/secure.gravatar.com\/avatar\/8aa823a6e5501864ffab4785d9e2a994b59c2d45c9f9751c5a532abfec081e5f?s=96&d=mm&r=g\",\"caption\":\"joseluisprados\"},\"url\":\"https:\/\/www.rafanadalacademy.com\/ca\/author\/joseluisprados\/\"},{\"@type\":\"ImageObject\",\"inLanguage\":\"ca\",\"@id\":\"https:\/\/www.rafanadalacademy.com\/ca\/noticies\/eva-longoria-visita-la-rafa-nadal-academy-by-movistar\/#local-main-organization-logo\",\"url\":\"\",\"contentUrl\":\"\",\"caption\":\"Rafa Nadal Academy\"}]}<\/script>\n<!-- \/ Yoast SEO Premium plugin. -->","yoast_head_json":{"title":"Eva Longoria visita la Rafa Nadal Academy - Rafa Nadal Academy","description":"L'actriu Eva Longoria ha visitat les instal\u00b7lacions de la Rafa Nadal Academy en qu\u00e8 a m\u00e9s ha tingut l'oportunitat de jugar al p\u00e0del.","robots":{"index":"index","follow":"follow","max-snippet":"max-snippet:-1","max-image-preview":"max-image-preview:large","max-video-preview":"max-video-preview:-1"},"canonical":"https:\/\/www.rafanadalacademy.com\/ca\/noticies\/eva-longoria-visita-la-rafa-nadal-academy-by-movistar\/","og_locale":"ca_ES","og_type":"article","og_title":"Eva Longoria visita la Rafa Nadal Academy","og_description":"L'actriu Eva Longoria ha visitat les instal\u00b7lacions de la Rafa Nadal Academy en qu\u00e8 a m\u00e9s ha tingut l'oportunitat de jugar al p\u00e0del.","og_url":"https:\/\/www.rafanadalacademy.com\/ca\/noticies\/eva-longoria-visita-la-rafa-nadal-academy-by-movistar\/","og_site_name":"Rafa Nadal Academy","article_published_time":"2025-08-25T08:39:07+00:00","article_modified_time":"2025-08-26T08:07:58+00:00","og_image":[{"width":2560,"height":1684,"url":"https:\/\/www.rafanadalacademy.com\/wp-content\/uploads\/2025\/08\/RNA_230825_Visita-Eva-Longoria-Padel_014-scaled.jpg","type":"image\/jpeg"}],"author":"joseluisprados","twitter_card":"summary_large_image","twitter_misc":{"Written by":"joseluisprados","Est. reading time":"1 minute"},"schema":{"@context":"https:\/\/schema.org","@graph":[{"@type":"Article","@id":"https:\/\/www.rafanadalacademy.com\/ca\/noticies\/eva-longoria-visita-la-rafa-nadal-academy-by-movistar\/#article","isPartOf":{"@id":"https:\/\/www.rafanadalacademy.com\/ca\/noticies\/eva-longoria-visita-la-rafa-nadal-academy-by-movistar\/"},"author":{"name":"joseluisprados","@id":"https:\/\/www.rafanadalacademy.com\/ca\/#\/schema\/person\/744897d6ee269641fff954376180ef01"},"headline":"Eva Longoria visita la Rafa Nadal Academy","datePublished":"2025-08-25T08:39:07+00:00","dateModified":"2025-08-26T08:07:58+00:00","mainEntityOfPage":{"@id":"https:\/\/www.rafanadalacademy.com\/ca\/noticies\/eva-longoria-visita-la-rafa-nadal-academy-by-movistar\/"},"wordCount":217,"image":{"@id":"https:\/\/www.rafanadalacademy.com\/ca\/noticies\/eva-longoria-visita-la-rafa-nadal-academy-by-movistar\/#primaryimage"},"thumbnailUrl":"https:\/\/www.rafanadalacademy.com\/wp-content\/uploads\/2025\/08\/RNA_230825_Visita-Eva-Longoria-Padel_014-scaled.jpg","keywords":["RAFA NADAL ACADEMY BY MOVISTAR","RAFA NADAL ACADEMY P\u00c0DEL TOUR"],"articleSection":["Not\u00edcies","RAFA NADAL ACADEMY BY MOVISTAR"],"inLanguage":"ca","copyrightYear":"2025","copyrightHolder":{"@id":"https:\/\/www.rafanadalacademy.com\/#organization"}},{"@type":"WebPage","@id":"https:\/\/www.rafanadalacademy.com\/ca\/noticies\/eva-longoria-visita-la-rafa-nadal-academy-by-movistar\/","url":"https:\/\/www.rafanadalacademy.com\/ca\/noticies\/eva-longoria-visita-la-rafa-nadal-academy-by-movistar\/","name":"Eva Longoria visita la Rafa Nadal Academy - Rafa Nadal Academy","isPartOf":{"@id":"https:\/\/www.rafanadalacademy.com\/ca\/#website"},"primaryImageOfPage":{"@id":"https:\/\/www.rafanadalacademy.com\/ca\/noticies\/eva-longoria-visita-la-rafa-nadal-academy-by-movistar\/#primaryimage"},"image":{"@id":"https:\/\/www.rafanadalacademy.com\/ca\/noticies\/eva-longoria-visita-la-rafa-nadal-academy-by-movistar\/#primaryimage"},"thumbnailUrl":"https:\/\/www.rafanadalacademy.com\/wp-content\/uploads\/2025\/08\/RNA_230825_Visita-Eva-Longoria-Padel_014-scaled.jpg","datePublished":"2025-08-25T08:39:07+00:00","dateModified":"2025-08-26T08:07:58+00:00","author":{"@id":"https:\/\/www.rafanadalacademy.com\/ca\/#\/schema\/person\/744897d6ee269641fff954376180ef01"},"description":"L'actriu Eva Longoria ha visitat les instal\u00b7lacions de la Rafa Nadal Academy en qu\u00e8 a m\u00e9s ha tingut l'oportunitat de jugar al p\u00e0del.","breadcrumb":{"@id":"https:\/\/www.rafanadalacademy.com\/ca\/noticies\/eva-longoria-visita-la-rafa-nadal-academy-by-movistar\/#breadcrumb"},"inLanguage":"ca","potentialAction":[{"@type":"ReadAction","target":["https:\/\/www.rafanadalacademy.com\/ca\/noticies\/eva-longoria-visita-la-rafa-nadal-academy-by-movistar\/"]}]},{"@type":"ImageObject","inLanguage":"ca","@id":"https:\/\/www.rafanadalacademy.com\/ca\/noticies\/eva-longoria-visita-la-rafa-nadal-academy-by-movistar\/#primaryimage","url":"https:\/\/www.rafanadalacademy.com\/wp-content\/uploads\/2025\/08\/RNA_230825_Visita-Eva-Longoria-Padel_014-scaled.jpg","contentUrl":"https:\/\/www.rafanadalacademy.com\/wp-content\/uploads\/2025\/08\/RNA_230825_Visita-Eva-Longoria-Padel_014-scaled.jpg","width":2560,"height":1684,"caption":"Eva Longoria, jugando al p\u00e1del, durante la visita de la actriz a la Rafa Nadal Academy"},{"@type":"BreadcrumbList","@id":"https:\/\/www.rafanadalacademy.com\/ca\/noticies\/eva-longoria-visita-la-rafa-nadal-academy-by-movistar\/#breadcrumb","itemListElement":[{"@type":"ListItem","position":1,"name":"Home","item":"https:\/\/www.rafanadalacademy.com\/ca\/"},{"@type":"ListItem","position":2,"name":"Eva Longoria visita la Rafa Nadal Academy"}]},{"@type":"WebSite","@id":"https:\/\/www.rafanadalacademy.com\/ca\/#website","url":"https:\/\/www.rafanadalacademy.com\/ca\/","name":"Rafa Nadal Academy","description":"Otro sitio realizado con WordPress","potentialAction":[{"@type":"SearchAction","target":{"@type":"EntryPoint","urlTemplate":"https:\/\/www.rafanadalacademy.com\/ca\/?s={search_term_string}"},"query-input":{"@type":"PropertyValueSpecification","valueRequired":true,"valueName":"search_term_string"}}],"inLanguage":"ca"},{"@type":"Person","@id":"https:\/\/www.rafanadalacademy.com\/ca\/#\/schema\/person\/744897d6ee269641fff954376180ef01","name":"joseluisprados","image":{"@type":"ImageObject","inLanguage":"ca","@id":"https:\/\/www.rafanadalacademy.com\/ca\/#\/schema\/person\/image\/","url":"https:\/\/secure.gravatar.com\/avatar\/8aa823a6e5501864ffab4785d9e2a994b59c2d45c9f9751c5a532abfec081e5f?s=96&d=mm&r=g","contentUrl":"https:\/\/secure.gravatar.com\/avatar\/8aa823a6e5501864ffab4785d9e2a994b59c2d45c9f9751c5a532abfec081e5f?s=96&d=mm&r=g","caption":"joseluisprados"},"url":"https:\/\/www.rafanadalacademy.com\/ca\/author\/joseluisprados\/"},{"@type":"ImageObject","inLanguage":"ca","@id":"https:\/\/www.rafanadalacademy.com\/ca\/noticies\/eva-longoria-visita-la-rafa-nadal-academy-by-movistar\/#local-main-organization-logo","url":"","contentUrl":"","caption":"Rafa Nadal Academy"}]}},"_links":{"self":[{"href":"https:\/\/www.rafanadalacademy.com\/ca\/wp-json\/wp\/v2\/posts\/31036","targetHints":{"allow":["GET"]}}],"collection":[{"href":"https:\/\/www.rafanadalacademy.com\/ca\/wp-json\/wp\/v2\/posts"}],"about":[{"href":"https:\/\/www.rafanadalacademy.com\/ca\/wp-json\/wp\/v2\/types\/post"}],"author":[{"embeddable":true,"href":"https:\/\/www.rafanadalacademy.com\/ca\/wp-json\/wp\/v2\/users\/23"}],"replies":[{"embeddable":true,"href":"https:\/\/www.rafanadalacademy.com\/ca\/wp-json\/wp\/v2\/comments?post=31036"}],"version-history":[{"count":1,"href":"https:\/\/www.rafanadalacademy.com\/ca\/wp-json\/wp\/v2\/posts\/31036\/revisions"}],"predecessor-version":[{"id":31037,"href":"https:\/\/www.rafanadalacademy.com\/ca\/wp-json\/wp\/v2\/posts\/31036\/revisions\/31037"}],"wp:featuredmedia":[{"embeddable":true,"href":"https:\/\/www.rafanadalacademy.com\/ca\/wp-json\/wp\/v2\/media\/31014"}],"wp:attachment":[{"href":"https:\/\/www.rafanadalacademy.com\/ca\/wp-json\/wp\/v2\/media?parent=31036"}],"wp:term":[{"taxonomy":"category","embeddable":true,"href":"https:\/\/www.rafanadalacademy.com\/ca\/wp-json\/wp\/v2\/categories?post=31036"},{"taxonomy":"post_tag","embeddable":true,"href":"https:\/\/www.rafanadalacademy.com\/ca\/wp-json\/wp\/v2\/tags?post=31036"}],"curies":[{"name":"wp","href":"https:\/\/api.w.org\/{rel}","templated":true}]}}