{"id":30941,"date":"2025-08-21T08:45:56","date_gmt":"2025-08-21T08:45:56","guid":{"rendered":"https:\/\/www.rafanadalacademy.com\/sin-categorizar\/el-rafa-nadal-academy-padel-tour-by-the-adecco-group-arriba-a-sevilla\/"},"modified":"2025-08-21T09:26:36","modified_gmt":"2025-08-21T09:26:36","slug":"el-rafa-nadal-academy-padel-tour-by-the-adecco-group-arriba-a-sevilla","status":"publish","type":"post","link":"https:\/\/www.rafanadalacademy.com\/ca\/noticies\/el-rafa-nadal-academy-padel-tour-by-the-adecco-group-arriba-a-sevilla\/","title":{"rendered":"El Rafa Nadal Academy P\u00e0del Tour by The Adecco Group arriba a Sevilla"},"content":{"rendered":"\n<p>La ciutat de <strong>Sevilla<\/strong> acollir\u00e0, del 12 al 14 de setembre, per primera vegada una prova del <a href=\"https:\/\/rafanadalacademypadeltour.com\/\">Rafa Nadal Academy P\u00e0del Tour by The Adecco Group<\/a> , el circuit de p\u00e0del amateur organitzat per la Rafa Nadal Academy, que combina competici\u00f3, lleure, diversi\u00f3 i valors.<\/p>\n\n<figure class=\"wp-block-image size-full\"><img loading=\"lazy\" decoding=\"async\" width=\"2560\" height=\"1707\" src=\"https:\/\/www.rafanadalacademy.com\/wp-content\/uploads\/2025\/08\/RNA-Padel-Tour-by-The-Adecco-Group-1-scaled.jpg\" alt=\"\" class=\"wp-image-30930\" srcset=\"https:\/\/www.rafanadalacademy.com\/wp-content\/uploads\/2025\/08\/RNA-Padel-Tour-by-The-Adecco-Group-1-scaled.jpg 2560w, https:\/\/www.rafanadalacademy.com\/wp-content\/uploads\/2025\/08\/RNA-Padel-Tour-by-The-Adecco-Group-1-300x200.jpg 300w, https:\/\/www.rafanadalacademy.com\/wp-content\/uploads\/2025\/08\/RNA-Padel-Tour-by-The-Adecco-Group-1-1024x683.jpg 1024w, https:\/\/www.rafanadalacademy.com\/wp-content\/uploads\/2025\/08\/RNA-Padel-Tour-by-The-Adecco-Group-1-768x512.jpg 768w, https:\/\/www.rafanadalacademy.com\/wp-content\/uploads\/2025\/08\/RNA-Padel-Tour-by-The-Adecco-Group-1-1536x1024.jpg 1536w, https:\/\/www.rafanadalacademy.com\/wp-content\/uploads\/2025\/08\/RNA-Padel-Tour-by-The-Adecco-Group-1-2048x1365.jpg 2048w\" sizes=\"auto, (max-width: 2560px) 100vw, 2560px\" \/><\/figure>\n\n<div style=\"height:57px\" aria-hidden=\"true\" class=\"wp-block-spacer\"><\/div>\n\n<p>Sevilla podr\u00e0 gaudir d&#8217;un circuit que l&#8217;any passat va reunir m\u00e9s de 1.000 jugadors i que va ser nominat al premi al <strong>Millor Circuit Amateur de l&#8217;Any<\/strong> als World Padel Awards organitzats anualment per &#8216;P\u00e1del Spain&#8217;.<\/p>\n\n<p>Inspirat en la competici\u00f3 per equips impulsada per l&#8217; <strong>Hexagon Cup<\/strong> , cada equip participant a la cita de Sevilla estar\u00e0 compost per un m\u00ednim de sis jugadors, que formaran tres parelles per eliminat\u00f2ria. Es garanteix, a m\u00e9s, que cada equip disputi almenys dues eliminat\u00f2ries. <\/p>\n\n<div style=\"height:57px\" aria-hidden=\"true\" class=\"wp-block-spacer\"><\/div>\n\n<figure class=\"wp-block-embed is-type-video is-provider-youtube wp-block-embed-youtube wp-embed-aspect-16-9 wp-has-aspect-ratio\"><div class=\"wp-block-embed__wrapper\">\n<iframe loading=\"lazy\" title=\"Arranca el Rafa Nadal Academy P\u00e1del Tour 2025\" width=\"500\" height=\"281\" src=\"https:\/\/www.youtube.com\/embed\/BYoQ8Ml_mmg?feature=oembed\" frameborder=\"0\" allow=\"accelerometer; autoplay; clipboard-write; encrypted-media; gyroscope; picture-in-picture; web-share\" referrerpolicy=\"strict-origin-when-cross-origin\" allowfullscreen><\/iframe>\n<\/div><\/figure>\n\n<div style=\"height:57px\" aria-hidden=\"true\" class=\"wp-block-spacer\"><\/div>\n\n<p>El torneig es disputar\u00e0 a l&#8217; <strong>Ic\u00f2nic Sports &amp; Social<\/strong> , club inaugurat el mes de maig passat i que disposa de 15 pistes de p\u00e0del \u201412 cobertes i 3 exteriors, una infraestructura d&#8217;\u00faltima generaci\u00f3 de 4000 m\u00b2 a la ciutat de Sevilla.<\/p>\n\n<div style=\"height:57px\" aria-hidden=\"true\" class=\"wp-block-spacer\"><\/div>\n\n<figure class=\"wp-block-image size-full\"><a href=\"https:\/\/torneos.metodika.es\/tournaments\/6729300-rna-padel-tour-2025-iconico-sports-social-club-sevilla\"><img loading=\"lazy\" decoding=\"async\" width=\"910\" height=\"413\" src=\"https:\/\/www.rafanadalacademy.com\/wp-content\/uploads\/2025\/08\/Captura-de-pantalla-2025-08-21-102822.png\" alt=\"\" class=\"wp-image-30914\" srcset=\"https:\/\/www.rafanadalacademy.com\/wp-content\/uploads\/2025\/08\/Captura-de-pantalla-2025-08-21-102822.png 910w, https:\/\/www.rafanadalacademy.com\/wp-content\/uploads\/2025\/08\/Captura-de-pantalla-2025-08-21-102822-300x136.png 300w, https:\/\/www.rafanadalacademy.com\/wp-content\/uploads\/2025\/08\/Captura-de-pantalla-2025-08-21-102822-768x349.png 768w\" sizes=\"auto, (max-width: 910px) 100vw, 910px\" \/><\/a><\/figure>\n\n<div style=\"height:57px\" aria-hidden=\"true\" class=\"wp-block-spacer\"><\/div>\n\n<p>El campionat comptar\u00e0 amb dues categories masculines i dues categories femenines, en qu\u00e8 els equips competiran per coronar-se campions i accedir al sorteig d&#8217;una pla\u00e7a per disputar la prova final a Mallorca, a la Rafa Nadal Academy, el proper mes de desembre.<\/p>\n\n<p><strong>Maribel Nada<\/strong>l , subdirectora general de la Rafa Nadal Academy, valora aix\u00ed l&#8217;arribada del Rafa Nadal Academy P\u00e0del Tour by The Adecco Group a Sevilla: \u201cTenim moltes ganes i molta il\u00b7lusi\u00f3 d&#8217;arribar a Sevilla, una ciutat que viu l&#8217;esport d&#8217;una manera molt especial i en la qual estic segura que viurem moments molt especials. que no deixa indiferent ning\u00fa\u201d.<\/p>\n\n<p>Al llarg d&#8217;aquest any, el <strong>Rafa Nadal Academy P\u00e0del Tour by The Adecco Group 2025<\/strong> ja ha recorregut aquest any <strong>Santander<\/strong> , <strong>Madrid<\/strong> , <strong>Barcelona<\/strong> i <strong>Estepona<\/strong> . Despr\u00e9s de la prova de <strong>Sevilla<\/strong> el circuit viatjar\u00e0 a <strong>Val\u00e8ncia<\/strong> i <strong>Gij\u00f3n<\/strong> per culminar a la prova final de <strong>Manacor<\/strong> . Paral\u00b7lelament aquest any ha comen\u00e7at l&#8217;expansi\u00f3 internacional amb un Tour que recorre tamb\u00e9 6 ciutats d&#8217;It\u00e0lia. Tots dos circuits convergiran a la gran final, que se celebrar\u00e0 al desembre a la mateixa <a href=\"https:\/\/rafanadalacademy.com\/\">Rafa Nadal Academy,<\/a> a Mallorca.   <\/p>\n\n<p>Nom\u00e9s per inscriure&#8217;s a la prova, tots els jugadors rebran un <strong>Welcome Pack<\/strong> amb una samarreta Nike, producte ofert per NDL Pro-Health, canelleres Babolat, Galetes Pr\u00edncep i foto protecci\u00f3 de Cant\u00e0bria Labs. A m\u00e9s de les pales BABOLAT que guanyaran els campions, tamb\u00e9 hi haur\u00e0 sortejos i regals oferts per Quir\u00f3nSalud, ZEL i Bezoya, partners del circuit. Els campions a Marbella tamb\u00e9 guanyaran entrades per animar l&#8217;equip de la Rafa Nadal Academy a la Hexagon Cup.<\/p>\n\n<p>Coneguda pel seu prestigi formant joves tennistes des de la seva obertura el 2016, la Rafa Nadal Academy tamb\u00e9 ha apostat pel p\u00e0del gr\u00e0cies al desenvolupament de programes formatius per a joves i per a adults en unes instal\u00b7lacions capdavanteres en qu\u00e8 s&#8217;ubiquen 19 pistes de p\u00e0del (9 pistes exteriors i 10 cobertes). El seu centre de fitness, els seus pioners espais de salut i wellness, la seva \u00e0mplia oferta de restauraci\u00f3 i la seva moderna resid\u00e8ncia fan que la Rafa Nadal. <\/p>\n\n<p>Ara, amb l&#8217;organitzaci\u00f3 del Rafa Nadal Academy Padel Tour by The Adecco Group l&#8217;objectiu \u00e9s donar a con\u00e8ixer els valors, la metodologia i l&#8217;ADN de l&#8217;acad\u00e8mia a l&#8217;entorn del p\u00e0del amateur gr\u00e0cies a un circuit nou que ha arribat per quedar-s&#8217;hi.<\/p>\n\n<figure class=\"wp-block-embed is-type-video is-provider-youtube wp-block-embed-youtube wp-embed-aspect-16-9 wp-has-aspect-ratio\"><div class=\"wp-block-embed__wrapper\">\n<iframe loading=\"lazy\" title=\"La Rafa Nadal Academy inaugura 3 nuevas pistas de p\u00e1del indoor\" width=\"500\" height=\"281\" src=\"https:\/\/www.youtube.com\/embed\/kRnXNBSOqRw?feature=oembed\" frameborder=\"0\" allow=\"accelerometer; autoplay; clipboard-write; encrypted-media; gyroscope; picture-in-picture; web-share\" referrerpolicy=\"strict-origin-when-cross-origin\" allowfullscreen><\/iframe>\n<\/div><\/figure>\n","protected":false},"excerpt":{"rendered":"<p>La ciutat de Sevilla acollir\u00e0, del 12 al 14 de setembre, per primera vegada una prova del Rafa Nadal Academy P\u00e0del Tour by The Adecco Group , el circuit de p\u00e0del amateur organitzat per la Rafa Nadal Academy, que combina competici\u00f3, lleure, diversi\u00f3 i valors. Sevilla podr\u00e0 gaudir d&#8217;un circuit que l&#8217;any passat va reunir<a href=\"https:\/\/www.rafanadalacademy.com\/ca\/noticies\/el-rafa-nadal-academy-padel-tour-by-the-adecco-group-arriba-a-sevilla\/\">Continue reading <span class=\"sr-only\">&#8220;El Rafa Nadal Academy P\u00e0del Tour by The Adecco Group arriba a Sevilla&#8221;<\/span><\/a><\/p>\n","protected":false},"author":23,"featured_media":30931,"comment_status":"closed","ping_status":"closed","sticky":false,"template":"","format":"standard","meta":{"_acf_changed":false,"footnotes":""},"categories":[157,209],"tags":[162,210,163],"class_list":["post-30941","post","type-post","status-publish","format-standard","has-post-thumbnail","hentry","category-noticies","category-rafa-nadal-academy-by-movistar-ca","tag-padel-ca","tag-rafa-nadal-academy-by-movistar-ca","tag-rafa-nadal-academy-padel-tour-ca"],"acf":[],"yoast_head":"<!-- This site is optimized with the Yoast SEO Premium plugin v26.8 (Yoast SEO v26.9) - https:\/\/yoast.com\/product\/yoast-seo-premium-wordpress\/ -->\n<title>El Rafa Nadal Academy P\u00e0del Tour by The Adecco Group arriba a Sevilla - Rafa Nadal Academy<\/title>\n<meta name=\"description\" content=\"Sevilla acollir\u00e0 per primera vegada una prova del Rafa Nadal Academy P\u00e0del Tour by The Adecco Group, el circuit de p\u00e0del amateur organitzat per la Rafa Nadal Academy\" \/>\n<meta name=\"robots\" content=\"index, follow, max-snippet:-1, max-image-preview:large, max-video-preview:-1\" \/>\n<link rel=\"canonical\" href=\"https:\/\/www.rafanadalacademy.com\/ca\/noticies\/el-rafa-nadal-academy-padel-tour-by-the-adecco-group-arriba-a-sevilla\/\" \/>\n<meta property=\"og:locale\" content=\"ca_ES\" \/>\n<meta property=\"og:type\" content=\"article\" \/>\n<meta property=\"og:title\" content=\"El Rafa Nadal Academy P\u00e0del Tour by The Adecco Group arriba a Sevilla\" \/>\n<meta property=\"og:description\" content=\"Sevilla acollir\u00e0 per primera vegada una prova del Rafa Nadal Academy P\u00e0del Tour by The Adecco Group, el circuit de p\u00e0del amateur organitzat per la Rafa Nadal Academy\" \/>\n<meta property=\"og:url\" content=\"https:\/\/www.rafanadalacademy.com\/ca\/noticies\/el-rafa-nadal-academy-padel-tour-by-the-adecco-group-arriba-a-sevilla\/\" \/>\n<meta property=\"og:site_name\" content=\"Rafa Nadal Academy\" \/>\n<meta property=\"article:published_time\" content=\"2025-08-21T08:45:56+00:00\" \/>\n<meta property=\"article:modified_time\" content=\"2025-08-21T09:26:36+00:00\" \/>\n<meta property=\"og:image\" content=\"https:\/\/www.rafanadalacademy.com\/wp-content\/uploads\/2025\/08\/RNA-Padel-Tour-by-The-Adecco-Group-1-scaled.jpg\" \/>\n\t<meta property=\"og:image:width\" content=\"2560\" \/>\n\t<meta property=\"og:image:height\" content=\"1707\" \/>\n\t<meta property=\"og:image:type\" content=\"image\/jpeg\" \/>\n<meta name=\"author\" content=\"joseluisprados\" \/>\n<meta name=\"twitter:card\" content=\"summary_large_image\" \/>\n<meta name=\"twitter:label1\" content=\"Written by\" \/>\n\t<meta name=\"twitter:data1\" content=\"joseluisprados\" \/>\n\t<meta name=\"twitter:label2\" content=\"Est. reading time\" \/>\n\t<meta name=\"twitter:data2\" content=\"3 minutes\" \/>\n<script type=\"application\/ld+json\" class=\"yoast-schema-graph\">{\"@context\":\"https:\/\/schema.org\",\"@graph\":[{\"@type\":\"Article\",\"@id\":\"https:\/\/www.rafanadalacademy.com\/ca\/noticies\/el-rafa-nadal-academy-padel-tour-by-the-adecco-group-arriba-a-sevilla\/#article\",\"isPartOf\":{\"@id\":\"https:\/\/www.rafanadalacademy.com\/ca\/noticies\/el-rafa-nadal-academy-padel-tour-by-the-adecco-group-arriba-a-sevilla\/\"},\"author\":{\"name\":\"joseluisprados\",\"@id\":\"https:\/\/www.rafanadalacademy.com\/ca\/#\/schema\/person\/744897d6ee269641fff954376180ef01\"},\"headline\":\"El Rafa Nadal Academy P\u00e0del Tour by The Adecco Group arriba a Sevilla\",\"datePublished\":\"2025-08-21T08:45:56+00:00\",\"dateModified\":\"2025-08-21T09:26:36+00:00\",\"mainEntityOfPage\":{\"@id\":\"https:\/\/www.rafanadalacademy.com\/ca\/noticies\/el-rafa-nadal-academy-padel-tour-by-the-adecco-group-arriba-a-sevilla\/\"},\"wordCount\":620,\"image\":{\"@id\":\"https:\/\/www.rafanadalacademy.com\/ca\/noticies\/el-rafa-nadal-academy-padel-tour-by-the-adecco-group-arriba-a-sevilla\/#primaryimage\"},\"thumbnailUrl\":\"https:\/\/www.rafanadalacademy.com\/wp-content\/uploads\/2025\/08\/RNA-Padel-Tour-by-The-Adecco-Group-1-scaled.jpg\",\"keywords\":[\"P\u00c0DEL\",\"RAFA NADAL ACADEMY BY MOVISTAR\",\"RAFA NADAL ACADEMY P\u00c0DEL TOUR\"],\"articleSection\":[\"Not\u00edcies\",\"RAFA NADAL ACADEMY BY MOVISTAR\"],\"inLanguage\":\"ca\",\"copyrightYear\":\"2025\",\"copyrightHolder\":{\"@id\":\"https:\/\/www.rafanadalacademy.com\/#organization\"}},{\"@type\":\"WebPage\",\"@id\":\"https:\/\/www.rafanadalacademy.com\/ca\/noticies\/el-rafa-nadal-academy-padel-tour-by-the-adecco-group-arriba-a-sevilla\/\",\"url\":\"https:\/\/www.rafanadalacademy.com\/ca\/noticies\/el-rafa-nadal-academy-padel-tour-by-the-adecco-group-arriba-a-sevilla\/\",\"name\":\"El Rafa Nadal Academy P\u00e0del Tour by The Adecco Group arriba a Sevilla - Rafa Nadal Academy\",\"isPartOf\":{\"@id\":\"https:\/\/www.rafanadalacademy.com\/ca\/#website\"},\"primaryImageOfPage\":{\"@id\":\"https:\/\/www.rafanadalacademy.com\/ca\/noticies\/el-rafa-nadal-academy-padel-tour-by-the-adecco-group-arriba-a-sevilla\/#primaryimage\"},\"image\":{\"@id\":\"https:\/\/www.rafanadalacademy.com\/ca\/noticies\/el-rafa-nadal-academy-padel-tour-by-the-adecco-group-arriba-a-sevilla\/#primaryimage\"},\"thumbnailUrl\":\"https:\/\/www.rafanadalacademy.com\/wp-content\/uploads\/2025\/08\/RNA-Padel-Tour-by-The-Adecco-Group-1-scaled.jpg\",\"datePublished\":\"2025-08-21T08:45:56+00:00\",\"dateModified\":\"2025-08-21T09:26:36+00:00\",\"author\":{\"@id\":\"https:\/\/www.rafanadalacademy.com\/ca\/#\/schema\/person\/744897d6ee269641fff954376180ef01\"},\"description\":\"Sevilla acollir\u00e0 per primera vegada una prova del Rafa Nadal Academy P\u00e0del Tour by The Adecco Group, el circuit de p\u00e0del amateur organitzat per la Rafa Nadal Academy\",\"breadcrumb\":{\"@id\":\"https:\/\/www.rafanadalacademy.com\/ca\/noticies\/el-rafa-nadal-academy-padel-tour-by-the-adecco-group-arriba-a-sevilla\/#breadcrumb\"},\"inLanguage\":\"ca\",\"potentialAction\":[{\"@type\":\"ReadAction\",\"target\":[\"https:\/\/www.rafanadalacademy.com\/ca\/noticies\/el-rafa-nadal-academy-padel-tour-by-the-adecco-group-arriba-a-sevilla\/\"]}]},{\"@type\":\"ImageObject\",\"inLanguage\":\"ca\",\"@id\":\"https:\/\/www.rafanadalacademy.com\/ca\/noticies\/el-rafa-nadal-academy-padel-tour-by-the-adecco-group-arriba-a-sevilla\/#primaryimage\",\"url\":\"https:\/\/www.rafanadalacademy.com\/wp-content\/uploads\/2025\/08\/RNA-Padel-Tour-by-The-Adecco-Group-1-scaled.jpg\",\"contentUrl\":\"https:\/\/www.rafanadalacademy.com\/wp-content\/uploads\/2025\/08\/RNA-Padel-Tour-by-The-Adecco-Group-1-scaled.jpg\",\"width\":2560,\"height\":1707},{\"@type\":\"BreadcrumbList\",\"@id\":\"https:\/\/www.rafanadalacademy.com\/ca\/noticies\/el-rafa-nadal-academy-padel-tour-by-the-adecco-group-arriba-a-sevilla\/#breadcrumb\",\"itemListElement\":[{\"@type\":\"ListItem\",\"position\":1,\"name\":\"Home\",\"item\":\"https:\/\/www.rafanadalacademy.com\/ca\/\"},{\"@type\":\"ListItem\",\"position\":2,\"name\":\"El Rafa Nadal Academy P\u00e0del Tour by The Adecco Group arriba a Sevilla\"}]},{\"@type\":\"WebSite\",\"@id\":\"https:\/\/www.rafanadalacademy.com\/ca\/#website\",\"url\":\"https:\/\/www.rafanadalacademy.com\/ca\/\",\"name\":\"Rafa Nadal Academy\",\"description\":\"Otro sitio realizado con WordPress\",\"potentialAction\":[{\"@type\":\"SearchAction\",\"target\":{\"@type\":\"EntryPoint\",\"urlTemplate\":\"https:\/\/www.rafanadalacademy.com\/ca\/?s={search_term_string}\"},\"query-input\":{\"@type\":\"PropertyValueSpecification\",\"valueRequired\":true,\"valueName\":\"search_term_string\"}}],\"inLanguage\":\"ca\"},{\"@type\":\"Person\",\"@id\":\"https:\/\/www.rafanadalacademy.com\/ca\/#\/schema\/person\/744897d6ee269641fff954376180ef01\",\"name\":\"joseluisprados\",\"image\":{\"@type\":\"ImageObject\",\"inLanguage\":\"ca\",\"@id\":\"https:\/\/www.rafanadalacademy.com\/ca\/#\/schema\/person\/image\/\",\"url\":\"https:\/\/secure.gravatar.com\/avatar\/8aa823a6e5501864ffab4785d9e2a994b59c2d45c9f9751c5a532abfec081e5f?s=96&d=mm&r=g\",\"contentUrl\":\"https:\/\/secure.gravatar.com\/avatar\/8aa823a6e5501864ffab4785d9e2a994b59c2d45c9f9751c5a532abfec081e5f?s=96&d=mm&r=g\",\"caption\":\"joseluisprados\"},\"url\":\"https:\/\/www.rafanadalacademy.com\/ca\/author\/joseluisprados\/\"},{\"@type\":\"ImageObject\",\"inLanguage\":\"ca\",\"@id\":\"https:\/\/www.rafanadalacademy.com\/ca\/noticies\/el-rafa-nadal-academy-padel-tour-by-the-adecco-group-arriba-a-sevilla\/#local-main-organization-logo\",\"url\":\"\",\"contentUrl\":\"\",\"caption\":\"Rafa Nadal Academy\"}]}<\/script>\n<!-- \/ Yoast SEO Premium plugin. -->","yoast_head_json":{"title":"El Rafa Nadal Academy P\u00e0del Tour by The Adecco Group arriba a Sevilla - Rafa Nadal Academy","description":"Sevilla acollir\u00e0 per primera vegada una prova del Rafa Nadal Academy P\u00e0del Tour by The Adecco Group, el circuit de p\u00e0del amateur organitzat per la Rafa Nadal Academy","robots":{"index":"index","follow":"follow","max-snippet":"max-snippet:-1","max-image-preview":"max-image-preview:large","max-video-preview":"max-video-preview:-1"},"canonical":"https:\/\/www.rafanadalacademy.com\/ca\/noticies\/el-rafa-nadal-academy-padel-tour-by-the-adecco-group-arriba-a-sevilla\/","og_locale":"ca_ES","og_type":"article","og_title":"El Rafa Nadal Academy P\u00e0del Tour by The Adecco Group arriba a Sevilla","og_description":"Sevilla acollir\u00e0 per primera vegada una prova del Rafa Nadal Academy P\u00e0del Tour by The Adecco Group, el circuit de p\u00e0del amateur organitzat per la Rafa Nadal Academy","og_url":"https:\/\/www.rafanadalacademy.com\/ca\/noticies\/el-rafa-nadal-academy-padel-tour-by-the-adecco-group-arriba-a-sevilla\/","og_site_name":"Rafa Nadal Academy","article_published_time":"2025-08-21T08:45:56+00:00","article_modified_time":"2025-08-21T09:26:36+00:00","og_image":[{"width":2560,"height":1707,"url":"https:\/\/www.rafanadalacademy.com\/wp-content\/uploads\/2025\/08\/RNA-Padel-Tour-by-The-Adecco-Group-1-scaled.jpg","type":"image\/jpeg"}],"author":"joseluisprados","twitter_card":"summary_large_image","twitter_misc":{"Written by":"joseluisprados","Est. reading time":"3 minutes"},"schema":{"@context":"https:\/\/schema.org","@graph":[{"@type":"Article","@id":"https:\/\/www.rafanadalacademy.com\/ca\/noticies\/el-rafa-nadal-academy-padel-tour-by-the-adecco-group-arriba-a-sevilla\/#article","isPartOf":{"@id":"https:\/\/www.rafanadalacademy.com\/ca\/noticies\/el-rafa-nadal-academy-padel-tour-by-the-adecco-group-arriba-a-sevilla\/"},"author":{"name":"joseluisprados","@id":"https:\/\/www.rafanadalacademy.com\/ca\/#\/schema\/person\/744897d6ee269641fff954376180ef01"},"headline":"El Rafa Nadal Academy P\u00e0del Tour by The Adecco Group arriba a Sevilla","datePublished":"2025-08-21T08:45:56+00:00","dateModified":"2025-08-21T09:26:36+00:00","mainEntityOfPage":{"@id":"https:\/\/www.rafanadalacademy.com\/ca\/noticies\/el-rafa-nadal-academy-padel-tour-by-the-adecco-group-arriba-a-sevilla\/"},"wordCount":620,"image":{"@id":"https:\/\/www.rafanadalacademy.com\/ca\/noticies\/el-rafa-nadal-academy-padel-tour-by-the-adecco-group-arriba-a-sevilla\/#primaryimage"},"thumbnailUrl":"https:\/\/www.rafanadalacademy.com\/wp-content\/uploads\/2025\/08\/RNA-Padel-Tour-by-The-Adecco-Group-1-scaled.jpg","keywords":["P\u00c0DEL","RAFA NADAL ACADEMY BY MOVISTAR","RAFA NADAL ACADEMY P\u00c0DEL TOUR"],"articleSection":["Not\u00edcies","RAFA NADAL ACADEMY BY MOVISTAR"],"inLanguage":"ca","copyrightYear":"2025","copyrightHolder":{"@id":"https:\/\/www.rafanadalacademy.com\/#organization"}},{"@type":"WebPage","@id":"https:\/\/www.rafanadalacademy.com\/ca\/noticies\/el-rafa-nadal-academy-padel-tour-by-the-adecco-group-arriba-a-sevilla\/","url":"https:\/\/www.rafanadalacademy.com\/ca\/noticies\/el-rafa-nadal-academy-padel-tour-by-the-adecco-group-arriba-a-sevilla\/","name":"El Rafa Nadal Academy P\u00e0del Tour by The Adecco Group arriba a Sevilla - Rafa Nadal Academy","isPartOf":{"@id":"https:\/\/www.rafanadalacademy.com\/ca\/#website"},"primaryImageOfPage":{"@id":"https:\/\/www.rafanadalacademy.com\/ca\/noticies\/el-rafa-nadal-academy-padel-tour-by-the-adecco-group-arriba-a-sevilla\/#primaryimage"},"image":{"@id":"https:\/\/www.rafanadalacademy.com\/ca\/noticies\/el-rafa-nadal-academy-padel-tour-by-the-adecco-group-arriba-a-sevilla\/#primaryimage"},"thumbnailUrl":"https:\/\/www.rafanadalacademy.com\/wp-content\/uploads\/2025\/08\/RNA-Padel-Tour-by-The-Adecco-Group-1-scaled.jpg","datePublished":"2025-08-21T08:45:56+00:00","dateModified":"2025-08-21T09:26:36+00:00","author":{"@id":"https:\/\/www.rafanadalacademy.com\/ca\/#\/schema\/person\/744897d6ee269641fff954376180ef01"},"description":"Sevilla acollir\u00e0 per primera vegada una prova del Rafa Nadal Academy P\u00e0del Tour by The Adecco Group, el circuit de p\u00e0del amateur organitzat per la Rafa Nadal Academy","breadcrumb":{"@id":"https:\/\/www.rafanadalacademy.com\/ca\/noticies\/el-rafa-nadal-academy-padel-tour-by-the-adecco-group-arriba-a-sevilla\/#breadcrumb"},"inLanguage":"ca","potentialAction":[{"@type":"ReadAction","target":["https:\/\/www.rafanadalacademy.com\/ca\/noticies\/el-rafa-nadal-academy-padel-tour-by-the-adecco-group-arriba-a-sevilla\/"]}]},{"@type":"ImageObject","inLanguage":"ca","@id":"https:\/\/www.rafanadalacademy.com\/ca\/noticies\/el-rafa-nadal-academy-padel-tour-by-the-adecco-group-arriba-a-sevilla\/#primaryimage","url":"https:\/\/www.rafanadalacademy.com\/wp-content\/uploads\/2025\/08\/RNA-Padel-Tour-by-The-Adecco-Group-1-scaled.jpg","contentUrl":"https:\/\/www.rafanadalacademy.com\/wp-content\/uploads\/2025\/08\/RNA-Padel-Tour-by-The-Adecco-Group-1-scaled.jpg","width":2560,"height":1707},{"@type":"BreadcrumbList","@id":"https:\/\/www.rafanadalacademy.com\/ca\/noticies\/el-rafa-nadal-academy-padel-tour-by-the-adecco-group-arriba-a-sevilla\/#breadcrumb","itemListElement":[{"@type":"ListItem","position":1,"name":"Home","item":"https:\/\/www.rafanadalacademy.com\/ca\/"},{"@type":"ListItem","position":2,"name":"El Rafa Nadal Academy P\u00e0del Tour by The Adecco Group arriba a Sevilla"}]},{"@type":"WebSite","@id":"https:\/\/www.rafanadalacademy.com\/ca\/#website","url":"https:\/\/www.rafanadalacademy.com\/ca\/","name":"Rafa Nadal Academy","description":"Otro sitio realizado con WordPress","potentialAction":[{"@type":"SearchAction","target":{"@type":"EntryPoint","urlTemplate":"https:\/\/www.rafanadalacademy.com\/ca\/?s={search_term_string}"},"query-input":{"@type":"PropertyValueSpecification","valueRequired":true,"valueName":"search_term_string"}}],"inLanguage":"ca"},{"@type":"Person","@id":"https:\/\/www.rafanadalacademy.com\/ca\/#\/schema\/person\/744897d6ee269641fff954376180ef01","name":"joseluisprados","image":{"@type":"ImageObject","inLanguage":"ca","@id":"https:\/\/www.rafanadalacademy.com\/ca\/#\/schema\/person\/image\/","url":"https:\/\/secure.gravatar.com\/avatar\/8aa823a6e5501864ffab4785d9e2a994b59c2d45c9f9751c5a532abfec081e5f?s=96&d=mm&r=g","contentUrl":"https:\/\/secure.gravatar.com\/avatar\/8aa823a6e5501864ffab4785d9e2a994b59c2d45c9f9751c5a532abfec081e5f?s=96&d=mm&r=g","caption":"joseluisprados"},"url":"https:\/\/www.rafanadalacademy.com\/ca\/author\/joseluisprados\/"},{"@type":"ImageObject","inLanguage":"ca","@id":"https:\/\/www.rafanadalacademy.com\/ca\/noticies\/el-rafa-nadal-academy-padel-tour-by-the-adecco-group-arriba-a-sevilla\/#local-main-organization-logo","url":"","contentUrl":"","caption":"Rafa Nadal Academy"}]}},"_links":{"self":[{"href":"https:\/\/www.rafanadalacademy.com\/ca\/wp-json\/wp\/v2\/posts\/30941","targetHints":{"allow":["GET"]}}],"collection":[{"href":"https:\/\/www.rafanadalacademy.com\/ca\/wp-json\/wp\/v2\/posts"}],"about":[{"href":"https:\/\/www.rafanadalacademy.com\/ca\/wp-json\/wp\/v2\/types\/post"}],"author":[{"embeddable":true,"href":"https:\/\/www.rafanadalacademy.com\/ca\/wp-json\/wp\/v2\/users\/23"}],"replies":[{"embeddable":true,"href":"https:\/\/www.rafanadalacademy.com\/ca\/wp-json\/wp\/v2\/comments?post=30941"}],"version-history":[{"count":1,"href":"https:\/\/www.rafanadalacademy.com\/ca\/wp-json\/wp\/v2\/posts\/30941\/revisions"}],"predecessor-version":[{"id":30942,"href":"https:\/\/www.rafanadalacademy.com\/ca\/wp-json\/wp\/v2\/posts\/30941\/revisions\/30942"}],"wp:featuredmedia":[{"embeddable":true,"href":"https:\/\/www.rafanadalacademy.com\/ca\/wp-json\/wp\/v2\/media\/30931"}],"wp:attachment":[{"href":"https:\/\/www.rafanadalacademy.com\/ca\/wp-json\/wp\/v2\/media?parent=30941"}],"wp:term":[{"taxonomy":"category","embeddable":true,"href":"https:\/\/www.rafanadalacademy.com\/ca\/wp-json\/wp\/v2\/categories?post=30941"},{"taxonomy":"post_tag","embeddable":true,"href":"https:\/\/www.rafanadalacademy.com\/ca\/wp-json\/wp\/v2\/tags?post=30941"}],"curies":[{"name":"wp","href":"https:\/\/api.w.org\/{rel}","templated":true}]}}