{"id":17035,"date":"2024-07-18T12:06:51","date_gmt":"2024-07-18T12:06:51","guid":{"rendered":"https:\/\/www.rafanadalacademy.com\/sin-categorizar\/al-rafa-nadal-open-by-movistar-et-sents-com-en-un-grand-slam\/"},"modified":"2024-07-22T14:10:50","modified_gmt":"2024-07-22T14:10:50","slug":"al-rafa-nadal-open-by-movistar-et-sents-com-en-un-grand-slam","status":"publish","type":"post","link":"https:\/\/www.rafanadalacademy.com\/ca\/rafa-nadal-open-ca\/al-rafa-nadal-open-by-movistar-et-sents-com-en-un-grand-slam\/","title":{"rendered":"&#8220;AL RAFA NADAL OPEN BY MOVISTAR ET SENTS COM EN UN GRAND SLAM&#8221;"},"content":{"rendered":"\n<p>El Rafa Nadal Open by Movistar segueix creixent i cada edici\u00f3 es consolida com un torneig referent al calendari del circuit ATP Challenger Tour. El mateix Rafa Nadal es mostra sempre molt orgull\u00f3s d&#8217;aquest esdeveniment: \u201c\u00c9s un orgull que se celebri un esdeveniment d&#8217;aquestes caracter\u00edstiques a l&#8217;Acad\u00e8mia significa molt que alguns dels millors jugadors del m\u00f3n juguin aquest torneig any rere any i veure com el torneig s&#8217;assenta al calendari del circuit. Hi ha molta feina darrere d&#8217;aquest torneig i ens alegra veure&#8217;l cr\u00e9ixer\u201d. <\/p>\n\n<p><\/p>\n\n<p>Qu\u00e8 significa per als jugadors disputar aquest esdeveniment a Manacor i poder optar a guanyar el t\u00edtol a \u201cla casa de Rafa\u201d? Alguns dels tennistes que han passat pel torneig al llarg d&#8217;aquests cinc anys han valorat de manera molt positiva el seu pas per un esdeveniment que cada cop va agafant m\u00e9s pes al calendari del circuit ATP Challenger Tour i les instal\u00b7lacions del qual (la Rafa Nadal Academy) segueixen creixent i demostrant ser id\u00f2nies per allotjar esdeveniments de primer nivell. <\/p>\n\n<p><\/p>\n\n<p><strong>Luca Nardi<\/strong> (campi\u00f3 2022): \u201cDel torneig destaquen moltes coses entre d&#8217;altres la gran disponibilitat de pistes, a la Rafa Nadal Academy. Hi ha tantes pistes que, \u00e9s molt m\u00e9s f\u00e0cil! A m\u00e9s, s\u00f3c itali\u00e0 i per mi el menjar \u00e9s molt important, i he de dir que es menja molt b\u00e9\u201d.<\/p>\n\n<p><\/p>\n\n<p><strong>Lukas Roso<\/strong> l (2022): \u201cEl lloc \u00e9s bonic, el temps \u00e9s bo, hi ha moltes pistes i tot \u00e9s al mateix lloc. Crec que \u00e9s bo per als jugadors joves tenir un lloc aix\u00ed on aprendre i jugar a tennis\u201d<\/p>\n\n<p><\/p>\n\n<p><strong>Dani M\u00e9rida<\/strong> (2022): L&#8217;Acad\u00e8mia \u00e9s incre\u00efble, cada any ha anat creixent i cada any ofereix coses noves, per\u00f2 des que va comen\u00e7ar \u00e9s una acad\u00e8mia espectacular que t\u00e9 un munt de pistes, el restaurant i l&#8217;hotel estan molt b\u00e9. Ho resumiria dient que \u00e9s el lloc perfecte per als amants del tennis.<\/p>\n\n<p><\/p>\n\n<p><strong>Nicol\u00e1s \u00c1lvarez Varona<\/strong> (2022): \u201cL&#8217;Acad\u00e8mia ho t\u00e9 tot: \u00e9s molt moderna \u00e9s molt completa i la veritat que per als jugadors \u00e9s molt c\u00f2mode jugar un torneig aqu\u00ed\u201d.<\/p>\n\n<p><\/p>\n\n<p><strong>Andy Murray<\/strong> (2019): \u201cJa he estat aqu\u00ed diverses vegades, per\u00f2 l&#8217;Acad\u00e8mia no estava del tot acabada. \u00c9s una oportunitat poder tornar a ser aqu\u00ed, l&#8217;hotel est\u00e0 molt b\u00e9, el gimn\u00e0s est\u00e0 molt preparat i pensant en la competici\u00f3 \u00e9s una sort que tot est\u00e0 tan a prop. Estan fent una feina fant\u00e0stica\u201d.<\/p>\n\n<p><\/p>\n\n<p><strong>Pablo And\u00fajar<\/strong> (2018): \u201cLes instal\u00b7lacions s\u00f3n espectaculars, el museu \u00e9s molt bonic, tot aqu\u00ed \u00e9s a l&#8217;al\u00e7ada de Rafa. Probablement estiguem al millor centre de tot Espanya i per a tots els jugadors que estem aqu\u00ed al quadre \u00e9s un honor poder participar aqu\u00ed. Est\u00e0 tot pensat per al jugador i la fam\u00edlia: La proximitat tant de les pistes, com del restaurant o l&#8217;habitaci\u00f3 \u00e9s el somni de qualsevol durant un torneig. Sincerament penso que \u00e9s una acad\u00e8mia espectacular i sent Rafa el \u201ccap\u201d tampoc em sorprendr\u00e0 que tot estigui perfecte\u201d.<\/p>\n\n<p><\/p>\n\n<p><strong>Carlos Alcaraz<\/strong> (2019): \u201cLes instal\u00b7lacions s\u00f3n impressionants, les habitacions i les pistes s\u00f3n incre\u00efbles, nom\u00e9s ho puc resumir dient que tot aqu\u00ed \u00e9s incre\u00efble\u201d.<\/p>\n\n<p><\/p>\n\n<p><strong>Fernando Verdasco<\/strong> (2021): \u201cConec Rafa des que ell tenia 14 anys i des de llavors les nostres carreres han estat paral\u00b7leles, coincidint en tots els tornejos durant 20 anys. Estic molt content de ser aqu\u00ed i \u00e9s una sort comptar amb tot aquest p\u00fablic que ens est\u00e0 venint a animar\u201d.<\/p>\n\n<p><\/p>\n\n<p><strong>Luckas Lacko<\/strong> (2021): \u201cSi comparo el nivell d&#8217;aquest torneig amb el de la resta de Challengers, aquest t\u00e9 un nivell molt alt. No m&#8217;esperava aquest nivell d&#8217;organitzaci\u00f3 i instal\u00b7lacions, estic molt impressionat amb tot el que passa aqu\u00ed, hauria de ser un torneig de m\u00e9s categoria. Aqu\u00ed tot \u00e9s espectacular\u201d.<\/p>\n\n<p><\/p>\n\n<p><strong>Feliciano L\u00f3pez<\/strong> (2023): \u201cAquest \u00e9s un lloc molt especial i tant de bo jo de petit hagu\u00e9s tingut l&#8217;oportunitat de poder entrenar-se en un lloc com aquest. La realitat \u00e9s que \u00e9s molt c\u00f2mode tenir-ho tot accessible: l&#8217;escola, les pistes, un gran equip de professionals. Estic molt content d&#8217;haver pogut passar aqu\u00ed m\u00e9s d&#8217;una setmana entrenant, ha estat una experi\u00e8ncia molt positiva per a mi\u201d.  <\/p>\n\n<p><\/p>\n\n<p><strong>Yaroslav Denim<\/strong> , recent finalista a Wimbledon Junior, (2022): \u201cTinc incre\u00efbles sensacions jugant aqu\u00ed, des d&#8217;ara la sento com casa meva, vull agrair a la Rafa Nadal Academy per l&#8217;oportunitat de jugar. No ser\u00e0 el meu darrer torneig aqu\u00ed, estic segur que jugar\u00e9 molts m\u00e9s tornejos aqu\u00ed\u201d.<\/p>\n\n<p><\/p>\n\n<p><strong>Carlos Berlocq<\/strong> (2019): \u201c\u00c9s incre\u00efble poder estar aqu\u00ed a l&#8217;Acad\u00e8mia de Rafa, \u00e9s el meu \u00eddol esportiu i vaig tenir la sort de poder enfrontar-m&#8217;hi diverses vegades. Vull agrair al torneig perqu\u00e8 des que vaig arribar em van tractar de meravella, aqu\u00ed et sents com si estiguessis en un Grand Slam\u201d.<\/p>\n\n<p><\/p>\n\n<p><strong>Matteo Viola<\/strong> (2019): \u201caquest torneig per a mi \u00e9s molt important, com sempre intentar\u00e9 jugar-lo al 100%. Estic molt content i espero poder jugar molts m\u00e9s partits aqu\u00ed a Mallorca perqu\u00e8 m&#8217;agrada molt\u201d.<\/p>\n\n<p><\/p>\n\n<p>Descarrega ja les entrades GRATIS per al torneig a trav\u00e9s del web <a href=\"https:\/\/www.rafanadalopen.com\/\" target=\"_blank\" rel=\"noreferrer noopener\">https:\/\/www.rafanadalopen.com\/<\/a><\/p>\n\n<figure class=\"wp-block-embed is-type-video is-provider-youtube wp-block-embed-youtube wp-embed-aspect-16-9 wp-has-aspect-ratio\"><div class=\"wp-block-embed__wrapper\"> \n<iframe loading=\"lazy\" title=\"Los jugadores valoran el Rafa Nadal Open\" width=\"500\" height=\"281\" src=\"https:\/\/www.youtube.com\/embed\/uecBqBEdWxU?feature=oembed\" frameborder=\"0\" allow=\"accelerometer; autoplay; clipboard-write; encrypted-media; gyroscope; picture-in-picture; web-share\" referrerpolicy=\"strict-origin-when-cross-origin\" allowfullscreen><\/iframe>\n <\/div><\/figure>\n\n<p><\/p>\n\n<p><\/p>\n\n<p><\/p>\n","protected":false},"excerpt":{"rendered":"<p>Qu\u00e8 significa per als jugadors disputar aquest esdeveniment a Manacor i poder optar a guanyar el t\u00edtol a \u201cla casa de Rafa\u201d?<\/p>\n","protected":false},"author":16,"featured_media":16993,"comment_status":"closed","ping_status":"closed","sticky":false,"template":"","format":"standard","meta":{"_acf_changed":false,"footnotes":""},"categories":[157,153,1],"tags":[154],"class_list":["post-17035","post","type-post","status-publish","format-standard","has-post-thumbnail","hentry","category-noticies","category-rafa-nadal-open-ca","category-sin-categorizar","tag-rafa-nadal-open-ca"],"acf":[],"yoast_head":"<!-- This site is optimized with the Yoast SEO Premium plugin v26.8 (Yoast SEO v26.9) - https:\/\/yoast.com\/product\/yoast-seo-premium-wordpress\/ -->\n<title>&quot;AL RAFA NADAL OPEN BY MOVISTAR ET SENTS COM EN UN GRAND SLAM&quot; - Rafa Nadal Academy<\/title>\n<meta name=\"description\" content=\"El Rafa Nadal Open by Movistar segueix creixent i cada edici\u00f3 es consolida com un torneig referent al calendari del circuit ATP Challenger Tour.\" \/>\n<meta name=\"robots\" content=\"index, follow, max-snippet:-1, max-image-preview:large, max-video-preview:-1\" \/>\n<link rel=\"canonical\" href=\"https:\/\/www.rafanadalacademy.com\/ca\/rafa-nadal-open-ca\/al-rafa-nadal-open-by-movistar-et-sents-com-en-un-grand-slam\/\" \/>\n<meta property=\"og:locale\" content=\"ca_ES\" \/>\n<meta property=\"og:type\" content=\"article\" \/>\n<meta property=\"og:title\" content=\"&quot;AL RAFA NADAL OPEN BY MOVISTAR ET SENTS COM EN UN GRAND SLAM&quot;\" \/>\n<meta property=\"og:description\" content=\"El Rafa Nadal Open by Movistar segueix creixent i cada edici\u00f3 es consolida com un torneig referent al calendari del circuit ATP Challenger Tour.\" \/>\n<meta property=\"og:url\" content=\"https:\/\/www.rafanadalacademy.com\/ca\/rafa-nadal-open-ca\/al-rafa-nadal-open-by-movistar-et-sents-com-en-un-grand-slam\/\" \/>\n<meta property=\"og:site_name\" content=\"Rafa Nadal Academy\" \/>\n<meta property=\"article:published_time\" content=\"2024-07-18T12:06:51+00:00\" \/>\n<meta property=\"article:modified_time\" content=\"2024-07-22T14:10:50+00:00\" \/>\n<meta property=\"og:image\" content=\"https:\/\/www.rafanadalacademy.com\/wp-content\/uploads\/2024\/07\/Zizou-Bergs-IV-RNO-2022-Alvaro-Diaz_2655-1-1.jpg\" \/>\n\t<meta property=\"og:image:width\" content=\"1999\" \/>\n\t<meta property=\"og:image:height\" content=\"1233\" \/>\n\t<meta property=\"og:image:type\" content=\"image\/jpeg\" \/>\n<meta name=\"author\" content=\"Israel Qu\u00edlez\" \/>\n<meta name=\"twitter:card\" content=\"summary_large_image\" \/>\n<meta name=\"twitter:label1\" content=\"Written by\" \/>\n\t<meta name=\"twitter:data1\" content=\"Israel Qu\u00edlez\" \/>\n\t<meta name=\"twitter:label2\" content=\"Est. reading time\" \/>\n\t<meta name=\"twitter:data2\" content=\"4 minutes\" \/>\n<script type=\"application\/ld+json\" class=\"yoast-schema-graph\">{\"@context\":\"https:\/\/schema.org\",\"@graph\":[{\"@type\":\"Article\",\"@id\":\"https:\/\/www.rafanadalacademy.com\/ca\/rafa-nadal-open-ca\/al-rafa-nadal-open-by-movistar-et-sents-com-en-un-grand-slam\/#article\",\"isPartOf\":{\"@id\":\"https:\/\/www.rafanadalacademy.com\/ca\/rafa-nadal-open-ca\/al-rafa-nadal-open-by-movistar-et-sents-com-en-un-grand-slam\/\"},\"author\":{\"name\":\"Israel Qu\u00edlez\",\"@id\":\"https:\/\/www.rafanadalacademy.com\/ca\/#\/schema\/person\/6c564552da694b40f47417226d9eaa49\"},\"headline\":\"&#8220;AL RAFA NADAL OPEN BY MOVISTAR ET SENTS COM EN UN GRAND SLAM&#8221;\",\"datePublished\":\"2024-07-18T12:06:51+00:00\",\"dateModified\":\"2024-07-22T14:10:50+00:00\",\"mainEntityOfPage\":{\"@id\":\"https:\/\/www.rafanadalacademy.com\/ca\/rafa-nadal-open-ca\/al-rafa-nadal-open-by-movistar-et-sents-com-en-un-grand-slam\/\"},\"wordCount\":897,\"image\":{\"@id\":\"https:\/\/www.rafanadalacademy.com\/ca\/rafa-nadal-open-ca\/al-rafa-nadal-open-by-movistar-et-sents-com-en-un-grand-slam\/#primaryimage\"},\"thumbnailUrl\":\"https:\/\/www.rafanadalacademy.com\/wp-content\/uploads\/2024\/07\/Zizou-Bergs-IV-RNO-2022-Alvaro-Diaz_2655-1-1.jpg\",\"keywords\":[\"RAFA NADAL OPEN\"],\"articleSection\":[\"Not\u00edcies\",\"RAFA NADAL OPEN\",\"Sin categorizar\"],\"inLanguage\":\"ca\",\"copyrightYear\":\"2024\",\"copyrightHolder\":{\"@id\":\"https:\/\/www.rafanadalacademy.com\/#organization\"}},{\"@type\":\"WebPage\",\"@id\":\"https:\/\/www.rafanadalacademy.com\/ca\/rafa-nadal-open-ca\/al-rafa-nadal-open-by-movistar-et-sents-com-en-un-grand-slam\/\",\"url\":\"https:\/\/www.rafanadalacademy.com\/ca\/rafa-nadal-open-ca\/al-rafa-nadal-open-by-movistar-et-sents-com-en-un-grand-slam\/\",\"name\":\"\\\"AL RAFA NADAL OPEN BY MOVISTAR ET SENTS COM EN UN GRAND SLAM\\\" - Rafa Nadal Academy\",\"isPartOf\":{\"@id\":\"https:\/\/www.rafanadalacademy.com\/ca\/#website\"},\"primaryImageOfPage\":{\"@id\":\"https:\/\/www.rafanadalacademy.com\/ca\/rafa-nadal-open-ca\/al-rafa-nadal-open-by-movistar-et-sents-com-en-un-grand-slam\/#primaryimage\"},\"image\":{\"@id\":\"https:\/\/www.rafanadalacademy.com\/ca\/rafa-nadal-open-ca\/al-rafa-nadal-open-by-movistar-et-sents-com-en-un-grand-slam\/#primaryimage\"},\"thumbnailUrl\":\"https:\/\/www.rafanadalacademy.com\/wp-content\/uploads\/2024\/07\/Zizou-Bergs-IV-RNO-2022-Alvaro-Diaz_2655-1-1.jpg\",\"datePublished\":\"2024-07-18T12:06:51+00:00\",\"dateModified\":\"2024-07-22T14:10:50+00:00\",\"author\":{\"@id\":\"https:\/\/www.rafanadalacademy.com\/ca\/#\/schema\/person\/6c564552da694b40f47417226d9eaa49\"},\"description\":\"El Rafa Nadal Open by Movistar segueix creixent i cada edici\u00f3 es consolida com un torneig referent al calendari del circuit ATP Challenger Tour.\",\"breadcrumb\":{\"@id\":\"https:\/\/www.rafanadalacademy.com\/ca\/rafa-nadal-open-ca\/al-rafa-nadal-open-by-movistar-et-sents-com-en-un-grand-slam\/#breadcrumb\"},\"inLanguage\":\"ca\",\"potentialAction\":[{\"@type\":\"ReadAction\",\"target\":[\"https:\/\/www.rafanadalacademy.com\/ca\/rafa-nadal-open-ca\/al-rafa-nadal-open-by-movistar-et-sents-com-en-un-grand-slam\/\"]}]},{\"@type\":\"ImageObject\",\"inLanguage\":\"ca\",\"@id\":\"https:\/\/www.rafanadalacademy.com\/ca\/rafa-nadal-open-ca\/al-rafa-nadal-open-by-movistar-et-sents-com-en-un-grand-slam\/#primaryimage\",\"url\":\"https:\/\/www.rafanadalacademy.com\/wp-content\/uploads\/2024\/07\/Zizou-Bergs-IV-RNO-2022-Alvaro-Diaz_2655-1-1.jpg\",\"contentUrl\":\"https:\/\/www.rafanadalacademy.com\/wp-content\/uploads\/2024\/07\/Zizou-Bergs-IV-RNO-2022-Alvaro-Diaz_2655-1-1.jpg\",\"width\":1999,\"height\":1233},{\"@type\":\"BreadcrumbList\",\"@id\":\"https:\/\/www.rafanadalacademy.com\/ca\/rafa-nadal-open-ca\/al-rafa-nadal-open-by-movistar-et-sents-com-en-un-grand-slam\/#breadcrumb\",\"itemListElement\":[{\"@type\":\"ListItem\",\"position\":1,\"name\":\"Home\",\"item\":\"https:\/\/www.rafanadalacademy.com\/ca\/\"},{\"@type\":\"ListItem\",\"position\":2,\"name\":\"\u00abAL RAFA NADAL OPEN BY MOVISTAR ET SENTS COM EN UN GRAND SLAM\u00bb\"}]},{\"@type\":\"WebSite\",\"@id\":\"https:\/\/www.rafanadalacademy.com\/ca\/#website\",\"url\":\"https:\/\/www.rafanadalacademy.com\/ca\/\",\"name\":\"Rafa Nadal Academy\",\"description\":\"Otro sitio realizado con WordPress\",\"potentialAction\":[{\"@type\":\"SearchAction\",\"target\":{\"@type\":\"EntryPoint\",\"urlTemplate\":\"https:\/\/www.rafanadalacademy.com\/ca\/?s={search_term_string}\"},\"query-input\":{\"@type\":\"PropertyValueSpecification\",\"valueRequired\":true,\"valueName\":\"search_term_string\"}}],\"inLanguage\":\"ca\"},{\"@type\":\"Person\",\"@id\":\"https:\/\/www.rafanadalacademy.com\/ca\/#\/schema\/person\/6c564552da694b40f47417226d9eaa49\",\"name\":\"Israel Qu\u00edlez\",\"image\":{\"@type\":\"ImageObject\",\"inLanguage\":\"ca\",\"@id\":\"https:\/\/www.rafanadalacademy.com\/ca\/#\/schema\/person\/image\/\",\"url\":\"https:\/\/secure.gravatar.com\/avatar\/c5bf9fac74c4144cfb6da68b87be83ee928f960f7054a862746ab29036031a9d?s=96&d=mm&r=g\",\"contentUrl\":\"https:\/\/secure.gravatar.com\/avatar\/c5bf9fac74c4144cfb6da68b87be83ee928f960f7054a862746ab29036031a9d?s=96&d=mm&r=g\",\"caption\":\"Israel Qu\u00edlez\"},\"url\":\"https:\/\/www.rafanadalacademy.com\/ca\/author\/isr3l\/\"},{\"@type\":\"ImageObject\",\"inLanguage\":\"ca\",\"@id\":\"https:\/\/www.rafanadalacademy.com\/ca\/rafa-nadal-open-ca\/al-rafa-nadal-open-by-movistar-et-sents-com-en-un-grand-slam\/#local-main-organization-logo\",\"url\":\"\",\"contentUrl\":\"\",\"caption\":\"Rafa Nadal Academy\"}]}<\/script>\n<!-- \/ Yoast SEO Premium plugin. -->","yoast_head_json":{"title":"\"AL RAFA NADAL OPEN BY MOVISTAR ET SENTS COM EN UN GRAND SLAM\" - Rafa Nadal Academy","description":"El Rafa Nadal Open by Movistar segueix creixent i cada edici\u00f3 es consolida com un torneig referent al calendari del circuit ATP Challenger Tour.","robots":{"index":"index","follow":"follow","max-snippet":"max-snippet:-1","max-image-preview":"max-image-preview:large","max-video-preview":"max-video-preview:-1"},"canonical":"https:\/\/www.rafanadalacademy.com\/ca\/rafa-nadal-open-ca\/al-rafa-nadal-open-by-movistar-et-sents-com-en-un-grand-slam\/","og_locale":"ca_ES","og_type":"article","og_title":"\"AL RAFA NADAL OPEN BY MOVISTAR ET SENTS COM EN UN GRAND SLAM\"","og_description":"El Rafa Nadal Open by Movistar segueix creixent i cada edici\u00f3 es consolida com un torneig referent al calendari del circuit ATP Challenger Tour.","og_url":"https:\/\/www.rafanadalacademy.com\/ca\/rafa-nadal-open-ca\/al-rafa-nadal-open-by-movistar-et-sents-com-en-un-grand-slam\/","og_site_name":"Rafa Nadal Academy","article_published_time":"2024-07-18T12:06:51+00:00","article_modified_time":"2024-07-22T14:10:50+00:00","og_image":[{"width":1999,"height":1233,"url":"https:\/\/www.rafanadalacademy.com\/wp-content\/uploads\/2024\/07\/Zizou-Bergs-IV-RNO-2022-Alvaro-Diaz_2655-1-1.jpg","type":"image\/jpeg"}],"author":"Israel Qu\u00edlez","twitter_card":"summary_large_image","twitter_misc":{"Written by":"Israel Qu\u00edlez","Est. reading time":"4 minutes"},"schema":{"@context":"https:\/\/schema.org","@graph":[{"@type":"Article","@id":"https:\/\/www.rafanadalacademy.com\/ca\/rafa-nadal-open-ca\/al-rafa-nadal-open-by-movistar-et-sents-com-en-un-grand-slam\/#article","isPartOf":{"@id":"https:\/\/www.rafanadalacademy.com\/ca\/rafa-nadal-open-ca\/al-rafa-nadal-open-by-movistar-et-sents-com-en-un-grand-slam\/"},"author":{"name":"Israel Qu\u00edlez","@id":"https:\/\/www.rafanadalacademy.com\/ca\/#\/schema\/person\/6c564552da694b40f47417226d9eaa49"},"headline":"&#8220;AL RAFA NADAL OPEN BY MOVISTAR ET SENTS COM EN UN GRAND SLAM&#8221;","datePublished":"2024-07-18T12:06:51+00:00","dateModified":"2024-07-22T14:10:50+00:00","mainEntityOfPage":{"@id":"https:\/\/www.rafanadalacademy.com\/ca\/rafa-nadal-open-ca\/al-rafa-nadal-open-by-movistar-et-sents-com-en-un-grand-slam\/"},"wordCount":897,"image":{"@id":"https:\/\/www.rafanadalacademy.com\/ca\/rafa-nadal-open-ca\/al-rafa-nadal-open-by-movistar-et-sents-com-en-un-grand-slam\/#primaryimage"},"thumbnailUrl":"https:\/\/www.rafanadalacademy.com\/wp-content\/uploads\/2024\/07\/Zizou-Bergs-IV-RNO-2022-Alvaro-Diaz_2655-1-1.jpg","keywords":["RAFA NADAL OPEN"],"articleSection":["Not\u00edcies","RAFA NADAL OPEN","Sin categorizar"],"inLanguage":"ca","copyrightYear":"2024","copyrightHolder":{"@id":"https:\/\/www.rafanadalacademy.com\/#organization"}},{"@type":"WebPage","@id":"https:\/\/www.rafanadalacademy.com\/ca\/rafa-nadal-open-ca\/al-rafa-nadal-open-by-movistar-et-sents-com-en-un-grand-slam\/","url":"https:\/\/www.rafanadalacademy.com\/ca\/rafa-nadal-open-ca\/al-rafa-nadal-open-by-movistar-et-sents-com-en-un-grand-slam\/","name":"\"AL RAFA NADAL OPEN BY MOVISTAR ET SENTS COM EN UN GRAND SLAM\" - Rafa Nadal Academy","isPartOf":{"@id":"https:\/\/www.rafanadalacademy.com\/ca\/#website"},"primaryImageOfPage":{"@id":"https:\/\/www.rafanadalacademy.com\/ca\/rafa-nadal-open-ca\/al-rafa-nadal-open-by-movistar-et-sents-com-en-un-grand-slam\/#primaryimage"},"image":{"@id":"https:\/\/www.rafanadalacademy.com\/ca\/rafa-nadal-open-ca\/al-rafa-nadal-open-by-movistar-et-sents-com-en-un-grand-slam\/#primaryimage"},"thumbnailUrl":"https:\/\/www.rafanadalacademy.com\/wp-content\/uploads\/2024\/07\/Zizou-Bergs-IV-RNO-2022-Alvaro-Diaz_2655-1-1.jpg","datePublished":"2024-07-18T12:06:51+00:00","dateModified":"2024-07-22T14:10:50+00:00","author":{"@id":"https:\/\/www.rafanadalacademy.com\/ca\/#\/schema\/person\/6c564552da694b40f47417226d9eaa49"},"description":"El Rafa Nadal Open by Movistar segueix creixent i cada edici\u00f3 es consolida com un torneig referent al calendari del circuit ATP Challenger Tour.","breadcrumb":{"@id":"https:\/\/www.rafanadalacademy.com\/ca\/rafa-nadal-open-ca\/al-rafa-nadal-open-by-movistar-et-sents-com-en-un-grand-slam\/#breadcrumb"},"inLanguage":"ca","potentialAction":[{"@type":"ReadAction","target":["https:\/\/www.rafanadalacademy.com\/ca\/rafa-nadal-open-ca\/al-rafa-nadal-open-by-movistar-et-sents-com-en-un-grand-slam\/"]}]},{"@type":"ImageObject","inLanguage":"ca","@id":"https:\/\/www.rafanadalacademy.com\/ca\/rafa-nadal-open-ca\/al-rafa-nadal-open-by-movistar-et-sents-com-en-un-grand-slam\/#primaryimage","url":"https:\/\/www.rafanadalacademy.com\/wp-content\/uploads\/2024\/07\/Zizou-Bergs-IV-RNO-2022-Alvaro-Diaz_2655-1-1.jpg","contentUrl":"https:\/\/www.rafanadalacademy.com\/wp-content\/uploads\/2024\/07\/Zizou-Bergs-IV-RNO-2022-Alvaro-Diaz_2655-1-1.jpg","width":1999,"height":1233},{"@type":"BreadcrumbList","@id":"https:\/\/www.rafanadalacademy.com\/ca\/rafa-nadal-open-ca\/al-rafa-nadal-open-by-movistar-et-sents-com-en-un-grand-slam\/#breadcrumb","itemListElement":[{"@type":"ListItem","position":1,"name":"Home","item":"https:\/\/www.rafanadalacademy.com\/ca\/"},{"@type":"ListItem","position":2,"name":"\u00abAL RAFA NADAL OPEN BY MOVISTAR ET SENTS COM EN UN GRAND SLAM\u00bb"}]},{"@type":"WebSite","@id":"https:\/\/www.rafanadalacademy.com\/ca\/#website","url":"https:\/\/www.rafanadalacademy.com\/ca\/","name":"Rafa Nadal Academy","description":"Otro sitio realizado con WordPress","potentialAction":[{"@type":"SearchAction","target":{"@type":"EntryPoint","urlTemplate":"https:\/\/www.rafanadalacademy.com\/ca\/?s={search_term_string}"},"query-input":{"@type":"PropertyValueSpecification","valueRequired":true,"valueName":"search_term_string"}}],"inLanguage":"ca"},{"@type":"Person","@id":"https:\/\/www.rafanadalacademy.com\/ca\/#\/schema\/person\/6c564552da694b40f47417226d9eaa49","name":"Israel Qu\u00edlez","image":{"@type":"ImageObject","inLanguage":"ca","@id":"https:\/\/www.rafanadalacademy.com\/ca\/#\/schema\/person\/image\/","url":"https:\/\/secure.gravatar.com\/avatar\/c5bf9fac74c4144cfb6da68b87be83ee928f960f7054a862746ab29036031a9d?s=96&d=mm&r=g","contentUrl":"https:\/\/secure.gravatar.com\/avatar\/c5bf9fac74c4144cfb6da68b87be83ee928f960f7054a862746ab29036031a9d?s=96&d=mm&r=g","caption":"Israel Qu\u00edlez"},"url":"https:\/\/www.rafanadalacademy.com\/ca\/author\/isr3l\/"},{"@type":"ImageObject","inLanguage":"ca","@id":"https:\/\/www.rafanadalacademy.com\/ca\/rafa-nadal-open-ca\/al-rafa-nadal-open-by-movistar-et-sents-com-en-un-grand-slam\/#local-main-organization-logo","url":"","contentUrl":"","caption":"Rafa Nadal Academy"}]}},"_links":{"self":[{"href":"https:\/\/www.rafanadalacademy.com\/ca\/wp-json\/wp\/v2\/posts\/17035","targetHints":{"allow":["GET"]}}],"collection":[{"href":"https:\/\/www.rafanadalacademy.com\/ca\/wp-json\/wp\/v2\/posts"}],"about":[{"href":"https:\/\/www.rafanadalacademy.com\/ca\/wp-json\/wp\/v2\/types\/post"}],"author":[{"embeddable":true,"href":"https:\/\/www.rafanadalacademy.com\/ca\/wp-json\/wp\/v2\/users\/16"}],"replies":[{"embeddable":true,"href":"https:\/\/www.rafanadalacademy.com\/ca\/wp-json\/wp\/v2\/comments?post=17035"}],"version-history":[{"count":1,"href":"https:\/\/www.rafanadalacademy.com\/ca\/wp-json\/wp\/v2\/posts\/17035\/revisions"}],"predecessor-version":[{"id":17036,"href":"https:\/\/www.rafanadalacademy.com\/ca\/wp-json\/wp\/v2\/posts\/17035\/revisions\/17036"}],"wp:featuredmedia":[{"embeddable":true,"href":"https:\/\/www.rafanadalacademy.com\/ca\/wp-json\/wp\/v2\/media\/16993"}],"wp:attachment":[{"href":"https:\/\/www.rafanadalacademy.com\/ca\/wp-json\/wp\/v2\/media?parent=17035"}],"wp:term":[{"taxonomy":"category","embeddable":true,"href":"https:\/\/www.rafanadalacademy.com\/ca\/wp-json\/wp\/v2\/categories?post=17035"},{"taxonomy":"post_tag","embeddable":true,"href":"https:\/\/www.rafanadalacademy.com\/ca\/wp-json\/wp\/v2\/tags?post=17035"}],"curies":[{"name":"wp","href":"https:\/\/api.w.org\/{rel}","templated":true}]}}